{"id":26919,"date":"2019-12-08T01:23:13","date_gmt":"2019-12-08T00:23:13","guid":{"rendered":"https:\/\/www.carmelitaniscalzi.com\/?p=26919\/"},"modified":"2019-12-08T01:23:13","modified_gmt":"2019-12-08T00:23:13","slug":"estudio-de-la-declaracion-carismatica","status":"publish","type":"post","link":"https:\/\/www.carmelitaniscalzi.com\/es\/2019\/12\/08\/estudio-de-la-declaracion-carismatica\/","title":{"rendered":"Estudio de la Declaraci\u00f3n Carism\u00e1tica"},"content":{"rendered":"<p class=\"p1\"><span class=\"s1\">Como se inform\u00f3 en la <i>Carta del Definitorio<\/i> de septiembre (11.09.19), el Definitorio General, dentro del contexto del proceso de relectura de nuestras leyes iniciado tras el Cap\u00edtulo de \u00c1vila (2015) y teniendo en cuenta cuanto aprobado por el Definitorio Extraordinario de Goa (2019), ha preparado un primer borrador de <i>Declaraci\u00f3n Carism\u00e1tica<\/i>, que recoge en gran medida las propuestas realizadas por todas las Circunscripciones de la Orden durante la primera fase del proceso: la relectura de nuestras Constituciones.<\/span><\/p>\n<p class=\"p1\"><span class=\"s1\">El primer paso para la mejora de dicho borrador est\u00e1 siendo la lectura y estudio del mismo por grupos de religiosos de entre 30 y 45 a\u00f1os -como ya se indicaba en la <i>Carta<\/i> citada m\u00e1s arriba- de todas las Circunscripciones, reunidos por \u00e1reas geogr\u00e1ficas.<\/span><\/p>\n<p class=\"p1\"><span class=\"s1\">Las primeras jornadas de estudio han tenido lugar en Am\u00e9rica Latina -concretamente en Villa de Leyva, Colombia-, donde se han reunido 25 religiosos de Latinoam\u00e9rica y el Caribe acompa\u00f1ados de los Definidores Generales Agust\u00ed Borrell y Javier Mena.<\/span><\/p>\n<p class=\"p1\"><span class=\"s1\">Al decir de los participantes, el encuentro se realiz\u00f3 en un ambiente orante, fraterno y de trabajo, lo cual ayud\u00f3 al buen desarrollo del mismo. El trabajo concluy\u00f3 con una buena valoraci\u00f3n de la <i>Declaraci\u00f3n Carism\u00e1tica<\/i> y un compromiso serio de todos los asistentes para compartir en sus circunscripciones el fruto de dicho trabajo.<\/span><\/p>\n<div class=\"wpmf-gallerys wpmf-gallerys-life \" ><div id=\"gallery-1\" class=\"gallery gallery_life wpmf_gallery_default gallery_default  gallery-columns-4 gallery-size-thumbnail gallery-link-file wpmf-has-border-radius-0 wpmf-gutterwidth-5 no_ratio\"><figure class=\"wpmf-gallery-item\" data-index=\"0\"><div class=\"wpmf-gallery-icon\"><div class=\"square_thumbnail\"><div class=\"img_centered\"><a class=\" not_video noLightbox\" data-lightbox=\"1\" data-href=\"https:\/\/www.carmelitaniscalzi.com\/wp-content\/uploads\/2019\/12\/00-1024x768.jpeg\" title=\"00\" target=\"_self\" data-index=\"0\"><img decoding=\"async\" class=\"wpmf_img\" alt=\"00\" src=\"https:\/\/www.carmelitaniscalzi.com\/wp-content\/uploads\/2019\/12\/00-150x150.jpeg\" data-type=\"wpmfgalleryimg\" data-lazy-src=\"https:\/\/www.carmelitaniscalzi.com\/wp-content\/uploads\/2019\/12\/00-150x150.jpeg\"><\/a><\/div><\/div><\/div><\/figure><figure class=\"wpmf-gallery-item\" data-index=\"1\"><div class=\"wpmf-gallery-icon\"><div class=\"square_thumbnail\"><div class=\"img_centered\"><a class=\" not_video noLightbox\" data-lightbox=\"1\" data-href=\"https:\/\/www.carmelitaniscalzi.com\/wp-content\/uploads\/2019\/12\/08-1024x768.jpeg\" title=\"08\" target=\"_self\" data-index=\"1\"><img decoding=\"async\" class=\"wpmf_img\" alt=\"08\" src=\"https:\/\/www.carmelitaniscalzi.com\/wp-content\/uploads\/2019\/12\/08-150x150.jpeg\" data-type=\"wpmfgalleryimg\" data-lazy-src=\"https:\/\/www.carmelitaniscalzi.com\/wp-content\/uploads\/2019\/12\/08-150x150.jpeg\"><\/a><\/div><\/div><\/div><\/figure><figure class=\"wpmf-gallery-item\" data-index=\"2\"><div class=\"wpmf-gallery-icon\"><div class=\"square_thumbnail\"><div class=\"img_centered\"><a class=\" not_video noLightbox\" data-lightbox=\"1\" data-href=\"https:\/\/www.carmelitaniscalzi.com\/wp-content\/uploads\/2019\/12\/07.jpg\" title=\"07\" target=\"_self\" data-index=\"2\"><img decoding=\"async\" class=\"wpmf_img\" alt=\"07\" src=\"https:\/\/www.carmelitaniscalzi.com\/wp-content\/uploads\/2019\/12\/07-150x150.jpg\" data-type=\"wpmfgalleryimg\" data-lazy-src=\"https:\/\/www.carmelitaniscalzi.com\/wp-content\/uploads\/2019\/12\/07-150x150.jpg\"><\/a><\/div><\/div><\/div><\/figure><figure class=\"wpmf-gallery-item\" data-index=\"3\"><div class=\"wpmf-gallery-icon\"><div class=\"square_thumbnail\"><div class=\"img_centered\"><a class=\" not_video noLightbox\" data-lightbox=\"1\" data-href=\"https:\/\/www.carmelitaniscalzi.com\/wp-content\/uploads\/2019\/12\/06.jpg\" title=\"06\" target=\"_self\" data-index=\"3\"><img decoding=\"async\" class=\"wpmf_img\" alt=\"06\" src=\"https:\/\/www.carmelitaniscalzi.com\/wp-content\/uploads\/2019\/12\/06-150x150.jpg\" data-type=\"wpmfgalleryimg\" data-lazy-src=\"https:\/\/www.carmelitaniscalzi.com\/wp-content\/uploads\/2019\/12\/06-150x150.jpg\"><\/a><\/div><\/div><\/div><\/figure><figure class=\"wpmf-gallery-item\" data-index=\"4\"><div class=\"wpmf-gallery-icon\"><div class=\"square_thumbnail\"><div class=\"img_centered\"><a class=\" not_video noLightbox\" data-lightbox=\"1\" data-href=\"https:\/\/www.carmelitaniscalzi.com\/wp-content\/uploads\/2019\/12\/05.jpg\" title=\"05\" target=\"_self\" data-index=\"4\"><img decoding=\"async\" class=\"wpmf_img\" alt=\"05\" src=\"https:\/\/www.carmelitaniscalzi.com\/wp-content\/uploads\/2019\/12\/05-150x150.jpg\" data-type=\"wpmfgalleryimg\" data-lazy-src=\"https:\/\/www.carmelitaniscalzi.com\/wp-content\/uploads\/2019\/12\/05-150x150.jpg\"><\/a><\/div><\/div><\/div><\/figure><figure class=\"wpmf-gallery-item\" data-index=\"5\"><div class=\"wpmf-gallery-icon\"><div class=\"square_thumbnail\"><div class=\"img_centered\"><a class=\" not_video noLightbox\" data-lightbox=\"1\" data-href=\"https:\/\/www.carmelitaniscalzi.com\/wp-content\/uploads\/2019\/12\/04a.jpg\" title=\"04a\" target=\"_self\" data-index=\"5\"><img decoding=\"async\" class=\"wpmf_img\" alt=\"04a\" src=\"https:\/\/www.carmelitaniscalzi.com\/wp-content\/uploads\/2019\/12\/04a-150x150.jpg\" data-type=\"wpmfgalleryimg\" data-lazy-src=\"https:\/\/www.carmelitaniscalzi.com\/wp-content\/uploads\/2019\/12\/04a-150x150.jpg\"><\/a><\/div><\/div><\/div><\/figure><figure class=\"wpmf-gallery-item\" data-index=\"6\"><div class=\"wpmf-gallery-icon\"><div class=\"square_thumbnail\"><div class=\"img_centered\"><a class=\" not_video noLightbox\" data-lightbox=\"1\" data-href=\"https:\/\/www.carmelitaniscalzi.com\/wp-content\/uploads\/2019\/12\/04.jpg\" title=\"04\" target=\"_self\" data-index=\"6\"><img decoding=\"async\" class=\"wpmf_img\" alt=\"04\" src=\"https:\/\/www.carmelitaniscalzi.com\/wp-content\/uploads\/2019\/12\/04-150x150.jpg\" data-type=\"wpmfgalleryimg\" data-lazy-src=\"https:\/\/www.carmelitaniscalzi.com\/wp-content\/uploads\/2019\/12\/04-150x150.jpg\"><\/a><\/div><\/div><\/div><\/figure><figure class=\"wpmf-gallery-item\" data-index=\"7\"><div class=\"wpmf-gallery-icon\"><div class=\"square_thumbnail\"><div class=\"img_centered\"><a class=\" not_video noLightbox\" data-lightbox=\"1\" data-href=\"https:\/\/www.carmelitaniscalzi.com\/wp-content\/uploads\/2019\/12\/03.jpg\" title=\"03\" target=\"_self\" data-index=\"7\"><img decoding=\"async\" class=\"wpmf_img\" alt=\"03\" src=\"https:\/\/www.carmelitaniscalzi.com\/wp-content\/uploads\/2019\/12\/03-150x150.jpg\" data-type=\"wpmfgalleryimg\" data-lazy-src=\"https:\/\/www.carmelitaniscalzi.com\/wp-content\/uploads\/2019\/12\/03-150x150.jpg\"><\/a><\/div><\/div><\/div><\/figure><figure class=\"wpmf-gallery-item\" data-index=\"8\"><div class=\"wpmf-gallery-icon\"><div class=\"square_thumbnail\"><div class=\"img_centered\"><a class=\" not_video noLightbox\" data-lightbox=\"1\" data-href=\"https:\/\/www.carmelitaniscalzi.com\/wp-content\/uploads\/2019\/12\/02.jpg\" title=\"02\" target=\"_self\" data-index=\"8\"><img decoding=\"async\" class=\"wpmf_img\" alt=\"02\" src=\"https:\/\/www.carmelitaniscalzi.com\/wp-content\/uploads\/2019\/12\/02-150x150.jpg\" data-type=\"wpmfgalleryimg\" data-lazy-src=\"https:\/\/www.carmelitaniscalzi.com\/wp-content\/uploads\/2019\/12\/02-150x150.jpg\"><\/a><\/div><\/div><\/div><\/figure><figure class=\"wpmf-gallery-item\" data-index=\"9\"><div class=\"wpmf-gallery-icon\"><div class=\"square_thumbnail\"><div class=\"img_centered\"><a class=\" not_video noLightbox\" data-lightbox=\"1\" data-href=\"https:\/\/www.carmelitaniscalzi.com\/wp-content\/uploads\/2019\/12\/01.jpg\" title=\"01\" target=\"_self\" data-index=\"9\"><img decoding=\"async\" class=\"wpmf_img\" alt=\"01\" src=\"https:\/\/www.carmelitaniscalzi.com\/wp-content\/uploads\/2019\/12\/01-150x150.jpg\" data-type=\"wpmfgalleryimg\" data-lazy-src=\"https:\/\/www.carmelitaniscalzi.com\/wp-content\/uploads\/2019\/12\/01-150x150.jpg\"><\/a><\/div><\/div><\/div><\/figure><figure class=\"wpmf-gallery-item\" data-index=\"10\"><div class=\"wpmf-gallery-icon\"><div class=\"square_thumbnail\"><div class=\"img_centered\"><a class=\" not_video noLightbox\" data-lightbox=\"1\" data-href=\"https:\/\/www.carmelitaniscalzi.com\/wp-content\/uploads\/2019\/12\/09-1024x768.jpeg\" title=\"09\" target=\"_self\" data-index=\"10\"><img decoding=\"async\" class=\"wpmf_img\" alt=\"09\" src=\"https:\/\/www.carmelitaniscalzi.com\/wp-content\/uploads\/2019\/12\/09-150x150.jpeg\" data-type=\"wpmfgalleryimg\" data-lazy-src=\"https:\/\/www.carmelitaniscalzi.com\/wp-content\/uploads\/2019\/12\/09-150x150.jpeg\"><\/a><\/div><\/div><\/div><\/figure><\/div><\/div>\n","protected":false},"excerpt":{"rendered":"<p>Como se inform\u00f3 en la Carta del Definitorio de septiembre (11.09.19), el Definitorio General, dentro del contexto del proceso de relectura de nuestras leyes iniciado tras el Cap\u00edtulo de \u00c1vila (2015) y teniendo en cuenta cuanto aprobado por el Definitorio Extraordinario de Goa (2019), ha preparado un primer borrador de Declaraci\u00f3n Carism\u00e1tica, que recoge en [&hellip;]<\/p>\n","protected":false},"author":7,"featured_media":26886,"comment_status":"closed","ping_status":"closed","sticky":false,"template":"","format":"standard","meta":{"_acf_changed":false,"footnotes":""},"categories":[171,174,372],"tags":[],"class_list":["post-26919","post","type-post","status-publish","format-standard","has-post-thumbnail","hentry","category-noticias-definidores","category-noticias-frailes","category-noticias"],"acf":[],"yoast_head":"<!-- This site is optimized with the Yoast SEO plugin v26.3 - https:\/\/yoast.com\/wordpress\/plugins\/seo\/ -->\n<title>Estudio de la Declaraci\u00f3n Carism\u00e1tica - CARMELITAS DESCALZOS<\/title>\n<meta name=\"robots\" content=\"index, follow, max-snippet:-1, max-image-preview:large, max-video-preview:-1\" \/>\n<link rel=\"canonical\" href=\"https:\/\/www.carmelitaniscalzi.com\/es\/2019\/12\/08\/estudio-de-la-declaracion-carismatica\/\" \/>\n<meta property=\"og:locale\" content=\"es_ES\" \/>\n<meta property=\"og:type\" content=\"article\" \/>\n<meta property=\"og:title\" content=\"Estudio de la Declaraci\u00f3n Carism\u00e1tica - CARMELITAS DESCALZOS\" \/>\n<meta property=\"og:description\" content=\"Como se inform\u00f3 en la Carta del Definitorio de septiembre (11.09.19), el Definitorio General, dentro del contexto del proceso de relectura de nuestras leyes iniciado tras el Cap\u00edtulo de \u00c1vila (2015) y teniendo en cuenta cuanto aprobado por el Definitorio Extraordinario de Goa (2019), ha preparado un primer borrador de Declaraci\u00f3n Carism\u00e1tica, que recoge en [&hellip;]\" \/>\n<meta property=\"og:url\" content=\"https:\/\/www.carmelitaniscalzi.com\/es\/2019\/12\/08\/estudio-de-la-declaracion-carismatica\/\" \/>\n<meta property=\"og:site_name\" content=\"CARMELITAS DESCALZOS\" \/>\n<meta property=\"article:publisher\" content=\"https:\/\/www.facebook.com\/Curia-Generalizia-Carmelitani-Scalzi-658766940887784\/\" \/>\n<meta property=\"article:published_time\" content=\"2019-12-08T00:23:13+00:00\" \/>\n<meta property=\"og:image\" content=\"https:\/\/www.carmelitaniscalzi.com\/wp-content\/uploads\/2019\/12\/03.jpg\" \/>\n\t<meta property=\"og:image:width\" content=\"960\" \/>\n\t<meta property=\"og:image:height\" content=\"720\" \/>\n\t<meta property=\"og:image:type\" content=\"image\/jpeg\" \/>\n<meta name=\"author\" content=\"ocd web master\" \/>\n<meta name=\"twitter:card\" content=\"summary_large_image\" \/>\n<meta name=\"twitter:creator\" content=\"@ocdcuria\" \/>\n<meta name=\"twitter:site\" content=\"@ocdcuria\" \/>\n<meta name=\"twitter:label1\" content=\"Escrito por\" \/>\n\t<meta name=\"twitter:data1\" content=\"ocd web master\" \/>\n\t<meta name=\"twitter:label2\" content=\"Tiempo de lectura\" \/>\n\t<meta name=\"twitter:data2\" content=\"1 minuto\" \/>\n<script type=\"application\/ld+json\" class=\"yoast-schema-graph\">{\"@context\":\"https:\/\/schema.org\",\"@graph\":[{\"@type\":\"Article\",\"@id\":\"https:\/\/www.carmelitaniscalzi.com\/es\/2019\/12\/08\/estudio-de-la-declaracion-carismatica\/#article\",\"isPartOf\":{\"@id\":\"https:\/\/www.carmelitaniscalzi.com\/es\/2019\/12\/08\/estudio-de-la-declaracion-carismatica\/\"},\"author\":{\"name\":\"ocd web master\",\"@id\":\"https:\/\/www.carmelitaniscalzi.com\/#\/schema\/person\/6d1c0d9bea7b6625c437246a5d6da409\"},\"headline\":\"Estudio de la Declaraci\u00f3n Carism\u00e1tica\",\"datePublished\":\"2019-12-08T00:23:13+00:00\",\"mainEntityOfPage\":{\"@id\":\"https:\/\/www.carmelitaniscalzi.com\/es\/2019\/12\/08\/estudio-de-la-declaracion-carismatica\/\"},\"wordCount\":236,\"publisher\":{\"@id\":\"https:\/\/www.carmelitaniscalzi.com\/#organization\"},\"image\":{\"@id\":\"https:\/\/www.carmelitaniscalzi.com\/es\/2019\/12\/08\/estudio-de-la-declaracion-carismatica\/#primaryimage\"},\"thumbnailUrl\":\"https:\/\/www.carmelitaniscalzi.com\/wp-content\/uploads\/2019\/12\/03.jpg\",\"articleSection\":[\"Noticias Definidores\",\"Noticias Frailes\",\"Noticias\"],\"inLanguage\":\"es\"},{\"@type\":\"WebPage\",\"@id\":\"https:\/\/www.carmelitaniscalzi.com\/es\/2019\/12\/08\/estudio-de-la-declaracion-carismatica\/\",\"url\":\"https:\/\/www.carmelitaniscalzi.com\/es\/2019\/12\/08\/estudio-de-la-declaracion-carismatica\/\",\"name\":\"Estudio de la Declaraci\u00f3n Carism\u00e1tica - CARMELITAS DESCALZOS\",\"isPartOf\":{\"@id\":\"https:\/\/www.carmelitaniscalzi.com\/#website\"},\"primaryImageOfPage\":{\"@id\":\"https:\/\/www.carmelitaniscalzi.com\/es\/2019\/12\/08\/estudio-de-la-declaracion-carismatica\/#primaryimage\"},\"image\":{\"@id\":\"https:\/\/www.carmelitaniscalzi.com\/es\/2019\/12\/08\/estudio-de-la-declaracion-carismatica\/#primaryimage\"},\"thumbnailUrl\":\"https:\/\/www.carmelitaniscalzi.com\/wp-content\/uploads\/2019\/12\/03.jpg\",\"datePublished\":\"2019-12-08T00:23:13+00:00\",\"breadcrumb\":{\"@id\":\"https:\/\/www.carmelitaniscalzi.com\/es\/2019\/12\/08\/estudio-de-la-declaracion-carismatica\/#breadcrumb\"},\"inLanguage\":\"es\",\"potentialAction\":[{\"@type\":\"ReadAction\",\"target\":[\"https:\/\/www.carmelitaniscalzi.com\/es\/2019\/12\/08\/estudio-de-la-declaracion-carismatica\/\"]}]},{\"@type\":\"ImageObject\",\"inLanguage\":\"es\",\"@id\":\"https:\/\/www.carmelitaniscalzi.com\/es\/2019\/12\/08\/estudio-de-la-declaracion-carismatica\/#primaryimage\",\"url\":\"https:\/\/www.carmelitaniscalzi.com\/wp-content\/uploads\/2019\/12\/03.jpg\",\"contentUrl\":\"https:\/\/www.carmelitaniscalzi.com\/wp-content\/uploads\/2019\/12\/03.jpg\",\"width\":960,\"height\":720},{\"@type\":\"BreadcrumbList\",\"@id\":\"https:\/\/www.carmelitaniscalzi.com\/es\/2019\/12\/08\/estudio-de-la-declaracion-carismatica\/#breadcrumb\",\"itemListElement\":[{\"@type\":\"ListItem\",\"position\":1,\"name\":\"Home\",\"item\":\"https:\/\/www.carmelitaniscalzi.com\/es\/\"},{\"@type\":\"ListItem\",\"position\":2,\"name\":\"Estudio de la Declaraci\u00f3n Carism\u00e1tica\"}]},{\"@type\":\"WebSite\",\"@id\":\"https:\/\/www.carmelitaniscalzi.com\/#website\",\"url\":\"https:\/\/www.carmelitaniscalzi.com\/\",\"name\":\"CARMELITANI SCALZI - Curia Generale del Carmelo Teresiano\",\"description\":\"Curia General del Carmelo Teresiano\",\"publisher\":{\"@id\":\"https:\/\/www.carmelitaniscalzi.com\/#organization\"},\"alternateName\":\"CARMELITANI SCALZI\",\"potentialAction\":[{\"@type\":\"SearchAction\",\"target\":{\"@type\":\"EntryPoint\",\"urlTemplate\":\"https:\/\/www.carmelitaniscalzi.com\/?s={search_term_string}\"},\"query-input\":{\"@type\":\"PropertyValueSpecification\",\"valueRequired\":true,\"valueName\":\"search_term_string\"}}],\"inLanguage\":\"es\"},{\"@type\":\"Organization\",\"@id\":\"https:\/\/www.carmelitaniscalzi.com\/#organization\",\"name\":\"CARMELITANI SCALZI - Curia Generale del Carmelo Teresiano\",\"url\":\"https:\/\/www.carmelitaniscalzi.com\/\",\"logo\":{\"@type\":\"ImageObject\",\"inLanguage\":\"es\",\"@id\":\"https:\/\/www.carmelitaniscalzi.com\/#\/schema\/logo\/image\/\",\"url\":\"https:\/\/www.carmelitaniscalzi.com\/wp-content\/uploads\/2025\/11\/login-logo.png\",\"contentUrl\":\"https:\/\/www.carmelitaniscalzi.com\/wp-content\/uploads\/2025\/11\/login-logo.png\",\"width\":256,\"height\":256,\"caption\":\"CARMELITANI SCALZI - Curia Generale del Carmelo Teresiano\"},\"image\":{\"@id\":\"https:\/\/www.carmelitaniscalzi.com\/#\/schema\/logo\/image\/\"},\"sameAs\":[\"https:\/\/www.facebook.com\/Curia-Generalizia-Carmelitani-Scalzi-658766940887784\/\",\"https:\/\/x.com\/ocdcuria\",\"https:\/\/www.youtube.com\/channel\/UC2J5ZL0ycOY0qBSTCLX_NGQ\/videos\",\"https:\/\/www.instagram.com\/ocdinform\/\"]},{\"@type\":\"Person\",\"@id\":\"https:\/\/www.carmelitaniscalzi.com\/#\/schema\/person\/6d1c0d9bea7b6625c437246a5d6da409\",\"name\":\"ocd web master\",\"image\":{\"@type\":\"ImageObject\",\"inLanguage\":\"es\",\"@id\":\"https:\/\/www.carmelitaniscalzi.com\/#\/schema\/person\/image\/\",\"url\":\"https:\/\/secure.gravatar.com\/avatar\/41fbc5f82bad909fbaf2984c43fa50d8519ac5853e25b454d022b6868f80d0e7?s=96&d=mm&r=g\",\"contentUrl\":\"https:\/\/secure.gravatar.com\/avatar\/41fbc5f82bad909fbaf2984c43fa50d8519ac5853e25b454d022b6868f80d0e7?s=96&d=mm&r=g\",\"caption\":\"ocd web master\"},\"url\":\"https:\/\/www.carmelitaniscalzi.com\/es\/author\/ocdwebmaster\/\"}]}<\/script>\n<!-- \/ Yoast SEO plugin. -->","yoast_head_json":{"title":"Estudio de la Declaraci\u00f3n Carism\u00e1tica - CARMELITAS DESCALZOS","robots":{"index":"index","follow":"follow","max-snippet":"max-snippet:-1","max-image-preview":"max-image-preview:large","max-video-preview":"max-video-preview:-1"},"canonical":"https:\/\/www.carmelitaniscalzi.com\/es\/2019\/12\/08\/estudio-de-la-declaracion-carismatica\/","og_locale":"es_ES","og_type":"article","og_title":"Estudio de la Declaraci\u00f3n Carism\u00e1tica - CARMELITAS DESCALZOS","og_description":"Como se inform\u00f3 en la Carta del Definitorio de septiembre (11.09.19), el Definitorio General, dentro del contexto del proceso de relectura de nuestras leyes iniciado tras el Cap\u00edtulo de \u00c1vila (2015) y teniendo en cuenta cuanto aprobado por el Definitorio Extraordinario de Goa (2019), ha preparado un primer borrador de Declaraci\u00f3n Carism\u00e1tica, que recoge en [&hellip;]","og_url":"https:\/\/www.carmelitaniscalzi.com\/es\/2019\/12\/08\/estudio-de-la-declaracion-carismatica\/","og_site_name":"CARMELITAS DESCALZOS","article_publisher":"https:\/\/www.facebook.com\/Curia-Generalizia-Carmelitani-Scalzi-658766940887784\/","article_published_time":"2019-12-08T00:23:13+00:00","og_image":[{"width":960,"height":720,"url":"https:\/\/www.carmelitaniscalzi.com\/wp-content\/uploads\/2019\/12\/03.jpg","type":"image\/jpeg"}],"author":"ocd web master","twitter_card":"summary_large_image","twitter_creator":"@ocdcuria","twitter_site":"@ocdcuria","twitter_misc":{"Escrito por":"ocd web master","Tiempo de lectura":"1 minuto"},"schema":{"@context":"https:\/\/schema.org","@graph":[{"@type":"Article","@id":"https:\/\/www.carmelitaniscalzi.com\/es\/2019\/12\/08\/estudio-de-la-declaracion-carismatica\/#article","isPartOf":{"@id":"https:\/\/www.carmelitaniscalzi.com\/es\/2019\/12\/08\/estudio-de-la-declaracion-carismatica\/"},"author":{"name":"ocd web master","@id":"https:\/\/www.carmelitaniscalzi.com\/#\/schema\/person\/6d1c0d9bea7b6625c437246a5d6da409"},"headline":"Estudio de la Declaraci\u00f3n Carism\u00e1tica","datePublished":"2019-12-08T00:23:13+00:00","mainEntityOfPage":{"@id":"https:\/\/www.carmelitaniscalzi.com\/es\/2019\/12\/08\/estudio-de-la-declaracion-carismatica\/"},"wordCount":236,"publisher":{"@id":"https:\/\/www.carmelitaniscalzi.com\/#organization"},"image":{"@id":"https:\/\/www.carmelitaniscalzi.com\/es\/2019\/12\/08\/estudio-de-la-declaracion-carismatica\/#primaryimage"},"thumbnailUrl":"https:\/\/www.carmelitaniscalzi.com\/wp-content\/uploads\/2019\/12\/03.jpg","articleSection":["Noticias Definidores","Noticias Frailes","Noticias"],"inLanguage":"es"},{"@type":"WebPage","@id":"https:\/\/www.carmelitaniscalzi.com\/es\/2019\/12\/08\/estudio-de-la-declaracion-carismatica\/","url":"https:\/\/www.carmelitaniscalzi.com\/es\/2019\/12\/08\/estudio-de-la-declaracion-carismatica\/","name":"Estudio de la Declaraci\u00f3n Carism\u00e1tica - CARMELITAS DESCALZOS","isPartOf":{"@id":"https:\/\/www.carmelitaniscalzi.com\/#website"},"primaryImageOfPage":{"@id":"https:\/\/www.carmelitaniscalzi.com\/es\/2019\/12\/08\/estudio-de-la-declaracion-carismatica\/#primaryimage"},"image":{"@id":"https:\/\/www.carmelitaniscalzi.com\/es\/2019\/12\/08\/estudio-de-la-declaracion-carismatica\/#primaryimage"},"thumbnailUrl":"https:\/\/www.carmelitaniscalzi.com\/wp-content\/uploads\/2019\/12\/03.jpg","datePublished":"2019-12-08T00:23:13+00:00","breadcrumb":{"@id":"https:\/\/www.carmelitaniscalzi.com\/es\/2019\/12\/08\/estudio-de-la-declaracion-carismatica\/#breadcrumb"},"inLanguage":"es","potentialAction":[{"@type":"ReadAction","target":["https:\/\/www.carmelitaniscalzi.com\/es\/2019\/12\/08\/estudio-de-la-declaracion-carismatica\/"]}]},{"@type":"ImageObject","inLanguage":"es","@id":"https:\/\/www.carmelitaniscalzi.com\/es\/2019\/12\/08\/estudio-de-la-declaracion-carismatica\/#primaryimage","url":"https:\/\/www.carmelitaniscalzi.com\/wp-content\/uploads\/2019\/12\/03.jpg","contentUrl":"https:\/\/www.carmelitaniscalzi.com\/wp-content\/uploads\/2019\/12\/03.jpg","width":960,"height":720},{"@type":"BreadcrumbList","@id":"https:\/\/www.carmelitaniscalzi.com\/es\/2019\/12\/08\/estudio-de-la-declaracion-carismatica\/#breadcrumb","itemListElement":[{"@type":"ListItem","position":1,"name":"Home","item":"https:\/\/www.carmelitaniscalzi.com\/es\/"},{"@type":"ListItem","position":2,"name":"Estudio de la Declaraci\u00f3n Carism\u00e1tica"}]},{"@type":"WebSite","@id":"https:\/\/www.carmelitaniscalzi.com\/#website","url":"https:\/\/www.carmelitaniscalzi.com\/","name":"CARMELITANI SCALZI - Curia Generale del Carmelo Teresiano","description":"Curia General del Carmelo Teresiano","publisher":{"@id":"https:\/\/www.carmelitaniscalzi.com\/#organization"},"alternateName":"CARMELITANI SCALZI","potentialAction":[{"@type":"SearchAction","target":{"@type":"EntryPoint","urlTemplate":"https:\/\/www.carmelitaniscalzi.com\/?s={search_term_string}"},"query-input":{"@type":"PropertyValueSpecification","valueRequired":true,"valueName":"search_term_string"}}],"inLanguage":"es"},{"@type":"Organization","@id":"https:\/\/www.carmelitaniscalzi.com\/#organization","name":"CARMELITANI SCALZI - Curia Generale del Carmelo Teresiano","url":"https:\/\/www.carmelitaniscalzi.com\/","logo":{"@type":"ImageObject","inLanguage":"es","@id":"https:\/\/www.carmelitaniscalzi.com\/#\/schema\/logo\/image\/","url":"https:\/\/www.carmelitaniscalzi.com\/wp-content\/uploads\/2025\/11\/login-logo.png","contentUrl":"https:\/\/www.carmelitaniscalzi.com\/wp-content\/uploads\/2025\/11\/login-logo.png","width":256,"height":256,"caption":"CARMELITANI SCALZI - Curia Generale del Carmelo Teresiano"},"image":{"@id":"https:\/\/www.carmelitaniscalzi.com\/#\/schema\/logo\/image\/"},"sameAs":["https:\/\/www.facebook.com\/Curia-Generalizia-Carmelitani-Scalzi-658766940887784\/","https:\/\/x.com\/ocdcuria","https:\/\/www.youtube.com\/channel\/UC2J5ZL0ycOY0qBSTCLX_NGQ\/videos","https:\/\/www.instagram.com\/ocdinform\/"]},{"@type":"Person","@id":"https:\/\/www.carmelitaniscalzi.com\/#\/schema\/person\/6d1c0d9bea7b6625c437246a5d6da409","name":"ocd web master","image":{"@type":"ImageObject","inLanguage":"es","@id":"https:\/\/www.carmelitaniscalzi.com\/#\/schema\/person\/image\/","url":"https:\/\/secure.gravatar.com\/avatar\/41fbc5f82bad909fbaf2984c43fa50d8519ac5853e25b454d022b6868f80d0e7?s=96&d=mm&r=g","contentUrl":"https:\/\/secure.gravatar.com\/avatar\/41fbc5f82bad909fbaf2984c43fa50d8519ac5853e25b454d022b6868f80d0e7?s=96&d=mm&r=g","caption":"ocd web master"},"url":"https:\/\/www.carmelitaniscalzi.com\/es\/author\/ocdwebmaster\/"}]}},"_links":{"self":[{"href":"https:\/\/www.carmelitaniscalzi.com\/es\/wp-json\/wp\/v2\/posts\/26919","targetHints":{"allow":["GET"]}}],"collection":[{"href":"https:\/\/www.carmelitaniscalzi.com\/es\/wp-json\/wp\/v2\/posts"}],"about":[{"href":"https:\/\/www.carmelitaniscalzi.com\/es\/wp-json\/wp\/v2\/types\/post"}],"author":[{"embeddable":true,"href":"https:\/\/www.carmelitaniscalzi.com\/es\/wp-json\/wp\/v2\/users\/7"}],"replies":[{"embeddable":true,"href":"https:\/\/www.carmelitaniscalzi.com\/es\/wp-json\/wp\/v2\/comments?post=26919"}],"version-history":[{"count":0,"href":"https:\/\/www.carmelitaniscalzi.com\/es\/wp-json\/wp\/v2\/posts\/26919\/revisions"}],"wp:featuredmedia":[{"embeddable":true,"href":"https:\/\/www.carmelitaniscalzi.com\/es\/wp-json\/wp\/v2\/media\/26886"}],"wp:attachment":[{"href":"https:\/\/www.carmelitaniscalzi.com\/es\/wp-json\/wp\/v2\/media?parent=26919"}],"wp:term":[{"taxonomy":"category","embeddable":true,"href":"https:\/\/www.carmelitaniscalzi.com\/es\/wp-json\/wp\/v2\/categories?post=26919"},{"taxonomy":"post_tag","embeddable":true,"href":"https:\/\/www.carmelitaniscalzi.com\/es\/wp-json\/wp\/v2\/tags?post=26919"}],"curies":[{"name":"wp","href":"https:\/\/api.w.org\/{rel}","templated":true}]}}