{"id":25325,"date":"2019-06-20T00:05:29","date_gmt":"2019-06-19T22:05:29","guid":{"rendered":"https:\/\/www.carmelitaniscalzi.com\/?p=25325\/"},"modified":"2019-06-08T10:40:25","modified_gmt":"2019-06-08T08:40:25","slug":"noticias-de-las-carmelitas-descalzas-del-peru","status":"publish","type":"post","link":"https:\/\/www.carmelitaniscalzi.com\/es\/2019\/06\/20\/noticias-de-las-carmelitas-descalzas-del-peru\/","title":{"rendered":"Noticias de las Carmelitas Descalzas del Per\u00fa"},"content":{"rendered":"<p>\u00abLa <strong>Asociaci\u00f3n \u201cNuestra Se\u00f1ora del Carmen<\/strong>\u201d, de monasterios de Carmelitas Descalzas de Per\u00fa, se reuni\u00f3 la semana del 20 al 25 de mayo del a\u00f1o en curso.<\/p>\n<p>Los d\u00edas 20, 21 y 22 de mayo se realiz\u00f3 el Curso para Prioras y delegadas en dos segmentos:<\/p>\n<p>En las ma\u00f1anas tuvimos Conferencias de formaci\u00f3n v\u00eda on line con P. Rafal Wilkowski OCD., secretario del P. General para las monjas, quien desarroll\u00f3 cada d\u00eda temas muy interesantes:<\/p>\n<ul>\n<li><strong>Primer d\u00eda<\/strong>: El servicio de autoridad en la comunidad de las monjas carmelitas descalzas.<\/li>\n<li><strong>Segundo d\u00eda<\/strong>: Formaci\u00f3n humana<\/li>\n<li><strong>Tercer d\u00eda<\/strong>: Proyecto comunitario<\/li>\n<\/ul>\n<p>Las hermanas quedamos muy contentas y agradecidas con P. Rafal por haber aceptado amablemente darnos estas conferencias y por la claridad y sencillez de su exposici\u00f3n. Dios le pague Padre.<\/p>\n<p>Por las tardes estuvimos acompa\u00f1adas de NN.PP. Carmelitas Descalzos, P. Alfredo Amesti, Comisario en el Per\u00fa, P. \u00c1ngel Zapata, Asistente Eclesi\u00e1stico, y P. Pedro Zubieta, Canonista, leyendo y revisando en grupos los textos de nuestros futuros Estatutos, que hab\u00edan sido previamente repartidos para su estudio en las comunidades, a fin de ser presentados a la Asamblea para su aprobaci\u00f3n.<\/p>\n<p>Los d\u00edas 23, 24 y 25 de mayo se realiz\u00f3 la <strong>IX ASAMBLEA ORDINARIA<\/strong>, con la participaci\u00f3n de la totalidad de los monasterios miembros (12) representados por sus Madres Prioras y Delegadas.<\/p>\n<p>En el d\u00eda segundo de la Asamblea, se realizaron las elecciones, siendo elegidas:<\/p>\n<p><strong>Presidenta:<\/strong> M. Liliana de la Sagrada Eucarist\u00eda del monasterio san Jos\u00e9 de Arequipa<\/p>\n<p><strong>Primera Consejera:<\/strong> M. Elena de la Reina del Carmelo del monasterio Nazarenas Carmelitas<\/p>\n<p>Descalzas de Lima.<\/p>\n<p><strong>Segunda Consejera<\/strong>: M. Mar\u00eda Guadalupe del Ni\u00f1o Jes\u00fas del monasterio de Piura<\/p>\n<p><strong>Tercera Consejera<\/strong>: M. Mar\u00eda de Jes\u00fas del monasterio de san Vicente de Ca\u00f1ete<\/p>\n<p><strong>Cuarta Consejera<\/strong>: M. Juana Teresa de la Cruz del monasterio de Ayacucho.<\/p>\n<p><strong>Suplente<\/strong>: M. Ketty de Jes\u00fas del monasterio Nuestra Se\u00f1ora del Carmen, tambi\u00e9n conocido como Carmen Alto de Lima.<\/p>\n<p>Y acorde con los futuros Estatutos que hemos aprobado y que ser\u00e1n presentados a la Sagrada Congregaci\u00f3n para su aprobaci\u00f3n elegimos:<\/p>\n<p><strong>Ec\u00f3noma<\/strong>: M. Edith de Jes\u00fas del monasterio Nuestra Se\u00f1ora del Carmen, tambi\u00e9n conocido como Carmen Alto de Lima.<\/p>\n<p>Pedimos sus oraciones para que el Se\u00f1or y la Virgen del Carmen acompa\u00f1en su caminar en bien de nuestra Asociaci\u00f3n que pronto cambiar\u00e1 su denominaci\u00f3n en Federaci\u00f3n, recordando siempre las palabras de nuestra madre santa Teresa de Jes\u00fas: \u201cAhora comenzamos y procuren ir comenzando siempre de bien en mejor\u201d (F.29, 32)\u00bb<\/p>\n<div class=\"wpmf-gallerys wpmf-gallerys-life \" ><div id=\"gallery-1\" class=\"gallery gallery_life wpmf_gallery_default gallery_default  gallery-columns-3 gallery-size-thumbnail gallery-link-file wpmf-has-border-radius-0 wpmf-gutterwidth-5 no_ratio\"><figure class=\"wpmf-gallery-item\" data-index=\"0\"><div class=\"wpmf-gallery-icon\"><div class=\"square_thumbnail\"><div class=\"img_centered\"><a class=\" not_video noLightbox\" data-lightbox=\"1\" data-href=\"https:\/\/www.carmelitaniscalzi.com\/wp-content\/uploads\/2019\/06\/03-1-1024x480.jpg\" title=\"03\" target=\"_self\" data-index=\"0\"><img decoding=\"async\" class=\"wpmf_img\" alt=\"03\" src=\"https:\/\/www.carmelitaniscalzi.com\/wp-content\/uploads\/2019\/06\/03-1-150x150.jpg\" data-type=\"wpmfgalleryimg\" data-lazy-src=\"https:\/\/www.carmelitaniscalzi.com\/wp-content\/uploads\/2019\/06\/03-1-150x150.jpg\"><\/a><\/div><\/div><\/div><\/figure><figure class=\"wpmf-gallery-item\" data-index=\"1\"><div class=\"wpmf-gallery-icon\"><div class=\"square_thumbnail\"><div class=\"img_centered\"><a class=\" not_video noLightbox\" data-lightbox=\"1\" data-href=\"https:\/\/www.carmelitaniscalzi.com\/wp-content\/uploads\/2019\/06\/04-1.jpg\" title=\"04\" target=\"_self\" data-index=\"1\"><img decoding=\"async\" class=\"wpmf_img\" alt=\"04\" src=\"https:\/\/www.carmelitaniscalzi.com\/wp-content\/uploads\/2019\/06\/04-1-150x150.jpg\" data-type=\"wpmfgalleryimg\" data-lazy-src=\"https:\/\/www.carmelitaniscalzi.com\/wp-content\/uploads\/2019\/06\/04-1-150x150.jpg\"><\/a><\/div><\/div><\/div><\/figure><figure class=\"wpmf-gallery-item\" data-index=\"2\"><div class=\"wpmf-gallery-icon\"><div class=\"square_thumbnail\"><div class=\"img_centered\"><a class=\" not_video noLightbox\" data-lightbox=\"1\" data-href=\"https:\/\/www.carmelitaniscalzi.com\/wp-content\/uploads\/2019\/06\/05.jpg\" title=\"05\" target=\"_self\" data-index=\"2\"><img decoding=\"async\" class=\"wpmf_img\" alt=\"05\" src=\"https:\/\/www.carmelitaniscalzi.com\/wp-content\/uploads\/2019\/06\/05-150x150.jpg\" data-type=\"wpmfgalleryimg\" data-lazy-src=\"https:\/\/www.carmelitaniscalzi.com\/wp-content\/uploads\/2019\/06\/05-150x150.jpg\"><\/a><\/div><\/div><\/div><\/figure><figure class=\"wpmf-gallery-item\" data-index=\"3\"><div class=\"wpmf-gallery-icon\"><div class=\"square_thumbnail\"><div class=\"img_centered\"><a class=\" not_video noLightbox\" data-lightbox=\"1\" data-href=\"https:\/\/www.carmelitaniscalzi.com\/wp-content\/uploads\/2019\/06\/00-1024x543.jpg\" title=\"00\" target=\"_self\" data-index=\"3\"><img decoding=\"async\" class=\"wpmf_img\" alt=\"00\" src=\"https:\/\/www.carmelitaniscalzi.com\/wp-content\/uploads\/2019\/06\/00-150x150.jpg\" data-type=\"wpmfgalleryimg\" data-lazy-src=\"https:\/\/www.carmelitaniscalzi.com\/wp-content\/uploads\/2019\/06\/00-150x150.jpg\"><\/a><\/div><\/div><\/div><\/figure><figure class=\"wpmf-gallery-item\" data-index=\"4\"><div class=\"wpmf-gallery-icon\"><div class=\"square_thumbnail\"><div class=\"img_centered\"><a class=\" not_video noLightbox\" data-lightbox=\"1\" data-href=\"https:\/\/www.carmelitaniscalzi.com\/wp-content\/uploads\/2019\/06\/01.jpg\" title=\"01\" target=\"_self\" data-index=\"4\"><img decoding=\"async\" class=\"wpmf_img\" alt=\"01\" src=\"https:\/\/www.carmelitaniscalzi.com\/wp-content\/uploads\/2019\/06\/01-150x150.jpg\" data-type=\"wpmfgalleryimg\" data-lazy-src=\"https:\/\/www.carmelitaniscalzi.com\/wp-content\/uploads\/2019\/06\/01-150x150.jpg\"><\/a><\/div><\/div><\/div><\/figure><figure class=\"wpmf-gallery-item\" data-index=\"5\"><div class=\"wpmf-gallery-icon\"><div class=\"square_thumbnail\"><div class=\"img_centered\"><a class=\" not_video noLightbox\" data-lightbox=\"1\" data-href=\"https:\/\/www.carmelitaniscalzi.com\/wp-content\/uploads\/2019\/06\/02-1.jpg\" title=\"02\" target=\"_self\" data-index=\"5\"><img decoding=\"async\" class=\"wpmf_img\" alt=\"02\" src=\"https:\/\/www.carmelitaniscalzi.com\/wp-content\/uploads\/2019\/06\/02-1-150x150.jpg\" data-type=\"wpmfgalleryimg\" data-lazy-src=\"https:\/\/www.carmelitaniscalzi.com\/wp-content\/uploads\/2019\/06\/02-1-150x150.jpg\"><\/a><\/div><\/div><\/div><\/figure><\/div><\/div>\n","protected":false},"excerpt":{"rendered":"<p>\u00abLa Asociaci\u00f3n \u201cNuestra Se\u00f1ora del Carmen\u201d, de monasterios de Carmelitas Descalzas de Per\u00fa, se reuni\u00f3 la semana del 20 al 25 de mayo del a\u00f1o en curso. Los d\u00edas 20, 21 y 22 de mayo se realiz\u00f3 el Curso para Prioras y delegadas en dos segmentos: En las ma\u00f1anas tuvimos Conferencias de formaci\u00f3n v\u00eda on [&hellip;]<\/p>\n","protected":false},"author":7,"featured_media":25312,"comment_status":"closed","ping_status":"closed","sticky":false,"template":"","format":"standard","meta":{"_acf_changed":false,"footnotes":""},"categories":[176,372],"tags":[],"class_list":["post-25325","post","type-post","status-publish","format-standard","has-post-thumbnail","hentry","category-noticias-monjas","category-noticias"],"acf":[],"yoast_head":"<!-- This site is optimized with the Yoast SEO plugin v26.3 - https:\/\/yoast.com\/wordpress\/plugins\/seo\/ -->\n<title>Noticias de las Carmelitas Descalzas del Per\u00fa - CARMELITAS DESCALZOS<\/title>\n<meta name=\"robots\" content=\"index, follow, max-snippet:-1, max-image-preview:large, max-video-preview:-1\" \/>\n<link rel=\"canonical\" href=\"https:\/\/www.carmelitaniscalzi.com\/es\/2019\/06\/20\/noticias-de-las-carmelitas-descalzas-del-peru\/\" \/>\n<meta property=\"og:locale\" content=\"es_ES\" \/>\n<meta property=\"og:type\" content=\"article\" \/>\n<meta property=\"og:title\" content=\"Noticias de las Carmelitas Descalzas del Per\u00fa - CARMELITAS DESCALZOS\" \/>\n<meta property=\"og:description\" content=\"\u00abLa Asociaci\u00f3n \u201cNuestra Se\u00f1ora del Carmen\u201d, de monasterios de Carmelitas Descalzas de Per\u00fa, se reuni\u00f3 la semana del 20 al 25 de mayo del a\u00f1o en curso. Los d\u00edas 20, 21 y 22 de mayo se realiz\u00f3 el Curso para Prioras y delegadas en dos segmentos: En las ma\u00f1anas tuvimos Conferencias de formaci\u00f3n v\u00eda on [&hellip;]\" \/>\n<meta property=\"og:url\" content=\"https:\/\/www.carmelitaniscalzi.com\/es\/2019\/06\/20\/noticias-de-las-carmelitas-descalzas-del-peru\/\" \/>\n<meta property=\"og:site_name\" content=\"CARMELITAS DESCALZOS\" \/>\n<meta property=\"article:publisher\" content=\"https:\/\/www.facebook.com\/Curia-Generalizia-Carmelitani-Scalzi-658766940887784\/\" \/>\n<meta property=\"article:published_time\" content=\"2019-06-19T22:05:29+00:00\" \/>\n<meta property=\"og:image\" content=\"https:\/\/www.carmelitaniscalzi.com\/wp-content\/uploads\/2019\/06\/03-1.jpg\" \/>\n\t<meta property=\"og:image:width\" content=\"1025\" \/>\n\t<meta property=\"og:image:height\" content=\"480\" \/>\n\t<meta property=\"og:image:type\" content=\"image\/jpeg\" \/>\n<meta name=\"author\" content=\"ocd web master\" \/>\n<meta name=\"twitter:card\" content=\"summary_large_image\" \/>\n<meta name=\"twitter:creator\" content=\"@ocdcuria\" \/>\n<meta name=\"twitter:site\" content=\"@ocdcuria\" \/>\n<meta name=\"twitter:label1\" content=\"Escrito por\" \/>\n\t<meta name=\"twitter:data1\" content=\"ocd web master\" \/>\n\t<meta name=\"twitter:label2\" content=\"Tiempo de lectura\" \/>\n\t<meta name=\"twitter:data2\" content=\"2 minutos\" \/>\n<script type=\"application\/ld+json\" class=\"yoast-schema-graph\">{\"@context\":\"https:\/\/schema.org\",\"@graph\":[{\"@type\":\"Article\",\"@id\":\"https:\/\/www.carmelitaniscalzi.com\/es\/2019\/06\/20\/noticias-de-las-carmelitas-descalzas-del-peru\/#article\",\"isPartOf\":{\"@id\":\"https:\/\/www.carmelitaniscalzi.com\/es\/2019\/06\/20\/noticias-de-las-carmelitas-descalzas-del-peru\/\"},\"author\":{\"name\":\"ocd web master\",\"@id\":\"https:\/\/www.carmelitaniscalzi.com\/#\/schema\/person\/6d1c0d9bea7b6625c437246a5d6da409\"},\"headline\":\"Noticias de las Carmelitas Descalzas del Per\u00fa\",\"datePublished\":\"2019-06-19T22:05:29+00:00\",\"mainEntityOfPage\":{\"@id\":\"https:\/\/www.carmelitaniscalzi.com\/es\/2019\/06\/20\/noticias-de-las-carmelitas-descalzas-del-peru\/\"},\"wordCount\":453,\"publisher\":{\"@id\":\"https:\/\/www.carmelitaniscalzi.com\/#organization\"},\"image\":{\"@id\":\"https:\/\/www.carmelitaniscalzi.com\/es\/2019\/06\/20\/noticias-de-las-carmelitas-descalzas-del-peru\/#primaryimage\"},\"thumbnailUrl\":\"https:\/\/www.carmelitaniscalzi.com\/wp-content\/uploads\/2019\/06\/03-1.jpg\",\"articleSection\":[\"Noticias Monjas\",\"Noticias\"],\"inLanguage\":\"es\"},{\"@type\":\"WebPage\",\"@id\":\"https:\/\/www.carmelitaniscalzi.com\/es\/2019\/06\/20\/noticias-de-las-carmelitas-descalzas-del-peru\/\",\"url\":\"https:\/\/www.carmelitaniscalzi.com\/es\/2019\/06\/20\/noticias-de-las-carmelitas-descalzas-del-peru\/\",\"name\":\"Noticias de las Carmelitas Descalzas del Per\u00fa - CARMELITAS DESCALZOS\",\"isPartOf\":{\"@id\":\"https:\/\/www.carmelitaniscalzi.com\/#website\"},\"primaryImageOfPage\":{\"@id\":\"https:\/\/www.carmelitaniscalzi.com\/es\/2019\/06\/20\/noticias-de-las-carmelitas-descalzas-del-peru\/#primaryimage\"},\"image\":{\"@id\":\"https:\/\/www.carmelitaniscalzi.com\/es\/2019\/06\/20\/noticias-de-las-carmelitas-descalzas-del-peru\/#primaryimage\"},\"thumbnailUrl\":\"https:\/\/www.carmelitaniscalzi.com\/wp-content\/uploads\/2019\/06\/03-1.jpg\",\"datePublished\":\"2019-06-19T22:05:29+00:00\",\"breadcrumb\":{\"@id\":\"https:\/\/www.carmelitaniscalzi.com\/es\/2019\/06\/20\/noticias-de-las-carmelitas-descalzas-del-peru\/#breadcrumb\"},\"inLanguage\":\"es\",\"potentialAction\":[{\"@type\":\"ReadAction\",\"target\":[\"https:\/\/www.carmelitaniscalzi.com\/es\/2019\/06\/20\/noticias-de-las-carmelitas-descalzas-del-peru\/\"]}]},{\"@type\":\"ImageObject\",\"inLanguage\":\"es\",\"@id\":\"https:\/\/www.carmelitaniscalzi.com\/es\/2019\/06\/20\/noticias-de-las-carmelitas-descalzas-del-peru\/#primaryimage\",\"url\":\"https:\/\/www.carmelitaniscalzi.com\/wp-content\/uploads\/2019\/06\/03-1.jpg\",\"contentUrl\":\"https:\/\/www.carmelitaniscalzi.com\/wp-content\/uploads\/2019\/06\/03-1.jpg\",\"width\":1025,\"height\":480},{\"@type\":\"BreadcrumbList\",\"@id\":\"https:\/\/www.carmelitaniscalzi.com\/es\/2019\/06\/20\/noticias-de-las-carmelitas-descalzas-del-peru\/#breadcrumb\",\"itemListElement\":[{\"@type\":\"ListItem\",\"position\":1,\"name\":\"Home\",\"item\":\"https:\/\/www.carmelitaniscalzi.com\/es\/\"},{\"@type\":\"ListItem\",\"position\":2,\"name\":\"Noticias de las Carmelitas Descalzas del Per\u00fa\"}]},{\"@type\":\"WebSite\",\"@id\":\"https:\/\/www.carmelitaniscalzi.com\/#website\",\"url\":\"https:\/\/www.carmelitaniscalzi.com\/\",\"name\":\"CARMELITANI SCALZI - Curia Generale del Carmelo Teresiano\",\"description\":\"Curia General del Carmelo Teresiano\",\"publisher\":{\"@id\":\"https:\/\/www.carmelitaniscalzi.com\/#organization\"},\"alternateName\":\"CARMELITANI SCALZI\",\"potentialAction\":[{\"@type\":\"SearchAction\",\"target\":{\"@type\":\"EntryPoint\",\"urlTemplate\":\"https:\/\/www.carmelitaniscalzi.com\/?s={search_term_string}\"},\"query-input\":{\"@type\":\"PropertyValueSpecification\",\"valueRequired\":true,\"valueName\":\"search_term_string\"}}],\"inLanguage\":\"es\"},{\"@type\":\"Organization\",\"@id\":\"https:\/\/www.carmelitaniscalzi.com\/#organization\",\"name\":\"CARMELITANI SCALZI - Curia Generale del Carmelo Teresiano\",\"url\":\"https:\/\/www.carmelitaniscalzi.com\/\",\"logo\":{\"@type\":\"ImageObject\",\"inLanguage\":\"es\",\"@id\":\"https:\/\/www.carmelitaniscalzi.com\/#\/schema\/logo\/image\/\",\"url\":\"https:\/\/www.carmelitaniscalzi.com\/wp-content\/uploads\/2025\/11\/login-logo.png\",\"contentUrl\":\"https:\/\/www.carmelitaniscalzi.com\/wp-content\/uploads\/2025\/11\/login-logo.png\",\"width\":256,\"height\":256,\"caption\":\"CARMELITANI SCALZI - Curia Generale del Carmelo Teresiano\"},\"image\":{\"@id\":\"https:\/\/www.carmelitaniscalzi.com\/#\/schema\/logo\/image\/\"},\"sameAs\":[\"https:\/\/www.facebook.com\/Curia-Generalizia-Carmelitani-Scalzi-658766940887784\/\",\"https:\/\/x.com\/ocdcuria\",\"https:\/\/www.youtube.com\/channel\/UC2J5ZL0ycOY0qBSTCLX_NGQ\/videos\",\"https:\/\/www.instagram.com\/ocdinform\/\"]},{\"@type\":\"Person\",\"@id\":\"https:\/\/www.carmelitaniscalzi.com\/#\/schema\/person\/6d1c0d9bea7b6625c437246a5d6da409\",\"name\":\"ocd web master\",\"image\":{\"@type\":\"ImageObject\",\"inLanguage\":\"es\",\"@id\":\"https:\/\/www.carmelitaniscalzi.com\/#\/schema\/person\/image\/\",\"url\":\"https:\/\/secure.gravatar.com\/avatar\/41fbc5f82bad909fbaf2984c43fa50d8519ac5853e25b454d022b6868f80d0e7?s=96&d=mm&r=g\",\"contentUrl\":\"https:\/\/secure.gravatar.com\/avatar\/41fbc5f82bad909fbaf2984c43fa50d8519ac5853e25b454d022b6868f80d0e7?s=96&d=mm&r=g\",\"caption\":\"ocd web master\"},\"url\":\"https:\/\/www.carmelitaniscalzi.com\/es\/author\/ocdwebmaster\/\"}]}<\/script>\n<!-- \/ Yoast SEO plugin. -->","yoast_head_json":{"title":"Noticias de las Carmelitas Descalzas del Per\u00fa - CARMELITAS DESCALZOS","robots":{"index":"index","follow":"follow","max-snippet":"max-snippet:-1","max-image-preview":"max-image-preview:large","max-video-preview":"max-video-preview:-1"},"canonical":"https:\/\/www.carmelitaniscalzi.com\/es\/2019\/06\/20\/noticias-de-las-carmelitas-descalzas-del-peru\/","og_locale":"es_ES","og_type":"article","og_title":"Noticias de las Carmelitas Descalzas del Per\u00fa - CARMELITAS DESCALZOS","og_description":"\u00abLa Asociaci\u00f3n \u201cNuestra Se\u00f1ora del Carmen\u201d, de monasterios de Carmelitas Descalzas de Per\u00fa, se reuni\u00f3 la semana del 20 al 25 de mayo del a\u00f1o en curso. Los d\u00edas 20, 21 y 22 de mayo se realiz\u00f3 el Curso para Prioras y delegadas en dos segmentos: En las ma\u00f1anas tuvimos Conferencias de formaci\u00f3n v\u00eda on [&hellip;]","og_url":"https:\/\/www.carmelitaniscalzi.com\/es\/2019\/06\/20\/noticias-de-las-carmelitas-descalzas-del-peru\/","og_site_name":"CARMELITAS DESCALZOS","article_publisher":"https:\/\/www.facebook.com\/Curia-Generalizia-Carmelitani-Scalzi-658766940887784\/","article_published_time":"2019-06-19T22:05:29+00:00","og_image":[{"width":1025,"height":480,"url":"https:\/\/www.carmelitaniscalzi.com\/wp-content\/uploads\/2019\/06\/03-1.jpg","type":"image\/jpeg"}],"author":"ocd web master","twitter_card":"summary_large_image","twitter_creator":"@ocdcuria","twitter_site":"@ocdcuria","twitter_misc":{"Escrito por":"ocd web master","Tiempo de lectura":"2 minutos"},"schema":{"@context":"https:\/\/schema.org","@graph":[{"@type":"Article","@id":"https:\/\/www.carmelitaniscalzi.com\/es\/2019\/06\/20\/noticias-de-las-carmelitas-descalzas-del-peru\/#article","isPartOf":{"@id":"https:\/\/www.carmelitaniscalzi.com\/es\/2019\/06\/20\/noticias-de-las-carmelitas-descalzas-del-peru\/"},"author":{"name":"ocd web master","@id":"https:\/\/www.carmelitaniscalzi.com\/#\/schema\/person\/6d1c0d9bea7b6625c437246a5d6da409"},"headline":"Noticias de las Carmelitas Descalzas del Per\u00fa","datePublished":"2019-06-19T22:05:29+00:00","mainEntityOfPage":{"@id":"https:\/\/www.carmelitaniscalzi.com\/es\/2019\/06\/20\/noticias-de-las-carmelitas-descalzas-del-peru\/"},"wordCount":453,"publisher":{"@id":"https:\/\/www.carmelitaniscalzi.com\/#organization"},"image":{"@id":"https:\/\/www.carmelitaniscalzi.com\/es\/2019\/06\/20\/noticias-de-las-carmelitas-descalzas-del-peru\/#primaryimage"},"thumbnailUrl":"https:\/\/www.carmelitaniscalzi.com\/wp-content\/uploads\/2019\/06\/03-1.jpg","articleSection":["Noticias Monjas","Noticias"],"inLanguage":"es"},{"@type":"WebPage","@id":"https:\/\/www.carmelitaniscalzi.com\/es\/2019\/06\/20\/noticias-de-las-carmelitas-descalzas-del-peru\/","url":"https:\/\/www.carmelitaniscalzi.com\/es\/2019\/06\/20\/noticias-de-las-carmelitas-descalzas-del-peru\/","name":"Noticias de las Carmelitas Descalzas del Per\u00fa - CARMELITAS DESCALZOS","isPartOf":{"@id":"https:\/\/www.carmelitaniscalzi.com\/#website"},"primaryImageOfPage":{"@id":"https:\/\/www.carmelitaniscalzi.com\/es\/2019\/06\/20\/noticias-de-las-carmelitas-descalzas-del-peru\/#primaryimage"},"image":{"@id":"https:\/\/www.carmelitaniscalzi.com\/es\/2019\/06\/20\/noticias-de-las-carmelitas-descalzas-del-peru\/#primaryimage"},"thumbnailUrl":"https:\/\/www.carmelitaniscalzi.com\/wp-content\/uploads\/2019\/06\/03-1.jpg","datePublished":"2019-06-19T22:05:29+00:00","breadcrumb":{"@id":"https:\/\/www.carmelitaniscalzi.com\/es\/2019\/06\/20\/noticias-de-las-carmelitas-descalzas-del-peru\/#breadcrumb"},"inLanguage":"es","potentialAction":[{"@type":"ReadAction","target":["https:\/\/www.carmelitaniscalzi.com\/es\/2019\/06\/20\/noticias-de-las-carmelitas-descalzas-del-peru\/"]}]},{"@type":"ImageObject","inLanguage":"es","@id":"https:\/\/www.carmelitaniscalzi.com\/es\/2019\/06\/20\/noticias-de-las-carmelitas-descalzas-del-peru\/#primaryimage","url":"https:\/\/www.carmelitaniscalzi.com\/wp-content\/uploads\/2019\/06\/03-1.jpg","contentUrl":"https:\/\/www.carmelitaniscalzi.com\/wp-content\/uploads\/2019\/06\/03-1.jpg","width":1025,"height":480},{"@type":"BreadcrumbList","@id":"https:\/\/www.carmelitaniscalzi.com\/es\/2019\/06\/20\/noticias-de-las-carmelitas-descalzas-del-peru\/#breadcrumb","itemListElement":[{"@type":"ListItem","position":1,"name":"Home","item":"https:\/\/www.carmelitaniscalzi.com\/es\/"},{"@type":"ListItem","position":2,"name":"Noticias de las Carmelitas Descalzas del Per\u00fa"}]},{"@type":"WebSite","@id":"https:\/\/www.carmelitaniscalzi.com\/#website","url":"https:\/\/www.carmelitaniscalzi.com\/","name":"CARMELITANI SCALZI - Curia Generale del Carmelo Teresiano","description":"Curia General del Carmelo Teresiano","publisher":{"@id":"https:\/\/www.carmelitaniscalzi.com\/#organization"},"alternateName":"CARMELITANI SCALZI","potentialAction":[{"@type":"SearchAction","target":{"@type":"EntryPoint","urlTemplate":"https:\/\/www.carmelitaniscalzi.com\/?s={search_term_string}"},"query-input":{"@type":"PropertyValueSpecification","valueRequired":true,"valueName":"search_term_string"}}],"inLanguage":"es"},{"@type":"Organization","@id":"https:\/\/www.carmelitaniscalzi.com\/#organization","name":"CARMELITANI SCALZI - Curia Generale del Carmelo Teresiano","url":"https:\/\/www.carmelitaniscalzi.com\/","logo":{"@type":"ImageObject","inLanguage":"es","@id":"https:\/\/www.carmelitaniscalzi.com\/#\/schema\/logo\/image\/","url":"https:\/\/www.carmelitaniscalzi.com\/wp-content\/uploads\/2025\/11\/login-logo.png","contentUrl":"https:\/\/www.carmelitaniscalzi.com\/wp-content\/uploads\/2025\/11\/login-logo.png","width":256,"height":256,"caption":"CARMELITANI SCALZI - Curia Generale del Carmelo Teresiano"},"image":{"@id":"https:\/\/www.carmelitaniscalzi.com\/#\/schema\/logo\/image\/"},"sameAs":["https:\/\/www.facebook.com\/Curia-Generalizia-Carmelitani-Scalzi-658766940887784\/","https:\/\/x.com\/ocdcuria","https:\/\/www.youtube.com\/channel\/UC2J5ZL0ycOY0qBSTCLX_NGQ\/videos","https:\/\/www.instagram.com\/ocdinform\/"]},{"@type":"Person","@id":"https:\/\/www.carmelitaniscalzi.com\/#\/schema\/person\/6d1c0d9bea7b6625c437246a5d6da409","name":"ocd web master","image":{"@type":"ImageObject","inLanguage":"es","@id":"https:\/\/www.carmelitaniscalzi.com\/#\/schema\/person\/image\/","url":"https:\/\/secure.gravatar.com\/avatar\/41fbc5f82bad909fbaf2984c43fa50d8519ac5853e25b454d022b6868f80d0e7?s=96&d=mm&r=g","contentUrl":"https:\/\/secure.gravatar.com\/avatar\/41fbc5f82bad909fbaf2984c43fa50d8519ac5853e25b454d022b6868f80d0e7?s=96&d=mm&r=g","caption":"ocd web master"},"url":"https:\/\/www.carmelitaniscalzi.com\/es\/author\/ocdwebmaster\/"}]}},"_links":{"self":[{"href":"https:\/\/www.carmelitaniscalzi.com\/es\/wp-json\/wp\/v2\/posts\/25325","targetHints":{"allow":["GET"]}}],"collection":[{"href":"https:\/\/www.carmelitaniscalzi.com\/es\/wp-json\/wp\/v2\/posts"}],"about":[{"href":"https:\/\/www.carmelitaniscalzi.com\/es\/wp-json\/wp\/v2\/types\/post"}],"author":[{"embeddable":true,"href":"https:\/\/www.carmelitaniscalzi.com\/es\/wp-json\/wp\/v2\/users\/7"}],"replies":[{"embeddable":true,"href":"https:\/\/www.carmelitaniscalzi.com\/es\/wp-json\/wp\/v2\/comments?post=25325"}],"version-history":[{"count":0,"href":"https:\/\/www.carmelitaniscalzi.com\/es\/wp-json\/wp\/v2\/posts\/25325\/revisions"}],"wp:featuredmedia":[{"embeddable":true,"href":"https:\/\/www.carmelitaniscalzi.com\/es\/wp-json\/wp\/v2\/media\/25312"}],"wp:attachment":[{"href":"https:\/\/www.carmelitaniscalzi.com\/es\/wp-json\/wp\/v2\/media?parent=25325"}],"wp:term":[{"taxonomy":"category","embeddable":true,"href":"https:\/\/www.carmelitaniscalzi.com\/es\/wp-json\/wp\/v2\/categories?post=25325"},{"taxonomy":"post_tag","embeddable":true,"href":"https:\/\/www.carmelitaniscalzi.com\/es\/wp-json\/wp\/v2\/tags?post=25325"}],"curies":[{"name":"wp","href":"https:\/\/api.w.org\/{rel}","templated":true}]}}