{"id":21713,"date":"2018-09-01T00:33:22","date_gmt":"2018-08-31T22:33:22","guid":{"rendered":"https:\/\/www.carmelitaniscalzi.com\/es\/?p=21713"},"modified":"2018-08-31T11:35:50","modified_gmt":"2018-08-31T09:35:50","slug":"inundaciones-en-kerala-india","status":"publish","type":"post","link":"https:\/\/www.carmelitaniscalzi.com\/es\/2018\/09\/01\/inundaciones-en-kerala-india\/","title":{"rendered":"Inundaciones en Kerala (India)"},"content":{"rendered":"<p>Las continuas lluvias ca\u00eddas durante semanas en el estado de Kerala, India, han provocado da\u00f1os enormes en las que ya han sido calificadas como las peores inundaciones en m\u00e1s de cien a\u00f1os en aquel territorio. Como consecuencia, la tierra se ha deslizado en las zonas monta\u00f1osas produciendo peligrosos aluviones y los embalses est\u00e1n llenos, lo que ha obligado a las autoridades a abrir las compuertas de los mismos, para evitar males mayores. Cientos de miles de personas que viven alrededor de las riberas de los r\u00edos han sufrido las consecuencias de las inundaciones: en poco tiempo sus casas estaban sepultadas bajo el agua, mientras la lluvia constante hac\u00eda muy dif\u00edcil la evacuaci\u00f3n de los damnificados. Por desgracia los muertos se cuentan por centenares, mientras miles de personas han perdido sus casas, cosechas, negocios, bienes&#8230; Resulta dif\u00edcil evaluar las p\u00e9rdidas, tanto humanas como materiales, pero ser\u00e1n enormes a la vista de los primeros informes recibidos.<\/p>\n<p>\u00bfC\u00f3mo ha afectado a nuestros padres, hermanas y hermanos en Kerala? Por el momento estas son las noticias que hemos podido recabar:<\/p>\n<p>Muchas de nuestras casas en Kerala est\u00e1n en las riberas de los r\u00edos, especialmente el Periyar, uno de los que se ha desbordado estos d\u00edas. Eran por lo tanto, muy vulnerables a la inundaci\u00f3n.<\/p>\n<p>As\u00ed, el noviciado \u201cMonte Carmelo\u201d de la Provincia de Malabar en Kalady result\u00f3 inundado, refugi\u00e1ndose la comunidad con algunas familias en la segunda planta. Han resistido durante tres d\u00edas sin electricidad y pocos alimentos. Gracias a Dios est\u00e1n seguros y las aguas est\u00e1n comenzando a bajar, aunque toda la zona est\u00e1 devastada.<\/p>\n<p>El colegio de filosof\u00eda y el centro de espiritualidad de la Provincia de Manjummel (Atmadarshan) han sido sepultados por las aguas. Los estudiantes han sido evacuados y ambas propiedades han sufrido da\u00f1os enormes.<\/p>\n<p>Lo mismo ha sucedido en Jyothirbhavan, Kalamassery (Manjummel). Gracias a Dios no hay desgracias personales, pero la propiedad est\u00e1 devastada.<\/p>\n<p>El noviciado \u201cSan Jos\u00e9\u201d en Annamanda, de la Provincia de Manjummel ha sido totalmente sepultado por las aguas. Los novicios pudieron ser evacuados a tiempo junto a la comunidad.<\/p>\n<p>El convento de Verapoly (Manjummel) est\u00e1 tambi\u00e9n bajo las aguas.<\/p>\n<p>La casa de estudios teol\u00f3gicos de la Provincia de Kerala-Sur, en Ayroor fue invadida por las aguas hasta el primer piso. La comunidad y los estudiantes quedaron atrapados varios d\u00edas, pero se encuentran bien, gracias a Dios.<\/p>\n<p>Las monjas del Carmelo de Malayattoor tambi\u00e9n fueron afectadas por las inundaciones.<\/p>\n<p>Hasta el momento no tenemos noticia de da\u00f1os personales entre nuestros frailes. Algunas de nuestras casas se han convertido en centros de acogida para las familias m\u00e1s afectadas. Gracias a Dios las aguas est\u00e1n bajando y eso est\u00e1 permitiendo una comunicaci\u00f3n m\u00e1s fluida, por lo que esperamos dar m\u00e1s noticias en breve. Por desgracia, aunque sabemos que la inundaci\u00f3n ha golpeado fuertemente zonas como Thiruvalla, Ranni o Alapuzha \u2013en las que tenemos comunidades-, no podemos dar muchos detalles sobre la situaci\u00f3n en estos lugares, ya que es dif\u00edcil contactar por los problemas de falta de luz y cobertura para los tel\u00e9fonos m\u00f3viles.<\/p>\n<p>Una vez que las aguas hayan descendido totalmente se podr\u00e1n evaluar las p\u00e9rdidas y estimar el da\u00f1o real en las propiedades y edificios de la Orden en la regi\u00f3n, que ser\u00e1 sin duda muy grande. Llegado el momento informaremos de los medios para ayudar a nuestros hermanos y hermanas, as\u00ed como al resto de damnificados.<\/p>\n<div class=\"wpmf-gallerys wpmf-gallerys-life \" ><div id=\"gallery-1\" class=\"gallery gallery_life wpmf_gallery_default gallery_default  gallery-columns-3 gallery-size-medium gallery-link-file wpmf-has-border-radius-0 wpmf-gutterwidth-5 no_ratio\"><figure class=\"wpmf-gallery-item\" data-index=\"0\"><div class=\"wpmf-gallery-icon\"><div class=\"square_thumbnail\"><div class=\"img_centered\"><a class=\" not_video noLightbox\" data-lightbox=\"1\" data-href=\"https:\/\/www.carmelitaniscalzi.com\/wp-content\/uploads\/2018\/08\/fishermen-1.jpg\" title=\"fishermen 1\" target=\"_self\" data-index=\"0\"><img decoding=\"async\" class=\"wpmf_img\" alt=\"fishermen 1\" src=\"https:\/\/www.carmelitaniscalzi.com\/wp-content\/uploads\/2018\/08\/fishermen-1-300x150.jpg\" data-type=\"wpmfgalleryimg\" data-lazy-src=\"https:\/\/www.carmelitaniscalzi.com\/wp-content\/uploads\/2018\/08\/fishermen-1-300x150.jpg\"><\/a><\/div><\/div><\/div><\/figure><figure class=\"wpmf-gallery-item\" data-index=\"1\"><div class=\"wpmf-gallery-icon\"><div class=\"square_thumbnail\"><div class=\"img_centered\"><a class=\" not_video noLightbox\" data-lightbox=\"1\" data-href=\"https:\/\/www.carmelitaniscalzi.com\/wp-content\/uploads\/2018\/08\/fishermen-1024x604.jpg\" title=\"fishermen\" target=\"_self\" data-index=\"1\"><img decoding=\"async\" class=\"wpmf_img\" alt=\"fishermen\" src=\"https:\/\/www.carmelitaniscalzi.com\/wp-content\/uploads\/2018\/08\/fishermen-300x177.jpg\" data-type=\"wpmfgalleryimg\" data-lazy-src=\"https:\/\/www.carmelitaniscalzi.com\/wp-content\/uploads\/2018\/08\/fishermen-300x177.jpg\"><\/a><\/div><\/div><\/div><\/figure><figure class=\"wpmf-gallery-item\" data-index=\"2\"><div class=\"wpmf-gallery-icon\"><div class=\"square_thumbnail\"><div class=\"img_centered\"><a class=\" not_video noLightbox\" data-lightbox=\"1\" data-href=\"https:\/\/www.carmelitaniscalzi.com\/wp-content\/uploads\/2018\/08\/kerala-flood-0.jpg\" title=\"kerala flood 0\" target=\"_self\" data-index=\"2\"><img decoding=\"async\" class=\"wpmf_img\" alt=\"kerala flood 0\" src=\"https:\/\/www.carmelitaniscalzi.com\/wp-content\/uploads\/2018\/08\/kerala-flood-0-300x190.jpg\" data-type=\"wpmfgalleryimg\" data-lazy-src=\"https:\/\/www.carmelitaniscalzi.com\/wp-content\/uploads\/2018\/08\/kerala-flood-0-300x190.jpg\"><\/a><\/div><\/div><\/div><\/figure><figure class=\"wpmf-gallery-item\" data-index=\"3\"><div class=\"wpmf-gallery-icon\"><div class=\"square_thumbnail\"><div class=\"img_centered\"><a class=\" not_video noLightbox\" data-lightbox=\"1\" data-href=\"https:\/\/www.carmelitaniscalzi.com\/wp-content\/uploads\/2018\/08\/kerala-flood-1.jpg\" title=\"kerala flood 1\" target=\"_self\" data-index=\"3\"><img decoding=\"async\" class=\"wpmf_img\" alt=\"kerala flood 1\" src=\"https:\/\/www.carmelitaniscalzi.com\/wp-content\/uploads\/2018\/08\/kerala-flood-1-300x169.jpg\" data-type=\"wpmfgalleryimg\" data-lazy-src=\"https:\/\/www.carmelitaniscalzi.com\/wp-content\/uploads\/2018\/08\/kerala-flood-1-300x169.jpg\"><\/a><\/div><\/div><\/div><\/figure><figure class=\"wpmf-gallery-item\" data-index=\"4\"><div class=\"wpmf-gallery-icon\"><div class=\"square_thumbnail\"><div class=\"img_centered\"><a class=\" not_video noLightbox\" data-lightbox=\"1\" data-href=\"https:\/\/www.carmelitaniscalzi.com\/wp-content\/uploads\/2018\/08\/kerala-flood-2-1024x576.jpg\" title=\"kerala flood 2\" target=\"_self\" data-index=\"4\"><img decoding=\"async\" class=\"wpmf_img\" alt=\"kerala flood 2\" src=\"https:\/\/www.carmelitaniscalzi.com\/wp-content\/uploads\/2018\/08\/kerala-flood-2-300x169.jpg\" data-type=\"wpmfgalleryimg\" data-lazy-src=\"https:\/\/www.carmelitaniscalzi.com\/wp-content\/uploads\/2018\/08\/kerala-flood-2-300x169.jpg\"><\/a><\/div><\/div><\/div><\/figure><figure class=\"wpmf-gallery-item\" data-index=\"5\"><div class=\"wpmf-gallery-icon\"><div class=\"square_thumbnail\"><div class=\"img_centered\"><a class=\" not_video noLightbox\" data-lightbox=\"1\" data-href=\"https:\/\/www.carmelitaniscalzi.com\/wp-content\/uploads\/2018\/08\/kerala-flood-3.jpg\" title=\"kerala flood 3\" target=\"_self\" data-index=\"5\"><img decoding=\"async\" class=\"wpmf_img\" alt=\"kerala flood 3\" src=\"https:\/\/www.carmelitaniscalzi.com\/wp-content\/uploads\/2018\/08\/kerala-flood-3-300x200.jpg\" data-type=\"wpmfgalleryimg\" data-lazy-src=\"https:\/\/www.carmelitaniscalzi.com\/wp-content\/uploads\/2018\/08\/kerala-flood-3-300x200.jpg\"><\/a><\/div><\/div><\/div><\/figure><figure class=\"wpmf-gallery-item\" data-index=\"6\"><div class=\"wpmf-gallery-icon\"><div class=\"square_thumbnail\"><div class=\"img_centered\"><a class=\" not_video noLightbox\" data-lightbox=\"1\" data-href=\"https:\/\/www.carmelitaniscalzi.com\/wp-content\/uploads\/2018\/08\/kerala-flood-4.jpg\" title=\"kerala flood 4\" target=\"_self\" data-index=\"6\"><img decoding=\"async\" class=\"wpmf_img\" alt=\"kerala flood 4\" src=\"https:\/\/www.carmelitaniscalzi.com\/wp-content\/uploads\/2018\/08\/kerala-flood-4-300x191.jpg\" data-type=\"wpmfgalleryimg\" data-lazy-src=\"https:\/\/www.carmelitaniscalzi.com\/wp-content\/uploads\/2018\/08\/kerala-flood-4-300x191.jpg\"><\/a><\/div><\/div><\/div><\/figure><figure class=\"wpmf-gallery-item\" data-index=\"7\"><div class=\"wpmf-gallery-icon\"><div class=\"square_thumbnail\"><div class=\"img_centered\"><a class=\" not_video noLightbox\" data-lightbox=\"1\" data-href=\"https:\/\/www.carmelitaniscalzi.com\/wp-content\/uploads\/2018\/08\/kerala-flood-5.jpg\" title=\"kerala flood 5\" target=\"_self\" data-index=\"7\"><img decoding=\"async\" class=\"wpmf_img\" alt=\"kerala flood 5\" src=\"https:\/\/www.carmelitaniscalzi.com\/wp-content\/uploads\/2018\/08\/kerala-flood-5-300x169.jpg\" data-type=\"wpmfgalleryimg\" data-lazy-src=\"https:\/\/www.carmelitaniscalzi.com\/wp-content\/uploads\/2018\/08\/kerala-flood-5-300x169.jpg\"><\/a><\/div><\/div><\/div><\/figure><figure class=\"wpmf-gallery-item\" data-index=\"8\"><div class=\"wpmf-gallery-icon\"><div class=\"square_thumbnail\"><div class=\"img_centered\"><a class=\" not_video noLightbox\" data-lightbox=\"1\" data-href=\"https:\/\/www.carmelitaniscalzi.com\/wp-content\/uploads\/2018\/08\/kerala-map.jpg\" title=\"kerala map\" target=\"_self\" data-index=\"8\"><img decoding=\"async\" class=\"wpmf_img\" alt=\"kerala map\" src=\"https:\/\/www.carmelitaniscalzi.com\/wp-content\/uploads\/2018\/08\/kerala-map-250x300.jpg\" data-type=\"wpmfgalleryimg\" data-lazy-src=\"https:\/\/www.carmelitaniscalzi.com\/wp-content\/uploads\/2018\/08\/kerala-map-250x300.jpg\"><\/a><\/div><\/div><\/div><\/figure><\/div><\/div>\n","protected":false},"excerpt":{"rendered":"<p>Las continuas lluvias ca\u00eddas durante semanas en el estado de Kerala, India, han provocado da\u00f1os enormes en las que ya han sido calificadas como las peores inundaciones en m\u00e1s de cien a\u00f1os en aquel territorio. Como consecuencia, la tierra se ha deslizado en las zonas monta\u00f1osas produciendo peligrosos aluviones y los embalses est\u00e1n llenos, lo [&hellip;]<\/p>\n","protected":false},"author":7,"featured_media":21701,"comment_status":"closed","ping_status":"closed","sticky":false,"template":"","format":"standard","meta":{"_acf_changed":false,"footnotes":""},"categories":[174,372],"tags":[],"class_list":["post-21713","post","type-post","status-publish","format-standard","has-post-thumbnail","hentry","category-noticias-frailes","category-noticias"],"acf":[],"yoast_head":"<!-- This site is optimized with the Yoast SEO plugin v26.3 - https:\/\/yoast.com\/wordpress\/plugins\/seo\/ -->\n<title>Inundaciones en Kerala (India) - CARMELITAS DESCALZOS<\/title>\n<meta name=\"robots\" content=\"index, follow, max-snippet:-1, max-image-preview:large, max-video-preview:-1\" \/>\n<link rel=\"canonical\" href=\"https:\/\/www.carmelitaniscalzi.com\/es\/2018\/09\/01\/inundaciones-en-kerala-india\/\" \/>\n<meta property=\"og:locale\" content=\"es_ES\" \/>\n<meta property=\"og:type\" content=\"article\" \/>\n<meta property=\"og:title\" content=\"Inundaciones en Kerala (India) - CARMELITAS DESCALZOS\" \/>\n<meta property=\"og:description\" content=\"Las continuas lluvias ca\u00eddas durante semanas en el estado de Kerala, India, han provocado da\u00f1os enormes en las que ya han sido calificadas como las peores inundaciones en m\u00e1s de cien a\u00f1os en aquel territorio. Como consecuencia, la tierra se ha deslizado en las zonas monta\u00f1osas produciendo peligrosos aluviones y los embalses est\u00e1n llenos, lo [&hellip;]\" \/>\n<meta property=\"og:url\" content=\"https:\/\/www.carmelitaniscalzi.com\/es\/2018\/09\/01\/inundaciones-en-kerala-india\/\" \/>\n<meta property=\"og:site_name\" content=\"CARMELITAS DESCALZOS\" \/>\n<meta property=\"article:publisher\" content=\"https:\/\/www.facebook.com\/Curia-Generalizia-Carmelitani-Scalzi-658766940887784\/\" \/>\n<meta property=\"article:published_time\" content=\"2018-08-31T22:33:22+00:00\" \/>\n<meta property=\"og:image\" content=\"https:\/\/www.carmelitaniscalzi.com\/wp-content\/uploads\/2018\/08\/kerala-flood.jpg\" \/>\n\t<meta property=\"og:image:width\" content=\"1280\" \/>\n\t<meta property=\"og:image:height\" content=\"720\" \/>\n\t<meta property=\"og:image:type\" content=\"image\/jpeg\" \/>\n<meta name=\"author\" content=\"ocd web master\" \/>\n<meta name=\"twitter:card\" content=\"summary_large_image\" \/>\n<meta name=\"twitter:creator\" content=\"@ocdcuria\" \/>\n<meta name=\"twitter:site\" content=\"@ocdcuria\" \/>\n<meta name=\"twitter:label1\" content=\"Escrito por\" \/>\n\t<meta name=\"twitter:data1\" content=\"ocd web master\" \/>\n\t<meta name=\"twitter:label2\" content=\"Tiempo de lectura\" \/>\n\t<meta name=\"twitter:data2\" content=\"3 minutos\" \/>\n<script type=\"application\/ld+json\" class=\"yoast-schema-graph\">{\"@context\":\"https:\/\/schema.org\",\"@graph\":[{\"@type\":\"Article\",\"@id\":\"https:\/\/www.carmelitaniscalzi.com\/es\/2018\/09\/01\/inundaciones-en-kerala-india\/#article\",\"isPartOf\":{\"@id\":\"https:\/\/www.carmelitaniscalzi.com\/es\/2018\/09\/01\/inundaciones-en-kerala-india\/\"},\"author\":{\"name\":\"ocd web master\",\"@id\":\"https:\/\/www.carmelitaniscalzi.com\/#\/schema\/person\/6d1c0d9bea7b6625c437246a5d6da409\"},\"headline\":\"Inundaciones en Kerala (India)\",\"datePublished\":\"2018-08-31T22:33:22+00:00\",\"mainEntityOfPage\":{\"@id\":\"https:\/\/www.carmelitaniscalzi.com\/es\/2018\/09\/01\/inundaciones-en-kerala-india\/\"},\"wordCount\":616,\"publisher\":{\"@id\":\"https:\/\/www.carmelitaniscalzi.com\/#organization\"},\"image\":{\"@id\":\"https:\/\/www.carmelitaniscalzi.com\/es\/2018\/09\/01\/inundaciones-en-kerala-india\/#primaryimage\"},\"thumbnailUrl\":\"https:\/\/www.carmelitaniscalzi.com\/wp-content\/uploads\/2018\/08\/kerala-flood.jpg\",\"articleSection\":[\"Noticias Frailes\",\"Noticias\"],\"inLanguage\":\"es\"},{\"@type\":\"WebPage\",\"@id\":\"https:\/\/www.carmelitaniscalzi.com\/es\/2018\/09\/01\/inundaciones-en-kerala-india\/\",\"url\":\"https:\/\/www.carmelitaniscalzi.com\/es\/2018\/09\/01\/inundaciones-en-kerala-india\/\",\"name\":\"Inundaciones en Kerala (India) - CARMELITAS DESCALZOS\",\"isPartOf\":{\"@id\":\"https:\/\/www.carmelitaniscalzi.com\/#website\"},\"primaryImageOfPage\":{\"@id\":\"https:\/\/www.carmelitaniscalzi.com\/es\/2018\/09\/01\/inundaciones-en-kerala-india\/#primaryimage\"},\"image\":{\"@id\":\"https:\/\/www.carmelitaniscalzi.com\/es\/2018\/09\/01\/inundaciones-en-kerala-india\/#primaryimage\"},\"thumbnailUrl\":\"https:\/\/www.carmelitaniscalzi.com\/wp-content\/uploads\/2018\/08\/kerala-flood.jpg\",\"datePublished\":\"2018-08-31T22:33:22+00:00\",\"breadcrumb\":{\"@id\":\"https:\/\/www.carmelitaniscalzi.com\/es\/2018\/09\/01\/inundaciones-en-kerala-india\/#breadcrumb\"},\"inLanguage\":\"es\",\"potentialAction\":[{\"@type\":\"ReadAction\",\"target\":[\"https:\/\/www.carmelitaniscalzi.com\/es\/2018\/09\/01\/inundaciones-en-kerala-india\/\"]}]},{\"@type\":\"ImageObject\",\"inLanguage\":\"es\",\"@id\":\"https:\/\/www.carmelitaniscalzi.com\/es\/2018\/09\/01\/inundaciones-en-kerala-india\/#primaryimage\",\"url\":\"https:\/\/www.carmelitaniscalzi.com\/wp-content\/uploads\/2018\/08\/kerala-flood.jpg\",\"contentUrl\":\"https:\/\/www.carmelitaniscalzi.com\/wp-content\/uploads\/2018\/08\/kerala-flood.jpg\",\"width\":1280,\"height\":720},{\"@type\":\"BreadcrumbList\",\"@id\":\"https:\/\/www.carmelitaniscalzi.com\/es\/2018\/09\/01\/inundaciones-en-kerala-india\/#breadcrumb\",\"itemListElement\":[{\"@type\":\"ListItem\",\"position\":1,\"name\":\"Home\",\"item\":\"https:\/\/www.carmelitaniscalzi.com\/es\/\"},{\"@type\":\"ListItem\",\"position\":2,\"name\":\"Inundaciones en Kerala (India)\"}]},{\"@type\":\"WebSite\",\"@id\":\"https:\/\/www.carmelitaniscalzi.com\/#website\",\"url\":\"https:\/\/www.carmelitaniscalzi.com\/\",\"name\":\"CARMELITANI SCALZI - Curia Generale del Carmelo Teresiano\",\"description\":\"Curia General del Carmelo Teresiano\",\"publisher\":{\"@id\":\"https:\/\/www.carmelitaniscalzi.com\/#organization\"},\"alternateName\":\"CARMELITANI SCALZI\",\"potentialAction\":[{\"@type\":\"SearchAction\",\"target\":{\"@type\":\"EntryPoint\",\"urlTemplate\":\"https:\/\/www.carmelitaniscalzi.com\/?s={search_term_string}\"},\"query-input\":{\"@type\":\"PropertyValueSpecification\",\"valueRequired\":true,\"valueName\":\"search_term_string\"}}],\"inLanguage\":\"es\"},{\"@type\":\"Organization\",\"@id\":\"https:\/\/www.carmelitaniscalzi.com\/#organization\",\"name\":\"CARMELITANI SCALZI - Curia Generale del Carmelo Teresiano\",\"url\":\"https:\/\/www.carmelitaniscalzi.com\/\",\"logo\":{\"@type\":\"ImageObject\",\"inLanguage\":\"es\",\"@id\":\"https:\/\/www.carmelitaniscalzi.com\/#\/schema\/logo\/image\/\",\"url\":\"https:\/\/www.carmelitaniscalzi.com\/wp-content\/uploads\/2025\/11\/login-logo.png\",\"contentUrl\":\"https:\/\/www.carmelitaniscalzi.com\/wp-content\/uploads\/2025\/11\/login-logo.png\",\"width\":256,\"height\":256,\"caption\":\"CARMELITANI SCALZI - Curia Generale del Carmelo Teresiano\"},\"image\":{\"@id\":\"https:\/\/www.carmelitaniscalzi.com\/#\/schema\/logo\/image\/\"},\"sameAs\":[\"https:\/\/www.facebook.com\/Curia-Generalizia-Carmelitani-Scalzi-658766940887784\/\",\"https:\/\/x.com\/ocdcuria\",\"https:\/\/www.youtube.com\/channel\/UC2J5ZL0ycOY0qBSTCLX_NGQ\/videos\",\"https:\/\/www.instagram.com\/ocdinform\/\"]},{\"@type\":\"Person\",\"@id\":\"https:\/\/www.carmelitaniscalzi.com\/#\/schema\/person\/6d1c0d9bea7b6625c437246a5d6da409\",\"name\":\"ocd web master\",\"image\":{\"@type\":\"ImageObject\",\"inLanguage\":\"es\",\"@id\":\"https:\/\/www.carmelitaniscalzi.com\/#\/schema\/person\/image\/\",\"url\":\"https:\/\/secure.gravatar.com\/avatar\/41fbc5f82bad909fbaf2984c43fa50d8519ac5853e25b454d022b6868f80d0e7?s=96&d=mm&r=g\",\"contentUrl\":\"https:\/\/secure.gravatar.com\/avatar\/41fbc5f82bad909fbaf2984c43fa50d8519ac5853e25b454d022b6868f80d0e7?s=96&d=mm&r=g\",\"caption\":\"ocd web master\"},\"url\":\"https:\/\/www.carmelitaniscalzi.com\/es\/author\/ocdwebmaster\/\"}]}<\/script>\n<!-- \/ Yoast SEO plugin. -->","yoast_head_json":{"title":"Inundaciones en Kerala (India) - CARMELITAS DESCALZOS","robots":{"index":"index","follow":"follow","max-snippet":"max-snippet:-1","max-image-preview":"max-image-preview:large","max-video-preview":"max-video-preview:-1"},"canonical":"https:\/\/www.carmelitaniscalzi.com\/es\/2018\/09\/01\/inundaciones-en-kerala-india\/","og_locale":"es_ES","og_type":"article","og_title":"Inundaciones en Kerala (India) - CARMELITAS DESCALZOS","og_description":"Las continuas lluvias ca\u00eddas durante semanas en el estado de Kerala, India, han provocado da\u00f1os enormes en las que ya han sido calificadas como las peores inundaciones en m\u00e1s de cien a\u00f1os en aquel territorio. Como consecuencia, la tierra se ha deslizado en las zonas monta\u00f1osas produciendo peligrosos aluviones y los embalses est\u00e1n llenos, lo [&hellip;]","og_url":"https:\/\/www.carmelitaniscalzi.com\/es\/2018\/09\/01\/inundaciones-en-kerala-india\/","og_site_name":"CARMELITAS DESCALZOS","article_publisher":"https:\/\/www.facebook.com\/Curia-Generalizia-Carmelitani-Scalzi-658766940887784\/","article_published_time":"2018-08-31T22:33:22+00:00","og_image":[{"width":1280,"height":720,"url":"https:\/\/www.carmelitaniscalzi.com\/wp-content\/uploads\/2018\/08\/kerala-flood.jpg","type":"image\/jpeg"}],"author":"ocd web master","twitter_card":"summary_large_image","twitter_creator":"@ocdcuria","twitter_site":"@ocdcuria","twitter_misc":{"Escrito por":"ocd web master","Tiempo de lectura":"3 minutos"},"schema":{"@context":"https:\/\/schema.org","@graph":[{"@type":"Article","@id":"https:\/\/www.carmelitaniscalzi.com\/es\/2018\/09\/01\/inundaciones-en-kerala-india\/#article","isPartOf":{"@id":"https:\/\/www.carmelitaniscalzi.com\/es\/2018\/09\/01\/inundaciones-en-kerala-india\/"},"author":{"name":"ocd web master","@id":"https:\/\/www.carmelitaniscalzi.com\/#\/schema\/person\/6d1c0d9bea7b6625c437246a5d6da409"},"headline":"Inundaciones en Kerala (India)","datePublished":"2018-08-31T22:33:22+00:00","mainEntityOfPage":{"@id":"https:\/\/www.carmelitaniscalzi.com\/es\/2018\/09\/01\/inundaciones-en-kerala-india\/"},"wordCount":616,"publisher":{"@id":"https:\/\/www.carmelitaniscalzi.com\/#organization"},"image":{"@id":"https:\/\/www.carmelitaniscalzi.com\/es\/2018\/09\/01\/inundaciones-en-kerala-india\/#primaryimage"},"thumbnailUrl":"https:\/\/www.carmelitaniscalzi.com\/wp-content\/uploads\/2018\/08\/kerala-flood.jpg","articleSection":["Noticias Frailes","Noticias"],"inLanguage":"es"},{"@type":"WebPage","@id":"https:\/\/www.carmelitaniscalzi.com\/es\/2018\/09\/01\/inundaciones-en-kerala-india\/","url":"https:\/\/www.carmelitaniscalzi.com\/es\/2018\/09\/01\/inundaciones-en-kerala-india\/","name":"Inundaciones en Kerala (India) - CARMELITAS DESCALZOS","isPartOf":{"@id":"https:\/\/www.carmelitaniscalzi.com\/#website"},"primaryImageOfPage":{"@id":"https:\/\/www.carmelitaniscalzi.com\/es\/2018\/09\/01\/inundaciones-en-kerala-india\/#primaryimage"},"image":{"@id":"https:\/\/www.carmelitaniscalzi.com\/es\/2018\/09\/01\/inundaciones-en-kerala-india\/#primaryimage"},"thumbnailUrl":"https:\/\/www.carmelitaniscalzi.com\/wp-content\/uploads\/2018\/08\/kerala-flood.jpg","datePublished":"2018-08-31T22:33:22+00:00","breadcrumb":{"@id":"https:\/\/www.carmelitaniscalzi.com\/es\/2018\/09\/01\/inundaciones-en-kerala-india\/#breadcrumb"},"inLanguage":"es","potentialAction":[{"@type":"ReadAction","target":["https:\/\/www.carmelitaniscalzi.com\/es\/2018\/09\/01\/inundaciones-en-kerala-india\/"]}]},{"@type":"ImageObject","inLanguage":"es","@id":"https:\/\/www.carmelitaniscalzi.com\/es\/2018\/09\/01\/inundaciones-en-kerala-india\/#primaryimage","url":"https:\/\/www.carmelitaniscalzi.com\/wp-content\/uploads\/2018\/08\/kerala-flood.jpg","contentUrl":"https:\/\/www.carmelitaniscalzi.com\/wp-content\/uploads\/2018\/08\/kerala-flood.jpg","width":1280,"height":720},{"@type":"BreadcrumbList","@id":"https:\/\/www.carmelitaniscalzi.com\/es\/2018\/09\/01\/inundaciones-en-kerala-india\/#breadcrumb","itemListElement":[{"@type":"ListItem","position":1,"name":"Home","item":"https:\/\/www.carmelitaniscalzi.com\/es\/"},{"@type":"ListItem","position":2,"name":"Inundaciones en Kerala (India)"}]},{"@type":"WebSite","@id":"https:\/\/www.carmelitaniscalzi.com\/#website","url":"https:\/\/www.carmelitaniscalzi.com\/","name":"CARMELITANI SCALZI - Curia Generale del Carmelo Teresiano","description":"Curia General del Carmelo Teresiano","publisher":{"@id":"https:\/\/www.carmelitaniscalzi.com\/#organization"},"alternateName":"CARMELITANI SCALZI","potentialAction":[{"@type":"SearchAction","target":{"@type":"EntryPoint","urlTemplate":"https:\/\/www.carmelitaniscalzi.com\/?s={search_term_string}"},"query-input":{"@type":"PropertyValueSpecification","valueRequired":true,"valueName":"search_term_string"}}],"inLanguage":"es"},{"@type":"Organization","@id":"https:\/\/www.carmelitaniscalzi.com\/#organization","name":"CARMELITANI SCALZI - Curia Generale del Carmelo Teresiano","url":"https:\/\/www.carmelitaniscalzi.com\/","logo":{"@type":"ImageObject","inLanguage":"es","@id":"https:\/\/www.carmelitaniscalzi.com\/#\/schema\/logo\/image\/","url":"https:\/\/www.carmelitaniscalzi.com\/wp-content\/uploads\/2025\/11\/login-logo.png","contentUrl":"https:\/\/www.carmelitaniscalzi.com\/wp-content\/uploads\/2025\/11\/login-logo.png","width":256,"height":256,"caption":"CARMELITANI SCALZI - Curia Generale del Carmelo Teresiano"},"image":{"@id":"https:\/\/www.carmelitaniscalzi.com\/#\/schema\/logo\/image\/"},"sameAs":["https:\/\/www.facebook.com\/Curia-Generalizia-Carmelitani-Scalzi-658766940887784\/","https:\/\/x.com\/ocdcuria","https:\/\/www.youtube.com\/channel\/UC2J5ZL0ycOY0qBSTCLX_NGQ\/videos","https:\/\/www.instagram.com\/ocdinform\/"]},{"@type":"Person","@id":"https:\/\/www.carmelitaniscalzi.com\/#\/schema\/person\/6d1c0d9bea7b6625c437246a5d6da409","name":"ocd web master","image":{"@type":"ImageObject","inLanguage":"es","@id":"https:\/\/www.carmelitaniscalzi.com\/#\/schema\/person\/image\/","url":"https:\/\/secure.gravatar.com\/avatar\/41fbc5f82bad909fbaf2984c43fa50d8519ac5853e25b454d022b6868f80d0e7?s=96&d=mm&r=g","contentUrl":"https:\/\/secure.gravatar.com\/avatar\/41fbc5f82bad909fbaf2984c43fa50d8519ac5853e25b454d022b6868f80d0e7?s=96&d=mm&r=g","caption":"ocd web master"},"url":"https:\/\/www.carmelitaniscalzi.com\/es\/author\/ocdwebmaster\/"}]}},"_links":{"self":[{"href":"https:\/\/www.carmelitaniscalzi.com\/es\/wp-json\/wp\/v2\/posts\/21713","targetHints":{"allow":["GET"]}}],"collection":[{"href":"https:\/\/www.carmelitaniscalzi.com\/es\/wp-json\/wp\/v2\/posts"}],"about":[{"href":"https:\/\/www.carmelitaniscalzi.com\/es\/wp-json\/wp\/v2\/types\/post"}],"author":[{"embeddable":true,"href":"https:\/\/www.carmelitaniscalzi.com\/es\/wp-json\/wp\/v2\/users\/7"}],"replies":[{"embeddable":true,"href":"https:\/\/www.carmelitaniscalzi.com\/es\/wp-json\/wp\/v2\/comments?post=21713"}],"version-history":[{"count":0,"href":"https:\/\/www.carmelitaniscalzi.com\/es\/wp-json\/wp\/v2\/posts\/21713\/revisions"}],"wp:featuredmedia":[{"embeddable":true,"href":"https:\/\/www.carmelitaniscalzi.com\/es\/wp-json\/wp\/v2\/media\/21701"}],"wp:attachment":[{"href":"https:\/\/www.carmelitaniscalzi.com\/es\/wp-json\/wp\/v2\/media?parent=21713"}],"wp:term":[{"taxonomy":"category","embeddable":true,"href":"https:\/\/www.carmelitaniscalzi.com\/es\/wp-json\/wp\/v2\/categories?post=21713"},{"taxonomy":"post_tag","embeddable":true,"href":"https:\/\/www.carmelitaniscalzi.com\/es\/wp-json\/wp\/v2\/tags?post=21713"}],"curies":[{"name":"wp","href":"https:\/\/api.w.org\/{rel}","templated":true}]}}