{"id":21521,"date":"2018-08-08T15:03:27","date_gmt":"2018-08-08T13:03:27","guid":{"rendered":"https:\/\/www.carmelitaniscalzi.com\/es\/?p=21521"},"modified":"2018-08-08T15:03:27","modified_gmt":"2018-08-08T13:03:27","slug":"curso-de-formacion-de-las-monjas-italianas-en-nenshat-albania","status":"publish","type":"post","link":"https:\/\/www.carmelitaniscalzi.com\/es\/2018\/08\/08\/curso-de-formacion-de-las-monjas-italianas-en-nenshat-albania\/","title":{"rendered":"Curso de formaci\u00f3n de las monjas italianas en N\u00ebnshat, Albania"},"content":{"rendered":"<p>El 9 de junio se inici\u00f3 un encuentro de monjas j\u00f3venes de la Federaci\u00f3n italiana de monasterios \u201cMater Carmeli\u201d, en la casa de espiritualidad de los Padres Carmelitas descalzos en N\u00ebnshat, Albania. Se reunieron un total de 23 religiosas, entre profesas y formandas, que pudieron tambi\u00e9n compartir algunos momentos con la comunidad de Carmelitas descalzas que se encuentra en un monasterio muy cercano a la comunidad-casa de espiritualidad de los frailes.<\/p>\n<p>El contenido formativo del encuentro fue, en primer lugar, de tipo carmelitano, a trav\u00e9s de un acercamiento a la figura del carmelita descalzo h\u00fangaro P. Marcelo, al que present\u00f3 un hermano de la misma nacionalidad, el P. Rafael Bakos, quien destac\u00f3 la calidad del testimonio de Dios fundado en la experiencia con un particular acento mariano que transmite el P. Marcelo.<\/p>\n<p>La segunda parte del encuentro tuvo un matiz m\u00e1s psicol\u00f3gico, gracias a las conferencias de la hermana Bruna Zaltron, ursulina, sobre las heridas de la personalidad, las crisis, las estrategias para sortear los desencantos o la vida fraterna, entre otros temas.<\/p>\n<p>Hubo tiempo tambi\u00e9n para visitar a las clarisas de Scutari y acercarse al \u201clugar de la memoria\u201d, museo adyacente al monasterio que recuerda el martirio de la Iglesia de Albania a manos del r\u00e9gimen comunista.<\/p>\n<p>La eucarist\u00eda final fue presidida por el obispo local, Mons. Sim\u00f3n Kulli, quien agradeci\u00f3 la presencia de las hermanas, quienes volvieron a Italia llenas de alegr\u00eda por el gozo de la fraternidad compartida entre religiosas de diferentes monasterios, as\u00ed como con los frailes y monjas del Carmelo teresiano alban\u00e9s.<\/p>\n<p><img loading=\"lazy\" decoding=\"async\" class=\"alignnone size-medium wp-image-21513\" src=\"https:\/\/www.carmelitaniscalzi.com\/wp-content\/uploads\/2018\/08\/03-1-300x225.jpg\" alt=\"\" width=\"300\" height=\"225\" srcset=\"https:\/\/www.carmelitaniscalzi.com\/wp-content\/uploads\/2018\/08\/03-1-300x225.jpg 300w, https:\/\/www.carmelitaniscalzi.com\/wp-content\/uploads\/2018\/08\/03-1-768x576.jpg 768w, https:\/\/www.carmelitaniscalzi.com\/wp-content\/uploads\/2018\/08\/03-1-1024x768.jpg 1024w, https:\/\/www.carmelitaniscalzi.com\/wp-content\/uploads\/2018\/08\/03-1-73x55.jpg 73w, https:\/\/www.carmelitaniscalzi.com\/wp-content\/uploads\/2018\/08\/03-1-800x600.jpg 800w, https:\/\/www.carmelitaniscalzi.com\/wp-content\/uploads\/2018\/08\/03-1-580x435.jpg 580w, https:\/\/www.carmelitaniscalzi.com\/wp-content\/uploads\/2018\/08\/03-1.jpg 1440w\" sizes=\"auto, (max-width: 300px) 100vw, 300px\" \/> <img loading=\"lazy\" decoding=\"async\" class=\"alignnone size-medium wp-image-21512\" src=\"https:\/\/www.carmelitaniscalzi.com\/wp-content\/uploads\/2018\/08\/02-1-300x154.jpg\" alt=\"\" width=\"300\" height=\"154\" srcset=\"https:\/\/www.carmelitaniscalzi.com\/wp-content\/uploads\/2018\/08\/02-1-300x154.jpg 300w, https:\/\/www.carmelitaniscalzi.com\/wp-content\/uploads\/2018\/08\/02-1-768x395.jpg 768w, https:\/\/www.carmelitaniscalzi.com\/wp-content\/uploads\/2018\/08\/02-1-1024x526.jpg 1024w, https:\/\/www.carmelitaniscalzi.com\/wp-content\/uploads\/2018\/08\/02-1-107x55.jpg 107w, https:\/\/www.carmelitaniscalzi.com\/wp-content\/uploads\/2018\/08\/02-1-1600x823.jpg 1600w, https:\/\/www.carmelitaniscalzi.com\/wp-content\/uploads\/2018\/08\/02-1-800x411.jpg 800w, https:\/\/www.carmelitaniscalzi.com\/wp-content\/uploads\/2018\/08\/02-1-580x298.jpg 580w, https:\/\/www.carmelitaniscalzi.com\/wp-content\/uploads\/2018\/08\/02-1.jpg 1920w\" sizes=\"auto, (max-width: 300px) 100vw, 300px\" \/> <img loading=\"lazy\" decoding=\"async\" class=\"alignnone size-medium wp-image-21511\" src=\"https:\/\/www.carmelitaniscalzi.com\/wp-content\/uploads\/2018\/08\/01-1-300x225.jpg\" alt=\"\" width=\"300\" height=\"225\" srcset=\"https:\/\/www.carmelitaniscalzi.com\/wp-content\/uploads\/2018\/08\/01-1-300x225.jpg 300w, https:\/\/www.carmelitaniscalzi.com\/wp-content\/uploads\/2018\/08\/01-1-768x576.jpg 768w, https:\/\/www.carmelitaniscalzi.com\/wp-content\/uploads\/2018\/08\/01-1-1024x768.jpg 1024w, https:\/\/www.carmelitaniscalzi.com\/wp-content\/uploads\/2018\/08\/01-1-73x55.jpg 73w, https:\/\/www.carmelitaniscalzi.com\/wp-content\/uploads\/2018\/08\/01-1-800x600.jpg 800w, https:\/\/www.carmelitaniscalzi.com\/wp-content\/uploads\/2018\/08\/01-1-580x435.jpg 580w, https:\/\/www.carmelitaniscalzi.com\/wp-content\/uploads\/2018\/08\/01-1.jpg 1440w\" sizes=\"auto, (max-width: 300px) 100vw, 300px\" \/><\/p>\n","protected":false},"excerpt":{"rendered":"<p>El 9 de junio se inici\u00f3 un encuentro de monjas j\u00f3venes de la Federaci\u00f3n italiana de monasterios \u201cMater Carmeli\u201d, en la casa de espiritualidad de los Padres Carmelitas descalzos en N\u00ebnshat, Albania. Se reunieron un total de 23 religiosas, entre profesas y formandas, que pudieron tambi\u00e9n compartir algunos momentos con la comunidad de Carmelitas descalzas [&hellip;]<\/p>\n","protected":false},"author":7,"featured_media":21510,"comment_status":"closed","ping_status":"closed","sticky":false,"template":"","format":"standard","meta":{"_acf_changed":false,"footnotes":""},"categories":[176,372],"tags":[],"class_list":["post-21521","post","type-post","status-publish","format-standard","has-post-thumbnail","hentry","category-noticias-monjas","category-noticias"],"acf":[],"yoast_head":"<!-- This site is optimized with the Yoast SEO plugin v26.3 - https:\/\/yoast.com\/wordpress\/plugins\/seo\/ -->\n<title>Curso de formaci\u00f3n de las monjas italianas en N\u00ebnshat, Albania - CARMELITAS DESCALZOS<\/title>\n<meta name=\"robots\" content=\"index, follow, max-snippet:-1, max-image-preview:large, max-video-preview:-1\" \/>\n<link rel=\"canonical\" href=\"https:\/\/www.carmelitaniscalzi.com\/es\/2018\/08\/08\/curso-de-formacion-de-las-monjas-italianas-en-nenshat-albania\/\" \/>\n<meta property=\"og:locale\" content=\"es_ES\" \/>\n<meta property=\"og:type\" content=\"article\" \/>\n<meta property=\"og:title\" content=\"Curso de formaci\u00f3n de las monjas italianas en N\u00ebnshat, Albania - CARMELITAS DESCALZOS\" \/>\n<meta property=\"og:description\" content=\"El 9 de junio se inici\u00f3 un encuentro de monjas j\u00f3venes de la Federaci\u00f3n italiana de monasterios \u201cMater Carmeli\u201d, en la casa de espiritualidad de los Padres Carmelitas descalzos en N\u00ebnshat, Albania. Se reunieron un total de 23 religiosas, entre profesas y formandas, que pudieron tambi\u00e9n compartir algunos momentos con la comunidad de Carmelitas descalzas [&hellip;]\" \/>\n<meta property=\"og:url\" content=\"https:\/\/www.carmelitaniscalzi.com\/es\/2018\/08\/08\/curso-de-formacion-de-las-monjas-italianas-en-nenshat-albania\/\" \/>\n<meta property=\"og:site_name\" content=\"CARMELITAS DESCALZOS\" \/>\n<meta property=\"article:publisher\" content=\"https:\/\/www.facebook.com\/Curia-Generalizia-Carmelitani-Scalzi-658766940887784\/\" \/>\n<meta property=\"article:published_time\" content=\"2018-08-08T13:03:27+00:00\" \/>\n<meta property=\"og:image\" content=\"https:\/\/www.carmelitaniscalzi.com\/wp-content\/uploads\/2018\/08\/00.jpg\" \/>\n\t<meta property=\"og:image:width\" content=\"1920\" \/>\n\t<meta property=\"og:image:height\" content=\"1040\" \/>\n\t<meta property=\"og:image:type\" content=\"image\/jpeg\" \/>\n<meta name=\"author\" content=\"ocd web master\" \/>\n<meta name=\"twitter:card\" content=\"summary_large_image\" \/>\n<meta name=\"twitter:creator\" content=\"@ocdcuria\" \/>\n<meta name=\"twitter:site\" content=\"@ocdcuria\" \/>\n<meta name=\"twitter:label1\" content=\"Escrito por\" \/>\n\t<meta name=\"twitter:data1\" content=\"ocd web master\" \/>\n\t<meta name=\"twitter:label2\" content=\"Tiempo de lectura\" \/>\n\t<meta name=\"twitter:data2\" content=\"1 minuto\" \/>\n<script type=\"application\/ld+json\" class=\"yoast-schema-graph\">{\"@context\":\"https:\/\/schema.org\",\"@graph\":[{\"@type\":\"Article\",\"@id\":\"https:\/\/www.carmelitaniscalzi.com\/es\/2018\/08\/08\/curso-de-formacion-de-las-monjas-italianas-en-nenshat-albania\/#article\",\"isPartOf\":{\"@id\":\"https:\/\/www.carmelitaniscalzi.com\/es\/2018\/08\/08\/curso-de-formacion-de-las-monjas-italianas-en-nenshat-albania\/\"},\"author\":{\"name\":\"ocd web master\",\"@id\":\"https:\/\/www.carmelitaniscalzi.com\/#\/schema\/person\/6d1c0d9bea7b6625c437246a5d6da409\"},\"headline\":\"Curso de formaci\u00f3n de las monjas italianas en N\u00ebnshat, Albania\",\"datePublished\":\"2018-08-08T13:03:27+00:00\",\"mainEntityOfPage\":{\"@id\":\"https:\/\/www.carmelitaniscalzi.com\/es\/2018\/08\/08\/curso-de-formacion-de-las-monjas-italianas-en-nenshat-albania\/\"},\"wordCount\":281,\"publisher\":{\"@id\":\"https:\/\/www.carmelitaniscalzi.com\/#organization\"},\"image\":{\"@id\":\"https:\/\/www.carmelitaniscalzi.com\/es\/2018\/08\/08\/curso-de-formacion-de-las-monjas-italianas-en-nenshat-albania\/#primaryimage\"},\"thumbnailUrl\":\"https:\/\/www.carmelitaniscalzi.com\/wp-content\/uploads\/2018\/08\/00.jpg\",\"articleSection\":[\"Noticias Monjas\",\"Noticias\"],\"inLanguage\":\"es\"},{\"@type\":\"WebPage\",\"@id\":\"https:\/\/www.carmelitaniscalzi.com\/es\/2018\/08\/08\/curso-de-formacion-de-las-monjas-italianas-en-nenshat-albania\/\",\"url\":\"https:\/\/www.carmelitaniscalzi.com\/es\/2018\/08\/08\/curso-de-formacion-de-las-monjas-italianas-en-nenshat-albania\/\",\"name\":\"Curso de formaci\u00f3n de las monjas italianas en N\u00ebnshat, Albania - CARMELITAS DESCALZOS\",\"isPartOf\":{\"@id\":\"https:\/\/www.carmelitaniscalzi.com\/#website\"},\"primaryImageOfPage\":{\"@id\":\"https:\/\/www.carmelitaniscalzi.com\/es\/2018\/08\/08\/curso-de-formacion-de-las-monjas-italianas-en-nenshat-albania\/#primaryimage\"},\"image\":{\"@id\":\"https:\/\/www.carmelitaniscalzi.com\/es\/2018\/08\/08\/curso-de-formacion-de-las-monjas-italianas-en-nenshat-albania\/#primaryimage\"},\"thumbnailUrl\":\"https:\/\/www.carmelitaniscalzi.com\/wp-content\/uploads\/2018\/08\/00.jpg\",\"datePublished\":\"2018-08-08T13:03:27+00:00\",\"breadcrumb\":{\"@id\":\"https:\/\/www.carmelitaniscalzi.com\/es\/2018\/08\/08\/curso-de-formacion-de-las-monjas-italianas-en-nenshat-albania\/#breadcrumb\"},\"inLanguage\":\"es\",\"potentialAction\":[{\"@type\":\"ReadAction\",\"target\":[\"https:\/\/www.carmelitaniscalzi.com\/es\/2018\/08\/08\/curso-de-formacion-de-las-monjas-italianas-en-nenshat-albania\/\"]}]},{\"@type\":\"ImageObject\",\"inLanguage\":\"es\",\"@id\":\"https:\/\/www.carmelitaniscalzi.com\/es\/2018\/08\/08\/curso-de-formacion-de-las-monjas-italianas-en-nenshat-albania\/#primaryimage\",\"url\":\"https:\/\/www.carmelitaniscalzi.com\/wp-content\/uploads\/2018\/08\/00.jpg\",\"contentUrl\":\"https:\/\/www.carmelitaniscalzi.com\/wp-content\/uploads\/2018\/08\/00.jpg\",\"width\":1920,\"height\":1040},{\"@type\":\"BreadcrumbList\",\"@id\":\"https:\/\/www.carmelitaniscalzi.com\/es\/2018\/08\/08\/curso-de-formacion-de-las-monjas-italianas-en-nenshat-albania\/#breadcrumb\",\"itemListElement\":[{\"@type\":\"ListItem\",\"position\":1,\"name\":\"Home\",\"item\":\"https:\/\/www.carmelitaniscalzi.com\/es\/\"},{\"@type\":\"ListItem\",\"position\":2,\"name\":\"Curso de formaci\u00f3n de las monjas italianas en N\u00ebnshat, Albania\"}]},{\"@type\":\"WebSite\",\"@id\":\"https:\/\/www.carmelitaniscalzi.com\/#website\",\"url\":\"https:\/\/www.carmelitaniscalzi.com\/\",\"name\":\"CARMELITANI SCALZI - Curia Generale del Carmelo Teresiano\",\"description\":\"Curia General del Carmelo Teresiano\",\"publisher\":{\"@id\":\"https:\/\/www.carmelitaniscalzi.com\/#organization\"},\"alternateName\":\"CARMELITANI SCALZI\",\"potentialAction\":[{\"@type\":\"SearchAction\",\"target\":{\"@type\":\"EntryPoint\",\"urlTemplate\":\"https:\/\/www.carmelitaniscalzi.com\/?s={search_term_string}\"},\"query-input\":{\"@type\":\"PropertyValueSpecification\",\"valueRequired\":true,\"valueName\":\"search_term_string\"}}],\"inLanguage\":\"es\"},{\"@type\":\"Organization\",\"@id\":\"https:\/\/www.carmelitaniscalzi.com\/#organization\",\"name\":\"CARMELITANI SCALZI - Curia Generale del Carmelo Teresiano\",\"url\":\"https:\/\/www.carmelitaniscalzi.com\/\",\"logo\":{\"@type\":\"ImageObject\",\"inLanguage\":\"es\",\"@id\":\"https:\/\/www.carmelitaniscalzi.com\/#\/schema\/logo\/image\/\",\"url\":\"https:\/\/www.carmelitaniscalzi.com\/wp-content\/uploads\/2025\/11\/login-logo.png\",\"contentUrl\":\"https:\/\/www.carmelitaniscalzi.com\/wp-content\/uploads\/2025\/11\/login-logo.png\",\"width\":256,\"height\":256,\"caption\":\"CARMELITANI SCALZI - Curia Generale del Carmelo Teresiano\"},\"image\":{\"@id\":\"https:\/\/www.carmelitaniscalzi.com\/#\/schema\/logo\/image\/\"},\"sameAs\":[\"https:\/\/www.facebook.com\/Curia-Generalizia-Carmelitani-Scalzi-658766940887784\/\",\"https:\/\/x.com\/ocdcuria\",\"https:\/\/www.youtube.com\/channel\/UC2J5ZL0ycOY0qBSTCLX_NGQ\/videos\",\"https:\/\/www.instagram.com\/ocdinform\/\"]},{\"@type\":\"Person\",\"@id\":\"https:\/\/www.carmelitaniscalzi.com\/#\/schema\/person\/6d1c0d9bea7b6625c437246a5d6da409\",\"name\":\"ocd web master\",\"image\":{\"@type\":\"ImageObject\",\"inLanguage\":\"es\",\"@id\":\"https:\/\/www.carmelitaniscalzi.com\/#\/schema\/person\/image\/\",\"url\":\"https:\/\/secure.gravatar.com\/avatar\/41fbc5f82bad909fbaf2984c43fa50d8519ac5853e25b454d022b6868f80d0e7?s=96&d=mm&r=g\",\"contentUrl\":\"https:\/\/secure.gravatar.com\/avatar\/41fbc5f82bad909fbaf2984c43fa50d8519ac5853e25b454d022b6868f80d0e7?s=96&d=mm&r=g\",\"caption\":\"ocd web master\"},\"url\":\"https:\/\/www.carmelitaniscalzi.com\/es\/author\/ocdwebmaster\/\"}]}<\/script>\n<!-- \/ Yoast SEO plugin. -->","yoast_head_json":{"title":"Curso de formaci\u00f3n de las monjas italianas en N\u00ebnshat, Albania - CARMELITAS DESCALZOS","robots":{"index":"index","follow":"follow","max-snippet":"max-snippet:-1","max-image-preview":"max-image-preview:large","max-video-preview":"max-video-preview:-1"},"canonical":"https:\/\/www.carmelitaniscalzi.com\/es\/2018\/08\/08\/curso-de-formacion-de-las-monjas-italianas-en-nenshat-albania\/","og_locale":"es_ES","og_type":"article","og_title":"Curso de formaci\u00f3n de las monjas italianas en N\u00ebnshat, Albania - CARMELITAS DESCALZOS","og_description":"El 9 de junio se inici\u00f3 un encuentro de monjas j\u00f3venes de la Federaci\u00f3n italiana de monasterios \u201cMater Carmeli\u201d, en la casa de espiritualidad de los Padres Carmelitas descalzos en N\u00ebnshat, Albania. Se reunieron un total de 23 religiosas, entre profesas y formandas, que pudieron tambi\u00e9n compartir algunos momentos con la comunidad de Carmelitas descalzas [&hellip;]","og_url":"https:\/\/www.carmelitaniscalzi.com\/es\/2018\/08\/08\/curso-de-formacion-de-las-monjas-italianas-en-nenshat-albania\/","og_site_name":"CARMELITAS DESCALZOS","article_publisher":"https:\/\/www.facebook.com\/Curia-Generalizia-Carmelitani-Scalzi-658766940887784\/","article_published_time":"2018-08-08T13:03:27+00:00","og_image":[{"width":1920,"height":1040,"url":"https:\/\/www.carmelitaniscalzi.com\/wp-content\/uploads\/2018\/08\/00.jpg","type":"image\/jpeg"}],"author":"ocd web master","twitter_card":"summary_large_image","twitter_creator":"@ocdcuria","twitter_site":"@ocdcuria","twitter_misc":{"Escrito por":"ocd web master","Tiempo de lectura":"1 minuto"},"schema":{"@context":"https:\/\/schema.org","@graph":[{"@type":"Article","@id":"https:\/\/www.carmelitaniscalzi.com\/es\/2018\/08\/08\/curso-de-formacion-de-las-monjas-italianas-en-nenshat-albania\/#article","isPartOf":{"@id":"https:\/\/www.carmelitaniscalzi.com\/es\/2018\/08\/08\/curso-de-formacion-de-las-monjas-italianas-en-nenshat-albania\/"},"author":{"name":"ocd web master","@id":"https:\/\/www.carmelitaniscalzi.com\/#\/schema\/person\/6d1c0d9bea7b6625c437246a5d6da409"},"headline":"Curso de formaci\u00f3n de las monjas italianas en N\u00ebnshat, Albania","datePublished":"2018-08-08T13:03:27+00:00","mainEntityOfPage":{"@id":"https:\/\/www.carmelitaniscalzi.com\/es\/2018\/08\/08\/curso-de-formacion-de-las-monjas-italianas-en-nenshat-albania\/"},"wordCount":281,"publisher":{"@id":"https:\/\/www.carmelitaniscalzi.com\/#organization"},"image":{"@id":"https:\/\/www.carmelitaniscalzi.com\/es\/2018\/08\/08\/curso-de-formacion-de-las-monjas-italianas-en-nenshat-albania\/#primaryimage"},"thumbnailUrl":"https:\/\/www.carmelitaniscalzi.com\/wp-content\/uploads\/2018\/08\/00.jpg","articleSection":["Noticias Monjas","Noticias"],"inLanguage":"es"},{"@type":"WebPage","@id":"https:\/\/www.carmelitaniscalzi.com\/es\/2018\/08\/08\/curso-de-formacion-de-las-monjas-italianas-en-nenshat-albania\/","url":"https:\/\/www.carmelitaniscalzi.com\/es\/2018\/08\/08\/curso-de-formacion-de-las-monjas-italianas-en-nenshat-albania\/","name":"Curso de formaci\u00f3n de las monjas italianas en N\u00ebnshat, Albania - CARMELITAS DESCALZOS","isPartOf":{"@id":"https:\/\/www.carmelitaniscalzi.com\/#website"},"primaryImageOfPage":{"@id":"https:\/\/www.carmelitaniscalzi.com\/es\/2018\/08\/08\/curso-de-formacion-de-las-monjas-italianas-en-nenshat-albania\/#primaryimage"},"image":{"@id":"https:\/\/www.carmelitaniscalzi.com\/es\/2018\/08\/08\/curso-de-formacion-de-las-monjas-italianas-en-nenshat-albania\/#primaryimage"},"thumbnailUrl":"https:\/\/www.carmelitaniscalzi.com\/wp-content\/uploads\/2018\/08\/00.jpg","datePublished":"2018-08-08T13:03:27+00:00","breadcrumb":{"@id":"https:\/\/www.carmelitaniscalzi.com\/es\/2018\/08\/08\/curso-de-formacion-de-las-monjas-italianas-en-nenshat-albania\/#breadcrumb"},"inLanguage":"es","potentialAction":[{"@type":"ReadAction","target":["https:\/\/www.carmelitaniscalzi.com\/es\/2018\/08\/08\/curso-de-formacion-de-las-monjas-italianas-en-nenshat-albania\/"]}]},{"@type":"ImageObject","inLanguage":"es","@id":"https:\/\/www.carmelitaniscalzi.com\/es\/2018\/08\/08\/curso-de-formacion-de-las-monjas-italianas-en-nenshat-albania\/#primaryimage","url":"https:\/\/www.carmelitaniscalzi.com\/wp-content\/uploads\/2018\/08\/00.jpg","contentUrl":"https:\/\/www.carmelitaniscalzi.com\/wp-content\/uploads\/2018\/08\/00.jpg","width":1920,"height":1040},{"@type":"BreadcrumbList","@id":"https:\/\/www.carmelitaniscalzi.com\/es\/2018\/08\/08\/curso-de-formacion-de-las-monjas-italianas-en-nenshat-albania\/#breadcrumb","itemListElement":[{"@type":"ListItem","position":1,"name":"Home","item":"https:\/\/www.carmelitaniscalzi.com\/es\/"},{"@type":"ListItem","position":2,"name":"Curso de formaci\u00f3n de las monjas italianas en N\u00ebnshat, Albania"}]},{"@type":"WebSite","@id":"https:\/\/www.carmelitaniscalzi.com\/#website","url":"https:\/\/www.carmelitaniscalzi.com\/","name":"CARMELITANI SCALZI - Curia Generale del Carmelo Teresiano","description":"Curia General del Carmelo Teresiano","publisher":{"@id":"https:\/\/www.carmelitaniscalzi.com\/#organization"},"alternateName":"CARMELITANI SCALZI","potentialAction":[{"@type":"SearchAction","target":{"@type":"EntryPoint","urlTemplate":"https:\/\/www.carmelitaniscalzi.com\/?s={search_term_string}"},"query-input":{"@type":"PropertyValueSpecification","valueRequired":true,"valueName":"search_term_string"}}],"inLanguage":"es"},{"@type":"Organization","@id":"https:\/\/www.carmelitaniscalzi.com\/#organization","name":"CARMELITANI SCALZI - Curia Generale del Carmelo Teresiano","url":"https:\/\/www.carmelitaniscalzi.com\/","logo":{"@type":"ImageObject","inLanguage":"es","@id":"https:\/\/www.carmelitaniscalzi.com\/#\/schema\/logo\/image\/","url":"https:\/\/www.carmelitaniscalzi.com\/wp-content\/uploads\/2025\/11\/login-logo.png","contentUrl":"https:\/\/www.carmelitaniscalzi.com\/wp-content\/uploads\/2025\/11\/login-logo.png","width":256,"height":256,"caption":"CARMELITANI SCALZI - Curia Generale del Carmelo Teresiano"},"image":{"@id":"https:\/\/www.carmelitaniscalzi.com\/#\/schema\/logo\/image\/"},"sameAs":["https:\/\/www.facebook.com\/Curia-Generalizia-Carmelitani-Scalzi-658766940887784\/","https:\/\/x.com\/ocdcuria","https:\/\/www.youtube.com\/channel\/UC2J5ZL0ycOY0qBSTCLX_NGQ\/videos","https:\/\/www.instagram.com\/ocdinform\/"]},{"@type":"Person","@id":"https:\/\/www.carmelitaniscalzi.com\/#\/schema\/person\/6d1c0d9bea7b6625c437246a5d6da409","name":"ocd web master","image":{"@type":"ImageObject","inLanguage":"es","@id":"https:\/\/www.carmelitaniscalzi.com\/#\/schema\/person\/image\/","url":"https:\/\/secure.gravatar.com\/avatar\/41fbc5f82bad909fbaf2984c43fa50d8519ac5853e25b454d022b6868f80d0e7?s=96&d=mm&r=g","contentUrl":"https:\/\/secure.gravatar.com\/avatar\/41fbc5f82bad909fbaf2984c43fa50d8519ac5853e25b454d022b6868f80d0e7?s=96&d=mm&r=g","caption":"ocd web master"},"url":"https:\/\/www.carmelitaniscalzi.com\/es\/author\/ocdwebmaster\/"}]}},"_links":{"self":[{"href":"https:\/\/www.carmelitaniscalzi.com\/es\/wp-json\/wp\/v2\/posts\/21521","targetHints":{"allow":["GET"]}}],"collection":[{"href":"https:\/\/www.carmelitaniscalzi.com\/es\/wp-json\/wp\/v2\/posts"}],"about":[{"href":"https:\/\/www.carmelitaniscalzi.com\/es\/wp-json\/wp\/v2\/types\/post"}],"author":[{"embeddable":true,"href":"https:\/\/www.carmelitaniscalzi.com\/es\/wp-json\/wp\/v2\/users\/7"}],"replies":[{"embeddable":true,"href":"https:\/\/www.carmelitaniscalzi.com\/es\/wp-json\/wp\/v2\/comments?post=21521"}],"version-history":[{"count":0,"href":"https:\/\/www.carmelitaniscalzi.com\/es\/wp-json\/wp\/v2\/posts\/21521\/revisions"}],"wp:featuredmedia":[{"embeddable":true,"href":"https:\/\/www.carmelitaniscalzi.com\/es\/wp-json\/wp\/v2\/media\/21510"}],"wp:attachment":[{"href":"https:\/\/www.carmelitaniscalzi.com\/es\/wp-json\/wp\/v2\/media?parent=21521"}],"wp:term":[{"taxonomy":"category","embeddable":true,"href":"https:\/\/www.carmelitaniscalzi.com\/es\/wp-json\/wp\/v2\/categories?post=21521"},{"taxonomy":"post_tag","embeddable":true,"href":"https:\/\/www.carmelitaniscalzi.com\/es\/wp-json\/wp\/v2\/tags?post=21521"}],"curies":[{"name":"wp","href":"https:\/\/api.w.org\/{rel}","templated":true}]}}