{"id":21455,"date":"2018-07-30T13:59:22","date_gmt":"2018-07-30T11:59:22","guid":{"rendered":"https:\/\/www.carmelitaniscalzi.com\/es\/?p=21455"},"modified":"2018-07-30T13:59:22","modified_gmt":"2018-07-30T11:59:22","slug":"visita-del-cardenal-braz-de-aviz-las-carmelitas-descalzas-de-bolonia","status":"publish","type":"post","link":"https:\/\/www.carmelitaniscalzi.com\/es\/2018\/07\/30\/visita-del-cardenal-braz-de-aviz-las-carmelitas-descalzas-de-bolonia\/","title":{"rendered":"Visita del Cardenal Braz de Aviz a las Carmelitas descalzas de Bolonia"},"content":{"rendered":"<p>El d\u00eda 10 de junio pasado, nuestras hermanas de Bolonia recibieron la visita fraterna del Cardenal prefecto de la CIVCSVA, Mons. Jo\u00e3o Braz de Aviz, que se dirig\u00eda a la localidad vecina de Pontecchio Marconi, con el fin de participar en una jornada del Cap\u00edtulo General de las Misioneras de la Inmaculada del P. Kolbe.<\/p>\n<p>Durante su breve visita, el Cardenal Braz de Aviz, adem\u00e1s de rezar junto a las hermanas, mantuvo un di\u00e1logo espont\u00e1neo con ellas, abordando algunos temas referentes a la vida concreta de las monjas, su testimonio sencillo y alegre, el esp\u00edritu de comuni\u00f3n entre ellas y con la Iglesia que transmiten, que les rog\u00f3 sigan cultivando.<\/p>\n<p>As\u00ed mismo, nuestras hermanas pudieron compartir con \u00e9l algunas primeras impresiones sobre la Instrucci\u00f3n <em>Cor Orans<\/em> dedicada a la vida contemplativa.<\/p>\n<p>En la versi\u00f3n en italiano de la p\u00e1gina Web puede encontrarse una cr\u00f3nica m\u00e1s detallada del encuentro en dicha lengua.<\/p>\n<p><img loading=\"lazy\" decoding=\"async\" class=\"alignnone size-medium wp-image-21447\" src=\"https:\/\/www.carmelitaniscalzi.com\/wp-content\/uploads\/2018\/07\/03-2-300x225.jpg\" alt=\"\" width=\"300\" height=\"225\" srcset=\"https:\/\/www.carmelitaniscalzi.com\/wp-content\/uploads\/2018\/07\/03-2-300x225.jpg 300w, https:\/\/www.carmelitaniscalzi.com\/wp-content\/uploads\/2018\/07\/03-2-73x55.jpg 73w, https:\/\/www.carmelitaniscalzi.com\/wp-content\/uploads\/2018\/07\/03-2-580x435.jpg 580w, https:\/\/www.carmelitaniscalzi.com\/wp-content\/uploads\/2018\/07\/03-2.jpg 640w\" sizes=\"auto, (max-width: 300px) 100vw, 300px\" \/> <img loading=\"lazy\" decoding=\"async\" class=\"alignnone size-medium wp-image-21446\" src=\"https:\/\/www.carmelitaniscalzi.com\/wp-content\/uploads\/2018\/07\/02-3-225x300.jpg\" alt=\"\" width=\"225\" height=\"300\" srcset=\"https:\/\/www.carmelitaniscalzi.com\/wp-content\/uploads\/2018\/07\/02-3-225x300.jpg 225w, https:\/\/www.carmelitaniscalzi.com\/wp-content\/uploads\/2018\/07\/02-3-41x55.jpg 41w, https:\/\/www.carmelitaniscalzi.com\/wp-content\/uploads\/2018\/07\/02-3.jpg 480w\" sizes=\"auto, (max-width: 225px) 100vw, 225px\" \/> <img loading=\"lazy\" decoding=\"async\" class=\"alignnone size-medium wp-image-21445\" src=\"https:\/\/www.carmelitaniscalzi.com\/wp-content\/uploads\/2018\/07\/01-4-300x225.jpg\" alt=\"\" width=\"300\" height=\"225\" srcset=\"https:\/\/www.carmelitaniscalzi.com\/wp-content\/uploads\/2018\/07\/01-4-300x225.jpg 300w, https:\/\/www.carmelitaniscalzi.com\/wp-content\/uploads\/2018\/07\/01-4-73x55.jpg 73w, https:\/\/www.carmelitaniscalzi.com\/wp-content\/uploads\/2018\/07\/01-4-580x435.jpg 580w, https:\/\/www.carmelitaniscalzi.com\/wp-content\/uploads\/2018\/07\/01-4.jpg 640w\" sizes=\"auto, (max-width: 300px) 100vw, 300px\" \/><\/p>\n","protected":false},"excerpt":{"rendered":"<p>El d\u00eda 10 de junio pasado, nuestras hermanas de Bolonia recibieron la visita fraterna del Cardenal prefecto de la CIVCSVA, Mons. Jo\u00e3o Braz de Aviz, que se dirig\u00eda a la localidad vecina de Pontecchio Marconi, con el fin de participar en una jornada del Cap\u00edtulo General de las Misioneras de la Inmaculada del P. Kolbe. [&hellip;]<\/p>\n","protected":false},"author":7,"featured_media":21444,"comment_status":"closed","ping_status":"closed","sticky":false,"template":"","format":"standard","meta":{"_acf_changed":false,"footnotes":""},"categories":[176,372],"tags":[],"class_list":["post-21455","post","type-post","status-publish","format-standard","has-post-thumbnail","hentry","category-noticias-monjas","category-noticias"],"acf":[],"yoast_head":"<!-- This site is optimized with the Yoast SEO plugin v26.3 - https:\/\/yoast.com\/wordpress\/plugins\/seo\/ -->\n<title>Visita del Cardenal Braz de Aviz a las Carmelitas descalzas de Bolonia - CARMELITAS DESCALZOS<\/title>\n<meta name=\"robots\" content=\"index, follow, max-snippet:-1, max-image-preview:large, max-video-preview:-1\" \/>\n<link rel=\"canonical\" href=\"https:\/\/www.carmelitaniscalzi.com\/es\/2018\/07\/30\/visita-del-cardenal-braz-de-aviz-las-carmelitas-descalzas-de-bolonia\/\" \/>\n<meta property=\"og:locale\" content=\"es_ES\" \/>\n<meta property=\"og:type\" content=\"article\" \/>\n<meta property=\"og:title\" content=\"Visita del Cardenal Braz de Aviz a las Carmelitas descalzas de Bolonia - CARMELITAS DESCALZOS\" \/>\n<meta property=\"og:description\" content=\"El d\u00eda 10 de junio pasado, nuestras hermanas de Bolonia recibieron la visita fraterna del Cardenal prefecto de la CIVCSVA, Mons. Jo\u00e3o Braz de Aviz, que se dirig\u00eda a la localidad vecina de Pontecchio Marconi, con el fin de participar en una jornada del Cap\u00edtulo General de las Misioneras de la Inmaculada del P. Kolbe. [&hellip;]\" \/>\n<meta property=\"og:url\" content=\"https:\/\/www.carmelitaniscalzi.com\/es\/2018\/07\/30\/visita-del-cardenal-braz-de-aviz-las-carmelitas-descalzas-de-bolonia\/\" \/>\n<meta property=\"og:site_name\" content=\"CARMELITAS DESCALZOS\" \/>\n<meta property=\"article:publisher\" content=\"https:\/\/www.facebook.com\/Curia-Generalizia-Carmelitani-Scalzi-658766940887784\/\" \/>\n<meta property=\"article:published_time\" content=\"2018-07-30T11:59:22+00:00\" \/>\n<meta property=\"og:image\" content=\"https:\/\/www.carmelitaniscalzi.com\/wp-content\/uploads\/2018\/07\/00-4.jpg\" \/>\n\t<meta property=\"og:image:width\" content=\"640\" \/>\n\t<meta property=\"og:image:height\" content=\"480\" \/>\n\t<meta property=\"og:image:type\" content=\"image\/jpeg\" \/>\n<meta name=\"author\" content=\"ocd web master\" \/>\n<meta name=\"twitter:card\" content=\"summary_large_image\" \/>\n<meta name=\"twitter:creator\" content=\"@ocdcuria\" \/>\n<meta name=\"twitter:site\" content=\"@ocdcuria\" \/>\n<meta name=\"twitter:label1\" content=\"Escrito por\" \/>\n\t<meta name=\"twitter:data1\" content=\"ocd web master\" \/>\n\t<meta name=\"twitter:label2\" content=\"Tiempo de lectura\" \/>\n\t<meta name=\"twitter:data2\" content=\"1 minuto\" \/>\n<script type=\"application\/ld+json\" class=\"yoast-schema-graph\">{\"@context\":\"https:\/\/schema.org\",\"@graph\":[{\"@type\":\"Article\",\"@id\":\"https:\/\/www.carmelitaniscalzi.com\/es\/2018\/07\/30\/visita-del-cardenal-braz-de-aviz-las-carmelitas-descalzas-de-bolonia\/#article\",\"isPartOf\":{\"@id\":\"https:\/\/www.carmelitaniscalzi.com\/es\/2018\/07\/30\/visita-del-cardenal-braz-de-aviz-las-carmelitas-descalzas-de-bolonia\/\"},\"author\":{\"name\":\"ocd web master\",\"@id\":\"https:\/\/www.carmelitaniscalzi.com\/#\/schema\/person\/6d1c0d9bea7b6625c437246a5d6da409\"},\"headline\":\"Visita del Cardenal Braz de Aviz a las Carmelitas descalzas de Bolonia\",\"datePublished\":\"2018-07-30T11:59:22+00:00\",\"mainEntityOfPage\":{\"@id\":\"https:\/\/www.carmelitaniscalzi.com\/es\/2018\/07\/30\/visita-del-cardenal-braz-de-aviz-las-carmelitas-descalzas-de-bolonia\/\"},\"wordCount\":176,\"publisher\":{\"@id\":\"https:\/\/www.carmelitaniscalzi.com\/#organization\"},\"image\":{\"@id\":\"https:\/\/www.carmelitaniscalzi.com\/es\/2018\/07\/30\/visita-del-cardenal-braz-de-aviz-las-carmelitas-descalzas-de-bolonia\/#primaryimage\"},\"thumbnailUrl\":\"https:\/\/www.carmelitaniscalzi.com\/wp-content\/uploads\/2018\/07\/00-4.jpg\",\"articleSection\":[\"Noticias Monjas\",\"Noticias\"],\"inLanguage\":\"es\"},{\"@type\":\"WebPage\",\"@id\":\"https:\/\/www.carmelitaniscalzi.com\/es\/2018\/07\/30\/visita-del-cardenal-braz-de-aviz-las-carmelitas-descalzas-de-bolonia\/\",\"url\":\"https:\/\/www.carmelitaniscalzi.com\/es\/2018\/07\/30\/visita-del-cardenal-braz-de-aviz-las-carmelitas-descalzas-de-bolonia\/\",\"name\":\"Visita del Cardenal Braz de Aviz a las Carmelitas descalzas de Bolonia - CARMELITAS DESCALZOS\",\"isPartOf\":{\"@id\":\"https:\/\/www.carmelitaniscalzi.com\/#website\"},\"primaryImageOfPage\":{\"@id\":\"https:\/\/www.carmelitaniscalzi.com\/es\/2018\/07\/30\/visita-del-cardenal-braz-de-aviz-las-carmelitas-descalzas-de-bolonia\/#primaryimage\"},\"image\":{\"@id\":\"https:\/\/www.carmelitaniscalzi.com\/es\/2018\/07\/30\/visita-del-cardenal-braz-de-aviz-las-carmelitas-descalzas-de-bolonia\/#primaryimage\"},\"thumbnailUrl\":\"https:\/\/www.carmelitaniscalzi.com\/wp-content\/uploads\/2018\/07\/00-4.jpg\",\"datePublished\":\"2018-07-30T11:59:22+00:00\",\"breadcrumb\":{\"@id\":\"https:\/\/www.carmelitaniscalzi.com\/es\/2018\/07\/30\/visita-del-cardenal-braz-de-aviz-las-carmelitas-descalzas-de-bolonia\/#breadcrumb\"},\"inLanguage\":\"es\",\"potentialAction\":[{\"@type\":\"ReadAction\",\"target\":[\"https:\/\/www.carmelitaniscalzi.com\/es\/2018\/07\/30\/visita-del-cardenal-braz-de-aviz-las-carmelitas-descalzas-de-bolonia\/\"]}]},{\"@type\":\"ImageObject\",\"inLanguage\":\"es\",\"@id\":\"https:\/\/www.carmelitaniscalzi.com\/es\/2018\/07\/30\/visita-del-cardenal-braz-de-aviz-las-carmelitas-descalzas-de-bolonia\/#primaryimage\",\"url\":\"https:\/\/www.carmelitaniscalzi.com\/wp-content\/uploads\/2018\/07\/00-4.jpg\",\"contentUrl\":\"https:\/\/www.carmelitaniscalzi.com\/wp-content\/uploads\/2018\/07\/00-4.jpg\",\"width\":640,\"height\":480},{\"@type\":\"BreadcrumbList\",\"@id\":\"https:\/\/www.carmelitaniscalzi.com\/es\/2018\/07\/30\/visita-del-cardenal-braz-de-aviz-las-carmelitas-descalzas-de-bolonia\/#breadcrumb\",\"itemListElement\":[{\"@type\":\"ListItem\",\"position\":1,\"name\":\"Home\",\"item\":\"https:\/\/www.carmelitaniscalzi.com\/es\/\"},{\"@type\":\"ListItem\",\"position\":2,\"name\":\"Visita del Cardenal Braz de Aviz a las Carmelitas descalzas de Bolonia\"}]},{\"@type\":\"WebSite\",\"@id\":\"https:\/\/www.carmelitaniscalzi.com\/#website\",\"url\":\"https:\/\/www.carmelitaniscalzi.com\/\",\"name\":\"CARMELITANI SCALZI - Curia Generale del Carmelo Teresiano\",\"description\":\"Curia General del Carmelo Teresiano\",\"publisher\":{\"@id\":\"https:\/\/www.carmelitaniscalzi.com\/#organization\"},\"alternateName\":\"CARMELITANI SCALZI\",\"potentialAction\":[{\"@type\":\"SearchAction\",\"target\":{\"@type\":\"EntryPoint\",\"urlTemplate\":\"https:\/\/www.carmelitaniscalzi.com\/?s={search_term_string}\"},\"query-input\":{\"@type\":\"PropertyValueSpecification\",\"valueRequired\":true,\"valueName\":\"search_term_string\"}}],\"inLanguage\":\"es\"},{\"@type\":\"Organization\",\"@id\":\"https:\/\/www.carmelitaniscalzi.com\/#organization\",\"name\":\"CARMELITANI SCALZI - Curia Generale del Carmelo Teresiano\",\"url\":\"https:\/\/www.carmelitaniscalzi.com\/\",\"logo\":{\"@type\":\"ImageObject\",\"inLanguage\":\"es\",\"@id\":\"https:\/\/www.carmelitaniscalzi.com\/#\/schema\/logo\/image\/\",\"url\":\"https:\/\/www.carmelitaniscalzi.com\/wp-content\/uploads\/2025\/11\/login-logo.png\",\"contentUrl\":\"https:\/\/www.carmelitaniscalzi.com\/wp-content\/uploads\/2025\/11\/login-logo.png\",\"width\":256,\"height\":256,\"caption\":\"CARMELITANI SCALZI - Curia Generale del Carmelo Teresiano\"},\"image\":{\"@id\":\"https:\/\/www.carmelitaniscalzi.com\/#\/schema\/logo\/image\/\"},\"sameAs\":[\"https:\/\/www.facebook.com\/Curia-Generalizia-Carmelitani-Scalzi-658766940887784\/\",\"https:\/\/x.com\/ocdcuria\",\"https:\/\/www.youtube.com\/channel\/UC2J5ZL0ycOY0qBSTCLX_NGQ\/videos\",\"https:\/\/www.instagram.com\/ocdinform\/\"]},{\"@type\":\"Person\",\"@id\":\"https:\/\/www.carmelitaniscalzi.com\/#\/schema\/person\/6d1c0d9bea7b6625c437246a5d6da409\",\"name\":\"ocd web master\",\"image\":{\"@type\":\"ImageObject\",\"inLanguage\":\"es\",\"@id\":\"https:\/\/www.carmelitaniscalzi.com\/#\/schema\/person\/image\/\",\"url\":\"https:\/\/secure.gravatar.com\/avatar\/41fbc5f82bad909fbaf2984c43fa50d8519ac5853e25b454d022b6868f80d0e7?s=96&d=mm&r=g\",\"contentUrl\":\"https:\/\/secure.gravatar.com\/avatar\/41fbc5f82bad909fbaf2984c43fa50d8519ac5853e25b454d022b6868f80d0e7?s=96&d=mm&r=g\",\"caption\":\"ocd web master\"},\"url\":\"https:\/\/www.carmelitaniscalzi.com\/es\/author\/ocdwebmaster\/\"}]}<\/script>\n<!-- \/ Yoast SEO plugin. -->","yoast_head_json":{"title":"Visita del Cardenal Braz de Aviz a las Carmelitas descalzas de Bolonia - CARMELITAS DESCALZOS","robots":{"index":"index","follow":"follow","max-snippet":"max-snippet:-1","max-image-preview":"max-image-preview:large","max-video-preview":"max-video-preview:-1"},"canonical":"https:\/\/www.carmelitaniscalzi.com\/es\/2018\/07\/30\/visita-del-cardenal-braz-de-aviz-las-carmelitas-descalzas-de-bolonia\/","og_locale":"es_ES","og_type":"article","og_title":"Visita del Cardenal Braz de Aviz a las Carmelitas descalzas de Bolonia - CARMELITAS DESCALZOS","og_description":"El d\u00eda 10 de junio pasado, nuestras hermanas de Bolonia recibieron la visita fraterna del Cardenal prefecto de la CIVCSVA, Mons. Jo\u00e3o Braz de Aviz, que se dirig\u00eda a la localidad vecina de Pontecchio Marconi, con el fin de participar en una jornada del Cap\u00edtulo General de las Misioneras de la Inmaculada del P. Kolbe. [&hellip;]","og_url":"https:\/\/www.carmelitaniscalzi.com\/es\/2018\/07\/30\/visita-del-cardenal-braz-de-aviz-las-carmelitas-descalzas-de-bolonia\/","og_site_name":"CARMELITAS DESCALZOS","article_publisher":"https:\/\/www.facebook.com\/Curia-Generalizia-Carmelitani-Scalzi-658766940887784\/","article_published_time":"2018-07-30T11:59:22+00:00","og_image":[{"width":640,"height":480,"url":"https:\/\/www.carmelitaniscalzi.com\/wp-content\/uploads\/2018\/07\/00-4.jpg","type":"image\/jpeg"}],"author":"ocd web master","twitter_card":"summary_large_image","twitter_creator":"@ocdcuria","twitter_site":"@ocdcuria","twitter_misc":{"Escrito por":"ocd web master","Tiempo de lectura":"1 minuto"},"schema":{"@context":"https:\/\/schema.org","@graph":[{"@type":"Article","@id":"https:\/\/www.carmelitaniscalzi.com\/es\/2018\/07\/30\/visita-del-cardenal-braz-de-aviz-las-carmelitas-descalzas-de-bolonia\/#article","isPartOf":{"@id":"https:\/\/www.carmelitaniscalzi.com\/es\/2018\/07\/30\/visita-del-cardenal-braz-de-aviz-las-carmelitas-descalzas-de-bolonia\/"},"author":{"name":"ocd web master","@id":"https:\/\/www.carmelitaniscalzi.com\/#\/schema\/person\/6d1c0d9bea7b6625c437246a5d6da409"},"headline":"Visita del Cardenal Braz de Aviz a las Carmelitas descalzas de Bolonia","datePublished":"2018-07-30T11:59:22+00:00","mainEntityOfPage":{"@id":"https:\/\/www.carmelitaniscalzi.com\/es\/2018\/07\/30\/visita-del-cardenal-braz-de-aviz-las-carmelitas-descalzas-de-bolonia\/"},"wordCount":176,"publisher":{"@id":"https:\/\/www.carmelitaniscalzi.com\/#organization"},"image":{"@id":"https:\/\/www.carmelitaniscalzi.com\/es\/2018\/07\/30\/visita-del-cardenal-braz-de-aviz-las-carmelitas-descalzas-de-bolonia\/#primaryimage"},"thumbnailUrl":"https:\/\/www.carmelitaniscalzi.com\/wp-content\/uploads\/2018\/07\/00-4.jpg","articleSection":["Noticias Monjas","Noticias"],"inLanguage":"es"},{"@type":"WebPage","@id":"https:\/\/www.carmelitaniscalzi.com\/es\/2018\/07\/30\/visita-del-cardenal-braz-de-aviz-las-carmelitas-descalzas-de-bolonia\/","url":"https:\/\/www.carmelitaniscalzi.com\/es\/2018\/07\/30\/visita-del-cardenal-braz-de-aviz-las-carmelitas-descalzas-de-bolonia\/","name":"Visita del Cardenal Braz de Aviz a las Carmelitas descalzas de Bolonia - CARMELITAS DESCALZOS","isPartOf":{"@id":"https:\/\/www.carmelitaniscalzi.com\/#website"},"primaryImageOfPage":{"@id":"https:\/\/www.carmelitaniscalzi.com\/es\/2018\/07\/30\/visita-del-cardenal-braz-de-aviz-las-carmelitas-descalzas-de-bolonia\/#primaryimage"},"image":{"@id":"https:\/\/www.carmelitaniscalzi.com\/es\/2018\/07\/30\/visita-del-cardenal-braz-de-aviz-las-carmelitas-descalzas-de-bolonia\/#primaryimage"},"thumbnailUrl":"https:\/\/www.carmelitaniscalzi.com\/wp-content\/uploads\/2018\/07\/00-4.jpg","datePublished":"2018-07-30T11:59:22+00:00","breadcrumb":{"@id":"https:\/\/www.carmelitaniscalzi.com\/es\/2018\/07\/30\/visita-del-cardenal-braz-de-aviz-las-carmelitas-descalzas-de-bolonia\/#breadcrumb"},"inLanguage":"es","potentialAction":[{"@type":"ReadAction","target":["https:\/\/www.carmelitaniscalzi.com\/es\/2018\/07\/30\/visita-del-cardenal-braz-de-aviz-las-carmelitas-descalzas-de-bolonia\/"]}]},{"@type":"ImageObject","inLanguage":"es","@id":"https:\/\/www.carmelitaniscalzi.com\/es\/2018\/07\/30\/visita-del-cardenal-braz-de-aviz-las-carmelitas-descalzas-de-bolonia\/#primaryimage","url":"https:\/\/www.carmelitaniscalzi.com\/wp-content\/uploads\/2018\/07\/00-4.jpg","contentUrl":"https:\/\/www.carmelitaniscalzi.com\/wp-content\/uploads\/2018\/07\/00-4.jpg","width":640,"height":480},{"@type":"BreadcrumbList","@id":"https:\/\/www.carmelitaniscalzi.com\/es\/2018\/07\/30\/visita-del-cardenal-braz-de-aviz-las-carmelitas-descalzas-de-bolonia\/#breadcrumb","itemListElement":[{"@type":"ListItem","position":1,"name":"Home","item":"https:\/\/www.carmelitaniscalzi.com\/es\/"},{"@type":"ListItem","position":2,"name":"Visita del Cardenal Braz de Aviz a las Carmelitas descalzas de Bolonia"}]},{"@type":"WebSite","@id":"https:\/\/www.carmelitaniscalzi.com\/#website","url":"https:\/\/www.carmelitaniscalzi.com\/","name":"CARMELITANI SCALZI - Curia Generale del Carmelo Teresiano","description":"Curia General del Carmelo Teresiano","publisher":{"@id":"https:\/\/www.carmelitaniscalzi.com\/#organization"},"alternateName":"CARMELITANI SCALZI","potentialAction":[{"@type":"SearchAction","target":{"@type":"EntryPoint","urlTemplate":"https:\/\/www.carmelitaniscalzi.com\/?s={search_term_string}"},"query-input":{"@type":"PropertyValueSpecification","valueRequired":true,"valueName":"search_term_string"}}],"inLanguage":"es"},{"@type":"Organization","@id":"https:\/\/www.carmelitaniscalzi.com\/#organization","name":"CARMELITANI SCALZI - Curia Generale del Carmelo Teresiano","url":"https:\/\/www.carmelitaniscalzi.com\/","logo":{"@type":"ImageObject","inLanguage":"es","@id":"https:\/\/www.carmelitaniscalzi.com\/#\/schema\/logo\/image\/","url":"https:\/\/www.carmelitaniscalzi.com\/wp-content\/uploads\/2025\/11\/login-logo.png","contentUrl":"https:\/\/www.carmelitaniscalzi.com\/wp-content\/uploads\/2025\/11\/login-logo.png","width":256,"height":256,"caption":"CARMELITANI SCALZI - Curia Generale del Carmelo Teresiano"},"image":{"@id":"https:\/\/www.carmelitaniscalzi.com\/#\/schema\/logo\/image\/"},"sameAs":["https:\/\/www.facebook.com\/Curia-Generalizia-Carmelitani-Scalzi-658766940887784\/","https:\/\/x.com\/ocdcuria","https:\/\/www.youtube.com\/channel\/UC2J5ZL0ycOY0qBSTCLX_NGQ\/videos","https:\/\/www.instagram.com\/ocdinform\/"]},{"@type":"Person","@id":"https:\/\/www.carmelitaniscalzi.com\/#\/schema\/person\/6d1c0d9bea7b6625c437246a5d6da409","name":"ocd web master","image":{"@type":"ImageObject","inLanguage":"es","@id":"https:\/\/www.carmelitaniscalzi.com\/#\/schema\/person\/image\/","url":"https:\/\/secure.gravatar.com\/avatar\/41fbc5f82bad909fbaf2984c43fa50d8519ac5853e25b454d022b6868f80d0e7?s=96&d=mm&r=g","contentUrl":"https:\/\/secure.gravatar.com\/avatar\/41fbc5f82bad909fbaf2984c43fa50d8519ac5853e25b454d022b6868f80d0e7?s=96&d=mm&r=g","caption":"ocd web master"},"url":"https:\/\/www.carmelitaniscalzi.com\/es\/author\/ocdwebmaster\/"}]}},"_links":{"self":[{"href":"https:\/\/www.carmelitaniscalzi.com\/es\/wp-json\/wp\/v2\/posts\/21455","targetHints":{"allow":["GET"]}}],"collection":[{"href":"https:\/\/www.carmelitaniscalzi.com\/es\/wp-json\/wp\/v2\/posts"}],"about":[{"href":"https:\/\/www.carmelitaniscalzi.com\/es\/wp-json\/wp\/v2\/types\/post"}],"author":[{"embeddable":true,"href":"https:\/\/www.carmelitaniscalzi.com\/es\/wp-json\/wp\/v2\/users\/7"}],"replies":[{"embeddable":true,"href":"https:\/\/www.carmelitaniscalzi.com\/es\/wp-json\/wp\/v2\/comments?post=21455"}],"version-history":[{"count":0,"href":"https:\/\/www.carmelitaniscalzi.com\/es\/wp-json\/wp\/v2\/posts\/21455\/revisions"}],"wp:featuredmedia":[{"embeddable":true,"href":"https:\/\/www.carmelitaniscalzi.com\/es\/wp-json\/wp\/v2\/media\/21444"}],"wp:attachment":[{"href":"https:\/\/www.carmelitaniscalzi.com\/es\/wp-json\/wp\/v2\/media?parent=21455"}],"wp:term":[{"taxonomy":"category","embeddable":true,"href":"https:\/\/www.carmelitaniscalzi.com\/es\/wp-json\/wp\/v2\/categories?post=21455"},{"taxonomy":"post_tag","embeddable":true,"href":"https:\/\/www.carmelitaniscalzi.com\/es\/wp-json\/wp\/v2\/tags?post=21455"}],"curies":[{"name":"wp","href":"https:\/\/api.w.org\/{rel}","templated":true}]}}