{"id":205717,"date":"2023-01-10T02:00:09","date_gmt":"2023-01-10T01:00:09","guid":{"rendered":"https:\/\/www.carmelitaniscalzi.com\/?p=205717"},"modified":"2023-01-16T02:53:39","modified_gmt":"2023-01-16T01:53:39","slug":"italia-la-ocds-de-la-provincia-veneta-se-encuentra-con-el-padre-general","status":"publish","type":"post","link":"https:\/\/www.carmelitaniscalzi.com\/es\/2023\/01\/10\/italia-la-ocds-de-la-provincia-veneta-se-encuentra-con-el-padre-general\/","title":{"rendered":"Italia: la OCDS de la Provincia V\u00e9neta se encuentra con el Padre General"},"content":{"rendered":"<p>El s\u00e1bado 3 de diciembre, en el Convento de los Padres Carmelitas de Verona, las Comunidades OCDS de la Provincia V\u00e9neta vivieron una tarde de gozosa fraternidad junto al Padre General, P.\u00a0Miguel M\u00e1rquez Calle, el P.\u00a0Roberto Pirastu, Definidor General, el P.\u00a0Fabio Silvestri, Provincial de la Provincia\u00a0 V\u00e9neta y al P.\u00a0Aldo Formentin, Delegado Provincial para la OCDS.<\/p>\n<p>Tras la presentaci\u00f3n de la Presidente Provincial, que ilustr\u00f3 la situaci\u00f3n de la Provincia poniendo de relieve las inquietudes, con\u00a0 una apertura confiada en el futuro; la Presidente de la Coordinaci\u00f3n Interprovincial, hizo part\u00edcipes a los presentes del compromiso de organizar la pr\u00f3xima Convenci\u00f3n Nacional OCDS del 12 al 15 de julio de 2023; y finalmente el Responsable Nacional de Formaci\u00f3n, explic\u00f3 c\u00f3mo est\u00e1 trabajando el grupo de Formadores Provinciales para el seguimiento de la formaci\u00f3n inicial de las Provincias y el uso del nuevo itinerario formativo nacional.<\/p>\n<p>El Padre Miguel tambi\u00e9n nos comparti\u00f3 episodios personales relacionados con la ense\u00f1anza que recibi\u00f3 de sus padres, sus primeros momentos de miedo tras su elecci\u00f3n como General y su posterior entrega confiada en las manos de Dios. En su intervenci\u00f3n, esencial e incisiva nos indic\u00f3 algunas palabras clave, algunos desaf\u00edos en los que reflexionar para configurar nuestra vida al estilo carmelitano.<\/p>\n<p>El encuentro finaliz\u00f3 con un momento de celebraci\u00f3n y de compartir fraterno y con una foto de grupo como recuerdo de esta hermosa experiencia.<\/p>\n","protected":false},"excerpt":{"rendered":"<p>El s\u00e1bado 3 de diciembre, en el Convento de los Padres Carmelitas de Verona, las Comunidades OCDS de la Provincia V\u00e9neta vivieron una tarde de gozosa fraternidad junto al Padre General, P.\u00a0Miguel M\u00e1rquez Calle, el P.\u00a0Roberto Pirastu, Definidor General, el P.\u00a0Fabio Silvestri, Provincial de la Provincia\u00a0 V\u00e9neta y al P.\u00a0Aldo Formentin, Delegado Provincial para la [&hellip;]<\/p>\n","protected":false},"author":7,"featured_media":205672,"comment_status":"closed","ping_status":"open","sticky":false,"template":"","format":"standard","meta":{"_acf_changed":false,"footnotes":""},"categories":[177,263,372],"tags":[],"class_list":["post-205717","post","type-post","status-publish","format-standard","has-post-thumbnail","hentry","category-noticias-preposito-general","category-noticias-ocds","category-noticias"],"acf":[],"yoast_head":"<!-- This site is optimized with the Yoast SEO plugin v26.3 - https:\/\/yoast.com\/wordpress\/plugins\/seo\/ -->\n<title>Italia: la OCDS de la Provincia V\u00e9neta se encuentra con el Padre General - CARMELITAS DESCALZOS<\/title>\n<meta name=\"robots\" content=\"index, follow, max-snippet:-1, max-image-preview:large, max-video-preview:-1\" \/>\n<link rel=\"canonical\" href=\"https:\/\/www.carmelitaniscalzi.com\/es\/2023\/01\/10\/italia-la-ocds-de-la-provincia-veneta-se-encuentra-con-el-padre-general\/\" \/>\n<meta property=\"og:locale\" content=\"es_ES\" \/>\n<meta property=\"og:type\" content=\"article\" \/>\n<meta property=\"og:title\" content=\"Italia: la OCDS de la Provincia V\u00e9neta se encuentra con el Padre General - CARMELITAS DESCALZOS\" \/>\n<meta property=\"og:description\" content=\"El s\u00e1bado 3 de diciembre, en el Convento de los Padres Carmelitas de Verona, las Comunidades OCDS de la Provincia V\u00e9neta vivieron una tarde de gozosa fraternidad junto al Padre General, P.\u00a0Miguel M\u00e1rquez Calle, el P.\u00a0Roberto Pirastu, Definidor General, el P.\u00a0Fabio Silvestri, Provincial de la Provincia\u00a0 V\u00e9neta y al P.\u00a0Aldo Formentin, Delegado Provincial para la [&hellip;]\" \/>\n<meta property=\"og:url\" content=\"https:\/\/www.carmelitaniscalzi.com\/es\/2023\/01\/10\/italia-la-ocds-de-la-provincia-veneta-se-encuentra-con-el-padre-general\/\" \/>\n<meta property=\"og:site_name\" content=\"CARMELITAS DESCALZOS\" \/>\n<meta property=\"article:publisher\" content=\"https:\/\/www.facebook.com\/Curia-Generalizia-Carmelitani-Scalzi-658766940887784\/\" \/>\n<meta property=\"article:published_time\" content=\"2023-01-10T01:00:09+00:00\" \/>\n<meta property=\"article:modified_time\" content=\"2023-01-16T01:53:39+00:00\" \/>\n<meta property=\"og:image\" content=\"https:\/\/www.carmelitaniscalzi.com\/wp-content\/uploads\/2023\/01\/Cover_italia_12.2022.jpg\" \/>\n\t<meta property=\"og:image:width\" content=\"1200\" \/>\n\t<meta property=\"og:image:height\" content=\"800\" \/>\n\t<meta property=\"og:image:type\" content=\"image\/jpeg\" \/>\n<meta name=\"author\" content=\"ocd web master\" \/>\n<meta name=\"twitter:card\" content=\"summary_large_image\" \/>\n<meta name=\"twitter:creator\" content=\"@ocdcuria\" \/>\n<meta name=\"twitter:site\" content=\"@ocdcuria\" \/>\n<meta name=\"twitter:label1\" content=\"Escrito por\" \/>\n\t<meta name=\"twitter:data1\" content=\"ocd web master\" \/>\n\t<meta name=\"twitter:label2\" content=\"Tiempo de lectura\" \/>\n\t<meta name=\"twitter:data2\" content=\"1 minuto\" \/>\n<script type=\"application\/ld+json\" class=\"yoast-schema-graph\">{\"@context\":\"https:\/\/schema.org\",\"@graph\":[{\"@type\":\"Article\",\"@id\":\"https:\/\/www.carmelitaniscalzi.com\/es\/2023\/01\/10\/italia-la-ocds-de-la-provincia-veneta-se-encuentra-con-el-padre-general\/#article\",\"isPartOf\":{\"@id\":\"https:\/\/www.carmelitaniscalzi.com\/es\/2023\/01\/10\/italia-la-ocds-de-la-provincia-veneta-se-encuentra-con-el-padre-general\/\"},\"author\":{\"name\":\"ocd web master\",\"@id\":\"https:\/\/www.carmelitaniscalzi.com\/#\/schema\/person\/6d1c0d9bea7b6625c437246a5d6da409\"},\"headline\":\"Italia: la OCDS de la Provincia V\u00e9neta se encuentra con el Padre General\",\"datePublished\":\"2023-01-10T01:00:09+00:00\",\"dateModified\":\"2023-01-16T01:53:39+00:00\",\"mainEntityOfPage\":{\"@id\":\"https:\/\/www.carmelitaniscalzi.com\/es\/2023\/01\/10\/italia-la-ocds-de-la-provincia-veneta-se-encuentra-con-el-padre-general\/\"},\"wordCount\":262,\"publisher\":{\"@id\":\"https:\/\/www.carmelitaniscalzi.com\/#organization\"},\"image\":{\"@id\":\"https:\/\/www.carmelitaniscalzi.com\/es\/2023\/01\/10\/italia-la-ocds-de-la-provincia-veneta-se-encuentra-con-el-padre-general\/#primaryimage\"},\"thumbnailUrl\":\"https:\/\/www.carmelitaniscalzi.com\/wp-content\/uploads\/2023\/01\/Cover_italia_12.2022.jpg\",\"articleSection\":[\"Noticias Prep\u00f3sito General\",\"Noticias OCDS\",\"Noticias\"],\"inLanguage\":\"es\"},{\"@type\":\"WebPage\",\"@id\":\"https:\/\/www.carmelitaniscalzi.com\/es\/2023\/01\/10\/italia-la-ocds-de-la-provincia-veneta-se-encuentra-con-el-padre-general\/\",\"url\":\"https:\/\/www.carmelitaniscalzi.com\/es\/2023\/01\/10\/italia-la-ocds-de-la-provincia-veneta-se-encuentra-con-el-padre-general\/\",\"name\":\"Italia: la OCDS de la Provincia V\u00e9neta se encuentra con el Padre General - CARMELITAS DESCALZOS\",\"isPartOf\":{\"@id\":\"https:\/\/www.carmelitaniscalzi.com\/#website\"},\"primaryImageOfPage\":{\"@id\":\"https:\/\/www.carmelitaniscalzi.com\/es\/2023\/01\/10\/italia-la-ocds-de-la-provincia-veneta-se-encuentra-con-el-padre-general\/#primaryimage\"},\"image\":{\"@id\":\"https:\/\/www.carmelitaniscalzi.com\/es\/2023\/01\/10\/italia-la-ocds-de-la-provincia-veneta-se-encuentra-con-el-padre-general\/#primaryimage\"},\"thumbnailUrl\":\"https:\/\/www.carmelitaniscalzi.com\/wp-content\/uploads\/2023\/01\/Cover_italia_12.2022.jpg\",\"datePublished\":\"2023-01-10T01:00:09+00:00\",\"dateModified\":\"2023-01-16T01:53:39+00:00\",\"breadcrumb\":{\"@id\":\"https:\/\/www.carmelitaniscalzi.com\/es\/2023\/01\/10\/italia-la-ocds-de-la-provincia-veneta-se-encuentra-con-el-padre-general\/#breadcrumb\"},\"inLanguage\":\"es\",\"potentialAction\":[{\"@type\":\"ReadAction\",\"target\":[\"https:\/\/www.carmelitaniscalzi.com\/es\/2023\/01\/10\/italia-la-ocds-de-la-provincia-veneta-se-encuentra-con-el-padre-general\/\"]}]},{\"@type\":\"ImageObject\",\"inLanguage\":\"es\",\"@id\":\"https:\/\/www.carmelitaniscalzi.com\/es\/2023\/01\/10\/italia-la-ocds-de-la-provincia-veneta-se-encuentra-con-el-padre-general\/#primaryimage\",\"url\":\"https:\/\/www.carmelitaniscalzi.com\/wp-content\/uploads\/2023\/01\/Cover_italia_12.2022.jpg\",\"contentUrl\":\"https:\/\/www.carmelitaniscalzi.com\/wp-content\/uploads\/2023\/01\/Cover_italia_12.2022.jpg\",\"width\":1200,\"height\":800},{\"@type\":\"BreadcrumbList\",\"@id\":\"https:\/\/www.carmelitaniscalzi.com\/es\/2023\/01\/10\/italia-la-ocds-de-la-provincia-veneta-se-encuentra-con-el-padre-general\/#breadcrumb\",\"itemListElement\":[{\"@type\":\"ListItem\",\"position\":1,\"name\":\"Home\",\"item\":\"https:\/\/www.carmelitaniscalzi.com\/es\/\"},{\"@type\":\"ListItem\",\"position\":2,\"name\":\"Italia: la OCDS de la Provincia V\u00e9neta se encuentra con el Padre General\"}]},{\"@type\":\"WebSite\",\"@id\":\"https:\/\/www.carmelitaniscalzi.com\/#website\",\"url\":\"https:\/\/www.carmelitaniscalzi.com\/\",\"name\":\"CARMELITANI SCALZI - Curia Generale del Carmelo Teresiano\",\"description\":\"Curia General del Carmelo Teresiano\",\"publisher\":{\"@id\":\"https:\/\/www.carmelitaniscalzi.com\/#organization\"},\"alternateName\":\"CARMELITANI SCALZI\",\"potentialAction\":[{\"@type\":\"SearchAction\",\"target\":{\"@type\":\"EntryPoint\",\"urlTemplate\":\"https:\/\/www.carmelitaniscalzi.com\/?s={search_term_string}\"},\"query-input\":{\"@type\":\"PropertyValueSpecification\",\"valueRequired\":true,\"valueName\":\"search_term_string\"}}],\"inLanguage\":\"es\"},{\"@type\":\"Organization\",\"@id\":\"https:\/\/www.carmelitaniscalzi.com\/#organization\",\"name\":\"CARMELITANI SCALZI - Curia Generale del Carmelo Teresiano\",\"url\":\"https:\/\/www.carmelitaniscalzi.com\/\",\"logo\":{\"@type\":\"ImageObject\",\"inLanguage\":\"es\",\"@id\":\"https:\/\/www.carmelitaniscalzi.com\/#\/schema\/logo\/image\/\",\"url\":\"https:\/\/www.carmelitaniscalzi.com\/wp-content\/uploads\/2025\/11\/login-logo.png\",\"contentUrl\":\"https:\/\/www.carmelitaniscalzi.com\/wp-content\/uploads\/2025\/11\/login-logo.png\",\"width\":256,\"height\":256,\"caption\":\"CARMELITANI SCALZI - Curia Generale del Carmelo Teresiano\"},\"image\":{\"@id\":\"https:\/\/www.carmelitaniscalzi.com\/#\/schema\/logo\/image\/\"},\"sameAs\":[\"https:\/\/www.facebook.com\/Curia-Generalizia-Carmelitani-Scalzi-658766940887784\/\",\"https:\/\/x.com\/ocdcuria\",\"https:\/\/www.youtube.com\/channel\/UC2J5ZL0ycOY0qBSTCLX_NGQ\/videos\",\"https:\/\/www.instagram.com\/ocdinform\/\"]},{\"@type\":\"Person\",\"@id\":\"https:\/\/www.carmelitaniscalzi.com\/#\/schema\/person\/6d1c0d9bea7b6625c437246a5d6da409\",\"name\":\"ocd web master\",\"image\":{\"@type\":\"ImageObject\",\"inLanguage\":\"es\",\"@id\":\"https:\/\/www.carmelitaniscalzi.com\/#\/schema\/person\/image\/\",\"url\":\"https:\/\/secure.gravatar.com\/avatar\/41fbc5f82bad909fbaf2984c43fa50d8519ac5853e25b454d022b6868f80d0e7?s=96&d=mm&r=g\",\"contentUrl\":\"https:\/\/secure.gravatar.com\/avatar\/41fbc5f82bad909fbaf2984c43fa50d8519ac5853e25b454d022b6868f80d0e7?s=96&d=mm&r=g\",\"caption\":\"ocd web master\"},\"url\":\"https:\/\/www.carmelitaniscalzi.com\/es\/author\/ocdwebmaster\/\"}]}<\/script>\n<!-- \/ Yoast SEO plugin. -->","yoast_head_json":{"title":"Italia: la OCDS de la Provincia V\u00e9neta se encuentra con el Padre General - CARMELITAS DESCALZOS","robots":{"index":"index","follow":"follow","max-snippet":"max-snippet:-1","max-image-preview":"max-image-preview:large","max-video-preview":"max-video-preview:-1"},"canonical":"https:\/\/www.carmelitaniscalzi.com\/es\/2023\/01\/10\/italia-la-ocds-de-la-provincia-veneta-se-encuentra-con-el-padre-general\/","og_locale":"es_ES","og_type":"article","og_title":"Italia: la OCDS de la Provincia V\u00e9neta se encuentra con el Padre General - CARMELITAS DESCALZOS","og_description":"El s\u00e1bado 3 de diciembre, en el Convento de los Padres Carmelitas de Verona, las Comunidades OCDS de la Provincia V\u00e9neta vivieron una tarde de gozosa fraternidad junto al Padre General, P.\u00a0Miguel M\u00e1rquez Calle, el P.\u00a0Roberto Pirastu, Definidor General, el P.\u00a0Fabio Silvestri, Provincial de la Provincia\u00a0 V\u00e9neta y al P.\u00a0Aldo Formentin, Delegado Provincial para la [&hellip;]","og_url":"https:\/\/www.carmelitaniscalzi.com\/es\/2023\/01\/10\/italia-la-ocds-de-la-provincia-veneta-se-encuentra-con-el-padre-general\/","og_site_name":"CARMELITAS DESCALZOS","article_publisher":"https:\/\/www.facebook.com\/Curia-Generalizia-Carmelitani-Scalzi-658766940887784\/","article_published_time":"2023-01-10T01:00:09+00:00","article_modified_time":"2023-01-16T01:53:39+00:00","og_image":[{"width":1200,"height":800,"url":"https:\/\/www.carmelitaniscalzi.com\/wp-content\/uploads\/2023\/01\/Cover_italia_12.2022.jpg","type":"image\/jpeg"}],"author":"ocd web master","twitter_card":"summary_large_image","twitter_creator":"@ocdcuria","twitter_site":"@ocdcuria","twitter_misc":{"Escrito por":"ocd web master","Tiempo de lectura":"1 minuto"},"schema":{"@context":"https:\/\/schema.org","@graph":[{"@type":"Article","@id":"https:\/\/www.carmelitaniscalzi.com\/es\/2023\/01\/10\/italia-la-ocds-de-la-provincia-veneta-se-encuentra-con-el-padre-general\/#article","isPartOf":{"@id":"https:\/\/www.carmelitaniscalzi.com\/es\/2023\/01\/10\/italia-la-ocds-de-la-provincia-veneta-se-encuentra-con-el-padre-general\/"},"author":{"name":"ocd web master","@id":"https:\/\/www.carmelitaniscalzi.com\/#\/schema\/person\/6d1c0d9bea7b6625c437246a5d6da409"},"headline":"Italia: la OCDS de la Provincia V\u00e9neta se encuentra con el Padre General","datePublished":"2023-01-10T01:00:09+00:00","dateModified":"2023-01-16T01:53:39+00:00","mainEntityOfPage":{"@id":"https:\/\/www.carmelitaniscalzi.com\/es\/2023\/01\/10\/italia-la-ocds-de-la-provincia-veneta-se-encuentra-con-el-padre-general\/"},"wordCount":262,"publisher":{"@id":"https:\/\/www.carmelitaniscalzi.com\/#organization"},"image":{"@id":"https:\/\/www.carmelitaniscalzi.com\/es\/2023\/01\/10\/italia-la-ocds-de-la-provincia-veneta-se-encuentra-con-el-padre-general\/#primaryimage"},"thumbnailUrl":"https:\/\/www.carmelitaniscalzi.com\/wp-content\/uploads\/2023\/01\/Cover_italia_12.2022.jpg","articleSection":["Noticias Prep\u00f3sito General","Noticias OCDS","Noticias"],"inLanguage":"es"},{"@type":"WebPage","@id":"https:\/\/www.carmelitaniscalzi.com\/es\/2023\/01\/10\/italia-la-ocds-de-la-provincia-veneta-se-encuentra-con-el-padre-general\/","url":"https:\/\/www.carmelitaniscalzi.com\/es\/2023\/01\/10\/italia-la-ocds-de-la-provincia-veneta-se-encuentra-con-el-padre-general\/","name":"Italia: la OCDS de la Provincia V\u00e9neta se encuentra con el Padre General - CARMELITAS DESCALZOS","isPartOf":{"@id":"https:\/\/www.carmelitaniscalzi.com\/#website"},"primaryImageOfPage":{"@id":"https:\/\/www.carmelitaniscalzi.com\/es\/2023\/01\/10\/italia-la-ocds-de-la-provincia-veneta-se-encuentra-con-el-padre-general\/#primaryimage"},"image":{"@id":"https:\/\/www.carmelitaniscalzi.com\/es\/2023\/01\/10\/italia-la-ocds-de-la-provincia-veneta-se-encuentra-con-el-padre-general\/#primaryimage"},"thumbnailUrl":"https:\/\/www.carmelitaniscalzi.com\/wp-content\/uploads\/2023\/01\/Cover_italia_12.2022.jpg","datePublished":"2023-01-10T01:00:09+00:00","dateModified":"2023-01-16T01:53:39+00:00","breadcrumb":{"@id":"https:\/\/www.carmelitaniscalzi.com\/es\/2023\/01\/10\/italia-la-ocds-de-la-provincia-veneta-se-encuentra-con-el-padre-general\/#breadcrumb"},"inLanguage":"es","potentialAction":[{"@type":"ReadAction","target":["https:\/\/www.carmelitaniscalzi.com\/es\/2023\/01\/10\/italia-la-ocds-de-la-provincia-veneta-se-encuentra-con-el-padre-general\/"]}]},{"@type":"ImageObject","inLanguage":"es","@id":"https:\/\/www.carmelitaniscalzi.com\/es\/2023\/01\/10\/italia-la-ocds-de-la-provincia-veneta-se-encuentra-con-el-padre-general\/#primaryimage","url":"https:\/\/www.carmelitaniscalzi.com\/wp-content\/uploads\/2023\/01\/Cover_italia_12.2022.jpg","contentUrl":"https:\/\/www.carmelitaniscalzi.com\/wp-content\/uploads\/2023\/01\/Cover_italia_12.2022.jpg","width":1200,"height":800},{"@type":"BreadcrumbList","@id":"https:\/\/www.carmelitaniscalzi.com\/es\/2023\/01\/10\/italia-la-ocds-de-la-provincia-veneta-se-encuentra-con-el-padre-general\/#breadcrumb","itemListElement":[{"@type":"ListItem","position":1,"name":"Home","item":"https:\/\/www.carmelitaniscalzi.com\/es\/"},{"@type":"ListItem","position":2,"name":"Italia: la OCDS de la Provincia V\u00e9neta se encuentra con el Padre General"}]},{"@type":"WebSite","@id":"https:\/\/www.carmelitaniscalzi.com\/#website","url":"https:\/\/www.carmelitaniscalzi.com\/","name":"CARMELITANI SCALZI - Curia Generale del Carmelo Teresiano","description":"Curia General del Carmelo Teresiano","publisher":{"@id":"https:\/\/www.carmelitaniscalzi.com\/#organization"},"alternateName":"CARMELITANI SCALZI","potentialAction":[{"@type":"SearchAction","target":{"@type":"EntryPoint","urlTemplate":"https:\/\/www.carmelitaniscalzi.com\/?s={search_term_string}"},"query-input":{"@type":"PropertyValueSpecification","valueRequired":true,"valueName":"search_term_string"}}],"inLanguage":"es"},{"@type":"Organization","@id":"https:\/\/www.carmelitaniscalzi.com\/#organization","name":"CARMELITANI SCALZI - Curia Generale del Carmelo Teresiano","url":"https:\/\/www.carmelitaniscalzi.com\/","logo":{"@type":"ImageObject","inLanguage":"es","@id":"https:\/\/www.carmelitaniscalzi.com\/#\/schema\/logo\/image\/","url":"https:\/\/www.carmelitaniscalzi.com\/wp-content\/uploads\/2025\/11\/login-logo.png","contentUrl":"https:\/\/www.carmelitaniscalzi.com\/wp-content\/uploads\/2025\/11\/login-logo.png","width":256,"height":256,"caption":"CARMELITANI SCALZI - Curia Generale del Carmelo Teresiano"},"image":{"@id":"https:\/\/www.carmelitaniscalzi.com\/#\/schema\/logo\/image\/"},"sameAs":["https:\/\/www.facebook.com\/Curia-Generalizia-Carmelitani-Scalzi-658766940887784\/","https:\/\/x.com\/ocdcuria","https:\/\/www.youtube.com\/channel\/UC2J5ZL0ycOY0qBSTCLX_NGQ\/videos","https:\/\/www.instagram.com\/ocdinform\/"]},{"@type":"Person","@id":"https:\/\/www.carmelitaniscalzi.com\/#\/schema\/person\/6d1c0d9bea7b6625c437246a5d6da409","name":"ocd web master","image":{"@type":"ImageObject","inLanguage":"es","@id":"https:\/\/www.carmelitaniscalzi.com\/#\/schema\/person\/image\/","url":"https:\/\/secure.gravatar.com\/avatar\/41fbc5f82bad909fbaf2984c43fa50d8519ac5853e25b454d022b6868f80d0e7?s=96&d=mm&r=g","contentUrl":"https:\/\/secure.gravatar.com\/avatar\/41fbc5f82bad909fbaf2984c43fa50d8519ac5853e25b454d022b6868f80d0e7?s=96&d=mm&r=g","caption":"ocd web master"},"url":"https:\/\/www.carmelitaniscalzi.com\/es\/author\/ocdwebmaster\/"}]}},"_links":{"self":[{"href":"https:\/\/www.carmelitaniscalzi.com\/es\/wp-json\/wp\/v2\/posts\/205717","targetHints":{"allow":["GET"]}}],"collection":[{"href":"https:\/\/www.carmelitaniscalzi.com\/es\/wp-json\/wp\/v2\/posts"}],"about":[{"href":"https:\/\/www.carmelitaniscalzi.com\/es\/wp-json\/wp\/v2\/types\/post"}],"author":[{"embeddable":true,"href":"https:\/\/www.carmelitaniscalzi.com\/es\/wp-json\/wp\/v2\/users\/7"}],"replies":[{"embeddable":true,"href":"https:\/\/www.carmelitaniscalzi.com\/es\/wp-json\/wp\/v2\/comments?post=205717"}],"version-history":[{"count":1,"href":"https:\/\/www.carmelitaniscalzi.com\/es\/wp-json\/wp\/v2\/posts\/205717\/revisions"}],"predecessor-version":[{"id":205718,"href":"https:\/\/www.carmelitaniscalzi.com\/es\/wp-json\/wp\/v2\/posts\/205717\/revisions\/205718"}],"wp:featuredmedia":[{"embeddable":true,"href":"https:\/\/www.carmelitaniscalzi.com\/es\/wp-json\/wp\/v2\/media\/205672"}],"wp:attachment":[{"href":"https:\/\/www.carmelitaniscalzi.com\/es\/wp-json\/wp\/v2\/media?parent=205717"}],"wp:term":[{"taxonomy":"category","embeddable":true,"href":"https:\/\/www.carmelitaniscalzi.com\/es\/wp-json\/wp\/v2\/categories?post=205717"},{"taxonomy":"post_tag","embeddable":true,"href":"https:\/\/www.carmelitaniscalzi.com\/es\/wp-json\/wp\/v2\/tags?post=205717"}],"curies":[{"name":"wp","href":"https:\/\/api.w.org\/{rel}","templated":true}]}}