{"id":19557,"date":"2018-01-27T11:57:06","date_gmt":"2018-01-27T10:57:06","guid":{"rendered":"https:\/\/www.carmelitaniscalzi.com\/es\/?p=19557"},"modified":"2018-01-27T11:57:06","modified_gmt":"2018-01-27T10:57:06","slug":"mons-silvio-baez-hombre-del-ano-en-nicaragua","status":"publish","type":"post","link":"https:\/\/www.carmelitaniscalzi.com\/es\/2018\/01\/27\/mons-silvio-baez-hombre-del-ano-en-nicaragua\/","title":{"rendered":"Mons. Silvio B\u00e1ez, hombre del a\u00f1o en Nicaragua"},"content":{"rendered":"<p>Si hace unos d\u00edas d\u00e1bamos cuenta del nombramiento de hombre del a\u00f1o en Suecia por la revista \u201cFokus\u201d de nuestro hermano el Cardenal Arborelius, hoy nos llega la noticia \u2013que compartimos con alegr\u00eda- del nombramiento de Monse\u00f1or Silvio B\u00e1ez, carmelita descalzo, como nicarag\u00fcense del a\u00f1o por el diario \u201cLa Prensa\u201d.<\/p>\n<p>Como puede verse m\u00e1s abajo en el link que recoge la entrevista realizada a nuestro hermano, el diario \u201cLa Prensa\u201d valora su compromiso con los valores democr\u00e1ticos y con la libertad, lo que le ha valido algunos desencuentros con el r\u00e9gimen que gobierna actualmente el pa\u00eds.<\/p>\n<p>Monse\u00f1or Silvio, muy preparado teol\u00f3gica y b\u00edblicamente, no desea entrar \u2013as\u00ed lo dice expl\u00edcitamente- en cuestiones pol\u00edticas, sino defender los valores humanos ligados al Evangelio de Jes\u00fas. Su esp\u00edritu sencillo y cercano, su deseo de dar voz a los que no tienen voz son valores resaltados tambi\u00e9n por el diario a la hora de concederle el premio.<\/p>\n<p>Gran comunicador, Silvio B\u00e1ez es un evangelizador tambi\u00e9n a trav\u00e9s de las redes sociales y ha presentado recientemente un libro de bolsillo titulado <em>#EvangelioDeHoy: Tuits de la Buena Nueva de Jes\u00fas de Nazaret<\/em>, que recoge los tuits evangelizadores divulgados en su cuenta personal de Twitter donde tiene a miles de seguidores.<\/p>\n<p><a href=\"https:\/\/www.laprensa.com.ni\/2017\/12\/31\/suplemento\/la-prensa-domingo\/2353427-monsenor-silvio-baez-dificil-sacar-ortega-esquemas-politicos\">https:\/\/www.laprensa.com.ni\/2017\/12\/31\/suplemento\/la-prensa-domingo\/2353427-monsenor-silvio-baez-dificil-sacar-ortega-esquemas-politicos<\/a><\/p>\n<p><img loading=\"lazy\" decoding=\"async\" class=\"alignnone size-full wp-image-19548\" src=\"https:\/\/www.carmelitaniscalzi.com\/wp-content\/uploads\/2018\/01\/00-3.png\" alt=\"\" width=\"560\" height=\"831\" srcset=\"https:\/\/www.carmelitaniscalzi.com\/wp-content\/uploads\/2018\/01\/00-3.png 560w, https:\/\/www.carmelitaniscalzi.com\/wp-content\/uploads\/2018\/01\/00-3-202x300.png 202w, https:\/\/www.carmelitaniscalzi.com\/wp-content\/uploads\/2018\/01\/00-3-37x55.png 37w\" sizes=\"auto, (max-width: 560px) 100vw, 560px\" \/><\/p>\n","protected":false},"excerpt":{"rendered":"<p>Si hace unos d\u00edas d\u00e1bamos cuenta del nombramiento de hombre del a\u00f1o en Suecia por la revista \u201cFokus\u201d de nuestro hermano el Cardenal Arborelius, hoy nos llega la noticia \u2013que compartimos con alegr\u00eda- del nombramiento de Monse\u00f1or Silvio B\u00e1ez, carmelita descalzo, como nicarag\u00fcense del a\u00f1o por el diario \u201cLa Prensa\u201d. Como puede verse m\u00e1s abajo [&hellip;]<\/p>\n","protected":false},"author":7,"featured_media":19549,"comment_status":"closed","ping_status":"closed","sticky":false,"template":"","format":"standard","meta":{"_acf_changed":false,"footnotes":""},"categories":[174,372],"tags":[],"class_list":["post-19557","post","type-post","status-publish","format-standard","has-post-thumbnail","hentry","category-noticias-frailes","category-noticias"],"acf":[],"yoast_head":"<!-- This site is optimized with the Yoast SEO plugin v26.3 - https:\/\/yoast.com\/wordpress\/plugins\/seo\/ -->\n<title>Mons. Silvio B\u00e1ez, hombre del a\u00f1o en Nicaragua - CARMELITAS DESCALZOS<\/title>\n<meta name=\"robots\" content=\"index, follow, max-snippet:-1, max-image-preview:large, max-video-preview:-1\" \/>\n<link rel=\"canonical\" href=\"https:\/\/www.carmelitaniscalzi.com\/es\/2018\/01\/27\/mons-silvio-baez-hombre-del-ano-en-nicaragua\/\" \/>\n<meta property=\"og:locale\" content=\"es_ES\" \/>\n<meta property=\"og:type\" content=\"article\" \/>\n<meta property=\"og:title\" content=\"Mons. Silvio B\u00e1ez, hombre del a\u00f1o en Nicaragua - CARMELITAS DESCALZOS\" \/>\n<meta property=\"og:description\" content=\"Si hace unos d\u00edas d\u00e1bamos cuenta del nombramiento de hombre del a\u00f1o en Suecia por la revista \u201cFokus\u201d de nuestro hermano el Cardenal Arborelius, hoy nos llega la noticia \u2013que compartimos con alegr\u00eda- del nombramiento de Monse\u00f1or Silvio B\u00e1ez, carmelita descalzo, como nicarag\u00fcense del a\u00f1o por el diario \u201cLa Prensa\u201d. Como puede verse m\u00e1s abajo [&hellip;]\" \/>\n<meta property=\"og:url\" content=\"https:\/\/www.carmelitaniscalzi.com\/es\/2018\/01\/27\/mons-silvio-baez-hombre-del-ano-en-nicaragua\/\" \/>\n<meta property=\"og:site_name\" content=\"CARMELITAS DESCALZOS\" \/>\n<meta property=\"article:publisher\" content=\"https:\/\/www.facebook.com\/Curia-Generalizia-Carmelitani-Scalzi-658766940887784\/\" \/>\n<meta property=\"article:published_time\" content=\"2018-01-27T10:57:06+00:00\" \/>\n<meta property=\"og:image\" content=\"https:\/\/www.carmelitaniscalzi.com\/wp-content\/uploads\/2018\/01\/01-4.png\" \/>\n\t<meta property=\"og:image:width\" content=\"542\" \/>\n\t<meta property=\"og:image:height\" content=\"556\" \/>\n\t<meta property=\"og:image:type\" content=\"image\/png\" \/>\n<meta name=\"author\" content=\"ocd web master\" \/>\n<meta name=\"twitter:card\" content=\"summary_large_image\" \/>\n<meta name=\"twitter:creator\" content=\"@ocdcuria\" \/>\n<meta name=\"twitter:site\" content=\"@ocdcuria\" \/>\n<meta name=\"twitter:label1\" content=\"Escrito por\" \/>\n\t<meta name=\"twitter:data1\" content=\"ocd web master\" \/>\n\t<meta name=\"twitter:label2\" content=\"Tiempo de lectura\" \/>\n\t<meta name=\"twitter:data2\" content=\"1 minuto\" \/>\n<script type=\"application\/ld+json\" class=\"yoast-schema-graph\">{\"@context\":\"https:\/\/schema.org\",\"@graph\":[{\"@type\":\"Article\",\"@id\":\"https:\/\/www.carmelitaniscalzi.com\/es\/2018\/01\/27\/mons-silvio-baez-hombre-del-ano-en-nicaragua\/#article\",\"isPartOf\":{\"@id\":\"https:\/\/www.carmelitaniscalzi.com\/es\/2018\/01\/27\/mons-silvio-baez-hombre-del-ano-en-nicaragua\/\"},\"author\":{\"name\":\"ocd web master\",\"@id\":\"https:\/\/www.carmelitaniscalzi.com\/#\/schema\/person\/6d1c0d9bea7b6625c437246a5d6da409\"},\"headline\":\"Mons. Silvio B\u00e1ez, hombre del a\u00f1o en Nicaragua\",\"datePublished\":\"2018-01-27T10:57:06+00:00\",\"mainEntityOfPage\":{\"@id\":\"https:\/\/www.carmelitaniscalzi.com\/es\/2018\/01\/27\/mons-silvio-baez-hombre-del-ano-en-nicaragua\/\"},\"wordCount\":246,\"publisher\":{\"@id\":\"https:\/\/www.carmelitaniscalzi.com\/#organization\"},\"image\":{\"@id\":\"https:\/\/www.carmelitaniscalzi.com\/es\/2018\/01\/27\/mons-silvio-baez-hombre-del-ano-en-nicaragua\/#primaryimage\"},\"thumbnailUrl\":\"https:\/\/www.carmelitaniscalzi.com\/wp-content\/uploads\/2018\/01\/01-4.png\",\"articleSection\":[\"Noticias Frailes\",\"Noticias\"],\"inLanguage\":\"es\"},{\"@type\":\"WebPage\",\"@id\":\"https:\/\/www.carmelitaniscalzi.com\/es\/2018\/01\/27\/mons-silvio-baez-hombre-del-ano-en-nicaragua\/\",\"url\":\"https:\/\/www.carmelitaniscalzi.com\/es\/2018\/01\/27\/mons-silvio-baez-hombre-del-ano-en-nicaragua\/\",\"name\":\"Mons. Silvio B\u00e1ez, hombre del a\u00f1o en Nicaragua - CARMELITAS DESCALZOS\",\"isPartOf\":{\"@id\":\"https:\/\/www.carmelitaniscalzi.com\/#website\"},\"primaryImageOfPage\":{\"@id\":\"https:\/\/www.carmelitaniscalzi.com\/es\/2018\/01\/27\/mons-silvio-baez-hombre-del-ano-en-nicaragua\/#primaryimage\"},\"image\":{\"@id\":\"https:\/\/www.carmelitaniscalzi.com\/es\/2018\/01\/27\/mons-silvio-baez-hombre-del-ano-en-nicaragua\/#primaryimage\"},\"thumbnailUrl\":\"https:\/\/www.carmelitaniscalzi.com\/wp-content\/uploads\/2018\/01\/01-4.png\",\"datePublished\":\"2018-01-27T10:57:06+00:00\",\"breadcrumb\":{\"@id\":\"https:\/\/www.carmelitaniscalzi.com\/es\/2018\/01\/27\/mons-silvio-baez-hombre-del-ano-en-nicaragua\/#breadcrumb\"},\"inLanguage\":\"es\",\"potentialAction\":[{\"@type\":\"ReadAction\",\"target\":[\"https:\/\/www.carmelitaniscalzi.com\/es\/2018\/01\/27\/mons-silvio-baez-hombre-del-ano-en-nicaragua\/\"]}]},{\"@type\":\"ImageObject\",\"inLanguage\":\"es\",\"@id\":\"https:\/\/www.carmelitaniscalzi.com\/es\/2018\/01\/27\/mons-silvio-baez-hombre-del-ano-en-nicaragua\/#primaryimage\",\"url\":\"https:\/\/www.carmelitaniscalzi.com\/wp-content\/uploads\/2018\/01\/01-4.png\",\"contentUrl\":\"https:\/\/www.carmelitaniscalzi.com\/wp-content\/uploads\/2018\/01\/01-4.png\",\"width\":542,\"height\":556},{\"@type\":\"BreadcrumbList\",\"@id\":\"https:\/\/www.carmelitaniscalzi.com\/es\/2018\/01\/27\/mons-silvio-baez-hombre-del-ano-en-nicaragua\/#breadcrumb\",\"itemListElement\":[{\"@type\":\"ListItem\",\"position\":1,\"name\":\"Home\",\"item\":\"https:\/\/www.carmelitaniscalzi.com\/es\/\"},{\"@type\":\"ListItem\",\"position\":2,\"name\":\"Mons. Silvio B\u00e1ez, hombre del a\u00f1o en Nicaragua\"}]},{\"@type\":\"WebSite\",\"@id\":\"https:\/\/www.carmelitaniscalzi.com\/#website\",\"url\":\"https:\/\/www.carmelitaniscalzi.com\/\",\"name\":\"CARMELITANI SCALZI - Curia Generale del Carmelo Teresiano\",\"description\":\"Curia General del Carmelo Teresiano\",\"publisher\":{\"@id\":\"https:\/\/www.carmelitaniscalzi.com\/#organization\"},\"alternateName\":\"CARMELITANI SCALZI\",\"potentialAction\":[{\"@type\":\"SearchAction\",\"target\":{\"@type\":\"EntryPoint\",\"urlTemplate\":\"https:\/\/www.carmelitaniscalzi.com\/?s={search_term_string}\"},\"query-input\":{\"@type\":\"PropertyValueSpecification\",\"valueRequired\":true,\"valueName\":\"search_term_string\"}}],\"inLanguage\":\"es\"},{\"@type\":\"Organization\",\"@id\":\"https:\/\/www.carmelitaniscalzi.com\/#organization\",\"name\":\"CARMELITANI SCALZI - Curia Generale del Carmelo Teresiano\",\"url\":\"https:\/\/www.carmelitaniscalzi.com\/\",\"logo\":{\"@type\":\"ImageObject\",\"inLanguage\":\"es\",\"@id\":\"https:\/\/www.carmelitaniscalzi.com\/#\/schema\/logo\/image\/\",\"url\":\"https:\/\/www.carmelitaniscalzi.com\/wp-content\/uploads\/2025\/11\/login-logo.png\",\"contentUrl\":\"https:\/\/www.carmelitaniscalzi.com\/wp-content\/uploads\/2025\/11\/login-logo.png\",\"width\":256,\"height\":256,\"caption\":\"CARMELITANI SCALZI - Curia Generale del Carmelo Teresiano\"},\"image\":{\"@id\":\"https:\/\/www.carmelitaniscalzi.com\/#\/schema\/logo\/image\/\"},\"sameAs\":[\"https:\/\/www.facebook.com\/Curia-Generalizia-Carmelitani-Scalzi-658766940887784\/\",\"https:\/\/x.com\/ocdcuria\",\"https:\/\/www.youtube.com\/channel\/UC2J5ZL0ycOY0qBSTCLX_NGQ\/videos\",\"https:\/\/www.instagram.com\/ocdinform\/\"]},{\"@type\":\"Person\",\"@id\":\"https:\/\/www.carmelitaniscalzi.com\/#\/schema\/person\/6d1c0d9bea7b6625c437246a5d6da409\",\"name\":\"ocd web master\",\"image\":{\"@type\":\"ImageObject\",\"inLanguage\":\"es\",\"@id\":\"https:\/\/www.carmelitaniscalzi.com\/#\/schema\/person\/image\/\",\"url\":\"https:\/\/secure.gravatar.com\/avatar\/41fbc5f82bad909fbaf2984c43fa50d8519ac5853e25b454d022b6868f80d0e7?s=96&d=mm&r=g\",\"contentUrl\":\"https:\/\/secure.gravatar.com\/avatar\/41fbc5f82bad909fbaf2984c43fa50d8519ac5853e25b454d022b6868f80d0e7?s=96&d=mm&r=g\",\"caption\":\"ocd web master\"},\"url\":\"https:\/\/www.carmelitaniscalzi.com\/es\/author\/ocdwebmaster\/\"}]}<\/script>\n<!-- \/ Yoast SEO plugin. -->","yoast_head_json":{"title":"Mons. Silvio B\u00e1ez, hombre del a\u00f1o en Nicaragua - CARMELITAS DESCALZOS","robots":{"index":"index","follow":"follow","max-snippet":"max-snippet:-1","max-image-preview":"max-image-preview:large","max-video-preview":"max-video-preview:-1"},"canonical":"https:\/\/www.carmelitaniscalzi.com\/es\/2018\/01\/27\/mons-silvio-baez-hombre-del-ano-en-nicaragua\/","og_locale":"es_ES","og_type":"article","og_title":"Mons. Silvio B\u00e1ez, hombre del a\u00f1o en Nicaragua - CARMELITAS DESCALZOS","og_description":"Si hace unos d\u00edas d\u00e1bamos cuenta del nombramiento de hombre del a\u00f1o en Suecia por la revista \u201cFokus\u201d de nuestro hermano el Cardenal Arborelius, hoy nos llega la noticia \u2013que compartimos con alegr\u00eda- del nombramiento de Monse\u00f1or Silvio B\u00e1ez, carmelita descalzo, como nicarag\u00fcense del a\u00f1o por el diario \u201cLa Prensa\u201d. Como puede verse m\u00e1s abajo [&hellip;]","og_url":"https:\/\/www.carmelitaniscalzi.com\/es\/2018\/01\/27\/mons-silvio-baez-hombre-del-ano-en-nicaragua\/","og_site_name":"CARMELITAS DESCALZOS","article_publisher":"https:\/\/www.facebook.com\/Curia-Generalizia-Carmelitani-Scalzi-658766940887784\/","article_published_time":"2018-01-27T10:57:06+00:00","og_image":[{"width":542,"height":556,"url":"https:\/\/www.carmelitaniscalzi.com\/wp-content\/uploads\/2018\/01\/01-4.png","type":"image\/png"}],"author":"ocd web master","twitter_card":"summary_large_image","twitter_creator":"@ocdcuria","twitter_site":"@ocdcuria","twitter_misc":{"Escrito por":"ocd web master","Tiempo de lectura":"1 minuto"},"schema":{"@context":"https:\/\/schema.org","@graph":[{"@type":"Article","@id":"https:\/\/www.carmelitaniscalzi.com\/es\/2018\/01\/27\/mons-silvio-baez-hombre-del-ano-en-nicaragua\/#article","isPartOf":{"@id":"https:\/\/www.carmelitaniscalzi.com\/es\/2018\/01\/27\/mons-silvio-baez-hombre-del-ano-en-nicaragua\/"},"author":{"name":"ocd web master","@id":"https:\/\/www.carmelitaniscalzi.com\/#\/schema\/person\/6d1c0d9bea7b6625c437246a5d6da409"},"headline":"Mons. Silvio B\u00e1ez, hombre del a\u00f1o en Nicaragua","datePublished":"2018-01-27T10:57:06+00:00","mainEntityOfPage":{"@id":"https:\/\/www.carmelitaniscalzi.com\/es\/2018\/01\/27\/mons-silvio-baez-hombre-del-ano-en-nicaragua\/"},"wordCount":246,"publisher":{"@id":"https:\/\/www.carmelitaniscalzi.com\/#organization"},"image":{"@id":"https:\/\/www.carmelitaniscalzi.com\/es\/2018\/01\/27\/mons-silvio-baez-hombre-del-ano-en-nicaragua\/#primaryimage"},"thumbnailUrl":"https:\/\/www.carmelitaniscalzi.com\/wp-content\/uploads\/2018\/01\/01-4.png","articleSection":["Noticias Frailes","Noticias"],"inLanguage":"es"},{"@type":"WebPage","@id":"https:\/\/www.carmelitaniscalzi.com\/es\/2018\/01\/27\/mons-silvio-baez-hombre-del-ano-en-nicaragua\/","url":"https:\/\/www.carmelitaniscalzi.com\/es\/2018\/01\/27\/mons-silvio-baez-hombre-del-ano-en-nicaragua\/","name":"Mons. Silvio B\u00e1ez, hombre del a\u00f1o en Nicaragua - CARMELITAS DESCALZOS","isPartOf":{"@id":"https:\/\/www.carmelitaniscalzi.com\/#website"},"primaryImageOfPage":{"@id":"https:\/\/www.carmelitaniscalzi.com\/es\/2018\/01\/27\/mons-silvio-baez-hombre-del-ano-en-nicaragua\/#primaryimage"},"image":{"@id":"https:\/\/www.carmelitaniscalzi.com\/es\/2018\/01\/27\/mons-silvio-baez-hombre-del-ano-en-nicaragua\/#primaryimage"},"thumbnailUrl":"https:\/\/www.carmelitaniscalzi.com\/wp-content\/uploads\/2018\/01\/01-4.png","datePublished":"2018-01-27T10:57:06+00:00","breadcrumb":{"@id":"https:\/\/www.carmelitaniscalzi.com\/es\/2018\/01\/27\/mons-silvio-baez-hombre-del-ano-en-nicaragua\/#breadcrumb"},"inLanguage":"es","potentialAction":[{"@type":"ReadAction","target":["https:\/\/www.carmelitaniscalzi.com\/es\/2018\/01\/27\/mons-silvio-baez-hombre-del-ano-en-nicaragua\/"]}]},{"@type":"ImageObject","inLanguage":"es","@id":"https:\/\/www.carmelitaniscalzi.com\/es\/2018\/01\/27\/mons-silvio-baez-hombre-del-ano-en-nicaragua\/#primaryimage","url":"https:\/\/www.carmelitaniscalzi.com\/wp-content\/uploads\/2018\/01\/01-4.png","contentUrl":"https:\/\/www.carmelitaniscalzi.com\/wp-content\/uploads\/2018\/01\/01-4.png","width":542,"height":556},{"@type":"BreadcrumbList","@id":"https:\/\/www.carmelitaniscalzi.com\/es\/2018\/01\/27\/mons-silvio-baez-hombre-del-ano-en-nicaragua\/#breadcrumb","itemListElement":[{"@type":"ListItem","position":1,"name":"Home","item":"https:\/\/www.carmelitaniscalzi.com\/es\/"},{"@type":"ListItem","position":2,"name":"Mons. Silvio B\u00e1ez, hombre del a\u00f1o en Nicaragua"}]},{"@type":"WebSite","@id":"https:\/\/www.carmelitaniscalzi.com\/#website","url":"https:\/\/www.carmelitaniscalzi.com\/","name":"CARMELITANI SCALZI - Curia Generale del Carmelo Teresiano","description":"Curia General del Carmelo Teresiano","publisher":{"@id":"https:\/\/www.carmelitaniscalzi.com\/#organization"},"alternateName":"CARMELITANI SCALZI","potentialAction":[{"@type":"SearchAction","target":{"@type":"EntryPoint","urlTemplate":"https:\/\/www.carmelitaniscalzi.com\/?s={search_term_string}"},"query-input":{"@type":"PropertyValueSpecification","valueRequired":true,"valueName":"search_term_string"}}],"inLanguage":"es"},{"@type":"Organization","@id":"https:\/\/www.carmelitaniscalzi.com\/#organization","name":"CARMELITANI SCALZI - Curia Generale del Carmelo Teresiano","url":"https:\/\/www.carmelitaniscalzi.com\/","logo":{"@type":"ImageObject","inLanguage":"es","@id":"https:\/\/www.carmelitaniscalzi.com\/#\/schema\/logo\/image\/","url":"https:\/\/www.carmelitaniscalzi.com\/wp-content\/uploads\/2025\/11\/login-logo.png","contentUrl":"https:\/\/www.carmelitaniscalzi.com\/wp-content\/uploads\/2025\/11\/login-logo.png","width":256,"height":256,"caption":"CARMELITANI SCALZI - Curia Generale del Carmelo Teresiano"},"image":{"@id":"https:\/\/www.carmelitaniscalzi.com\/#\/schema\/logo\/image\/"},"sameAs":["https:\/\/www.facebook.com\/Curia-Generalizia-Carmelitani-Scalzi-658766940887784\/","https:\/\/x.com\/ocdcuria","https:\/\/www.youtube.com\/channel\/UC2J5ZL0ycOY0qBSTCLX_NGQ\/videos","https:\/\/www.instagram.com\/ocdinform\/"]},{"@type":"Person","@id":"https:\/\/www.carmelitaniscalzi.com\/#\/schema\/person\/6d1c0d9bea7b6625c437246a5d6da409","name":"ocd web master","image":{"@type":"ImageObject","inLanguage":"es","@id":"https:\/\/www.carmelitaniscalzi.com\/#\/schema\/person\/image\/","url":"https:\/\/secure.gravatar.com\/avatar\/41fbc5f82bad909fbaf2984c43fa50d8519ac5853e25b454d022b6868f80d0e7?s=96&d=mm&r=g","contentUrl":"https:\/\/secure.gravatar.com\/avatar\/41fbc5f82bad909fbaf2984c43fa50d8519ac5853e25b454d022b6868f80d0e7?s=96&d=mm&r=g","caption":"ocd web master"},"url":"https:\/\/www.carmelitaniscalzi.com\/es\/author\/ocdwebmaster\/"}]}},"_links":{"self":[{"href":"https:\/\/www.carmelitaniscalzi.com\/es\/wp-json\/wp\/v2\/posts\/19557","targetHints":{"allow":["GET"]}}],"collection":[{"href":"https:\/\/www.carmelitaniscalzi.com\/es\/wp-json\/wp\/v2\/posts"}],"about":[{"href":"https:\/\/www.carmelitaniscalzi.com\/es\/wp-json\/wp\/v2\/types\/post"}],"author":[{"embeddable":true,"href":"https:\/\/www.carmelitaniscalzi.com\/es\/wp-json\/wp\/v2\/users\/7"}],"replies":[{"embeddable":true,"href":"https:\/\/www.carmelitaniscalzi.com\/es\/wp-json\/wp\/v2\/comments?post=19557"}],"version-history":[{"count":0,"href":"https:\/\/www.carmelitaniscalzi.com\/es\/wp-json\/wp\/v2\/posts\/19557\/revisions"}],"wp:featuredmedia":[{"embeddable":true,"href":"https:\/\/www.carmelitaniscalzi.com\/es\/wp-json\/wp\/v2\/media\/19549"}],"wp:attachment":[{"href":"https:\/\/www.carmelitaniscalzi.com\/es\/wp-json\/wp\/v2\/media?parent=19557"}],"wp:term":[{"taxonomy":"category","embeddable":true,"href":"https:\/\/www.carmelitaniscalzi.com\/es\/wp-json\/wp\/v2\/categories?post=19557"},{"taxonomy":"post_tag","embeddable":true,"href":"https:\/\/www.carmelitaniscalzi.com\/es\/wp-json\/wp\/v2\/tags?post=19557"}],"curies":[{"name":"wp","href":"https:\/\/api.w.org\/{rel}","templated":true}]}}