{"id":19474,"date":"2018-01-18T14:10:32","date_gmt":"2018-01-18T13:10:32","guid":{"rendered":"https:\/\/www.carmelitaniscalzi.com\/es\/?p=19474"},"modified":"2018-01-18T14:10:32","modified_gmt":"2018-01-18T13:10:32","slug":"las-carmelitas-descalzas-de-tolentino","status":"publish","type":"post","link":"https:\/\/www.carmelitaniscalzi.com\/es\/2018\/01\/18\/las-carmelitas-descalzas-de-tolentino\/","title":{"rendered":"Las Carmelitas Descalzas de Tolentino"},"content":{"rendered":"<p>En este servicio de informaci\u00f3n recibimos con frecuencia preguntas acerca de la situaci\u00f3n de nuestras hermanas Carmelitas Descalzas de Tolentino, quienes, como informamos el 3 de noviembre de 2016, tuvieron que abandonar su monasterio despu\u00e9s de los da\u00f1os producidos en este por el terremoto del 30 de octubre del mismo a\u00f1o, desatado cuando la comunidad hab\u00eda apenas comenzado a celebrar la misa, presidida por el entonces Provincial de Italia Central, P. Gabriele Morra.<\/p>\n<p>Acogidas en principio por las hermanas de Fano ese mismo d\u00eda, las monjas comenzaron a buscar soluciones alternativas con el fin de liberar al monasterio y la comunidad de Fano de la sobrecarga material que supon\u00eda la presencia all\u00ed de diecinueve monjas m\u00e1s, aunque la buena voluntad y el amor fraterno fuesen m\u00e1s fuertes que cualquier dificultad. Encontrando un lugar adecuado, la comunidad de Tolentino podr\u00eda recuperar tambi\u00e9n una cierta autonom\u00eda, siempre necesaria.<\/p>\n<p>Finalmente, el 22 de julio del 2017 las monjas, gracias al inter\u00e9s de los Padres Agustinos y la generosidad de las Hermanas Agustinas de Santa Rita de Casia, pudieron transferirse a la casa de acogida vocacional \u201cSan Agust\u00edn\u201d, muy cercana a esta localidad italiana. All\u00ed se encuentran desde esa fecha a la espera de poder reconstruir el monasterio de Tolentino. No es poco el camino que queda por recorrer y habr\u00e1n de recabar todav\u00eda muchas ayudas \u2013ya se han puesto en marcha algunas iniciativas solidarias de las que hemos informado en nuestras redes sociales-, pero la comunidad vive el camino emprendido tras la dolorosa jornada del 30 de octubre de 2016 en abandono y esperanza en la misericordia de Dios.<\/p>\n<p>En este enlace puede descargarse, en italiano, una cr\u00f3nica escrita por las propias hermanas, que hemos sintetizado en esta noticia: <a href=\"http:\/\/www.sannicoladatolentino.it\/files\/Bollettino-luglio-settembre-2017--DEF.pdf\">http:\/\/www.sannicoladatolentino.it\/files\/Bollettino-luglio-settembre-2017&#8211;DEF.pdf<\/a><\/p>\n<p><img loading=\"lazy\" decoding=\"async\" class=\"alignnone size-full wp-image-19468\" src=\"https:\/\/www.carmelitaniscalzi.com\/wp-content\/uploads\/2018\/01\/01-2.png\" alt=\"\" width=\"603\" height=\"259\" srcset=\"https:\/\/www.carmelitaniscalzi.com\/wp-content\/uploads\/2018\/01\/01-2.png 603w, https:\/\/www.carmelitaniscalzi.com\/wp-content\/uploads\/2018\/01\/01-2-300x129.png 300w, https:\/\/www.carmelitaniscalzi.com\/wp-content\/uploads\/2018\/01\/01-2-128x55.png 128w, https:\/\/www.carmelitaniscalzi.com\/wp-content\/uploads\/2018\/01\/01-2-580x249.png 580w\" sizes=\"auto, (max-width: 603px) 100vw, 603px\" \/> <img loading=\"lazy\" decoding=\"async\" class=\"alignnone size-full wp-image-19469\" src=\"https:\/\/www.carmelitaniscalzi.com\/wp-content\/uploads\/2018\/01\/02-2.png\" alt=\"\" width=\"297\" height=\"411\" srcset=\"https:\/\/www.carmelitaniscalzi.com\/wp-content\/uploads\/2018\/01\/02-2.png 297w, https:\/\/www.carmelitaniscalzi.com\/wp-content\/uploads\/2018\/01\/02-2-217x300.png 217w, https:\/\/www.carmelitaniscalzi.com\/wp-content\/uploads\/2018\/01\/02-2-40x55.png 40w\" sizes=\"auto, (max-width: 297px) 100vw, 297px\" \/><\/p>\n<p>&nbsp;<\/p>\n","protected":false},"excerpt":{"rendered":"<p>En este servicio de informaci\u00f3n recibimos con frecuencia preguntas acerca de la situaci\u00f3n de nuestras hermanas Carmelitas Descalzas de Tolentino, quienes, como informamos el 3 de noviembre de 2016, tuvieron que abandonar su monasterio despu\u00e9s de los da\u00f1os producidos en este por el terremoto del 30 de octubre del mismo a\u00f1o, desatado cuando la comunidad [&hellip;]<\/p>\n","protected":false},"author":7,"featured_media":19467,"comment_status":"closed","ping_status":"closed","sticky":false,"template":"","format":"standard","meta":{"_acf_changed":false,"footnotes":""},"categories":[176,372],"tags":[],"class_list":["post-19474","post","type-post","status-publish","format-standard","has-post-thumbnail","hentry","category-noticias-monjas","category-noticias"],"acf":[],"yoast_head":"<!-- This site is optimized with the Yoast SEO plugin v26.3 - https:\/\/yoast.com\/wordpress\/plugins\/seo\/ -->\n<title>Las Carmelitas Descalzas de Tolentino - CARMELITAS DESCALZOS<\/title>\n<meta name=\"robots\" content=\"index, follow, max-snippet:-1, max-image-preview:large, max-video-preview:-1\" \/>\n<link rel=\"canonical\" href=\"https:\/\/www.carmelitaniscalzi.com\/es\/2018\/01\/18\/las-carmelitas-descalzas-de-tolentino\/\" \/>\n<meta property=\"og:locale\" content=\"es_ES\" \/>\n<meta property=\"og:type\" content=\"article\" \/>\n<meta property=\"og:title\" content=\"Las Carmelitas Descalzas de Tolentino - CARMELITAS DESCALZOS\" \/>\n<meta property=\"og:description\" content=\"En este servicio de informaci\u00f3n recibimos con frecuencia preguntas acerca de la situaci\u00f3n de nuestras hermanas Carmelitas Descalzas de Tolentino, quienes, como informamos el 3 de noviembre de 2016, tuvieron que abandonar su monasterio despu\u00e9s de los da\u00f1os producidos en este por el terremoto del 30 de octubre del mismo a\u00f1o, desatado cuando la comunidad [&hellip;]\" \/>\n<meta property=\"og:url\" content=\"https:\/\/www.carmelitaniscalzi.com\/es\/2018\/01\/18\/las-carmelitas-descalzas-de-tolentino\/\" \/>\n<meta property=\"og:site_name\" content=\"CARMELITAS DESCALZOS\" \/>\n<meta property=\"article:publisher\" content=\"https:\/\/www.facebook.com\/Curia-Generalizia-Carmelitani-Scalzi-658766940887784\/\" \/>\n<meta property=\"article:published_time\" content=\"2018-01-18T13:10:32+00:00\" \/>\n<meta property=\"og:image\" content=\"https:\/\/www.carmelitaniscalzi.com\/wp-content\/uploads\/2018\/01\/00-2.png\" \/>\n\t<meta property=\"og:image:width\" content=\"640\" \/>\n\t<meta property=\"og:image:height\" content=\"366\" \/>\n\t<meta property=\"og:image:type\" content=\"image\/png\" \/>\n<meta name=\"author\" content=\"ocd web master\" \/>\n<meta name=\"twitter:card\" content=\"summary_large_image\" \/>\n<meta name=\"twitter:creator\" content=\"@ocdcuria\" \/>\n<meta name=\"twitter:site\" content=\"@ocdcuria\" \/>\n<meta name=\"twitter:label1\" content=\"Escrito por\" \/>\n\t<meta name=\"twitter:data1\" content=\"ocd web master\" \/>\n\t<meta name=\"twitter:label2\" content=\"Tiempo de lectura\" \/>\n\t<meta name=\"twitter:data2\" content=\"2 minutos\" \/>\n<script type=\"application\/ld+json\" class=\"yoast-schema-graph\">{\"@context\":\"https:\/\/schema.org\",\"@graph\":[{\"@type\":\"Article\",\"@id\":\"https:\/\/www.carmelitaniscalzi.com\/es\/2018\/01\/18\/las-carmelitas-descalzas-de-tolentino\/#article\",\"isPartOf\":{\"@id\":\"https:\/\/www.carmelitaniscalzi.com\/es\/2018\/01\/18\/las-carmelitas-descalzas-de-tolentino\/\"},\"author\":{\"name\":\"ocd web master\",\"@id\":\"https:\/\/www.carmelitaniscalzi.com\/#\/schema\/person\/6d1c0d9bea7b6625c437246a5d6da409\"},\"headline\":\"Las Carmelitas Descalzas de Tolentino\",\"datePublished\":\"2018-01-18T13:10:32+00:00\",\"mainEntityOfPage\":{\"@id\":\"https:\/\/www.carmelitaniscalzi.com\/es\/2018\/01\/18\/las-carmelitas-descalzas-de-tolentino\/\"},\"wordCount\":311,\"publisher\":{\"@id\":\"https:\/\/www.carmelitaniscalzi.com\/#organization\"},\"image\":{\"@id\":\"https:\/\/www.carmelitaniscalzi.com\/es\/2018\/01\/18\/las-carmelitas-descalzas-de-tolentino\/#primaryimage\"},\"thumbnailUrl\":\"https:\/\/www.carmelitaniscalzi.com\/wp-content\/uploads\/2018\/01\/00-2.png\",\"articleSection\":[\"Noticias Monjas\",\"Noticias\"],\"inLanguage\":\"es\"},{\"@type\":\"WebPage\",\"@id\":\"https:\/\/www.carmelitaniscalzi.com\/es\/2018\/01\/18\/las-carmelitas-descalzas-de-tolentino\/\",\"url\":\"https:\/\/www.carmelitaniscalzi.com\/es\/2018\/01\/18\/las-carmelitas-descalzas-de-tolentino\/\",\"name\":\"Las Carmelitas Descalzas de Tolentino - CARMELITAS DESCALZOS\",\"isPartOf\":{\"@id\":\"https:\/\/www.carmelitaniscalzi.com\/#website\"},\"primaryImageOfPage\":{\"@id\":\"https:\/\/www.carmelitaniscalzi.com\/es\/2018\/01\/18\/las-carmelitas-descalzas-de-tolentino\/#primaryimage\"},\"image\":{\"@id\":\"https:\/\/www.carmelitaniscalzi.com\/es\/2018\/01\/18\/las-carmelitas-descalzas-de-tolentino\/#primaryimage\"},\"thumbnailUrl\":\"https:\/\/www.carmelitaniscalzi.com\/wp-content\/uploads\/2018\/01\/00-2.png\",\"datePublished\":\"2018-01-18T13:10:32+00:00\",\"breadcrumb\":{\"@id\":\"https:\/\/www.carmelitaniscalzi.com\/es\/2018\/01\/18\/las-carmelitas-descalzas-de-tolentino\/#breadcrumb\"},\"inLanguage\":\"es\",\"potentialAction\":[{\"@type\":\"ReadAction\",\"target\":[\"https:\/\/www.carmelitaniscalzi.com\/es\/2018\/01\/18\/las-carmelitas-descalzas-de-tolentino\/\"]}]},{\"@type\":\"ImageObject\",\"inLanguage\":\"es\",\"@id\":\"https:\/\/www.carmelitaniscalzi.com\/es\/2018\/01\/18\/las-carmelitas-descalzas-de-tolentino\/#primaryimage\",\"url\":\"https:\/\/www.carmelitaniscalzi.com\/wp-content\/uploads\/2018\/01\/00-2.png\",\"contentUrl\":\"https:\/\/www.carmelitaniscalzi.com\/wp-content\/uploads\/2018\/01\/00-2.png\",\"width\":640,\"height\":366},{\"@type\":\"BreadcrumbList\",\"@id\":\"https:\/\/www.carmelitaniscalzi.com\/es\/2018\/01\/18\/las-carmelitas-descalzas-de-tolentino\/#breadcrumb\",\"itemListElement\":[{\"@type\":\"ListItem\",\"position\":1,\"name\":\"Home\",\"item\":\"https:\/\/www.carmelitaniscalzi.com\/es\/\"},{\"@type\":\"ListItem\",\"position\":2,\"name\":\"Las Carmelitas Descalzas de Tolentino\"}]},{\"@type\":\"WebSite\",\"@id\":\"https:\/\/www.carmelitaniscalzi.com\/#website\",\"url\":\"https:\/\/www.carmelitaniscalzi.com\/\",\"name\":\"CARMELITANI SCALZI - Curia Generale del Carmelo Teresiano\",\"description\":\"Curia General del Carmelo Teresiano\",\"publisher\":{\"@id\":\"https:\/\/www.carmelitaniscalzi.com\/#organization\"},\"alternateName\":\"CARMELITANI SCALZI\",\"potentialAction\":[{\"@type\":\"SearchAction\",\"target\":{\"@type\":\"EntryPoint\",\"urlTemplate\":\"https:\/\/www.carmelitaniscalzi.com\/?s={search_term_string}\"},\"query-input\":{\"@type\":\"PropertyValueSpecification\",\"valueRequired\":true,\"valueName\":\"search_term_string\"}}],\"inLanguage\":\"es\"},{\"@type\":\"Organization\",\"@id\":\"https:\/\/www.carmelitaniscalzi.com\/#organization\",\"name\":\"CARMELITANI SCALZI - Curia Generale del Carmelo Teresiano\",\"url\":\"https:\/\/www.carmelitaniscalzi.com\/\",\"logo\":{\"@type\":\"ImageObject\",\"inLanguage\":\"es\",\"@id\":\"https:\/\/www.carmelitaniscalzi.com\/#\/schema\/logo\/image\/\",\"url\":\"https:\/\/www.carmelitaniscalzi.com\/wp-content\/uploads\/2025\/11\/login-logo.png\",\"contentUrl\":\"https:\/\/www.carmelitaniscalzi.com\/wp-content\/uploads\/2025\/11\/login-logo.png\",\"width\":256,\"height\":256,\"caption\":\"CARMELITANI SCALZI - Curia Generale del Carmelo Teresiano\"},\"image\":{\"@id\":\"https:\/\/www.carmelitaniscalzi.com\/#\/schema\/logo\/image\/\"},\"sameAs\":[\"https:\/\/www.facebook.com\/Curia-Generalizia-Carmelitani-Scalzi-658766940887784\/\",\"https:\/\/x.com\/ocdcuria\",\"https:\/\/www.youtube.com\/channel\/UC2J5ZL0ycOY0qBSTCLX_NGQ\/videos\",\"https:\/\/www.instagram.com\/ocdinform\/\"]},{\"@type\":\"Person\",\"@id\":\"https:\/\/www.carmelitaniscalzi.com\/#\/schema\/person\/6d1c0d9bea7b6625c437246a5d6da409\",\"name\":\"ocd web master\",\"image\":{\"@type\":\"ImageObject\",\"inLanguage\":\"es\",\"@id\":\"https:\/\/www.carmelitaniscalzi.com\/#\/schema\/person\/image\/\",\"url\":\"https:\/\/secure.gravatar.com\/avatar\/41fbc5f82bad909fbaf2984c43fa50d8519ac5853e25b454d022b6868f80d0e7?s=96&d=mm&r=g\",\"contentUrl\":\"https:\/\/secure.gravatar.com\/avatar\/41fbc5f82bad909fbaf2984c43fa50d8519ac5853e25b454d022b6868f80d0e7?s=96&d=mm&r=g\",\"caption\":\"ocd web master\"},\"url\":\"https:\/\/www.carmelitaniscalzi.com\/es\/author\/ocdwebmaster\/\"}]}<\/script>\n<!-- \/ Yoast SEO plugin. -->","yoast_head_json":{"title":"Las Carmelitas Descalzas de Tolentino - CARMELITAS DESCALZOS","robots":{"index":"index","follow":"follow","max-snippet":"max-snippet:-1","max-image-preview":"max-image-preview:large","max-video-preview":"max-video-preview:-1"},"canonical":"https:\/\/www.carmelitaniscalzi.com\/es\/2018\/01\/18\/las-carmelitas-descalzas-de-tolentino\/","og_locale":"es_ES","og_type":"article","og_title":"Las Carmelitas Descalzas de Tolentino - CARMELITAS DESCALZOS","og_description":"En este servicio de informaci\u00f3n recibimos con frecuencia preguntas acerca de la situaci\u00f3n de nuestras hermanas Carmelitas Descalzas de Tolentino, quienes, como informamos el 3 de noviembre de 2016, tuvieron que abandonar su monasterio despu\u00e9s de los da\u00f1os producidos en este por el terremoto del 30 de octubre del mismo a\u00f1o, desatado cuando la comunidad [&hellip;]","og_url":"https:\/\/www.carmelitaniscalzi.com\/es\/2018\/01\/18\/las-carmelitas-descalzas-de-tolentino\/","og_site_name":"CARMELITAS DESCALZOS","article_publisher":"https:\/\/www.facebook.com\/Curia-Generalizia-Carmelitani-Scalzi-658766940887784\/","article_published_time":"2018-01-18T13:10:32+00:00","og_image":[{"width":640,"height":366,"url":"https:\/\/www.carmelitaniscalzi.com\/wp-content\/uploads\/2018\/01\/00-2.png","type":"image\/png"}],"author":"ocd web master","twitter_card":"summary_large_image","twitter_creator":"@ocdcuria","twitter_site":"@ocdcuria","twitter_misc":{"Escrito por":"ocd web master","Tiempo de lectura":"2 minutos"},"schema":{"@context":"https:\/\/schema.org","@graph":[{"@type":"Article","@id":"https:\/\/www.carmelitaniscalzi.com\/es\/2018\/01\/18\/las-carmelitas-descalzas-de-tolentino\/#article","isPartOf":{"@id":"https:\/\/www.carmelitaniscalzi.com\/es\/2018\/01\/18\/las-carmelitas-descalzas-de-tolentino\/"},"author":{"name":"ocd web master","@id":"https:\/\/www.carmelitaniscalzi.com\/#\/schema\/person\/6d1c0d9bea7b6625c437246a5d6da409"},"headline":"Las Carmelitas Descalzas de Tolentino","datePublished":"2018-01-18T13:10:32+00:00","mainEntityOfPage":{"@id":"https:\/\/www.carmelitaniscalzi.com\/es\/2018\/01\/18\/las-carmelitas-descalzas-de-tolentino\/"},"wordCount":311,"publisher":{"@id":"https:\/\/www.carmelitaniscalzi.com\/#organization"},"image":{"@id":"https:\/\/www.carmelitaniscalzi.com\/es\/2018\/01\/18\/las-carmelitas-descalzas-de-tolentino\/#primaryimage"},"thumbnailUrl":"https:\/\/www.carmelitaniscalzi.com\/wp-content\/uploads\/2018\/01\/00-2.png","articleSection":["Noticias Monjas","Noticias"],"inLanguage":"es"},{"@type":"WebPage","@id":"https:\/\/www.carmelitaniscalzi.com\/es\/2018\/01\/18\/las-carmelitas-descalzas-de-tolentino\/","url":"https:\/\/www.carmelitaniscalzi.com\/es\/2018\/01\/18\/las-carmelitas-descalzas-de-tolentino\/","name":"Las Carmelitas Descalzas de Tolentino - CARMELITAS DESCALZOS","isPartOf":{"@id":"https:\/\/www.carmelitaniscalzi.com\/#website"},"primaryImageOfPage":{"@id":"https:\/\/www.carmelitaniscalzi.com\/es\/2018\/01\/18\/las-carmelitas-descalzas-de-tolentino\/#primaryimage"},"image":{"@id":"https:\/\/www.carmelitaniscalzi.com\/es\/2018\/01\/18\/las-carmelitas-descalzas-de-tolentino\/#primaryimage"},"thumbnailUrl":"https:\/\/www.carmelitaniscalzi.com\/wp-content\/uploads\/2018\/01\/00-2.png","datePublished":"2018-01-18T13:10:32+00:00","breadcrumb":{"@id":"https:\/\/www.carmelitaniscalzi.com\/es\/2018\/01\/18\/las-carmelitas-descalzas-de-tolentino\/#breadcrumb"},"inLanguage":"es","potentialAction":[{"@type":"ReadAction","target":["https:\/\/www.carmelitaniscalzi.com\/es\/2018\/01\/18\/las-carmelitas-descalzas-de-tolentino\/"]}]},{"@type":"ImageObject","inLanguage":"es","@id":"https:\/\/www.carmelitaniscalzi.com\/es\/2018\/01\/18\/las-carmelitas-descalzas-de-tolentino\/#primaryimage","url":"https:\/\/www.carmelitaniscalzi.com\/wp-content\/uploads\/2018\/01\/00-2.png","contentUrl":"https:\/\/www.carmelitaniscalzi.com\/wp-content\/uploads\/2018\/01\/00-2.png","width":640,"height":366},{"@type":"BreadcrumbList","@id":"https:\/\/www.carmelitaniscalzi.com\/es\/2018\/01\/18\/las-carmelitas-descalzas-de-tolentino\/#breadcrumb","itemListElement":[{"@type":"ListItem","position":1,"name":"Home","item":"https:\/\/www.carmelitaniscalzi.com\/es\/"},{"@type":"ListItem","position":2,"name":"Las Carmelitas Descalzas de Tolentino"}]},{"@type":"WebSite","@id":"https:\/\/www.carmelitaniscalzi.com\/#website","url":"https:\/\/www.carmelitaniscalzi.com\/","name":"CARMELITANI SCALZI - Curia Generale del Carmelo Teresiano","description":"Curia General del Carmelo Teresiano","publisher":{"@id":"https:\/\/www.carmelitaniscalzi.com\/#organization"},"alternateName":"CARMELITANI SCALZI","potentialAction":[{"@type":"SearchAction","target":{"@type":"EntryPoint","urlTemplate":"https:\/\/www.carmelitaniscalzi.com\/?s={search_term_string}"},"query-input":{"@type":"PropertyValueSpecification","valueRequired":true,"valueName":"search_term_string"}}],"inLanguage":"es"},{"@type":"Organization","@id":"https:\/\/www.carmelitaniscalzi.com\/#organization","name":"CARMELITANI SCALZI - Curia Generale del Carmelo Teresiano","url":"https:\/\/www.carmelitaniscalzi.com\/","logo":{"@type":"ImageObject","inLanguage":"es","@id":"https:\/\/www.carmelitaniscalzi.com\/#\/schema\/logo\/image\/","url":"https:\/\/www.carmelitaniscalzi.com\/wp-content\/uploads\/2025\/11\/login-logo.png","contentUrl":"https:\/\/www.carmelitaniscalzi.com\/wp-content\/uploads\/2025\/11\/login-logo.png","width":256,"height":256,"caption":"CARMELITANI SCALZI - Curia Generale del Carmelo Teresiano"},"image":{"@id":"https:\/\/www.carmelitaniscalzi.com\/#\/schema\/logo\/image\/"},"sameAs":["https:\/\/www.facebook.com\/Curia-Generalizia-Carmelitani-Scalzi-658766940887784\/","https:\/\/x.com\/ocdcuria","https:\/\/www.youtube.com\/channel\/UC2J5ZL0ycOY0qBSTCLX_NGQ\/videos","https:\/\/www.instagram.com\/ocdinform\/"]},{"@type":"Person","@id":"https:\/\/www.carmelitaniscalzi.com\/#\/schema\/person\/6d1c0d9bea7b6625c437246a5d6da409","name":"ocd web master","image":{"@type":"ImageObject","inLanguage":"es","@id":"https:\/\/www.carmelitaniscalzi.com\/#\/schema\/person\/image\/","url":"https:\/\/secure.gravatar.com\/avatar\/41fbc5f82bad909fbaf2984c43fa50d8519ac5853e25b454d022b6868f80d0e7?s=96&d=mm&r=g","contentUrl":"https:\/\/secure.gravatar.com\/avatar\/41fbc5f82bad909fbaf2984c43fa50d8519ac5853e25b454d022b6868f80d0e7?s=96&d=mm&r=g","caption":"ocd web master"},"url":"https:\/\/www.carmelitaniscalzi.com\/es\/author\/ocdwebmaster\/"}]}},"_links":{"self":[{"href":"https:\/\/www.carmelitaniscalzi.com\/es\/wp-json\/wp\/v2\/posts\/19474","targetHints":{"allow":["GET"]}}],"collection":[{"href":"https:\/\/www.carmelitaniscalzi.com\/es\/wp-json\/wp\/v2\/posts"}],"about":[{"href":"https:\/\/www.carmelitaniscalzi.com\/es\/wp-json\/wp\/v2\/types\/post"}],"author":[{"embeddable":true,"href":"https:\/\/www.carmelitaniscalzi.com\/es\/wp-json\/wp\/v2\/users\/7"}],"replies":[{"embeddable":true,"href":"https:\/\/www.carmelitaniscalzi.com\/es\/wp-json\/wp\/v2\/comments?post=19474"}],"version-history":[{"count":0,"href":"https:\/\/www.carmelitaniscalzi.com\/es\/wp-json\/wp\/v2\/posts\/19474\/revisions"}],"wp:featuredmedia":[{"embeddable":true,"href":"https:\/\/www.carmelitaniscalzi.com\/es\/wp-json\/wp\/v2\/media\/19467"}],"wp:attachment":[{"href":"https:\/\/www.carmelitaniscalzi.com\/es\/wp-json\/wp\/v2\/media?parent=19474"}],"wp:term":[{"taxonomy":"category","embeddable":true,"href":"https:\/\/www.carmelitaniscalzi.com\/es\/wp-json\/wp\/v2\/categories?post=19474"},{"taxonomy":"post_tag","embeddable":true,"href":"https:\/\/www.carmelitaniscalzi.com\/es\/wp-json\/wp\/v2\/tags?post=19474"}],"curies":[{"name":"wp","href":"https:\/\/api.w.org\/{rel}","templated":true}]}}