{"id":19302,"date":"2017-12-29T14:00:43","date_gmt":"2017-12-29T13:00:43","guid":{"rendered":"https:\/\/www.carmelitaniscalzi.com\/es\/?p=19302"},"modified":"2021-05-23T14:13:51","modified_gmt":"2021-05-23T12:13:51","slug":"un-regalo-de-navidad-carmelitano-del-papa-francisco-la-curia","status":"publish","type":"post","link":"https:\/\/www.carmelitaniscalzi.com\/es\/2017\/12\/29\/un-regalo-de-navidad-carmelitano-del-papa-francisco-la-curia\/","title":{"rendered":"Un regalo de Navidad carmelitano del Papa Francisco a la Curia"},"content":{"rendered":"<p>El pasado 21 de diciembre, al terminar su discurso con motivo de la tradicional felicitaci\u00f3n navide\u00f1a a la Curia Romana, el papa Francisco anunci\u00f3 a los cardenales, obispos y prefectos presentes su regalo de este a\u00f1o. En esta ocasi\u00f3n el papa les ha regalado dos libros, uno de los cuales era \u201cQuiero ver a Dios\u201d del Beato Mar\u00eda Eugenio del Ni\u00f1o Jes\u00fas, carmelita descalzo, publicado en italiano por la Editorial Vaticana. Refiri\u00e9ndose a este libro, el papa dijo a los presentes: \u201cNos har\u00e1 mucho bien a todos leerlo\u2026 Quiz\u00e1s no completo \u2013a\u00f1adi\u00f3 en tono jocoso, probablemente dado el grosor del volumen- sino buscando en el \u00edndice lo que nos interese m\u00e1s o aquello de lo que tengamos mayor necesidad\u201d<\/p>\n","protected":false},"excerpt":{"rendered":"<p>El pasado 21 de diciembre, al terminar su discurso con motivo de la tradicional felicitaci\u00f3n navide\u00f1a a la Curia Romana, el papa Francisco anunci\u00f3 a los cardenales, obispos y prefectos presentes su regalo de este a\u00f1o. En esta ocasi\u00f3n el papa les ha regalado dos libros, uno de los cuales era \u201cQuiero ver a Dios\u201d [&hellip;]<\/p>\n","protected":false},"author":7,"featured_media":19292,"comment_status":"closed","ping_status":"closed","sticky":false,"template":"","format":"standard","meta":{"_acf_changed":false,"footnotes":""},"categories":[174,372],"tags":[],"class_list":["post-19302","post","type-post","status-publish","format-standard","has-post-thumbnail","hentry","category-noticias-frailes","category-noticias"],"acf":[],"yoast_head":"<!-- This site is optimized with the Yoast SEO plugin v26.3 - https:\/\/yoast.com\/wordpress\/plugins\/seo\/ -->\n<title>Un regalo de Navidad carmelitano del Papa Francisco a la Curia - CARMELITAS DESCALZOS<\/title>\n<meta name=\"robots\" content=\"index, follow, max-snippet:-1, max-image-preview:large, max-video-preview:-1\" \/>\n<link rel=\"canonical\" href=\"https:\/\/www.carmelitaniscalzi.com\/es\/2017\/12\/29\/un-regalo-de-navidad-carmelitano-del-papa-francisco-la-curia\/\" \/>\n<meta property=\"og:locale\" content=\"es_ES\" \/>\n<meta property=\"og:type\" content=\"article\" \/>\n<meta property=\"og:title\" content=\"Un regalo de Navidad carmelitano del Papa Francisco a la Curia - CARMELITAS DESCALZOS\" \/>\n<meta property=\"og:description\" content=\"El pasado 21 de diciembre, al terminar su discurso con motivo de la tradicional felicitaci\u00f3n navide\u00f1a a la Curia Romana, el papa Francisco anunci\u00f3 a los cardenales, obispos y prefectos presentes su regalo de este a\u00f1o. En esta ocasi\u00f3n el papa les ha regalado dos libros, uno de los cuales era \u201cQuiero ver a Dios\u201d [&hellip;]\" \/>\n<meta property=\"og:url\" content=\"https:\/\/www.carmelitaniscalzi.com\/es\/2017\/12\/29\/un-regalo-de-navidad-carmelitano-del-papa-francisco-la-curia\/\" \/>\n<meta property=\"og:site_name\" content=\"CARMELITAS DESCALZOS\" \/>\n<meta property=\"article:publisher\" content=\"https:\/\/www.facebook.com\/Curia-Generalizia-Carmelitani-Scalzi-658766940887784\/\" \/>\n<meta property=\"article:published_time\" content=\"2017-12-29T13:00:43+00:00\" \/>\n<meta property=\"article:modified_time\" content=\"2021-05-23T12:13:51+00:00\" \/>\n<meta property=\"og:image\" content=\"https:\/\/www.carmelitaniscalzi.com\/wp-content\/uploads\/2017\/12\/00.png\" \/>\n\t<meta property=\"og:image:width\" content=\"771\" \/>\n\t<meta property=\"og:image:height\" content=\"505\" \/>\n\t<meta property=\"og:image:type\" content=\"image\/png\" \/>\n<meta name=\"author\" content=\"ocd web master\" \/>\n<meta name=\"twitter:card\" content=\"summary_large_image\" \/>\n<meta name=\"twitter:creator\" content=\"@ocdcuria\" \/>\n<meta name=\"twitter:site\" content=\"@ocdcuria\" \/>\n<meta name=\"twitter:label1\" content=\"Escrito por\" \/>\n\t<meta name=\"twitter:data1\" content=\"ocd web master\" \/>\n\t<meta name=\"twitter:label2\" content=\"Tiempo de lectura\" \/>\n\t<meta name=\"twitter:data2\" content=\"1 minuto\" \/>\n<script type=\"application\/ld+json\" class=\"yoast-schema-graph\">{\"@context\":\"https:\/\/schema.org\",\"@graph\":[{\"@type\":\"Article\",\"@id\":\"https:\/\/www.carmelitaniscalzi.com\/es\/2017\/12\/29\/un-regalo-de-navidad-carmelitano-del-papa-francisco-la-curia\/#article\",\"isPartOf\":{\"@id\":\"https:\/\/www.carmelitaniscalzi.com\/es\/2017\/12\/29\/un-regalo-de-navidad-carmelitano-del-papa-francisco-la-curia\/\"},\"author\":{\"name\":\"ocd web master\",\"@id\":\"https:\/\/www.carmelitaniscalzi.com\/#\/schema\/person\/6d1c0d9bea7b6625c437246a5d6da409\"},\"headline\":\"Un regalo de Navidad carmelitano del Papa Francisco a la Curia\",\"datePublished\":\"2017-12-29T13:00:43+00:00\",\"dateModified\":\"2021-05-23T12:13:51+00:00\",\"mainEntityOfPage\":{\"@id\":\"https:\/\/www.carmelitaniscalzi.com\/es\/2017\/12\/29\/un-regalo-de-navidad-carmelitano-del-papa-francisco-la-curia\/\"},\"wordCount\":140,\"publisher\":{\"@id\":\"https:\/\/www.carmelitaniscalzi.com\/#organization\"},\"image\":{\"@id\":\"https:\/\/www.carmelitaniscalzi.com\/es\/2017\/12\/29\/un-regalo-de-navidad-carmelitano-del-papa-francisco-la-curia\/#primaryimage\"},\"thumbnailUrl\":\"https:\/\/www.carmelitaniscalzi.com\/wp-content\/uploads\/2017\/12\/00.png\",\"articleSection\":[\"Noticias Frailes\",\"Noticias\"],\"inLanguage\":\"es\"},{\"@type\":\"WebPage\",\"@id\":\"https:\/\/www.carmelitaniscalzi.com\/es\/2017\/12\/29\/un-regalo-de-navidad-carmelitano-del-papa-francisco-la-curia\/\",\"url\":\"https:\/\/www.carmelitaniscalzi.com\/es\/2017\/12\/29\/un-regalo-de-navidad-carmelitano-del-papa-francisco-la-curia\/\",\"name\":\"Un regalo de Navidad carmelitano del Papa Francisco a la Curia - CARMELITAS DESCALZOS\",\"isPartOf\":{\"@id\":\"https:\/\/www.carmelitaniscalzi.com\/#website\"},\"primaryImageOfPage\":{\"@id\":\"https:\/\/www.carmelitaniscalzi.com\/es\/2017\/12\/29\/un-regalo-de-navidad-carmelitano-del-papa-francisco-la-curia\/#primaryimage\"},\"image\":{\"@id\":\"https:\/\/www.carmelitaniscalzi.com\/es\/2017\/12\/29\/un-regalo-de-navidad-carmelitano-del-papa-francisco-la-curia\/#primaryimage\"},\"thumbnailUrl\":\"https:\/\/www.carmelitaniscalzi.com\/wp-content\/uploads\/2017\/12\/00.png\",\"datePublished\":\"2017-12-29T13:00:43+00:00\",\"dateModified\":\"2021-05-23T12:13:51+00:00\",\"breadcrumb\":{\"@id\":\"https:\/\/www.carmelitaniscalzi.com\/es\/2017\/12\/29\/un-regalo-de-navidad-carmelitano-del-papa-francisco-la-curia\/#breadcrumb\"},\"inLanguage\":\"es\",\"potentialAction\":[{\"@type\":\"ReadAction\",\"target\":[\"https:\/\/www.carmelitaniscalzi.com\/es\/2017\/12\/29\/un-regalo-de-navidad-carmelitano-del-papa-francisco-la-curia\/\"]}]},{\"@type\":\"ImageObject\",\"inLanguage\":\"es\",\"@id\":\"https:\/\/www.carmelitaniscalzi.com\/es\/2017\/12\/29\/un-regalo-de-navidad-carmelitano-del-papa-francisco-la-curia\/#primaryimage\",\"url\":\"https:\/\/www.carmelitaniscalzi.com\/wp-content\/uploads\/2017\/12\/00.png\",\"contentUrl\":\"https:\/\/www.carmelitaniscalzi.com\/wp-content\/uploads\/2017\/12\/00.png\",\"width\":771,\"height\":505},{\"@type\":\"BreadcrumbList\",\"@id\":\"https:\/\/www.carmelitaniscalzi.com\/es\/2017\/12\/29\/un-regalo-de-navidad-carmelitano-del-papa-francisco-la-curia\/#breadcrumb\",\"itemListElement\":[{\"@type\":\"ListItem\",\"position\":1,\"name\":\"Home\",\"item\":\"https:\/\/www.carmelitaniscalzi.com\/es\/\"},{\"@type\":\"ListItem\",\"position\":2,\"name\":\"Un regalo de Navidad carmelitano del Papa Francisco a la Curia\"}]},{\"@type\":\"WebSite\",\"@id\":\"https:\/\/www.carmelitaniscalzi.com\/#website\",\"url\":\"https:\/\/www.carmelitaniscalzi.com\/\",\"name\":\"CARMELITANI SCALZI - Curia Generale del Carmelo Teresiano\",\"description\":\"Curia General del Carmelo Teresiano\",\"publisher\":{\"@id\":\"https:\/\/www.carmelitaniscalzi.com\/#organization\"},\"alternateName\":\"CARMELITANI SCALZI\",\"potentialAction\":[{\"@type\":\"SearchAction\",\"target\":{\"@type\":\"EntryPoint\",\"urlTemplate\":\"https:\/\/www.carmelitaniscalzi.com\/?s={search_term_string}\"},\"query-input\":{\"@type\":\"PropertyValueSpecification\",\"valueRequired\":true,\"valueName\":\"search_term_string\"}}],\"inLanguage\":\"es\"},{\"@type\":\"Organization\",\"@id\":\"https:\/\/www.carmelitaniscalzi.com\/#organization\",\"name\":\"CARMELITANI SCALZI - Curia Generale del Carmelo Teresiano\",\"url\":\"https:\/\/www.carmelitaniscalzi.com\/\",\"logo\":{\"@type\":\"ImageObject\",\"inLanguage\":\"es\",\"@id\":\"https:\/\/www.carmelitaniscalzi.com\/#\/schema\/logo\/image\/\",\"url\":\"https:\/\/www.carmelitaniscalzi.com\/wp-content\/uploads\/2025\/11\/login-logo.png\",\"contentUrl\":\"https:\/\/www.carmelitaniscalzi.com\/wp-content\/uploads\/2025\/11\/login-logo.png\",\"width\":256,\"height\":256,\"caption\":\"CARMELITANI SCALZI - Curia Generale del Carmelo Teresiano\"},\"image\":{\"@id\":\"https:\/\/www.carmelitaniscalzi.com\/#\/schema\/logo\/image\/\"},\"sameAs\":[\"https:\/\/www.facebook.com\/Curia-Generalizia-Carmelitani-Scalzi-658766940887784\/\",\"https:\/\/x.com\/ocdcuria\",\"https:\/\/www.youtube.com\/channel\/UC2J5ZL0ycOY0qBSTCLX_NGQ\/videos\",\"https:\/\/www.instagram.com\/ocdinform\/\"]},{\"@type\":\"Person\",\"@id\":\"https:\/\/www.carmelitaniscalzi.com\/#\/schema\/person\/6d1c0d9bea7b6625c437246a5d6da409\",\"name\":\"ocd web master\",\"image\":{\"@type\":\"ImageObject\",\"inLanguage\":\"es\",\"@id\":\"https:\/\/www.carmelitaniscalzi.com\/#\/schema\/person\/image\/\",\"url\":\"https:\/\/secure.gravatar.com\/avatar\/41fbc5f82bad909fbaf2984c43fa50d8519ac5853e25b454d022b6868f80d0e7?s=96&d=mm&r=g\",\"contentUrl\":\"https:\/\/secure.gravatar.com\/avatar\/41fbc5f82bad909fbaf2984c43fa50d8519ac5853e25b454d022b6868f80d0e7?s=96&d=mm&r=g\",\"caption\":\"ocd web master\"},\"url\":\"https:\/\/www.carmelitaniscalzi.com\/es\/author\/ocdwebmaster\/\"}]}<\/script>\n<!-- \/ Yoast SEO plugin. -->","yoast_head_json":{"title":"Un regalo de Navidad carmelitano del Papa Francisco a la Curia - CARMELITAS DESCALZOS","robots":{"index":"index","follow":"follow","max-snippet":"max-snippet:-1","max-image-preview":"max-image-preview:large","max-video-preview":"max-video-preview:-1"},"canonical":"https:\/\/www.carmelitaniscalzi.com\/es\/2017\/12\/29\/un-regalo-de-navidad-carmelitano-del-papa-francisco-la-curia\/","og_locale":"es_ES","og_type":"article","og_title":"Un regalo de Navidad carmelitano del Papa Francisco a la Curia - CARMELITAS DESCALZOS","og_description":"El pasado 21 de diciembre, al terminar su discurso con motivo de la tradicional felicitaci\u00f3n navide\u00f1a a la Curia Romana, el papa Francisco anunci\u00f3 a los cardenales, obispos y prefectos presentes su regalo de este a\u00f1o. En esta ocasi\u00f3n el papa les ha regalado dos libros, uno de los cuales era \u201cQuiero ver a Dios\u201d [&hellip;]","og_url":"https:\/\/www.carmelitaniscalzi.com\/es\/2017\/12\/29\/un-regalo-de-navidad-carmelitano-del-papa-francisco-la-curia\/","og_site_name":"CARMELITAS DESCALZOS","article_publisher":"https:\/\/www.facebook.com\/Curia-Generalizia-Carmelitani-Scalzi-658766940887784\/","article_published_time":"2017-12-29T13:00:43+00:00","article_modified_time":"2021-05-23T12:13:51+00:00","og_image":[{"width":771,"height":505,"url":"https:\/\/www.carmelitaniscalzi.com\/wp-content\/uploads\/2017\/12\/00.png","type":"image\/png"}],"author":"ocd web master","twitter_card":"summary_large_image","twitter_creator":"@ocdcuria","twitter_site":"@ocdcuria","twitter_misc":{"Escrito por":"ocd web master","Tiempo de lectura":"1 minuto"},"schema":{"@context":"https:\/\/schema.org","@graph":[{"@type":"Article","@id":"https:\/\/www.carmelitaniscalzi.com\/es\/2017\/12\/29\/un-regalo-de-navidad-carmelitano-del-papa-francisco-la-curia\/#article","isPartOf":{"@id":"https:\/\/www.carmelitaniscalzi.com\/es\/2017\/12\/29\/un-regalo-de-navidad-carmelitano-del-papa-francisco-la-curia\/"},"author":{"name":"ocd web master","@id":"https:\/\/www.carmelitaniscalzi.com\/#\/schema\/person\/6d1c0d9bea7b6625c437246a5d6da409"},"headline":"Un regalo de Navidad carmelitano del Papa Francisco a la Curia","datePublished":"2017-12-29T13:00:43+00:00","dateModified":"2021-05-23T12:13:51+00:00","mainEntityOfPage":{"@id":"https:\/\/www.carmelitaniscalzi.com\/es\/2017\/12\/29\/un-regalo-de-navidad-carmelitano-del-papa-francisco-la-curia\/"},"wordCount":140,"publisher":{"@id":"https:\/\/www.carmelitaniscalzi.com\/#organization"},"image":{"@id":"https:\/\/www.carmelitaniscalzi.com\/es\/2017\/12\/29\/un-regalo-de-navidad-carmelitano-del-papa-francisco-la-curia\/#primaryimage"},"thumbnailUrl":"https:\/\/www.carmelitaniscalzi.com\/wp-content\/uploads\/2017\/12\/00.png","articleSection":["Noticias Frailes","Noticias"],"inLanguage":"es"},{"@type":"WebPage","@id":"https:\/\/www.carmelitaniscalzi.com\/es\/2017\/12\/29\/un-regalo-de-navidad-carmelitano-del-papa-francisco-la-curia\/","url":"https:\/\/www.carmelitaniscalzi.com\/es\/2017\/12\/29\/un-regalo-de-navidad-carmelitano-del-papa-francisco-la-curia\/","name":"Un regalo de Navidad carmelitano del Papa Francisco a la Curia - CARMELITAS DESCALZOS","isPartOf":{"@id":"https:\/\/www.carmelitaniscalzi.com\/#website"},"primaryImageOfPage":{"@id":"https:\/\/www.carmelitaniscalzi.com\/es\/2017\/12\/29\/un-regalo-de-navidad-carmelitano-del-papa-francisco-la-curia\/#primaryimage"},"image":{"@id":"https:\/\/www.carmelitaniscalzi.com\/es\/2017\/12\/29\/un-regalo-de-navidad-carmelitano-del-papa-francisco-la-curia\/#primaryimage"},"thumbnailUrl":"https:\/\/www.carmelitaniscalzi.com\/wp-content\/uploads\/2017\/12\/00.png","datePublished":"2017-12-29T13:00:43+00:00","dateModified":"2021-05-23T12:13:51+00:00","breadcrumb":{"@id":"https:\/\/www.carmelitaniscalzi.com\/es\/2017\/12\/29\/un-regalo-de-navidad-carmelitano-del-papa-francisco-la-curia\/#breadcrumb"},"inLanguage":"es","potentialAction":[{"@type":"ReadAction","target":["https:\/\/www.carmelitaniscalzi.com\/es\/2017\/12\/29\/un-regalo-de-navidad-carmelitano-del-papa-francisco-la-curia\/"]}]},{"@type":"ImageObject","inLanguage":"es","@id":"https:\/\/www.carmelitaniscalzi.com\/es\/2017\/12\/29\/un-regalo-de-navidad-carmelitano-del-papa-francisco-la-curia\/#primaryimage","url":"https:\/\/www.carmelitaniscalzi.com\/wp-content\/uploads\/2017\/12\/00.png","contentUrl":"https:\/\/www.carmelitaniscalzi.com\/wp-content\/uploads\/2017\/12\/00.png","width":771,"height":505},{"@type":"BreadcrumbList","@id":"https:\/\/www.carmelitaniscalzi.com\/es\/2017\/12\/29\/un-regalo-de-navidad-carmelitano-del-papa-francisco-la-curia\/#breadcrumb","itemListElement":[{"@type":"ListItem","position":1,"name":"Home","item":"https:\/\/www.carmelitaniscalzi.com\/es\/"},{"@type":"ListItem","position":2,"name":"Un regalo de Navidad carmelitano del Papa Francisco a la Curia"}]},{"@type":"WebSite","@id":"https:\/\/www.carmelitaniscalzi.com\/#website","url":"https:\/\/www.carmelitaniscalzi.com\/","name":"CARMELITANI SCALZI - Curia Generale del Carmelo Teresiano","description":"Curia General del Carmelo Teresiano","publisher":{"@id":"https:\/\/www.carmelitaniscalzi.com\/#organization"},"alternateName":"CARMELITANI SCALZI","potentialAction":[{"@type":"SearchAction","target":{"@type":"EntryPoint","urlTemplate":"https:\/\/www.carmelitaniscalzi.com\/?s={search_term_string}"},"query-input":{"@type":"PropertyValueSpecification","valueRequired":true,"valueName":"search_term_string"}}],"inLanguage":"es"},{"@type":"Organization","@id":"https:\/\/www.carmelitaniscalzi.com\/#organization","name":"CARMELITANI SCALZI - Curia Generale del Carmelo Teresiano","url":"https:\/\/www.carmelitaniscalzi.com\/","logo":{"@type":"ImageObject","inLanguage":"es","@id":"https:\/\/www.carmelitaniscalzi.com\/#\/schema\/logo\/image\/","url":"https:\/\/www.carmelitaniscalzi.com\/wp-content\/uploads\/2025\/11\/login-logo.png","contentUrl":"https:\/\/www.carmelitaniscalzi.com\/wp-content\/uploads\/2025\/11\/login-logo.png","width":256,"height":256,"caption":"CARMELITANI SCALZI - Curia Generale del Carmelo Teresiano"},"image":{"@id":"https:\/\/www.carmelitaniscalzi.com\/#\/schema\/logo\/image\/"},"sameAs":["https:\/\/www.facebook.com\/Curia-Generalizia-Carmelitani-Scalzi-658766940887784\/","https:\/\/x.com\/ocdcuria","https:\/\/www.youtube.com\/channel\/UC2J5ZL0ycOY0qBSTCLX_NGQ\/videos","https:\/\/www.instagram.com\/ocdinform\/"]},{"@type":"Person","@id":"https:\/\/www.carmelitaniscalzi.com\/#\/schema\/person\/6d1c0d9bea7b6625c437246a5d6da409","name":"ocd web master","image":{"@type":"ImageObject","inLanguage":"es","@id":"https:\/\/www.carmelitaniscalzi.com\/#\/schema\/person\/image\/","url":"https:\/\/secure.gravatar.com\/avatar\/41fbc5f82bad909fbaf2984c43fa50d8519ac5853e25b454d022b6868f80d0e7?s=96&d=mm&r=g","contentUrl":"https:\/\/secure.gravatar.com\/avatar\/41fbc5f82bad909fbaf2984c43fa50d8519ac5853e25b454d022b6868f80d0e7?s=96&d=mm&r=g","caption":"ocd web master"},"url":"https:\/\/www.carmelitaniscalzi.com\/es\/author\/ocdwebmaster\/"}]}},"_links":{"self":[{"href":"https:\/\/www.carmelitaniscalzi.com\/es\/wp-json\/wp\/v2\/posts\/19302","targetHints":{"allow":["GET"]}}],"collection":[{"href":"https:\/\/www.carmelitaniscalzi.com\/es\/wp-json\/wp\/v2\/posts"}],"about":[{"href":"https:\/\/www.carmelitaniscalzi.com\/es\/wp-json\/wp\/v2\/types\/post"}],"author":[{"embeddable":true,"href":"https:\/\/www.carmelitaniscalzi.com\/es\/wp-json\/wp\/v2\/users\/7"}],"replies":[{"embeddable":true,"href":"https:\/\/www.carmelitaniscalzi.com\/es\/wp-json\/wp\/v2\/comments?post=19302"}],"version-history":[{"count":0,"href":"https:\/\/www.carmelitaniscalzi.com\/es\/wp-json\/wp\/v2\/posts\/19302\/revisions"}],"wp:featuredmedia":[{"embeddable":true,"href":"https:\/\/www.carmelitaniscalzi.com\/es\/wp-json\/wp\/v2\/media\/19292"}],"wp:attachment":[{"href":"https:\/\/www.carmelitaniscalzi.com\/es\/wp-json\/wp\/v2\/media?parent=19302"}],"wp:term":[{"taxonomy":"category","embeddable":true,"href":"https:\/\/www.carmelitaniscalzi.com\/es\/wp-json\/wp\/v2\/categories?post=19302"},{"taxonomy":"post_tag","embeddable":true,"href":"https:\/\/www.carmelitaniscalzi.com\/es\/wp-json\/wp\/v2\/tags?post=19302"}],"curies":[{"name":"wp","href":"https:\/\/api.w.org\/{rel}","templated":true}]}}