{"id":19286,"date":"2017-12-29T13:47:29","date_gmt":"2017-12-29T12:47:29","guid":{"rendered":"https:\/\/www.carmelitaniscalzi.com\/es\/?p=19286"},"modified":"2017-12-29T13:47:29","modified_gmt":"2017-12-29T12:47:29","slug":"moncalieri-conclusion-de-las-celebraciones-centenarias-del-fallecimiento-de-la-beata-maria-de-los-angeles","status":"publish","type":"post","link":"https:\/\/www.carmelitaniscalzi.com\/es\/2017\/12\/29\/moncalieri-conclusion-de-las-celebraciones-centenarias-del-fallecimiento-de-la-beata-maria-de-los-angeles\/","title":{"rendered":"Moncalieri: Conclusi\u00f3n de las celebraciones centenarias del fallecimiento de la Beata Mar\u00eda de los \u00c1ngeles"},"content":{"rendered":"<p>El d\u00eda 18 de diciembre pasado, con una solemne Eucarist\u00eda presidida por Nuestro Padre General, Saverio Cannistr\u00e0, ocd, se cerraron las festividades organizadas con motivo del 300\u00ba aniversario de la muerte de la Beata Mar\u00eda de los \u00c1ngeles en Moncalieri, Tur\u00edn. Con el P. General concelebraron los Provinciales de Liguria y Lombard\u00eda, PP. Saverio Gavotto y Fausto Lincio, ocd.<\/p>\n<p>Como afirm\u00f3 el P. Saverio Cannistr\u00e0 en la homil\u00eda, de la Beata Mar\u00eda de los \u00c1ngeles nos queda \u201cla ambici\u00f3n de vivir radicalmente nuestra fe cristiana\u2026 la b\u00fasqueda incansable de la ra\u00edz que supone la vida Trinitaria y su presencia misteriosa, la cual podemos experimentar en la carne del Hijo\u2026 Para ir a la ra\u00edz \u2013afirm\u00f3 el P. General- es necesario hacer un viaje, una experiencia de transformaci\u00f3n en el cual el Esp\u00edritu trabaja, a golpe de martillo, penetrando en profundidad\u201d a la persona. \u201cLa santidad \u2013prosigui\u00f3 el P. Saverio inspir\u00e1ndose en el ejemplo de la Beata- es precisamente la ofrenda humilde de nuestra verdad, de nuestra realidad, de aquello que somos\u2026\u201d. Una realidad agrietada, que hace a la persona imperfecta, seg\u00fan la l\u00f3gica mundana pero que, conclu\u00eda en su homil\u00eda el P. General, \u201cen estas grietas, en las cuales se manifiesta la miseria, la pobreza, la incapacidad y la impotencia, se manifiesta tambi\u00e9n, de modo m\u00e1s fuerte y m\u00e1s vivo el amor que viene a abrazarnos, que viene a salvarnos, precisamente all\u00ed donde nosotros no podemos avanzar ni dar un paso hacia \u00c9l. Solamente dej\u00e1ndonos alcanzar por este amor haremos el viaje de la santidad, un viaje que, efectivamente se realiza \u00fanicamente si llevados, elevados y sostenidos por los brazos fuertes de Dios\u201d.<\/p>\n<p>Audio de la misa (en italiano):<\/p>\n<p><a href=\"https:\/\/www.spreaker.com\/user\/radio-carmelo-moncalieri\/2017-12-18-santa-messa_1\">https:\/\/www.spreaker.com\/user\/radio-carmelo-moncalieri\/2017-12-18-santa-messa_1<\/a><\/p>\n<p>Para m\u00e1s informaci\u00f3n sobre las celebraciones, puede consultarse la p\u00e1gina Web:<\/p>\n<p><a href=\"https:\/\/www.carmelitanemoncalieri.org\/approfondimento-biblico\/\">https:\/\/www.carmelitanemoncalieri.org\/approfondimento-biblico\/<\/a><\/p>\n<p>(Fuente: P\u00e1gina Web oficial de los Carmelitas Descalzos de la Provincia de San Carlos Borromeo de Lombard\u00eda: <a href=\"http:\/\/www.ilcarmelo.it\">www.ilcarmelo.it<\/a>).<\/p>\n<p><img loading=\"lazy\" decoding=\"async\" class=\"alignnone size-full wp-image-19278\" src=\"https:\/\/www.carmelitaniscalzi.com\/wp-content\/uploads\/2017\/12\/04-3.jpg\" alt=\"\" width=\"1328\" height=\"747\" srcset=\"https:\/\/www.carmelitaniscalzi.com\/wp-content\/uploads\/2017\/12\/04-3.jpg 1328w, https:\/\/www.carmelitaniscalzi.com\/wp-content\/uploads\/2017\/12\/04-3-300x169.jpg 300w, https:\/\/www.carmelitaniscalzi.com\/wp-content\/uploads\/2017\/12\/04-3-768x432.jpg 768w, https:\/\/www.carmelitaniscalzi.com\/wp-content\/uploads\/2017\/12\/04-3-1024x576.jpg 1024w, https:\/\/www.carmelitaniscalzi.com\/wp-content\/uploads\/2017\/12\/04-3-98x55.jpg 98w, https:\/\/www.carmelitaniscalzi.com\/wp-content\/uploads\/2017\/12\/04-3-800x450.jpg 800w, https:\/\/www.carmelitaniscalzi.com\/wp-content\/uploads\/2017\/12\/04-3-270x152.jpg 270w, https:\/\/www.carmelitaniscalzi.com\/wp-content\/uploads\/2017\/12\/04-3-580x326.jpg 580w\" sizes=\"auto, (max-width: 1328px) 100vw, 1328px\" \/> <img loading=\"lazy\" decoding=\"async\" class=\"alignnone size-full wp-image-19277\" src=\"https:\/\/www.carmelitaniscalzi.com\/wp-content\/uploads\/2017\/12\/03-3.jpg\" alt=\"\" width=\"1328\" height=\"747\" srcset=\"https:\/\/www.carmelitaniscalzi.com\/wp-content\/uploads\/2017\/12\/03-3.jpg 1328w, https:\/\/www.carmelitaniscalzi.com\/wp-content\/uploads\/2017\/12\/03-3-300x169.jpg 300w, https:\/\/www.carmelitaniscalzi.com\/wp-content\/uploads\/2017\/12\/03-3-768x432.jpg 768w, https:\/\/www.carmelitaniscalzi.com\/wp-content\/uploads\/2017\/12\/03-3-1024x576.jpg 1024w, https:\/\/www.carmelitaniscalzi.com\/wp-content\/uploads\/2017\/12\/03-3-98x55.jpg 98w, https:\/\/www.carmelitaniscalzi.com\/wp-content\/uploads\/2017\/12\/03-3-800x450.jpg 800w, https:\/\/www.carmelitaniscalzi.com\/wp-content\/uploads\/2017\/12\/03-3-270x152.jpg 270w, https:\/\/www.carmelitaniscalzi.com\/wp-content\/uploads\/2017\/12\/03-3-580x326.jpg 580w\" sizes=\"auto, (max-width: 1328px) 100vw, 1328px\" \/> <img loading=\"lazy\" decoding=\"async\" class=\"alignnone size-full wp-image-19276\" src=\"https:\/\/www.carmelitaniscalzi.com\/wp-content\/uploads\/2017\/12\/02-3.jpg\" alt=\"\" width=\"1328\" height=\"747\" srcset=\"https:\/\/www.carmelitaniscalzi.com\/wp-content\/uploads\/2017\/12\/02-3.jpg 1328w, https:\/\/www.carmelitaniscalzi.com\/wp-content\/uploads\/2017\/12\/02-3-300x169.jpg 300w, https:\/\/www.carmelitaniscalzi.com\/wp-content\/uploads\/2017\/12\/02-3-768x432.jpg 768w, https:\/\/www.carmelitaniscalzi.com\/wp-content\/uploads\/2017\/12\/02-3-1024x576.jpg 1024w, https:\/\/www.carmelitaniscalzi.com\/wp-content\/uploads\/2017\/12\/02-3-98x55.jpg 98w, https:\/\/www.carmelitaniscalzi.com\/wp-content\/uploads\/2017\/12\/02-3-800x450.jpg 800w, https:\/\/www.carmelitaniscalzi.com\/wp-content\/uploads\/2017\/12\/02-3-270x152.jpg 270w, https:\/\/www.carmelitaniscalzi.com\/wp-content\/uploads\/2017\/12\/02-3-580x326.jpg 580w\" sizes=\"auto, (max-width: 1328px) 100vw, 1328px\" \/><\/p>\n","protected":false},"excerpt":{"rendered":"<p>El d\u00eda 18 de diciembre pasado, con una solemne Eucarist\u00eda presidida por Nuestro Padre General, Saverio Cannistr\u00e0, ocd, se cerraron las festividades organizadas con motivo del 300\u00ba aniversario de la muerte de la Beata Mar\u00eda de los \u00c1ngeles en Moncalieri, Tur\u00edn. Con el P. General concelebraron los Provinciales de Liguria y Lombard\u00eda, PP. Saverio Gavotto [&hellip;]<\/p>\n","protected":false},"author":7,"featured_media":19275,"comment_status":"closed","ping_status":"closed","sticky":false,"template":"","format":"standard","meta":{"_acf_changed":false,"footnotes":""},"categories":[176,372],"tags":[],"class_list":["post-19286","post","type-post","status-publish","format-standard","has-post-thumbnail","hentry","category-noticias-monjas","category-noticias"],"acf":[],"yoast_head":"<!-- This site is optimized with the Yoast SEO plugin v26.3 - https:\/\/yoast.com\/wordpress\/plugins\/seo\/ -->\n<title>Moncalieri: Conclusi\u00f3n de las celebraciones centenarias del fallecimiento de la Beata Mar\u00eda de los \u00c1ngeles - CARMELITAS DESCALZOS<\/title>\n<meta name=\"robots\" content=\"index, follow, max-snippet:-1, max-image-preview:large, max-video-preview:-1\" \/>\n<link rel=\"canonical\" href=\"https:\/\/www.carmelitaniscalzi.com\/es\/2017\/12\/29\/moncalieri-conclusion-de-las-celebraciones-centenarias-del-fallecimiento-de-la-beata-maria-de-los-angeles\/\" \/>\n<meta property=\"og:locale\" content=\"es_ES\" \/>\n<meta property=\"og:type\" content=\"article\" \/>\n<meta property=\"og:title\" content=\"Moncalieri: Conclusi\u00f3n de las celebraciones centenarias del fallecimiento de la Beata Mar\u00eda de los \u00c1ngeles - CARMELITAS DESCALZOS\" \/>\n<meta property=\"og:description\" content=\"El d\u00eda 18 de diciembre pasado, con una solemne Eucarist\u00eda presidida por Nuestro Padre General, Saverio Cannistr\u00e0, ocd, se cerraron las festividades organizadas con motivo del 300\u00ba aniversario de la muerte de la Beata Mar\u00eda de los \u00c1ngeles en Moncalieri, Tur\u00edn. Con el P. General concelebraron los Provinciales de Liguria y Lombard\u00eda, PP. Saverio Gavotto [&hellip;]\" \/>\n<meta property=\"og:url\" content=\"https:\/\/www.carmelitaniscalzi.com\/es\/2017\/12\/29\/moncalieri-conclusion-de-las-celebraciones-centenarias-del-fallecimiento-de-la-beata-maria-de-los-angeles\/\" \/>\n<meta property=\"og:site_name\" content=\"CARMELITAS DESCALZOS\" \/>\n<meta property=\"article:publisher\" content=\"https:\/\/www.facebook.com\/Curia-Generalizia-Carmelitani-Scalzi-658766940887784\/\" \/>\n<meta property=\"article:published_time\" content=\"2017-12-29T12:47:29+00:00\" \/>\n<meta property=\"og:image\" content=\"https:\/\/www.carmelitaniscalzi.com\/wp-content\/uploads\/2017\/12\/01-4.jpg\" \/>\n\t<meta property=\"og:image:width\" content=\"1328\" \/>\n\t<meta property=\"og:image:height\" content=\"747\" \/>\n\t<meta property=\"og:image:type\" content=\"image\/jpeg\" \/>\n<meta name=\"author\" content=\"ocd web master\" \/>\n<meta name=\"twitter:card\" content=\"summary_large_image\" \/>\n<meta name=\"twitter:creator\" content=\"@ocdcuria\" \/>\n<meta name=\"twitter:site\" content=\"@ocdcuria\" \/>\n<meta name=\"twitter:label1\" content=\"Escrito por\" \/>\n\t<meta name=\"twitter:data1\" content=\"ocd web master\" \/>\n\t<meta name=\"twitter:label2\" content=\"Tiempo de lectura\" \/>\n\t<meta name=\"twitter:data2\" content=\"2 minutos\" \/>\n<script type=\"application\/ld+json\" class=\"yoast-schema-graph\">{\"@context\":\"https:\/\/schema.org\",\"@graph\":[{\"@type\":\"Article\",\"@id\":\"https:\/\/www.carmelitaniscalzi.com\/es\/2017\/12\/29\/moncalieri-conclusion-de-las-celebraciones-centenarias-del-fallecimiento-de-la-beata-maria-de-los-angeles\/#article\",\"isPartOf\":{\"@id\":\"https:\/\/www.carmelitaniscalzi.com\/es\/2017\/12\/29\/moncalieri-conclusion-de-las-celebraciones-centenarias-del-fallecimiento-de-la-beata-maria-de-los-angeles\/\"},\"author\":{\"name\":\"ocd web master\",\"@id\":\"https:\/\/www.carmelitaniscalzi.com\/#\/schema\/person\/6d1c0d9bea7b6625c437246a5d6da409\"},\"headline\":\"Moncalieri: Conclusi\u00f3n de las celebraciones centenarias del fallecimiento de la Beata Mar\u00eda de los \u00c1ngeles\",\"datePublished\":\"2017-12-29T12:47:29+00:00\",\"mainEntityOfPage\":{\"@id\":\"https:\/\/www.carmelitaniscalzi.com\/es\/2017\/12\/29\/moncalieri-conclusion-de-las-celebraciones-centenarias-del-fallecimiento-de-la-beata-maria-de-los-angeles\/\"},\"wordCount\":366,\"publisher\":{\"@id\":\"https:\/\/www.carmelitaniscalzi.com\/#organization\"},\"image\":{\"@id\":\"https:\/\/www.carmelitaniscalzi.com\/es\/2017\/12\/29\/moncalieri-conclusion-de-las-celebraciones-centenarias-del-fallecimiento-de-la-beata-maria-de-los-angeles\/#primaryimage\"},\"thumbnailUrl\":\"https:\/\/www.carmelitaniscalzi.com\/wp-content\/uploads\/2017\/12\/01-4.jpg\",\"articleSection\":[\"Noticias Monjas\",\"Noticias\"],\"inLanguage\":\"es\"},{\"@type\":\"WebPage\",\"@id\":\"https:\/\/www.carmelitaniscalzi.com\/es\/2017\/12\/29\/moncalieri-conclusion-de-las-celebraciones-centenarias-del-fallecimiento-de-la-beata-maria-de-los-angeles\/\",\"url\":\"https:\/\/www.carmelitaniscalzi.com\/es\/2017\/12\/29\/moncalieri-conclusion-de-las-celebraciones-centenarias-del-fallecimiento-de-la-beata-maria-de-los-angeles\/\",\"name\":\"Moncalieri: Conclusi\u00f3n de las celebraciones centenarias del fallecimiento de la Beata Mar\u00eda de los \u00c1ngeles - CARMELITAS DESCALZOS\",\"isPartOf\":{\"@id\":\"https:\/\/www.carmelitaniscalzi.com\/#website\"},\"primaryImageOfPage\":{\"@id\":\"https:\/\/www.carmelitaniscalzi.com\/es\/2017\/12\/29\/moncalieri-conclusion-de-las-celebraciones-centenarias-del-fallecimiento-de-la-beata-maria-de-los-angeles\/#primaryimage\"},\"image\":{\"@id\":\"https:\/\/www.carmelitaniscalzi.com\/es\/2017\/12\/29\/moncalieri-conclusion-de-las-celebraciones-centenarias-del-fallecimiento-de-la-beata-maria-de-los-angeles\/#primaryimage\"},\"thumbnailUrl\":\"https:\/\/www.carmelitaniscalzi.com\/wp-content\/uploads\/2017\/12\/01-4.jpg\",\"datePublished\":\"2017-12-29T12:47:29+00:00\",\"breadcrumb\":{\"@id\":\"https:\/\/www.carmelitaniscalzi.com\/es\/2017\/12\/29\/moncalieri-conclusion-de-las-celebraciones-centenarias-del-fallecimiento-de-la-beata-maria-de-los-angeles\/#breadcrumb\"},\"inLanguage\":\"es\",\"potentialAction\":[{\"@type\":\"ReadAction\",\"target\":[\"https:\/\/www.carmelitaniscalzi.com\/es\/2017\/12\/29\/moncalieri-conclusion-de-las-celebraciones-centenarias-del-fallecimiento-de-la-beata-maria-de-los-angeles\/\"]}]},{\"@type\":\"ImageObject\",\"inLanguage\":\"es\",\"@id\":\"https:\/\/www.carmelitaniscalzi.com\/es\/2017\/12\/29\/moncalieri-conclusion-de-las-celebraciones-centenarias-del-fallecimiento-de-la-beata-maria-de-los-angeles\/#primaryimage\",\"url\":\"https:\/\/www.carmelitaniscalzi.com\/wp-content\/uploads\/2017\/12\/01-4.jpg\",\"contentUrl\":\"https:\/\/www.carmelitaniscalzi.com\/wp-content\/uploads\/2017\/12\/01-4.jpg\",\"width\":1328,\"height\":747},{\"@type\":\"BreadcrumbList\",\"@id\":\"https:\/\/www.carmelitaniscalzi.com\/es\/2017\/12\/29\/moncalieri-conclusion-de-las-celebraciones-centenarias-del-fallecimiento-de-la-beata-maria-de-los-angeles\/#breadcrumb\",\"itemListElement\":[{\"@type\":\"ListItem\",\"position\":1,\"name\":\"Home\",\"item\":\"https:\/\/www.carmelitaniscalzi.com\/es\/\"},{\"@type\":\"ListItem\",\"position\":2,\"name\":\"Moncalieri: Conclusi\u00f3n de las celebraciones centenarias del fallecimiento de la Beata Mar\u00eda de los \u00c1ngeles\"}]},{\"@type\":\"WebSite\",\"@id\":\"https:\/\/www.carmelitaniscalzi.com\/#website\",\"url\":\"https:\/\/www.carmelitaniscalzi.com\/\",\"name\":\"CARMELITANI SCALZI - Curia Generale del Carmelo Teresiano\",\"description\":\"Curia General del Carmelo Teresiano\",\"publisher\":{\"@id\":\"https:\/\/www.carmelitaniscalzi.com\/#organization\"},\"alternateName\":\"CARMELITANI SCALZI\",\"potentialAction\":[{\"@type\":\"SearchAction\",\"target\":{\"@type\":\"EntryPoint\",\"urlTemplate\":\"https:\/\/www.carmelitaniscalzi.com\/?s={search_term_string}\"},\"query-input\":{\"@type\":\"PropertyValueSpecification\",\"valueRequired\":true,\"valueName\":\"search_term_string\"}}],\"inLanguage\":\"es\"},{\"@type\":\"Organization\",\"@id\":\"https:\/\/www.carmelitaniscalzi.com\/#organization\",\"name\":\"CARMELITANI SCALZI - Curia Generale del Carmelo Teresiano\",\"url\":\"https:\/\/www.carmelitaniscalzi.com\/\",\"logo\":{\"@type\":\"ImageObject\",\"inLanguage\":\"es\",\"@id\":\"https:\/\/www.carmelitaniscalzi.com\/#\/schema\/logo\/image\/\",\"url\":\"https:\/\/www.carmelitaniscalzi.com\/wp-content\/uploads\/2025\/11\/login-logo.png\",\"contentUrl\":\"https:\/\/www.carmelitaniscalzi.com\/wp-content\/uploads\/2025\/11\/login-logo.png\",\"width\":256,\"height\":256,\"caption\":\"CARMELITANI SCALZI - Curia Generale del Carmelo Teresiano\"},\"image\":{\"@id\":\"https:\/\/www.carmelitaniscalzi.com\/#\/schema\/logo\/image\/\"},\"sameAs\":[\"https:\/\/www.facebook.com\/Curia-Generalizia-Carmelitani-Scalzi-658766940887784\/\",\"https:\/\/x.com\/ocdcuria\",\"https:\/\/www.youtube.com\/channel\/UC2J5ZL0ycOY0qBSTCLX_NGQ\/videos\",\"https:\/\/www.instagram.com\/ocdinform\/\"]},{\"@type\":\"Person\",\"@id\":\"https:\/\/www.carmelitaniscalzi.com\/#\/schema\/person\/6d1c0d9bea7b6625c437246a5d6da409\",\"name\":\"ocd web master\",\"image\":{\"@type\":\"ImageObject\",\"inLanguage\":\"es\",\"@id\":\"https:\/\/www.carmelitaniscalzi.com\/#\/schema\/person\/image\/\",\"url\":\"https:\/\/secure.gravatar.com\/avatar\/41fbc5f82bad909fbaf2984c43fa50d8519ac5853e25b454d022b6868f80d0e7?s=96&d=mm&r=g\",\"contentUrl\":\"https:\/\/secure.gravatar.com\/avatar\/41fbc5f82bad909fbaf2984c43fa50d8519ac5853e25b454d022b6868f80d0e7?s=96&d=mm&r=g\",\"caption\":\"ocd web master\"},\"url\":\"https:\/\/www.carmelitaniscalzi.com\/es\/author\/ocdwebmaster\/\"}]}<\/script>\n<!-- \/ Yoast SEO plugin. -->","yoast_head_json":{"title":"Moncalieri: Conclusi\u00f3n de las celebraciones centenarias del fallecimiento de la Beata Mar\u00eda de los \u00c1ngeles - CARMELITAS DESCALZOS","robots":{"index":"index","follow":"follow","max-snippet":"max-snippet:-1","max-image-preview":"max-image-preview:large","max-video-preview":"max-video-preview:-1"},"canonical":"https:\/\/www.carmelitaniscalzi.com\/es\/2017\/12\/29\/moncalieri-conclusion-de-las-celebraciones-centenarias-del-fallecimiento-de-la-beata-maria-de-los-angeles\/","og_locale":"es_ES","og_type":"article","og_title":"Moncalieri: Conclusi\u00f3n de las celebraciones centenarias del fallecimiento de la Beata Mar\u00eda de los \u00c1ngeles - CARMELITAS DESCALZOS","og_description":"El d\u00eda 18 de diciembre pasado, con una solemne Eucarist\u00eda presidida por Nuestro Padre General, Saverio Cannistr\u00e0, ocd, se cerraron las festividades organizadas con motivo del 300\u00ba aniversario de la muerte de la Beata Mar\u00eda de los \u00c1ngeles en Moncalieri, Tur\u00edn. Con el P. General concelebraron los Provinciales de Liguria y Lombard\u00eda, PP. Saverio Gavotto [&hellip;]","og_url":"https:\/\/www.carmelitaniscalzi.com\/es\/2017\/12\/29\/moncalieri-conclusion-de-las-celebraciones-centenarias-del-fallecimiento-de-la-beata-maria-de-los-angeles\/","og_site_name":"CARMELITAS DESCALZOS","article_publisher":"https:\/\/www.facebook.com\/Curia-Generalizia-Carmelitani-Scalzi-658766940887784\/","article_published_time":"2017-12-29T12:47:29+00:00","og_image":[{"width":1328,"height":747,"url":"https:\/\/www.carmelitaniscalzi.com\/wp-content\/uploads\/2017\/12\/01-4.jpg","type":"image\/jpeg"}],"author":"ocd web master","twitter_card":"summary_large_image","twitter_creator":"@ocdcuria","twitter_site":"@ocdcuria","twitter_misc":{"Escrito por":"ocd web master","Tiempo de lectura":"2 minutos"},"schema":{"@context":"https:\/\/schema.org","@graph":[{"@type":"Article","@id":"https:\/\/www.carmelitaniscalzi.com\/es\/2017\/12\/29\/moncalieri-conclusion-de-las-celebraciones-centenarias-del-fallecimiento-de-la-beata-maria-de-los-angeles\/#article","isPartOf":{"@id":"https:\/\/www.carmelitaniscalzi.com\/es\/2017\/12\/29\/moncalieri-conclusion-de-las-celebraciones-centenarias-del-fallecimiento-de-la-beata-maria-de-los-angeles\/"},"author":{"name":"ocd web master","@id":"https:\/\/www.carmelitaniscalzi.com\/#\/schema\/person\/6d1c0d9bea7b6625c437246a5d6da409"},"headline":"Moncalieri: Conclusi\u00f3n de las celebraciones centenarias del fallecimiento de la Beata Mar\u00eda de los \u00c1ngeles","datePublished":"2017-12-29T12:47:29+00:00","mainEntityOfPage":{"@id":"https:\/\/www.carmelitaniscalzi.com\/es\/2017\/12\/29\/moncalieri-conclusion-de-las-celebraciones-centenarias-del-fallecimiento-de-la-beata-maria-de-los-angeles\/"},"wordCount":366,"publisher":{"@id":"https:\/\/www.carmelitaniscalzi.com\/#organization"},"image":{"@id":"https:\/\/www.carmelitaniscalzi.com\/es\/2017\/12\/29\/moncalieri-conclusion-de-las-celebraciones-centenarias-del-fallecimiento-de-la-beata-maria-de-los-angeles\/#primaryimage"},"thumbnailUrl":"https:\/\/www.carmelitaniscalzi.com\/wp-content\/uploads\/2017\/12\/01-4.jpg","articleSection":["Noticias Monjas","Noticias"],"inLanguage":"es"},{"@type":"WebPage","@id":"https:\/\/www.carmelitaniscalzi.com\/es\/2017\/12\/29\/moncalieri-conclusion-de-las-celebraciones-centenarias-del-fallecimiento-de-la-beata-maria-de-los-angeles\/","url":"https:\/\/www.carmelitaniscalzi.com\/es\/2017\/12\/29\/moncalieri-conclusion-de-las-celebraciones-centenarias-del-fallecimiento-de-la-beata-maria-de-los-angeles\/","name":"Moncalieri: Conclusi\u00f3n de las celebraciones centenarias del fallecimiento de la Beata Mar\u00eda de los \u00c1ngeles - CARMELITAS DESCALZOS","isPartOf":{"@id":"https:\/\/www.carmelitaniscalzi.com\/#website"},"primaryImageOfPage":{"@id":"https:\/\/www.carmelitaniscalzi.com\/es\/2017\/12\/29\/moncalieri-conclusion-de-las-celebraciones-centenarias-del-fallecimiento-de-la-beata-maria-de-los-angeles\/#primaryimage"},"image":{"@id":"https:\/\/www.carmelitaniscalzi.com\/es\/2017\/12\/29\/moncalieri-conclusion-de-las-celebraciones-centenarias-del-fallecimiento-de-la-beata-maria-de-los-angeles\/#primaryimage"},"thumbnailUrl":"https:\/\/www.carmelitaniscalzi.com\/wp-content\/uploads\/2017\/12\/01-4.jpg","datePublished":"2017-12-29T12:47:29+00:00","breadcrumb":{"@id":"https:\/\/www.carmelitaniscalzi.com\/es\/2017\/12\/29\/moncalieri-conclusion-de-las-celebraciones-centenarias-del-fallecimiento-de-la-beata-maria-de-los-angeles\/#breadcrumb"},"inLanguage":"es","potentialAction":[{"@type":"ReadAction","target":["https:\/\/www.carmelitaniscalzi.com\/es\/2017\/12\/29\/moncalieri-conclusion-de-las-celebraciones-centenarias-del-fallecimiento-de-la-beata-maria-de-los-angeles\/"]}]},{"@type":"ImageObject","inLanguage":"es","@id":"https:\/\/www.carmelitaniscalzi.com\/es\/2017\/12\/29\/moncalieri-conclusion-de-las-celebraciones-centenarias-del-fallecimiento-de-la-beata-maria-de-los-angeles\/#primaryimage","url":"https:\/\/www.carmelitaniscalzi.com\/wp-content\/uploads\/2017\/12\/01-4.jpg","contentUrl":"https:\/\/www.carmelitaniscalzi.com\/wp-content\/uploads\/2017\/12\/01-4.jpg","width":1328,"height":747},{"@type":"BreadcrumbList","@id":"https:\/\/www.carmelitaniscalzi.com\/es\/2017\/12\/29\/moncalieri-conclusion-de-las-celebraciones-centenarias-del-fallecimiento-de-la-beata-maria-de-los-angeles\/#breadcrumb","itemListElement":[{"@type":"ListItem","position":1,"name":"Home","item":"https:\/\/www.carmelitaniscalzi.com\/es\/"},{"@type":"ListItem","position":2,"name":"Moncalieri: Conclusi\u00f3n de las celebraciones centenarias del fallecimiento de la Beata Mar\u00eda de los \u00c1ngeles"}]},{"@type":"WebSite","@id":"https:\/\/www.carmelitaniscalzi.com\/#website","url":"https:\/\/www.carmelitaniscalzi.com\/","name":"CARMELITANI SCALZI - Curia Generale del Carmelo Teresiano","description":"Curia General del Carmelo Teresiano","publisher":{"@id":"https:\/\/www.carmelitaniscalzi.com\/#organization"},"alternateName":"CARMELITANI SCALZI","potentialAction":[{"@type":"SearchAction","target":{"@type":"EntryPoint","urlTemplate":"https:\/\/www.carmelitaniscalzi.com\/?s={search_term_string}"},"query-input":{"@type":"PropertyValueSpecification","valueRequired":true,"valueName":"search_term_string"}}],"inLanguage":"es"},{"@type":"Organization","@id":"https:\/\/www.carmelitaniscalzi.com\/#organization","name":"CARMELITANI SCALZI - Curia Generale del Carmelo Teresiano","url":"https:\/\/www.carmelitaniscalzi.com\/","logo":{"@type":"ImageObject","inLanguage":"es","@id":"https:\/\/www.carmelitaniscalzi.com\/#\/schema\/logo\/image\/","url":"https:\/\/www.carmelitaniscalzi.com\/wp-content\/uploads\/2025\/11\/login-logo.png","contentUrl":"https:\/\/www.carmelitaniscalzi.com\/wp-content\/uploads\/2025\/11\/login-logo.png","width":256,"height":256,"caption":"CARMELITANI SCALZI - Curia Generale del Carmelo Teresiano"},"image":{"@id":"https:\/\/www.carmelitaniscalzi.com\/#\/schema\/logo\/image\/"},"sameAs":["https:\/\/www.facebook.com\/Curia-Generalizia-Carmelitani-Scalzi-658766940887784\/","https:\/\/x.com\/ocdcuria","https:\/\/www.youtube.com\/channel\/UC2J5ZL0ycOY0qBSTCLX_NGQ\/videos","https:\/\/www.instagram.com\/ocdinform\/"]},{"@type":"Person","@id":"https:\/\/www.carmelitaniscalzi.com\/#\/schema\/person\/6d1c0d9bea7b6625c437246a5d6da409","name":"ocd web master","image":{"@type":"ImageObject","inLanguage":"es","@id":"https:\/\/www.carmelitaniscalzi.com\/#\/schema\/person\/image\/","url":"https:\/\/secure.gravatar.com\/avatar\/41fbc5f82bad909fbaf2984c43fa50d8519ac5853e25b454d022b6868f80d0e7?s=96&d=mm&r=g","contentUrl":"https:\/\/secure.gravatar.com\/avatar\/41fbc5f82bad909fbaf2984c43fa50d8519ac5853e25b454d022b6868f80d0e7?s=96&d=mm&r=g","caption":"ocd web master"},"url":"https:\/\/www.carmelitaniscalzi.com\/es\/author\/ocdwebmaster\/"}]}},"_links":{"self":[{"href":"https:\/\/www.carmelitaniscalzi.com\/es\/wp-json\/wp\/v2\/posts\/19286","targetHints":{"allow":["GET"]}}],"collection":[{"href":"https:\/\/www.carmelitaniscalzi.com\/es\/wp-json\/wp\/v2\/posts"}],"about":[{"href":"https:\/\/www.carmelitaniscalzi.com\/es\/wp-json\/wp\/v2\/types\/post"}],"author":[{"embeddable":true,"href":"https:\/\/www.carmelitaniscalzi.com\/es\/wp-json\/wp\/v2\/users\/7"}],"replies":[{"embeddable":true,"href":"https:\/\/www.carmelitaniscalzi.com\/es\/wp-json\/wp\/v2\/comments?post=19286"}],"version-history":[{"count":0,"href":"https:\/\/www.carmelitaniscalzi.com\/es\/wp-json\/wp\/v2\/posts\/19286\/revisions"}],"wp:featuredmedia":[{"embeddable":true,"href":"https:\/\/www.carmelitaniscalzi.com\/es\/wp-json\/wp\/v2\/media\/19275"}],"wp:attachment":[{"href":"https:\/\/www.carmelitaniscalzi.com\/es\/wp-json\/wp\/v2\/media?parent=19286"}],"wp:term":[{"taxonomy":"category","embeddable":true,"href":"https:\/\/www.carmelitaniscalzi.com\/es\/wp-json\/wp\/v2\/categories?post=19286"},{"taxonomy":"post_tag","embeddable":true,"href":"https:\/\/www.carmelitaniscalzi.com\/es\/wp-json\/wp\/v2\/tags?post=19286"}],"curies":[{"name":"wp","href":"https:\/\/api.w.org\/{rel}","templated":true}]}}