{"id":19030,"date":"2017-12-22T10:19:53","date_gmt":"2017-12-22T09:19:53","guid":{"rendered":"https:\/\/www.carmelitaniscalzi.com\/es\/?p=19030"},"modified":"2017-12-23T11:29:31","modified_gmt":"2017-12-23T10:29:31","slug":"p-attilio-ghisleri-ocd-nombrado-delegado-general-en-israel","status":"publish","type":"post","link":"https:\/\/www.carmelitaniscalzi.com\/es\/2017\/12\/22\/p-attilio-ghisleri-ocd-nombrado-delegado-general-en-israel\/","title":{"rendered":"P. Attilio Ghisleri, ocd, nombrado Delegado General en Israel"},"content":{"rendered":"<p>El Definitorio General ha nombrado como nuevo Delegado General en Israel al P. Attilio Ghisleri, ocd, hasta ahora Ec\u00f3nomo General.<\/p>\n<p>Nacido en Bassano Bresciano el 26 de octubre de 1940, entr\u00f3 en el seminario menor de Adro en 1953, hizo su profesi\u00f3n simple en 1958 y la solemne en 1962. Fue ordenado sacerdote en Venecia el 25 de marzo de 1966.<\/p>\n<p>Una vez realizada su Licenciatura en teolog\u00eda en 1967 en el Angelicum, se laure\u00f3 en Filolog\u00eda moderna en la Universidad Cat\u00f3lica de Mil\u00e1n en 1971, lo que le permiti\u00f3 ejercitar la ense\u00f1anza de la lengua italiana y la historia durante 24 a\u00f1os en diversas escuelas p\u00fablicas.<\/p>\n<p>En 1976 se laure\u00f3 en Sociolog\u00eda por la Universidad de \u201cLa Sapienza\u201d de Roma.<\/p>\n<p>Ha sido asistente de la OCDS a nivel local y nacional durante varios a\u00f1os y ha ejercido un fecundo apostolado mediante la predicaci\u00f3n de cursos y ejercicios espirituales, as\u00ed como colaborando en diversas parroquias.<\/p>\n<p>En 1996 fue llamado a Roma para ser Ec\u00f3nomo General, actividad que comenz\u00f3 a desempe\u00f1ar en julio de 1997.<\/p>\n","protected":false},"excerpt":{"rendered":"<p>El Definitorio General ha nombrado como nuevo Delegado General en Israel al P. Attilio Ghisleri, ocd, hasta ahora Ec\u00f3nomo General. Nacido en Bassano Bresciano el 26 de octubre de 1940, entr\u00f3 en el seminario menor de Adro en 1953, hizo su profesi\u00f3n simple en 1958 y la solemne en 1962. Fue ordenado sacerdote en Venecia [&hellip;]<\/p>\n","protected":false},"author":7,"featured_media":19036,"comment_status":"closed","ping_status":"closed","sticky":false,"template":"","format":"standard","meta":{"_acf_changed":false,"footnotes":""},"categories":[174,372],"tags":[],"class_list":["post-19030","post","type-post","status-publish","format-standard","has-post-thumbnail","hentry","category-noticias-frailes","category-noticias"],"acf":[],"yoast_head":"<!-- This site is optimized with the Yoast SEO plugin v26.3 - https:\/\/yoast.com\/wordpress\/plugins\/seo\/ -->\n<title>P. Attilio Ghisleri, ocd, nombrado Delegado General en Israel - CARMELITAS DESCALZOS<\/title>\n<meta name=\"robots\" content=\"index, follow, max-snippet:-1, max-image-preview:large, max-video-preview:-1\" \/>\n<link rel=\"canonical\" href=\"https:\/\/www.carmelitaniscalzi.com\/es\/2017\/12\/22\/p-attilio-ghisleri-ocd-nombrado-delegado-general-en-israel\/\" \/>\n<meta property=\"og:locale\" content=\"es_ES\" \/>\n<meta property=\"og:type\" content=\"article\" \/>\n<meta property=\"og:title\" content=\"P. Attilio Ghisleri, ocd, nombrado Delegado General en Israel - CARMELITAS DESCALZOS\" \/>\n<meta property=\"og:description\" content=\"El Definitorio General ha nombrado como nuevo Delegado General en Israel al P. Attilio Ghisleri, ocd, hasta ahora Ec\u00f3nomo General. Nacido en Bassano Bresciano el 26 de octubre de 1940, entr\u00f3 en el seminario menor de Adro en 1953, hizo su profesi\u00f3n simple en 1958 y la solemne en 1962. Fue ordenado sacerdote en Venecia [&hellip;]\" \/>\n<meta property=\"og:url\" content=\"https:\/\/www.carmelitaniscalzi.com\/es\/2017\/12\/22\/p-attilio-ghisleri-ocd-nombrado-delegado-general-en-israel\/\" \/>\n<meta property=\"og:site_name\" content=\"CARMELITAS DESCALZOS\" \/>\n<meta property=\"article:publisher\" content=\"https:\/\/www.facebook.com\/Curia-Generalizia-Carmelitani-Scalzi-658766940887784\/\" \/>\n<meta property=\"article:published_time\" content=\"2017-12-22T09:19:53+00:00\" \/>\n<meta property=\"article:modified_time\" content=\"2017-12-23T10:29:31+00:00\" \/>\n<meta property=\"og:image\" content=\"https:\/\/www.carmelitaniscalzi.com\/wp-content\/uploads\/2017\/12\/Attilio-Ghisleri.jpg\" \/>\n\t<meta property=\"og:image:width\" content=\"297\" \/>\n\t<meta property=\"og:image:height\" content=\"365\" \/>\n\t<meta property=\"og:image:type\" content=\"image\/jpeg\" \/>\n<meta name=\"author\" content=\"ocd web master\" \/>\n<meta name=\"twitter:card\" content=\"summary_large_image\" \/>\n<meta name=\"twitter:creator\" content=\"@ocdcuria\" \/>\n<meta name=\"twitter:site\" content=\"@ocdcuria\" \/>\n<meta name=\"twitter:label1\" content=\"Escrito por\" \/>\n\t<meta name=\"twitter:data1\" content=\"ocd web master\" \/>\n\t<meta name=\"twitter:label2\" content=\"Tiempo de lectura\" \/>\n\t<meta name=\"twitter:data2\" content=\"1 minuto\" \/>\n<script type=\"application\/ld+json\" class=\"yoast-schema-graph\">{\"@context\":\"https:\/\/schema.org\",\"@graph\":[{\"@type\":\"Article\",\"@id\":\"https:\/\/www.carmelitaniscalzi.com\/es\/2017\/12\/22\/p-attilio-ghisleri-ocd-nombrado-delegado-general-en-israel\/#article\",\"isPartOf\":{\"@id\":\"https:\/\/www.carmelitaniscalzi.com\/es\/2017\/12\/22\/p-attilio-ghisleri-ocd-nombrado-delegado-general-en-israel\/\"},\"author\":{\"name\":\"ocd web master\",\"@id\":\"https:\/\/www.carmelitaniscalzi.com\/#\/schema\/person\/6d1c0d9bea7b6625c437246a5d6da409\"},\"headline\":\"P. Attilio Ghisleri, ocd, nombrado Delegado General en Israel\",\"datePublished\":\"2017-12-22T09:19:53+00:00\",\"dateModified\":\"2017-12-23T10:29:31+00:00\",\"mainEntityOfPage\":{\"@id\":\"https:\/\/www.carmelitaniscalzi.com\/es\/2017\/12\/22\/p-attilio-ghisleri-ocd-nombrado-delegado-general-en-israel\/\"},\"wordCount\":184,\"publisher\":{\"@id\":\"https:\/\/www.carmelitaniscalzi.com\/#organization\"},\"image\":{\"@id\":\"https:\/\/www.carmelitaniscalzi.com\/es\/2017\/12\/22\/p-attilio-ghisleri-ocd-nombrado-delegado-general-en-israel\/#primaryimage\"},\"thumbnailUrl\":\"https:\/\/www.carmelitaniscalzi.com\/wp-content\/uploads\/2017\/12\/Attilio-Ghisleri.jpg\",\"articleSection\":[\"Noticias Frailes\",\"Noticias\"],\"inLanguage\":\"es\"},{\"@type\":\"WebPage\",\"@id\":\"https:\/\/www.carmelitaniscalzi.com\/es\/2017\/12\/22\/p-attilio-ghisleri-ocd-nombrado-delegado-general-en-israel\/\",\"url\":\"https:\/\/www.carmelitaniscalzi.com\/es\/2017\/12\/22\/p-attilio-ghisleri-ocd-nombrado-delegado-general-en-israel\/\",\"name\":\"P. Attilio Ghisleri, ocd, nombrado Delegado General en Israel - CARMELITAS DESCALZOS\",\"isPartOf\":{\"@id\":\"https:\/\/www.carmelitaniscalzi.com\/#website\"},\"primaryImageOfPage\":{\"@id\":\"https:\/\/www.carmelitaniscalzi.com\/es\/2017\/12\/22\/p-attilio-ghisleri-ocd-nombrado-delegado-general-en-israel\/#primaryimage\"},\"image\":{\"@id\":\"https:\/\/www.carmelitaniscalzi.com\/es\/2017\/12\/22\/p-attilio-ghisleri-ocd-nombrado-delegado-general-en-israel\/#primaryimage\"},\"thumbnailUrl\":\"https:\/\/www.carmelitaniscalzi.com\/wp-content\/uploads\/2017\/12\/Attilio-Ghisleri.jpg\",\"datePublished\":\"2017-12-22T09:19:53+00:00\",\"dateModified\":\"2017-12-23T10:29:31+00:00\",\"breadcrumb\":{\"@id\":\"https:\/\/www.carmelitaniscalzi.com\/es\/2017\/12\/22\/p-attilio-ghisleri-ocd-nombrado-delegado-general-en-israel\/#breadcrumb\"},\"inLanguage\":\"es\",\"potentialAction\":[{\"@type\":\"ReadAction\",\"target\":[\"https:\/\/www.carmelitaniscalzi.com\/es\/2017\/12\/22\/p-attilio-ghisleri-ocd-nombrado-delegado-general-en-israel\/\"]}]},{\"@type\":\"ImageObject\",\"inLanguage\":\"es\",\"@id\":\"https:\/\/www.carmelitaniscalzi.com\/es\/2017\/12\/22\/p-attilio-ghisleri-ocd-nombrado-delegado-general-en-israel\/#primaryimage\",\"url\":\"https:\/\/www.carmelitaniscalzi.com\/wp-content\/uploads\/2017\/12\/Attilio-Ghisleri.jpg\",\"contentUrl\":\"https:\/\/www.carmelitaniscalzi.com\/wp-content\/uploads\/2017\/12\/Attilio-Ghisleri.jpg\",\"width\":297,\"height\":365},{\"@type\":\"BreadcrumbList\",\"@id\":\"https:\/\/www.carmelitaniscalzi.com\/es\/2017\/12\/22\/p-attilio-ghisleri-ocd-nombrado-delegado-general-en-israel\/#breadcrumb\",\"itemListElement\":[{\"@type\":\"ListItem\",\"position\":1,\"name\":\"Home\",\"item\":\"https:\/\/www.carmelitaniscalzi.com\/es\/\"},{\"@type\":\"ListItem\",\"position\":2,\"name\":\"P. Attilio Ghisleri, ocd, nombrado Delegado General en Israel\"}]},{\"@type\":\"WebSite\",\"@id\":\"https:\/\/www.carmelitaniscalzi.com\/#website\",\"url\":\"https:\/\/www.carmelitaniscalzi.com\/\",\"name\":\"CARMELITANI SCALZI - Curia Generale del Carmelo Teresiano\",\"description\":\"Curia General del Carmelo Teresiano\",\"publisher\":{\"@id\":\"https:\/\/www.carmelitaniscalzi.com\/#organization\"},\"alternateName\":\"CARMELITANI SCALZI\",\"potentialAction\":[{\"@type\":\"SearchAction\",\"target\":{\"@type\":\"EntryPoint\",\"urlTemplate\":\"https:\/\/www.carmelitaniscalzi.com\/?s={search_term_string}\"},\"query-input\":{\"@type\":\"PropertyValueSpecification\",\"valueRequired\":true,\"valueName\":\"search_term_string\"}}],\"inLanguage\":\"es\"},{\"@type\":\"Organization\",\"@id\":\"https:\/\/www.carmelitaniscalzi.com\/#organization\",\"name\":\"CARMELITANI SCALZI - Curia Generale del Carmelo Teresiano\",\"url\":\"https:\/\/www.carmelitaniscalzi.com\/\",\"logo\":{\"@type\":\"ImageObject\",\"inLanguage\":\"es\",\"@id\":\"https:\/\/www.carmelitaniscalzi.com\/#\/schema\/logo\/image\/\",\"url\":\"https:\/\/www.carmelitaniscalzi.com\/wp-content\/uploads\/2025\/11\/login-logo.png\",\"contentUrl\":\"https:\/\/www.carmelitaniscalzi.com\/wp-content\/uploads\/2025\/11\/login-logo.png\",\"width\":256,\"height\":256,\"caption\":\"CARMELITANI SCALZI - Curia Generale del Carmelo Teresiano\"},\"image\":{\"@id\":\"https:\/\/www.carmelitaniscalzi.com\/#\/schema\/logo\/image\/\"},\"sameAs\":[\"https:\/\/www.facebook.com\/Curia-Generalizia-Carmelitani-Scalzi-658766940887784\/\",\"https:\/\/x.com\/ocdcuria\",\"https:\/\/www.youtube.com\/channel\/UC2J5ZL0ycOY0qBSTCLX_NGQ\/videos\",\"https:\/\/www.instagram.com\/ocdinform\/\"]},{\"@type\":\"Person\",\"@id\":\"https:\/\/www.carmelitaniscalzi.com\/#\/schema\/person\/6d1c0d9bea7b6625c437246a5d6da409\",\"name\":\"ocd web master\",\"image\":{\"@type\":\"ImageObject\",\"inLanguage\":\"es\",\"@id\":\"https:\/\/www.carmelitaniscalzi.com\/#\/schema\/person\/image\/\",\"url\":\"https:\/\/secure.gravatar.com\/avatar\/41fbc5f82bad909fbaf2984c43fa50d8519ac5853e25b454d022b6868f80d0e7?s=96&d=mm&r=g\",\"contentUrl\":\"https:\/\/secure.gravatar.com\/avatar\/41fbc5f82bad909fbaf2984c43fa50d8519ac5853e25b454d022b6868f80d0e7?s=96&d=mm&r=g\",\"caption\":\"ocd web master\"},\"url\":\"https:\/\/www.carmelitaniscalzi.com\/es\/author\/ocdwebmaster\/\"}]}<\/script>\n<!-- \/ Yoast SEO plugin. -->","yoast_head_json":{"title":"P. Attilio Ghisleri, ocd, nombrado Delegado General en Israel - CARMELITAS DESCALZOS","robots":{"index":"index","follow":"follow","max-snippet":"max-snippet:-1","max-image-preview":"max-image-preview:large","max-video-preview":"max-video-preview:-1"},"canonical":"https:\/\/www.carmelitaniscalzi.com\/es\/2017\/12\/22\/p-attilio-ghisleri-ocd-nombrado-delegado-general-en-israel\/","og_locale":"es_ES","og_type":"article","og_title":"P. Attilio Ghisleri, ocd, nombrado Delegado General en Israel - CARMELITAS DESCALZOS","og_description":"El Definitorio General ha nombrado como nuevo Delegado General en Israel al P. Attilio Ghisleri, ocd, hasta ahora Ec\u00f3nomo General. Nacido en Bassano Bresciano el 26 de octubre de 1940, entr\u00f3 en el seminario menor de Adro en 1953, hizo su profesi\u00f3n simple en 1958 y la solemne en 1962. Fue ordenado sacerdote en Venecia [&hellip;]","og_url":"https:\/\/www.carmelitaniscalzi.com\/es\/2017\/12\/22\/p-attilio-ghisleri-ocd-nombrado-delegado-general-en-israel\/","og_site_name":"CARMELITAS DESCALZOS","article_publisher":"https:\/\/www.facebook.com\/Curia-Generalizia-Carmelitani-Scalzi-658766940887784\/","article_published_time":"2017-12-22T09:19:53+00:00","article_modified_time":"2017-12-23T10:29:31+00:00","og_image":[{"width":297,"height":365,"url":"https:\/\/www.carmelitaniscalzi.com\/wp-content\/uploads\/2017\/12\/Attilio-Ghisleri.jpg","type":"image\/jpeg"}],"author":"ocd web master","twitter_card":"summary_large_image","twitter_creator":"@ocdcuria","twitter_site":"@ocdcuria","twitter_misc":{"Escrito por":"ocd web master","Tiempo de lectura":"1 minuto"},"schema":{"@context":"https:\/\/schema.org","@graph":[{"@type":"Article","@id":"https:\/\/www.carmelitaniscalzi.com\/es\/2017\/12\/22\/p-attilio-ghisleri-ocd-nombrado-delegado-general-en-israel\/#article","isPartOf":{"@id":"https:\/\/www.carmelitaniscalzi.com\/es\/2017\/12\/22\/p-attilio-ghisleri-ocd-nombrado-delegado-general-en-israel\/"},"author":{"name":"ocd web master","@id":"https:\/\/www.carmelitaniscalzi.com\/#\/schema\/person\/6d1c0d9bea7b6625c437246a5d6da409"},"headline":"P. Attilio Ghisleri, ocd, nombrado Delegado General en Israel","datePublished":"2017-12-22T09:19:53+00:00","dateModified":"2017-12-23T10:29:31+00:00","mainEntityOfPage":{"@id":"https:\/\/www.carmelitaniscalzi.com\/es\/2017\/12\/22\/p-attilio-ghisleri-ocd-nombrado-delegado-general-en-israel\/"},"wordCount":184,"publisher":{"@id":"https:\/\/www.carmelitaniscalzi.com\/#organization"},"image":{"@id":"https:\/\/www.carmelitaniscalzi.com\/es\/2017\/12\/22\/p-attilio-ghisleri-ocd-nombrado-delegado-general-en-israel\/#primaryimage"},"thumbnailUrl":"https:\/\/www.carmelitaniscalzi.com\/wp-content\/uploads\/2017\/12\/Attilio-Ghisleri.jpg","articleSection":["Noticias Frailes","Noticias"],"inLanguage":"es"},{"@type":"WebPage","@id":"https:\/\/www.carmelitaniscalzi.com\/es\/2017\/12\/22\/p-attilio-ghisleri-ocd-nombrado-delegado-general-en-israel\/","url":"https:\/\/www.carmelitaniscalzi.com\/es\/2017\/12\/22\/p-attilio-ghisleri-ocd-nombrado-delegado-general-en-israel\/","name":"P. Attilio Ghisleri, ocd, nombrado Delegado General en Israel - CARMELITAS DESCALZOS","isPartOf":{"@id":"https:\/\/www.carmelitaniscalzi.com\/#website"},"primaryImageOfPage":{"@id":"https:\/\/www.carmelitaniscalzi.com\/es\/2017\/12\/22\/p-attilio-ghisleri-ocd-nombrado-delegado-general-en-israel\/#primaryimage"},"image":{"@id":"https:\/\/www.carmelitaniscalzi.com\/es\/2017\/12\/22\/p-attilio-ghisleri-ocd-nombrado-delegado-general-en-israel\/#primaryimage"},"thumbnailUrl":"https:\/\/www.carmelitaniscalzi.com\/wp-content\/uploads\/2017\/12\/Attilio-Ghisleri.jpg","datePublished":"2017-12-22T09:19:53+00:00","dateModified":"2017-12-23T10:29:31+00:00","breadcrumb":{"@id":"https:\/\/www.carmelitaniscalzi.com\/es\/2017\/12\/22\/p-attilio-ghisleri-ocd-nombrado-delegado-general-en-israel\/#breadcrumb"},"inLanguage":"es","potentialAction":[{"@type":"ReadAction","target":["https:\/\/www.carmelitaniscalzi.com\/es\/2017\/12\/22\/p-attilio-ghisleri-ocd-nombrado-delegado-general-en-israel\/"]}]},{"@type":"ImageObject","inLanguage":"es","@id":"https:\/\/www.carmelitaniscalzi.com\/es\/2017\/12\/22\/p-attilio-ghisleri-ocd-nombrado-delegado-general-en-israel\/#primaryimage","url":"https:\/\/www.carmelitaniscalzi.com\/wp-content\/uploads\/2017\/12\/Attilio-Ghisleri.jpg","contentUrl":"https:\/\/www.carmelitaniscalzi.com\/wp-content\/uploads\/2017\/12\/Attilio-Ghisleri.jpg","width":297,"height":365},{"@type":"BreadcrumbList","@id":"https:\/\/www.carmelitaniscalzi.com\/es\/2017\/12\/22\/p-attilio-ghisleri-ocd-nombrado-delegado-general-en-israel\/#breadcrumb","itemListElement":[{"@type":"ListItem","position":1,"name":"Home","item":"https:\/\/www.carmelitaniscalzi.com\/es\/"},{"@type":"ListItem","position":2,"name":"P. Attilio Ghisleri, ocd, nombrado Delegado General en Israel"}]},{"@type":"WebSite","@id":"https:\/\/www.carmelitaniscalzi.com\/#website","url":"https:\/\/www.carmelitaniscalzi.com\/","name":"CARMELITANI SCALZI - Curia Generale del Carmelo Teresiano","description":"Curia General del Carmelo Teresiano","publisher":{"@id":"https:\/\/www.carmelitaniscalzi.com\/#organization"},"alternateName":"CARMELITANI SCALZI","potentialAction":[{"@type":"SearchAction","target":{"@type":"EntryPoint","urlTemplate":"https:\/\/www.carmelitaniscalzi.com\/?s={search_term_string}"},"query-input":{"@type":"PropertyValueSpecification","valueRequired":true,"valueName":"search_term_string"}}],"inLanguage":"es"},{"@type":"Organization","@id":"https:\/\/www.carmelitaniscalzi.com\/#organization","name":"CARMELITANI SCALZI - Curia Generale del Carmelo Teresiano","url":"https:\/\/www.carmelitaniscalzi.com\/","logo":{"@type":"ImageObject","inLanguage":"es","@id":"https:\/\/www.carmelitaniscalzi.com\/#\/schema\/logo\/image\/","url":"https:\/\/www.carmelitaniscalzi.com\/wp-content\/uploads\/2025\/11\/login-logo.png","contentUrl":"https:\/\/www.carmelitaniscalzi.com\/wp-content\/uploads\/2025\/11\/login-logo.png","width":256,"height":256,"caption":"CARMELITANI SCALZI - Curia Generale del Carmelo Teresiano"},"image":{"@id":"https:\/\/www.carmelitaniscalzi.com\/#\/schema\/logo\/image\/"},"sameAs":["https:\/\/www.facebook.com\/Curia-Generalizia-Carmelitani-Scalzi-658766940887784\/","https:\/\/x.com\/ocdcuria","https:\/\/www.youtube.com\/channel\/UC2J5ZL0ycOY0qBSTCLX_NGQ\/videos","https:\/\/www.instagram.com\/ocdinform\/"]},{"@type":"Person","@id":"https:\/\/www.carmelitaniscalzi.com\/#\/schema\/person\/6d1c0d9bea7b6625c437246a5d6da409","name":"ocd web master","image":{"@type":"ImageObject","inLanguage":"es","@id":"https:\/\/www.carmelitaniscalzi.com\/#\/schema\/person\/image\/","url":"https:\/\/secure.gravatar.com\/avatar\/41fbc5f82bad909fbaf2984c43fa50d8519ac5853e25b454d022b6868f80d0e7?s=96&d=mm&r=g","contentUrl":"https:\/\/secure.gravatar.com\/avatar\/41fbc5f82bad909fbaf2984c43fa50d8519ac5853e25b454d022b6868f80d0e7?s=96&d=mm&r=g","caption":"ocd web master"},"url":"https:\/\/www.carmelitaniscalzi.com\/es\/author\/ocdwebmaster\/"}]}},"_links":{"self":[{"href":"https:\/\/www.carmelitaniscalzi.com\/es\/wp-json\/wp\/v2\/posts\/19030","targetHints":{"allow":["GET"]}}],"collection":[{"href":"https:\/\/www.carmelitaniscalzi.com\/es\/wp-json\/wp\/v2\/posts"}],"about":[{"href":"https:\/\/www.carmelitaniscalzi.com\/es\/wp-json\/wp\/v2\/types\/post"}],"author":[{"embeddable":true,"href":"https:\/\/www.carmelitaniscalzi.com\/es\/wp-json\/wp\/v2\/users\/7"}],"replies":[{"embeddable":true,"href":"https:\/\/www.carmelitaniscalzi.com\/es\/wp-json\/wp\/v2\/comments?post=19030"}],"version-history":[{"count":0,"href":"https:\/\/www.carmelitaniscalzi.com\/es\/wp-json\/wp\/v2\/posts\/19030\/revisions"}],"wp:featuredmedia":[{"embeddable":true,"href":"https:\/\/www.carmelitaniscalzi.com\/es\/wp-json\/wp\/v2\/media\/19036"}],"wp:attachment":[{"href":"https:\/\/www.carmelitaniscalzi.com\/es\/wp-json\/wp\/v2\/media?parent=19030"}],"wp:term":[{"taxonomy":"category","embeddable":true,"href":"https:\/\/www.carmelitaniscalzi.com\/es\/wp-json\/wp\/v2\/categories?post=19030"},{"taxonomy":"post_tag","embeddable":true,"href":"https:\/\/www.carmelitaniscalzi.com\/es\/wp-json\/wp\/v2\/tags?post=19030"}],"curies":[{"name":"wp","href":"https:\/\/api.w.org\/{rel}","templated":true}]}}