{"id":17816,"date":"2017-09-30T17:57:38","date_gmt":"2017-09-30T15:57:38","guid":{"rendered":"https:\/\/www.carmelitaniscalzi.com\/es\/?p=17816"},"modified":"2017-09-30T17:57:38","modified_gmt":"2017-09-30T15:57:38","slug":"visita-del-patriarca-ecumenico-bartolome-las-hermanas-de-bolonia","status":"publish","type":"post","link":"https:\/\/www.carmelitaniscalzi.com\/es\/2017\/09\/30\/visita-del-patriarca-ecumenico-bartolome-las-hermanas-de-bolonia\/","title":{"rendered":"Visita del Patriarca Ecum\u00e9nico Bartolom\u00e9 I a las hermanas de Bolonia"},"content":{"rendered":"<p>Nuestras hermanas carmelitas descalzas de Bolonia, Italia, nos informan de esta hist\u00f3rica visita:<\/p>\n<p>\u201cDurante su reciente estancia en Bolonia, en el marco de las celebraciones conclusivas del Congreso Eucar\u00edstico, el Patriarca Ecum\u00e9nico Bartolom\u00e9 I, acogiendo ben\u00e9volamente nuestra invitaci\u00f3n, ha visitado nuestro monasterio.<\/p>\n<p>El Patriarca entr\u00f3 en la iglesia acogido en modo festivo por el sonido de las campanas; despu\u00e9s del canto y un saludo, abrimos las puertas de la clausura para que entrase en el monasterio con su s\u00e9quito. Con mucha afabilidad salud\u00f3 a todas las hermanas. Para la ocasi\u00f3n, estaban presentes adem\u00e1s representantes de las hermanas clarisas de Bolonia y de las Carmelitas de R\u00e1vena, con una monja ortodoxa.<\/p>\n<p>M\u00e1s tarde pasamos al coro, donde el Patriarca vener\u00f3 las reliquias rezando el Ave Mar\u00eda y el Padre Nuestro en lat\u00edn. Despu\u00e9s, en la sala de recreaci\u00f3n, nos habl\u00f3 de cu\u00e1nto debe ser estimada la vida mon\u00e1stica en la Iglesia. Tras intercambiar algunos regalos, proseguimos el di\u00e1logo en modo simple y sereno, muy familiar, mientras se serv\u00eda un caf\u00e9. En el libro de visitas el Patriarca dej\u00f3 escrita una bendici\u00f3n en griego. La alegr\u00eda por este peque\u00f1o gesto de comuni\u00f3n ha sido grande para todos\u201d.<\/p>\n<p><img loading=\"lazy\" decoding=\"async\" class=\"alignnone size-thumbnail wp-image-17811\" src=\"https:\/\/www.carmelitaniscalzi.com\/wp-content\/uploads\/2017\/09\/08-150x150.jpg\" alt=\"\" width=\"150\" height=\"150\" \/> <img loading=\"lazy\" decoding=\"async\" class=\"alignnone size-thumbnail wp-image-17810\" src=\"https:\/\/www.carmelitaniscalzi.com\/wp-content\/uploads\/2017\/09\/07-150x150.jpg\" alt=\"\" width=\"150\" height=\"150\" \/> <img loading=\"lazy\" decoding=\"async\" class=\"alignnone size-thumbnail wp-image-17809\" src=\"https:\/\/www.carmelitaniscalzi.com\/wp-content\/uploads\/2017\/09\/06-150x150.jpg\" alt=\"\" width=\"150\" height=\"150\" \/> <img loading=\"lazy\" decoding=\"async\" class=\"alignnone size-thumbnail wp-image-17808\" src=\"https:\/\/www.carmelitaniscalzi.com\/wp-content\/uploads\/2017\/09\/05-1-150x150.jpg\" alt=\"\" width=\"150\" height=\"150\" \/> <img loading=\"lazy\" decoding=\"async\" class=\"alignnone size-thumbnail wp-image-17807\" src=\"https:\/\/www.carmelitaniscalzi.com\/wp-content\/uploads\/2017\/09\/04-1-150x150.jpg\" alt=\"\" width=\"150\" height=\"150\" \/> <img loading=\"lazy\" decoding=\"async\" class=\"alignnone size-thumbnail wp-image-17806\" src=\"https:\/\/www.carmelitaniscalzi.com\/wp-content\/uploads\/2017\/09\/03-1-150x150.jpg\" alt=\"\" width=\"150\" height=\"150\" \/> <img loading=\"lazy\" decoding=\"async\" class=\"alignnone size-thumbnail wp-image-17805\" src=\"https:\/\/www.carmelitaniscalzi.com\/wp-content\/uploads\/2017\/09\/02-1-150x150.jpg\" alt=\"\" width=\"150\" height=\"150\" \/> <img loading=\"lazy\" decoding=\"async\" class=\"alignnone size-thumbnail wp-image-17804\" src=\"https:\/\/www.carmelitaniscalzi.com\/wp-content\/uploads\/2017\/09\/01-1-150x150.jpg\" alt=\"\" width=\"150\" height=\"150\" \/><\/p>\n","protected":false},"excerpt":{"rendered":"<p>Nuestras hermanas carmelitas descalzas de Bolonia, Italia, nos informan de esta hist\u00f3rica visita: \u201cDurante su reciente estancia en Bolonia, en el marco de las celebraciones conclusivas del Congreso Eucar\u00edstico, el Patriarca Ecum\u00e9nico Bartolom\u00e9 I, acogiendo ben\u00e9volamente nuestra invitaci\u00f3n, ha visitado nuestro monasterio. El Patriarca entr\u00f3 en la iglesia acogido en modo festivo por el sonido [&hellip;]<\/p>\n","protected":false},"author":7,"featured_media":17812,"comment_status":"closed","ping_status":"closed","sticky":false,"template":"","format":"standard","meta":{"_acf_changed":false,"footnotes":""},"categories":[176,372],"tags":[],"class_list":["post-17816","post","type-post","status-publish","format-standard","has-post-thumbnail","hentry","category-noticias-monjas","category-noticias"],"acf":[],"yoast_head":"<!-- This site is optimized with the Yoast SEO plugin v26.3 - https:\/\/yoast.com\/wordpress\/plugins\/seo\/ -->\n<title>Visita del Patriarca Ecum\u00e9nico Bartolom\u00e9 I a las hermanas de Bolonia - CARMELITAS DESCALZOS<\/title>\n<meta name=\"robots\" content=\"index, follow, max-snippet:-1, max-image-preview:large, max-video-preview:-1\" \/>\n<link rel=\"canonical\" href=\"https:\/\/www.carmelitaniscalzi.com\/es\/2017\/09\/30\/visita-del-patriarca-ecumenico-bartolome-las-hermanas-de-bolonia\/\" \/>\n<meta property=\"og:locale\" content=\"es_ES\" \/>\n<meta property=\"og:type\" content=\"article\" \/>\n<meta property=\"og:title\" content=\"Visita del Patriarca Ecum\u00e9nico Bartolom\u00e9 I a las hermanas de Bolonia - CARMELITAS DESCALZOS\" \/>\n<meta property=\"og:description\" content=\"Nuestras hermanas carmelitas descalzas de Bolonia, Italia, nos informan de esta hist\u00f3rica visita: \u201cDurante su reciente estancia en Bolonia, en el marco de las celebraciones conclusivas del Congreso Eucar\u00edstico, el Patriarca Ecum\u00e9nico Bartolom\u00e9 I, acogiendo ben\u00e9volamente nuestra invitaci\u00f3n, ha visitado nuestro monasterio. El Patriarca entr\u00f3 en la iglesia acogido en modo festivo por el sonido [&hellip;]\" \/>\n<meta property=\"og:url\" content=\"https:\/\/www.carmelitaniscalzi.com\/es\/2017\/09\/30\/visita-del-patriarca-ecumenico-bartolome-las-hermanas-de-bolonia\/\" \/>\n<meta property=\"og:site_name\" content=\"CARMELITAS DESCALZOS\" \/>\n<meta property=\"article:publisher\" content=\"https:\/\/www.facebook.com\/Curia-Generalizia-Carmelitani-Scalzi-658766940887784\/\" \/>\n<meta property=\"article:published_time\" content=\"2017-09-30T15:57:38+00:00\" \/>\n<meta property=\"og:image\" content=\"https:\/\/www.carmelitaniscalzi.com\/wp-content\/uploads\/2017\/09\/09.jpg\" \/>\n\t<meta property=\"og:image:width\" content=\"960\" \/>\n\t<meta property=\"og:image:height\" content=\"720\" \/>\n\t<meta property=\"og:image:type\" content=\"image\/jpeg\" \/>\n<meta name=\"author\" content=\"ocd web master\" \/>\n<meta name=\"twitter:card\" content=\"summary_large_image\" \/>\n<meta name=\"twitter:creator\" content=\"@ocdcuria\" \/>\n<meta name=\"twitter:site\" content=\"@ocdcuria\" \/>\n<meta name=\"twitter:label1\" content=\"Escrito por\" \/>\n\t<meta name=\"twitter:data1\" content=\"ocd web master\" \/>\n\t<meta name=\"twitter:label2\" content=\"Tiempo de lectura\" \/>\n\t<meta name=\"twitter:data2\" content=\"1 minuto\" \/>\n<script type=\"application\/ld+json\" class=\"yoast-schema-graph\">{\"@context\":\"https:\/\/schema.org\",\"@graph\":[{\"@type\":\"Article\",\"@id\":\"https:\/\/www.carmelitaniscalzi.com\/es\/2017\/09\/30\/visita-del-patriarca-ecumenico-bartolome-las-hermanas-de-bolonia\/#article\",\"isPartOf\":{\"@id\":\"https:\/\/www.carmelitaniscalzi.com\/es\/2017\/09\/30\/visita-del-patriarca-ecumenico-bartolome-las-hermanas-de-bolonia\/\"},\"author\":{\"name\":\"ocd web master\",\"@id\":\"https:\/\/www.carmelitaniscalzi.com\/#\/schema\/person\/6d1c0d9bea7b6625c437246a5d6da409\"},\"headline\":\"Visita del Patriarca Ecum\u00e9nico Bartolom\u00e9 I a las hermanas de Bolonia\",\"datePublished\":\"2017-09-30T15:57:38+00:00\",\"mainEntityOfPage\":{\"@id\":\"https:\/\/www.carmelitaniscalzi.com\/es\/2017\/09\/30\/visita-del-patriarca-ecumenico-bartolome-las-hermanas-de-bolonia\/\"},\"wordCount\":230,\"publisher\":{\"@id\":\"https:\/\/www.carmelitaniscalzi.com\/#organization\"},\"image\":{\"@id\":\"https:\/\/www.carmelitaniscalzi.com\/es\/2017\/09\/30\/visita-del-patriarca-ecumenico-bartolome-las-hermanas-de-bolonia\/#primaryimage\"},\"thumbnailUrl\":\"https:\/\/www.carmelitaniscalzi.com\/wp-content\/uploads\/2017\/09\/09.jpg\",\"articleSection\":[\"Noticias Monjas\",\"Noticias\"],\"inLanguage\":\"es\"},{\"@type\":\"WebPage\",\"@id\":\"https:\/\/www.carmelitaniscalzi.com\/es\/2017\/09\/30\/visita-del-patriarca-ecumenico-bartolome-las-hermanas-de-bolonia\/\",\"url\":\"https:\/\/www.carmelitaniscalzi.com\/es\/2017\/09\/30\/visita-del-patriarca-ecumenico-bartolome-las-hermanas-de-bolonia\/\",\"name\":\"Visita del Patriarca Ecum\u00e9nico Bartolom\u00e9 I a las hermanas de Bolonia - CARMELITAS DESCALZOS\",\"isPartOf\":{\"@id\":\"https:\/\/www.carmelitaniscalzi.com\/#website\"},\"primaryImageOfPage\":{\"@id\":\"https:\/\/www.carmelitaniscalzi.com\/es\/2017\/09\/30\/visita-del-patriarca-ecumenico-bartolome-las-hermanas-de-bolonia\/#primaryimage\"},\"image\":{\"@id\":\"https:\/\/www.carmelitaniscalzi.com\/es\/2017\/09\/30\/visita-del-patriarca-ecumenico-bartolome-las-hermanas-de-bolonia\/#primaryimage\"},\"thumbnailUrl\":\"https:\/\/www.carmelitaniscalzi.com\/wp-content\/uploads\/2017\/09\/09.jpg\",\"datePublished\":\"2017-09-30T15:57:38+00:00\",\"breadcrumb\":{\"@id\":\"https:\/\/www.carmelitaniscalzi.com\/es\/2017\/09\/30\/visita-del-patriarca-ecumenico-bartolome-las-hermanas-de-bolonia\/#breadcrumb\"},\"inLanguage\":\"es\",\"potentialAction\":[{\"@type\":\"ReadAction\",\"target\":[\"https:\/\/www.carmelitaniscalzi.com\/es\/2017\/09\/30\/visita-del-patriarca-ecumenico-bartolome-las-hermanas-de-bolonia\/\"]}]},{\"@type\":\"ImageObject\",\"inLanguage\":\"es\",\"@id\":\"https:\/\/www.carmelitaniscalzi.com\/es\/2017\/09\/30\/visita-del-patriarca-ecumenico-bartolome-las-hermanas-de-bolonia\/#primaryimage\",\"url\":\"https:\/\/www.carmelitaniscalzi.com\/wp-content\/uploads\/2017\/09\/09.jpg\",\"contentUrl\":\"https:\/\/www.carmelitaniscalzi.com\/wp-content\/uploads\/2017\/09\/09.jpg\",\"width\":960,\"height\":720},{\"@type\":\"BreadcrumbList\",\"@id\":\"https:\/\/www.carmelitaniscalzi.com\/es\/2017\/09\/30\/visita-del-patriarca-ecumenico-bartolome-las-hermanas-de-bolonia\/#breadcrumb\",\"itemListElement\":[{\"@type\":\"ListItem\",\"position\":1,\"name\":\"Home\",\"item\":\"https:\/\/www.carmelitaniscalzi.com\/es\/\"},{\"@type\":\"ListItem\",\"position\":2,\"name\":\"Visita del Patriarca Ecum\u00e9nico Bartolom\u00e9 I a las hermanas de Bolonia\"}]},{\"@type\":\"WebSite\",\"@id\":\"https:\/\/www.carmelitaniscalzi.com\/#website\",\"url\":\"https:\/\/www.carmelitaniscalzi.com\/\",\"name\":\"CARMELITANI SCALZI - Curia Generale del Carmelo Teresiano\",\"description\":\"Curia General del Carmelo Teresiano\",\"publisher\":{\"@id\":\"https:\/\/www.carmelitaniscalzi.com\/#organization\"},\"alternateName\":\"CARMELITANI SCALZI\",\"potentialAction\":[{\"@type\":\"SearchAction\",\"target\":{\"@type\":\"EntryPoint\",\"urlTemplate\":\"https:\/\/www.carmelitaniscalzi.com\/?s={search_term_string}\"},\"query-input\":{\"@type\":\"PropertyValueSpecification\",\"valueRequired\":true,\"valueName\":\"search_term_string\"}}],\"inLanguage\":\"es\"},{\"@type\":\"Organization\",\"@id\":\"https:\/\/www.carmelitaniscalzi.com\/#organization\",\"name\":\"CARMELITANI SCALZI - Curia Generale del Carmelo Teresiano\",\"url\":\"https:\/\/www.carmelitaniscalzi.com\/\",\"logo\":{\"@type\":\"ImageObject\",\"inLanguage\":\"es\",\"@id\":\"https:\/\/www.carmelitaniscalzi.com\/#\/schema\/logo\/image\/\",\"url\":\"https:\/\/www.carmelitaniscalzi.com\/wp-content\/uploads\/2025\/11\/login-logo.png\",\"contentUrl\":\"https:\/\/www.carmelitaniscalzi.com\/wp-content\/uploads\/2025\/11\/login-logo.png\",\"width\":256,\"height\":256,\"caption\":\"CARMELITANI SCALZI - Curia Generale del Carmelo Teresiano\"},\"image\":{\"@id\":\"https:\/\/www.carmelitaniscalzi.com\/#\/schema\/logo\/image\/\"},\"sameAs\":[\"https:\/\/www.facebook.com\/Curia-Generalizia-Carmelitani-Scalzi-658766940887784\/\",\"https:\/\/x.com\/ocdcuria\",\"https:\/\/www.youtube.com\/channel\/UC2J5ZL0ycOY0qBSTCLX_NGQ\/videos\",\"https:\/\/www.instagram.com\/ocdinform\/\"]},{\"@type\":\"Person\",\"@id\":\"https:\/\/www.carmelitaniscalzi.com\/#\/schema\/person\/6d1c0d9bea7b6625c437246a5d6da409\",\"name\":\"ocd web master\",\"image\":{\"@type\":\"ImageObject\",\"inLanguage\":\"es\",\"@id\":\"https:\/\/www.carmelitaniscalzi.com\/#\/schema\/person\/image\/\",\"url\":\"https:\/\/secure.gravatar.com\/avatar\/41fbc5f82bad909fbaf2984c43fa50d8519ac5853e25b454d022b6868f80d0e7?s=96&d=mm&r=g\",\"contentUrl\":\"https:\/\/secure.gravatar.com\/avatar\/41fbc5f82bad909fbaf2984c43fa50d8519ac5853e25b454d022b6868f80d0e7?s=96&d=mm&r=g\",\"caption\":\"ocd web master\"},\"url\":\"https:\/\/www.carmelitaniscalzi.com\/es\/author\/ocdwebmaster\/\"}]}<\/script>\n<!-- \/ Yoast SEO plugin. -->","yoast_head_json":{"title":"Visita del Patriarca Ecum\u00e9nico Bartolom\u00e9 I a las hermanas de Bolonia - CARMELITAS DESCALZOS","robots":{"index":"index","follow":"follow","max-snippet":"max-snippet:-1","max-image-preview":"max-image-preview:large","max-video-preview":"max-video-preview:-1"},"canonical":"https:\/\/www.carmelitaniscalzi.com\/es\/2017\/09\/30\/visita-del-patriarca-ecumenico-bartolome-las-hermanas-de-bolonia\/","og_locale":"es_ES","og_type":"article","og_title":"Visita del Patriarca Ecum\u00e9nico Bartolom\u00e9 I a las hermanas de Bolonia - CARMELITAS DESCALZOS","og_description":"Nuestras hermanas carmelitas descalzas de Bolonia, Italia, nos informan de esta hist\u00f3rica visita: \u201cDurante su reciente estancia en Bolonia, en el marco de las celebraciones conclusivas del Congreso Eucar\u00edstico, el Patriarca Ecum\u00e9nico Bartolom\u00e9 I, acogiendo ben\u00e9volamente nuestra invitaci\u00f3n, ha visitado nuestro monasterio. El Patriarca entr\u00f3 en la iglesia acogido en modo festivo por el sonido [&hellip;]","og_url":"https:\/\/www.carmelitaniscalzi.com\/es\/2017\/09\/30\/visita-del-patriarca-ecumenico-bartolome-las-hermanas-de-bolonia\/","og_site_name":"CARMELITAS DESCALZOS","article_publisher":"https:\/\/www.facebook.com\/Curia-Generalizia-Carmelitani-Scalzi-658766940887784\/","article_published_time":"2017-09-30T15:57:38+00:00","og_image":[{"width":960,"height":720,"url":"https:\/\/www.carmelitaniscalzi.com\/wp-content\/uploads\/2017\/09\/09.jpg","type":"image\/jpeg"}],"author":"ocd web master","twitter_card":"summary_large_image","twitter_creator":"@ocdcuria","twitter_site":"@ocdcuria","twitter_misc":{"Escrito por":"ocd web master","Tiempo de lectura":"1 minuto"},"schema":{"@context":"https:\/\/schema.org","@graph":[{"@type":"Article","@id":"https:\/\/www.carmelitaniscalzi.com\/es\/2017\/09\/30\/visita-del-patriarca-ecumenico-bartolome-las-hermanas-de-bolonia\/#article","isPartOf":{"@id":"https:\/\/www.carmelitaniscalzi.com\/es\/2017\/09\/30\/visita-del-patriarca-ecumenico-bartolome-las-hermanas-de-bolonia\/"},"author":{"name":"ocd web master","@id":"https:\/\/www.carmelitaniscalzi.com\/#\/schema\/person\/6d1c0d9bea7b6625c437246a5d6da409"},"headline":"Visita del Patriarca Ecum\u00e9nico Bartolom\u00e9 I a las hermanas de Bolonia","datePublished":"2017-09-30T15:57:38+00:00","mainEntityOfPage":{"@id":"https:\/\/www.carmelitaniscalzi.com\/es\/2017\/09\/30\/visita-del-patriarca-ecumenico-bartolome-las-hermanas-de-bolonia\/"},"wordCount":230,"publisher":{"@id":"https:\/\/www.carmelitaniscalzi.com\/#organization"},"image":{"@id":"https:\/\/www.carmelitaniscalzi.com\/es\/2017\/09\/30\/visita-del-patriarca-ecumenico-bartolome-las-hermanas-de-bolonia\/#primaryimage"},"thumbnailUrl":"https:\/\/www.carmelitaniscalzi.com\/wp-content\/uploads\/2017\/09\/09.jpg","articleSection":["Noticias Monjas","Noticias"],"inLanguage":"es"},{"@type":"WebPage","@id":"https:\/\/www.carmelitaniscalzi.com\/es\/2017\/09\/30\/visita-del-patriarca-ecumenico-bartolome-las-hermanas-de-bolonia\/","url":"https:\/\/www.carmelitaniscalzi.com\/es\/2017\/09\/30\/visita-del-patriarca-ecumenico-bartolome-las-hermanas-de-bolonia\/","name":"Visita del Patriarca Ecum\u00e9nico Bartolom\u00e9 I a las hermanas de Bolonia - CARMELITAS DESCALZOS","isPartOf":{"@id":"https:\/\/www.carmelitaniscalzi.com\/#website"},"primaryImageOfPage":{"@id":"https:\/\/www.carmelitaniscalzi.com\/es\/2017\/09\/30\/visita-del-patriarca-ecumenico-bartolome-las-hermanas-de-bolonia\/#primaryimage"},"image":{"@id":"https:\/\/www.carmelitaniscalzi.com\/es\/2017\/09\/30\/visita-del-patriarca-ecumenico-bartolome-las-hermanas-de-bolonia\/#primaryimage"},"thumbnailUrl":"https:\/\/www.carmelitaniscalzi.com\/wp-content\/uploads\/2017\/09\/09.jpg","datePublished":"2017-09-30T15:57:38+00:00","breadcrumb":{"@id":"https:\/\/www.carmelitaniscalzi.com\/es\/2017\/09\/30\/visita-del-patriarca-ecumenico-bartolome-las-hermanas-de-bolonia\/#breadcrumb"},"inLanguage":"es","potentialAction":[{"@type":"ReadAction","target":["https:\/\/www.carmelitaniscalzi.com\/es\/2017\/09\/30\/visita-del-patriarca-ecumenico-bartolome-las-hermanas-de-bolonia\/"]}]},{"@type":"ImageObject","inLanguage":"es","@id":"https:\/\/www.carmelitaniscalzi.com\/es\/2017\/09\/30\/visita-del-patriarca-ecumenico-bartolome-las-hermanas-de-bolonia\/#primaryimage","url":"https:\/\/www.carmelitaniscalzi.com\/wp-content\/uploads\/2017\/09\/09.jpg","contentUrl":"https:\/\/www.carmelitaniscalzi.com\/wp-content\/uploads\/2017\/09\/09.jpg","width":960,"height":720},{"@type":"BreadcrumbList","@id":"https:\/\/www.carmelitaniscalzi.com\/es\/2017\/09\/30\/visita-del-patriarca-ecumenico-bartolome-las-hermanas-de-bolonia\/#breadcrumb","itemListElement":[{"@type":"ListItem","position":1,"name":"Home","item":"https:\/\/www.carmelitaniscalzi.com\/es\/"},{"@type":"ListItem","position":2,"name":"Visita del Patriarca Ecum\u00e9nico Bartolom\u00e9 I a las hermanas de Bolonia"}]},{"@type":"WebSite","@id":"https:\/\/www.carmelitaniscalzi.com\/#website","url":"https:\/\/www.carmelitaniscalzi.com\/","name":"CARMELITANI SCALZI - Curia Generale del Carmelo Teresiano","description":"Curia General del Carmelo Teresiano","publisher":{"@id":"https:\/\/www.carmelitaniscalzi.com\/#organization"},"alternateName":"CARMELITANI SCALZI","potentialAction":[{"@type":"SearchAction","target":{"@type":"EntryPoint","urlTemplate":"https:\/\/www.carmelitaniscalzi.com\/?s={search_term_string}"},"query-input":{"@type":"PropertyValueSpecification","valueRequired":true,"valueName":"search_term_string"}}],"inLanguage":"es"},{"@type":"Organization","@id":"https:\/\/www.carmelitaniscalzi.com\/#organization","name":"CARMELITANI SCALZI - Curia Generale del Carmelo Teresiano","url":"https:\/\/www.carmelitaniscalzi.com\/","logo":{"@type":"ImageObject","inLanguage":"es","@id":"https:\/\/www.carmelitaniscalzi.com\/#\/schema\/logo\/image\/","url":"https:\/\/www.carmelitaniscalzi.com\/wp-content\/uploads\/2025\/11\/login-logo.png","contentUrl":"https:\/\/www.carmelitaniscalzi.com\/wp-content\/uploads\/2025\/11\/login-logo.png","width":256,"height":256,"caption":"CARMELITANI SCALZI - Curia Generale del Carmelo Teresiano"},"image":{"@id":"https:\/\/www.carmelitaniscalzi.com\/#\/schema\/logo\/image\/"},"sameAs":["https:\/\/www.facebook.com\/Curia-Generalizia-Carmelitani-Scalzi-658766940887784\/","https:\/\/x.com\/ocdcuria","https:\/\/www.youtube.com\/channel\/UC2J5ZL0ycOY0qBSTCLX_NGQ\/videos","https:\/\/www.instagram.com\/ocdinform\/"]},{"@type":"Person","@id":"https:\/\/www.carmelitaniscalzi.com\/#\/schema\/person\/6d1c0d9bea7b6625c437246a5d6da409","name":"ocd web master","image":{"@type":"ImageObject","inLanguage":"es","@id":"https:\/\/www.carmelitaniscalzi.com\/#\/schema\/person\/image\/","url":"https:\/\/secure.gravatar.com\/avatar\/41fbc5f82bad909fbaf2984c43fa50d8519ac5853e25b454d022b6868f80d0e7?s=96&d=mm&r=g","contentUrl":"https:\/\/secure.gravatar.com\/avatar\/41fbc5f82bad909fbaf2984c43fa50d8519ac5853e25b454d022b6868f80d0e7?s=96&d=mm&r=g","caption":"ocd web master"},"url":"https:\/\/www.carmelitaniscalzi.com\/es\/author\/ocdwebmaster\/"}]}},"_links":{"self":[{"href":"https:\/\/www.carmelitaniscalzi.com\/es\/wp-json\/wp\/v2\/posts\/17816","targetHints":{"allow":["GET"]}}],"collection":[{"href":"https:\/\/www.carmelitaniscalzi.com\/es\/wp-json\/wp\/v2\/posts"}],"about":[{"href":"https:\/\/www.carmelitaniscalzi.com\/es\/wp-json\/wp\/v2\/types\/post"}],"author":[{"embeddable":true,"href":"https:\/\/www.carmelitaniscalzi.com\/es\/wp-json\/wp\/v2\/users\/7"}],"replies":[{"embeddable":true,"href":"https:\/\/www.carmelitaniscalzi.com\/es\/wp-json\/wp\/v2\/comments?post=17816"}],"version-history":[{"count":0,"href":"https:\/\/www.carmelitaniscalzi.com\/es\/wp-json\/wp\/v2\/posts\/17816\/revisions"}],"wp:featuredmedia":[{"embeddable":true,"href":"https:\/\/www.carmelitaniscalzi.com\/es\/wp-json\/wp\/v2\/media\/17812"}],"wp:attachment":[{"href":"https:\/\/www.carmelitaniscalzi.com\/es\/wp-json\/wp\/v2\/media?parent=17816"}],"wp:term":[{"taxonomy":"category","embeddable":true,"href":"https:\/\/www.carmelitaniscalzi.com\/es\/wp-json\/wp\/v2\/categories?post=17816"},{"taxonomy":"post_tag","embeddable":true,"href":"https:\/\/www.carmelitaniscalzi.com\/es\/wp-json\/wp\/v2\/tags?post=17816"}],"curies":[{"name":"wp","href":"https:\/\/api.w.org\/{rel}","templated":true}]}}