{"id":170125,"date":"2022-09-07T17:30:15","date_gmt":"2022-09-07T15:30:15","guid":{"rendered":"https:\/\/www.carmelitaniscalzi.com\/?p=170125"},"modified":"2022-09-21T17:30:49","modified_gmt":"2022-09-21T15:30:49","slug":"avila-la-santa-sede-otorga-el-titulo-de-basilica-menor-a-la-iglesia-de-la-santa-lugar-de-nacimiento-de-santa-teresa-de-jesus","status":"publish","type":"post","link":"https:\/\/www.carmelitaniscalzi.com\/es\/2022\/09\/07\/avila-la-santa-sede-otorga-el-titulo-de-basilica-menor-a-la-iglesia-de-la-santa-lugar-de-nacimiento-de-santa-teresa-de-jesus\/","title":{"rendered":"\u00c1vila: la Santa Sede otorga el t\u00edtulo de Bas\u00edlica Menor a la Iglesia de La Santa, lugar de nacimiento de Santa Teresa de Jes\u00fas."},"content":{"rendered":"<p>Tras la solicitud formal realizada al Vaticano por el obispo de \u00c1vila, Mons. Gil Tamayo, apoyado por la Orden del Carmelo, el Nuncio de Su Santidad en Espa\u00f1a, dirigi\u00f3 el 13 de julio a Mons. Gil Tamayo el decreto que confiere el t\u00edtulo de Bas\u00edlica Menor \u00aba la iglesia del convento de Santa Teresa de Jes\u00fas, edificada sobre la casa natal de la Santa de \u00c1vila\u00bb. El mismo Nuncio Apost\u00f3lico en su carta califica este lugar como \u00abimportante para la di\u00f3cesis de \u00c1vila y la Iglesia universal\u00bb.<\/p>\n<p>El s\u00e1bado 27 de agosto a las 20 horas, Monse\u00f1or Gil Tamayo presidi\u00f3 la celebraci\u00f3n religiosa en la que se convert\u00eda en Bas\u00edlica Menor la iglesia de La Santa.<\/p>\n<p>Es un momento \u00fanico para la Orden del Carmelo Descalzo, para la di\u00f3cesis de \u00c1vila, para todos los que amamos a Santa Teresa de Jes\u00fas, adem\u00e1s de un verdadero regalo en este a\u00f1o jubilar en el que celebramos el IV centenario de su canonizaci\u00f3n.<\/p>\n<p>&nbsp;<\/p>\n<div class=\"wpmf-gallerys wpmf-gallerys-life \" ><div id=\"gallery-1\"\n data-gutter-width=\"5\"\n  data-wpmfcolumns=\"4\" class=\"wpmf-gallery gallery-link-file gallery_life gallery-masonry gallery-columns-4 gallery-size-thumbnail wpmf-gallery-bottomspace-default wpmf-gallery-clear wpmf-has-border-radius-0 wpmf-gutterwidth-5\"><div class=\"wpmf-gallery-item\n     wpmf-gallery-item-position-0 wpmf-gallery-item-attachment-170048\" data-index=\"0\"><div class=\"wpmf-gallery-icon\"><a class=\" not_video noLightbox\" data-lightbox=\"1\" data-href=\"https:\/\/www.carmelitaniscalzi.com\/wp-content\/uploads\/2022\/09\/A\u0301vila-6-1024x683.jpg\" title=\"A\u0301vila 6\" target=\"_self\" data-index=\"0\"><img decoding=\"async\" class=\"wpmf_img\" alt=\"A\u0301vila 6\" src=\"https:\/\/www.carmelitaniscalzi.com\/wp-content\/uploads\/2022\/09\/A\u0301vila-6-150x150.jpg\" data-type=\"wpmfgalleryimg\" data-lazy-src=\"https:\/\/www.carmelitaniscalzi.com\/wp-content\/uploads\/2022\/09\/A\u0301vila-6-150x150.jpg\"><\/a><\/div><\/div><div class=\"wpmf-gallery-item\n     wpmf-gallery-item-position-1 wpmf-gallery-item-attachment-170042\" data-index=\"1\"><div class=\"wpmf-gallery-icon\"><a class=\" not_video noLightbox\" data-lightbox=\"1\" data-href=\"https:\/\/www.carmelitaniscalzi.com\/wp-content\/uploads\/2022\/09\/A\u0301vila-5-1024x683.jpg\" title=\"A\u0301vila 5\" target=\"_self\" data-index=\"1\"><img decoding=\"async\" class=\"wpmf_img\" alt=\"A\u0301vila 5\" src=\"https:\/\/www.carmelitaniscalzi.com\/wp-content\/uploads\/2022\/09\/A\u0301vila-5-150x150.jpg\" data-type=\"wpmfgalleryimg\" data-lazy-src=\"https:\/\/www.carmelitaniscalzi.com\/wp-content\/uploads\/2022\/09\/A\u0301vila-5-150x150.jpg\"><\/a><\/div><\/div><div class=\"wpmf-gallery-item\n     wpmf-gallery-item-position-2 wpmf-gallery-item-attachment-170036\" data-index=\"2\"><div class=\"wpmf-gallery-icon\"><a class=\" not_video noLightbox\" data-lightbox=\"1\" data-href=\"https:\/\/www.carmelitaniscalzi.com\/wp-content\/uploads\/2022\/09\/A\u0301vila-4-1024x614.jpg\" title=\"A\u0301vila 4\" target=\"_self\" data-index=\"2\"><img decoding=\"async\" class=\"wpmf_img\" alt=\"A\u0301vila 4\" src=\"https:\/\/www.carmelitaniscalzi.com\/wp-content\/uploads\/2022\/09\/A\u0301vila-4-150x150.jpg\" data-type=\"wpmfgalleryimg\" data-lazy-src=\"https:\/\/www.carmelitaniscalzi.com\/wp-content\/uploads\/2022\/09\/A\u0301vila-4-150x150.jpg\"><\/a><\/div><\/div><div class=\"wpmf-gallery-item\n     wpmf-gallery-item-position-3 wpmf-gallery-item-attachment-170030\" data-index=\"3\"><div class=\"wpmf-gallery-icon\"><a class=\" not_video noLightbox\" data-lightbox=\"1\" data-href=\"https:\/\/www.carmelitaniscalzi.com\/wp-content\/uploads\/2022\/09\/A\u0301vila-3-1024x683.jpg\" title=\"A\u0301vila 3\" target=\"_self\" data-index=\"3\"><img decoding=\"async\" class=\"wpmf_img\" alt=\"A\u0301vila 3\" src=\"https:\/\/www.carmelitaniscalzi.com\/wp-content\/uploads\/2022\/09\/A\u0301vila-3-150x150.jpg\" data-type=\"wpmfgalleryimg\" data-lazy-src=\"https:\/\/www.carmelitaniscalzi.com\/wp-content\/uploads\/2022\/09\/A\u0301vila-3-150x150.jpg\"><\/a><\/div><\/div><div class=\"wpmf-gallery-item\n     wpmf-gallery-item-position-4 wpmf-gallery-item-attachment-170024\" data-index=\"4\"><div class=\"wpmf-gallery-icon\"><a class=\" not_video noLightbox\" data-lightbox=\"1\" data-href=\"https:\/\/www.carmelitaniscalzi.com\/wp-content\/uploads\/2022\/09\/A\u0301vila-2-835x1024.jpg\" title=\"A\u0301vila 2\" target=\"_self\" data-index=\"4\"><img decoding=\"async\" class=\"wpmf_img\" alt=\"A\u0301vila 2\" src=\"https:\/\/www.carmelitaniscalzi.com\/wp-content\/uploads\/2022\/09\/A\u0301vila-2-150x150.jpg\" data-type=\"wpmfgalleryimg\" data-lazy-src=\"https:\/\/www.carmelitaniscalzi.com\/wp-content\/uploads\/2022\/09\/A\u0301vila-2-150x150.jpg\"><\/a><\/div><\/div><div class=\"wpmf-gallery-item\n     wpmf-gallery-item-position-5 wpmf-gallery-item-attachment-170018\" data-index=\"5\"><div class=\"wpmf-gallery-icon\"><a class=\" not_video noLightbox\" data-lightbox=\"1\" data-href=\"https:\/\/www.carmelitaniscalzi.com\/wp-content\/uploads\/2022\/09\/A\u0301vila-1-1024x461.jpg\" title=\"A\u0301vila 1\" target=\"_self\" data-index=\"5\"><img decoding=\"async\" class=\"wpmf_img\" alt=\"A\u0301vila 1\" src=\"https:\/\/www.carmelitaniscalzi.com\/wp-content\/uploads\/2022\/09\/A\u0301vila-1-150x150.jpg\" data-type=\"wpmfgalleryimg\" data-lazy-src=\"https:\/\/www.carmelitaniscalzi.com\/wp-content\/uploads\/2022\/09\/A\u0301vila-1-150x150.jpg\"><\/a><\/div><\/div><\/div><\/div>\n\n","protected":false},"excerpt":{"rendered":"<p>Tras la solicitud formal realizada al Vaticano por el obispo de \u00c1vila, Mons. Gil Tamayo, apoyado por la Orden del Carmelo, el Nuncio de Su Santidad en Espa\u00f1a, dirigi\u00f3 el 13 de julio a Mons. Gil Tamayo el decreto que confiere el t\u00edtulo de Bas\u00edlica Menor \u00aba la iglesia del convento de Santa Teresa de [&hellip;]<\/p>\n","protected":false},"author":7,"featured_media":170054,"comment_status":"closed","ping_status":"open","sticky":false,"template":"","format":"standard","meta":{"_acf_changed":false,"footnotes":""},"categories":[174,176,177,372],"tags":[],"class_list":["post-170125","post","type-post","status-publish","format-standard","has-post-thumbnail","hentry","category-noticias-frailes","category-noticias-monjas","category-noticias-preposito-general","category-noticias"],"acf":[],"yoast_head":"<!-- This site is optimized with the Yoast SEO plugin v26.3 - https:\/\/yoast.com\/wordpress\/plugins\/seo\/ -->\n<title>\u00c1vila: la Santa Sede otorga el t\u00edtulo de Bas\u00edlica Menor a la Iglesia de La Santa, lugar de nacimiento de Santa Teresa de Jes\u00fas. - CARMELITAS DESCALZOS<\/title>\n<meta name=\"robots\" content=\"index, follow, max-snippet:-1, max-image-preview:large, max-video-preview:-1\" \/>\n<link rel=\"canonical\" href=\"https:\/\/www.carmelitaniscalzi.com\/es\/2022\/09\/07\/avila-la-santa-sede-otorga-el-titulo-de-basilica-menor-a-la-iglesia-de-la-santa-lugar-de-nacimiento-de-santa-teresa-de-jesus\/\" \/>\n<meta property=\"og:locale\" content=\"es_ES\" \/>\n<meta property=\"og:type\" content=\"article\" \/>\n<meta property=\"og:title\" content=\"\u00c1vila: la Santa Sede otorga el t\u00edtulo de Bas\u00edlica Menor a la Iglesia de La Santa, lugar de nacimiento de Santa Teresa de Jes\u00fas. - CARMELITAS DESCALZOS\" \/>\n<meta property=\"og:description\" content=\"Tras la solicitud formal realizada al Vaticano por el obispo de \u00c1vila, Mons. Gil Tamayo, apoyado por la Orden del Carmelo, el Nuncio de Su Santidad en Espa\u00f1a, dirigi\u00f3 el 13 de julio a Mons. Gil Tamayo el decreto que confiere el t\u00edtulo de Bas\u00edlica Menor \u00aba la iglesia del convento de Santa Teresa de [&hellip;]\" \/>\n<meta property=\"og:url\" content=\"https:\/\/www.carmelitaniscalzi.com\/es\/2022\/09\/07\/avila-la-santa-sede-otorga-el-titulo-de-basilica-menor-a-la-iglesia-de-la-santa-lugar-de-nacimiento-de-santa-teresa-de-jesus\/\" \/>\n<meta property=\"og:site_name\" content=\"CARMELITAS DESCALZOS\" \/>\n<meta property=\"article:publisher\" content=\"https:\/\/www.facebook.com\/Curia-Generalizia-Carmelitani-Scalzi-658766940887784\/\" \/>\n<meta property=\"article:published_time\" content=\"2022-09-07T15:30:15+00:00\" \/>\n<meta property=\"article:modified_time\" content=\"2022-09-21T15:30:49+00:00\" \/>\n<meta property=\"og:image\" content=\"https:\/\/www.carmelitaniscalzi.com\/wp-content\/uploads\/2022\/09\/Cover_Avila_08_2022.jpg\" \/>\n\t<meta property=\"og:image:width\" content=\"1200\" \/>\n\t<meta property=\"og:image:height\" content=\"800\" \/>\n\t<meta property=\"og:image:type\" content=\"image\/jpeg\" \/>\n<meta name=\"author\" content=\"ocd web master\" \/>\n<meta name=\"twitter:card\" content=\"summary_large_image\" \/>\n<meta name=\"twitter:creator\" content=\"@ocdcuria\" \/>\n<meta name=\"twitter:site\" content=\"@ocdcuria\" \/>\n<meta name=\"twitter:label1\" content=\"Escrito por\" \/>\n\t<meta name=\"twitter:data1\" content=\"ocd web master\" \/>\n\t<meta name=\"twitter:label2\" content=\"Tiempo de lectura\" \/>\n\t<meta name=\"twitter:data2\" content=\"1 minuto\" \/>\n<script type=\"application\/ld+json\" class=\"yoast-schema-graph\">{\"@context\":\"https:\/\/schema.org\",\"@graph\":[{\"@type\":\"Article\",\"@id\":\"https:\/\/www.carmelitaniscalzi.com\/es\/2022\/09\/07\/avila-la-santa-sede-otorga-el-titulo-de-basilica-menor-a-la-iglesia-de-la-santa-lugar-de-nacimiento-de-santa-teresa-de-jesus\/#article\",\"isPartOf\":{\"@id\":\"https:\/\/www.carmelitaniscalzi.com\/es\/2022\/09\/07\/avila-la-santa-sede-otorga-el-titulo-de-basilica-menor-a-la-iglesia-de-la-santa-lugar-de-nacimiento-de-santa-teresa-de-jesus\/\"},\"author\":{\"name\":\"ocd web master\",\"@id\":\"https:\/\/www.carmelitaniscalzi.com\/#\/schema\/person\/6d1c0d9bea7b6625c437246a5d6da409\"},\"headline\":\"\u00c1vila: la Santa Sede otorga el t\u00edtulo de Bas\u00edlica Menor a la Iglesia de La Santa, lugar de nacimiento de Santa Teresa de Jes\u00fas.\",\"datePublished\":\"2022-09-07T15:30:15+00:00\",\"dateModified\":\"2022-09-21T15:30:49+00:00\",\"mainEntityOfPage\":{\"@id\":\"https:\/\/www.carmelitaniscalzi.com\/es\/2022\/09\/07\/avila-la-santa-sede-otorga-el-titulo-de-basilica-menor-a-la-iglesia-de-la-santa-lugar-de-nacimiento-de-santa-teresa-de-jesus\/\"},\"wordCount\":211,\"publisher\":{\"@id\":\"https:\/\/www.carmelitaniscalzi.com\/#organization\"},\"image\":{\"@id\":\"https:\/\/www.carmelitaniscalzi.com\/es\/2022\/09\/07\/avila-la-santa-sede-otorga-el-titulo-de-basilica-menor-a-la-iglesia-de-la-santa-lugar-de-nacimiento-de-santa-teresa-de-jesus\/#primaryimage\"},\"thumbnailUrl\":\"https:\/\/www.carmelitaniscalzi.com\/wp-content\/uploads\/2022\/09\/Cover_Avila_08_2022.jpg\",\"articleSection\":[\"Noticias Frailes\",\"Noticias Monjas\",\"Noticias Prep\u00f3sito General\",\"Noticias\"],\"inLanguage\":\"es\"},{\"@type\":\"WebPage\",\"@id\":\"https:\/\/www.carmelitaniscalzi.com\/es\/2022\/09\/07\/avila-la-santa-sede-otorga-el-titulo-de-basilica-menor-a-la-iglesia-de-la-santa-lugar-de-nacimiento-de-santa-teresa-de-jesus\/\",\"url\":\"https:\/\/www.carmelitaniscalzi.com\/es\/2022\/09\/07\/avila-la-santa-sede-otorga-el-titulo-de-basilica-menor-a-la-iglesia-de-la-santa-lugar-de-nacimiento-de-santa-teresa-de-jesus\/\",\"name\":\"\u00c1vila: la Santa Sede otorga el t\u00edtulo de Bas\u00edlica Menor a la Iglesia de La Santa, lugar de nacimiento de Santa Teresa de Jes\u00fas. - CARMELITAS DESCALZOS\",\"isPartOf\":{\"@id\":\"https:\/\/www.carmelitaniscalzi.com\/#website\"},\"primaryImageOfPage\":{\"@id\":\"https:\/\/www.carmelitaniscalzi.com\/es\/2022\/09\/07\/avila-la-santa-sede-otorga-el-titulo-de-basilica-menor-a-la-iglesia-de-la-santa-lugar-de-nacimiento-de-santa-teresa-de-jesus\/#primaryimage\"},\"image\":{\"@id\":\"https:\/\/www.carmelitaniscalzi.com\/es\/2022\/09\/07\/avila-la-santa-sede-otorga-el-titulo-de-basilica-menor-a-la-iglesia-de-la-santa-lugar-de-nacimiento-de-santa-teresa-de-jesus\/#primaryimage\"},\"thumbnailUrl\":\"https:\/\/www.carmelitaniscalzi.com\/wp-content\/uploads\/2022\/09\/Cover_Avila_08_2022.jpg\",\"datePublished\":\"2022-09-07T15:30:15+00:00\",\"dateModified\":\"2022-09-21T15:30:49+00:00\",\"breadcrumb\":{\"@id\":\"https:\/\/www.carmelitaniscalzi.com\/es\/2022\/09\/07\/avila-la-santa-sede-otorga-el-titulo-de-basilica-menor-a-la-iglesia-de-la-santa-lugar-de-nacimiento-de-santa-teresa-de-jesus\/#breadcrumb\"},\"inLanguage\":\"es\",\"potentialAction\":[{\"@type\":\"ReadAction\",\"target\":[\"https:\/\/www.carmelitaniscalzi.com\/es\/2022\/09\/07\/avila-la-santa-sede-otorga-el-titulo-de-basilica-menor-a-la-iglesia-de-la-santa-lugar-de-nacimiento-de-santa-teresa-de-jesus\/\"]}]},{\"@type\":\"ImageObject\",\"inLanguage\":\"es\",\"@id\":\"https:\/\/www.carmelitaniscalzi.com\/es\/2022\/09\/07\/avila-la-santa-sede-otorga-el-titulo-de-basilica-menor-a-la-iglesia-de-la-santa-lugar-de-nacimiento-de-santa-teresa-de-jesus\/#primaryimage\",\"url\":\"https:\/\/www.carmelitaniscalzi.com\/wp-content\/uploads\/2022\/09\/Cover_Avila_08_2022.jpg\",\"contentUrl\":\"https:\/\/www.carmelitaniscalzi.com\/wp-content\/uploads\/2022\/09\/Cover_Avila_08_2022.jpg\",\"width\":1200,\"height\":800},{\"@type\":\"BreadcrumbList\",\"@id\":\"https:\/\/www.carmelitaniscalzi.com\/es\/2022\/09\/07\/avila-la-santa-sede-otorga-el-titulo-de-basilica-menor-a-la-iglesia-de-la-santa-lugar-de-nacimiento-de-santa-teresa-de-jesus\/#breadcrumb\",\"itemListElement\":[{\"@type\":\"ListItem\",\"position\":1,\"name\":\"Home\",\"item\":\"https:\/\/www.carmelitaniscalzi.com\/es\/\"},{\"@type\":\"ListItem\",\"position\":2,\"name\":\"\u00c1vila: la Santa Sede otorga el t\u00edtulo de Bas\u00edlica Menor a la Iglesia de La Santa, lugar de nacimiento de Santa Teresa de Jes\u00fas.\"}]},{\"@type\":\"WebSite\",\"@id\":\"https:\/\/www.carmelitaniscalzi.com\/#website\",\"url\":\"https:\/\/www.carmelitaniscalzi.com\/\",\"name\":\"CARMELITANI SCALZI - Curia Generale del Carmelo Teresiano\",\"description\":\"Curia General del Carmelo Teresiano\",\"publisher\":{\"@id\":\"https:\/\/www.carmelitaniscalzi.com\/#organization\"},\"alternateName\":\"CARMELITANI SCALZI\",\"potentialAction\":[{\"@type\":\"SearchAction\",\"target\":{\"@type\":\"EntryPoint\",\"urlTemplate\":\"https:\/\/www.carmelitaniscalzi.com\/?s={search_term_string}\"},\"query-input\":{\"@type\":\"PropertyValueSpecification\",\"valueRequired\":true,\"valueName\":\"search_term_string\"}}],\"inLanguage\":\"es\"},{\"@type\":\"Organization\",\"@id\":\"https:\/\/www.carmelitaniscalzi.com\/#organization\",\"name\":\"CARMELITANI SCALZI - Curia Generale del Carmelo Teresiano\",\"url\":\"https:\/\/www.carmelitaniscalzi.com\/\",\"logo\":{\"@type\":\"ImageObject\",\"inLanguage\":\"es\",\"@id\":\"https:\/\/www.carmelitaniscalzi.com\/#\/schema\/logo\/image\/\",\"url\":\"https:\/\/www.carmelitaniscalzi.com\/wp-content\/uploads\/2025\/11\/login-logo.png\",\"contentUrl\":\"https:\/\/www.carmelitaniscalzi.com\/wp-content\/uploads\/2025\/11\/login-logo.png\",\"width\":256,\"height\":256,\"caption\":\"CARMELITANI SCALZI - Curia Generale del Carmelo Teresiano\"},\"image\":{\"@id\":\"https:\/\/www.carmelitaniscalzi.com\/#\/schema\/logo\/image\/\"},\"sameAs\":[\"https:\/\/www.facebook.com\/Curia-Generalizia-Carmelitani-Scalzi-658766940887784\/\",\"https:\/\/x.com\/ocdcuria\",\"https:\/\/www.youtube.com\/channel\/UC2J5ZL0ycOY0qBSTCLX_NGQ\/videos\",\"https:\/\/www.instagram.com\/ocdinform\/\"]},{\"@type\":\"Person\",\"@id\":\"https:\/\/www.carmelitaniscalzi.com\/#\/schema\/person\/6d1c0d9bea7b6625c437246a5d6da409\",\"name\":\"ocd web master\",\"image\":{\"@type\":\"ImageObject\",\"inLanguage\":\"es\",\"@id\":\"https:\/\/www.carmelitaniscalzi.com\/#\/schema\/person\/image\/\",\"url\":\"https:\/\/secure.gravatar.com\/avatar\/41fbc5f82bad909fbaf2984c43fa50d8519ac5853e25b454d022b6868f80d0e7?s=96&d=mm&r=g\",\"contentUrl\":\"https:\/\/secure.gravatar.com\/avatar\/41fbc5f82bad909fbaf2984c43fa50d8519ac5853e25b454d022b6868f80d0e7?s=96&d=mm&r=g\",\"caption\":\"ocd web master\"},\"url\":\"https:\/\/www.carmelitaniscalzi.com\/es\/author\/ocdwebmaster\/\"}]}<\/script>\n<!-- \/ Yoast SEO plugin. -->","yoast_head_json":{"title":"\u00c1vila: la Santa Sede otorga el t\u00edtulo de Bas\u00edlica Menor a la Iglesia de La Santa, lugar de nacimiento de Santa Teresa de Jes\u00fas. - CARMELITAS DESCALZOS","robots":{"index":"index","follow":"follow","max-snippet":"max-snippet:-1","max-image-preview":"max-image-preview:large","max-video-preview":"max-video-preview:-1"},"canonical":"https:\/\/www.carmelitaniscalzi.com\/es\/2022\/09\/07\/avila-la-santa-sede-otorga-el-titulo-de-basilica-menor-a-la-iglesia-de-la-santa-lugar-de-nacimiento-de-santa-teresa-de-jesus\/","og_locale":"es_ES","og_type":"article","og_title":"\u00c1vila: la Santa Sede otorga el t\u00edtulo de Bas\u00edlica Menor a la Iglesia de La Santa, lugar de nacimiento de Santa Teresa de Jes\u00fas. - CARMELITAS DESCALZOS","og_description":"Tras la solicitud formal realizada al Vaticano por el obispo de \u00c1vila, Mons. Gil Tamayo, apoyado por la Orden del Carmelo, el Nuncio de Su Santidad en Espa\u00f1a, dirigi\u00f3 el 13 de julio a Mons. Gil Tamayo el decreto que confiere el t\u00edtulo de Bas\u00edlica Menor \u00aba la iglesia del convento de Santa Teresa de [&hellip;]","og_url":"https:\/\/www.carmelitaniscalzi.com\/es\/2022\/09\/07\/avila-la-santa-sede-otorga-el-titulo-de-basilica-menor-a-la-iglesia-de-la-santa-lugar-de-nacimiento-de-santa-teresa-de-jesus\/","og_site_name":"CARMELITAS DESCALZOS","article_publisher":"https:\/\/www.facebook.com\/Curia-Generalizia-Carmelitani-Scalzi-658766940887784\/","article_published_time":"2022-09-07T15:30:15+00:00","article_modified_time":"2022-09-21T15:30:49+00:00","og_image":[{"width":1200,"height":800,"url":"https:\/\/www.carmelitaniscalzi.com\/wp-content\/uploads\/2022\/09\/Cover_Avila_08_2022.jpg","type":"image\/jpeg"}],"author":"ocd web master","twitter_card":"summary_large_image","twitter_creator":"@ocdcuria","twitter_site":"@ocdcuria","twitter_misc":{"Escrito por":"ocd web master","Tiempo de lectura":"1 minuto"},"schema":{"@context":"https:\/\/schema.org","@graph":[{"@type":"Article","@id":"https:\/\/www.carmelitaniscalzi.com\/es\/2022\/09\/07\/avila-la-santa-sede-otorga-el-titulo-de-basilica-menor-a-la-iglesia-de-la-santa-lugar-de-nacimiento-de-santa-teresa-de-jesus\/#article","isPartOf":{"@id":"https:\/\/www.carmelitaniscalzi.com\/es\/2022\/09\/07\/avila-la-santa-sede-otorga-el-titulo-de-basilica-menor-a-la-iglesia-de-la-santa-lugar-de-nacimiento-de-santa-teresa-de-jesus\/"},"author":{"name":"ocd web master","@id":"https:\/\/www.carmelitaniscalzi.com\/#\/schema\/person\/6d1c0d9bea7b6625c437246a5d6da409"},"headline":"\u00c1vila: la Santa Sede otorga el t\u00edtulo de Bas\u00edlica Menor a la Iglesia de La Santa, lugar de nacimiento de Santa Teresa de Jes\u00fas.","datePublished":"2022-09-07T15:30:15+00:00","dateModified":"2022-09-21T15:30:49+00:00","mainEntityOfPage":{"@id":"https:\/\/www.carmelitaniscalzi.com\/es\/2022\/09\/07\/avila-la-santa-sede-otorga-el-titulo-de-basilica-menor-a-la-iglesia-de-la-santa-lugar-de-nacimiento-de-santa-teresa-de-jesus\/"},"wordCount":211,"publisher":{"@id":"https:\/\/www.carmelitaniscalzi.com\/#organization"},"image":{"@id":"https:\/\/www.carmelitaniscalzi.com\/es\/2022\/09\/07\/avila-la-santa-sede-otorga-el-titulo-de-basilica-menor-a-la-iglesia-de-la-santa-lugar-de-nacimiento-de-santa-teresa-de-jesus\/#primaryimage"},"thumbnailUrl":"https:\/\/www.carmelitaniscalzi.com\/wp-content\/uploads\/2022\/09\/Cover_Avila_08_2022.jpg","articleSection":["Noticias Frailes","Noticias Monjas","Noticias Prep\u00f3sito General","Noticias"],"inLanguage":"es"},{"@type":"WebPage","@id":"https:\/\/www.carmelitaniscalzi.com\/es\/2022\/09\/07\/avila-la-santa-sede-otorga-el-titulo-de-basilica-menor-a-la-iglesia-de-la-santa-lugar-de-nacimiento-de-santa-teresa-de-jesus\/","url":"https:\/\/www.carmelitaniscalzi.com\/es\/2022\/09\/07\/avila-la-santa-sede-otorga-el-titulo-de-basilica-menor-a-la-iglesia-de-la-santa-lugar-de-nacimiento-de-santa-teresa-de-jesus\/","name":"\u00c1vila: la Santa Sede otorga el t\u00edtulo de Bas\u00edlica Menor a la Iglesia de La Santa, lugar de nacimiento de Santa Teresa de Jes\u00fas. - CARMELITAS DESCALZOS","isPartOf":{"@id":"https:\/\/www.carmelitaniscalzi.com\/#website"},"primaryImageOfPage":{"@id":"https:\/\/www.carmelitaniscalzi.com\/es\/2022\/09\/07\/avila-la-santa-sede-otorga-el-titulo-de-basilica-menor-a-la-iglesia-de-la-santa-lugar-de-nacimiento-de-santa-teresa-de-jesus\/#primaryimage"},"image":{"@id":"https:\/\/www.carmelitaniscalzi.com\/es\/2022\/09\/07\/avila-la-santa-sede-otorga-el-titulo-de-basilica-menor-a-la-iglesia-de-la-santa-lugar-de-nacimiento-de-santa-teresa-de-jesus\/#primaryimage"},"thumbnailUrl":"https:\/\/www.carmelitaniscalzi.com\/wp-content\/uploads\/2022\/09\/Cover_Avila_08_2022.jpg","datePublished":"2022-09-07T15:30:15+00:00","dateModified":"2022-09-21T15:30:49+00:00","breadcrumb":{"@id":"https:\/\/www.carmelitaniscalzi.com\/es\/2022\/09\/07\/avila-la-santa-sede-otorga-el-titulo-de-basilica-menor-a-la-iglesia-de-la-santa-lugar-de-nacimiento-de-santa-teresa-de-jesus\/#breadcrumb"},"inLanguage":"es","potentialAction":[{"@type":"ReadAction","target":["https:\/\/www.carmelitaniscalzi.com\/es\/2022\/09\/07\/avila-la-santa-sede-otorga-el-titulo-de-basilica-menor-a-la-iglesia-de-la-santa-lugar-de-nacimiento-de-santa-teresa-de-jesus\/"]}]},{"@type":"ImageObject","inLanguage":"es","@id":"https:\/\/www.carmelitaniscalzi.com\/es\/2022\/09\/07\/avila-la-santa-sede-otorga-el-titulo-de-basilica-menor-a-la-iglesia-de-la-santa-lugar-de-nacimiento-de-santa-teresa-de-jesus\/#primaryimage","url":"https:\/\/www.carmelitaniscalzi.com\/wp-content\/uploads\/2022\/09\/Cover_Avila_08_2022.jpg","contentUrl":"https:\/\/www.carmelitaniscalzi.com\/wp-content\/uploads\/2022\/09\/Cover_Avila_08_2022.jpg","width":1200,"height":800},{"@type":"BreadcrumbList","@id":"https:\/\/www.carmelitaniscalzi.com\/es\/2022\/09\/07\/avila-la-santa-sede-otorga-el-titulo-de-basilica-menor-a-la-iglesia-de-la-santa-lugar-de-nacimiento-de-santa-teresa-de-jesus\/#breadcrumb","itemListElement":[{"@type":"ListItem","position":1,"name":"Home","item":"https:\/\/www.carmelitaniscalzi.com\/es\/"},{"@type":"ListItem","position":2,"name":"\u00c1vila: la Santa Sede otorga el t\u00edtulo de Bas\u00edlica Menor a la Iglesia de La Santa, lugar de nacimiento de Santa Teresa de Jes\u00fas."}]},{"@type":"WebSite","@id":"https:\/\/www.carmelitaniscalzi.com\/#website","url":"https:\/\/www.carmelitaniscalzi.com\/","name":"CARMELITANI SCALZI - Curia Generale del Carmelo Teresiano","description":"Curia General del Carmelo Teresiano","publisher":{"@id":"https:\/\/www.carmelitaniscalzi.com\/#organization"},"alternateName":"CARMELITANI SCALZI","potentialAction":[{"@type":"SearchAction","target":{"@type":"EntryPoint","urlTemplate":"https:\/\/www.carmelitaniscalzi.com\/?s={search_term_string}"},"query-input":{"@type":"PropertyValueSpecification","valueRequired":true,"valueName":"search_term_string"}}],"inLanguage":"es"},{"@type":"Organization","@id":"https:\/\/www.carmelitaniscalzi.com\/#organization","name":"CARMELITANI SCALZI - Curia Generale del Carmelo Teresiano","url":"https:\/\/www.carmelitaniscalzi.com\/","logo":{"@type":"ImageObject","inLanguage":"es","@id":"https:\/\/www.carmelitaniscalzi.com\/#\/schema\/logo\/image\/","url":"https:\/\/www.carmelitaniscalzi.com\/wp-content\/uploads\/2025\/11\/login-logo.png","contentUrl":"https:\/\/www.carmelitaniscalzi.com\/wp-content\/uploads\/2025\/11\/login-logo.png","width":256,"height":256,"caption":"CARMELITANI SCALZI - Curia Generale del Carmelo Teresiano"},"image":{"@id":"https:\/\/www.carmelitaniscalzi.com\/#\/schema\/logo\/image\/"},"sameAs":["https:\/\/www.facebook.com\/Curia-Generalizia-Carmelitani-Scalzi-658766940887784\/","https:\/\/x.com\/ocdcuria","https:\/\/www.youtube.com\/channel\/UC2J5ZL0ycOY0qBSTCLX_NGQ\/videos","https:\/\/www.instagram.com\/ocdinform\/"]},{"@type":"Person","@id":"https:\/\/www.carmelitaniscalzi.com\/#\/schema\/person\/6d1c0d9bea7b6625c437246a5d6da409","name":"ocd web master","image":{"@type":"ImageObject","inLanguage":"es","@id":"https:\/\/www.carmelitaniscalzi.com\/#\/schema\/person\/image\/","url":"https:\/\/secure.gravatar.com\/avatar\/41fbc5f82bad909fbaf2984c43fa50d8519ac5853e25b454d022b6868f80d0e7?s=96&d=mm&r=g","contentUrl":"https:\/\/secure.gravatar.com\/avatar\/41fbc5f82bad909fbaf2984c43fa50d8519ac5853e25b454d022b6868f80d0e7?s=96&d=mm&r=g","caption":"ocd web master"},"url":"https:\/\/www.carmelitaniscalzi.com\/es\/author\/ocdwebmaster\/"}]}},"_links":{"self":[{"href":"https:\/\/www.carmelitaniscalzi.com\/es\/wp-json\/wp\/v2\/posts\/170125","targetHints":{"allow":["GET"]}}],"collection":[{"href":"https:\/\/www.carmelitaniscalzi.com\/es\/wp-json\/wp\/v2\/posts"}],"about":[{"href":"https:\/\/www.carmelitaniscalzi.com\/es\/wp-json\/wp\/v2\/types\/post"}],"author":[{"embeddable":true,"href":"https:\/\/www.carmelitaniscalzi.com\/es\/wp-json\/wp\/v2\/users\/7"}],"replies":[{"embeddable":true,"href":"https:\/\/www.carmelitaniscalzi.com\/es\/wp-json\/wp\/v2\/comments?post=170125"}],"version-history":[{"count":1,"href":"https:\/\/www.carmelitaniscalzi.com\/es\/wp-json\/wp\/v2\/posts\/170125\/revisions"}],"predecessor-version":[{"id":170126,"href":"https:\/\/www.carmelitaniscalzi.com\/es\/wp-json\/wp\/v2\/posts\/170125\/revisions\/170126"}],"wp:featuredmedia":[{"embeddable":true,"href":"https:\/\/www.carmelitaniscalzi.com\/es\/wp-json\/wp\/v2\/media\/170054"}],"wp:attachment":[{"href":"https:\/\/www.carmelitaniscalzi.com\/es\/wp-json\/wp\/v2\/media?parent=170125"}],"wp:term":[{"taxonomy":"category","embeddable":true,"href":"https:\/\/www.carmelitaniscalzi.com\/es\/wp-json\/wp\/v2\/categories?post=170125"},{"taxonomy":"post_tag","embeddable":true,"href":"https:\/\/www.carmelitaniscalzi.com\/es\/wp-json\/wp\/v2\/tags?post=170125"}],"curies":[{"name":"wp","href":"https:\/\/api.w.org\/{rel}","templated":true}]}}