{"id":161056,"date":"2022-07-23T00:30:29","date_gmt":"2022-07-22T22:30:29","guid":{"rendered":"https:\/\/www.carmelitaniscalzi.com\/?p=161056"},"modified":"2022-07-19T14:22:23","modified_gmt":"2022-07-19T12:22:23","slug":"filipinas-celebracion-de-los-75-anos-de-presencia-carmelitana","status":"publish","type":"post","link":"https:\/\/www.carmelitaniscalzi.com\/es\/2022\/07\/23\/filipinas-celebracion-de-los-75-anos-de-presencia-carmelitana\/","title":{"rendered":"Filipinas: Celebraci\u00f3n de los 75 a\u00f1os de presencia carmelitana"},"content":{"rendered":"<p>Mientras la Iglesia universal celebraba la solemnidad de Pentecost\u00e9s el pasado 6 de junio, la Provincia de Santa Teresa de Jes\u00fas celebr\u00f3 con gratitud el 75\u00a0aniversario de la presencia de los carmelitas en Filipinas.<\/p>\n<p>Todo comenz\u00f3 en 1947, cuando el la abundancia contemplativa de 6 hermanos de la provincia de Washington se expres\u00f3 en un ardiente celo misionero. Trabajaban en las parroquias m\u00e1s \u00ababandonadas\u00bb de la prefectura de Infanta. Tiempo despu\u00e9s, el nuncio apost\u00f3lico en Filipinas, Mons. Egidio Vagnozzi, pidi\u00f3 al Superior General de los Carmelitas Descalzos, Padre Silverio de Santa Teresa, que los carmelitas pudieran hacer una nueva fundaci\u00f3n en Filipinas. Esto fue posible gracias a la Provincia Anglo-Irlandesa que accedi\u00f3 a enviar tres hermanos. Estos tres carmelitas irlandeses pusieron en marcha la fundaci\u00f3n en el coraz\u00f3n del pa\u00eds, principalmente trabajando con los carmelitas y los seglares y animando retiros espirituales. Estos dos grupos de misioneras carmelitas trabajaron juntos nuestra tierra espiritual.<\/p>\n<p>Su trabajo y sacrificio estaban en el coraz\u00f3n de estas festividades. En la ciudad de Bacolod se celebr\u00f3 un triduo enfatizando la importancia de la misi\u00f3n en la Iglesia. La \u00faltima misa finaliz\u00f3 con una procesi\u00f3n en honor a los santos de la Orden del Carmelo Descalzo. En Manila y otros lugares, se realiz\u00f3 y public\u00f3 un video conmemorativo de la misi\u00f3n estadounidense despu\u00e9s de la misa. Las festividades culminaron con la Eucarist\u00eda presidida por el P. Junjun Agruda,\u00a0ocd, rodeado de hermanos de las diferentes comunidades, as\u00ed como con el mensaje de acci\u00f3n de gracias del Provincial, P. Danilo Lim\u00a0ocd.<\/p>\n<p>Actualmente, la Provincia de Filipinas est\u00e1 compuesta por 49 hermanos de votos solemnes, 17 hermanos estudiantes, 9 novicios y 8 postulantes. Ahora, con gratitud y celo, la Provincia contin\u00faa la obra iniciada por la oraci\u00f3n de nuestros santos padres, Santa Teresa de Jes\u00fas y San Juan de la Cruz, y su actualizaci\u00f3n a trav\u00e9s de los misioneros americanos e irlandeses.<\/p>\n<p>&nbsp;<\/p>\n<div class=\"wpmf-gallerys wpmf-gallerys-life \" ><div id=\"gallery-1\"\n data-gutter-width=\"5\"\n  data-wpmfcolumns=\"6\" class=\"wpmf-gallery gallery-link-file gallery_life gallery-masonry gallery-columns-6 gallery-size-thumbnail wpmf-gallery-bottomspace-default wpmf-gallery-clear wpmf-has-border-radius-0 wpmf-gutterwidth-5\"><div class=\"wpmf-gallery-item\n     wpmf-gallery-item-position-0 wpmf-gallery-item-attachment-160895\" data-index=\"0\"><div class=\"wpmf-gallery-icon\"><a class=\" not_video noLightbox\" data-lightbox=\"1\" data-href=\"https:\/\/www.carmelitaniscalzi.com\/wp-content\/uploads\/2022\/07\/Filippine-1-1024x683.jpg\" title=\"Filippine 1\" target=\"_self\" data-index=\"0\"><img decoding=\"async\" class=\"wpmf_img\" alt=\"Filippine 1\" src=\"https:\/\/www.carmelitaniscalzi.com\/wp-content\/uploads\/2022\/07\/Filippine-1-150x150.jpg\" data-type=\"wpmfgalleryimg\" data-lazy-src=\"https:\/\/www.carmelitaniscalzi.com\/wp-content\/uploads\/2022\/07\/Filippine-1-150x150.jpg\"><\/a><\/div><\/div><div class=\"wpmf-gallery-item\n     wpmf-gallery-item-position-1 wpmf-gallery-item-attachment-160901\" data-index=\"1\"><div class=\"wpmf-gallery-icon\"><a class=\" not_video noLightbox\" data-lightbox=\"1\" data-href=\"https:\/\/www.carmelitaniscalzi.com\/wp-content\/uploads\/2022\/07\/Filippine-2-1024x683.jpg\" title=\"Filippine 2\" target=\"_self\" data-index=\"1\"><img decoding=\"async\" class=\"wpmf_img\" alt=\"Filippine 2\" src=\"https:\/\/www.carmelitaniscalzi.com\/wp-content\/uploads\/2022\/07\/Filippine-2-150x150.jpg\" data-type=\"wpmfgalleryimg\" data-lazy-src=\"https:\/\/www.carmelitaniscalzi.com\/wp-content\/uploads\/2022\/07\/Filippine-2-150x150.jpg\"><\/a><\/div><\/div><div class=\"wpmf-gallery-item\n     wpmf-gallery-item-position-2 wpmf-gallery-item-attachment-160907\" data-index=\"2\"><div class=\"wpmf-gallery-icon\"><a class=\" not_video noLightbox\" data-lightbox=\"1\" data-href=\"https:\/\/www.carmelitaniscalzi.com\/wp-content\/uploads\/2022\/07\/Filippine-3-1024x684.jpg\" title=\"Filippine 3\" target=\"_self\" data-index=\"2\"><img decoding=\"async\" class=\"wpmf_img\" alt=\"Filippine 3\" src=\"https:\/\/www.carmelitaniscalzi.com\/wp-content\/uploads\/2022\/07\/Filippine-3-150x150.jpg\" data-type=\"wpmfgalleryimg\" data-lazy-src=\"https:\/\/www.carmelitaniscalzi.com\/wp-content\/uploads\/2022\/07\/Filippine-3-150x150.jpg\"><\/a><\/div><\/div><div class=\"wpmf-gallery-item\n     wpmf-gallery-item-position-3 wpmf-gallery-item-attachment-160913\" data-index=\"3\"><div class=\"wpmf-gallery-icon\"><a class=\" not_video noLightbox\" data-lightbox=\"1\" data-href=\"https:\/\/www.carmelitaniscalzi.com\/wp-content\/uploads\/2022\/07\/Filippine-4-1024x683.jpg\" title=\"Filippine 4\" target=\"_self\" data-index=\"3\"><img decoding=\"async\" class=\"wpmf_img\" alt=\"Filippine 4\" src=\"https:\/\/www.carmelitaniscalzi.com\/wp-content\/uploads\/2022\/07\/Filippine-4-150x150.jpg\" data-type=\"wpmfgalleryimg\" data-lazy-src=\"https:\/\/www.carmelitaniscalzi.com\/wp-content\/uploads\/2022\/07\/Filippine-4-150x150.jpg\"><\/a><\/div><\/div><div class=\"wpmf-gallery-item\n     wpmf-gallery-item-position-4 wpmf-gallery-item-attachment-160919\" data-index=\"4\"><div class=\"wpmf-gallery-icon\"><a class=\" not_video noLightbox\" data-lightbox=\"1\" data-href=\"https:\/\/www.carmelitaniscalzi.com\/wp-content\/uploads\/2022\/07\/Filippine-5-1024x683.jpg\" title=\"Filippine 5\" target=\"_self\" data-index=\"4\"><img decoding=\"async\" class=\"wpmf_img\" alt=\"Filippine 5\" src=\"https:\/\/www.carmelitaniscalzi.com\/wp-content\/uploads\/2022\/07\/Filippine-5-150x150.jpg\" data-type=\"wpmfgalleryimg\" data-lazy-src=\"https:\/\/www.carmelitaniscalzi.com\/wp-content\/uploads\/2022\/07\/Filippine-5-150x150.jpg\"><\/a><\/div><\/div><div class=\"wpmf-gallery-item\n     wpmf-gallery-item-position-5 wpmf-gallery-item-attachment-160925\" data-index=\"5\"><div class=\"wpmf-gallery-icon\"><a class=\" not_video noLightbox\" data-lightbox=\"1\" data-href=\"https:\/\/www.carmelitaniscalzi.com\/wp-content\/uploads\/2022\/07\/Filippine-6-1024x682.jpg\" title=\"Filippine 6\" target=\"_self\" data-index=\"5\"><img decoding=\"async\" class=\"wpmf_img\" alt=\"Filippine 6\" src=\"https:\/\/www.carmelitaniscalzi.com\/wp-content\/uploads\/2022\/07\/Filippine-6-150x150.jpg\" data-type=\"wpmfgalleryimg\" data-lazy-src=\"https:\/\/www.carmelitaniscalzi.com\/wp-content\/uploads\/2022\/07\/Filippine-6-150x150.jpg\"><\/a><\/div><\/div><div class=\"wpmf-gallery-item\n     wpmf-gallery-item-position-6 wpmf-gallery-item-attachment-160931\" data-index=\"6\"><div class=\"wpmf-gallery-icon\"><a class=\" not_video noLightbox\" data-lightbox=\"1\" data-href=\"https:\/\/www.carmelitaniscalzi.com\/wp-content\/uploads\/2022\/07\/Filippine-7-1024x685.jpg\" title=\"Filippine 7\" target=\"_self\" data-index=\"6\"><img decoding=\"async\" class=\"wpmf_img\" alt=\"Filippine 7\" src=\"https:\/\/www.carmelitaniscalzi.com\/wp-content\/uploads\/2022\/07\/Filippine-7-150x150.jpg\" data-type=\"wpmfgalleryimg\" data-lazy-src=\"https:\/\/www.carmelitaniscalzi.com\/wp-content\/uploads\/2022\/07\/Filippine-7-150x150.jpg\"><\/a><\/div><\/div><div class=\"wpmf-gallery-item\n     wpmf-gallery-item-position-7 wpmf-gallery-item-attachment-160937\" data-index=\"7\"><div class=\"wpmf-gallery-icon\"><a class=\" not_video noLightbox\" data-lightbox=\"1\" data-href=\"https:\/\/www.carmelitaniscalzi.com\/wp-content\/uploads\/2022\/07\/Filippine-8-1024x685.jpg\" title=\"Filippine 8\" target=\"_self\" data-index=\"7\"><img decoding=\"async\" class=\"wpmf_img\" alt=\"Filippine 8\" src=\"https:\/\/www.carmelitaniscalzi.com\/wp-content\/uploads\/2022\/07\/Filippine-8-150x150.jpg\" data-type=\"wpmfgalleryimg\" data-lazy-src=\"https:\/\/www.carmelitaniscalzi.com\/wp-content\/uploads\/2022\/07\/Filippine-8-150x150.jpg\"><\/a><\/div><\/div><div class=\"wpmf-gallery-item\n     wpmf-gallery-item-position-8 wpmf-gallery-item-attachment-160943\" data-index=\"8\"><div class=\"wpmf-gallery-icon\"><a class=\" not_video noLightbox\" data-lightbox=\"1\" data-href=\"https:\/\/www.carmelitaniscalzi.com\/wp-content\/uploads\/2022\/07\/Filippine-9-1024x685.jpg\" title=\"Filippine 9\" target=\"_self\" data-index=\"8\"><img decoding=\"async\" class=\"wpmf_img\" alt=\"Filippine 9\" src=\"https:\/\/www.carmelitaniscalzi.com\/wp-content\/uploads\/2022\/07\/Filippine-9-150x150.jpg\" data-type=\"wpmfgalleryimg\" data-lazy-src=\"https:\/\/www.carmelitaniscalzi.com\/wp-content\/uploads\/2022\/07\/Filippine-9-150x150.jpg\"><\/a><\/div><\/div><div class=\"wpmf-gallery-item\n     wpmf-gallery-item-position-9 wpmf-gallery-item-attachment-160949\" data-index=\"9\"><div class=\"wpmf-gallery-icon\"><a class=\" not_video noLightbox\" data-lightbox=\"1\" data-href=\"https:\/\/www.carmelitaniscalzi.com\/wp-content\/uploads\/2022\/07\/Filippine-10-1024x685.jpg\" title=\"Filippine 10\" target=\"_self\" data-index=\"9\"><img decoding=\"async\" class=\"wpmf_img\" alt=\"Filippine 10\" src=\"https:\/\/www.carmelitaniscalzi.com\/wp-content\/uploads\/2022\/07\/Filippine-10-150x150.jpg\" data-type=\"wpmfgalleryimg\" data-lazy-src=\"https:\/\/www.carmelitaniscalzi.com\/wp-content\/uploads\/2022\/07\/Filippine-10-150x150.jpg\"><\/a><\/div><\/div><div class=\"wpmf-gallery-item\n     wpmf-gallery-item-position-10 wpmf-gallery-item-attachment-160955\" data-index=\"10\"><div class=\"wpmf-gallery-icon\"><a class=\" not_video noLightbox\" data-lightbox=\"1\" data-href=\"https:\/\/www.carmelitaniscalzi.com\/wp-content\/uploads\/2022\/07\/Filippine-11-1024x685.jpg\" title=\"Filippine 11\" target=\"_self\" data-index=\"10\"><img decoding=\"async\" class=\"wpmf_img\" alt=\"Filippine 11\" src=\"https:\/\/www.carmelitaniscalzi.com\/wp-content\/uploads\/2022\/07\/Filippine-11-150x150.jpg\" data-type=\"wpmfgalleryimg\" data-lazy-src=\"https:\/\/www.carmelitaniscalzi.com\/wp-content\/uploads\/2022\/07\/Filippine-11-150x150.jpg\"><\/a><\/div><\/div><div class=\"wpmf-gallery-item\n     wpmf-gallery-item-position-11 wpmf-gallery-item-attachment-160961\" data-index=\"11\"><div class=\"wpmf-gallery-icon\"><a class=\" not_video noLightbox\" data-lightbox=\"1\" data-href=\"https:\/\/www.carmelitaniscalzi.com\/wp-content\/uploads\/2022\/07\/Filippine-12-1024x685.jpg\" title=\"Filippine 12\" target=\"_self\" data-index=\"11\"><img decoding=\"async\" class=\"wpmf_img\" alt=\"Filippine 12\" src=\"https:\/\/www.carmelitaniscalzi.com\/wp-content\/uploads\/2022\/07\/Filippine-12-150x150.jpg\" data-type=\"wpmfgalleryimg\" data-lazy-src=\"https:\/\/www.carmelitaniscalzi.com\/wp-content\/uploads\/2022\/07\/Filippine-12-150x150.jpg\"><\/a><\/div><\/div><div class=\"wpmf-gallery-item\n     wpmf-gallery-item-position-12 wpmf-gallery-item-attachment-160967\" data-index=\"12\"><div class=\"wpmf-gallery-icon\"><a class=\" not_video noLightbox\" data-lightbox=\"1\" data-href=\"https:\/\/www.carmelitaniscalzi.com\/wp-content\/uploads\/2022\/07\/Filippine-13-1024x685.jpg\" title=\"Filippine 13\" target=\"_self\" data-index=\"12\"><img decoding=\"async\" class=\"wpmf_img\" alt=\"Filippine 13\" src=\"https:\/\/www.carmelitaniscalzi.com\/wp-content\/uploads\/2022\/07\/Filippine-13-150x150.jpg\" data-type=\"wpmfgalleryimg\" data-lazy-src=\"https:\/\/www.carmelitaniscalzi.com\/wp-content\/uploads\/2022\/07\/Filippine-13-150x150.jpg\"><\/a><\/div><\/div><div class=\"wpmf-gallery-item\n     wpmf-gallery-item-position-13 wpmf-gallery-item-attachment-160973\" data-index=\"13\"><div class=\"wpmf-gallery-icon\"><a class=\" not_video noLightbox\" data-lightbox=\"1\" data-href=\"https:\/\/www.carmelitaniscalzi.com\/wp-content\/uploads\/2022\/07\/Filippine-14-1024x685.jpg\" title=\"Filippine 14\" target=\"_self\" data-index=\"13\"><img decoding=\"async\" class=\"wpmf_img\" alt=\"Filippine 14\" src=\"https:\/\/www.carmelitaniscalzi.com\/wp-content\/uploads\/2022\/07\/Filippine-14-150x150.jpg\" data-type=\"wpmfgalleryimg\" data-lazy-src=\"https:\/\/www.carmelitaniscalzi.com\/wp-content\/uploads\/2022\/07\/Filippine-14-150x150.jpg\"><\/a><\/div><\/div><div class=\"wpmf-gallery-item\n     wpmf-gallery-item-position-14 wpmf-gallery-item-attachment-160979\" data-index=\"14\"><div class=\"wpmf-gallery-icon\"><a class=\" not_video noLightbox\" data-lightbox=\"1\" data-href=\"https:\/\/www.carmelitaniscalzi.com\/wp-content\/uploads\/2022\/07\/Filippine-15-1024x685.jpg\" title=\"Filippine 15\" target=\"_self\" data-index=\"14\"><img decoding=\"async\" class=\"wpmf_img\" alt=\"Filippine 15\" src=\"https:\/\/www.carmelitaniscalzi.com\/wp-content\/uploads\/2022\/07\/Filippine-15-150x150.jpg\" data-type=\"wpmfgalleryimg\" data-lazy-src=\"https:\/\/www.carmelitaniscalzi.com\/wp-content\/uploads\/2022\/07\/Filippine-15-150x150.jpg\"><\/a><\/div><\/div><\/div><\/div>\n\n","protected":false},"excerpt":{"rendered":"<p>Mientras la Iglesia universal celebraba la solemnidad de Pentecost\u00e9s el pasado 6 de junio, la Provincia de Santa Teresa de Jes\u00fas celebr\u00f3 con gratitud el 75\u00a0aniversario de la presencia de los carmelitas en Filipinas. Todo comenz\u00f3 en 1947, cuando el la abundancia contemplativa de 6 hermanos de la provincia de Washington se expres\u00f3 en un [&hellip;]<\/p>\n","protected":false},"author":7,"featured_media":160889,"comment_status":"closed","ping_status":"open","sticky":false,"template":"","format":"standard","meta":{"_acf_changed":false,"footnotes":""},"categories":[174,176,263,372],"tags":[],"class_list":["post-161056","post","type-post","status-publish","format-standard","has-post-thumbnail","hentry","category-noticias-frailes","category-noticias-monjas","category-noticias-ocds","category-noticias"],"acf":[],"yoast_head":"<!-- This site is optimized with the Yoast SEO plugin v26.3 - https:\/\/yoast.com\/wordpress\/plugins\/seo\/ -->\n<title>Filipinas: Celebraci\u00f3n de los 75 a\u00f1os de presencia carmelitana - CARMELITAS DESCALZOS<\/title>\n<meta name=\"robots\" content=\"index, follow, max-snippet:-1, max-image-preview:large, max-video-preview:-1\" \/>\n<link rel=\"canonical\" href=\"https:\/\/www.carmelitaniscalzi.com\/es\/2022\/07\/23\/filipinas-celebracion-de-los-75-anos-de-presencia-carmelitana\/\" \/>\n<meta property=\"og:locale\" content=\"es_ES\" \/>\n<meta property=\"og:type\" content=\"article\" \/>\n<meta property=\"og:title\" content=\"Filipinas: Celebraci\u00f3n de los 75 a\u00f1os de presencia carmelitana - CARMELITAS DESCALZOS\" \/>\n<meta property=\"og:description\" content=\"Mientras la Iglesia universal celebraba la solemnidad de Pentecost\u00e9s el pasado 6 de junio, la Provincia de Santa Teresa de Jes\u00fas celebr\u00f3 con gratitud el 75\u00a0aniversario de la presencia de los carmelitas en Filipinas. Todo comenz\u00f3 en 1947, cuando el la abundancia contemplativa de 6 hermanos de la provincia de Washington se expres\u00f3 en un [&hellip;]\" \/>\n<meta property=\"og:url\" content=\"https:\/\/www.carmelitaniscalzi.com\/es\/2022\/07\/23\/filipinas-celebracion-de-los-75-anos-de-presencia-carmelitana\/\" \/>\n<meta property=\"og:site_name\" content=\"CARMELITAS DESCALZOS\" \/>\n<meta property=\"article:publisher\" content=\"https:\/\/www.facebook.com\/Curia-Generalizia-Carmelitani-Scalzi-658766940887784\/\" \/>\n<meta property=\"article:published_time\" content=\"2022-07-22T22:30:29+00:00\" \/>\n<meta property=\"og:image\" content=\"https:\/\/www.carmelitaniscalzi.com\/wp-content\/uploads\/2022\/07\/Cover_Filippine_06.2022.jpg\" \/>\n\t<meta property=\"og:image:width\" content=\"1200\" \/>\n\t<meta property=\"og:image:height\" content=\"800\" \/>\n\t<meta property=\"og:image:type\" content=\"image\/jpeg\" \/>\n<meta name=\"author\" content=\"ocd web master\" \/>\n<meta name=\"twitter:card\" content=\"summary_large_image\" \/>\n<meta name=\"twitter:creator\" content=\"@ocdcuria\" \/>\n<meta name=\"twitter:site\" content=\"@ocdcuria\" \/>\n<meta name=\"twitter:label1\" content=\"Escrito por\" \/>\n\t<meta name=\"twitter:data1\" content=\"ocd web master\" \/>\n\t<meta name=\"twitter:label2\" content=\"Tiempo de lectura\" \/>\n\t<meta name=\"twitter:data2\" content=\"2 minutos\" \/>\n<script type=\"application\/ld+json\" class=\"yoast-schema-graph\">{\"@context\":\"https:\/\/schema.org\",\"@graph\":[{\"@type\":\"Article\",\"@id\":\"https:\/\/www.carmelitaniscalzi.com\/es\/2022\/07\/23\/filipinas-celebracion-de-los-75-anos-de-presencia-carmelitana\/#article\",\"isPartOf\":{\"@id\":\"https:\/\/www.carmelitaniscalzi.com\/es\/2022\/07\/23\/filipinas-celebracion-de-los-75-anos-de-presencia-carmelitana\/\"},\"author\":{\"name\":\"ocd web master\",\"@id\":\"https:\/\/www.carmelitaniscalzi.com\/#\/schema\/person\/6d1c0d9bea7b6625c437246a5d6da409\"},\"headline\":\"Filipinas: Celebraci\u00f3n de los 75 a\u00f1os de presencia carmelitana\",\"datePublished\":\"2022-07-22T22:30:29+00:00\",\"mainEntityOfPage\":{\"@id\":\"https:\/\/www.carmelitaniscalzi.com\/es\/2022\/07\/23\/filipinas-celebracion-de-los-75-anos-de-presencia-carmelitana\/\"},\"wordCount\":350,\"publisher\":{\"@id\":\"https:\/\/www.carmelitaniscalzi.com\/#organization\"},\"image\":{\"@id\":\"https:\/\/www.carmelitaniscalzi.com\/es\/2022\/07\/23\/filipinas-celebracion-de-los-75-anos-de-presencia-carmelitana\/#primaryimage\"},\"thumbnailUrl\":\"https:\/\/www.carmelitaniscalzi.com\/wp-content\/uploads\/2022\/07\/Cover_Filippine_06.2022.jpg\",\"articleSection\":[\"Noticias Frailes\",\"Noticias Monjas\",\"Noticias OCDS\",\"Noticias\"],\"inLanguage\":\"es\"},{\"@type\":\"WebPage\",\"@id\":\"https:\/\/www.carmelitaniscalzi.com\/es\/2022\/07\/23\/filipinas-celebracion-de-los-75-anos-de-presencia-carmelitana\/\",\"url\":\"https:\/\/www.carmelitaniscalzi.com\/es\/2022\/07\/23\/filipinas-celebracion-de-los-75-anos-de-presencia-carmelitana\/\",\"name\":\"Filipinas: Celebraci\u00f3n de los 75 a\u00f1os de presencia carmelitana - CARMELITAS DESCALZOS\",\"isPartOf\":{\"@id\":\"https:\/\/www.carmelitaniscalzi.com\/#website\"},\"primaryImageOfPage\":{\"@id\":\"https:\/\/www.carmelitaniscalzi.com\/es\/2022\/07\/23\/filipinas-celebracion-de-los-75-anos-de-presencia-carmelitana\/#primaryimage\"},\"image\":{\"@id\":\"https:\/\/www.carmelitaniscalzi.com\/es\/2022\/07\/23\/filipinas-celebracion-de-los-75-anos-de-presencia-carmelitana\/#primaryimage\"},\"thumbnailUrl\":\"https:\/\/www.carmelitaniscalzi.com\/wp-content\/uploads\/2022\/07\/Cover_Filippine_06.2022.jpg\",\"datePublished\":\"2022-07-22T22:30:29+00:00\",\"breadcrumb\":{\"@id\":\"https:\/\/www.carmelitaniscalzi.com\/es\/2022\/07\/23\/filipinas-celebracion-de-los-75-anos-de-presencia-carmelitana\/#breadcrumb\"},\"inLanguage\":\"es\",\"potentialAction\":[{\"@type\":\"ReadAction\",\"target\":[\"https:\/\/www.carmelitaniscalzi.com\/es\/2022\/07\/23\/filipinas-celebracion-de-los-75-anos-de-presencia-carmelitana\/\"]}]},{\"@type\":\"ImageObject\",\"inLanguage\":\"es\",\"@id\":\"https:\/\/www.carmelitaniscalzi.com\/es\/2022\/07\/23\/filipinas-celebracion-de-los-75-anos-de-presencia-carmelitana\/#primaryimage\",\"url\":\"https:\/\/www.carmelitaniscalzi.com\/wp-content\/uploads\/2022\/07\/Cover_Filippine_06.2022.jpg\",\"contentUrl\":\"https:\/\/www.carmelitaniscalzi.com\/wp-content\/uploads\/2022\/07\/Cover_Filippine_06.2022.jpg\",\"width\":1200,\"height\":800},{\"@type\":\"BreadcrumbList\",\"@id\":\"https:\/\/www.carmelitaniscalzi.com\/es\/2022\/07\/23\/filipinas-celebracion-de-los-75-anos-de-presencia-carmelitana\/#breadcrumb\",\"itemListElement\":[{\"@type\":\"ListItem\",\"position\":1,\"name\":\"Home\",\"item\":\"https:\/\/www.carmelitaniscalzi.com\/es\/\"},{\"@type\":\"ListItem\",\"position\":2,\"name\":\"Filipinas: Celebraci\u00f3n de los 75 a\u00f1os de presencia carmelitana\"}]},{\"@type\":\"WebSite\",\"@id\":\"https:\/\/www.carmelitaniscalzi.com\/#website\",\"url\":\"https:\/\/www.carmelitaniscalzi.com\/\",\"name\":\"CARMELITANI SCALZI - Curia Generale del Carmelo Teresiano\",\"description\":\"Curia General del Carmelo Teresiano\",\"publisher\":{\"@id\":\"https:\/\/www.carmelitaniscalzi.com\/#organization\"},\"alternateName\":\"CARMELITANI SCALZI\",\"potentialAction\":[{\"@type\":\"SearchAction\",\"target\":{\"@type\":\"EntryPoint\",\"urlTemplate\":\"https:\/\/www.carmelitaniscalzi.com\/?s={search_term_string}\"},\"query-input\":{\"@type\":\"PropertyValueSpecification\",\"valueRequired\":true,\"valueName\":\"search_term_string\"}}],\"inLanguage\":\"es\"},{\"@type\":\"Organization\",\"@id\":\"https:\/\/www.carmelitaniscalzi.com\/#organization\",\"name\":\"CARMELITANI SCALZI - Curia Generale del Carmelo Teresiano\",\"url\":\"https:\/\/www.carmelitaniscalzi.com\/\",\"logo\":{\"@type\":\"ImageObject\",\"inLanguage\":\"es\",\"@id\":\"https:\/\/www.carmelitaniscalzi.com\/#\/schema\/logo\/image\/\",\"url\":\"https:\/\/www.carmelitaniscalzi.com\/wp-content\/uploads\/2025\/11\/login-logo.png\",\"contentUrl\":\"https:\/\/www.carmelitaniscalzi.com\/wp-content\/uploads\/2025\/11\/login-logo.png\",\"width\":256,\"height\":256,\"caption\":\"CARMELITANI SCALZI - Curia Generale del Carmelo Teresiano\"},\"image\":{\"@id\":\"https:\/\/www.carmelitaniscalzi.com\/#\/schema\/logo\/image\/\"},\"sameAs\":[\"https:\/\/www.facebook.com\/Curia-Generalizia-Carmelitani-Scalzi-658766940887784\/\",\"https:\/\/x.com\/ocdcuria\",\"https:\/\/www.youtube.com\/channel\/UC2J5ZL0ycOY0qBSTCLX_NGQ\/videos\",\"https:\/\/www.instagram.com\/ocdinform\/\"]},{\"@type\":\"Person\",\"@id\":\"https:\/\/www.carmelitaniscalzi.com\/#\/schema\/person\/6d1c0d9bea7b6625c437246a5d6da409\",\"name\":\"ocd web master\",\"image\":{\"@type\":\"ImageObject\",\"inLanguage\":\"es\",\"@id\":\"https:\/\/www.carmelitaniscalzi.com\/#\/schema\/person\/image\/\",\"url\":\"https:\/\/secure.gravatar.com\/avatar\/41fbc5f82bad909fbaf2984c43fa50d8519ac5853e25b454d022b6868f80d0e7?s=96&d=mm&r=g\",\"contentUrl\":\"https:\/\/secure.gravatar.com\/avatar\/41fbc5f82bad909fbaf2984c43fa50d8519ac5853e25b454d022b6868f80d0e7?s=96&d=mm&r=g\",\"caption\":\"ocd web master\"},\"url\":\"https:\/\/www.carmelitaniscalzi.com\/es\/author\/ocdwebmaster\/\"}]}<\/script>\n<!-- \/ Yoast SEO plugin. -->","yoast_head_json":{"title":"Filipinas: Celebraci\u00f3n de los 75 a\u00f1os de presencia carmelitana - CARMELITAS DESCALZOS","robots":{"index":"index","follow":"follow","max-snippet":"max-snippet:-1","max-image-preview":"max-image-preview:large","max-video-preview":"max-video-preview:-1"},"canonical":"https:\/\/www.carmelitaniscalzi.com\/es\/2022\/07\/23\/filipinas-celebracion-de-los-75-anos-de-presencia-carmelitana\/","og_locale":"es_ES","og_type":"article","og_title":"Filipinas: Celebraci\u00f3n de los 75 a\u00f1os de presencia carmelitana - CARMELITAS DESCALZOS","og_description":"Mientras la Iglesia universal celebraba la solemnidad de Pentecost\u00e9s el pasado 6 de junio, la Provincia de Santa Teresa de Jes\u00fas celebr\u00f3 con gratitud el 75\u00a0aniversario de la presencia de los carmelitas en Filipinas. Todo comenz\u00f3 en 1947, cuando el la abundancia contemplativa de 6 hermanos de la provincia de Washington se expres\u00f3 en un [&hellip;]","og_url":"https:\/\/www.carmelitaniscalzi.com\/es\/2022\/07\/23\/filipinas-celebracion-de-los-75-anos-de-presencia-carmelitana\/","og_site_name":"CARMELITAS DESCALZOS","article_publisher":"https:\/\/www.facebook.com\/Curia-Generalizia-Carmelitani-Scalzi-658766940887784\/","article_published_time":"2022-07-22T22:30:29+00:00","og_image":[{"width":1200,"height":800,"url":"https:\/\/www.carmelitaniscalzi.com\/wp-content\/uploads\/2022\/07\/Cover_Filippine_06.2022.jpg","type":"image\/jpeg"}],"author":"ocd web master","twitter_card":"summary_large_image","twitter_creator":"@ocdcuria","twitter_site":"@ocdcuria","twitter_misc":{"Escrito por":"ocd web master","Tiempo de lectura":"2 minutos"},"schema":{"@context":"https:\/\/schema.org","@graph":[{"@type":"Article","@id":"https:\/\/www.carmelitaniscalzi.com\/es\/2022\/07\/23\/filipinas-celebracion-de-los-75-anos-de-presencia-carmelitana\/#article","isPartOf":{"@id":"https:\/\/www.carmelitaniscalzi.com\/es\/2022\/07\/23\/filipinas-celebracion-de-los-75-anos-de-presencia-carmelitana\/"},"author":{"name":"ocd web master","@id":"https:\/\/www.carmelitaniscalzi.com\/#\/schema\/person\/6d1c0d9bea7b6625c437246a5d6da409"},"headline":"Filipinas: Celebraci\u00f3n de los 75 a\u00f1os de presencia carmelitana","datePublished":"2022-07-22T22:30:29+00:00","mainEntityOfPage":{"@id":"https:\/\/www.carmelitaniscalzi.com\/es\/2022\/07\/23\/filipinas-celebracion-de-los-75-anos-de-presencia-carmelitana\/"},"wordCount":350,"publisher":{"@id":"https:\/\/www.carmelitaniscalzi.com\/#organization"},"image":{"@id":"https:\/\/www.carmelitaniscalzi.com\/es\/2022\/07\/23\/filipinas-celebracion-de-los-75-anos-de-presencia-carmelitana\/#primaryimage"},"thumbnailUrl":"https:\/\/www.carmelitaniscalzi.com\/wp-content\/uploads\/2022\/07\/Cover_Filippine_06.2022.jpg","articleSection":["Noticias Frailes","Noticias Monjas","Noticias OCDS","Noticias"],"inLanguage":"es"},{"@type":"WebPage","@id":"https:\/\/www.carmelitaniscalzi.com\/es\/2022\/07\/23\/filipinas-celebracion-de-los-75-anos-de-presencia-carmelitana\/","url":"https:\/\/www.carmelitaniscalzi.com\/es\/2022\/07\/23\/filipinas-celebracion-de-los-75-anos-de-presencia-carmelitana\/","name":"Filipinas: Celebraci\u00f3n de los 75 a\u00f1os de presencia carmelitana - CARMELITAS DESCALZOS","isPartOf":{"@id":"https:\/\/www.carmelitaniscalzi.com\/#website"},"primaryImageOfPage":{"@id":"https:\/\/www.carmelitaniscalzi.com\/es\/2022\/07\/23\/filipinas-celebracion-de-los-75-anos-de-presencia-carmelitana\/#primaryimage"},"image":{"@id":"https:\/\/www.carmelitaniscalzi.com\/es\/2022\/07\/23\/filipinas-celebracion-de-los-75-anos-de-presencia-carmelitana\/#primaryimage"},"thumbnailUrl":"https:\/\/www.carmelitaniscalzi.com\/wp-content\/uploads\/2022\/07\/Cover_Filippine_06.2022.jpg","datePublished":"2022-07-22T22:30:29+00:00","breadcrumb":{"@id":"https:\/\/www.carmelitaniscalzi.com\/es\/2022\/07\/23\/filipinas-celebracion-de-los-75-anos-de-presencia-carmelitana\/#breadcrumb"},"inLanguage":"es","potentialAction":[{"@type":"ReadAction","target":["https:\/\/www.carmelitaniscalzi.com\/es\/2022\/07\/23\/filipinas-celebracion-de-los-75-anos-de-presencia-carmelitana\/"]}]},{"@type":"ImageObject","inLanguage":"es","@id":"https:\/\/www.carmelitaniscalzi.com\/es\/2022\/07\/23\/filipinas-celebracion-de-los-75-anos-de-presencia-carmelitana\/#primaryimage","url":"https:\/\/www.carmelitaniscalzi.com\/wp-content\/uploads\/2022\/07\/Cover_Filippine_06.2022.jpg","contentUrl":"https:\/\/www.carmelitaniscalzi.com\/wp-content\/uploads\/2022\/07\/Cover_Filippine_06.2022.jpg","width":1200,"height":800},{"@type":"BreadcrumbList","@id":"https:\/\/www.carmelitaniscalzi.com\/es\/2022\/07\/23\/filipinas-celebracion-de-los-75-anos-de-presencia-carmelitana\/#breadcrumb","itemListElement":[{"@type":"ListItem","position":1,"name":"Home","item":"https:\/\/www.carmelitaniscalzi.com\/es\/"},{"@type":"ListItem","position":2,"name":"Filipinas: Celebraci\u00f3n de los 75 a\u00f1os de presencia carmelitana"}]},{"@type":"WebSite","@id":"https:\/\/www.carmelitaniscalzi.com\/#website","url":"https:\/\/www.carmelitaniscalzi.com\/","name":"CARMELITANI SCALZI - Curia Generale del Carmelo Teresiano","description":"Curia General del Carmelo Teresiano","publisher":{"@id":"https:\/\/www.carmelitaniscalzi.com\/#organization"},"alternateName":"CARMELITANI SCALZI","potentialAction":[{"@type":"SearchAction","target":{"@type":"EntryPoint","urlTemplate":"https:\/\/www.carmelitaniscalzi.com\/?s={search_term_string}"},"query-input":{"@type":"PropertyValueSpecification","valueRequired":true,"valueName":"search_term_string"}}],"inLanguage":"es"},{"@type":"Organization","@id":"https:\/\/www.carmelitaniscalzi.com\/#organization","name":"CARMELITANI SCALZI - Curia Generale del Carmelo Teresiano","url":"https:\/\/www.carmelitaniscalzi.com\/","logo":{"@type":"ImageObject","inLanguage":"es","@id":"https:\/\/www.carmelitaniscalzi.com\/#\/schema\/logo\/image\/","url":"https:\/\/www.carmelitaniscalzi.com\/wp-content\/uploads\/2025\/11\/login-logo.png","contentUrl":"https:\/\/www.carmelitaniscalzi.com\/wp-content\/uploads\/2025\/11\/login-logo.png","width":256,"height":256,"caption":"CARMELITANI SCALZI - Curia Generale del Carmelo Teresiano"},"image":{"@id":"https:\/\/www.carmelitaniscalzi.com\/#\/schema\/logo\/image\/"},"sameAs":["https:\/\/www.facebook.com\/Curia-Generalizia-Carmelitani-Scalzi-658766940887784\/","https:\/\/x.com\/ocdcuria","https:\/\/www.youtube.com\/channel\/UC2J5ZL0ycOY0qBSTCLX_NGQ\/videos","https:\/\/www.instagram.com\/ocdinform\/"]},{"@type":"Person","@id":"https:\/\/www.carmelitaniscalzi.com\/#\/schema\/person\/6d1c0d9bea7b6625c437246a5d6da409","name":"ocd web master","image":{"@type":"ImageObject","inLanguage":"es","@id":"https:\/\/www.carmelitaniscalzi.com\/#\/schema\/person\/image\/","url":"https:\/\/secure.gravatar.com\/avatar\/41fbc5f82bad909fbaf2984c43fa50d8519ac5853e25b454d022b6868f80d0e7?s=96&d=mm&r=g","contentUrl":"https:\/\/secure.gravatar.com\/avatar\/41fbc5f82bad909fbaf2984c43fa50d8519ac5853e25b454d022b6868f80d0e7?s=96&d=mm&r=g","caption":"ocd web master"},"url":"https:\/\/www.carmelitaniscalzi.com\/es\/author\/ocdwebmaster\/"}]}},"_links":{"self":[{"href":"https:\/\/www.carmelitaniscalzi.com\/es\/wp-json\/wp\/v2\/posts\/161056","targetHints":{"allow":["GET"]}}],"collection":[{"href":"https:\/\/www.carmelitaniscalzi.com\/es\/wp-json\/wp\/v2\/posts"}],"about":[{"href":"https:\/\/www.carmelitaniscalzi.com\/es\/wp-json\/wp\/v2\/types\/post"}],"author":[{"embeddable":true,"href":"https:\/\/www.carmelitaniscalzi.com\/es\/wp-json\/wp\/v2\/users\/7"}],"replies":[{"embeddable":true,"href":"https:\/\/www.carmelitaniscalzi.com\/es\/wp-json\/wp\/v2\/comments?post=161056"}],"version-history":[{"count":1,"href":"https:\/\/www.carmelitaniscalzi.com\/es\/wp-json\/wp\/v2\/posts\/161056\/revisions"}],"predecessor-version":[{"id":161057,"href":"https:\/\/www.carmelitaniscalzi.com\/es\/wp-json\/wp\/v2\/posts\/161056\/revisions\/161057"}],"wp:featuredmedia":[{"embeddable":true,"href":"https:\/\/www.carmelitaniscalzi.com\/es\/wp-json\/wp\/v2\/media\/160889"}],"wp:attachment":[{"href":"https:\/\/www.carmelitaniscalzi.com\/es\/wp-json\/wp\/v2\/media?parent=161056"}],"wp:term":[{"taxonomy":"category","embeddable":true,"href":"https:\/\/www.carmelitaniscalzi.com\/es\/wp-json\/wp\/v2\/categories?post=161056"},{"taxonomy":"post_tag","embeddable":true,"href":"https:\/\/www.carmelitaniscalzi.com\/es\/wp-json\/wp\/v2\/tags?post=161056"}],"curies":[{"name":"wp","href":"https:\/\/api.w.org\/{rel}","templated":true}]}}