{"id":15091,"date":"2017-08-22T18:01:49","date_gmt":"2017-08-22T16:01:49","guid":{"rendered":"https:\/\/www.carmelitaniscalzi.com\/es\/?p=15091"},"modified":"2017-08-22T18:01:49","modified_gmt":"2017-08-22T16:01:49","slug":"las-carmelitas-descalzas-en-panama","status":"publish","type":"post","link":"https:\/\/www.carmelitaniscalzi.com\/es\/2017\/08\/22\/las-carmelitas-descalzas-en-panama\/","title":{"rendered":"Las Carmelitas descalzas en Panam\u00e1"},"content":{"rendered":"<p>A ocho meses de la llegada de nuestras hermanas carmelitas descalzas a Panam\u00e1, compartimos esta breve cr\u00f3nica de sus primeros pasos en el pa\u00eds centroamericano:<\/p>\n<p>\u201cLlegamos a Panam\u00e1 con mucho entusiasmo el d\u00eda 23 de enero del 2017 y el d\u00eda 25 fue la inauguraci\u00f3n de la fundaci\u00f3n, donde contamos con la presencia de Monse\u00f1or Betran Wick Obispo de Santo Domingo en Ecuador, y de Monse\u00f1or Manuel Ochogav\u00eda obispo de Col\u00f3n que es el que nos hizo la petici\u00f3n, y en cuya di\u00f3cesis estamos; tambi\u00e9n con los provinciales de Centroam\u00e9rica, Colombia y el delegado provincial de Ecuador , junto con la presencia de muchos sacerdotes comunidades religiosas, y fieles que por tantos a\u00f1os hab\u00edan anhelado y orado por la presencia de un convento de Carmelitas en su pa\u00eds; eran alrededor de 500 personas.<\/p>\n<p>En estos 5 meses hemos experimentado la acogida, cercan\u00eda e inter\u00e9s de las personas, que con generosidad y cari\u00f1o nos brindan su apoyo, en la medida de sus posibilidades. En lo espiritual estamos fortalecidas diariamente con la Eucarist\u00eda, y el acompa\u00f1amiento de nuestros padres carmelitas, que nos ayudan a vivir nuestra vida de oraci\u00f3n, fraternidad y trabajo.<\/p>\n<p>El lugar que nos ha donado la Di\u00f3cesis es muy hermoso, lleno de vegetaci\u00f3n puesto que es parte de una reserva ecol\u00f3gica de 21 hect\u00e1reas, y as\u00ed el ambiente silencioso nos ayuda en nuestra estilo de vida, todo aqu\u00ed nos habla de Dios. Tambi\u00e9n contamos con un Santuario dedicado a la Sant\u00edsima Virgen, al cual est\u00e1 adherida una casita con 5 habitaciones, y un oratorio donde hacemos nuestra liturgia.<\/p>\n<p>Para nuestra solvencia econ\u00f3mica tenemos el proyecto de elaborar hostias, puesto que en todo el pa\u00eds hay una sola comunidad que realiza este trabajo, y vemos la necesidad de colaborar en este sentido.<\/p>\n<p>Hasta que nos lleguen las m\u00e1quinas que tardar\u00e1n alrededor de un a\u00f1o, nos hemos dedicado a hacer escapularios y un dia a la semana hacemos pan, que se vende en la Iglesia de nuestros frailes Carmelitas; esta peque\u00f1a entrada es una ayuda para, poco a poco pagar las m\u00e1quinas de hostias; el Se\u00f1or mismo es quien provee todo lo necesario para realizar estos proyectos, y as\u00ed experimentamos su cuidado y amor para con nosotras, manifestado a trav\u00e9s de la generosidad de las personas.<\/p>\n<p>Por ahora estamos trabajando en los planos, y buscando los medios para la construcci\u00f3n del Monasterio, confiadas siempre en su Providencia Divina.<\/p>\n<p>Por nuestra parte estamos muy contentas de que haya un Sagrario m\u00e1s donde el Se\u00f1or sea amado y glorificado, y que nuestra Orden y Espiritualidad Teresiana se vaya extendiendo.<\/p>\n<p>Pedimos su oraci\u00f3n para que podamos cumplir con fidelidad la misi\u00f3n que se nos ha encomendado, y poder ser testimonio de la Presencia de Dios en el mundo, y muy especialmente en esta iglesia particular de Col\u00f3n Kuna Yala.<\/p>\n<p>Madres Carmelitas Panam\u00e1\u201d.<\/p>\n<p><img loading=\"lazy\" decoding=\"async\" class=\"alignnone size-medium wp-image-15087\" src=\"https:\/\/www.carmelitaniscalzi.com\/wp-content\/uploads\/2017\/08\/07c-225x300.jpg\" alt=\"\" width=\"225\" height=\"300\" srcset=\"https:\/\/www.carmelitaniscalzi.com\/wp-content\/uploads\/2017\/08\/07c-225x300.jpg 225w, https:\/\/www.carmelitaniscalzi.com\/wp-content\/uploads\/2017\/08\/07c-41x55.jpg 41w, https:\/\/www.carmelitaniscalzi.com\/wp-content\/uploads\/2017\/08\/07c.jpg 240w\" sizes=\"auto, (max-width: 225px) 100vw, 225px\" \/> <img loading=\"lazy\" decoding=\"async\" class=\"alignnone size-medium wp-image-15086\" src=\"https:\/\/www.carmelitaniscalzi.com\/wp-content\/uploads\/2017\/08\/07b-300x225.jpg\" alt=\"\" width=\"300\" height=\"225\" srcset=\"https:\/\/www.carmelitaniscalzi.com\/wp-content\/uploads\/2017\/08\/07b-300x225.jpg 300w, https:\/\/www.carmelitaniscalzi.com\/wp-content\/uploads\/2017\/08\/07b-73x55.jpg 73w, https:\/\/www.carmelitaniscalzi.com\/wp-content\/uploads\/2017\/08\/07b.jpg 512w\" sizes=\"auto, (max-width: 300px) 100vw, 300px\" \/> <img loading=\"lazy\" decoding=\"async\" class=\"alignnone size-medium wp-image-15085\" src=\"https:\/\/www.carmelitaniscalzi.com\/wp-content\/uploads\/2017\/08\/07a-169x300.jpg\" alt=\"\" width=\"169\" height=\"300\" srcset=\"https:\/\/www.carmelitaniscalzi.com\/wp-content\/uploads\/2017\/08\/07a-169x300.jpg 169w, https:\/\/www.carmelitaniscalzi.com\/wp-content\/uploads\/2017\/08\/07a-31x55.jpg 31w, https:\/\/www.carmelitaniscalzi.com\/wp-content\/uploads\/2017\/08\/07a.jpg 288w\" sizes=\"auto, (max-width: 169px) 100vw, 169px\" \/> <img loading=\"lazy\" decoding=\"async\" class=\"alignnone size-medium wp-image-15084\" src=\"https:\/\/www.carmelitaniscalzi.com\/wp-content\/uploads\/2017\/08\/07-300x225.jpg\" alt=\"\" width=\"300\" height=\"225\" srcset=\"https:\/\/www.carmelitaniscalzi.com\/wp-content\/uploads\/2017\/08\/07-300x225.jpg 300w, https:\/\/www.carmelitaniscalzi.com\/wp-content\/uploads\/2017\/08\/07-768x576.jpg 768w, https:\/\/www.carmelitaniscalzi.com\/wp-content\/uploads\/2017\/08\/07-1024x768.jpg 1024w, https:\/\/www.carmelitaniscalzi.com\/wp-content\/uploads\/2017\/08\/07-73x55.jpg 73w, https:\/\/www.carmelitaniscalzi.com\/wp-content\/uploads\/2017\/08\/07-800x600.jpg 800w, https:\/\/www.carmelitaniscalzi.com\/wp-content\/uploads\/2017\/08\/07-580x435.jpg 580w, https:\/\/www.carmelitaniscalzi.com\/wp-content\/uploads\/2017\/08\/07.jpg 1440w\" sizes=\"auto, (max-width: 300px) 100vw, 300px\" \/> <img loading=\"lazy\" decoding=\"async\" class=\"alignnone size-medium wp-image-15083\" src=\"https:\/\/www.carmelitaniscalzi.com\/wp-content\/uploads\/2017\/08\/06b-200x300.jpg\" alt=\"\" width=\"200\" height=\"300\" srcset=\"https:\/\/www.carmelitaniscalzi.com\/wp-content\/uploads\/2017\/08\/06b-200x300.jpg 200w, https:\/\/www.carmelitaniscalzi.com\/wp-content\/uploads\/2017\/08\/06b-37x55.jpg 37w, https:\/\/www.carmelitaniscalzi.com\/wp-content\/uploads\/2017\/08\/06b.jpg 341w\" sizes=\"auto, (max-width: 200px) 100vw, 200px\" \/> <img loading=\"lazy\" decoding=\"async\" class=\"alignnone size-medium wp-image-15082\" src=\"https:\/\/www.carmelitaniscalzi.com\/wp-content\/uploads\/2017\/08\/06a-300x168.jpeg\" alt=\"\" width=\"300\" height=\"168\" srcset=\"https:\/\/www.carmelitaniscalzi.com\/wp-content\/uploads\/2017\/08\/06a-300x168.jpeg 300w, https:\/\/www.carmelitaniscalzi.com\/wp-content\/uploads\/2017\/08\/06a-98x55.jpeg 98w, https:\/\/www.carmelitaniscalzi.com\/wp-content\/uploads\/2017\/08\/06a-270x152.jpeg 270w, https:\/\/www.carmelitaniscalzi.com\/wp-content\/uploads\/2017\/08\/06a.jpeg 512w\" sizes=\"auto, (max-width: 300px) 100vw, 300px\" \/> <img loading=\"lazy\" decoding=\"async\" class=\"alignnone size-medium wp-image-15081\" src=\"https:\/\/www.carmelitaniscalzi.com\/wp-content\/uploads\/2017\/08\/06-225x300.jpg\" alt=\"\" width=\"225\" height=\"300\" srcset=\"https:\/\/www.carmelitaniscalzi.com\/wp-content\/uploads\/2017\/08\/06-225x300.jpg 225w, https:\/\/www.carmelitaniscalzi.com\/wp-content\/uploads\/2017\/08\/06-768x1024.jpg 768w, https:\/\/www.carmelitaniscalzi.com\/wp-content\/uploads\/2017\/08\/06-41x55.jpg 41w, https:\/\/www.carmelitaniscalzi.com\/wp-content\/uploads\/2017\/08\/06-800x1067.jpg 800w, https:\/\/www.carmelitaniscalzi.com\/wp-content\/uploads\/2017\/08\/06-580x773.jpg 580w, https:\/\/www.carmelitaniscalzi.com\/wp-content\/uploads\/2017\/08\/06.jpg 1080w\" sizes=\"auto, (max-width: 225px) 100vw, 225px\" \/> <img loading=\"lazy\" decoding=\"async\" class=\"alignnone size-medium wp-image-15080\" src=\"https:\/\/www.carmelitaniscalzi.com\/wp-content\/uploads\/2017\/08\/05b-300x169.jpg\" alt=\"\" width=\"300\" height=\"169\" srcset=\"https:\/\/www.carmelitaniscalzi.com\/wp-content\/uploads\/2017\/08\/05b-300x169.jpg 300w, https:\/\/www.carmelitaniscalzi.com\/wp-content\/uploads\/2017\/08\/05b-98x55.jpg 98w, https:\/\/www.carmelitaniscalzi.com\/wp-content\/uploads\/2017\/08\/05b-270x152.jpg 270w, https:\/\/www.carmelitaniscalzi.com\/wp-content\/uploads\/2017\/08\/05b-580x326.jpg 580w, https:\/\/www.carmelitaniscalzi.com\/wp-content\/uploads\/2017\/08\/05b.jpg 667w\" sizes=\"auto, (max-width: 300px) 100vw, 300px\" \/> <img loading=\"lazy\" decoding=\"async\" class=\"alignnone size-medium wp-image-15079\" src=\"https:\/\/www.carmelitaniscalzi.com\/wp-content\/uploads\/2017\/08\/05-225x300.jpg\" alt=\"\" width=\"225\" height=\"300\" srcset=\"https:\/\/www.carmelitaniscalzi.com\/wp-content\/uploads\/2017\/08\/05-225x300.jpg 225w, https:\/\/www.carmelitaniscalzi.com\/wp-content\/uploads\/2017\/08\/05-41x55.jpg 41w, https:\/\/www.carmelitaniscalzi.com\/wp-content\/uploads\/2017\/08\/05.jpg 384w\" sizes=\"auto, (max-width: 225px) 100vw, 225px\" \/> <img loading=\"lazy\" decoding=\"async\" class=\"alignnone size-medium wp-image-15078\" src=\"https:\/\/www.carmelitaniscalzi.com\/wp-content\/uploads\/2017\/08\/04-1-169x300.jpg\" alt=\"\" width=\"169\" height=\"300\" srcset=\"https:\/\/www.carmelitaniscalzi.com\/wp-content\/uploads\/2017\/08\/04-1-169x300.jpg 169w, https:\/\/www.carmelitaniscalzi.com\/wp-content\/uploads\/2017\/08\/04-1-31x55.jpg 31w, https:\/\/www.carmelitaniscalzi.com\/wp-content\/uploads\/2017\/08\/04-1.jpg 288w\" sizes=\"auto, (max-width: 169px) 100vw, 169px\" \/> <img loading=\"lazy\" decoding=\"async\" class=\"alignnone size-medium wp-image-15077\" src=\"https:\/\/www.carmelitaniscalzi.com\/wp-content\/uploads\/2017\/08\/03a.jpg\" alt=\"\" width=\"280\" height=\"158\" srcset=\"https:\/\/www.carmelitaniscalzi.com\/wp-content\/uploads\/2017\/08\/03a.jpg 280w, https:\/\/www.carmelitaniscalzi.com\/wp-content\/uploads\/2017\/08\/03a-97x55.jpg 97w, https:\/\/www.carmelitaniscalzi.com\/wp-content\/uploads\/2017\/08\/03a-270x152.jpg 270w\" sizes=\"auto, (max-width: 280px) 100vw, 280px\" \/> <img loading=\"lazy\" decoding=\"async\" class=\"alignnone size-medium wp-image-15076\" src=\"https:\/\/www.carmelitaniscalzi.com\/wp-content\/uploads\/2017\/08\/03-1.jpg\" alt=\"\" width=\"280\" height=\"158\" srcset=\"https:\/\/www.carmelitaniscalzi.com\/wp-content\/uploads\/2017\/08\/03-1.jpg 280w, https:\/\/www.carmelitaniscalzi.com\/wp-content\/uploads\/2017\/08\/03-1-97x55.jpg 97w, https:\/\/www.carmelitaniscalzi.com\/wp-content\/uploads\/2017\/08\/03-1-270x152.jpg 270w\" sizes=\"auto, (max-width: 280px) 100vw, 280px\" \/> <img loading=\"lazy\" decoding=\"async\" class=\"alignnone size-medium wp-image-15075\" src=\"https:\/\/www.carmelitaniscalzi.com\/wp-content\/uploads\/2017\/08\/02d.jpg\" alt=\"\" width=\"280\" height=\"158\" srcset=\"https:\/\/www.carmelitaniscalzi.com\/wp-content\/uploads\/2017\/08\/02d.jpg 280w, https:\/\/www.carmelitaniscalzi.com\/wp-content\/uploads\/2017\/08\/02d-97x55.jpg 97w, https:\/\/www.carmelitaniscalzi.com\/wp-content\/uploads\/2017\/08\/02d-270x152.jpg 270w\" sizes=\"auto, (max-width: 280px) 100vw, 280px\" \/> <img loading=\"lazy\" decoding=\"async\" class=\"alignnone size-medium wp-image-15074\" src=\"https:\/\/www.carmelitaniscalzi.com\/wp-content\/uploads\/2017\/08\/02c.jpg\" alt=\"\" width=\"280\" height=\"158\" srcset=\"https:\/\/www.carmelitaniscalzi.com\/wp-content\/uploads\/2017\/08\/02c.jpg 280w, https:\/\/www.carmelitaniscalzi.com\/wp-content\/uploads\/2017\/08\/02c-97x55.jpg 97w, https:\/\/www.carmelitaniscalzi.com\/wp-content\/uploads\/2017\/08\/02c-270x152.jpg 270w\" sizes=\"auto, (max-width: 280px) 100vw, 280px\" \/> <img loading=\"lazy\" decoding=\"async\" class=\"alignnone size-medium wp-image-15073\" src=\"https:\/\/www.carmelitaniscalzi.com\/wp-content\/uploads\/2017\/08\/02b.jpg\" alt=\"\" width=\"280\" height=\"158\" srcset=\"https:\/\/www.carmelitaniscalzi.com\/wp-content\/uploads\/2017\/08\/02b.jpg 280w, https:\/\/www.carmelitaniscalzi.com\/wp-content\/uploads\/2017\/08\/02b-97x55.jpg 97w, https:\/\/www.carmelitaniscalzi.com\/wp-content\/uploads\/2017\/08\/02b-270x152.jpg 270w\" sizes=\"auto, (max-width: 280px) 100vw, 280px\" \/> <img loading=\"lazy\" decoding=\"async\" class=\"alignnone size-medium wp-image-15072\" src=\"https:\/\/www.carmelitaniscalzi.com\/wp-content\/uploads\/2017\/08\/02a-300x169.jpg\" alt=\"\" width=\"300\" height=\"169\" srcset=\"https:\/\/www.carmelitaniscalzi.com\/wp-content\/uploads\/2017\/08\/02a-300x169.jpg 300w, https:\/\/www.carmelitaniscalzi.com\/wp-content\/uploads\/2017\/08\/02a-98x55.jpg 98w, https:\/\/www.carmelitaniscalzi.com\/wp-content\/uploads\/2017\/08\/02a-270x152.jpg 270w, https:\/\/www.carmelitaniscalzi.com\/wp-content\/uploads\/2017\/08\/02a-580x326.jpg 580w, https:\/\/www.carmelitaniscalzi.com\/wp-content\/uploads\/2017\/08\/02a.jpg 667w\" sizes=\"auto, (max-width: 300px) 100vw, 300px\" \/> <img loading=\"lazy\" decoding=\"async\" class=\"alignnone size-medium wp-image-15071\" src=\"https:\/\/www.carmelitaniscalzi.com\/wp-content\/uploads\/2017\/08\/02-1.jpg\" alt=\"\" width=\"280\" height=\"158\" srcset=\"https:\/\/www.carmelitaniscalzi.com\/wp-content\/uploads\/2017\/08\/02-1.jpg 280w, https:\/\/www.carmelitaniscalzi.com\/wp-content\/uploads\/2017\/08\/02-1-97x55.jpg 97w, https:\/\/www.carmelitaniscalzi.com\/wp-content\/uploads\/2017\/08\/02-1-270x152.jpg 270w\" sizes=\"auto, (max-width: 280px) 100vw, 280px\" \/> <img loading=\"lazy\" decoding=\"async\" class=\"alignnone size-medium wp-image-15070\" src=\"https:\/\/www.carmelitaniscalzi.com\/wp-content\/uploads\/2017\/08\/01-1-300x200.jpg\" alt=\"\" width=\"300\" height=\"200\" srcset=\"https:\/\/www.carmelitaniscalzi.com\/wp-content\/uploads\/2017\/08\/01-1-300x200.jpg 300w, https:\/\/www.carmelitaniscalzi.com\/wp-content\/uploads\/2017\/08\/01-1-768x512.jpg 768w, https:\/\/www.carmelitaniscalzi.com\/wp-content\/uploads\/2017\/08\/01-1-1024x683.jpg 1024w, https:\/\/www.carmelitaniscalzi.com\/wp-content\/uploads\/2017\/08\/01-1-83x55.jpg 83w, https:\/\/www.carmelitaniscalzi.com\/wp-content\/uploads\/2017\/08\/01-1-800x533.jpg 800w, https:\/\/www.carmelitaniscalzi.com\/wp-content\/uploads\/2017\/08\/01-1-580x387.jpg 580w, https:\/\/www.carmelitaniscalzi.com\/wp-content\/uploads\/2017\/08\/01-1.jpg 1152w\" sizes=\"auto, (max-width: 300px) 100vw, 300px\" \/><\/p>\n","protected":false},"excerpt":{"rendered":"<p>A ocho meses de la llegada de nuestras hermanas carmelitas descalzas a Panam\u00e1, compartimos esta breve cr\u00f3nica de sus primeros pasos en el pa\u00eds centroamericano: \u201cLlegamos a Panam\u00e1 con mucho entusiasmo el d\u00eda 23 de enero del 2017 y el d\u00eda 25 fue la inauguraci\u00f3n de la fundaci\u00f3n, donde contamos con la presencia de Monse\u00f1or [&hellip;]<\/p>\n","protected":false},"author":7,"featured_media":15069,"comment_status":"closed","ping_status":"closed","sticky":false,"template":"","format":"standard","meta":{"_acf_changed":false,"footnotes":""},"categories":[176,372],"tags":[],"class_list":["post-15091","post","type-post","status-publish","format-standard","has-post-thumbnail","hentry","category-noticias-monjas","category-noticias"],"acf":[],"yoast_head":"<!-- This site is optimized with the Yoast SEO plugin v26.3 - https:\/\/yoast.com\/wordpress\/plugins\/seo\/ -->\n<title>Las Carmelitas descalzas en Panam\u00e1 - CARMELITAS DESCALZOS<\/title>\n<meta name=\"robots\" content=\"index, follow, max-snippet:-1, max-image-preview:large, max-video-preview:-1\" \/>\n<link rel=\"canonical\" href=\"https:\/\/www.carmelitaniscalzi.com\/es\/2017\/08\/22\/las-carmelitas-descalzas-en-panama\/\" \/>\n<meta property=\"og:locale\" content=\"es_ES\" \/>\n<meta property=\"og:type\" content=\"article\" \/>\n<meta property=\"og:title\" content=\"Las Carmelitas descalzas en Panam\u00e1 - CARMELITAS DESCALZOS\" \/>\n<meta property=\"og:description\" content=\"A ocho meses de la llegada de nuestras hermanas carmelitas descalzas a Panam\u00e1, compartimos esta breve cr\u00f3nica de sus primeros pasos en el pa\u00eds centroamericano: \u201cLlegamos a Panam\u00e1 con mucho entusiasmo el d\u00eda 23 de enero del 2017 y el d\u00eda 25 fue la inauguraci\u00f3n de la fundaci\u00f3n, donde contamos con la presencia de Monse\u00f1or [&hellip;]\" \/>\n<meta property=\"og:url\" content=\"https:\/\/www.carmelitaniscalzi.com\/es\/2017\/08\/22\/las-carmelitas-descalzas-en-panama\/\" \/>\n<meta property=\"og:site_name\" content=\"CARMELITAS DESCALZOS\" \/>\n<meta property=\"article:publisher\" content=\"https:\/\/www.facebook.com\/Curia-Generalizia-Carmelitani-Scalzi-658766940887784\/\" \/>\n<meta property=\"article:published_time\" content=\"2017-08-22T16:01:49+00:00\" \/>\n<meta property=\"og:image\" content=\"https:\/\/www.carmelitaniscalzi.com\/wp-content\/uploads\/2017\/08\/0.jpg\" \/>\n\t<meta property=\"og:image:width\" content=\"512\" \/>\n\t<meta property=\"og:image:height\" content=\"348\" \/>\n\t<meta property=\"og:image:type\" content=\"image\/jpeg\" \/>\n<meta name=\"author\" content=\"ocd web master\" \/>\n<meta name=\"twitter:card\" content=\"summary_large_image\" \/>\n<meta name=\"twitter:creator\" content=\"@ocdcuria\" \/>\n<meta name=\"twitter:site\" content=\"@ocdcuria\" \/>\n<meta name=\"twitter:label1\" content=\"Escrito por\" \/>\n\t<meta name=\"twitter:data1\" content=\"ocd web master\" \/>\n\t<meta name=\"twitter:label2\" content=\"Tiempo de lectura\" \/>\n\t<meta name=\"twitter:data2\" content=\"3 minutos\" \/>\n<script type=\"application\/ld+json\" class=\"yoast-schema-graph\">{\"@context\":\"https:\/\/schema.org\",\"@graph\":[{\"@type\":\"Article\",\"@id\":\"https:\/\/www.carmelitaniscalzi.com\/es\/2017\/08\/22\/las-carmelitas-descalzas-en-panama\/#article\",\"isPartOf\":{\"@id\":\"https:\/\/www.carmelitaniscalzi.com\/es\/2017\/08\/22\/las-carmelitas-descalzas-en-panama\/\"},\"author\":{\"name\":\"ocd web master\",\"@id\":\"https:\/\/www.carmelitaniscalzi.com\/#\/schema\/person\/6d1c0d9bea7b6625c437246a5d6da409\"},\"headline\":\"Las Carmelitas descalzas en Panam\u00e1\",\"datePublished\":\"2017-08-22T16:01:49+00:00\",\"mainEntityOfPage\":{\"@id\":\"https:\/\/www.carmelitaniscalzi.com\/es\/2017\/08\/22\/las-carmelitas-descalzas-en-panama\/\"},\"wordCount\":509,\"publisher\":{\"@id\":\"https:\/\/www.carmelitaniscalzi.com\/#organization\"},\"image\":{\"@id\":\"https:\/\/www.carmelitaniscalzi.com\/es\/2017\/08\/22\/las-carmelitas-descalzas-en-panama\/#primaryimage\"},\"thumbnailUrl\":\"https:\/\/www.carmelitaniscalzi.com\/wp-content\/uploads\/2017\/08\/0.jpg\",\"articleSection\":[\"Noticias Monjas\",\"Noticias\"],\"inLanguage\":\"es\"},{\"@type\":\"WebPage\",\"@id\":\"https:\/\/www.carmelitaniscalzi.com\/es\/2017\/08\/22\/las-carmelitas-descalzas-en-panama\/\",\"url\":\"https:\/\/www.carmelitaniscalzi.com\/es\/2017\/08\/22\/las-carmelitas-descalzas-en-panama\/\",\"name\":\"Las Carmelitas descalzas en Panam\u00e1 - CARMELITAS DESCALZOS\",\"isPartOf\":{\"@id\":\"https:\/\/www.carmelitaniscalzi.com\/#website\"},\"primaryImageOfPage\":{\"@id\":\"https:\/\/www.carmelitaniscalzi.com\/es\/2017\/08\/22\/las-carmelitas-descalzas-en-panama\/#primaryimage\"},\"image\":{\"@id\":\"https:\/\/www.carmelitaniscalzi.com\/es\/2017\/08\/22\/las-carmelitas-descalzas-en-panama\/#primaryimage\"},\"thumbnailUrl\":\"https:\/\/www.carmelitaniscalzi.com\/wp-content\/uploads\/2017\/08\/0.jpg\",\"datePublished\":\"2017-08-22T16:01:49+00:00\",\"breadcrumb\":{\"@id\":\"https:\/\/www.carmelitaniscalzi.com\/es\/2017\/08\/22\/las-carmelitas-descalzas-en-panama\/#breadcrumb\"},\"inLanguage\":\"es\",\"potentialAction\":[{\"@type\":\"ReadAction\",\"target\":[\"https:\/\/www.carmelitaniscalzi.com\/es\/2017\/08\/22\/las-carmelitas-descalzas-en-panama\/\"]}]},{\"@type\":\"ImageObject\",\"inLanguage\":\"es\",\"@id\":\"https:\/\/www.carmelitaniscalzi.com\/es\/2017\/08\/22\/las-carmelitas-descalzas-en-panama\/#primaryimage\",\"url\":\"https:\/\/www.carmelitaniscalzi.com\/wp-content\/uploads\/2017\/08\/0.jpg\",\"contentUrl\":\"https:\/\/www.carmelitaniscalzi.com\/wp-content\/uploads\/2017\/08\/0.jpg\",\"width\":512,\"height\":348},{\"@type\":\"BreadcrumbList\",\"@id\":\"https:\/\/www.carmelitaniscalzi.com\/es\/2017\/08\/22\/las-carmelitas-descalzas-en-panama\/#breadcrumb\",\"itemListElement\":[{\"@type\":\"ListItem\",\"position\":1,\"name\":\"Home\",\"item\":\"https:\/\/www.carmelitaniscalzi.com\/es\/\"},{\"@type\":\"ListItem\",\"position\":2,\"name\":\"Las Carmelitas descalzas en Panam\u00e1\"}]},{\"@type\":\"WebSite\",\"@id\":\"https:\/\/www.carmelitaniscalzi.com\/#website\",\"url\":\"https:\/\/www.carmelitaniscalzi.com\/\",\"name\":\"CARMELITANI SCALZI - Curia Generale del Carmelo Teresiano\",\"description\":\"Curia General del Carmelo Teresiano\",\"publisher\":{\"@id\":\"https:\/\/www.carmelitaniscalzi.com\/#organization\"},\"alternateName\":\"CARMELITANI SCALZI\",\"potentialAction\":[{\"@type\":\"SearchAction\",\"target\":{\"@type\":\"EntryPoint\",\"urlTemplate\":\"https:\/\/www.carmelitaniscalzi.com\/?s={search_term_string}\"},\"query-input\":{\"@type\":\"PropertyValueSpecification\",\"valueRequired\":true,\"valueName\":\"search_term_string\"}}],\"inLanguage\":\"es\"},{\"@type\":\"Organization\",\"@id\":\"https:\/\/www.carmelitaniscalzi.com\/#organization\",\"name\":\"CARMELITANI SCALZI - Curia Generale del Carmelo Teresiano\",\"url\":\"https:\/\/www.carmelitaniscalzi.com\/\",\"logo\":{\"@type\":\"ImageObject\",\"inLanguage\":\"es\",\"@id\":\"https:\/\/www.carmelitaniscalzi.com\/#\/schema\/logo\/image\/\",\"url\":\"https:\/\/www.carmelitaniscalzi.com\/wp-content\/uploads\/2025\/11\/login-logo.png\",\"contentUrl\":\"https:\/\/www.carmelitaniscalzi.com\/wp-content\/uploads\/2025\/11\/login-logo.png\",\"width\":256,\"height\":256,\"caption\":\"CARMELITANI SCALZI - Curia Generale del Carmelo Teresiano\"},\"image\":{\"@id\":\"https:\/\/www.carmelitaniscalzi.com\/#\/schema\/logo\/image\/\"},\"sameAs\":[\"https:\/\/www.facebook.com\/Curia-Generalizia-Carmelitani-Scalzi-658766940887784\/\",\"https:\/\/x.com\/ocdcuria\",\"https:\/\/www.youtube.com\/channel\/UC2J5ZL0ycOY0qBSTCLX_NGQ\/videos\",\"https:\/\/www.instagram.com\/ocdinform\/\"]},{\"@type\":\"Person\",\"@id\":\"https:\/\/www.carmelitaniscalzi.com\/#\/schema\/person\/6d1c0d9bea7b6625c437246a5d6da409\",\"name\":\"ocd web master\",\"image\":{\"@type\":\"ImageObject\",\"inLanguage\":\"es\",\"@id\":\"https:\/\/www.carmelitaniscalzi.com\/#\/schema\/person\/image\/\",\"url\":\"https:\/\/secure.gravatar.com\/avatar\/41fbc5f82bad909fbaf2984c43fa50d8519ac5853e25b454d022b6868f80d0e7?s=96&d=mm&r=g\",\"contentUrl\":\"https:\/\/secure.gravatar.com\/avatar\/41fbc5f82bad909fbaf2984c43fa50d8519ac5853e25b454d022b6868f80d0e7?s=96&d=mm&r=g\",\"caption\":\"ocd web master\"},\"url\":\"https:\/\/www.carmelitaniscalzi.com\/es\/author\/ocdwebmaster\/\"}]}<\/script>\n<!-- \/ Yoast SEO plugin. -->","yoast_head_json":{"title":"Las Carmelitas descalzas en Panam\u00e1 - CARMELITAS DESCALZOS","robots":{"index":"index","follow":"follow","max-snippet":"max-snippet:-1","max-image-preview":"max-image-preview:large","max-video-preview":"max-video-preview:-1"},"canonical":"https:\/\/www.carmelitaniscalzi.com\/es\/2017\/08\/22\/las-carmelitas-descalzas-en-panama\/","og_locale":"es_ES","og_type":"article","og_title":"Las Carmelitas descalzas en Panam\u00e1 - CARMELITAS DESCALZOS","og_description":"A ocho meses de la llegada de nuestras hermanas carmelitas descalzas a Panam\u00e1, compartimos esta breve cr\u00f3nica de sus primeros pasos en el pa\u00eds centroamericano: \u201cLlegamos a Panam\u00e1 con mucho entusiasmo el d\u00eda 23 de enero del 2017 y el d\u00eda 25 fue la inauguraci\u00f3n de la fundaci\u00f3n, donde contamos con la presencia de Monse\u00f1or [&hellip;]","og_url":"https:\/\/www.carmelitaniscalzi.com\/es\/2017\/08\/22\/las-carmelitas-descalzas-en-panama\/","og_site_name":"CARMELITAS DESCALZOS","article_publisher":"https:\/\/www.facebook.com\/Curia-Generalizia-Carmelitani-Scalzi-658766940887784\/","article_published_time":"2017-08-22T16:01:49+00:00","og_image":[{"width":512,"height":348,"url":"https:\/\/www.carmelitaniscalzi.com\/wp-content\/uploads\/2017\/08\/0.jpg","type":"image\/jpeg"}],"author":"ocd web master","twitter_card":"summary_large_image","twitter_creator":"@ocdcuria","twitter_site":"@ocdcuria","twitter_misc":{"Escrito por":"ocd web master","Tiempo de lectura":"3 minutos"},"schema":{"@context":"https:\/\/schema.org","@graph":[{"@type":"Article","@id":"https:\/\/www.carmelitaniscalzi.com\/es\/2017\/08\/22\/las-carmelitas-descalzas-en-panama\/#article","isPartOf":{"@id":"https:\/\/www.carmelitaniscalzi.com\/es\/2017\/08\/22\/las-carmelitas-descalzas-en-panama\/"},"author":{"name":"ocd web master","@id":"https:\/\/www.carmelitaniscalzi.com\/#\/schema\/person\/6d1c0d9bea7b6625c437246a5d6da409"},"headline":"Las Carmelitas descalzas en Panam\u00e1","datePublished":"2017-08-22T16:01:49+00:00","mainEntityOfPage":{"@id":"https:\/\/www.carmelitaniscalzi.com\/es\/2017\/08\/22\/las-carmelitas-descalzas-en-panama\/"},"wordCount":509,"publisher":{"@id":"https:\/\/www.carmelitaniscalzi.com\/#organization"},"image":{"@id":"https:\/\/www.carmelitaniscalzi.com\/es\/2017\/08\/22\/las-carmelitas-descalzas-en-panama\/#primaryimage"},"thumbnailUrl":"https:\/\/www.carmelitaniscalzi.com\/wp-content\/uploads\/2017\/08\/0.jpg","articleSection":["Noticias Monjas","Noticias"],"inLanguage":"es"},{"@type":"WebPage","@id":"https:\/\/www.carmelitaniscalzi.com\/es\/2017\/08\/22\/las-carmelitas-descalzas-en-panama\/","url":"https:\/\/www.carmelitaniscalzi.com\/es\/2017\/08\/22\/las-carmelitas-descalzas-en-panama\/","name":"Las Carmelitas descalzas en Panam\u00e1 - CARMELITAS DESCALZOS","isPartOf":{"@id":"https:\/\/www.carmelitaniscalzi.com\/#website"},"primaryImageOfPage":{"@id":"https:\/\/www.carmelitaniscalzi.com\/es\/2017\/08\/22\/las-carmelitas-descalzas-en-panama\/#primaryimage"},"image":{"@id":"https:\/\/www.carmelitaniscalzi.com\/es\/2017\/08\/22\/las-carmelitas-descalzas-en-panama\/#primaryimage"},"thumbnailUrl":"https:\/\/www.carmelitaniscalzi.com\/wp-content\/uploads\/2017\/08\/0.jpg","datePublished":"2017-08-22T16:01:49+00:00","breadcrumb":{"@id":"https:\/\/www.carmelitaniscalzi.com\/es\/2017\/08\/22\/las-carmelitas-descalzas-en-panama\/#breadcrumb"},"inLanguage":"es","potentialAction":[{"@type":"ReadAction","target":["https:\/\/www.carmelitaniscalzi.com\/es\/2017\/08\/22\/las-carmelitas-descalzas-en-panama\/"]}]},{"@type":"ImageObject","inLanguage":"es","@id":"https:\/\/www.carmelitaniscalzi.com\/es\/2017\/08\/22\/las-carmelitas-descalzas-en-panama\/#primaryimage","url":"https:\/\/www.carmelitaniscalzi.com\/wp-content\/uploads\/2017\/08\/0.jpg","contentUrl":"https:\/\/www.carmelitaniscalzi.com\/wp-content\/uploads\/2017\/08\/0.jpg","width":512,"height":348},{"@type":"BreadcrumbList","@id":"https:\/\/www.carmelitaniscalzi.com\/es\/2017\/08\/22\/las-carmelitas-descalzas-en-panama\/#breadcrumb","itemListElement":[{"@type":"ListItem","position":1,"name":"Home","item":"https:\/\/www.carmelitaniscalzi.com\/es\/"},{"@type":"ListItem","position":2,"name":"Las Carmelitas descalzas en Panam\u00e1"}]},{"@type":"WebSite","@id":"https:\/\/www.carmelitaniscalzi.com\/#website","url":"https:\/\/www.carmelitaniscalzi.com\/","name":"CARMELITANI SCALZI - Curia Generale del Carmelo Teresiano","description":"Curia General del Carmelo Teresiano","publisher":{"@id":"https:\/\/www.carmelitaniscalzi.com\/#organization"},"alternateName":"CARMELITANI SCALZI","potentialAction":[{"@type":"SearchAction","target":{"@type":"EntryPoint","urlTemplate":"https:\/\/www.carmelitaniscalzi.com\/?s={search_term_string}"},"query-input":{"@type":"PropertyValueSpecification","valueRequired":true,"valueName":"search_term_string"}}],"inLanguage":"es"},{"@type":"Organization","@id":"https:\/\/www.carmelitaniscalzi.com\/#organization","name":"CARMELITANI SCALZI - Curia Generale del Carmelo Teresiano","url":"https:\/\/www.carmelitaniscalzi.com\/","logo":{"@type":"ImageObject","inLanguage":"es","@id":"https:\/\/www.carmelitaniscalzi.com\/#\/schema\/logo\/image\/","url":"https:\/\/www.carmelitaniscalzi.com\/wp-content\/uploads\/2025\/11\/login-logo.png","contentUrl":"https:\/\/www.carmelitaniscalzi.com\/wp-content\/uploads\/2025\/11\/login-logo.png","width":256,"height":256,"caption":"CARMELITANI SCALZI - Curia Generale del Carmelo Teresiano"},"image":{"@id":"https:\/\/www.carmelitaniscalzi.com\/#\/schema\/logo\/image\/"},"sameAs":["https:\/\/www.facebook.com\/Curia-Generalizia-Carmelitani-Scalzi-658766940887784\/","https:\/\/x.com\/ocdcuria","https:\/\/www.youtube.com\/channel\/UC2J5ZL0ycOY0qBSTCLX_NGQ\/videos","https:\/\/www.instagram.com\/ocdinform\/"]},{"@type":"Person","@id":"https:\/\/www.carmelitaniscalzi.com\/#\/schema\/person\/6d1c0d9bea7b6625c437246a5d6da409","name":"ocd web master","image":{"@type":"ImageObject","inLanguage":"es","@id":"https:\/\/www.carmelitaniscalzi.com\/#\/schema\/person\/image\/","url":"https:\/\/secure.gravatar.com\/avatar\/41fbc5f82bad909fbaf2984c43fa50d8519ac5853e25b454d022b6868f80d0e7?s=96&d=mm&r=g","contentUrl":"https:\/\/secure.gravatar.com\/avatar\/41fbc5f82bad909fbaf2984c43fa50d8519ac5853e25b454d022b6868f80d0e7?s=96&d=mm&r=g","caption":"ocd web master"},"url":"https:\/\/www.carmelitaniscalzi.com\/es\/author\/ocdwebmaster\/"}]}},"_links":{"self":[{"href":"https:\/\/www.carmelitaniscalzi.com\/es\/wp-json\/wp\/v2\/posts\/15091","targetHints":{"allow":["GET"]}}],"collection":[{"href":"https:\/\/www.carmelitaniscalzi.com\/es\/wp-json\/wp\/v2\/posts"}],"about":[{"href":"https:\/\/www.carmelitaniscalzi.com\/es\/wp-json\/wp\/v2\/types\/post"}],"author":[{"embeddable":true,"href":"https:\/\/www.carmelitaniscalzi.com\/es\/wp-json\/wp\/v2\/users\/7"}],"replies":[{"embeddable":true,"href":"https:\/\/www.carmelitaniscalzi.com\/es\/wp-json\/wp\/v2\/comments?post=15091"}],"version-history":[{"count":0,"href":"https:\/\/www.carmelitaniscalzi.com\/es\/wp-json\/wp\/v2\/posts\/15091\/revisions"}],"wp:featuredmedia":[{"embeddable":true,"href":"https:\/\/www.carmelitaniscalzi.com\/es\/wp-json\/wp\/v2\/media\/15069"}],"wp:attachment":[{"href":"https:\/\/www.carmelitaniscalzi.com\/es\/wp-json\/wp\/v2\/media?parent=15091"}],"wp:term":[{"taxonomy":"category","embeddable":true,"href":"https:\/\/www.carmelitaniscalzi.com\/es\/wp-json\/wp\/v2\/categories?post=15091"},{"taxonomy":"post_tag","embeddable":true,"href":"https:\/\/www.carmelitaniscalzi.com\/es\/wp-json\/wp\/v2\/tags?post=15091"}],"curies":[{"name":"wp","href":"https:\/\/api.w.org\/{rel}","templated":true}]}}