{"id":14319,"date":"2017-05-14T22:09:07","date_gmt":"2017-05-14T20:09:07","guid":{"rendered":"https:\/\/www.carmelitaniscalzi.com\/es\/?p=14319"},"modified":"2017-05-14T22:09:07","modified_gmt":"2017-05-14T20:09:07","slug":"xxiv-encuentro-de-la-ocds-de-portugal","status":"publish","type":"post","link":"https:\/\/www.carmelitaniscalzi.com\/es\/2017\/05\/14\/xxiv-encuentro-de-la-ocds-de-portugal\/","title":{"rendered":"XXIV Encuentro de la OCDS de Portugal"},"content":{"rendered":"<p><em><strong>F\u00e1tima, 28-30 de abril de 2017<\/strong><\/em><\/p>\n<p><em><strong>El discernimiento vocacional del Carmelita Seglar<\/strong><\/em><\/p>\n<p><strong>\u00a0<\/strong>Con una participaci\u00f3n de entre 80 y 90 personas de varias comunidades de Portugal, incluida la Isla de Madeira, se celebr\u00f3 en la <em>Domus Carmeli<\/em> de F\u00e1tima el vigesimocuarto encuentro nacional de la OCDS portuguesa, con la presencia del delegado del P. General para la Orden del Carmelo Seglar y los Institutos afiliados, fr. Alzinir Debastiani.<\/p>\n<p>Existen unas 16 comunidades en la Provincia, con cerca de 600 miembros, la mayor\u00eda de los cuales residen en Madeira (400 miembros).<\/p>\n<p>Como conclusiones, m\u00e1s importantes del Congreso, podemos enumerar las siguientes: que los laicos tengan un mayor protagonismo en las fraternidades y en los pr\u00f3ximos encuentros; que las fraternidades profundicen en la teolog\u00eda del laicado tal y como ha sido desarrollada despu\u00e9s del Concilio Vaticano II; que haya una mayor rotaci\u00f3n en los cargos de las diferentes comunidades; que las comunidades de Madeira se actualicen y renueven seg\u00fan lo dispuesto en las Constituciones actuales de la Orden Seglar. Para conseguir este fin, se nombr\u00f3 un delegado espec\u00edfico para la regi\u00f3n, fr. Alpoim Alves, que ayudar\u00e1 en sus tareas al delegado provincial, fr. Joaquim Teixeira.<\/p>\n<p>Adem\u00e1s de para la reflexi\u00f3n, hubo tiempo para el encuentro con los frailes y las hermanas del monasterio de F\u00e1tima. Todos los participantes realizaron una peregrinaci\u00f3n por el camino de la <em>V\u00eda Sacra<\/em> h\u00fangara, animada con textos marianos y de los santos del Carmelo. En estos d\u00edas hicieron adem\u00e1s sus promesas temporales 3 miembros de la comunidad de Pa\u00e7o d\u2019Arco, Lisboa, as\u00ed como la ceremonia de ingreso en el noviciado de 4 laicos en la comunidad de F\u00e1tima.<\/p>\n<p>La Eucarist\u00eda de clausura tuvo lugar en la capilla del monasterio de las Carmelitas, en una bella experiencia de comuni\u00f3n entre las tres ramas del Carmelo descalzo. La capilla est\u00e1 dedicada a Jacinta y Francisco, los pastorcillos de F\u00e1tima, proclamados santos por el Papa Francisco el pasado 13 de mayo, d\u00eda en que se cumpl\u00eda el Centenario de las apariciones.<\/p>\n<p><a href=\"https:\/\/www.carmelitaniscalzi.com\/wp-content\/uploads\/2017\/05\/1.png\"><img loading=\"lazy\" decoding=\"async\" class=\"alignnone size-medium wp-image-14305\" src=\"https:\/\/www.carmelitaniscalzi.com\/wp-content\/uploads\/2017\/05\/1-185x300.png\" alt=\"\" width=\"185\" height=\"300\" srcset=\"https:\/\/www.carmelitaniscalzi.com\/wp-content\/uploads\/2017\/05\/1-185x300.png 185w, https:\/\/www.carmelitaniscalzi.com\/wp-content\/uploads\/2017\/05\/1-34x55.png 34w, https:\/\/www.carmelitaniscalzi.com\/wp-content\/uploads\/2017\/05\/1.png 267w\" sizes=\"auto, (max-width: 185px) 100vw, 185px\" \/><\/a> <a href=\"https:\/\/www.carmelitaniscalzi.com\/wp-content\/uploads\/2017\/05\/3.jpg\"><img loading=\"lazy\" decoding=\"async\" class=\"alignnone size-medium wp-image-14307\" src=\"https:\/\/www.carmelitaniscalzi.com\/wp-content\/uploads\/2017\/05\/3-300x200.jpg\" alt=\"\" width=\"300\" height=\"200\" srcset=\"https:\/\/www.carmelitaniscalzi.com\/wp-content\/uploads\/2017\/05\/3-300x200.jpg 300w, https:\/\/www.carmelitaniscalzi.com\/wp-content\/uploads\/2017\/05\/3-82x55.jpg 82w, https:\/\/www.carmelitaniscalzi.com\/wp-content\/uploads\/2017\/05\/3-580x387.jpg 580w, https:\/\/www.carmelitaniscalzi.com\/wp-content\/uploads\/2017\/05\/3.jpg 711w\" sizes=\"auto, (max-width: 300px) 100vw, 300px\" \/><\/a> <a href=\"https:\/\/www.carmelitaniscalzi.com\/wp-content\/uploads\/2017\/05\/4.jpg\"><img loading=\"lazy\" decoding=\"async\" class=\"alignnone size-medium wp-image-14308\" src=\"https:\/\/www.carmelitaniscalzi.com\/wp-content\/uploads\/2017\/05\/4-300x200.jpg\" alt=\"\" width=\"300\" height=\"200\" srcset=\"https:\/\/www.carmelitaniscalzi.com\/wp-content\/uploads\/2017\/05\/4-300x200.jpg 300w, https:\/\/www.carmelitaniscalzi.com\/wp-content\/uploads\/2017\/05\/4-768x513.jpg 768w, https:\/\/www.carmelitaniscalzi.com\/wp-content\/uploads\/2017\/05\/4-82x55.jpg 82w, https:\/\/www.carmelitaniscalzi.com\/wp-content\/uploads\/2017\/05\/4-800x535.jpg 800w, https:\/\/www.carmelitaniscalzi.com\/wp-content\/uploads\/2017\/05\/4-580x388.jpg 580w, https:\/\/www.carmelitaniscalzi.com\/wp-content\/uploads\/2017\/05\/4.jpg 886w\" sizes=\"auto, (max-width: 300px) 100vw, 300px\" \/><\/a> <a href=\"https:\/\/www.carmelitaniscalzi.com\/wp-content\/uploads\/2017\/05\/5.jpg\"><img loading=\"lazy\" decoding=\"async\" class=\"alignnone size-medium wp-image-14309\" src=\"https:\/\/www.carmelitaniscalzi.com\/wp-content\/uploads\/2017\/05\/5-300x200.jpg\" alt=\"\" width=\"300\" height=\"200\" srcset=\"https:\/\/www.carmelitaniscalzi.com\/wp-content\/uploads\/2017\/05\/5-300x200.jpg 300w, https:\/\/www.carmelitaniscalzi.com\/wp-content\/uploads\/2017\/05\/5-82x55.jpg 82w, https:\/\/www.carmelitaniscalzi.com\/wp-content\/uploads\/2017\/05\/5-580x387.jpg 580w, https:\/\/www.carmelitaniscalzi.com\/wp-content\/uploads\/2017\/05\/5.jpg 767w\" sizes=\"auto, (max-width: 300px) 100vw, 300px\" \/><\/a> <a href=\"https:\/\/www.carmelitaniscalzi.com\/wp-content\/uploads\/2017\/05\/6.jpg\"><img loading=\"lazy\" decoding=\"async\" class=\"alignnone size-medium wp-image-14310\" src=\"https:\/\/www.carmelitaniscalzi.com\/wp-content\/uploads\/2017\/05\/6-300x200.jpg\" alt=\"\" width=\"300\" height=\"200\" srcset=\"https:\/\/www.carmelitaniscalzi.com\/wp-content\/uploads\/2017\/05\/6-300x200.jpg 300w, https:\/\/www.carmelitaniscalzi.com\/wp-content\/uploads\/2017\/05\/6-768x512.jpg 768w, https:\/\/www.carmelitaniscalzi.com\/wp-content\/uploads\/2017\/05\/6-82x55.jpg 82w, https:\/\/www.carmelitaniscalzi.com\/wp-content\/uploads\/2017\/05\/6-580x387.jpg 580w, https:\/\/www.carmelitaniscalzi.com\/wp-content\/uploads\/2017\/05\/6.jpg 799w\" sizes=\"auto, (max-width: 300px) 100vw, 300px\" \/><\/a> <a href=\"https:\/\/www.carmelitaniscalzi.com\/wp-content\/uploads\/2017\/05\/7.jpg\"><img loading=\"lazy\" decoding=\"async\" class=\"alignnone size-medium wp-image-14311\" src=\"https:\/\/www.carmelitaniscalzi.com\/wp-content\/uploads\/2017\/05\/7-300x200.jpg\" alt=\"\" width=\"300\" height=\"200\" srcset=\"https:\/\/www.carmelitaniscalzi.com\/wp-content\/uploads\/2017\/05\/7-300x200.jpg 300w, https:\/\/www.carmelitaniscalzi.com\/wp-content\/uploads\/2017\/05\/7-82x55.jpg 82w, https:\/\/www.carmelitaniscalzi.com\/wp-content\/uploads\/2017\/05\/7-580x387.jpg 580w, https:\/\/www.carmelitaniscalzi.com\/wp-content\/uploads\/2017\/05\/7.jpg 710w\" sizes=\"auto, (max-width: 300px) 100vw, 300px\" \/><\/a> <a href=\"https:\/\/www.carmelitaniscalzi.com\/wp-content\/uploads\/2017\/05\/8.jpg\"><img loading=\"lazy\" decoding=\"async\" class=\"alignnone size-medium wp-image-14312\" src=\"https:\/\/www.carmelitaniscalzi.com\/wp-content\/uploads\/2017\/05\/8-300x200.jpg\" alt=\"\" width=\"300\" height=\"200\" srcset=\"https:\/\/www.carmelitaniscalzi.com\/wp-content\/uploads\/2017\/05\/8-300x200.jpg 300w, https:\/\/www.carmelitaniscalzi.com\/wp-content\/uploads\/2017\/05\/8-768x513.jpg 768w, https:\/\/www.carmelitaniscalzi.com\/wp-content\/uploads\/2017\/05\/8-82x55.jpg 82w, https:\/\/www.carmelitaniscalzi.com\/wp-content\/uploads\/2017\/05\/8-800x535.jpg 800w, https:\/\/www.carmelitaniscalzi.com\/wp-content\/uploads\/2017\/05\/8-580x388.jpg 580w, https:\/\/www.carmelitaniscalzi.com\/wp-content\/uploads\/2017\/05\/8.jpg 886w\" sizes=\"auto, (max-width: 300px) 100vw, 300px\" \/><\/a><\/p>\n","protected":false},"excerpt":{"rendered":"<p>F\u00e1tima, 28-30 de abril de 2017 El discernimiento vocacional del Carmelita Seglar \u00a0Con una participaci\u00f3n de entre 80 y 90 personas de varias comunidades de Portugal, incluida la Isla de Madeira, se celebr\u00f3 en la Domus Carmeli de F\u00e1tima el vigesimocuarto encuentro nacional de la OCDS portuguesa, con la presencia del delegado del P. General [&hellip;]<\/p>\n","protected":false},"author":7,"featured_media":14306,"comment_status":"closed","ping_status":"closed","sticky":false,"template":"","format":"standard","meta":{"_acf_changed":false,"footnotes":""},"categories":[263,372],"tags":[],"class_list":["post-14319","post","type-post","status-publish","format-standard","has-post-thumbnail","hentry","category-noticias-ocds","category-noticias"],"acf":[],"yoast_head":"<!-- This site is optimized with the Yoast SEO plugin v26.3 - https:\/\/yoast.com\/wordpress\/plugins\/seo\/ -->\n<title>XXIV Encuentro de la OCDS de Portugal - CARMELITAS DESCALZOS<\/title>\n<meta name=\"robots\" content=\"index, follow, max-snippet:-1, max-image-preview:large, max-video-preview:-1\" \/>\n<link rel=\"canonical\" href=\"https:\/\/www.carmelitaniscalzi.com\/es\/2017\/05\/14\/xxiv-encuentro-de-la-ocds-de-portugal\/\" \/>\n<meta property=\"og:locale\" content=\"es_ES\" \/>\n<meta property=\"og:type\" content=\"article\" \/>\n<meta property=\"og:title\" content=\"XXIV Encuentro de la OCDS de Portugal - CARMELITAS DESCALZOS\" \/>\n<meta property=\"og:description\" content=\"F\u00e1tima, 28-30 de abril de 2017 El discernimiento vocacional del Carmelita Seglar \u00a0Con una participaci\u00f3n de entre 80 y 90 personas de varias comunidades de Portugal, incluida la Isla de Madeira, se celebr\u00f3 en la Domus Carmeli de F\u00e1tima el vigesimocuarto encuentro nacional de la OCDS portuguesa, con la presencia del delegado del P. General [&hellip;]\" \/>\n<meta property=\"og:url\" content=\"https:\/\/www.carmelitaniscalzi.com\/es\/2017\/05\/14\/xxiv-encuentro-de-la-ocds-de-portugal\/\" \/>\n<meta property=\"og:site_name\" content=\"CARMELITAS DESCALZOS\" \/>\n<meta property=\"article:publisher\" content=\"https:\/\/www.facebook.com\/Curia-Generalizia-Carmelitani-Scalzi-658766940887784\/\" \/>\n<meta property=\"article:published_time\" content=\"2017-05-14T20:09:07+00:00\" \/>\n<meta property=\"og:image\" content=\"https:\/\/www.carmelitaniscalzi.com\/wp-content\/uploads\/2017\/05\/0.jpg\" \/>\n\t<meta property=\"og:image:width\" content=\"886\" \/>\n\t<meta property=\"og:image:height\" content=\"592\" \/>\n\t<meta property=\"og:image:type\" content=\"image\/jpeg\" \/>\n<meta name=\"author\" content=\"ocd web master\" \/>\n<meta name=\"twitter:card\" content=\"summary_large_image\" \/>\n<meta name=\"twitter:creator\" content=\"@ocdcuria\" \/>\n<meta name=\"twitter:site\" content=\"@ocdcuria\" \/>\n<meta name=\"twitter:label1\" content=\"Escrito por\" \/>\n\t<meta name=\"twitter:data1\" content=\"ocd web master\" \/>\n\t<meta name=\"twitter:label2\" content=\"Tiempo de lectura\" \/>\n\t<meta name=\"twitter:data2\" content=\"2 minutos\" \/>\n<script type=\"application\/ld+json\" class=\"yoast-schema-graph\">{\"@context\":\"https:\/\/schema.org\",\"@graph\":[{\"@type\":\"Article\",\"@id\":\"https:\/\/www.carmelitaniscalzi.com\/es\/2017\/05\/14\/xxiv-encuentro-de-la-ocds-de-portugal\/#article\",\"isPartOf\":{\"@id\":\"https:\/\/www.carmelitaniscalzi.com\/es\/2017\/05\/14\/xxiv-encuentro-de-la-ocds-de-portugal\/\"},\"author\":{\"name\":\"ocd web master\",\"@id\":\"https:\/\/www.carmelitaniscalzi.com\/#\/schema\/person\/6d1c0d9bea7b6625c437246a5d6da409\"},\"headline\":\"XXIV Encuentro de la OCDS de Portugal\",\"datePublished\":\"2017-05-14T20:09:07+00:00\",\"mainEntityOfPage\":{\"@id\":\"https:\/\/www.carmelitaniscalzi.com\/es\/2017\/05\/14\/xxiv-encuentro-de-la-ocds-de-portugal\/\"},\"wordCount\":357,\"publisher\":{\"@id\":\"https:\/\/www.carmelitaniscalzi.com\/#organization\"},\"image\":{\"@id\":\"https:\/\/www.carmelitaniscalzi.com\/es\/2017\/05\/14\/xxiv-encuentro-de-la-ocds-de-portugal\/#primaryimage\"},\"thumbnailUrl\":\"https:\/\/www.carmelitaniscalzi.com\/wp-content\/uploads\/2017\/05\/0.jpg\",\"articleSection\":[\"Noticias OCDS\",\"Noticias\"],\"inLanguage\":\"es\"},{\"@type\":\"WebPage\",\"@id\":\"https:\/\/www.carmelitaniscalzi.com\/es\/2017\/05\/14\/xxiv-encuentro-de-la-ocds-de-portugal\/\",\"url\":\"https:\/\/www.carmelitaniscalzi.com\/es\/2017\/05\/14\/xxiv-encuentro-de-la-ocds-de-portugal\/\",\"name\":\"XXIV Encuentro de la OCDS de Portugal - CARMELITAS DESCALZOS\",\"isPartOf\":{\"@id\":\"https:\/\/www.carmelitaniscalzi.com\/#website\"},\"primaryImageOfPage\":{\"@id\":\"https:\/\/www.carmelitaniscalzi.com\/es\/2017\/05\/14\/xxiv-encuentro-de-la-ocds-de-portugal\/#primaryimage\"},\"image\":{\"@id\":\"https:\/\/www.carmelitaniscalzi.com\/es\/2017\/05\/14\/xxiv-encuentro-de-la-ocds-de-portugal\/#primaryimage\"},\"thumbnailUrl\":\"https:\/\/www.carmelitaniscalzi.com\/wp-content\/uploads\/2017\/05\/0.jpg\",\"datePublished\":\"2017-05-14T20:09:07+00:00\",\"breadcrumb\":{\"@id\":\"https:\/\/www.carmelitaniscalzi.com\/es\/2017\/05\/14\/xxiv-encuentro-de-la-ocds-de-portugal\/#breadcrumb\"},\"inLanguage\":\"es\",\"potentialAction\":[{\"@type\":\"ReadAction\",\"target\":[\"https:\/\/www.carmelitaniscalzi.com\/es\/2017\/05\/14\/xxiv-encuentro-de-la-ocds-de-portugal\/\"]}]},{\"@type\":\"ImageObject\",\"inLanguage\":\"es\",\"@id\":\"https:\/\/www.carmelitaniscalzi.com\/es\/2017\/05\/14\/xxiv-encuentro-de-la-ocds-de-portugal\/#primaryimage\",\"url\":\"https:\/\/www.carmelitaniscalzi.com\/wp-content\/uploads\/2017\/05\/0.jpg\",\"contentUrl\":\"https:\/\/www.carmelitaniscalzi.com\/wp-content\/uploads\/2017\/05\/0.jpg\",\"width\":886,\"height\":592},{\"@type\":\"BreadcrumbList\",\"@id\":\"https:\/\/www.carmelitaniscalzi.com\/es\/2017\/05\/14\/xxiv-encuentro-de-la-ocds-de-portugal\/#breadcrumb\",\"itemListElement\":[{\"@type\":\"ListItem\",\"position\":1,\"name\":\"Home\",\"item\":\"https:\/\/www.carmelitaniscalzi.com\/es\/\"},{\"@type\":\"ListItem\",\"position\":2,\"name\":\"XXIV Encuentro de la OCDS de Portugal\"}]},{\"@type\":\"WebSite\",\"@id\":\"https:\/\/www.carmelitaniscalzi.com\/#website\",\"url\":\"https:\/\/www.carmelitaniscalzi.com\/\",\"name\":\"CARMELITANI SCALZI - Curia Generale del Carmelo Teresiano\",\"description\":\"Curia General del Carmelo Teresiano\",\"publisher\":{\"@id\":\"https:\/\/www.carmelitaniscalzi.com\/#organization\"},\"alternateName\":\"CARMELITANI SCALZI\",\"potentialAction\":[{\"@type\":\"SearchAction\",\"target\":{\"@type\":\"EntryPoint\",\"urlTemplate\":\"https:\/\/www.carmelitaniscalzi.com\/?s={search_term_string}\"},\"query-input\":{\"@type\":\"PropertyValueSpecification\",\"valueRequired\":true,\"valueName\":\"search_term_string\"}}],\"inLanguage\":\"es\"},{\"@type\":\"Organization\",\"@id\":\"https:\/\/www.carmelitaniscalzi.com\/#organization\",\"name\":\"CARMELITANI SCALZI - Curia Generale del Carmelo Teresiano\",\"url\":\"https:\/\/www.carmelitaniscalzi.com\/\",\"logo\":{\"@type\":\"ImageObject\",\"inLanguage\":\"es\",\"@id\":\"https:\/\/www.carmelitaniscalzi.com\/#\/schema\/logo\/image\/\",\"url\":\"https:\/\/www.carmelitaniscalzi.com\/wp-content\/uploads\/2025\/11\/login-logo.png\",\"contentUrl\":\"https:\/\/www.carmelitaniscalzi.com\/wp-content\/uploads\/2025\/11\/login-logo.png\",\"width\":256,\"height\":256,\"caption\":\"CARMELITANI SCALZI - Curia Generale del Carmelo Teresiano\"},\"image\":{\"@id\":\"https:\/\/www.carmelitaniscalzi.com\/#\/schema\/logo\/image\/\"},\"sameAs\":[\"https:\/\/www.facebook.com\/Curia-Generalizia-Carmelitani-Scalzi-658766940887784\/\",\"https:\/\/x.com\/ocdcuria\",\"https:\/\/www.youtube.com\/channel\/UC2J5ZL0ycOY0qBSTCLX_NGQ\/videos\",\"https:\/\/www.instagram.com\/ocdinform\/\"]},{\"@type\":\"Person\",\"@id\":\"https:\/\/www.carmelitaniscalzi.com\/#\/schema\/person\/6d1c0d9bea7b6625c437246a5d6da409\",\"name\":\"ocd web master\",\"image\":{\"@type\":\"ImageObject\",\"inLanguage\":\"es\",\"@id\":\"https:\/\/www.carmelitaniscalzi.com\/#\/schema\/person\/image\/\",\"url\":\"https:\/\/secure.gravatar.com\/avatar\/41fbc5f82bad909fbaf2984c43fa50d8519ac5853e25b454d022b6868f80d0e7?s=96&d=mm&r=g\",\"contentUrl\":\"https:\/\/secure.gravatar.com\/avatar\/41fbc5f82bad909fbaf2984c43fa50d8519ac5853e25b454d022b6868f80d0e7?s=96&d=mm&r=g\",\"caption\":\"ocd web master\"},\"url\":\"https:\/\/www.carmelitaniscalzi.com\/es\/author\/ocdwebmaster\/\"}]}<\/script>\n<!-- \/ Yoast SEO plugin. -->","yoast_head_json":{"title":"XXIV Encuentro de la OCDS de Portugal - CARMELITAS DESCALZOS","robots":{"index":"index","follow":"follow","max-snippet":"max-snippet:-1","max-image-preview":"max-image-preview:large","max-video-preview":"max-video-preview:-1"},"canonical":"https:\/\/www.carmelitaniscalzi.com\/es\/2017\/05\/14\/xxiv-encuentro-de-la-ocds-de-portugal\/","og_locale":"es_ES","og_type":"article","og_title":"XXIV Encuentro de la OCDS de Portugal - CARMELITAS DESCALZOS","og_description":"F\u00e1tima, 28-30 de abril de 2017 El discernimiento vocacional del Carmelita Seglar \u00a0Con una participaci\u00f3n de entre 80 y 90 personas de varias comunidades de Portugal, incluida la Isla de Madeira, se celebr\u00f3 en la Domus Carmeli de F\u00e1tima el vigesimocuarto encuentro nacional de la OCDS portuguesa, con la presencia del delegado del P. General [&hellip;]","og_url":"https:\/\/www.carmelitaniscalzi.com\/es\/2017\/05\/14\/xxiv-encuentro-de-la-ocds-de-portugal\/","og_site_name":"CARMELITAS DESCALZOS","article_publisher":"https:\/\/www.facebook.com\/Curia-Generalizia-Carmelitani-Scalzi-658766940887784\/","article_published_time":"2017-05-14T20:09:07+00:00","og_image":[{"width":886,"height":592,"url":"https:\/\/www.carmelitaniscalzi.com\/wp-content\/uploads\/2017\/05\/0.jpg","type":"image\/jpeg"}],"author":"ocd web master","twitter_card":"summary_large_image","twitter_creator":"@ocdcuria","twitter_site":"@ocdcuria","twitter_misc":{"Escrito por":"ocd web master","Tiempo de lectura":"2 minutos"},"schema":{"@context":"https:\/\/schema.org","@graph":[{"@type":"Article","@id":"https:\/\/www.carmelitaniscalzi.com\/es\/2017\/05\/14\/xxiv-encuentro-de-la-ocds-de-portugal\/#article","isPartOf":{"@id":"https:\/\/www.carmelitaniscalzi.com\/es\/2017\/05\/14\/xxiv-encuentro-de-la-ocds-de-portugal\/"},"author":{"name":"ocd web master","@id":"https:\/\/www.carmelitaniscalzi.com\/#\/schema\/person\/6d1c0d9bea7b6625c437246a5d6da409"},"headline":"XXIV Encuentro de la OCDS de Portugal","datePublished":"2017-05-14T20:09:07+00:00","mainEntityOfPage":{"@id":"https:\/\/www.carmelitaniscalzi.com\/es\/2017\/05\/14\/xxiv-encuentro-de-la-ocds-de-portugal\/"},"wordCount":357,"publisher":{"@id":"https:\/\/www.carmelitaniscalzi.com\/#organization"},"image":{"@id":"https:\/\/www.carmelitaniscalzi.com\/es\/2017\/05\/14\/xxiv-encuentro-de-la-ocds-de-portugal\/#primaryimage"},"thumbnailUrl":"https:\/\/www.carmelitaniscalzi.com\/wp-content\/uploads\/2017\/05\/0.jpg","articleSection":["Noticias OCDS","Noticias"],"inLanguage":"es"},{"@type":"WebPage","@id":"https:\/\/www.carmelitaniscalzi.com\/es\/2017\/05\/14\/xxiv-encuentro-de-la-ocds-de-portugal\/","url":"https:\/\/www.carmelitaniscalzi.com\/es\/2017\/05\/14\/xxiv-encuentro-de-la-ocds-de-portugal\/","name":"XXIV Encuentro de la OCDS de Portugal - CARMELITAS DESCALZOS","isPartOf":{"@id":"https:\/\/www.carmelitaniscalzi.com\/#website"},"primaryImageOfPage":{"@id":"https:\/\/www.carmelitaniscalzi.com\/es\/2017\/05\/14\/xxiv-encuentro-de-la-ocds-de-portugal\/#primaryimage"},"image":{"@id":"https:\/\/www.carmelitaniscalzi.com\/es\/2017\/05\/14\/xxiv-encuentro-de-la-ocds-de-portugal\/#primaryimage"},"thumbnailUrl":"https:\/\/www.carmelitaniscalzi.com\/wp-content\/uploads\/2017\/05\/0.jpg","datePublished":"2017-05-14T20:09:07+00:00","breadcrumb":{"@id":"https:\/\/www.carmelitaniscalzi.com\/es\/2017\/05\/14\/xxiv-encuentro-de-la-ocds-de-portugal\/#breadcrumb"},"inLanguage":"es","potentialAction":[{"@type":"ReadAction","target":["https:\/\/www.carmelitaniscalzi.com\/es\/2017\/05\/14\/xxiv-encuentro-de-la-ocds-de-portugal\/"]}]},{"@type":"ImageObject","inLanguage":"es","@id":"https:\/\/www.carmelitaniscalzi.com\/es\/2017\/05\/14\/xxiv-encuentro-de-la-ocds-de-portugal\/#primaryimage","url":"https:\/\/www.carmelitaniscalzi.com\/wp-content\/uploads\/2017\/05\/0.jpg","contentUrl":"https:\/\/www.carmelitaniscalzi.com\/wp-content\/uploads\/2017\/05\/0.jpg","width":886,"height":592},{"@type":"BreadcrumbList","@id":"https:\/\/www.carmelitaniscalzi.com\/es\/2017\/05\/14\/xxiv-encuentro-de-la-ocds-de-portugal\/#breadcrumb","itemListElement":[{"@type":"ListItem","position":1,"name":"Home","item":"https:\/\/www.carmelitaniscalzi.com\/es\/"},{"@type":"ListItem","position":2,"name":"XXIV Encuentro de la OCDS de Portugal"}]},{"@type":"WebSite","@id":"https:\/\/www.carmelitaniscalzi.com\/#website","url":"https:\/\/www.carmelitaniscalzi.com\/","name":"CARMELITANI SCALZI - Curia Generale del Carmelo Teresiano","description":"Curia General del Carmelo Teresiano","publisher":{"@id":"https:\/\/www.carmelitaniscalzi.com\/#organization"},"alternateName":"CARMELITANI SCALZI","potentialAction":[{"@type":"SearchAction","target":{"@type":"EntryPoint","urlTemplate":"https:\/\/www.carmelitaniscalzi.com\/?s={search_term_string}"},"query-input":{"@type":"PropertyValueSpecification","valueRequired":true,"valueName":"search_term_string"}}],"inLanguage":"es"},{"@type":"Organization","@id":"https:\/\/www.carmelitaniscalzi.com\/#organization","name":"CARMELITANI SCALZI - Curia Generale del Carmelo Teresiano","url":"https:\/\/www.carmelitaniscalzi.com\/","logo":{"@type":"ImageObject","inLanguage":"es","@id":"https:\/\/www.carmelitaniscalzi.com\/#\/schema\/logo\/image\/","url":"https:\/\/www.carmelitaniscalzi.com\/wp-content\/uploads\/2025\/11\/login-logo.png","contentUrl":"https:\/\/www.carmelitaniscalzi.com\/wp-content\/uploads\/2025\/11\/login-logo.png","width":256,"height":256,"caption":"CARMELITANI SCALZI - Curia Generale del Carmelo Teresiano"},"image":{"@id":"https:\/\/www.carmelitaniscalzi.com\/#\/schema\/logo\/image\/"},"sameAs":["https:\/\/www.facebook.com\/Curia-Generalizia-Carmelitani-Scalzi-658766940887784\/","https:\/\/x.com\/ocdcuria","https:\/\/www.youtube.com\/channel\/UC2J5ZL0ycOY0qBSTCLX_NGQ\/videos","https:\/\/www.instagram.com\/ocdinform\/"]},{"@type":"Person","@id":"https:\/\/www.carmelitaniscalzi.com\/#\/schema\/person\/6d1c0d9bea7b6625c437246a5d6da409","name":"ocd web master","image":{"@type":"ImageObject","inLanguage":"es","@id":"https:\/\/www.carmelitaniscalzi.com\/#\/schema\/person\/image\/","url":"https:\/\/secure.gravatar.com\/avatar\/41fbc5f82bad909fbaf2984c43fa50d8519ac5853e25b454d022b6868f80d0e7?s=96&d=mm&r=g","contentUrl":"https:\/\/secure.gravatar.com\/avatar\/41fbc5f82bad909fbaf2984c43fa50d8519ac5853e25b454d022b6868f80d0e7?s=96&d=mm&r=g","caption":"ocd web master"},"url":"https:\/\/www.carmelitaniscalzi.com\/es\/author\/ocdwebmaster\/"}]}},"_links":{"self":[{"href":"https:\/\/www.carmelitaniscalzi.com\/es\/wp-json\/wp\/v2\/posts\/14319","targetHints":{"allow":["GET"]}}],"collection":[{"href":"https:\/\/www.carmelitaniscalzi.com\/es\/wp-json\/wp\/v2\/posts"}],"about":[{"href":"https:\/\/www.carmelitaniscalzi.com\/es\/wp-json\/wp\/v2\/types\/post"}],"author":[{"embeddable":true,"href":"https:\/\/www.carmelitaniscalzi.com\/es\/wp-json\/wp\/v2\/users\/7"}],"replies":[{"embeddable":true,"href":"https:\/\/www.carmelitaniscalzi.com\/es\/wp-json\/wp\/v2\/comments?post=14319"}],"version-history":[{"count":0,"href":"https:\/\/www.carmelitaniscalzi.com\/es\/wp-json\/wp\/v2\/posts\/14319\/revisions"}],"wp:featuredmedia":[{"embeddable":true,"href":"https:\/\/www.carmelitaniscalzi.com\/es\/wp-json\/wp\/v2\/media\/14306"}],"wp:attachment":[{"href":"https:\/\/www.carmelitaniscalzi.com\/es\/wp-json\/wp\/v2\/media?parent=14319"}],"wp:term":[{"taxonomy":"category","embeddable":true,"href":"https:\/\/www.carmelitaniscalzi.com\/es\/wp-json\/wp\/v2\/categories?post=14319"},{"taxonomy":"post_tag","embeddable":true,"href":"https:\/\/www.carmelitaniscalzi.com\/es\/wp-json\/wp\/v2\/tags?post=14319"}],"curies":[{"name":"wp","href":"https:\/\/api.w.org\/{rel}","templated":true}]}}