{"id":14297,"date":"2017-05-14T21:40:55","date_gmt":"2017-05-14T19:40:55","guid":{"rendered":"https:\/\/www.carmelitaniscalzi.com\/es\/?p=14297"},"modified":"2017-05-14T22:21:42","modified_gmt":"2017-05-14T20:21:42","slug":"pascua-de-monsenor-amancio-escapa-ocd","status":"publish","type":"post","link":"https:\/\/www.carmelitaniscalzi.com\/es\/2017\/05\/14\/pascua-de-monsenor-amancio-escapa-ocd\/","title":{"rendered":"Pascua de Monse\u00f1or Amancio Escapa, ocd"},"content":{"rendered":"<p style=\"margin: 0cm; margin-bottom: .0001pt; text-align: justify; text-justify: inter-ideograph;\"><span lang=\"ES\" style=\"font-size: 12.0pt; font-family: 'Times New Roman',serif;\">El pasado 5 de mayo falleci\u00f3 en Santo Domingo, Rep\u00fablica Dominicana, Monse\u00f1or Amancio Escapa Aparicio, obispo auxiliar em\u00e9rito de la Archidi\u00f3cesis de Santo Domingo, con el t\u00edtulo de Cene.<\/span><\/p>\n<p style=\"margin: 0cm; margin-bottom: .0001pt; text-align: justify; text-justify: inter-ideograph;\"><span lang=\"ES\" style=\"font-size: 12.0pt; font-family: 'Times New Roman',serif;\">Monse\u00f1or Amancio hab\u00eda nacido en Cistierna, Le\u00f3n, Espa\u00f1a, el 30 de marzo de 1938 e hizo su profesi\u00f3n como carmelita descalzo en Segovia, en la antigua Provincia de Castilla, el 2 de agosto de 1954, junto a su hermano mellizo, Jos\u00e9 Mar\u00eda, fallecido tambi\u00e9n hace unos a\u00f1os. Tomaron los nombres religiosos de Amancio de Mar\u00eda y Amando de Jes\u00fas, respectivamente.<\/span><\/p>\n<p style=\"margin: 0cm; margin-bottom: .0001pt; text-align: justify; text-justify: inter-ideograph;\"><span lang=\"ES\" style=\"font-size: 12.0pt; font-family: 'Times New Roman',serif;\">Fue ordenado sacerdote<span class=\"apple-converted-space\">\u00a0<\/span><\/span><span lang=\"ES\"><a href=\"http:\/\/airmail.calendar\/1962-04-22%2012:00:00%20GMT+1\"><span style=\"font-size: 12.0pt; font-family: 'Times New Roman',serif; color: windowtext; text-decoration: none; text-underline: none;\">el 22 de abril de 1962<\/span><\/a><\/span><span lang=\"ES\" style=\"font-size: 12.0pt; font-family: 'Times New Roman',serif;\">.<span class=\"apple-converted-space\">\u00a0<\/span><\/span><span lang=\"ES\"><a href=\"http:\/\/airmail.calendar\/1996-05-31%2012:00:00%20CEST\"><span style=\"font-size: 12.0pt; font-family: 'Times New Roman',serif; color: windowtext; text-decoration: none; text-underline: none;\">El 31 de mayo de 1996<\/span><\/a><\/span><span class=\"apple-converted-space\"><span lang=\"ES\" style=\"font-size: 12.0pt; font-family: 'Times New Roman',serif;\">\u00a0<\/span><\/span><span lang=\"ES\" style=\"font-size: 12.0pt; font-family: 'Times New Roman',serif;\">fue nombrado obispo titular de Cene y auxiliar del Arzobispo de Santo<span class=\"apple-converted-space\">\u00a0<\/span><\/span><span lang=\"ES\"><a href=\"http:\/\/airmail.calendar\/2017-05-14%2012:00:00%20CEST\"><span style=\"font-size: 12.0pt; font-family: 'Times New Roman',serif; color: windowtext; text-decoration: none; text-underline: none;\">Domingo<\/span><\/a><\/span><span class=\"apple-converted-space\"><span lang=\"ES\" style=\"font-size: 12.0pt; font-family: 'Times New Roman',serif;\">\u00a0<\/span><\/span><span lang=\"ES\" style=\"font-size: 12.0pt; font-family: 'Times New Roman',serif;\">y vicario general de la Archidi\u00f3cesis, siendo consagrado el<span class=\"apple-converted-space\">\u00a0<\/span><\/span><span lang=\"ES\"><a href=\"http:\/\/airmail.calendar\/1996-07-06%2012:00:00%20CEST\"><span style=\"font-size: 12.0pt; font-family: 'Times New Roman',serif; color: windowtext; text-decoration: none; text-underline: none;\">el 6 de julio de 1996<\/span><\/a><\/span><span lang=\"ES\" style=\"font-size: 12.0pt; font-family: 'Times New Roman',serif;\">. <\/span><\/p>\n<p style=\"margin: 0cm; margin-bottom: .0001pt; text-align: justify; text-justify: inter-ideograph;\"><span lang=\"ES\" style=\"font-size: 12.0pt; font-family: 'Times New Roman',serif;\">Nunca se desvincul\u00f3 de la Orden a pesar de su nombramiento episcopal y fij\u00f3 su residencia, de acuerdo con los superiores, en la comunidad de San Judas Tadeo de la capital.<\/span><\/p>\n<p style=\"margin: 0cm; margin-bottom: .0001pt; text-align: justify; text-justify: inter-ideograph;\"><span lang=\"ES\" style=\"font-size: 12.0pt; font-family: 'Times New Roman',serif;\">Orden\u00f3 di\u00e1conos y sacerdotes a numerosos Carmelitas del Comisariato del Caribe y, en sus visitas a Espa\u00f1a participaba activamente en celebraciones solemnes en nuestras iglesias, como la fiesta del Carmen y otras.<\/span><\/p>\n<p style=\"margin: 0cm; margin-bottom: .0001pt; text-align: justify; text-justify: inter-ideograph;\"><span lang=\"ES\" style=\"font-size: 12.0pt; font-family: 'Times New Roman',serif;\">Desde 1965 resid\u00eda en Santo<span class=\"apple-converted-space\">\u00a0<\/span><\/span><span lang=\"ES\"><a href=\"http:\/\/airmail.calendar\/2017-05-14%2012:00:00%20CEST\"><span style=\"font-size: 12.0pt; font-family: 'Times New Roman',serif; color: windowtext; text-decoration: none; text-underline: none;\">Domingo<\/span><\/a><\/span><span class=\"apple-converted-space\"><span lang=\"ES\" style=\"font-size: 12.0pt; font-family: 'Times New Roman',serif;\">\u00a0<\/span><\/span><span lang=\"ES\" style=\"font-size: 12.0pt; font-family: 'Times New Roman',serif;\">(Rep\u00fablica Dominicana) en la comunidad del Colegio san Judas Tadeo. All\u00ed fue Superior y p\u00e1rroco varias veces y tuvo tambi\u00e9n muchos encargos pastorales en la archidi\u00f3cesis hasta que fue nombrado Vicario general<span class=\"apple-converted-space\">\u00a0<\/span><\/span><span lang=\"ES\"><a href=\"http:\/\/airmail.calendar\/1982-12-17%2012:00:00%20CET\"><span style=\"font-size: 12.0pt; font-family: 'Times New Roman',serif; color: windowtext; text-decoration: none; text-underline: none;\">el 17 de diciembre de 1982<\/span><\/a><\/span><span lang=\"ES\" style=\"font-size: 12.0pt; font-family: 'Times New Roman',serif;\">. Notable fue su asistencia como consiliario durante a\u00f1os a los \u201cCursillos de Cristiandad\u201d<\/span><\/p>\n<p style=\"margin: 0cm; margin-bottom: .0001pt; text-align: justify; text-justify: inter-ideograph;\"><span lang=\"ES\" style=\"font-size: 12.0pt; font-family: 'Times New Roman',serif;\">Ha fallecido a los 79 a\u00f1os, a consecuencia de un grave c\u00e1ncer de pulm\u00f3n.<\/span><\/p>\n<p style=\"margin: 0cm; margin-bottom: .0001pt; text-align: justify; text-justify: inter-ideograph;\"><span lang=\"ES\" style=\"font-size: 12.0pt; font-family: 'Times New Roman',serif;\">Por su eterno descanso se celebraron misas en la Catedral, la sede del movimiento \u201cCursillos de Cristiandad\u201d y la parroquia de San Judas Tadeo, de los Carmelitas Descalzos. Fue sepultado en el cementerio \u201cPuerta del Cielo\u201d, de la capital dominicana, junto a su hermano.<\/span><\/p>\n<p style=\"margin: 0cm; margin-bottom: .0001pt; text-align: justify; text-justify: inter-ideograph;\"><span lang=\"ES\" style=\"font-size: 12.0pt; font-family: 'Times New Roman',serif;\">Que descanse en paz y demos gracias a Dios por el intenso y fruct\u00edfero ministerio de Monse\u00f1or Amancio.<\/span><\/p>\n<p style=\"margin: 0cm; margin-bottom: .0001pt; text-align: justify; text-justify: inter-ideograph;\"><a href=\"https:\/\/www.carmelitaniscalzi.com\/wp-content\/uploads\/2017\/05\/02-2.jpg\"><img loading=\"lazy\" decoding=\"async\" class=\"alignnone size-medium wp-image-14290\" src=\"https:\/\/www.carmelitaniscalzi.com\/wp-content\/uploads\/2017\/05\/02-2-300x225.jpg\" alt=\"\" width=\"300\" height=\"225\" srcset=\"https:\/\/www.carmelitaniscalzi.com\/wp-content\/uploads\/2017\/05\/02-2-300x225.jpg 300w, https:\/\/www.carmelitaniscalzi.com\/wp-content\/uploads\/2017\/05\/02-2-768x576.jpg 768w, https:\/\/www.carmelitaniscalzi.com\/wp-content\/uploads\/2017\/05\/02-2-73x55.jpg 73w, https:\/\/www.carmelitaniscalzi.com\/wp-content\/uploads\/2017\/05\/02-2-800x600.jpg 800w, https:\/\/www.carmelitaniscalzi.com\/wp-content\/uploads\/2017\/05\/02-2-580x435.jpg 580w, https:\/\/www.carmelitaniscalzi.com\/wp-content\/uploads\/2017\/05\/02-2.jpg 960w\" sizes=\"auto, (max-width: 300px) 100vw, 300px\" \/><\/a> <a href=\"https:\/\/www.carmelitaniscalzi.com\/wp-content\/uploads\/2017\/05\/01-1.jpg\"><img loading=\"lazy\" decoding=\"async\" class=\"alignnone size-medium wp-image-14289\" src=\"https:\/\/www.carmelitaniscalzi.com\/wp-content\/uploads\/2017\/05\/01-1-300x225.jpg\" alt=\"\" width=\"300\" height=\"225\" srcset=\"https:\/\/www.carmelitaniscalzi.com\/wp-content\/uploads\/2017\/05\/01-1-300x225.jpg 300w, https:\/\/www.carmelitaniscalzi.com\/wp-content\/uploads\/2017\/05\/01-1-768x576.jpg 768w, https:\/\/www.carmelitaniscalzi.com\/wp-content\/uploads\/2017\/05\/01-1-73x55.jpg 73w, https:\/\/www.carmelitaniscalzi.com\/wp-content\/uploads\/2017\/05\/01-1-800x600.jpg 800w, https:\/\/www.carmelitaniscalzi.com\/wp-content\/uploads\/2017\/05\/01-1-580x435.jpg 580w, https:\/\/www.carmelitaniscalzi.com\/wp-content\/uploads\/2017\/05\/01-1.jpg 960w\" sizes=\"auto, (max-width: 300px) 100vw, 300px\" \/><\/a><\/p>\n<p style=\"margin: 0cm; margin-bottom: .0001pt; text-align: justify; text-justify: inter-ideograph;\">\n","protected":false},"excerpt":{"rendered":"<p>El pasado 5 de mayo falleci\u00f3 en Santo Domingo, Rep\u00fablica Dominicana, Monse\u00f1or Amancio Escapa Aparicio, obispo auxiliar em\u00e9rito de la Archidi\u00f3cesis de Santo Domingo, con el t\u00edtulo de Cene. Monse\u00f1or Amancio hab\u00eda nacido en Cistierna, Le\u00f3n, Espa\u00f1a, el 30 de marzo de 1938 e hizo su profesi\u00f3n como carmelita descalzo en Segovia, en la antigua [&hellip;]<\/p>\n","protected":false},"author":7,"featured_media":14325,"comment_status":"closed","ping_status":"closed","sticky":false,"template":"","format":"standard","meta":{"_acf_changed":false,"footnotes":""},"categories":[174,372],"tags":[],"class_list":["post-14297","post","type-post","status-publish","format-standard","has-post-thumbnail","hentry","category-noticias-frailes","category-noticias"],"acf":[],"yoast_head":"<!-- This site is optimized with the Yoast SEO plugin v26.3 - https:\/\/yoast.com\/wordpress\/plugins\/seo\/ -->\n<title>Pascua de Monse\u00f1or Amancio Escapa, ocd - CARMELITAS DESCALZOS<\/title>\n<meta name=\"robots\" content=\"index, follow, max-snippet:-1, max-image-preview:large, max-video-preview:-1\" \/>\n<link rel=\"canonical\" href=\"https:\/\/www.carmelitaniscalzi.com\/es\/2017\/05\/14\/pascua-de-monsenor-amancio-escapa-ocd\/\" \/>\n<meta property=\"og:locale\" content=\"es_ES\" \/>\n<meta property=\"og:type\" content=\"article\" \/>\n<meta property=\"og:title\" content=\"Pascua de Monse\u00f1or Amancio Escapa, ocd - CARMELITAS DESCALZOS\" \/>\n<meta property=\"og:description\" content=\"El pasado 5 de mayo falleci\u00f3 en Santo Domingo, Rep\u00fablica Dominicana, Monse\u00f1or Amancio Escapa Aparicio, obispo auxiliar em\u00e9rito de la Archidi\u00f3cesis de Santo Domingo, con el t\u00edtulo de Cene. Monse\u00f1or Amancio hab\u00eda nacido en Cistierna, Le\u00f3n, Espa\u00f1a, el 30 de marzo de 1938 e hizo su profesi\u00f3n como carmelita descalzo en Segovia, en la antigua [&hellip;]\" \/>\n<meta property=\"og:url\" content=\"https:\/\/www.carmelitaniscalzi.com\/es\/2017\/05\/14\/pascua-de-monsenor-amancio-escapa-ocd\/\" \/>\n<meta property=\"og:site_name\" content=\"CARMELITAS DESCALZOS\" \/>\n<meta property=\"article:publisher\" content=\"https:\/\/www.facebook.com\/Curia-Generalizia-Carmelitani-Scalzi-658766940887784\/\" \/>\n<meta property=\"article:published_time\" content=\"2017-05-14T19:40:55+00:00\" \/>\n<meta property=\"article:modified_time\" content=\"2017-05-14T20:21:42+00:00\" \/>\n<meta property=\"og:image\" content=\"https:\/\/www.carmelitaniscalzi.com\/wp-content\/uploads\/2017\/05\/Amancio.jpg\" \/>\n\t<meta property=\"og:image:width\" content=\"300\" \/>\n\t<meta property=\"og:image:height\" content=\"216\" \/>\n\t<meta property=\"og:image:type\" content=\"image\/jpeg\" \/>\n<meta name=\"author\" content=\"ocd web master\" \/>\n<meta name=\"twitter:card\" content=\"summary_large_image\" \/>\n<meta name=\"twitter:creator\" content=\"@ocdcuria\" \/>\n<meta name=\"twitter:site\" content=\"@ocdcuria\" \/>\n<meta name=\"twitter:label1\" content=\"Escrito por\" \/>\n\t<meta name=\"twitter:data1\" content=\"ocd web master\" \/>\n\t<meta name=\"twitter:label2\" content=\"Tiempo de lectura\" \/>\n\t<meta name=\"twitter:data2\" content=\"2 minutos\" \/>\n<script type=\"application\/ld+json\" class=\"yoast-schema-graph\">{\"@context\":\"https:\/\/schema.org\",\"@graph\":[{\"@type\":\"Article\",\"@id\":\"https:\/\/www.carmelitaniscalzi.com\/es\/2017\/05\/14\/pascua-de-monsenor-amancio-escapa-ocd\/#article\",\"isPartOf\":{\"@id\":\"https:\/\/www.carmelitaniscalzi.com\/es\/2017\/05\/14\/pascua-de-monsenor-amancio-escapa-ocd\/\"},\"author\":{\"name\":\"ocd web master\",\"@id\":\"https:\/\/www.carmelitaniscalzi.com\/#\/schema\/person\/6d1c0d9bea7b6625c437246a5d6da409\"},\"headline\":\"Pascua de Monse\u00f1or Amancio Escapa, ocd\",\"datePublished\":\"2017-05-14T19:40:55+00:00\",\"dateModified\":\"2017-05-14T20:21:42+00:00\",\"mainEntityOfPage\":{\"@id\":\"https:\/\/www.carmelitaniscalzi.com\/es\/2017\/05\/14\/pascua-de-monsenor-amancio-escapa-ocd\/\"},\"wordCount\":349,\"publisher\":{\"@id\":\"https:\/\/www.carmelitaniscalzi.com\/#organization\"},\"image\":{\"@id\":\"https:\/\/www.carmelitaniscalzi.com\/es\/2017\/05\/14\/pascua-de-monsenor-amancio-escapa-ocd\/#primaryimage\"},\"thumbnailUrl\":\"https:\/\/www.carmelitaniscalzi.com\/wp-content\/uploads\/2017\/05\/Amancio.jpg\",\"articleSection\":[\"Noticias Frailes\",\"Noticias\"],\"inLanguage\":\"es\"},{\"@type\":\"WebPage\",\"@id\":\"https:\/\/www.carmelitaniscalzi.com\/es\/2017\/05\/14\/pascua-de-monsenor-amancio-escapa-ocd\/\",\"url\":\"https:\/\/www.carmelitaniscalzi.com\/es\/2017\/05\/14\/pascua-de-monsenor-amancio-escapa-ocd\/\",\"name\":\"Pascua de Monse\u00f1or Amancio Escapa, ocd - CARMELITAS DESCALZOS\",\"isPartOf\":{\"@id\":\"https:\/\/www.carmelitaniscalzi.com\/#website\"},\"primaryImageOfPage\":{\"@id\":\"https:\/\/www.carmelitaniscalzi.com\/es\/2017\/05\/14\/pascua-de-monsenor-amancio-escapa-ocd\/#primaryimage\"},\"image\":{\"@id\":\"https:\/\/www.carmelitaniscalzi.com\/es\/2017\/05\/14\/pascua-de-monsenor-amancio-escapa-ocd\/#primaryimage\"},\"thumbnailUrl\":\"https:\/\/www.carmelitaniscalzi.com\/wp-content\/uploads\/2017\/05\/Amancio.jpg\",\"datePublished\":\"2017-05-14T19:40:55+00:00\",\"dateModified\":\"2017-05-14T20:21:42+00:00\",\"breadcrumb\":{\"@id\":\"https:\/\/www.carmelitaniscalzi.com\/es\/2017\/05\/14\/pascua-de-monsenor-amancio-escapa-ocd\/#breadcrumb\"},\"inLanguage\":\"es\",\"potentialAction\":[{\"@type\":\"ReadAction\",\"target\":[\"https:\/\/www.carmelitaniscalzi.com\/es\/2017\/05\/14\/pascua-de-monsenor-amancio-escapa-ocd\/\"]}]},{\"@type\":\"ImageObject\",\"inLanguage\":\"es\",\"@id\":\"https:\/\/www.carmelitaniscalzi.com\/es\/2017\/05\/14\/pascua-de-monsenor-amancio-escapa-ocd\/#primaryimage\",\"url\":\"https:\/\/www.carmelitaniscalzi.com\/wp-content\/uploads\/2017\/05\/Amancio.jpg\",\"contentUrl\":\"https:\/\/www.carmelitaniscalzi.com\/wp-content\/uploads\/2017\/05\/Amancio.jpg\",\"width\":300,\"height\":216},{\"@type\":\"BreadcrumbList\",\"@id\":\"https:\/\/www.carmelitaniscalzi.com\/es\/2017\/05\/14\/pascua-de-monsenor-amancio-escapa-ocd\/#breadcrumb\",\"itemListElement\":[{\"@type\":\"ListItem\",\"position\":1,\"name\":\"Home\",\"item\":\"https:\/\/www.carmelitaniscalzi.com\/es\/\"},{\"@type\":\"ListItem\",\"position\":2,\"name\":\"Pascua de Monse\u00f1or Amancio Escapa, ocd\"}]},{\"@type\":\"WebSite\",\"@id\":\"https:\/\/www.carmelitaniscalzi.com\/#website\",\"url\":\"https:\/\/www.carmelitaniscalzi.com\/\",\"name\":\"CARMELITANI SCALZI - Curia Generale del Carmelo Teresiano\",\"description\":\"Curia General del Carmelo Teresiano\",\"publisher\":{\"@id\":\"https:\/\/www.carmelitaniscalzi.com\/#organization\"},\"alternateName\":\"CARMELITANI SCALZI\",\"potentialAction\":[{\"@type\":\"SearchAction\",\"target\":{\"@type\":\"EntryPoint\",\"urlTemplate\":\"https:\/\/www.carmelitaniscalzi.com\/?s={search_term_string}\"},\"query-input\":{\"@type\":\"PropertyValueSpecification\",\"valueRequired\":true,\"valueName\":\"search_term_string\"}}],\"inLanguage\":\"es\"},{\"@type\":\"Organization\",\"@id\":\"https:\/\/www.carmelitaniscalzi.com\/#organization\",\"name\":\"CARMELITANI SCALZI - Curia Generale del Carmelo Teresiano\",\"url\":\"https:\/\/www.carmelitaniscalzi.com\/\",\"logo\":{\"@type\":\"ImageObject\",\"inLanguage\":\"es\",\"@id\":\"https:\/\/www.carmelitaniscalzi.com\/#\/schema\/logo\/image\/\",\"url\":\"https:\/\/www.carmelitaniscalzi.com\/wp-content\/uploads\/2025\/11\/login-logo.png\",\"contentUrl\":\"https:\/\/www.carmelitaniscalzi.com\/wp-content\/uploads\/2025\/11\/login-logo.png\",\"width\":256,\"height\":256,\"caption\":\"CARMELITANI SCALZI - Curia Generale del Carmelo Teresiano\"},\"image\":{\"@id\":\"https:\/\/www.carmelitaniscalzi.com\/#\/schema\/logo\/image\/\"},\"sameAs\":[\"https:\/\/www.facebook.com\/Curia-Generalizia-Carmelitani-Scalzi-658766940887784\/\",\"https:\/\/x.com\/ocdcuria\",\"https:\/\/www.youtube.com\/channel\/UC2J5ZL0ycOY0qBSTCLX_NGQ\/videos\",\"https:\/\/www.instagram.com\/ocdinform\/\"]},{\"@type\":\"Person\",\"@id\":\"https:\/\/www.carmelitaniscalzi.com\/#\/schema\/person\/6d1c0d9bea7b6625c437246a5d6da409\",\"name\":\"ocd web master\",\"image\":{\"@type\":\"ImageObject\",\"inLanguage\":\"es\",\"@id\":\"https:\/\/www.carmelitaniscalzi.com\/#\/schema\/person\/image\/\",\"url\":\"https:\/\/secure.gravatar.com\/avatar\/41fbc5f82bad909fbaf2984c43fa50d8519ac5853e25b454d022b6868f80d0e7?s=96&d=mm&r=g\",\"contentUrl\":\"https:\/\/secure.gravatar.com\/avatar\/41fbc5f82bad909fbaf2984c43fa50d8519ac5853e25b454d022b6868f80d0e7?s=96&d=mm&r=g\",\"caption\":\"ocd web master\"},\"url\":\"https:\/\/www.carmelitaniscalzi.com\/es\/author\/ocdwebmaster\/\"}]}<\/script>\n<!-- \/ Yoast SEO plugin. -->","yoast_head_json":{"title":"Pascua de Monse\u00f1or Amancio Escapa, ocd - CARMELITAS DESCALZOS","robots":{"index":"index","follow":"follow","max-snippet":"max-snippet:-1","max-image-preview":"max-image-preview:large","max-video-preview":"max-video-preview:-1"},"canonical":"https:\/\/www.carmelitaniscalzi.com\/es\/2017\/05\/14\/pascua-de-monsenor-amancio-escapa-ocd\/","og_locale":"es_ES","og_type":"article","og_title":"Pascua de Monse\u00f1or Amancio Escapa, ocd - CARMELITAS DESCALZOS","og_description":"El pasado 5 de mayo falleci\u00f3 en Santo Domingo, Rep\u00fablica Dominicana, Monse\u00f1or Amancio Escapa Aparicio, obispo auxiliar em\u00e9rito de la Archidi\u00f3cesis de Santo Domingo, con el t\u00edtulo de Cene. Monse\u00f1or Amancio hab\u00eda nacido en Cistierna, Le\u00f3n, Espa\u00f1a, el 30 de marzo de 1938 e hizo su profesi\u00f3n como carmelita descalzo en Segovia, en la antigua [&hellip;]","og_url":"https:\/\/www.carmelitaniscalzi.com\/es\/2017\/05\/14\/pascua-de-monsenor-amancio-escapa-ocd\/","og_site_name":"CARMELITAS DESCALZOS","article_publisher":"https:\/\/www.facebook.com\/Curia-Generalizia-Carmelitani-Scalzi-658766940887784\/","article_published_time":"2017-05-14T19:40:55+00:00","article_modified_time":"2017-05-14T20:21:42+00:00","og_image":[{"width":300,"height":216,"url":"https:\/\/www.carmelitaniscalzi.com\/wp-content\/uploads\/2017\/05\/Amancio.jpg","type":"image\/jpeg"}],"author":"ocd web master","twitter_card":"summary_large_image","twitter_creator":"@ocdcuria","twitter_site":"@ocdcuria","twitter_misc":{"Escrito por":"ocd web master","Tiempo de lectura":"2 minutos"},"schema":{"@context":"https:\/\/schema.org","@graph":[{"@type":"Article","@id":"https:\/\/www.carmelitaniscalzi.com\/es\/2017\/05\/14\/pascua-de-monsenor-amancio-escapa-ocd\/#article","isPartOf":{"@id":"https:\/\/www.carmelitaniscalzi.com\/es\/2017\/05\/14\/pascua-de-monsenor-amancio-escapa-ocd\/"},"author":{"name":"ocd web master","@id":"https:\/\/www.carmelitaniscalzi.com\/#\/schema\/person\/6d1c0d9bea7b6625c437246a5d6da409"},"headline":"Pascua de Monse\u00f1or Amancio Escapa, ocd","datePublished":"2017-05-14T19:40:55+00:00","dateModified":"2017-05-14T20:21:42+00:00","mainEntityOfPage":{"@id":"https:\/\/www.carmelitaniscalzi.com\/es\/2017\/05\/14\/pascua-de-monsenor-amancio-escapa-ocd\/"},"wordCount":349,"publisher":{"@id":"https:\/\/www.carmelitaniscalzi.com\/#organization"},"image":{"@id":"https:\/\/www.carmelitaniscalzi.com\/es\/2017\/05\/14\/pascua-de-monsenor-amancio-escapa-ocd\/#primaryimage"},"thumbnailUrl":"https:\/\/www.carmelitaniscalzi.com\/wp-content\/uploads\/2017\/05\/Amancio.jpg","articleSection":["Noticias Frailes","Noticias"],"inLanguage":"es"},{"@type":"WebPage","@id":"https:\/\/www.carmelitaniscalzi.com\/es\/2017\/05\/14\/pascua-de-monsenor-amancio-escapa-ocd\/","url":"https:\/\/www.carmelitaniscalzi.com\/es\/2017\/05\/14\/pascua-de-monsenor-amancio-escapa-ocd\/","name":"Pascua de Monse\u00f1or Amancio Escapa, ocd - CARMELITAS DESCALZOS","isPartOf":{"@id":"https:\/\/www.carmelitaniscalzi.com\/#website"},"primaryImageOfPage":{"@id":"https:\/\/www.carmelitaniscalzi.com\/es\/2017\/05\/14\/pascua-de-monsenor-amancio-escapa-ocd\/#primaryimage"},"image":{"@id":"https:\/\/www.carmelitaniscalzi.com\/es\/2017\/05\/14\/pascua-de-monsenor-amancio-escapa-ocd\/#primaryimage"},"thumbnailUrl":"https:\/\/www.carmelitaniscalzi.com\/wp-content\/uploads\/2017\/05\/Amancio.jpg","datePublished":"2017-05-14T19:40:55+00:00","dateModified":"2017-05-14T20:21:42+00:00","breadcrumb":{"@id":"https:\/\/www.carmelitaniscalzi.com\/es\/2017\/05\/14\/pascua-de-monsenor-amancio-escapa-ocd\/#breadcrumb"},"inLanguage":"es","potentialAction":[{"@type":"ReadAction","target":["https:\/\/www.carmelitaniscalzi.com\/es\/2017\/05\/14\/pascua-de-monsenor-amancio-escapa-ocd\/"]}]},{"@type":"ImageObject","inLanguage":"es","@id":"https:\/\/www.carmelitaniscalzi.com\/es\/2017\/05\/14\/pascua-de-monsenor-amancio-escapa-ocd\/#primaryimage","url":"https:\/\/www.carmelitaniscalzi.com\/wp-content\/uploads\/2017\/05\/Amancio.jpg","contentUrl":"https:\/\/www.carmelitaniscalzi.com\/wp-content\/uploads\/2017\/05\/Amancio.jpg","width":300,"height":216},{"@type":"BreadcrumbList","@id":"https:\/\/www.carmelitaniscalzi.com\/es\/2017\/05\/14\/pascua-de-monsenor-amancio-escapa-ocd\/#breadcrumb","itemListElement":[{"@type":"ListItem","position":1,"name":"Home","item":"https:\/\/www.carmelitaniscalzi.com\/es\/"},{"@type":"ListItem","position":2,"name":"Pascua de Monse\u00f1or Amancio Escapa, ocd"}]},{"@type":"WebSite","@id":"https:\/\/www.carmelitaniscalzi.com\/#website","url":"https:\/\/www.carmelitaniscalzi.com\/","name":"CARMELITANI SCALZI - Curia Generale del Carmelo Teresiano","description":"Curia General del Carmelo Teresiano","publisher":{"@id":"https:\/\/www.carmelitaniscalzi.com\/#organization"},"alternateName":"CARMELITANI SCALZI","potentialAction":[{"@type":"SearchAction","target":{"@type":"EntryPoint","urlTemplate":"https:\/\/www.carmelitaniscalzi.com\/?s={search_term_string}"},"query-input":{"@type":"PropertyValueSpecification","valueRequired":true,"valueName":"search_term_string"}}],"inLanguage":"es"},{"@type":"Organization","@id":"https:\/\/www.carmelitaniscalzi.com\/#organization","name":"CARMELITANI SCALZI - Curia Generale del Carmelo Teresiano","url":"https:\/\/www.carmelitaniscalzi.com\/","logo":{"@type":"ImageObject","inLanguage":"es","@id":"https:\/\/www.carmelitaniscalzi.com\/#\/schema\/logo\/image\/","url":"https:\/\/www.carmelitaniscalzi.com\/wp-content\/uploads\/2025\/11\/login-logo.png","contentUrl":"https:\/\/www.carmelitaniscalzi.com\/wp-content\/uploads\/2025\/11\/login-logo.png","width":256,"height":256,"caption":"CARMELITANI SCALZI - Curia Generale del Carmelo Teresiano"},"image":{"@id":"https:\/\/www.carmelitaniscalzi.com\/#\/schema\/logo\/image\/"},"sameAs":["https:\/\/www.facebook.com\/Curia-Generalizia-Carmelitani-Scalzi-658766940887784\/","https:\/\/x.com\/ocdcuria","https:\/\/www.youtube.com\/channel\/UC2J5ZL0ycOY0qBSTCLX_NGQ\/videos","https:\/\/www.instagram.com\/ocdinform\/"]},{"@type":"Person","@id":"https:\/\/www.carmelitaniscalzi.com\/#\/schema\/person\/6d1c0d9bea7b6625c437246a5d6da409","name":"ocd web master","image":{"@type":"ImageObject","inLanguage":"es","@id":"https:\/\/www.carmelitaniscalzi.com\/#\/schema\/person\/image\/","url":"https:\/\/secure.gravatar.com\/avatar\/41fbc5f82bad909fbaf2984c43fa50d8519ac5853e25b454d022b6868f80d0e7?s=96&d=mm&r=g","contentUrl":"https:\/\/secure.gravatar.com\/avatar\/41fbc5f82bad909fbaf2984c43fa50d8519ac5853e25b454d022b6868f80d0e7?s=96&d=mm&r=g","caption":"ocd web master"},"url":"https:\/\/www.carmelitaniscalzi.com\/es\/author\/ocdwebmaster\/"}]}},"_links":{"self":[{"href":"https:\/\/www.carmelitaniscalzi.com\/es\/wp-json\/wp\/v2\/posts\/14297","targetHints":{"allow":["GET"]}}],"collection":[{"href":"https:\/\/www.carmelitaniscalzi.com\/es\/wp-json\/wp\/v2\/posts"}],"about":[{"href":"https:\/\/www.carmelitaniscalzi.com\/es\/wp-json\/wp\/v2\/types\/post"}],"author":[{"embeddable":true,"href":"https:\/\/www.carmelitaniscalzi.com\/es\/wp-json\/wp\/v2\/users\/7"}],"replies":[{"embeddable":true,"href":"https:\/\/www.carmelitaniscalzi.com\/es\/wp-json\/wp\/v2\/comments?post=14297"}],"version-history":[{"count":0,"href":"https:\/\/www.carmelitaniscalzi.com\/es\/wp-json\/wp\/v2\/posts\/14297\/revisions"}],"wp:featuredmedia":[{"embeddable":true,"href":"https:\/\/www.carmelitaniscalzi.com\/es\/wp-json\/wp\/v2\/media\/14325"}],"wp:attachment":[{"href":"https:\/\/www.carmelitaniscalzi.com\/es\/wp-json\/wp\/v2\/media?parent=14297"}],"wp:term":[{"taxonomy":"category","embeddable":true,"href":"https:\/\/www.carmelitaniscalzi.com\/es\/wp-json\/wp\/v2\/categories?post=14297"},{"taxonomy":"post_tag","embeddable":true,"href":"https:\/\/www.carmelitaniscalzi.com\/es\/wp-json\/wp\/v2\/tags?post=14297"}],"curies":[{"name":"wp","href":"https:\/\/api.w.org\/{rel}","templated":true}]}}