{"id":13909,"date":"2017-04-17T00:32:37","date_gmt":"2017-04-16T22:32:37","guid":{"rendered":"https:\/\/www.carmelitaniscalzi.com\/es\/?p=13909"},"modified":"2021-05-23T14:14:42","modified_gmt":"2021-05-23T12:14:42","slug":"capitulo-provincial-ocds-colombia","status":"publish","type":"post","link":"https:\/\/www.carmelitaniscalzi.com\/es\/2017\/04\/17\/capitulo-provincial-ocds-colombia\/","title":{"rendered":"Cap\u00edtulo Provincial OCDS Colombia"},"content":{"rendered":"<p>Durante los d\u00edas 24, 25 y 26 de marzo, se llev\u00f3 a cabo en la ciudad de Medell\u00edn, el V Cap\u00edtulo Provincial de la OCDS en la Casa de Retiros Francisco Palau de las Carmelitas Misioneras. El evento cont\u00f3 con la participaci\u00f3n de delegados de siete comunidades del pa\u00eds (Medell\u00edn, Pereira, Villa de Leyva, Cali, Bogot\u00e1, Anz\u00e1 y Bucaramanga) y la presencia de los frailes carmelitas descalzos fr. Milton Moulthon y fr. Arcesio Escobar.<\/p>\n<p>El objetivo principal de la reuni\u00f3n fue elegir a los integrantes del Consejo Provincial, quienes prestar\u00e1n su servicio durante el pr\u00f3ximo trienio en las siguientes funciones:<\/p>\n<p>Presidenta: Lucy del Carmen Quexada;<\/p>\n<p>Formadora: Esther Leonor Galvis;<\/p>\n<p>Consejer\u00eda de Vida Espiritual: Josefina Espitia;<\/p>\n<p>Consejer\u00eda de Apostolado: Gabriela Mar\u00edn;<\/p>\n<p>Consejer\u00eda de Vida Mariana: Francisco Neira;<\/p>\n<p>Auxiliar para la tesorer\u00eda: Rosario Serrano;<\/p>\n<p>Secretar\u00eda Caroline Gebehart.<\/p>\n<p>En el encuentro se reflexion\u00f3, adem\u00e1s sobre las inquietudes planteadas por el Prep\u00f3sito General en la carta enviada desde Roma, el 27 de marzo de 2016.<\/p>\n<p><a href=\"https:\/\/www.carmelitaniscalzi.com\/wp-content\/uploads\/2017\/04\/04.png\"><img loading=\"lazy\" decoding=\"async\" class=\"alignnone size-medium wp-image-13900\" src=\"https:\/\/www.carmelitaniscalzi.com\/wp-content\/uploads\/2017\/04\/04-300x175.png\" alt=\"\" width=\"300\" height=\"175\" srcset=\"https:\/\/www.carmelitaniscalzi.com\/wp-content\/uploads\/2017\/04\/04-300x175.png 300w, https:\/\/www.carmelitaniscalzi.com\/wp-content\/uploads\/2017\/04\/04-95x55.png 95w, https:\/\/www.carmelitaniscalzi.com\/wp-content\/uploads\/2017\/04\/04.png 557w\" sizes=\"auto, (max-width: 300px) 100vw, 300px\" \/><\/a> <a href=\"https:\/\/www.carmelitaniscalzi.com\/wp-content\/uploads\/2017\/04\/03.png\"><img loading=\"lazy\" decoding=\"async\" class=\"alignnone size-medium wp-image-13899\" src=\"https:\/\/www.carmelitaniscalzi.com\/wp-content\/uploads\/2017\/04\/03-300x160.png\" alt=\"\" width=\"300\" height=\"160\" srcset=\"https:\/\/www.carmelitaniscalzi.com\/wp-content\/uploads\/2017\/04\/03-300x160.png 300w, https:\/\/www.carmelitaniscalzi.com\/wp-content\/uploads\/2017\/04\/03-103x55.png 103w, https:\/\/www.carmelitaniscalzi.com\/wp-content\/uploads\/2017\/04\/03-580x310.png 580w, https:\/\/www.carmelitaniscalzi.com\/wp-content\/uploads\/2017\/04\/03.png 587w\" sizes=\"auto, (max-width: 300px) 100vw, 300px\" \/><\/a> <a href=\"https:\/\/www.carmelitaniscalzi.com\/wp-content\/uploads\/2017\/04\/02.png\"><img loading=\"lazy\" decoding=\"async\" class=\"alignnone size-medium wp-image-13898\" src=\"https:\/\/www.carmelitaniscalzi.com\/wp-content\/uploads\/2017\/04\/02-300x164.png\" alt=\"\" width=\"300\" height=\"164\" srcset=\"https:\/\/www.carmelitaniscalzi.com\/wp-content\/uploads\/2017\/04\/02-300x164.png 300w, https:\/\/www.carmelitaniscalzi.com\/wp-content\/uploads\/2017\/04\/02-100x55.png 100w, https:\/\/www.carmelitaniscalzi.com\/wp-content\/uploads\/2017\/04\/02-580x318.png 580w, https:\/\/www.carmelitaniscalzi.com\/wp-content\/uploads\/2017\/04\/02.png 611w\" sizes=\"auto, (max-width: 300px) 100vw, 300px\" \/><\/a><\/p>\n","protected":false},"excerpt":{"rendered":"<p>Durante los d\u00edas 24, 25 y 26 de marzo, se llev\u00f3 a cabo en la ciudad de Medell\u00edn, el V Cap\u00edtulo Provincial de la OCDS en la Casa de Retiros Francisco Palau de las Carmelitas Misioneras. El evento cont\u00f3 con la participaci\u00f3n de delegados de siete comunidades del pa\u00eds (Medell\u00edn, Pereira, Villa de Leyva, Cali, [&hellip;]<\/p>\n","protected":false},"author":7,"featured_media":13897,"comment_status":"closed","ping_status":"closed","sticky":false,"template":"","format":"standard","meta":{"_acf_changed":false,"footnotes":""},"categories":[263,372],"tags":[],"class_list":["post-13909","post","type-post","status-publish","format-standard","has-post-thumbnail","hentry","category-noticias-ocds","category-noticias"],"acf":[],"yoast_head":"<!-- This site is optimized with the Yoast SEO plugin v26.3 - https:\/\/yoast.com\/wordpress\/plugins\/seo\/ -->\n<title>Cap\u00edtulo Provincial OCDS Colombia - CARMELITAS DESCALZOS<\/title>\n<meta name=\"robots\" content=\"index, follow, max-snippet:-1, max-image-preview:large, max-video-preview:-1\" \/>\n<link rel=\"canonical\" href=\"https:\/\/www.carmelitaniscalzi.com\/es\/2017\/04\/17\/capitulo-provincial-ocds-colombia\/\" \/>\n<meta property=\"og:locale\" content=\"es_ES\" \/>\n<meta property=\"og:type\" content=\"article\" \/>\n<meta property=\"og:title\" content=\"Cap\u00edtulo Provincial OCDS Colombia - CARMELITAS DESCALZOS\" \/>\n<meta property=\"og:description\" content=\"Durante los d\u00edas 24, 25 y 26 de marzo, se llev\u00f3 a cabo en la ciudad de Medell\u00edn, el V Cap\u00edtulo Provincial de la OCDS en la Casa de Retiros Francisco Palau de las Carmelitas Misioneras. El evento cont\u00f3 con la participaci\u00f3n de delegados de siete comunidades del pa\u00eds (Medell\u00edn, Pereira, Villa de Leyva, Cali, [&hellip;]\" \/>\n<meta property=\"og:url\" content=\"https:\/\/www.carmelitaniscalzi.com\/es\/2017\/04\/17\/capitulo-provincial-ocds-colombia\/\" \/>\n<meta property=\"og:site_name\" content=\"CARMELITAS DESCALZOS\" \/>\n<meta property=\"article:publisher\" content=\"https:\/\/www.facebook.com\/Curia-Generalizia-Carmelitani-Scalzi-658766940887784\/\" \/>\n<meta property=\"article:published_time\" content=\"2017-04-16T22:32:37+00:00\" \/>\n<meta property=\"article:modified_time\" content=\"2021-05-23T12:14:42+00:00\" \/>\n<meta property=\"og:image\" content=\"https:\/\/www.carmelitaniscalzi.com\/wp-content\/uploads\/2017\/04\/01.png\" \/>\n\t<meta property=\"og:image:width\" content=\"574\" \/>\n\t<meta property=\"og:image:height\" content=\"354\" \/>\n\t<meta property=\"og:image:type\" content=\"image\/png\" \/>\n<meta name=\"author\" content=\"ocd web master\" \/>\n<meta name=\"twitter:card\" content=\"summary_large_image\" \/>\n<meta name=\"twitter:creator\" content=\"@ocdcuria\" \/>\n<meta name=\"twitter:site\" content=\"@ocdcuria\" \/>\n<meta name=\"twitter:label1\" content=\"Escrito por\" \/>\n\t<meta name=\"twitter:data1\" content=\"ocd web master\" \/>\n\t<meta name=\"twitter:label2\" content=\"Tiempo de lectura\" \/>\n\t<meta name=\"twitter:data2\" content=\"1 minuto\" \/>\n<script type=\"application\/ld+json\" class=\"yoast-schema-graph\">{\"@context\":\"https:\/\/schema.org\",\"@graph\":[{\"@type\":\"Article\",\"@id\":\"https:\/\/www.carmelitaniscalzi.com\/es\/2017\/04\/17\/capitulo-provincial-ocds-colombia\/#article\",\"isPartOf\":{\"@id\":\"https:\/\/www.carmelitaniscalzi.com\/es\/2017\/04\/17\/capitulo-provincial-ocds-colombia\/\"},\"author\":{\"name\":\"ocd web master\",\"@id\":\"https:\/\/www.carmelitaniscalzi.com\/#\/schema\/person\/6d1c0d9bea7b6625c437246a5d6da409\"},\"headline\":\"Cap\u00edtulo Provincial OCDS Colombia\",\"datePublished\":\"2017-04-16T22:32:37+00:00\",\"dateModified\":\"2021-05-23T12:14:42+00:00\",\"mainEntityOfPage\":{\"@id\":\"https:\/\/www.carmelitaniscalzi.com\/es\/2017\/04\/17\/capitulo-provincial-ocds-colombia\/\"},\"wordCount\":178,\"publisher\":{\"@id\":\"https:\/\/www.carmelitaniscalzi.com\/#organization\"},\"image\":{\"@id\":\"https:\/\/www.carmelitaniscalzi.com\/es\/2017\/04\/17\/capitulo-provincial-ocds-colombia\/#primaryimage\"},\"thumbnailUrl\":\"https:\/\/www.carmelitaniscalzi.com\/wp-content\/uploads\/2017\/04\/01.png\",\"articleSection\":[\"Noticias OCDS\",\"Noticias\"],\"inLanguage\":\"es\"},{\"@type\":\"WebPage\",\"@id\":\"https:\/\/www.carmelitaniscalzi.com\/es\/2017\/04\/17\/capitulo-provincial-ocds-colombia\/\",\"url\":\"https:\/\/www.carmelitaniscalzi.com\/es\/2017\/04\/17\/capitulo-provincial-ocds-colombia\/\",\"name\":\"Cap\u00edtulo Provincial OCDS Colombia - CARMELITAS DESCALZOS\",\"isPartOf\":{\"@id\":\"https:\/\/www.carmelitaniscalzi.com\/#website\"},\"primaryImageOfPage\":{\"@id\":\"https:\/\/www.carmelitaniscalzi.com\/es\/2017\/04\/17\/capitulo-provincial-ocds-colombia\/#primaryimage\"},\"image\":{\"@id\":\"https:\/\/www.carmelitaniscalzi.com\/es\/2017\/04\/17\/capitulo-provincial-ocds-colombia\/#primaryimage\"},\"thumbnailUrl\":\"https:\/\/www.carmelitaniscalzi.com\/wp-content\/uploads\/2017\/04\/01.png\",\"datePublished\":\"2017-04-16T22:32:37+00:00\",\"dateModified\":\"2021-05-23T12:14:42+00:00\",\"breadcrumb\":{\"@id\":\"https:\/\/www.carmelitaniscalzi.com\/es\/2017\/04\/17\/capitulo-provincial-ocds-colombia\/#breadcrumb\"},\"inLanguage\":\"es\",\"potentialAction\":[{\"@type\":\"ReadAction\",\"target\":[\"https:\/\/www.carmelitaniscalzi.com\/es\/2017\/04\/17\/capitulo-provincial-ocds-colombia\/\"]}]},{\"@type\":\"ImageObject\",\"inLanguage\":\"es\",\"@id\":\"https:\/\/www.carmelitaniscalzi.com\/es\/2017\/04\/17\/capitulo-provincial-ocds-colombia\/#primaryimage\",\"url\":\"https:\/\/www.carmelitaniscalzi.com\/wp-content\/uploads\/2017\/04\/01.png\",\"contentUrl\":\"https:\/\/www.carmelitaniscalzi.com\/wp-content\/uploads\/2017\/04\/01.png\",\"width\":574,\"height\":354},{\"@type\":\"BreadcrumbList\",\"@id\":\"https:\/\/www.carmelitaniscalzi.com\/es\/2017\/04\/17\/capitulo-provincial-ocds-colombia\/#breadcrumb\",\"itemListElement\":[{\"@type\":\"ListItem\",\"position\":1,\"name\":\"Home\",\"item\":\"https:\/\/www.carmelitaniscalzi.com\/es\/\"},{\"@type\":\"ListItem\",\"position\":2,\"name\":\"Cap\u00edtulo Provincial OCDS Colombia\"}]},{\"@type\":\"WebSite\",\"@id\":\"https:\/\/www.carmelitaniscalzi.com\/#website\",\"url\":\"https:\/\/www.carmelitaniscalzi.com\/\",\"name\":\"CARMELITANI SCALZI - Curia Generale del Carmelo Teresiano\",\"description\":\"Curia General del Carmelo Teresiano\",\"publisher\":{\"@id\":\"https:\/\/www.carmelitaniscalzi.com\/#organization\"},\"alternateName\":\"CARMELITANI SCALZI\",\"potentialAction\":[{\"@type\":\"SearchAction\",\"target\":{\"@type\":\"EntryPoint\",\"urlTemplate\":\"https:\/\/www.carmelitaniscalzi.com\/?s={search_term_string}\"},\"query-input\":{\"@type\":\"PropertyValueSpecification\",\"valueRequired\":true,\"valueName\":\"search_term_string\"}}],\"inLanguage\":\"es\"},{\"@type\":\"Organization\",\"@id\":\"https:\/\/www.carmelitaniscalzi.com\/#organization\",\"name\":\"CARMELITANI SCALZI - Curia Generale del Carmelo Teresiano\",\"url\":\"https:\/\/www.carmelitaniscalzi.com\/\",\"logo\":{\"@type\":\"ImageObject\",\"inLanguage\":\"es\",\"@id\":\"https:\/\/www.carmelitaniscalzi.com\/#\/schema\/logo\/image\/\",\"url\":\"https:\/\/www.carmelitaniscalzi.com\/wp-content\/uploads\/2025\/11\/login-logo.png\",\"contentUrl\":\"https:\/\/www.carmelitaniscalzi.com\/wp-content\/uploads\/2025\/11\/login-logo.png\",\"width\":256,\"height\":256,\"caption\":\"CARMELITANI SCALZI - Curia Generale del Carmelo Teresiano\"},\"image\":{\"@id\":\"https:\/\/www.carmelitaniscalzi.com\/#\/schema\/logo\/image\/\"},\"sameAs\":[\"https:\/\/www.facebook.com\/Curia-Generalizia-Carmelitani-Scalzi-658766940887784\/\",\"https:\/\/x.com\/ocdcuria\",\"https:\/\/www.youtube.com\/channel\/UC2J5ZL0ycOY0qBSTCLX_NGQ\/videos\",\"https:\/\/www.instagram.com\/ocdinform\/\"]},{\"@type\":\"Person\",\"@id\":\"https:\/\/www.carmelitaniscalzi.com\/#\/schema\/person\/6d1c0d9bea7b6625c437246a5d6da409\",\"name\":\"ocd web master\",\"image\":{\"@type\":\"ImageObject\",\"inLanguage\":\"es\",\"@id\":\"https:\/\/www.carmelitaniscalzi.com\/#\/schema\/person\/image\/\",\"url\":\"https:\/\/secure.gravatar.com\/avatar\/41fbc5f82bad909fbaf2984c43fa50d8519ac5853e25b454d022b6868f80d0e7?s=96&d=mm&r=g\",\"contentUrl\":\"https:\/\/secure.gravatar.com\/avatar\/41fbc5f82bad909fbaf2984c43fa50d8519ac5853e25b454d022b6868f80d0e7?s=96&d=mm&r=g\",\"caption\":\"ocd web master\"},\"url\":\"https:\/\/www.carmelitaniscalzi.com\/es\/author\/ocdwebmaster\/\"}]}<\/script>\n<!-- \/ Yoast SEO plugin. -->","yoast_head_json":{"title":"Cap\u00edtulo Provincial OCDS Colombia - CARMELITAS DESCALZOS","robots":{"index":"index","follow":"follow","max-snippet":"max-snippet:-1","max-image-preview":"max-image-preview:large","max-video-preview":"max-video-preview:-1"},"canonical":"https:\/\/www.carmelitaniscalzi.com\/es\/2017\/04\/17\/capitulo-provincial-ocds-colombia\/","og_locale":"es_ES","og_type":"article","og_title":"Cap\u00edtulo Provincial OCDS Colombia - CARMELITAS DESCALZOS","og_description":"Durante los d\u00edas 24, 25 y 26 de marzo, se llev\u00f3 a cabo en la ciudad de Medell\u00edn, el V Cap\u00edtulo Provincial de la OCDS en la Casa de Retiros Francisco Palau de las Carmelitas Misioneras. El evento cont\u00f3 con la participaci\u00f3n de delegados de siete comunidades del pa\u00eds (Medell\u00edn, Pereira, Villa de Leyva, Cali, [&hellip;]","og_url":"https:\/\/www.carmelitaniscalzi.com\/es\/2017\/04\/17\/capitulo-provincial-ocds-colombia\/","og_site_name":"CARMELITAS DESCALZOS","article_publisher":"https:\/\/www.facebook.com\/Curia-Generalizia-Carmelitani-Scalzi-658766940887784\/","article_published_time":"2017-04-16T22:32:37+00:00","article_modified_time":"2021-05-23T12:14:42+00:00","og_image":[{"width":574,"height":354,"url":"https:\/\/www.carmelitaniscalzi.com\/wp-content\/uploads\/2017\/04\/01.png","type":"image\/png"}],"author":"ocd web master","twitter_card":"summary_large_image","twitter_creator":"@ocdcuria","twitter_site":"@ocdcuria","twitter_misc":{"Escrito por":"ocd web master","Tiempo de lectura":"1 minuto"},"schema":{"@context":"https:\/\/schema.org","@graph":[{"@type":"Article","@id":"https:\/\/www.carmelitaniscalzi.com\/es\/2017\/04\/17\/capitulo-provincial-ocds-colombia\/#article","isPartOf":{"@id":"https:\/\/www.carmelitaniscalzi.com\/es\/2017\/04\/17\/capitulo-provincial-ocds-colombia\/"},"author":{"name":"ocd web master","@id":"https:\/\/www.carmelitaniscalzi.com\/#\/schema\/person\/6d1c0d9bea7b6625c437246a5d6da409"},"headline":"Cap\u00edtulo Provincial OCDS Colombia","datePublished":"2017-04-16T22:32:37+00:00","dateModified":"2021-05-23T12:14:42+00:00","mainEntityOfPage":{"@id":"https:\/\/www.carmelitaniscalzi.com\/es\/2017\/04\/17\/capitulo-provincial-ocds-colombia\/"},"wordCount":178,"publisher":{"@id":"https:\/\/www.carmelitaniscalzi.com\/#organization"},"image":{"@id":"https:\/\/www.carmelitaniscalzi.com\/es\/2017\/04\/17\/capitulo-provincial-ocds-colombia\/#primaryimage"},"thumbnailUrl":"https:\/\/www.carmelitaniscalzi.com\/wp-content\/uploads\/2017\/04\/01.png","articleSection":["Noticias OCDS","Noticias"],"inLanguage":"es"},{"@type":"WebPage","@id":"https:\/\/www.carmelitaniscalzi.com\/es\/2017\/04\/17\/capitulo-provincial-ocds-colombia\/","url":"https:\/\/www.carmelitaniscalzi.com\/es\/2017\/04\/17\/capitulo-provincial-ocds-colombia\/","name":"Cap\u00edtulo Provincial OCDS Colombia - CARMELITAS DESCALZOS","isPartOf":{"@id":"https:\/\/www.carmelitaniscalzi.com\/#website"},"primaryImageOfPage":{"@id":"https:\/\/www.carmelitaniscalzi.com\/es\/2017\/04\/17\/capitulo-provincial-ocds-colombia\/#primaryimage"},"image":{"@id":"https:\/\/www.carmelitaniscalzi.com\/es\/2017\/04\/17\/capitulo-provincial-ocds-colombia\/#primaryimage"},"thumbnailUrl":"https:\/\/www.carmelitaniscalzi.com\/wp-content\/uploads\/2017\/04\/01.png","datePublished":"2017-04-16T22:32:37+00:00","dateModified":"2021-05-23T12:14:42+00:00","breadcrumb":{"@id":"https:\/\/www.carmelitaniscalzi.com\/es\/2017\/04\/17\/capitulo-provincial-ocds-colombia\/#breadcrumb"},"inLanguage":"es","potentialAction":[{"@type":"ReadAction","target":["https:\/\/www.carmelitaniscalzi.com\/es\/2017\/04\/17\/capitulo-provincial-ocds-colombia\/"]}]},{"@type":"ImageObject","inLanguage":"es","@id":"https:\/\/www.carmelitaniscalzi.com\/es\/2017\/04\/17\/capitulo-provincial-ocds-colombia\/#primaryimage","url":"https:\/\/www.carmelitaniscalzi.com\/wp-content\/uploads\/2017\/04\/01.png","contentUrl":"https:\/\/www.carmelitaniscalzi.com\/wp-content\/uploads\/2017\/04\/01.png","width":574,"height":354},{"@type":"BreadcrumbList","@id":"https:\/\/www.carmelitaniscalzi.com\/es\/2017\/04\/17\/capitulo-provincial-ocds-colombia\/#breadcrumb","itemListElement":[{"@type":"ListItem","position":1,"name":"Home","item":"https:\/\/www.carmelitaniscalzi.com\/es\/"},{"@type":"ListItem","position":2,"name":"Cap\u00edtulo Provincial OCDS Colombia"}]},{"@type":"WebSite","@id":"https:\/\/www.carmelitaniscalzi.com\/#website","url":"https:\/\/www.carmelitaniscalzi.com\/","name":"CARMELITANI SCALZI - Curia Generale del Carmelo Teresiano","description":"Curia General del Carmelo Teresiano","publisher":{"@id":"https:\/\/www.carmelitaniscalzi.com\/#organization"},"alternateName":"CARMELITANI SCALZI","potentialAction":[{"@type":"SearchAction","target":{"@type":"EntryPoint","urlTemplate":"https:\/\/www.carmelitaniscalzi.com\/?s={search_term_string}"},"query-input":{"@type":"PropertyValueSpecification","valueRequired":true,"valueName":"search_term_string"}}],"inLanguage":"es"},{"@type":"Organization","@id":"https:\/\/www.carmelitaniscalzi.com\/#organization","name":"CARMELITANI SCALZI - Curia Generale del Carmelo Teresiano","url":"https:\/\/www.carmelitaniscalzi.com\/","logo":{"@type":"ImageObject","inLanguage":"es","@id":"https:\/\/www.carmelitaniscalzi.com\/#\/schema\/logo\/image\/","url":"https:\/\/www.carmelitaniscalzi.com\/wp-content\/uploads\/2025\/11\/login-logo.png","contentUrl":"https:\/\/www.carmelitaniscalzi.com\/wp-content\/uploads\/2025\/11\/login-logo.png","width":256,"height":256,"caption":"CARMELITANI SCALZI - Curia Generale del Carmelo Teresiano"},"image":{"@id":"https:\/\/www.carmelitaniscalzi.com\/#\/schema\/logo\/image\/"},"sameAs":["https:\/\/www.facebook.com\/Curia-Generalizia-Carmelitani-Scalzi-658766940887784\/","https:\/\/x.com\/ocdcuria","https:\/\/www.youtube.com\/channel\/UC2J5ZL0ycOY0qBSTCLX_NGQ\/videos","https:\/\/www.instagram.com\/ocdinform\/"]},{"@type":"Person","@id":"https:\/\/www.carmelitaniscalzi.com\/#\/schema\/person\/6d1c0d9bea7b6625c437246a5d6da409","name":"ocd web master","image":{"@type":"ImageObject","inLanguage":"es","@id":"https:\/\/www.carmelitaniscalzi.com\/#\/schema\/person\/image\/","url":"https:\/\/secure.gravatar.com\/avatar\/41fbc5f82bad909fbaf2984c43fa50d8519ac5853e25b454d022b6868f80d0e7?s=96&d=mm&r=g","contentUrl":"https:\/\/secure.gravatar.com\/avatar\/41fbc5f82bad909fbaf2984c43fa50d8519ac5853e25b454d022b6868f80d0e7?s=96&d=mm&r=g","caption":"ocd web master"},"url":"https:\/\/www.carmelitaniscalzi.com\/es\/author\/ocdwebmaster\/"}]}},"_links":{"self":[{"href":"https:\/\/www.carmelitaniscalzi.com\/es\/wp-json\/wp\/v2\/posts\/13909","targetHints":{"allow":["GET"]}}],"collection":[{"href":"https:\/\/www.carmelitaniscalzi.com\/es\/wp-json\/wp\/v2\/posts"}],"about":[{"href":"https:\/\/www.carmelitaniscalzi.com\/es\/wp-json\/wp\/v2\/types\/post"}],"author":[{"embeddable":true,"href":"https:\/\/www.carmelitaniscalzi.com\/es\/wp-json\/wp\/v2\/users\/7"}],"replies":[{"embeddable":true,"href":"https:\/\/www.carmelitaniscalzi.com\/es\/wp-json\/wp\/v2\/comments?post=13909"}],"version-history":[{"count":0,"href":"https:\/\/www.carmelitaniscalzi.com\/es\/wp-json\/wp\/v2\/posts\/13909\/revisions"}],"wp:featuredmedia":[{"embeddable":true,"href":"https:\/\/www.carmelitaniscalzi.com\/es\/wp-json\/wp\/v2\/media\/13897"}],"wp:attachment":[{"href":"https:\/\/www.carmelitaniscalzi.com\/es\/wp-json\/wp\/v2\/media?parent=13909"}],"wp:term":[{"taxonomy":"category","embeddable":true,"href":"https:\/\/www.carmelitaniscalzi.com\/es\/wp-json\/wp\/v2\/categories?post=13909"},{"taxonomy":"post_tag","embeddable":true,"href":"https:\/\/www.carmelitaniscalzi.com\/es\/wp-json\/wp\/v2\/tags?post=13909"}],"curies":[{"name":"wp","href":"https:\/\/api.w.org\/{rel}","templated":true}]}}