{"id":13597,"date":"2017-03-21T14:38:36","date_gmt":"2017-03-21T13:38:36","guid":{"rendered":"https:\/\/www.carmelitaniscalzi.com\/es\/?p=13597"},"modified":"2017-03-21T14:38:36","modified_gmt":"2017-03-21T13:38:36","slug":"las-carmelitas-descalzas-en-tanger-marruecos","status":"publish","type":"post","link":"https:\/\/www.carmelitaniscalzi.com\/es\/2017\/03\/21\/las-carmelitas-descalzas-en-tanger-marruecos\/","title":{"rendered":"Las carmelitas descalzas en T\u00e1nger (Marruecos)"},"content":{"rendered":"<p>Con la ayuda de Dios, la presencia del Carmelo teresiano en Marruecos, visible en la comunidad de carmelitas descalzas de T\u00e1nger, contin\u00faa su andadura en aquellas tierras del Islam.<\/p>\n<p>A lo largo del a\u00f1o 2016, marcado por el Jubileo de la Misericordia, han acogido diversas actividades promovidas por su Archidi\u00f3cesis, pues la comunidad constituye un punto de referencia para todos los cristianos que peregrinan en T\u00e1nger.<\/p>\n<p>Varios religiosos carmelitas, comenzando por el P. Provincial, Miguel M\u00e1rquez, ocd, Ordinario de la comunidad, han acompa\u00f1ado a nuestras hermanas imparti\u00e9ndoles cursos de formaci\u00f3n o ejercicios y ellas han podido tambi\u00e9n estar presentes en encuentros federales o promovidos por el Centro de la Orden. Adem\u00e1s de su vinculaci\u00f3n a la Federaci\u00f3n de Andaluc\u00eda de Carmelitas descalzas, las hermanas de T\u00e1nger cultivan su relaci\u00f3n con las Carmelitas de Tierra Santa y, aprovechando su presencia en Roma convocadas por el Papa Francisco, las hermanas Mar\u00eda In\u00e9s Agn\u00e8s, Coordinadora de la Asociaci\u00f3n de Tierra Santa y Priora del Carmelo de Jerusal\u00e9n, y de Maira, Priora del Carmelo de Haifa, pudieron visitar la comunidad de T\u00e1nger a principios de febrero.<\/p>\n<p>Nuestras hermanas contin\u00faan con gran empe\u00f1o su formaci\u00f3n en las lenguas del pa\u00eds, ya que el uso del espa\u00f1ol es cada vez menos corriente entre los ciudadanos de T\u00e1nger. As\u00ed, han recibido diversas ayudas para mejorar sus conocimientos de franc\u00e9s y \u00e1rabe.<\/p>\n<p>La hermana Julia, de la comunidad de Pescara, ha finalizado su per\u00edodo de estancia en T\u00e1nger. Desde el diez de octubre forma parte de la misma la hermana Anastasia, procedente del Carmelo de Osiny, en Polonia. Se ha incorporado a la comunidad tambi\u00e9n en este a\u00f1o la hermana Mar\u00eda Ana, del Carmelo de Campinas, en Brasil. La presencia de la familia teresiana en Marruecos se ve as\u00ed enriquecida gracias a la generosidad de estas hermanas y de sus comunidades.<\/p>\n<p>Recogemos aqu\u00ed finalmente las palabras de nuestras hermanas en T\u00e1nger: \u201cDamos gracias por todo lo recibido por nuestros bienhechores, gracias a los cuales hemos podido afrontar obras de restructuraci\u00f3n, algunas muy urgentes, en casa. Gracias a ellos hemos tambi\u00e9n podido acondicionar una nueva peque\u00f1a capilla al interior, que ha sido bendecida el d\u00eda 22 de diciembre por nuestro Sr. Arzobispo y titulada, por \u00e9l mismo, la <em>Tienda del encuentro<\/em>.<\/p>\n<p>\u00abCreer que un ser que se llama El Amor habita en nosotros en todo instante del d\u00eda y de la noche y que nos pide que vivamos en sociedad con El, he aqu\u00ed, os lo conf\u00edo, lo que ha hecho de mi vida un cielo anticipado\u00bb. (Sta. Isabel de la Trinidad)<\/p>\n<p>Que este <em>encuentro perenne<\/em> con Jes\u00fas que vive en nosotros nos ayude a ser siempre lugar de comuni\u00f3n y de encuentro\u201d.<\/p>\n<p><a href=\"https:\/\/www.carmelitaniscalzi.com\/wp-content\/uploads\/2017\/03\/Tangeri-3.png\"><img loading=\"lazy\" decoding=\"async\" class=\"alignnone size-medium wp-image-13589\" src=\"https:\/\/www.carmelitaniscalzi.com\/wp-content\/uploads\/2017\/03\/Tangeri-3-251x300.png\" alt=\"\" width=\"251\" height=\"300\" srcset=\"https:\/\/www.carmelitaniscalzi.com\/wp-content\/uploads\/2017\/03\/Tangeri-3-251x300.png 251w, https:\/\/www.carmelitaniscalzi.com\/wp-content\/uploads\/2017\/03\/Tangeri-3-46x55.png 46w, https:\/\/www.carmelitaniscalzi.com\/wp-content\/uploads\/2017\/03\/Tangeri-3.png 271w\" sizes=\"auto, (max-width: 251px) 100vw, 251px\" \/><\/a> <a href=\"https:\/\/www.carmelitaniscalzi.com\/wp-content\/uploads\/2017\/03\/Tangeri-2.png\"><img loading=\"lazy\" decoding=\"async\" class=\"alignnone size-full wp-image-13588\" src=\"https:\/\/www.carmelitaniscalzi.com\/wp-content\/uploads\/2017\/03\/Tangeri-2.png\" alt=\"\" width=\"280\" height=\"211\" srcset=\"https:\/\/www.carmelitaniscalzi.com\/wp-content\/uploads\/2017\/03\/Tangeri-2.png 280w, https:\/\/www.carmelitaniscalzi.com\/wp-content\/uploads\/2017\/03\/Tangeri-2-73x55.png 73w\" sizes=\"auto, (max-width: 280px) 100vw, 280px\" \/><\/a><\/p>\n","protected":false},"excerpt":{"rendered":"<p>Con la ayuda de Dios, la presencia del Carmelo teresiano en Marruecos, visible en la comunidad de carmelitas descalzas de T\u00e1nger, contin\u00faa su andadura en aquellas tierras del Islam. A lo largo del a\u00f1o 2016, marcado por el Jubileo de la Misericordia, han acogido diversas actividades promovidas por su Archidi\u00f3cesis, pues la comunidad constituye un [&hellip;]<\/p>\n","protected":false},"author":7,"featured_media":13587,"comment_status":"closed","ping_status":"closed","sticky":false,"template":"","format":"standard","meta":{"_acf_changed":false,"footnotes":""},"categories":[176,372],"tags":[],"class_list":["post-13597","post","type-post","status-publish","format-standard","has-post-thumbnail","hentry","category-noticias-monjas","category-noticias"],"acf":[],"yoast_head":"<!-- This site is optimized with the Yoast SEO plugin v26.3 - https:\/\/yoast.com\/wordpress\/plugins\/seo\/ -->\n<title>Las carmelitas descalzas en T\u00e1nger (Marruecos) - CARMELITAS DESCALZOS<\/title>\n<meta name=\"robots\" content=\"index, follow, max-snippet:-1, max-image-preview:large, max-video-preview:-1\" \/>\n<link rel=\"canonical\" href=\"https:\/\/www.carmelitaniscalzi.com\/es\/2017\/03\/21\/las-carmelitas-descalzas-en-tanger-marruecos\/\" \/>\n<meta property=\"og:locale\" content=\"es_ES\" \/>\n<meta property=\"og:type\" content=\"article\" \/>\n<meta property=\"og:title\" content=\"Las carmelitas descalzas en T\u00e1nger (Marruecos) - CARMELITAS DESCALZOS\" \/>\n<meta property=\"og:description\" content=\"Con la ayuda de Dios, la presencia del Carmelo teresiano en Marruecos, visible en la comunidad de carmelitas descalzas de T\u00e1nger, contin\u00faa su andadura en aquellas tierras del Islam. A lo largo del a\u00f1o 2016, marcado por el Jubileo de la Misericordia, han acogido diversas actividades promovidas por su Archidi\u00f3cesis, pues la comunidad constituye un [&hellip;]\" \/>\n<meta property=\"og:url\" content=\"https:\/\/www.carmelitaniscalzi.com\/es\/2017\/03\/21\/las-carmelitas-descalzas-en-tanger-marruecos\/\" \/>\n<meta property=\"og:site_name\" content=\"CARMELITAS DESCALZOS\" \/>\n<meta property=\"article:publisher\" content=\"https:\/\/www.facebook.com\/Curia-Generalizia-Carmelitani-Scalzi-658766940887784\/\" \/>\n<meta property=\"article:published_time\" content=\"2017-03-21T13:38:36+00:00\" \/>\n<meta property=\"og:image\" content=\"https:\/\/www.carmelitaniscalzi.com\/wp-content\/uploads\/2017\/03\/Tangeri-1.png\" \/>\n\t<meta property=\"og:image:width\" content=\"330\" \/>\n\t<meta property=\"og:image:height\" content=\"265\" \/>\n\t<meta property=\"og:image:type\" content=\"image\/png\" \/>\n<meta name=\"author\" content=\"ocd web master\" \/>\n<meta name=\"twitter:card\" content=\"summary_large_image\" \/>\n<meta name=\"twitter:creator\" content=\"@ocdcuria\" \/>\n<meta name=\"twitter:site\" content=\"@ocdcuria\" \/>\n<meta name=\"twitter:label1\" content=\"Escrito por\" \/>\n\t<meta name=\"twitter:data1\" content=\"ocd web master\" \/>\n\t<meta name=\"twitter:label2\" content=\"Tiempo de lectura\" \/>\n\t<meta name=\"twitter:data2\" content=\"2 minutos\" \/>\n<script type=\"application\/ld+json\" class=\"yoast-schema-graph\">{\"@context\":\"https:\/\/schema.org\",\"@graph\":[{\"@type\":\"Article\",\"@id\":\"https:\/\/www.carmelitaniscalzi.com\/es\/2017\/03\/21\/las-carmelitas-descalzas-en-tanger-marruecos\/#article\",\"isPartOf\":{\"@id\":\"https:\/\/www.carmelitaniscalzi.com\/es\/2017\/03\/21\/las-carmelitas-descalzas-en-tanger-marruecos\/\"},\"author\":{\"name\":\"ocd web master\",\"@id\":\"https:\/\/www.carmelitaniscalzi.com\/#\/schema\/person\/6d1c0d9bea7b6625c437246a5d6da409\"},\"headline\":\"Las carmelitas descalzas en T\u00e1nger (Marruecos)\",\"datePublished\":\"2017-03-21T13:38:36+00:00\",\"mainEntityOfPage\":{\"@id\":\"https:\/\/www.carmelitaniscalzi.com\/es\/2017\/03\/21\/las-carmelitas-descalzas-en-tanger-marruecos\/\"},\"wordCount\":492,\"publisher\":{\"@id\":\"https:\/\/www.carmelitaniscalzi.com\/#organization\"},\"image\":{\"@id\":\"https:\/\/www.carmelitaniscalzi.com\/es\/2017\/03\/21\/las-carmelitas-descalzas-en-tanger-marruecos\/#primaryimage\"},\"thumbnailUrl\":\"https:\/\/www.carmelitaniscalzi.com\/wp-content\/uploads\/2017\/03\/Tangeri-1.png\",\"articleSection\":[\"Noticias Monjas\",\"Noticias\"],\"inLanguage\":\"es\"},{\"@type\":\"WebPage\",\"@id\":\"https:\/\/www.carmelitaniscalzi.com\/es\/2017\/03\/21\/las-carmelitas-descalzas-en-tanger-marruecos\/\",\"url\":\"https:\/\/www.carmelitaniscalzi.com\/es\/2017\/03\/21\/las-carmelitas-descalzas-en-tanger-marruecos\/\",\"name\":\"Las carmelitas descalzas en T\u00e1nger (Marruecos) - CARMELITAS DESCALZOS\",\"isPartOf\":{\"@id\":\"https:\/\/www.carmelitaniscalzi.com\/#website\"},\"primaryImageOfPage\":{\"@id\":\"https:\/\/www.carmelitaniscalzi.com\/es\/2017\/03\/21\/las-carmelitas-descalzas-en-tanger-marruecos\/#primaryimage\"},\"image\":{\"@id\":\"https:\/\/www.carmelitaniscalzi.com\/es\/2017\/03\/21\/las-carmelitas-descalzas-en-tanger-marruecos\/#primaryimage\"},\"thumbnailUrl\":\"https:\/\/www.carmelitaniscalzi.com\/wp-content\/uploads\/2017\/03\/Tangeri-1.png\",\"datePublished\":\"2017-03-21T13:38:36+00:00\",\"breadcrumb\":{\"@id\":\"https:\/\/www.carmelitaniscalzi.com\/es\/2017\/03\/21\/las-carmelitas-descalzas-en-tanger-marruecos\/#breadcrumb\"},\"inLanguage\":\"es\",\"potentialAction\":[{\"@type\":\"ReadAction\",\"target\":[\"https:\/\/www.carmelitaniscalzi.com\/es\/2017\/03\/21\/las-carmelitas-descalzas-en-tanger-marruecos\/\"]}]},{\"@type\":\"ImageObject\",\"inLanguage\":\"es\",\"@id\":\"https:\/\/www.carmelitaniscalzi.com\/es\/2017\/03\/21\/las-carmelitas-descalzas-en-tanger-marruecos\/#primaryimage\",\"url\":\"https:\/\/www.carmelitaniscalzi.com\/wp-content\/uploads\/2017\/03\/Tangeri-1.png\",\"contentUrl\":\"https:\/\/www.carmelitaniscalzi.com\/wp-content\/uploads\/2017\/03\/Tangeri-1.png\",\"width\":330,\"height\":265},{\"@type\":\"BreadcrumbList\",\"@id\":\"https:\/\/www.carmelitaniscalzi.com\/es\/2017\/03\/21\/las-carmelitas-descalzas-en-tanger-marruecos\/#breadcrumb\",\"itemListElement\":[{\"@type\":\"ListItem\",\"position\":1,\"name\":\"Home\",\"item\":\"https:\/\/www.carmelitaniscalzi.com\/es\/\"},{\"@type\":\"ListItem\",\"position\":2,\"name\":\"Las carmelitas descalzas en T\u00e1nger (Marruecos)\"}]},{\"@type\":\"WebSite\",\"@id\":\"https:\/\/www.carmelitaniscalzi.com\/#website\",\"url\":\"https:\/\/www.carmelitaniscalzi.com\/\",\"name\":\"CARMELITANI SCALZI - Curia Generale del Carmelo Teresiano\",\"description\":\"Curia General del Carmelo Teresiano\",\"publisher\":{\"@id\":\"https:\/\/www.carmelitaniscalzi.com\/#organization\"},\"alternateName\":\"CARMELITANI SCALZI\",\"potentialAction\":[{\"@type\":\"SearchAction\",\"target\":{\"@type\":\"EntryPoint\",\"urlTemplate\":\"https:\/\/www.carmelitaniscalzi.com\/?s={search_term_string}\"},\"query-input\":{\"@type\":\"PropertyValueSpecification\",\"valueRequired\":true,\"valueName\":\"search_term_string\"}}],\"inLanguage\":\"es\"},{\"@type\":\"Organization\",\"@id\":\"https:\/\/www.carmelitaniscalzi.com\/#organization\",\"name\":\"CARMELITANI SCALZI - Curia Generale del Carmelo Teresiano\",\"url\":\"https:\/\/www.carmelitaniscalzi.com\/\",\"logo\":{\"@type\":\"ImageObject\",\"inLanguage\":\"es\",\"@id\":\"https:\/\/www.carmelitaniscalzi.com\/#\/schema\/logo\/image\/\",\"url\":\"https:\/\/www.carmelitaniscalzi.com\/wp-content\/uploads\/2025\/11\/login-logo.png\",\"contentUrl\":\"https:\/\/www.carmelitaniscalzi.com\/wp-content\/uploads\/2025\/11\/login-logo.png\",\"width\":256,\"height\":256,\"caption\":\"CARMELITANI SCALZI - Curia Generale del Carmelo Teresiano\"},\"image\":{\"@id\":\"https:\/\/www.carmelitaniscalzi.com\/#\/schema\/logo\/image\/\"},\"sameAs\":[\"https:\/\/www.facebook.com\/Curia-Generalizia-Carmelitani-Scalzi-658766940887784\/\",\"https:\/\/x.com\/ocdcuria\",\"https:\/\/www.youtube.com\/channel\/UC2J5ZL0ycOY0qBSTCLX_NGQ\/videos\",\"https:\/\/www.instagram.com\/ocdinform\/\"]},{\"@type\":\"Person\",\"@id\":\"https:\/\/www.carmelitaniscalzi.com\/#\/schema\/person\/6d1c0d9bea7b6625c437246a5d6da409\",\"name\":\"ocd web master\",\"image\":{\"@type\":\"ImageObject\",\"inLanguage\":\"es\",\"@id\":\"https:\/\/www.carmelitaniscalzi.com\/#\/schema\/person\/image\/\",\"url\":\"https:\/\/secure.gravatar.com\/avatar\/41fbc5f82bad909fbaf2984c43fa50d8519ac5853e25b454d022b6868f80d0e7?s=96&d=mm&r=g\",\"contentUrl\":\"https:\/\/secure.gravatar.com\/avatar\/41fbc5f82bad909fbaf2984c43fa50d8519ac5853e25b454d022b6868f80d0e7?s=96&d=mm&r=g\",\"caption\":\"ocd web master\"},\"url\":\"https:\/\/www.carmelitaniscalzi.com\/es\/author\/ocdwebmaster\/\"}]}<\/script>\n<!-- \/ Yoast SEO plugin. -->","yoast_head_json":{"title":"Las carmelitas descalzas en T\u00e1nger (Marruecos) - CARMELITAS DESCALZOS","robots":{"index":"index","follow":"follow","max-snippet":"max-snippet:-1","max-image-preview":"max-image-preview:large","max-video-preview":"max-video-preview:-1"},"canonical":"https:\/\/www.carmelitaniscalzi.com\/es\/2017\/03\/21\/las-carmelitas-descalzas-en-tanger-marruecos\/","og_locale":"es_ES","og_type":"article","og_title":"Las carmelitas descalzas en T\u00e1nger (Marruecos) - CARMELITAS DESCALZOS","og_description":"Con la ayuda de Dios, la presencia del Carmelo teresiano en Marruecos, visible en la comunidad de carmelitas descalzas de T\u00e1nger, contin\u00faa su andadura en aquellas tierras del Islam. A lo largo del a\u00f1o 2016, marcado por el Jubileo de la Misericordia, han acogido diversas actividades promovidas por su Archidi\u00f3cesis, pues la comunidad constituye un [&hellip;]","og_url":"https:\/\/www.carmelitaniscalzi.com\/es\/2017\/03\/21\/las-carmelitas-descalzas-en-tanger-marruecos\/","og_site_name":"CARMELITAS DESCALZOS","article_publisher":"https:\/\/www.facebook.com\/Curia-Generalizia-Carmelitani-Scalzi-658766940887784\/","article_published_time":"2017-03-21T13:38:36+00:00","og_image":[{"width":330,"height":265,"url":"https:\/\/www.carmelitaniscalzi.com\/wp-content\/uploads\/2017\/03\/Tangeri-1.png","type":"image\/png"}],"author":"ocd web master","twitter_card":"summary_large_image","twitter_creator":"@ocdcuria","twitter_site":"@ocdcuria","twitter_misc":{"Escrito por":"ocd web master","Tiempo de lectura":"2 minutos"},"schema":{"@context":"https:\/\/schema.org","@graph":[{"@type":"Article","@id":"https:\/\/www.carmelitaniscalzi.com\/es\/2017\/03\/21\/las-carmelitas-descalzas-en-tanger-marruecos\/#article","isPartOf":{"@id":"https:\/\/www.carmelitaniscalzi.com\/es\/2017\/03\/21\/las-carmelitas-descalzas-en-tanger-marruecos\/"},"author":{"name":"ocd web master","@id":"https:\/\/www.carmelitaniscalzi.com\/#\/schema\/person\/6d1c0d9bea7b6625c437246a5d6da409"},"headline":"Las carmelitas descalzas en T\u00e1nger (Marruecos)","datePublished":"2017-03-21T13:38:36+00:00","mainEntityOfPage":{"@id":"https:\/\/www.carmelitaniscalzi.com\/es\/2017\/03\/21\/las-carmelitas-descalzas-en-tanger-marruecos\/"},"wordCount":492,"publisher":{"@id":"https:\/\/www.carmelitaniscalzi.com\/#organization"},"image":{"@id":"https:\/\/www.carmelitaniscalzi.com\/es\/2017\/03\/21\/las-carmelitas-descalzas-en-tanger-marruecos\/#primaryimage"},"thumbnailUrl":"https:\/\/www.carmelitaniscalzi.com\/wp-content\/uploads\/2017\/03\/Tangeri-1.png","articleSection":["Noticias Monjas","Noticias"],"inLanguage":"es"},{"@type":"WebPage","@id":"https:\/\/www.carmelitaniscalzi.com\/es\/2017\/03\/21\/las-carmelitas-descalzas-en-tanger-marruecos\/","url":"https:\/\/www.carmelitaniscalzi.com\/es\/2017\/03\/21\/las-carmelitas-descalzas-en-tanger-marruecos\/","name":"Las carmelitas descalzas en T\u00e1nger (Marruecos) - CARMELITAS DESCALZOS","isPartOf":{"@id":"https:\/\/www.carmelitaniscalzi.com\/#website"},"primaryImageOfPage":{"@id":"https:\/\/www.carmelitaniscalzi.com\/es\/2017\/03\/21\/las-carmelitas-descalzas-en-tanger-marruecos\/#primaryimage"},"image":{"@id":"https:\/\/www.carmelitaniscalzi.com\/es\/2017\/03\/21\/las-carmelitas-descalzas-en-tanger-marruecos\/#primaryimage"},"thumbnailUrl":"https:\/\/www.carmelitaniscalzi.com\/wp-content\/uploads\/2017\/03\/Tangeri-1.png","datePublished":"2017-03-21T13:38:36+00:00","breadcrumb":{"@id":"https:\/\/www.carmelitaniscalzi.com\/es\/2017\/03\/21\/las-carmelitas-descalzas-en-tanger-marruecos\/#breadcrumb"},"inLanguage":"es","potentialAction":[{"@type":"ReadAction","target":["https:\/\/www.carmelitaniscalzi.com\/es\/2017\/03\/21\/las-carmelitas-descalzas-en-tanger-marruecos\/"]}]},{"@type":"ImageObject","inLanguage":"es","@id":"https:\/\/www.carmelitaniscalzi.com\/es\/2017\/03\/21\/las-carmelitas-descalzas-en-tanger-marruecos\/#primaryimage","url":"https:\/\/www.carmelitaniscalzi.com\/wp-content\/uploads\/2017\/03\/Tangeri-1.png","contentUrl":"https:\/\/www.carmelitaniscalzi.com\/wp-content\/uploads\/2017\/03\/Tangeri-1.png","width":330,"height":265},{"@type":"BreadcrumbList","@id":"https:\/\/www.carmelitaniscalzi.com\/es\/2017\/03\/21\/las-carmelitas-descalzas-en-tanger-marruecos\/#breadcrumb","itemListElement":[{"@type":"ListItem","position":1,"name":"Home","item":"https:\/\/www.carmelitaniscalzi.com\/es\/"},{"@type":"ListItem","position":2,"name":"Las carmelitas descalzas en T\u00e1nger (Marruecos)"}]},{"@type":"WebSite","@id":"https:\/\/www.carmelitaniscalzi.com\/#website","url":"https:\/\/www.carmelitaniscalzi.com\/","name":"CARMELITANI SCALZI - Curia Generale del Carmelo Teresiano","description":"Curia General del Carmelo Teresiano","publisher":{"@id":"https:\/\/www.carmelitaniscalzi.com\/#organization"},"alternateName":"CARMELITANI SCALZI","potentialAction":[{"@type":"SearchAction","target":{"@type":"EntryPoint","urlTemplate":"https:\/\/www.carmelitaniscalzi.com\/?s={search_term_string}"},"query-input":{"@type":"PropertyValueSpecification","valueRequired":true,"valueName":"search_term_string"}}],"inLanguage":"es"},{"@type":"Organization","@id":"https:\/\/www.carmelitaniscalzi.com\/#organization","name":"CARMELITANI SCALZI - Curia Generale del Carmelo Teresiano","url":"https:\/\/www.carmelitaniscalzi.com\/","logo":{"@type":"ImageObject","inLanguage":"es","@id":"https:\/\/www.carmelitaniscalzi.com\/#\/schema\/logo\/image\/","url":"https:\/\/www.carmelitaniscalzi.com\/wp-content\/uploads\/2025\/11\/login-logo.png","contentUrl":"https:\/\/www.carmelitaniscalzi.com\/wp-content\/uploads\/2025\/11\/login-logo.png","width":256,"height":256,"caption":"CARMELITANI SCALZI - Curia Generale del Carmelo Teresiano"},"image":{"@id":"https:\/\/www.carmelitaniscalzi.com\/#\/schema\/logo\/image\/"},"sameAs":["https:\/\/www.facebook.com\/Curia-Generalizia-Carmelitani-Scalzi-658766940887784\/","https:\/\/x.com\/ocdcuria","https:\/\/www.youtube.com\/channel\/UC2J5ZL0ycOY0qBSTCLX_NGQ\/videos","https:\/\/www.instagram.com\/ocdinform\/"]},{"@type":"Person","@id":"https:\/\/www.carmelitaniscalzi.com\/#\/schema\/person\/6d1c0d9bea7b6625c437246a5d6da409","name":"ocd web master","image":{"@type":"ImageObject","inLanguage":"es","@id":"https:\/\/www.carmelitaniscalzi.com\/#\/schema\/person\/image\/","url":"https:\/\/secure.gravatar.com\/avatar\/41fbc5f82bad909fbaf2984c43fa50d8519ac5853e25b454d022b6868f80d0e7?s=96&d=mm&r=g","contentUrl":"https:\/\/secure.gravatar.com\/avatar\/41fbc5f82bad909fbaf2984c43fa50d8519ac5853e25b454d022b6868f80d0e7?s=96&d=mm&r=g","caption":"ocd web master"},"url":"https:\/\/www.carmelitaniscalzi.com\/es\/author\/ocdwebmaster\/"}]}},"_links":{"self":[{"href":"https:\/\/www.carmelitaniscalzi.com\/es\/wp-json\/wp\/v2\/posts\/13597","targetHints":{"allow":["GET"]}}],"collection":[{"href":"https:\/\/www.carmelitaniscalzi.com\/es\/wp-json\/wp\/v2\/posts"}],"about":[{"href":"https:\/\/www.carmelitaniscalzi.com\/es\/wp-json\/wp\/v2\/types\/post"}],"author":[{"embeddable":true,"href":"https:\/\/www.carmelitaniscalzi.com\/es\/wp-json\/wp\/v2\/users\/7"}],"replies":[{"embeddable":true,"href":"https:\/\/www.carmelitaniscalzi.com\/es\/wp-json\/wp\/v2\/comments?post=13597"}],"version-history":[{"count":0,"href":"https:\/\/www.carmelitaniscalzi.com\/es\/wp-json\/wp\/v2\/posts\/13597\/revisions"}],"wp:featuredmedia":[{"embeddable":true,"href":"https:\/\/www.carmelitaniscalzi.com\/es\/wp-json\/wp\/v2\/media\/13587"}],"wp:attachment":[{"href":"https:\/\/www.carmelitaniscalzi.com\/es\/wp-json\/wp\/v2\/media?parent=13597"}],"wp:term":[{"taxonomy":"category","embeddable":true,"href":"https:\/\/www.carmelitaniscalzi.com\/es\/wp-json\/wp\/v2\/categories?post=13597"},{"taxonomy":"post_tag","embeddable":true,"href":"https:\/\/www.carmelitaniscalzi.com\/es\/wp-json\/wp\/v2\/tags?post=13597"}],"curies":[{"name":"wp","href":"https:\/\/api.w.org\/{rel}","templated":true}]}}