{"id":127538,"date":"2022-03-07T23:41:08","date_gmt":"2022-03-07T22:41:08","guid":{"rendered":"https:\/\/www.carmelitaniscalzi.com\/?p=127538"},"modified":"2022-03-07T23:41:08","modified_gmt":"2022-03-07T22:41:08","slug":"avila-ano-jubilar-teresiano-12-de-marzo-de-2022-15-de-octubre-de-2023","status":"publish","type":"post","link":"https:\/\/www.carmelitaniscalzi.com\/es\/2022\/03\/07\/avila-ano-jubilar-teresiano-12-de-marzo-de-2022-15-de-octubre-de-2023\/","title":{"rendered":"AVILA: A\u00d1O JUBILAR TERESIANO  (12 de marzo de 2022 &#8211; 15 de octubre de 2023)"},"content":{"rendered":"<p>Tras la petici\u00f3n realizada por Mons. Gil Tamayo al Santo Padre, el Papa Francisco ha concedido a la di\u00f3cesis de \u00c1vila un A\u00f1o Jubilar con motivo del IV Centenario de la Canonizaci\u00f3n de Santa Teresa de Jes\u00fas. Este jubileo, adem\u00e1s, tendr\u00e1 una duraci\u00f3n singular, extendi\u00e9ndose desde el 12 de marzo de 2022 hasta el 15 de octubre de 2023 (un a\u00f1o y medio de duraci\u00f3n), debido a que se une tambi\u00e9n con el A\u00f1o Jubilar Teresiano que, de forma peri\u00f3dica, concedi\u00f3 el Sumo Pont\u00edfice a nuestra di\u00f3cesis cada vez que la fiesta de Santa Teresa coincidiera en domingo (circunstancia que se repite en octubre de 2023).<\/p>\n<p>La apertura solemne tendr\u00e1 lugar el domingo 13 de marzo, en una Eucarist\u00eda que se celebrar\u00e1 en la iglesia del convento de Santa Teresa de Jes\u00fas, y que ser\u00e1 retransmitida en directo.<\/p>\n<p>Asimismo, el Decreto de Penitenciar\u00eda Apost\u00f3lica confirma que la mencionada iglesia de La Santa ser\u00e1 el templo jubilar donde se podr\u00e1 lucrar la Indulgencia Plenaria con las condiciones habituales (confesi\u00f3n sacramental, comuni\u00f3n eucar\u00edstica y oraci\u00f3n por las intenciones del Sumo Pont\u00edfice).<\/p>\n<div class=\"wpmf-gallerys wpmf-gallerys-life \" ><div id=\"gallery-1\"\n data-gutter-width=\"5\"\n  data-wpmfcolumns=\"3\" class=\"wpmf-gallery gallery-link-file gallery_life gallery-masonry gallery-columns-3 gallery-size-thumbnail wpmf-gallery-bottomspace-default wpmf-gallery-clear wpmf-has-border-radius-0 wpmf-gutterwidth-5\"><div class=\"wpmf-gallery-item\n     wpmf-gallery-item-position-0 wpmf-gallery-item-attachment-127493\" data-index=\"0\"><div class=\"wpmf-gallery-icon\"><a class=\" not_video noLightbox\" data-lightbox=\"1\" data-href=\"https:\/\/www.carmelitaniscalzi.com\/wp-content\/uploads\/2022\/03\/jubileo3-2-683x1024.jpg\" title=\"jubileo3 2\" target=\"_self\" data-index=\"0\"><img decoding=\"async\" class=\"wpmf_img\" alt=\"jubileo3 2\" src=\"https:\/\/www.carmelitaniscalzi.com\/wp-content\/uploads\/2022\/03\/jubileo3-2-150x150.jpg\" data-type=\"wpmfgalleryimg\" data-lazy-src=\"https:\/\/www.carmelitaniscalzi.com\/wp-content\/uploads\/2022\/03\/jubileo3-2-150x150.jpg\"><\/a><\/div><\/div><div class=\"wpmf-gallery-item\n     wpmf-gallery-item-position-1 wpmf-gallery-item-attachment-127487\" data-index=\"1\"><div class=\"wpmf-gallery-icon\"><a class=\" not_video noLightbox\" data-lightbox=\"1\" data-href=\"https:\/\/www.carmelitaniscalzi.com\/wp-content\/uploads\/2022\/03\/jubileo2-1024x461.jpeg\" title=\"jubileo2\" target=\"_self\" data-index=\"1\"><img decoding=\"async\" class=\"wpmf_img\" alt=\"jubileo2\" src=\"https:\/\/www.carmelitaniscalzi.com\/wp-content\/uploads\/2022\/03\/jubileo2-150x150.jpeg\" data-type=\"wpmfgalleryimg\" data-lazy-src=\"https:\/\/www.carmelitaniscalzi.com\/wp-content\/uploads\/2022\/03\/jubileo2-150x150.jpeg\"><\/a><\/div><\/div><div class=\"wpmf-gallery-item\n     wpmf-gallery-item-position-2 wpmf-gallery-item-attachment-127481\" data-index=\"2\"><div class=\"wpmf-gallery-icon\"><a class=\" not_video noLightbox\" data-lightbox=\"1\" data-href=\"https:\/\/www.carmelitaniscalzi.com\/wp-content\/uploads\/2022\/03\/jubileo1.jpg\" title=\"jubileo1\" target=\"_self\" data-index=\"2\"><img decoding=\"async\" class=\"wpmf_img\" alt=\"jubileo1\" src=\"https:\/\/www.carmelitaniscalzi.com\/wp-content\/uploads\/2022\/03\/jubileo1-150x150.jpg\" data-type=\"wpmfgalleryimg\" data-lazy-src=\"https:\/\/www.carmelitaniscalzi.com\/wp-content\/uploads\/2022\/03\/jubileo1-150x150.jpg\"><\/a><\/div><\/div><\/div><\/div>\n\n","protected":false},"excerpt":{"rendered":"<p>Tras la petici\u00f3n realizada por Mons. Gil Tamayo al Santo Padre, el Papa Francisco ha concedido a la di\u00f3cesis de \u00c1vila un A\u00f1o Jubilar con motivo del IV Centenario de la Canonizaci\u00f3n de Santa Teresa de Jes\u00fas. Este jubileo, adem\u00e1s, tendr\u00e1 una duraci\u00f3n singular, extendi\u00e9ndose desde el 12 de marzo de 2022 hasta el 15 [&hellip;]<\/p>\n","protected":false},"author":7,"featured_media":127475,"comment_status":"closed","ping_status":"open","sticky":false,"template":"","format":"standard","meta":{"_acf_changed":false,"footnotes":""},"categories":[176,263,268,372,174],"tags":[],"class_list":["post-127538","post","type-post","status-publish","format-standard","has-post-thumbnail","hentry","category-noticias-monjas","category-noticias-ocds","category-noticias-postulacion","category-noticias","category-noticias-frailes"],"acf":[],"yoast_head":"<!-- This site is optimized with the Yoast SEO plugin v26.3 - https:\/\/yoast.com\/wordpress\/plugins\/seo\/ -->\n<title>AVILA: A\u00d1O JUBILAR TERESIANO (12 de marzo de 2022 - 15 de octubre de 2023) - CARMELITAS DESCALZOS<\/title>\n<meta name=\"robots\" content=\"index, follow, max-snippet:-1, max-image-preview:large, max-video-preview:-1\" \/>\n<link rel=\"canonical\" href=\"https:\/\/www.carmelitaniscalzi.com\/es\/2022\/03\/07\/avila-ano-jubilar-teresiano-12-de-marzo-de-2022-15-de-octubre-de-2023\/\" \/>\n<meta property=\"og:locale\" content=\"es_ES\" \/>\n<meta property=\"og:type\" content=\"article\" \/>\n<meta property=\"og:title\" content=\"AVILA: A\u00d1O JUBILAR TERESIANO (12 de marzo de 2022 - 15 de octubre de 2023) - CARMELITAS DESCALZOS\" \/>\n<meta property=\"og:description\" content=\"Tras la petici\u00f3n realizada por Mons. Gil Tamayo al Santo Padre, el Papa Francisco ha concedido a la di\u00f3cesis de \u00c1vila un A\u00f1o Jubilar con motivo del IV Centenario de la Canonizaci\u00f3n de Santa Teresa de Jes\u00fas. Este jubileo, adem\u00e1s, tendr\u00e1 una duraci\u00f3n singular, extendi\u00e9ndose desde el 12 de marzo de 2022 hasta el 15 [&hellip;]\" \/>\n<meta property=\"og:url\" content=\"https:\/\/www.carmelitaniscalzi.com\/es\/2022\/03\/07\/avila-ano-jubilar-teresiano-12-de-marzo-de-2022-15-de-octubre-de-2023\/\" \/>\n<meta property=\"og:site_name\" content=\"CARMELITAS DESCALZOS\" \/>\n<meta property=\"article:publisher\" content=\"https:\/\/www.facebook.com\/Curia-Generalizia-Carmelitani-Scalzi-658766940887784\/\" \/>\n<meta property=\"article:published_time\" content=\"2022-03-07T22:41:08+00:00\" \/>\n<meta property=\"og:image\" content=\"https:\/\/www.carmelitaniscalzi.com\/wp-content\/uploads\/2022\/03\/cover_jubileo.jpg\" \/>\n\t<meta property=\"og:image:width\" content=\"1000\" \/>\n\t<meta property=\"og:image:height\" content=\"600\" \/>\n\t<meta property=\"og:image:type\" content=\"image\/jpeg\" \/>\n<meta name=\"author\" content=\"ocd web master\" \/>\n<meta name=\"twitter:card\" content=\"summary_large_image\" \/>\n<meta name=\"twitter:creator\" content=\"@ocdcuria\" \/>\n<meta name=\"twitter:site\" content=\"@ocdcuria\" \/>\n<meta name=\"twitter:label1\" content=\"Escrito por\" \/>\n\t<meta name=\"twitter:data1\" content=\"ocd web master\" \/>\n\t<meta name=\"twitter:label2\" content=\"Tiempo de lectura\" \/>\n\t<meta name=\"twitter:data2\" content=\"1 minuto\" \/>\n<script type=\"application\/ld+json\" class=\"yoast-schema-graph\">{\"@context\":\"https:\/\/schema.org\",\"@graph\":[{\"@type\":\"Article\",\"@id\":\"https:\/\/www.carmelitaniscalzi.com\/es\/2022\/03\/07\/avila-ano-jubilar-teresiano-12-de-marzo-de-2022-15-de-octubre-de-2023\/#article\",\"isPartOf\":{\"@id\":\"https:\/\/www.carmelitaniscalzi.com\/es\/2022\/03\/07\/avila-ano-jubilar-teresiano-12-de-marzo-de-2022-15-de-octubre-de-2023\/\"},\"author\":{\"name\":\"ocd web master\",\"@id\":\"https:\/\/www.carmelitaniscalzi.com\/#\/schema\/person\/6d1c0d9bea7b6625c437246a5d6da409\"},\"headline\":\"AVILA: A\u00d1O JUBILAR TERESIANO (12 de marzo de 2022 &#8211; 15 de octubre de 2023)\",\"datePublished\":\"2022-03-07T22:41:08+00:00\",\"mainEntityOfPage\":{\"@id\":\"https:\/\/www.carmelitaniscalzi.com\/es\/2022\/03\/07\/avila-ano-jubilar-teresiano-12-de-marzo-de-2022-15-de-octubre-de-2023\/\"},\"wordCount\":218,\"publisher\":{\"@id\":\"https:\/\/www.carmelitaniscalzi.com\/#organization\"},\"image\":{\"@id\":\"https:\/\/www.carmelitaniscalzi.com\/es\/2022\/03\/07\/avila-ano-jubilar-teresiano-12-de-marzo-de-2022-15-de-octubre-de-2023\/#primaryimage\"},\"thumbnailUrl\":\"https:\/\/www.carmelitaniscalzi.com\/wp-content\/uploads\/2022\/03\/cover_jubileo.jpg\",\"articleSection\":[\"Noticias Monjas\",\"Noticias OCDS\",\"Noticias Postulaci\u00f3n\",\"Noticias\",\"Noticias Frailes\"],\"inLanguage\":\"es\"},{\"@type\":\"WebPage\",\"@id\":\"https:\/\/www.carmelitaniscalzi.com\/es\/2022\/03\/07\/avila-ano-jubilar-teresiano-12-de-marzo-de-2022-15-de-octubre-de-2023\/\",\"url\":\"https:\/\/www.carmelitaniscalzi.com\/es\/2022\/03\/07\/avila-ano-jubilar-teresiano-12-de-marzo-de-2022-15-de-octubre-de-2023\/\",\"name\":\"AVILA: A\u00d1O JUBILAR TERESIANO (12 de marzo de 2022 - 15 de octubre de 2023) - CARMELITAS DESCALZOS\",\"isPartOf\":{\"@id\":\"https:\/\/www.carmelitaniscalzi.com\/#website\"},\"primaryImageOfPage\":{\"@id\":\"https:\/\/www.carmelitaniscalzi.com\/es\/2022\/03\/07\/avila-ano-jubilar-teresiano-12-de-marzo-de-2022-15-de-octubre-de-2023\/#primaryimage\"},\"image\":{\"@id\":\"https:\/\/www.carmelitaniscalzi.com\/es\/2022\/03\/07\/avila-ano-jubilar-teresiano-12-de-marzo-de-2022-15-de-octubre-de-2023\/#primaryimage\"},\"thumbnailUrl\":\"https:\/\/www.carmelitaniscalzi.com\/wp-content\/uploads\/2022\/03\/cover_jubileo.jpg\",\"datePublished\":\"2022-03-07T22:41:08+00:00\",\"breadcrumb\":{\"@id\":\"https:\/\/www.carmelitaniscalzi.com\/es\/2022\/03\/07\/avila-ano-jubilar-teresiano-12-de-marzo-de-2022-15-de-octubre-de-2023\/#breadcrumb\"},\"inLanguage\":\"es\",\"potentialAction\":[{\"@type\":\"ReadAction\",\"target\":[\"https:\/\/www.carmelitaniscalzi.com\/es\/2022\/03\/07\/avila-ano-jubilar-teresiano-12-de-marzo-de-2022-15-de-octubre-de-2023\/\"]}]},{\"@type\":\"ImageObject\",\"inLanguage\":\"es\",\"@id\":\"https:\/\/www.carmelitaniscalzi.com\/es\/2022\/03\/07\/avila-ano-jubilar-teresiano-12-de-marzo-de-2022-15-de-octubre-de-2023\/#primaryimage\",\"url\":\"https:\/\/www.carmelitaniscalzi.com\/wp-content\/uploads\/2022\/03\/cover_jubileo.jpg\",\"contentUrl\":\"https:\/\/www.carmelitaniscalzi.com\/wp-content\/uploads\/2022\/03\/cover_jubileo.jpg\",\"width\":1000,\"height\":600},{\"@type\":\"BreadcrumbList\",\"@id\":\"https:\/\/www.carmelitaniscalzi.com\/es\/2022\/03\/07\/avila-ano-jubilar-teresiano-12-de-marzo-de-2022-15-de-octubre-de-2023\/#breadcrumb\",\"itemListElement\":[{\"@type\":\"ListItem\",\"position\":1,\"name\":\"Home\",\"item\":\"https:\/\/www.carmelitaniscalzi.com\/es\/\"},{\"@type\":\"ListItem\",\"position\":2,\"name\":\"AVILA: A\u00d1O JUBILAR TERESIANO (12 de marzo de 2022 &#8211; 15 de octubre de 2023)\"}]},{\"@type\":\"WebSite\",\"@id\":\"https:\/\/www.carmelitaniscalzi.com\/#website\",\"url\":\"https:\/\/www.carmelitaniscalzi.com\/\",\"name\":\"CARMELITANI SCALZI - Curia Generale del Carmelo Teresiano\",\"description\":\"Curia General del Carmelo Teresiano\",\"publisher\":{\"@id\":\"https:\/\/www.carmelitaniscalzi.com\/#organization\"},\"alternateName\":\"CARMELITANI SCALZI\",\"potentialAction\":[{\"@type\":\"SearchAction\",\"target\":{\"@type\":\"EntryPoint\",\"urlTemplate\":\"https:\/\/www.carmelitaniscalzi.com\/?s={search_term_string}\"},\"query-input\":{\"@type\":\"PropertyValueSpecification\",\"valueRequired\":true,\"valueName\":\"search_term_string\"}}],\"inLanguage\":\"es\"},{\"@type\":\"Organization\",\"@id\":\"https:\/\/www.carmelitaniscalzi.com\/#organization\",\"name\":\"CARMELITANI SCALZI - Curia Generale del Carmelo Teresiano\",\"url\":\"https:\/\/www.carmelitaniscalzi.com\/\",\"logo\":{\"@type\":\"ImageObject\",\"inLanguage\":\"es\",\"@id\":\"https:\/\/www.carmelitaniscalzi.com\/#\/schema\/logo\/image\/\",\"url\":\"https:\/\/www.carmelitaniscalzi.com\/wp-content\/uploads\/2025\/11\/login-logo.png\",\"contentUrl\":\"https:\/\/www.carmelitaniscalzi.com\/wp-content\/uploads\/2025\/11\/login-logo.png\",\"width\":256,\"height\":256,\"caption\":\"CARMELITANI SCALZI - Curia Generale del Carmelo Teresiano\"},\"image\":{\"@id\":\"https:\/\/www.carmelitaniscalzi.com\/#\/schema\/logo\/image\/\"},\"sameAs\":[\"https:\/\/www.facebook.com\/Curia-Generalizia-Carmelitani-Scalzi-658766940887784\/\",\"https:\/\/x.com\/ocdcuria\",\"https:\/\/www.youtube.com\/channel\/UC2J5ZL0ycOY0qBSTCLX_NGQ\/videos\",\"https:\/\/www.instagram.com\/ocdinform\/\"]},{\"@type\":\"Person\",\"@id\":\"https:\/\/www.carmelitaniscalzi.com\/#\/schema\/person\/6d1c0d9bea7b6625c437246a5d6da409\",\"name\":\"ocd web master\",\"image\":{\"@type\":\"ImageObject\",\"inLanguage\":\"es\",\"@id\":\"https:\/\/www.carmelitaniscalzi.com\/#\/schema\/person\/image\/\",\"url\":\"https:\/\/secure.gravatar.com\/avatar\/41fbc5f82bad909fbaf2984c43fa50d8519ac5853e25b454d022b6868f80d0e7?s=96&d=mm&r=g\",\"contentUrl\":\"https:\/\/secure.gravatar.com\/avatar\/41fbc5f82bad909fbaf2984c43fa50d8519ac5853e25b454d022b6868f80d0e7?s=96&d=mm&r=g\",\"caption\":\"ocd web master\"},\"url\":\"https:\/\/www.carmelitaniscalzi.com\/es\/author\/ocdwebmaster\/\"}]}<\/script>\n<!-- \/ Yoast SEO plugin. -->","yoast_head_json":{"title":"AVILA: A\u00d1O JUBILAR TERESIANO (12 de marzo de 2022 - 15 de octubre de 2023) - CARMELITAS DESCALZOS","robots":{"index":"index","follow":"follow","max-snippet":"max-snippet:-1","max-image-preview":"max-image-preview:large","max-video-preview":"max-video-preview:-1"},"canonical":"https:\/\/www.carmelitaniscalzi.com\/es\/2022\/03\/07\/avila-ano-jubilar-teresiano-12-de-marzo-de-2022-15-de-octubre-de-2023\/","og_locale":"es_ES","og_type":"article","og_title":"AVILA: A\u00d1O JUBILAR TERESIANO (12 de marzo de 2022 - 15 de octubre de 2023) - CARMELITAS DESCALZOS","og_description":"Tras la petici\u00f3n realizada por Mons. Gil Tamayo al Santo Padre, el Papa Francisco ha concedido a la di\u00f3cesis de \u00c1vila un A\u00f1o Jubilar con motivo del IV Centenario de la Canonizaci\u00f3n de Santa Teresa de Jes\u00fas. Este jubileo, adem\u00e1s, tendr\u00e1 una duraci\u00f3n singular, extendi\u00e9ndose desde el 12 de marzo de 2022 hasta el 15 [&hellip;]","og_url":"https:\/\/www.carmelitaniscalzi.com\/es\/2022\/03\/07\/avila-ano-jubilar-teresiano-12-de-marzo-de-2022-15-de-octubre-de-2023\/","og_site_name":"CARMELITAS DESCALZOS","article_publisher":"https:\/\/www.facebook.com\/Curia-Generalizia-Carmelitani-Scalzi-658766940887784\/","article_published_time":"2022-03-07T22:41:08+00:00","og_image":[{"width":1000,"height":600,"url":"https:\/\/www.carmelitaniscalzi.com\/wp-content\/uploads\/2022\/03\/cover_jubileo.jpg","type":"image\/jpeg"}],"author":"ocd web master","twitter_card":"summary_large_image","twitter_creator":"@ocdcuria","twitter_site":"@ocdcuria","twitter_misc":{"Escrito por":"ocd web master","Tiempo de lectura":"1 minuto"},"schema":{"@context":"https:\/\/schema.org","@graph":[{"@type":"Article","@id":"https:\/\/www.carmelitaniscalzi.com\/es\/2022\/03\/07\/avila-ano-jubilar-teresiano-12-de-marzo-de-2022-15-de-octubre-de-2023\/#article","isPartOf":{"@id":"https:\/\/www.carmelitaniscalzi.com\/es\/2022\/03\/07\/avila-ano-jubilar-teresiano-12-de-marzo-de-2022-15-de-octubre-de-2023\/"},"author":{"name":"ocd web master","@id":"https:\/\/www.carmelitaniscalzi.com\/#\/schema\/person\/6d1c0d9bea7b6625c437246a5d6da409"},"headline":"AVILA: A\u00d1O JUBILAR TERESIANO (12 de marzo de 2022 &#8211; 15 de octubre de 2023)","datePublished":"2022-03-07T22:41:08+00:00","mainEntityOfPage":{"@id":"https:\/\/www.carmelitaniscalzi.com\/es\/2022\/03\/07\/avila-ano-jubilar-teresiano-12-de-marzo-de-2022-15-de-octubre-de-2023\/"},"wordCount":218,"publisher":{"@id":"https:\/\/www.carmelitaniscalzi.com\/#organization"},"image":{"@id":"https:\/\/www.carmelitaniscalzi.com\/es\/2022\/03\/07\/avila-ano-jubilar-teresiano-12-de-marzo-de-2022-15-de-octubre-de-2023\/#primaryimage"},"thumbnailUrl":"https:\/\/www.carmelitaniscalzi.com\/wp-content\/uploads\/2022\/03\/cover_jubileo.jpg","articleSection":["Noticias Monjas","Noticias OCDS","Noticias Postulaci\u00f3n","Noticias","Noticias Frailes"],"inLanguage":"es"},{"@type":"WebPage","@id":"https:\/\/www.carmelitaniscalzi.com\/es\/2022\/03\/07\/avila-ano-jubilar-teresiano-12-de-marzo-de-2022-15-de-octubre-de-2023\/","url":"https:\/\/www.carmelitaniscalzi.com\/es\/2022\/03\/07\/avila-ano-jubilar-teresiano-12-de-marzo-de-2022-15-de-octubre-de-2023\/","name":"AVILA: A\u00d1O JUBILAR TERESIANO (12 de marzo de 2022 - 15 de octubre de 2023) - CARMELITAS DESCALZOS","isPartOf":{"@id":"https:\/\/www.carmelitaniscalzi.com\/#website"},"primaryImageOfPage":{"@id":"https:\/\/www.carmelitaniscalzi.com\/es\/2022\/03\/07\/avila-ano-jubilar-teresiano-12-de-marzo-de-2022-15-de-octubre-de-2023\/#primaryimage"},"image":{"@id":"https:\/\/www.carmelitaniscalzi.com\/es\/2022\/03\/07\/avila-ano-jubilar-teresiano-12-de-marzo-de-2022-15-de-octubre-de-2023\/#primaryimage"},"thumbnailUrl":"https:\/\/www.carmelitaniscalzi.com\/wp-content\/uploads\/2022\/03\/cover_jubileo.jpg","datePublished":"2022-03-07T22:41:08+00:00","breadcrumb":{"@id":"https:\/\/www.carmelitaniscalzi.com\/es\/2022\/03\/07\/avila-ano-jubilar-teresiano-12-de-marzo-de-2022-15-de-octubre-de-2023\/#breadcrumb"},"inLanguage":"es","potentialAction":[{"@type":"ReadAction","target":["https:\/\/www.carmelitaniscalzi.com\/es\/2022\/03\/07\/avila-ano-jubilar-teresiano-12-de-marzo-de-2022-15-de-octubre-de-2023\/"]}]},{"@type":"ImageObject","inLanguage":"es","@id":"https:\/\/www.carmelitaniscalzi.com\/es\/2022\/03\/07\/avila-ano-jubilar-teresiano-12-de-marzo-de-2022-15-de-octubre-de-2023\/#primaryimage","url":"https:\/\/www.carmelitaniscalzi.com\/wp-content\/uploads\/2022\/03\/cover_jubileo.jpg","contentUrl":"https:\/\/www.carmelitaniscalzi.com\/wp-content\/uploads\/2022\/03\/cover_jubileo.jpg","width":1000,"height":600},{"@type":"BreadcrumbList","@id":"https:\/\/www.carmelitaniscalzi.com\/es\/2022\/03\/07\/avila-ano-jubilar-teresiano-12-de-marzo-de-2022-15-de-octubre-de-2023\/#breadcrumb","itemListElement":[{"@type":"ListItem","position":1,"name":"Home","item":"https:\/\/www.carmelitaniscalzi.com\/es\/"},{"@type":"ListItem","position":2,"name":"AVILA: A\u00d1O JUBILAR TERESIANO (12 de marzo de 2022 &#8211; 15 de octubre de 2023)"}]},{"@type":"WebSite","@id":"https:\/\/www.carmelitaniscalzi.com\/#website","url":"https:\/\/www.carmelitaniscalzi.com\/","name":"CARMELITANI SCALZI - Curia Generale del Carmelo Teresiano","description":"Curia General del Carmelo Teresiano","publisher":{"@id":"https:\/\/www.carmelitaniscalzi.com\/#organization"},"alternateName":"CARMELITANI SCALZI","potentialAction":[{"@type":"SearchAction","target":{"@type":"EntryPoint","urlTemplate":"https:\/\/www.carmelitaniscalzi.com\/?s={search_term_string}"},"query-input":{"@type":"PropertyValueSpecification","valueRequired":true,"valueName":"search_term_string"}}],"inLanguage":"es"},{"@type":"Organization","@id":"https:\/\/www.carmelitaniscalzi.com\/#organization","name":"CARMELITANI SCALZI - Curia Generale del Carmelo Teresiano","url":"https:\/\/www.carmelitaniscalzi.com\/","logo":{"@type":"ImageObject","inLanguage":"es","@id":"https:\/\/www.carmelitaniscalzi.com\/#\/schema\/logo\/image\/","url":"https:\/\/www.carmelitaniscalzi.com\/wp-content\/uploads\/2025\/11\/login-logo.png","contentUrl":"https:\/\/www.carmelitaniscalzi.com\/wp-content\/uploads\/2025\/11\/login-logo.png","width":256,"height":256,"caption":"CARMELITANI SCALZI - Curia Generale del Carmelo Teresiano"},"image":{"@id":"https:\/\/www.carmelitaniscalzi.com\/#\/schema\/logo\/image\/"},"sameAs":["https:\/\/www.facebook.com\/Curia-Generalizia-Carmelitani-Scalzi-658766940887784\/","https:\/\/x.com\/ocdcuria","https:\/\/www.youtube.com\/channel\/UC2J5ZL0ycOY0qBSTCLX_NGQ\/videos","https:\/\/www.instagram.com\/ocdinform\/"]},{"@type":"Person","@id":"https:\/\/www.carmelitaniscalzi.com\/#\/schema\/person\/6d1c0d9bea7b6625c437246a5d6da409","name":"ocd web master","image":{"@type":"ImageObject","inLanguage":"es","@id":"https:\/\/www.carmelitaniscalzi.com\/#\/schema\/person\/image\/","url":"https:\/\/secure.gravatar.com\/avatar\/41fbc5f82bad909fbaf2984c43fa50d8519ac5853e25b454d022b6868f80d0e7?s=96&d=mm&r=g","contentUrl":"https:\/\/secure.gravatar.com\/avatar\/41fbc5f82bad909fbaf2984c43fa50d8519ac5853e25b454d022b6868f80d0e7?s=96&d=mm&r=g","caption":"ocd web master"},"url":"https:\/\/www.carmelitaniscalzi.com\/es\/author\/ocdwebmaster\/"}]}},"_links":{"self":[{"href":"https:\/\/www.carmelitaniscalzi.com\/es\/wp-json\/wp\/v2\/posts\/127538","targetHints":{"allow":["GET"]}}],"collection":[{"href":"https:\/\/www.carmelitaniscalzi.com\/es\/wp-json\/wp\/v2\/posts"}],"about":[{"href":"https:\/\/www.carmelitaniscalzi.com\/es\/wp-json\/wp\/v2\/types\/post"}],"author":[{"embeddable":true,"href":"https:\/\/www.carmelitaniscalzi.com\/es\/wp-json\/wp\/v2\/users\/7"}],"replies":[{"embeddable":true,"href":"https:\/\/www.carmelitaniscalzi.com\/es\/wp-json\/wp\/v2\/comments?post=127538"}],"version-history":[{"count":1,"href":"https:\/\/www.carmelitaniscalzi.com\/es\/wp-json\/wp\/v2\/posts\/127538\/revisions"}],"predecessor-version":[{"id":127539,"href":"https:\/\/www.carmelitaniscalzi.com\/es\/wp-json\/wp\/v2\/posts\/127538\/revisions\/127539"}],"wp:featuredmedia":[{"embeddable":true,"href":"https:\/\/www.carmelitaniscalzi.com\/es\/wp-json\/wp\/v2\/media\/127475"}],"wp:attachment":[{"href":"https:\/\/www.carmelitaniscalzi.com\/es\/wp-json\/wp\/v2\/media?parent=127538"}],"wp:term":[{"taxonomy":"category","embeddable":true,"href":"https:\/\/www.carmelitaniscalzi.com\/es\/wp-json\/wp\/v2\/categories?post=127538"},{"taxonomy":"post_tag","embeddable":true,"href":"https:\/\/www.carmelitaniscalzi.com\/es\/wp-json\/wp\/v2\/tags?post=127538"}],"curies":[{"name":"wp","href":"https:\/\/api.w.org\/{rel}","templated":true}]}}