{"id":111720,"date":"2022-01-15T04:18:38","date_gmt":"2022-01-15T03:18:38","guid":{"rendered":"https:\/\/www.carmelitaniscalzi.com\/?p=111720"},"modified":"2022-01-15T04:18:38","modified_gmt":"2022-01-15T03:18:38","slug":"un-lugar-de-oracion-inaugurado-en-benoni-sudafrica","status":"publish","type":"post","link":"https:\/\/www.carmelitaniscalzi.com\/es\/2022\/01\/15\/un-lugar-de-oracion-inaugurado-en-benoni-sudafrica\/","title":{"rendered":"Un lugar de oraci\u00f3n inaugurado en Benoni (Sud\u00e1frica)"},"content":{"rendered":"<p>Los carmelitas de la Provincia de Karnataka-Goa han erigido un jard\u00edn de oraci\u00f3n en la parroquia de Nuestra Se\u00f1ora del Monte Carmelo de Benoni, en Sud\u00e1frica. El jard\u00edn fue bendecido por el arzobispo de Johannesburgo, Mons. Buti Tlhagale, el 21 de noviembre pasado, solemnidad de Cristo Rey.<\/p>\n<p>Durante la eucarist\u00eda, el arzobispo agradeci\u00f3 a todos los que han permitido la creaci\u00f3n de este hermoso jard\u00edn, que los fieles pueden visitar para buscar el encuentro con Dios en la oraci\u00f3n, lo que hace del lugar un espacio para la sanaci\u00f3n. Seguidamente, el P. Arvin Tauro, superior y p\u00e1rroco, agradeci\u00f3 tambi\u00e9n, en nombre de la comunidad, a todos los que han ayudado a la realizaci\u00f3n de este jard\u00edn de oraci\u00f3n tan deseado. Al final de la celebraci\u00f3n, Mons. Buti bendijo el sagrario de la capilla del centro de espiritualidad de nuestra comunidad, que particip\u00f3 al completo de la celebraci\u00f3n: PP. Mari Joe, Bonifacio D&#8217;Souza, John D&#8217;Souza, Rayan Pais y Antony Stephen.<\/p>\n<p>&nbsp;<\/p>\n<div class=\"wpmf-gallerys wpmf-gallerys-life \" ><div id=\"gallery-1\"\n data-gutter-width=\"5\"\n  data-wpmfcolumns=\"5\" class=\"wpmf-gallery gallery-link-file gallery_life gallery-masonry gallery-columns-5 gallery-size-thumbnail wpmf-gallery-bottomspace-default wpmf-gallery-clear wpmf-has-border-radius-0 wpmf-gutterwidth-5\"><div class=\"wpmf-gallery-item\n     wpmf-gallery-item-position-0 wpmf-gallery-item-attachment-111441\" data-index=\"0\"><div class=\"wpmf-gallery-icon\"><a class=\" not_video noLightbox\" data-lightbox=\"1\" data-href=\"https:\/\/www.carmelitaniscalzi.com\/wp-content\/uploads\/2022\/01\/rayan_231121_Carmel133.jpg\" title=\"rayan_231121_Carmel133\" target=\"_self\" data-index=\"0\"><img decoding=\"async\" class=\"wpmf_img\" alt=\"rayan_231121_Carmel133\" src=\"https:\/\/www.carmelitaniscalzi.com\/wp-content\/uploads\/2022\/01\/rayan_231121_Carmel133-150x150.jpg\" data-type=\"wpmfgalleryimg\" data-lazy-src=\"https:\/\/www.carmelitaniscalzi.com\/wp-content\/uploads\/2022\/01\/rayan_231121_Carmel133-150x150.jpg\"><\/a><\/div><\/div><div class=\"wpmf-gallery-item\n     wpmf-gallery-item-position-1 wpmf-gallery-item-attachment-111435\" data-index=\"1\"><div class=\"wpmf-gallery-icon\"><a class=\" not_video noLightbox\" data-lightbox=\"1\" data-href=\"https:\/\/www.carmelitaniscalzi.com\/wp-content\/uploads\/2022\/01\/rayan_231121_Carmel132.jpg\" title=\"rayan_231121_Carmel132\" target=\"_self\" data-index=\"1\"><img decoding=\"async\" class=\"wpmf_img\" alt=\"rayan_231121_Carmel132\" src=\"https:\/\/www.carmelitaniscalzi.com\/wp-content\/uploads\/2022\/01\/rayan_231121_Carmel132-150x150.jpg\" data-type=\"wpmfgalleryimg\" data-lazy-src=\"https:\/\/www.carmelitaniscalzi.com\/wp-content\/uploads\/2022\/01\/rayan_231121_Carmel132-150x150.jpg\"><\/a><\/div><\/div><div class=\"wpmf-gallery-item\n     wpmf-gallery-item-position-2 wpmf-gallery-item-attachment-111429\" data-index=\"2\"><div class=\"wpmf-gallery-icon\"><a class=\" not_video noLightbox\" data-lightbox=\"1\" data-href=\"https:\/\/www.carmelitaniscalzi.com\/wp-content\/uploads\/2022\/01\/rayan_231121_Carmel41.jpg\" title=\"rayan_231121_Carmel41\" target=\"_self\" data-index=\"2\"><img decoding=\"async\" class=\"wpmf_img\" alt=\"rayan_231121_Carmel41\" src=\"https:\/\/www.carmelitaniscalzi.com\/wp-content\/uploads\/2022\/01\/rayan_231121_Carmel41-150x150.jpg\" data-type=\"wpmfgalleryimg\" data-lazy-src=\"https:\/\/www.carmelitaniscalzi.com\/wp-content\/uploads\/2022\/01\/rayan_231121_Carmel41-150x150.jpg\"><\/a><\/div><\/div><div class=\"wpmf-gallery-item\n     wpmf-gallery-item-position-3 wpmf-gallery-item-attachment-111423\" data-index=\"3\"><div class=\"wpmf-gallery-icon\"><a class=\" not_video noLightbox\" data-lightbox=\"1\" data-href=\"https:\/\/www.carmelitaniscalzi.com\/wp-content\/uploads\/2022\/01\/rayan_231121_Carmel9.jpg\" title=\"rayan_231121_Carmel9\" target=\"_self\" data-index=\"3\"><img decoding=\"async\" class=\"wpmf_img\" alt=\"rayan_231121_Carmel9\" src=\"https:\/\/www.carmelitaniscalzi.com\/wp-content\/uploads\/2022\/01\/rayan_231121_Carmel9-150x150.jpg\" data-type=\"wpmfgalleryimg\" data-lazy-src=\"https:\/\/www.carmelitaniscalzi.com\/wp-content\/uploads\/2022\/01\/rayan_231121_Carmel9-150x150.jpg\"><\/a><\/div><\/div><div class=\"wpmf-gallery-item\n     wpmf-gallery-item-position-4 wpmf-gallery-item-attachment-111417\" data-index=\"4\"><div class=\"wpmf-gallery-icon\"><a class=\" not_video noLightbox\" data-lightbox=\"1\" data-href=\"https:\/\/www.carmelitaniscalzi.com\/wp-content\/uploads\/2022\/01\/rayan_231111-.jpg\" title=\"rayan_231111\" target=\"_self\" data-index=\"4\"><img decoding=\"async\" class=\"wpmf_img\" alt=\"rayan_231111\" src=\"https:\/\/www.carmelitaniscalzi.com\/wp-content\/uploads\/2022\/01\/rayan_231111--150x150.jpg\" data-type=\"wpmfgalleryimg\" data-lazy-src=\"https:\/\/www.carmelitaniscalzi.com\/wp-content\/uploads\/2022\/01\/rayan_231111--150x150.jpg\"><\/a><\/div><\/div><\/div><\/div>\n\n","protected":false},"excerpt":{"rendered":"<p>Los carmelitas de la Provincia de Karnataka-Goa han erigido un jard\u00edn de oraci\u00f3n en la parroquia de Nuestra Se\u00f1ora del Monte Carmelo de Benoni, en Sud\u00e1frica. El jard\u00edn fue bendecido por el arzobispo de Johannesburgo, Mons. Buti Tlhagale, el 21 de noviembre pasado, solemnidad de Cristo Rey. Durante la eucarist\u00eda, el arzobispo agradeci\u00f3 a todos [&hellip;]<\/p>\n","protected":false},"author":7,"featured_media":111411,"comment_status":"closed","ping_status":"open","sticky":false,"template":"","format":"standard","meta":{"_acf_changed":false,"footnotes":""},"categories":[174,175,372],"tags":[],"class_list":["post-111720","post","type-post","status-publish","format-standard","has-post-thumbnail","hentry","category-noticias-frailes","category-noticias-misiones","category-noticias"],"acf":[],"yoast_head":"<!-- This site is optimized with the Yoast SEO plugin v26.3 - https:\/\/yoast.com\/wordpress\/plugins\/seo\/ -->\n<title>Un lugar de oraci\u00f3n inaugurado en Benoni (Sud\u00e1frica) - CARMELITAS DESCALZOS<\/title>\n<meta name=\"robots\" content=\"index, follow, max-snippet:-1, max-image-preview:large, max-video-preview:-1\" \/>\n<link rel=\"canonical\" href=\"https:\/\/www.carmelitaniscalzi.com\/es\/2022\/01\/15\/un-lugar-de-oracion-inaugurado-en-benoni-sudafrica\/\" \/>\n<meta property=\"og:locale\" content=\"es_ES\" \/>\n<meta property=\"og:type\" content=\"article\" \/>\n<meta property=\"og:title\" content=\"Un lugar de oraci\u00f3n inaugurado en Benoni (Sud\u00e1frica) - CARMELITAS DESCALZOS\" \/>\n<meta property=\"og:description\" content=\"Los carmelitas de la Provincia de Karnataka-Goa han erigido un jard\u00edn de oraci\u00f3n en la parroquia de Nuestra Se\u00f1ora del Monte Carmelo de Benoni, en Sud\u00e1frica. El jard\u00edn fue bendecido por el arzobispo de Johannesburgo, Mons. Buti Tlhagale, el 21 de noviembre pasado, solemnidad de Cristo Rey. Durante la eucarist\u00eda, el arzobispo agradeci\u00f3 a todos [&hellip;]\" \/>\n<meta property=\"og:url\" content=\"https:\/\/www.carmelitaniscalzi.com\/es\/2022\/01\/15\/un-lugar-de-oracion-inaugurado-en-benoni-sudafrica\/\" \/>\n<meta property=\"og:site_name\" content=\"CARMELITAS DESCALZOS\" \/>\n<meta property=\"article:publisher\" content=\"https:\/\/www.facebook.com\/Curia-Generalizia-Carmelitani-Scalzi-658766940887784\/\" \/>\n<meta property=\"article:published_time\" content=\"2022-01-15T03:18:38+00:00\" \/>\n<meta property=\"og:image\" content=\"https:\/\/www.carmelitaniscalzi.com\/wp-content\/uploads\/2022\/01\/cover_benoni_2021.jpg\" \/>\n\t<meta property=\"og:image:width\" content=\"1000\" \/>\n\t<meta property=\"og:image:height\" content=\"600\" \/>\n\t<meta property=\"og:image:type\" content=\"image\/jpeg\" \/>\n<meta name=\"author\" content=\"ocd web master\" \/>\n<meta name=\"twitter:card\" content=\"summary_large_image\" \/>\n<meta name=\"twitter:creator\" content=\"@ocdcuria\" \/>\n<meta name=\"twitter:site\" content=\"@ocdcuria\" \/>\n<meta name=\"twitter:label1\" content=\"Escrito por\" \/>\n\t<meta name=\"twitter:data1\" content=\"ocd web master\" \/>\n\t<meta name=\"twitter:label2\" content=\"Tiempo de lectura\" \/>\n\t<meta name=\"twitter:data2\" content=\"1 minuto\" \/>\n<script type=\"application\/ld+json\" class=\"yoast-schema-graph\">{\"@context\":\"https:\/\/schema.org\",\"@graph\":[{\"@type\":\"Article\",\"@id\":\"https:\/\/www.carmelitaniscalzi.com\/es\/2022\/01\/15\/un-lugar-de-oracion-inaugurado-en-benoni-sudafrica\/#article\",\"isPartOf\":{\"@id\":\"https:\/\/www.carmelitaniscalzi.com\/es\/2022\/01\/15\/un-lugar-de-oracion-inaugurado-en-benoni-sudafrica\/\"},\"author\":{\"name\":\"ocd web master\",\"@id\":\"https:\/\/www.carmelitaniscalzi.com\/#\/schema\/person\/6d1c0d9bea7b6625c437246a5d6da409\"},\"headline\":\"Un lugar de oraci\u00f3n inaugurado en Benoni (Sud\u00e1frica)\",\"datePublished\":\"2022-01-15T03:18:38+00:00\",\"mainEntityOfPage\":{\"@id\":\"https:\/\/www.carmelitaniscalzi.com\/es\/2022\/01\/15\/un-lugar-de-oracion-inaugurado-en-benoni-sudafrica\/\"},\"wordCount\":198,\"publisher\":{\"@id\":\"https:\/\/www.carmelitaniscalzi.com\/#organization\"},\"image\":{\"@id\":\"https:\/\/www.carmelitaniscalzi.com\/es\/2022\/01\/15\/un-lugar-de-oracion-inaugurado-en-benoni-sudafrica\/#primaryimage\"},\"thumbnailUrl\":\"https:\/\/www.carmelitaniscalzi.com\/wp-content\/uploads\/2022\/01\/cover_benoni_2021.jpg\",\"articleSection\":[\"Noticias Frailes\",\"Noticias Misiones\",\"Noticias\"],\"inLanguage\":\"es\"},{\"@type\":\"WebPage\",\"@id\":\"https:\/\/www.carmelitaniscalzi.com\/es\/2022\/01\/15\/un-lugar-de-oracion-inaugurado-en-benoni-sudafrica\/\",\"url\":\"https:\/\/www.carmelitaniscalzi.com\/es\/2022\/01\/15\/un-lugar-de-oracion-inaugurado-en-benoni-sudafrica\/\",\"name\":\"Un lugar de oraci\u00f3n inaugurado en Benoni (Sud\u00e1frica) - CARMELITAS DESCALZOS\",\"isPartOf\":{\"@id\":\"https:\/\/www.carmelitaniscalzi.com\/#website\"},\"primaryImageOfPage\":{\"@id\":\"https:\/\/www.carmelitaniscalzi.com\/es\/2022\/01\/15\/un-lugar-de-oracion-inaugurado-en-benoni-sudafrica\/#primaryimage\"},\"image\":{\"@id\":\"https:\/\/www.carmelitaniscalzi.com\/es\/2022\/01\/15\/un-lugar-de-oracion-inaugurado-en-benoni-sudafrica\/#primaryimage\"},\"thumbnailUrl\":\"https:\/\/www.carmelitaniscalzi.com\/wp-content\/uploads\/2022\/01\/cover_benoni_2021.jpg\",\"datePublished\":\"2022-01-15T03:18:38+00:00\",\"breadcrumb\":{\"@id\":\"https:\/\/www.carmelitaniscalzi.com\/es\/2022\/01\/15\/un-lugar-de-oracion-inaugurado-en-benoni-sudafrica\/#breadcrumb\"},\"inLanguage\":\"es\",\"potentialAction\":[{\"@type\":\"ReadAction\",\"target\":[\"https:\/\/www.carmelitaniscalzi.com\/es\/2022\/01\/15\/un-lugar-de-oracion-inaugurado-en-benoni-sudafrica\/\"]}]},{\"@type\":\"ImageObject\",\"inLanguage\":\"es\",\"@id\":\"https:\/\/www.carmelitaniscalzi.com\/es\/2022\/01\/15\/un-lugar-de-oracion-inaugurado-en-benoni-sudafrica\/#primaryimage\",\"url\":\"https:\/\/www.carmelitaniscalzi.com\/wp-content\/uploads\/2022\/01\/cover_benoni_2021.jpg\",\"contentUrl\":\"https:\/\/www.carmelitaniscalzi.com\/wp-content\/uploads\/2022\/01\/cover_benoni_2021.jpg\",\"width\":1000,\"height\":600},{\"@type\":\"BreadcrumbList\",\"@id\":\"https:\/\/www.carmelitaniscalzi.com\/es\/2022\/01\/15\/un-lugar-de-oracion-inaugurado-en-benoni-sudafrica\/#breadcrumb\",\"itemListElement\":[{\"@type\":\"ListItem\",\"position\":1,\"name\":\"Home\",\"item\":\"https:\/\/www.carmelitaniscalzi.com\/es\/\"},{\"@type\":\"ListItem\",\"position\":2,\"name\":\"Un lugar de oraci\u00f3n inaugurado en Benoni (Sud\u00e1frica)\"}]},{\"@type\":\"WebSite\",\"@id\":\"https:\/\/www.carmelitaniscalzi.com\/#website\",\"url\":\"https:\/\/www.carmelitaniscalzi.com\/\",\"name\":\"CARMELITANI SCALZI - Curia Generale del Carmelo Teresiano\",\"description\":\"Curia General del Carmelo Teresiano\",\"publisher\":{\"@id\":\"https:\/\/www.carmelitaniscalzi.com\/#organization\"},\"alternateName\":\"CARMELITANI SCALZI\",\"potentialAction\":[{\"@type\":\"SearchAction\",\"target\":{\"@type\":\"EntryPoint\",\"urlTemplate\":\"https:\/\/www.carmelitaniscalzi.com\/?s={search_term_string}\"},\"query-input\":{\"@type\":\"PropertyValueSpecification\",\"valueRequired\":true,\"valueName\":\"search_term_string\"}}],\"inLanguage\":\"es\"},{\"@type\":\"Organization\",\"@id\":\"https:\/\/www.carmelitaniscalzi.com\/#organization\",\"name\":\"CARMELITANI SCALZI - Curia Generale del Carmelo Teresiano\",\"url\":\"https:\/\/www.carmelitaniscalzi.com\/\",\"logo\":{\"@type\":\"ImageObject\",\"inLanguage\":\"es\",\"@id\":\"https:\/\/www.carmelitaniscalzi.com\/#\/schema\/logo\/image\/\",\"url\":\"https:\/\/www.carmelitaniscalzi.com\/wp-content\/uploads\/2025\/11\/login-logo.png\",\"contentUrl\":\"https:\/\/www.carmelitaniscalzi.com\/wp-content\/uploads\/2025\/11\/login-logo.png\",\"width\":256,\"height\":256,\"caption\":\"CARMELITANI SCALZI - Curia Generale del Carmelo Teresiano\"},\"image\":{\"@id\":\"https:\/\/www.carmelitaniscalzi.com\/#\/schema\/logo\/image\/\"},\"sameAs\":[\"https:\/\/www.facebook.com\/Curia-Generalizia-Carmelitani-Scalzi-658766940887784\/\",\"https:\/\/x.com\/ocdcuria\",\"https:\/\/www.youtube.com\/channel\/UC2J5ZL0ycOY0qBSTCLX_NGQ\/videos\",\"https:\/\/www.instagram.com\/ocdinform\/\"]},{\"@type\":\"Person\",\"@id\":\"https:\/\/www.carmelitaniscalzi.com\/#\/schema\/person\/6d1c0d9bea7b6625c437246a5d6da409\",\"name\":\"ocd web master\",\"image\":{\"@type\":\"ImageObject\",\"inLanguage\":\"es\",\"@id\":\"https:\/\/www.carmelitaniscalzi.com\/#\/schema\/person\/image\/\",\"url\":\"https:\/\/secure.gravatar.com\/avatar\/41fbc5f82bad909fbaf2984c43fa50d8519ac5853e25b454d022b6868f80d0e7?s=96&d=mm&r=g\",\"contentUrl\":\"https:\/\/secure.gravatar.com\/avatar\/41fbc5f82bad909fbaf2984c43fa50d8519ac5853e25b454d022b6868f80d0e7?s=96&d=mm&r=g\",\"caption\":\"ocd web master\"},\"url\":\"https:\/\/www.carmelitaniscalzi.com\/es\/author\/ocdwebmaster\/\"}]}<\/script>\n<!-- \/ Yoast SEO plugin. -->","yoast_head_json":{"title":"Un lugar de oraci\u00f3n inaugurado en Benoni (Sud\u00e1frica) - CARMELITAS DESCALZOS","robots":{"index":"index","follow":"follow","max-snippet":"max-snippet:-1","max-image-preview":"max-image-preview:large","max-video-preview":"max-video-preview:-1"},"canonical":"https:\/\/www.carmelitaniscalzi.com\/es\/2022\/01\/15\/un-lugar-de-oracion-inaugurado-en-benoni-sudafrica\/","og_locale":"es_ES","og_type":"article","og_title":"Un lugar de oraci\u00f3n inaugurado en Benoni (Sud\u00e1frica) - CARMELITAS DESCALZOS","og_description":"Los carmelitas de la Provincia de Karnataka-Goa han erigido un jard\u00edn de oraci\u00f3n en la parroquia de Nuestra Se\u00f1ora del Monte Carmelo de Benoni, en Sud\u00e1frica. El jard\u00edn fue bendecido por el arzobispo de Johannesburgo, Mons. Buti Tlhagale, el 21 de noviembre pasado, solemnidad de Cristo Rey. Durante la eucarist\u00eda, el arzobispo agradeci\u00f3 a todos [&hellip;]","og_url":"https:\/\/www.carmelitaniscalzi.com\/es\/2022\/01\/15\/un-lugar-de-oracion-inaugurado-en-benoni-sudafrica\/","og_site_name":"CARMELITAS DESCALZOS","article_publisher":"https:\/\/www.facebook.com\/Curia-Generalizia-Carmelitani-Scalzi-658766940887784\/","article_published_time":"2022-01-15T03:18:38+00:00","og_image":[{"width":1000,"height":600,"url":"https:\/\/www.carmelitaniscalzi.com\/wp-content\/uploads\/2022\/01\/cover_benoni_2021.jpg","type":"image\/jpeg"}],"author":"ocd web master","twitter_card":"summary_large_image","twitter_creator":"@ocdcuria","twitter_site":"@ocdcuria","twitter_misc":{"Escrito por":"ocd web master","Tiempo de lectura":"1 minuto"},"schema":{"@context":"https:\/\/schema.org","@graph":[{"@type":"Article","@id":"https:\/\/www.carmelitaniscalzi.com\/es\/2022\/01\/15\/un-lugar-de-oracion-inaugurado-en-benoni-sudafrica\/#article","isPartOf":{"@id":"https:\/\/www.carmelitaniscalzi.com\/es\/2022\/01\/15\/un-lugar-de-oracion-inaugurado-en-benoni-sudafrica\/"},"author":{"name":"ocd web master","@id":"https:\/\/www.carmelitaniscalzi.com\/#\/schema\/person\/6d1c0d9bea7b6625c437246a5d6da409"},"headline":"Un lugar de oraci\u00f3n inaugurado en Benoni (Sud\u00e1frica)","datePublished":"2022-01-15T03:18:38+00:00","mainEntityOfPage":{"@id":"https:\/\/www.carmelitaniscalzi.com\/es\/2022\/01\/15\/un-lugar-de-oracion-inaugurado-en-benoni-sudafrica\/"},"wordCount":198,"publisher":{"@id":"https:\/\/www.carmelitaniscalzi.com\/#organization"},"image":{"@id":"https:\/\/www.carmelitaniscalzi.com\/es\/2022\/01\/15\/un-lugar-de-oracion-inaugurado-en-benoni-sudafrica\/#primaryimage"},"thumbnailUrl":"https:\/\/www.carmelitaniscalzi.com\/wp-content\/uploads\/2022\/01\/cover_benoni_2021.jpg","articleSection":["Noticias Frailes","Noticias Misiones","Noticias"],"inLanguage":"es"},{"@type":"WebPage","@id":"https:\/\/www.carmelitaniscalzi.com\/es\/2022\/01\/15\/un-lugar-de-oracion-inaugurado-en-benoni-sudafrica\/","url":"https:\/\/www.carmelitaniscalzi.com\/es\/2022\/01\/15\/un-lugar-de-oracion-inaugurado-en-benoni-sudafrica\/","name":"Un lugar de oraci\u00f3n inaugurado en Benoni (Sud\u00e1frica) - CARMELITAS DESCALZOS","isPartOf":{"@id":"https:\/\/www.carmelitaniscalzi.com\/#website"},"primaryImageOfPage":{"@id":"https:\/\/www.carmelitaniscalzi.com\/es\/2022\/01\/15\/un-lugar-de-oracion-inaugurado-en-benoni-sudafrica\/#primaryimage"},"image":{"@id":"https:\/\/www.carmelitaniscalzi.com\/es\/2022\/01\/15\/un-lugar-de-oracion-inaugurado-en-benoni-sudafrica\/#primaryimage"},"thumbnailUrl":"https:\/\/www.carmelitaniscalzi.com\/wp-content\/uploads\/2022\/01\/cover_benoni_2021.jpg","datePublished":"2022-01-15T03:18:38+00:00","breadcrumb":{"@id":"https:\/\/www.carmelitaniscalzi.com\/es\/2022\/01\/15\/un-lugar-de-oracion-inaugurado-en-benoni-sudafrica\/#breadcrumb"},"inLanguage":"es","potentialAction":[{"@type":"ReadAction","target":["https:\/\/www.carmelitaniscalzi.com\/es\/2022\/01\/15\/un-lugar-de-oracion-inaugurado-en-benoni-sudafrica\/"]}]},{"@type":"ImageObject","inLanguage":"es","@id":"https:\/\/www.carmelitaniscalzi.com\/es\/2022\/01\/15\/un-lugar-de-oracion-inaugurado-en-benoni-sudafrica\/#primaryimage","url":"https:\/\/www.carmelitaniscalzi.com\/wp-content\/uploads\/2022\/01\/cover_benoni_2021.jpg","contentUrl":"https:\/\/www.carmelitaniscalzi.com\/wp-content\/uploads\/2022\/01\/cover_benoni_2021.jpg","width":1000,"height":600},{"@type":"BreadcrumbList","@id":"https:\/\/www.carmelitaniscalzi.com\/es\/2022\/01\/15\/un-lugar-de-oracion-inaugurado-en-benoni-sudafrica\/#breadcrumb","itemListElement":[{"@type":"ListItem","position":1,"name":"Home","item":"https:\/\/www.carmelitaniscalzi.com\/es\/"},{"@type":"ListItem","position":2,"name":"Un lugar de oraci\u00f3n inaugurado en Benoni (Sud\u00e1frica)"}]},{"@type":"WebSite","@id":"https:\/\/www.carmelitaniscalzi.com\/#website","url":"https:\/\/www.carmelitaniscalzi.com\/","name":"CARMELITANI SCALZI - Curia Generale del Carmelo Teresiano","description":"Curia General del Carmelo Teresiano","publisher":{"@id":"https:\/\/www.carmelitaniscalzi.com\/#organization"},"alternateName":"CARMELITANI SCALZI","potentialAction":[{"@type":"SearchAction","target":{"@type":"EntryPoint","urlTemplate":"https:\/\/www.carmelitaniscalzi.com\/?s={search_term_string}"},"query-input":{"@type":"PropertyValueSpecification","valueRequired":true,"valueName":"search_term_string"}}],"inLanguage":"es"},{"@type":"Organization","@id":"https:\/\/www.carmelitaniscalzi.com\/#organization","name":"CARMELITANI SCALZI - Curia Generale del Carmelo Teresiano","url":"https:\/\/www.carmelitaniscalzi.com\/","logo":{"@type":"ImageObject","inLanguage":"es","@id":"https:\/\/www.carmelitaniscalzi.com\/#\/schema\/logo\/image\/","url":"https:\/\/www.carmelitaniscalzi.com\/wp-content\/uploads\/2025\/11\/login-logo.png","contentUrl":"https:\/\/www.carmelitaniscalzi.com\/wp-content\/uploads\/2025\/11\/login-logo.png","width":256,"height":256,"caption":"CARMELITANI SCALZI - Curia Generale del Carmelo Teresiano"},"image":{"@id":"https:\/\/www.carmelitaniscalzi.com\/#\/schema\/logo\/image\/"},"sameAs":["https:\/\/www.facebook.com\/Curia-Generalizia-Carmelitani-Scalzi-658766940887784\/","https:\/\/x.com\/ocdcuria","https:\/\/www.youtube.com\/channel\/UC2J5ZL0ycOY0qBSTCLX_NGQ\/videos","https:\/\/www.instagram.com\/ocdinform\/"]},{"@type":"Person","@id":"https:\/\/www.carmelitaniscalzi.com\/#\/schema\/person\/6d1c0d9bea7b6625c437246a5d6da409","name":"ocd web master","image":{"@type":"ImageObject","inLanguage":"es","@id":"https:\/\/www.carmelitaniscalzi.com\/#\/schema\/person\/image\/","url":"https:\/\/secure.gravatar.com\/avatar\/41fbc5f82bad909fbaf2984c43fa50d8519ac5853e25b454d022b6868f80d0e7?s=96&d=mm&r=g","contentUrl":"https:\/\/secure.gravatar.com\/avatar\/41fbc5f82bad909fbaf2984c43fa50d8519ac5853e25b454d022b6868f80d0e7?s=96&d=mm&r=g","caption":"ocd web master"},"url":"https:\/\/www.carmelitaniscalzi.com\/es\/author\/ocdwebmaster\/"}]}},"_links":{"self":[{"href":"https:\/\/www.carmelitaniscalzi.com\/es\/wp-json\/wp\/v2\/posts\/111720","targetHints":{"allow":["GET"]}}],"collection":[{"href":"https:\/\/www.carmelitaniscalzi.com\/es\/wp-json\/wp\/v2\/posts"}],"about":[{"href":"https:\/\/www.carmelitaniscalzi.com\/es\/wp-json\/wp\/v2\/types\/post"}],"author":[{"embeddable":true,"href":"https:\/\/www.carmelitaniscalzi.com\/es\/wp-json\/wp\/v2\/users\/7"}],"replies":[{"embeddable":true,"href":"https:\/\/www.carmelitaniscalzi.com\/es\/wp-json\/wp\/v2\/comments?post=111720"}],"version-history":[{"count":1,"href":"https:\/\/www.carmelitaniscalzi.com\/es\/wp-json\/wp\/v2\/posts\/111720\/revisions"}],"predecessor-version":[{"id":111721,"href":"https:\/\/www.carmelitaniscalzi.com\/es\/wp-json\/wp\/v2\/posts\/111720\/revisions\/111721"}],"wp:featuredmedia":[{"embeddable":true,"href":"https:\/\/www.carmelitaniscalzi.com\/es\/wp-json\/wp\/v2\/media\/111411"}],"wp:attachment":[{"href":"https:\/\/www.carmelitaniscalzi.com\/es\/wp-json\/wp\/v2\/media?parent=111720"}],"wp:term":[{"taxonomy":"category","embeddable":true,"href":"https:\/\/www.carmelitaniscalzi.com\/es\/wp-json\/wp\/v2\/categories?post=111720"},{"taxonomy":"post_tag","embeddable":true,"href":"https:\/\/www.carmelitaniscalzi.com\/es\/wp-json\/wp\/v2\/tags?post=111720"}],"curies":[{"name":"wp","href":"https:\/\/api.w.org\/{rel}","templated":true}]}}