{"id":6861,"date":"2016-08-17T14:40:00","date_gmt":"2016-08-17T12:40:00","guid":{"rendered":"https:\/\/www.carmelitaniscalzi.com\/en\/?p=6861"},"modified":"2021-05-23T13:38:47","modified_gmt":"2021-05-23T11:38:47","slug":"ocds-congress-in-italy-and-spain","status":"publish","type":"post","link":"https:\/\/www.carmelitaniscalzi.com\/en\/2016\/08\/17\/ocds-congress-in-italy-and-spain\/","title":{"rendered":"OCDS Congress in Italy and Spain"},"content":{"rendered":"<p>Entre el 7 y el 10 de julio pasados se celebr\u00f3 en Sassone (Ciampino, Roma), el Congreso Nacional del Carmelo Seglar italiano, con el t\u00edtulo: \u201cFamilia y comunidad. Entra\u00f1as de misericordia y fecundidad del amor\u201d.<\/p>\n<p>Concebido como oportunidad fecunda en el que compartir la riqueza de la diversidad del Carmelo italiano, el Congreso ofreci\u00f3 un espacio de reflexi\u00f3n en el que pensar juntos el momento actual de la vida en familia y en las comunidades OCDS, a la luz del carisma teresiano, estimulados por las sugerencias del papa Francisco en <em>Amoris Laetitia<\/em>.\u00a0 Adem\u00e1s de las aportaciones de carmelitas seglares de distintas provincias, se cont\u00f3 con la presencia del asistente nacional, P. Aldo Formentin, el Delegado General, P. Alzinir Debastiani y el Prep\u00f3sito General de la Orden, P. Saverio Cannistr\u00e0.<\/p>\n<p>Igualmente, del 30 de julio al 1 de agosto se desarroll\u00f3 el Congreso Ib\u00e9rico OCDS, con presencia de miembros de fraternidades de Espa\u00f1a y Portugal. Tuvo lugar en el CITeS de \u00c1vila y en \u00e9l se trataron diversos temas acerca de la identidad y la formaci\u00f3n del carmelita seglar, la relaci\u00f3n entre las tres ramas de la Orden y el llamado a ser una \u00fanica familia, as\u00ed como otros de actualidad para el laicado teresiano. La clausura corri\u00f3 a cargo del P. Miguel M\u00e1rquez, ocd, Provincial de la Ib\u00e9rica y en el congreso particip\u00f3 tambi\u00e9n el P. Alzinir Debastiani, Delegado General para la OCDS<\/p>\n<p><a href=\"https:\/\/www.carmelitaniscalzi.com\/wp-content\/uploads\/2016\/08\/03_OCDS.jpg\"><img loading=\"lazy\" decoding=\"async\" class=\"size-medium wp-image-6862 aligncenter\" src=\"https:\/\/www.carmelitaniscalzi.com\/wp-content\/uploads\/2016\/08\/03_OCDS-300x199.jpg\" alt=\"03_OCDS\" width=\"300\" height=\"199\" srcset=\"https:\/\/www.carmelitaniscalzi.com\/wp-content\/uploads\/2016\/08\/03_OCDS-300x199.jpg 300w, https:\/\/www.carmelitaniscalzi.com\/wp-content\/uploads\/2016\/08\/03_OCDS-83x55.jpg 83w, https:\/\/www.carmelitaniscalzi.com\/wp-content\/uploads\/2016\/08\/03_OCDS-580x384.jpg 580w, https:\/\/www.carmelitaniscalzi.com\/wp-content\/uploads\/2016\/08\/03_OCDS.jpg 720w\" sizes=\"auto, (max-width: 300px) 100vw, 300px\" \/><\/a><\/p>\n","protected":false},"excerpt":{"rendered":"<p>Entre el 7 y el 10 de julio pasados se celebr\u00f3 en Sassone (Ciampino, Roma), el Congreso Nacional del Carmelo Seglar italiano, con el t\u00edtulo: \u201cFamilia y comunidad. Entra\u00f1as de misericordia y fecundidad del amor\u201d. Concebido como oportunidad fecunda en el que compartir la riqueza de la diversidad del Carmelo italiano, el Congreso ofreci\u00f3 un [&hellip;]<\/p>\n","protected":false},"author":7,"featured_media":6863,"comment_status":"open","ping_status":"open","sticky":false,"template":"","format":"standard","meta":{"_acf_changed":false,"footnotes":""},"categories":[260,369],"tags":[],"class_list":["post-6861","post","type-post","status-publish","format-standard","has-post-thumbnail","hentry","category-news-ocds","category-news"],"acf":[],"yoast_head":"<!-- This site is optimized with the Yoast SEO plugin v26.3 - https:\/\/yoast.com\/wordpress\/plugins\/seo\/ -->\n<title>OCDS Congress in Italy and Spain - DISCALCED CARMELITES<\/title>\n<meta name=\"robots\" content=\"index, follow, max-snippet:-1, max-image-preview:large, max-video-preview:-1\" \/>\n<link rel=\"canonical\" href=\"https:\/\/www.carmelitaniscalzi.com\/en\/2016\/08\/17\/ocds-congress-in-italy-and-spain\/\" \/>\n<meta property=\"og:locale\" content=\"en_US\" \/>\n<meta property=\"og:type\" content=\"article\" \/>\n<meta property=\"og:title\" content=\"OCDS Congress in Italy and Spain - DISCALCED CARMELITES\" \/>\n<meta property=\"og:description\" content=\"Entre el 7 y el 10 de julio pasados se celebr\u00f3 en Sassone (Ciampino, Roma), el Congreso Nacional del Carmelo Seglar italiano, con el t\u00edtulo: \u201cFamilia y comunidad. Entra\u00f1as de misericordia y fecundidad del amor\u201d. Concebido como oportunidad fecunda en el que compartir la riqueza de la diversidad del Carmelo italiano, el Congreso ofreci\u00f3 un [&hellip;]\" \/>\n<meta property=\"og:url\" content=\"https:\/\/www.carmelitaniscalzi.com\/en\/2016\/08\/17\/ocds-congress-in-italy-and-spain\/\" \/>\n<meta property=\"og:site_name\" content=\"DISCALCED CARMELITES\" \/>\n<meta property=\"article:publisher\" content=\"https:\/\/www.facebook.com\/Curia-Generalizia-Carmelitani-Scalzi-658766940887784\/\" \/>\n<meta property=\"article:published_time\" content=\"2016-08-17T12:40:00+00:00\" \/>\n<meta property=\"article:modified_time\" content=\"2021-05-23T11:38:47+00:00\" \/>\n<meta property=\"og:image\" content=\"https:\/\/www.carmelitaniscalzi.com\/wp-content\/uploads\/2016\/08\/04_OCDS.jpg\" \/>\n\t<meta property=\"og:image:width\" content=\"600\" \/>\n\t<meta property=\"og:image:height\" content=\"600\" \/>\n\t<meta property=\"og:image:type\" content=\"image\/jpeg\" \/>\n<meta name=\"author\" content=\"ocd web master\" \/>\n<meta name=\"twitter:card\" content=\"summary_large_image\" \/>\n<meta name=\"twitter:creator\" content=\"@ocdcuria\" \/>\n<meta name=\"twitter:site\" content=\"@ocdcuria\" \/>\n<meta name=\"twitter:label1\" content=\"Written by\" \/>\n\t<meta name=\"twitter:data1\" content=\"ocd web master\" \/>\n\t<meta name=\"twitter:label2\" content=\"Est. reading time\" \/>\n\t<meta name=\"twitter:data2\" content=\"1 minute\" \/>\n<script type=\"application\/ld+json\" class=\"yoast-schema-graph\">{\"@context\":\"https:\/\/schema.org\",\"@graph\":[{\"@type\":\"Article\",\"@id\":\"https:\/\/www.carmelitaniscalzi.com\/en\/2016\/08\/17\/ocds-congress-in-italy-and-spain\/#article\",\"isPartOf\":{\"@id\":\"https:\/\/www.carmelitaniscalzi.com\/en\/2016\/08\/17\/ocds-congress-in-italy-and-spain\/\"},\"author\":{\"name\":\"ocd web master\",\"@id\":\"https:\/\/www.carmelitaniscalzi.com\/#\/schema\/person\/6d1c0d9bea7b6625c437246a5d6da409\"},\"headline\":\"OCDS Congress in Italy and Spain\",\"datePublished\":\"2016-08-17T12:40:00+00:00\",\"dateModified\":\"2021-05-23T11:38:47+00:00\",\"mainEntityOfPage\":{\"@id\":\"https:\/\/www.carmelitaniscalzi.com\/en\/2016\/08\/17\/ocds-congress-in-italy-and-spain\/\"},\"wordCount\":247,\"commentCount\":0,\"publisher\":{\"@id\":\"https:\/\/www.carmelitaniscalzi.com\/#organization\"},\"image\":{\"@id\":\"https:\/\/www.carmelitaniscalzi.com\/en\/2016\/08\/17\/ocds-congress-in-italy-and-spain\/#primaryimage\"},\"thumbnailUrl\":\"https:\/\/www.carmelitaniscalzi.com\/wp-content\/uploads\/2016\/08\/04_OCDS.jpg\",\"articleSection\":[\"News OCDS\",\"News\"],\"inLanguage\":\"en-US\"},{\"@type\":\"WebPage\",\"@id\":\"https:\/\/www.carmelitaniscalzi.com\/en\/2016\/08\/17\/ocds-congress-in-italy-and-spain\/\",\"url\":\"https:\/\/www.carmelitaniscalzi.com\/en\/2016\/08\/17\/ocds-congress-in-italy-and-spain\/\",\"name\":\"OCDS Congress in Italy and Spain - DISCALCED CARMELITES\",\"isPartOf\":{\"@id\":\"https:\/\/www.carmelitaniscalzi.com\/#website\"},\"primaryImageOfPage\":{\"@id\":\"https:\/\/www.carmelitaniscalzi.com\/en\/2016\/08\/17\/ocds-congress-in-italy-and-spain\/#primaryimage\"},\"image\":{\"@id\":\"https:\/\/www.carmelitaniscalzi.com\/en\/2016\/08\/17\/ocds-congress-in-italy-and-spain\/#primaryimage\"},\"thumbnailUrl\":\"https:\/\/www.carmelitaniscalzi.com\/wp-content\/uploads\/2016\/08\/04_OCDS.jpg\",\"datePublished\":\"2016-08-17T12:40:00+00:00\",\"dateModified\":\"2021-05-23T11:38:47+00:00\",\"breadcrumb\":{\"@id\":\"https:\/\/www.carmelitaniscalzi.com\/en\/2016\/08\/17\/ocds-congress-in-italy-and-spain\/#breadcrumb\"},\"inLanguage\":\"en-US\",\"potentialAction\":[{\"@type\":\"ReadAction\",\"target\":[\"https:\/\/www.carmelitaniscalzi.com\/en\/2016\/08\/17\/ocds-congress-in-italy-and-spain\/\"]}]},{\"@type\":\"ImageObject\",\"inLanguage\":\"en-US\",\"@id\":\"https:\/\/www.carmelitaniscalzi.com\/en\/2016\/08\/17\/ocds-congress-in-italy-and-spain\/#primaryimage\",\"url\":\"https:\/\/www.carmelitaniscalzi.com\/wp-content\/uploads\/2016\/08\/04_OCDS.jpg\",\"contentUrl\":\"https:\/\/www.carmelitaniscalzi.com\/wp-content\/uploads\/2016\/08\/04_OCDS.jpg\",\"width\":600,\"height\":600},{\"@type\":\"BreadcrumbList\",\"@id\":\"https:\/\/www.carmelitaniscalzi.com\/en\/2016\/08\/17\/ocds-congress-in-italy-and-spain\/#breadcrumb\",\"itemListElement\":[{\"@type\":\"ListItem\",\"position\":1,\"name\":\"Home\",\"item\":\"https:\/\/www.carmelitaniscalzi.com\/en\/\"},{\"@type\":\"ListItem\",\"position\":2,\"name\":\"OCDS Congress in Italy and Spain\"}]},{\"@type\":\"WebSite\",\"@id\":\"https:\/\/www.carmelitaniscalzi.com\/#website\",\"url\":\"https:\/\/www.carmelitaniscalzi.com\/\",\"name\":\"CARMELITANI SCALZI - Curia Generale del Carmelo Teresiano\",\"description\":\"General Curia of the Teresian Carmel\",\"publisher\":{\"@id\":\"https:\/\/www.carmelitaniscalzi.com\/#organization\"},\"alternateName\":\"CARMELITANI SCALZI\",\"potentialAction\":[{\"@type\":\"SearchAction\",\"target\":{\"@type\":\"EntryPoint\",\"urlTemplate\":\"https:\/\/www.carmelitaniscalzi.com\/?s={search_term_string}\"},\"query-input\":{\"@type\":\"PropertyValueSpecification\",\"valueRequired\":true,\"valueName\":\"search_term_string\"}}],\"inLanguage\":\"en-US\"},{\"@type\":\"Organization\",\"@id\":\"https:\/\/www.carmelitaniscalzi.com\/#organization\",\"name\":\"CARMELITANI SCALZI - Curia Generale del Carmelo Teresiano\",\"url\":\"https:\/\/www.carmelitaniscalzi.com\/\",\"logo\":{\"@type\":\"ImageObject\",\"inLanguage\":\"en-US\",\"@id\":\"https:\/\/www.carmelitaniscalzi.com\/#\/schema\/logo\/image\/\",\"url\":\"https:\/\/www.carmelitaniscalzi.com\/wp-content\/uploads\/2025\/11\/login-logo.png\",\"contentUrl\":\"https:\/\/www.carmelitaniscalzi.com\/wp-content\/uploads\/2025\/11\/login-logo.png\",\"width\":256,\"height\":256,\"caption\":\"CARMELITANI SCALZI - Curia Generale del Carmelo Teresiano\"},\"image\":{\"@id\":\"https:\/\/www.carmelitaniscalzi.com\/#\/schema\/logo\/image\/\"},\"sameAs\":[\"https:\/\/www.facebook.com\/Curia-Generalizia-Carmelitani-Scalzi-658766940887784\/\",\"https:\/\/x.com\/ocdcuria\",\"https:\/\/www.youtube.com\/channel\/UC2J5ZL0ycOY0qBSTCLX_NGQ\/videos\",\"https:\/\/www.instagram.com\/ocdinform\/\"]},{\"@type\":\"Person\",\"@id\":\"https:\/\/www.carmelitaniscalzi.com\/#\/schema\/person\/6d1c0d9bea7b6625c437246a5d6da409\",\"name\":\"ocd web master\",\"image\":{\"@type\":\"ImageObject\",\"inLanguage\":\"en-US\",\"@id\":\"https:\/\/www.carmelitaniscalzi.com\/#\/schema\/person\/image\/\",\"url\":\"https:\/\/secure.gravatar.com\/avatar\/41fbc5f82bad909fbaf2984c43fa50d8519ac5853e25b454d022b6868f80d0e7?s=96&d=mm&r=g\",\"contentUrl\":\"https:\/\/secure.gravatar.com\/avatar\/41fbc5f82bad909fbaf2984c43fa50d8519ac5853e25b454d022b6868f80d0e7?s=96&d=mm&r=g\",\"caption\":\"ocd web master\"},\"url\":\"https:\/\/www.carmelitaniscalzi.com\/en\/author\/ocdwebmaster\/\"}]}<\/script>\n<!-- \/ Yoast SEO plugin. -->","yoast_head_json":{"title":"OCDS Congress in Italy and Spain - DISCALCED CARMELITES","robots":{"index":"index","follow":"follow","max-snippet":"max-snippet:-1","max-image-preview":"max-image-preview:large","max-video-preview":"max-video-preview:-1"},"canonical":"https:\/\/www.carmelitaniscalzi.com\/en\/2016\/08\/17\/ocds-congress-in-italy-and-spain\/","og_locale":"en_US","og_type":"article","og_title":"OCDS Congress in Italy and Spain - DISCALCED CARMELITES","og_description":"Entre el 7 y el 10 de julio pasados se celebr\u00f3 en Sassone (Ciampino, Roma), el Congreso Nacional del Carmelo Seglar italiano, con el t\u00edtulo: \u201cFamilia y comunidad. Entra\u00f1as de misericordia y fecundidad del amor\u201d. Concebido como oportunidad fecunda en el que compartir la riqueza de la diversidad del Carmelo italiano, el Congreso ofreci\u00f3 un [&hellip;]","og_url":"https:\/\/www.carmelitaniscalzi.com\/en\/2016\/08\/17\/ocds-congress-in-italy-and-spain\/","og_site_name":"DISCALCED CARMELITES","article_publisher":"https:\/\/www.facebook.com\/Curia-Generalizia-Carmelitani-Scalzi-658766940887784\/","article_published_time":"2016-08-17T12:40:00+00:00","article_modified_time":"2021-05-23T11:38:47+00:00","og_image":[{"width":600,"height":600,"url":"https:\/\/www.carmelitaniscalzi.com\/wp-content\/uploads\/2016\/08\/04_OCDS.jpg","type":"image\/jpeg"}],"author":"ocd web master","twitter_card":"summary_large_image","twitter_creator":"@ocdcuria","twitter_site":"@ocdcuria","twitter_misc":{"Written by":"ocd web master","Est. reading time":"1 minute"},"schema":{"@context":"https:\/\/schema.org","@graph":[{"@type":"Article","@id":"https:\/\/www.carmelitaniscalzi.com\/en\/2016\/08\/17\/ocds-congress-in-italy-and-spain\/#article","isPartOf":{"@id":"https:\/\/www.carmelitaniscalzi.com\/en\/2016\/08\/17\/ocds-congress-in-italy-and-spain\/"},"author":{"name":"ocd web master","@id":"https:\/\/www.carmelitaniscalzi.com\/#\/schema\/person\/6d1c0d9bea7b6625c437246a5d6da409"},"headline":"OCDS Congress in Italy and Spain","datePublished":"2016-08-17T12:40:00+00:00","dateModified":"2021-05-23T11:38:47+00:00","mainEntityOfPage":{"@id":"https:\/\/www.carmelitaniscalzi.com\/en\/2016\/08\/17\/ocds-congress-in-italy-and-spain\/"},"wordCount":247,"commentCount":0,"publisher":{"@id":"https:\/\/www.carmelitaniscalzi.com\/#organization"},"image":{"@id":"https:\/\/www.carmelitaniscalzi.com\/en\/2016\/08\/17\/ocds-congress-in-italy-and-spain\/#primaryimage"},"thumbnailUrl":"https:\/\/www.carmelitaniscalzi.com\/wp-content\/uploads\/2016\/08\/04_OCDS.jpg","articleSection":["News OCDS","News"],"inLanguage":"en-US"},{"@type":"WebPage","@id":"https:\/\/www.carmelitaniscalzi.com\/en\/2016\/08\/17\/ocds-congress-in-italy-and-spain\/","url":"https:\/\/www.carmelitaniscalzi.com\/en\/2016\/08\/17\/ocds-congress-in-italy-and-spain\/","name":"OCDS Congress in Italy and Spain - DISCALCED CARMELITES","isPartOf":{"@id":"https:\/\/www.carmelitaniscalzi.com\/#website"},"primaryImageOfPage":{"@id":"https:\/\/www.carmelitaniscalzi.com\/en\/2016\/08\/17\/ocds-congress-in-italy-and-spain\/#primaryimage"},"image":{"@id":"https:\/\/www.carmelitaniscalzi.com\/en\/2016\/08\/17\/ocds-congress-in-italy-and-spain\/#primaryimage"},"thumbnailUrl":"https:\/\/www.carmelitaniscalzi.com\/wp-content\/uploads\/2016\/08\/04_OCDS.jpg","datePublished":"2016-08-17T12:40:00+00:00","dateModified":"2021-05-23T11:38:47+00:00","breadcrumb":{"@id":"https:\/\/www.carmelitaniscalzi.com\/en\/2016\/08\/17\/ocds-congress-in-italy-and-spain\/#breadcrumb"},"inLanguage":"en-US","potentialAction":[{"@type":"ReadAction","target":["https:\/\/www.carmelitaniscalzi.com\/en\/2016\/08\/17\/ocds-congress-in-italy-and-spain\/"]}]},{"@type":"ImageObject","inLanguage":"en-US","@id":"https:\/\/www.carmelitaniscalzi.com\/en\/2016\/08\/17\/ocds-congress-in-italy-and-spain\/#primaryimage","url":"https:\/\/www.carmelitaniscalzi.com\/wp-content\/uploads\/2016\/08\/04_OCDS.jpg","contentUrl":"https:\/\/www.carmelitaniscalzi.com\/wp-content\/uploads\/2016\/08\/04_OCDS.jpg","width":600,"height":600},{"@type":"BreadcrumbList","@id":"https:\/\/www.carmelitaniscalzi.com\/en\/2016\/08\/17\/ocds-congress-in-italy-and-spain\/#breadcrumb","itemListElement":[{"@type":"ListItem","position":1,"name":"Home","item":"https:\/\/www.carmelitaniscalzi.com\/en\/"},{"@type":"ListItem","position":2,"name":"OCDS Congress in Italy and Spain"}]},{"@type":"WebSite","@id":"https:\/\/www.carmelitaniscalzi.com\/#website","url":"https:\/\/www.carmelitaniscalzi.com\/","name":"CARMELITANI SCALZI - Curia Generale del Carmelo Teresiano","description":"General Curia of the Teresian Carmel","publisher":{"@id":"https:\/\/www.carmelitaniscalzi.com\/#organization"},"alternateName":"CARMELITANI SCALZI","potentialAction":[{"@type":"SearchAction","target":{"@type":"EntryPoint","urlTemplate":"https:\/\/www.carmelitaniscalzi.com\/?s={search_term_string}"},"query-input":{"@type":"PropertyValueSpecification","valueRequired":true,"valueName":"search_term_string"}}],"inLanguage":"en-US"},{"@type":"Organization","@id":"https:\/\/www.carmelitaniscalzi.com\/#organization","name":"CARMELITANI SCALZI - Curia Generale del Carmelo Teresiano","url":"https:\/\/www.carmelitaniscalzi.com\/","logo":{"@type":"ImageObject","inLanguage":"en-US","@id":"https:\/\/www.carmelitaniscalzi.com\/#\/schema\/logo\/image\/","url":"https:\/\/www.carmelitaniscalzi.com\/wp-content\/uploads\/2025\/11\/login-logo.png","contentUrl":"https:\/\/www.carmelitaniscalzi.com\/wp-content\/uploads\/2025\/11\/login-logo.png","width":256,"height":256,"caption":"CARMELITANI SCALZI - Curia Generale del Carmelo Teresiano"},"image":{"@id":"https:\/\/www.carmelitaniscalzi.com\/#\/schema\/logo\/image\/"},"sameAs":["https:\/\/www.facebook.com\/Curia-Generalizia-Carmelitani-Scalzi-658766940887784\/","https:\/\/x.com\/ocdcuria","https:\/\/www.youtube.com\/channel\/UC2J5ZL0ycOY0qBSTCLX_NGQ\/videos","https:\/\/www.instagram.com\/ocdinform\/"]},{"@type":"Person","@id":"https:\/\/www.carmelitaniscalzi.com\/#\/schema\/person\/6d1c0d9bea7b6625c437246a5d6da409","name":"ocd web master","image":{"@type":"ImageObject","inLanguage":"en-US","@id":"https:\/\/www.carmelitaniscalzi.com\/#\/schema\/person\/image\/","url":"https:\/\/secure.gravatar.com\/avatar\/41fbc5f82bad909fbaf2984c43fa50d8519ac5853e25b454d022b6868f80d0e7?s=96&d=mm&r=g","contentUrl":"https:\/\/secure.gravatar.com\/avatar\/41fbc5f82bad909fbaf2984c43fa50d8519ac5853e25b454d022b6868f80d0e7?s=96&d=mm&r=g","caption":"ocd web master"},"url":"https:\/\/www.carmelitaniscalzi.com\/en\/author\/ocdwebmaster\/"}]}},"_links":{"self":[{"href":"https:\/\/www.carmelitaniscalzi.com\/en\/wp-json\/wp\/v2\/posts\/6861","targetHints":{"allow":["GET"]}}],"collection":[{"href":"https:\/\/www.carmelitaniscalzi.com\/en\/wp-json\/wp\/v2\/posts"}],"about":[{"href":"https:\/\/www.carmelitaniscalzi.com\/en\/wp-json\/wp\/v2\/types\/post"}],"author":[{"embeddable":true,"href":"https:\/\/www.carmelitaniscalzi.com\/en\/wp-json\/wp\/v2\/users\/7"}],"replies":[{"embeddable":true,"href":"https:\/\/www.carmelitaniscalzi.com\/en\/wp-json\/wp\/v2\/comments?post=6861"}],"version-history":[{"count":0,"href":"https:\/\/www.carmelitaniscalzi.com\/en\/wp-json\/wp\/v2\/posts\/6861\/revisions"}],"wp:featuredmedia":[{"embeddable":true,"href":"https:\/\/www.carmelitaniscalzi.com\/en\/wp-json\/wp\/v2\/media\/6863"}],"wp:attachment":[{"href":"https:\/\/www.carmelitaniscalzi.com\/en\/wp-json\/wp\/v2\/media?parent=6861"}],"wp:term":[{"taxonomy":"category","embeddable":true,"href":"https:\/\/www.carmelitaniscalzi.com\/en\/wp-json\/wp\/v2\/categories?post=6861"},{"taxonomy":"post_tag","embeddable":true,"href":"https:\/\/www.carmelitaniscalzi.com\/en\/wp-json\/wp\/v2\/tags?post=6861"}],"curies":[{"name":"wp","href":"https:\/\/api.w.org\/{rel}","templated":true}]}}