{"id":537153,"date":"2025-12-08T00:36:45","date_gmt":"2025-12-07T23:36:45","guid":{"rendered":"https:\/\/www.carmelitaniscalzi.com\/?p=537153"},"modified":"2025-12-08T00:36:45","modified_gmt":"2025-12-07T23:36:45","slug":"ivory-coast-opening-of-the-double-jubilee-in-abidjan","status":"publish","type":"post","link":"https:\/\/www.carmelitaniscalzi.com\/en\/2025\/12\/08\/ivory-coast-opening-of-the-double-jubilee-in-abidjan\/","title":{"rendered":"Ivory Coast: Opening of the double jubilee in Abidjan"},"content":{"rendered":"<p>On Sunday, 19 October 2025, a solemn Mass was held in Abidjan to mark the opening of the silver jubilee of the presence of the Discalced Carmelite Friars in Ivory Coast and the creation of the parish of <em>Saint Louis de Gonzague<\/em>.<\/p>\n<p>In a joyful atmosphere, the brothers of the Provincial Delegation of <em>Saint Th\u00e9r\u00e8se B\u00e9n\u00e9dicte de la Croix<\/em> and the parishioners gave thanks to God for the wonders He has accomplished through the presence of the Teresian Carmelite Order in this neighbourhood of the city of Abidjan.<\/p>\n<p>This double jubilee was opened by the Provincial Delegate, Brother Florent Traor\u00e9. During the celebration, he lit the jubilee candle and sent the organizing committee, composed of brothers, lay members of the Secular Carmelite Order and members of the parish pastoral council, on mission.<\/p>\n<p>Various activities will punctuate this jubilee year, which will come to a solemn close on 21 June 2026.<\/p>\n<p>&nbsp;<\/p>\n<div class=\"wpmf-gallerys wpmf-gallerys-life \" ><div id=\"gallery-1\"\n data-gutter-width=\"5\"\n  data-wpmfcolumns=\"4\" class=\"wpmf-gallery gallery-link-file gallery_life gallery-masonry gallery-columns-4 gallery-size-thumbnail wpmf-gallery-bottomspace-default wpmf-gallery-clear wpmf-has-border-radius-0 wpmf-gutterwidth-5\"><div class=\"wpmf-gallery-item\n     wpmf-gallery-item-position-0 wpmf-gallery-item-attachment-536934\" data-index=\"0\"><div class=\"wpmf-gallery-icon\"><a class=\" not_video noLightbox\" data-lightbox=\"1\" data-href=\"https:\/\/www.carmelitaniscalzi.com\/wp-content\/uploads\/2025\/12\/Costa-d_avorio-1-963x1024.jpeg\" title=\"Costa d_avorio 1\" target=\"_self\" data-index=\"0\"><img decoding=\"async\" class=\"wpmf_img\" alt=\"Costa d_avorio 1\" src=\"https:\/\/www.carmelitaniscalzi.com\/wp-content\/uploads\/2025\/12\/Costa-d_avorio-1-150x150.jpeg\" data-type=\"wpmfgalleryimg\" data-lazy-src=\"https:\/\/www.carmelitaniscalzi.com\/wp-content\/uploads\/2025\/12\/Costa-d_avorio-1-150x150.jpeg\"><\/a><\/div><\/div><div class=\"wpmf-gallery-item\n     wpmf-gallery-item-position-1 wpmf-gallery-item-attachment-536940\" data-index=\"1\"><div class=\"wpmf-gallery-icon\"><a class=\" not_video noLightbox\" data-lightbox=\"1\" data-href=\"https:\/\/www.carmelitaniscalzi.com\/wp-content\/uploads\/2025\/12\/Costa-d_avorio-2-1024x674.jpeg\" title=\"Costa d_avorio 2\" target=\"_self\" data-index=\"1\"><img decoding=\"async\" class=\"wpmf_img\" alt=\"Costa d_avorio 2\" src=\"https:\/\/www.carmelitaniscalzi.com\/wp-content\/uploads\/2025\/12\/Costa-d_avorio-2-150x150.jpeg\" data-type=\"wpmfgalleryimg\" data-lazy-src=\"https:\/\/www.carmelitaniscalzi.com\/wp-content\/uploads\/2025\/12\/Costa-d_avorio-2-150x150.jpeg\"><\/a><\/div><\/div><div class=\"wpmf-gallery-item\n     wpmf-gallery-item-position-2 wpmf-gallery-item-attachment-536946\" data-index=\"2\"><div class=\"wpmf-gallery-icon\"><a class=\" not_video noLightbox\" data-lightbox=\"1\" data-href=\"https:\/\/www.carmelitaniscalzi.com\/wp-content\/uploads\/2025\/12\/Costa-d_avorio-3-853x1024.jpeg\" title=\"Costa d_avorio 3\" target=\"_self\" data-index=\"2\"><img decoding=\"async\" class=\"wpmf_img\" alt=\"Costa d_avorio 3\" src=\"https:\/\/www.carmelitaniscalzi.com\/wp-content\/uploads\/2025\/12\/Costa-d_avorio-3-150x150.jpeg\" data-type=\"wpmfgalleryimg\" data-lazy-src=\"https:\/\/www.carmelitaniscalzi.com\/wp-content\/uploads\/2025\/12\/Costa-d_avorio-3-150x150.jpeg\"><\/a><\/div><\/div><div class=\"wpmf-gallery-item\n     wpmf-gallery-item-position-3 wpmf-gallery-item-attachment-536952\" data-index=\"3\"><div class=\"wpmf-gallery-icon\"><a class=\" not_video noLightbox\" data-lightbox=\"1\" data-href=\"https:\/\/www.carmelitaniscalzi.com\/wp-content\/uploads\/2025\/12\/Costa-d_avorio-4-1024x562.jpeg\" title=\"Costa d_avorio 4\" target=\"_self\" data-index=\"3\"><img decoding=\"async\" class=\"wpmf_img\" alt=\"Costa d_avorio 4\" src=\"https:\/\/www.carmelitaniscalzi.com\/wp-content\/uploads\/2025\/12\/Costa-d_avorio-4-150x150.jpeg\" data-type=\"wpmfgalleryimg\" data-lazy-src=\"https:\/\/www.carmelitaniscalzi.com\/wp-content\/uploads\/2025\/12\/Costa-d_avorio-4-150x150.jpeg\"><\/a><\/div><\/div><\/div><\/div>\n\n","protected":false},"excerpt":{"rendered":"<p>On Sunday, 19 October 2025, a solemn Mass was held in Abidjan to mark the opening of the silver jubilee of the presence of the Discalced Carmelite Friars in Ivory Coast and the creation of the parish of Saint Louis de Gonzague. In a joyful atmosphere, the brothers of the Provincial Delegation of Saint Th\u00e9r\u00e8se [&hellip;]<\/p>\n","protected":false},"author":7,"featured_media":536958,"comment_status":"closed","ping_status":"closed","sticky":false,"template":"","format":"standard","meta":{"_acf_changed":false,"footnotes":""},"categories":[146,260,369],"tags":[],"class_list":["post-537153","post","type-post","status-publish","format-standard","has-post-thumbnail","hentry","category-news-friars","category-news-ocds","category-news"],"acf":[],"yoast_head":"<!-- This site is optimized with the Yoast SEO plugin v26.3 - https:\/\/yoast.com\/wordpress\/plugins\/seo\/ -->\n<title>Ivory Coast: Opening of the double jubilee in Abidjan - DISCALCED CARMELITES<\/title>\n<meta name=\"robots\" content=\"index, follow, max-snippet:-1, max-image-preview:large, max-video-preview:-1\" \/>\n<link rel=\"canonical\" href=\"https:\/\/www.carmelitaniscalzi.com\/en\/2025\/12\/08\/ivory-coast-opening-of-the-double-jubilee-in-abidjan\/\" \/>\n<meta property=\"og:locale\" content=\"en_US\" \/>\n<meta property=\"og:type\" content=\"article\" \/>\n<meta property=\"og:title\" content=\"Ivory Coast: Opening of the double jubilee in Abidjan - DISCALCED CARMELITES\" \/>\n<meta property=\"og:description\" content=\"On Sunday, 19 October 2025, a solemn Mass was held in Abidjan to mark the opening of the silver jubilee of the presence of the Discalced Carmelite Friars in Ivory Coast and the creation of the parish of Saint Louis de Gonzague. In a joyful atmosphere, the brothers of the Provincial Delegation of Saint Th\u00e9r\u00e8se [&hellip;]\" \/>\n<meta property=\"og:url\" content=\"https:\/\/www.carmelitaniscalzi.com\/en\/2025\/12\/08\/ivory-coast-opening-of-the-double-jubilee-in-abidjan\/\" \/>\n<meta property=\"og:site_name\" content=\"DISCALCED CARMELITES\" \/>\n<meta property=\"article:publisher\" content=\"https:\/\/www.facebook.com\/Curia-Generalizia-Carmelitani-Scalzi-658766940887784\/\" \/>\n<meta property=\"article:published_time\" content=\"2025-12-07T23:36:45+00:00\" \/>\n<meta property=\"og:image\" content=\"https:\/\/www.carmelitaniscalzi.com\/wp-content\/uploads\/2025\/12\/cover_costa-avorio_11.2025.jpg\" \/>\n\t<meta property=\"og:image:width\" content=\"1200\" \/>\n\t<meta property=\"og:image:height\" content=\"800\" \/>\n\t<meta property=\"og:image:type\" content=\"image\/jpeg\" \/>\n<meta name=\"author\" content=\"ocd web master\" \/>\n<meta name=\"twitter:card\" content=\"summary_large_image\" \/>\n<meta name=\"twitter:creator\" content=\"@ocdcuria\" \/>\n<meta name=\"twitter:site\" content=\"@ocdcuria\" \/>\n<meta name=\"twitter:label1\" content=\"Written by\" \/>\n\t<meta name=\"twitter:data1\" content=\"ocd web master\" \/>\n\t<meta name=\"twitter:label2\" content=\"Est. reading time\" \/>\n\t<meta name=\"twitter:data2\" content=\"1 minute\" \/>\n<script type=\"application\/ld+json\" class=\"yoast-schema-graph\">{\"@context\":\"https:\/\/schema.org\",\"@graph\":[{\"@type\":\"Article\",\"@id\":\"https:\/\/www.carmelitaniscalzi.com\/en\/2025\/12\/08\/ivory-coast-opening-of-the-double-jubilee-in-abidjan\/#article\",\"isPartOf\":{\"@id\":\"https:\/\/www.carmelitaniscalzi.com\/en\/2025\/12\/08\/ivory-coast-opening-of-the-double-jubilee-in-abidjan\/\"},\"author\":{\"name\":\"ocd web master\",\"@id\":\"https:\/\/www.carmelitaniscalzi.com\/#\/schema\/person\/6d1c0d9bea7b6625c437246a5d6da409\"},\"headline\":\"Ivory Coast: Opening of the double jubilee in Abidjan\",\"datePublished\":\"2025-12-07T23:36:45+00:00\",\"mainEntityOfPage\":{\"@id\":\"https:\/\/www.carmelitaniscalzi.com\/en\/2025\/12\/08\/ivory-coast-opening-of-the-double-jubilee-in-abidjan\/\"},\"wordCount\":170,\"publisher\":{\"@id\":\"https:\/\/www.carmelitaniscalzi.com\/#organization\"},\"image\":{\"@id\":\"https:\/\/www.carmelitaniscalzi.com\/en\/2025\/12\/08\/ivory-coast-opening-of-the-double-jubilee-in-abidjan\/#primaryimage\"},\"thumbnailUrl\":\"https:\/\/www.carmelitaniscalzi.com\/wp-content\/uploads\/2025\/12\/cover_costa-avorio_11.2025.jpg\",\"articleSection\":[\"News Friars\",\"News OCDS\",\"News\"],\"inLanguage\":\"en-US\"},{\"@type\":\"WebPage\",\"@id\":\"https:\/\/www.carmelitaniscalzi.com\/en\/2025\/12\/08\/ivory-coast-opening-of-the-double-jubilee-in-abidjan\/\",\"url\":\"https:\/\/www.carmelitaniscalzi.com\/en\/2025\/12\/08\/ivory-coast-opening-of-the-double-jubilee-in-abidjan\/\",\"name\":\"Ivory Coast: Opening of the double jubilee in Abidjan - DISCALCED CARMELITES\",\"isPartOf\":{\"@id\":\"https:\/\/www.carmelitaniscalzi.com\/#website\"},\"primaryImageOfPage\":{\"@id\":\"https:\/\/www.carmelitaniscalzi.com\/en\/2025\/12\/08\/ivory-coast-opening-of-the-double-jubilee-in-abidjan\/#primaryimage\"},\"image\":{\"@id\":\"https:\/\/www.carmelitaniscalzi.com\/en\/2025\/12\/08\/ivory-coast-opening-of-the-double-jubilee-in-abidjan\/#primaryimage\"},\"thumbnailUrl\":\"https:\/\/www.carmelitaniscalzi.com\/wp-content\/uploads\/2025\/12\/cover_costa-avorio_11.2025.jpg\",\"datePublished\":\"2025-12-07T23:36:45+00:00\",\"breadcrumb\":{\"@id\":\"https:\/\/www.carmelitaniscalzi.com\/en\/2025\/12\/08\/ivory-coast-opening-of-the-double-jubilee-in-abidjan\/#breadcrumb\"},\"inLanguage\":\"en-US\",\"potentialAction\":[{\"@type\":\"ReadAction\",\"target\":[\"https:\/\/www.carmelitaniscalzi.com\/en\/2025\/12\/08\/ivory-coast-opening-of-the-double-jubilee-in-abidjan\/\"]}]},{\"@type\":\"ImageObject\",\"inLanguage\":\"en-US\",\"@id\":\"https:\/\/www.carmelitaniscalzi.com\/en\/2025\/12\/08\/ivory-coast-opening-of-the-double-jubilee-in-abidjan\/#primaryimage\",\"url\":\"https:\/\/www.carmelitaniscalzi.com\/wp-content\/uploads\/2025\/12\/cover_costa-avorio_11.2025.jpg\",\"contentUrl\":\"https:\/\/www.carmelitaniscalzi.com\/wp-content\/uploads\/2025\/12\/cover_costa-avorio_11.2025.jpg\",\"width\":1200,\"height\":800},{\"@type\":\"BreadcrumbList\",\"@id\":\"https:\/\/www.carmelitaniscalzi.com\/en\/2025\/12\/08\/ivory-coast-opening-of-the-double-jubilee-in-abidjan\/#breadcrumb\",\"itemListElement\":[{\"@type\":\"ListItem\",\"position\":1,\"name\":\"Home\",\"item\":\"https:\/\/www.carmelitaniscalzi.com\/en\/\"},{\"@type\":\"ListItem\",\"position\":2,\"name\":\"Ivory Coast: Opening of the double jubilee in Abidjan\"}]},{\"@type\":\"WebSite\",\"@id\":\"https:\/\/www.carmelitaniscalzi.com\/#website\",\"url\":\"https:\/\/www.carmelitaniscalzi.com\/\",\"name\":\"CARMELITANI SCALZI - Curia Generale del Carmelo Teresiano\",\"description\":\"General Curia of the Teresian Carmel\",\"publisher\":{\"@id\":\"https:\/\/www.carmelitaniscalzi.com\/#organization\"},\"alternateName\":\"CARMELITANI SCALZI\",\"potentialAction\":[{\"@type\":\"SearchAction\",\"target\":{\"@type\":\"EntryPoint\",\"urlTemplate\":\"https:\/\/www.carmelitaniscalzi.com\/?s={search_term_string}\"},\"query-input\":{\"@type\":\"PropertyValueSpecification\",\"valueRequired\":true,\"valueName\":\"search_term_string\"}}],\"inLanguage\":\"en-US\"},{\"@type\":\"Organization\",\"@id\":\"https:\/\/www.carmelitaniscalzi.com\/#organization\",\"name\":\"CARMELITANI SCALZI - Curia Generale del Carmelo Teresiano\",\"url\":\"https:\/\/www.carmelitaniscalzi.com\/\",\"logo\":{\"@type\":\"ImageObject\",\"inLanguage\":\"en-US\",\"@id\":\"https:\/\/www.carmelitaniscalzi.com\/#\/schema\/logo\/image\/\",\"url\":\"https:\/\/www.carmelitaniscalzi.com\/wp-content\/uploads\/2025\/11\/login-logo.png\",\"contentUrl\":\"https:\/\/www.carmelitaniscalzi.com\/wp-content\/uploads\/2025\/11\/login-logo.png\",\"width\":256,\"height\":256,\"caption\":\"CARMELITANI SCALZI - Curia Generale del Carmelo Teresiano\"},\"image\":{\"@id\":\"https:\/\/www.carmelitaniscalzi.com\/#\/schema\/logo\/image\/\"},\"sameAs\":[\"https:\/\/www.facebook.com\/Curia-Generalizia-Carmelitani-Scalzi-658766940887784\/\",\"https:\/\/x.com\/ocdcuria\",\"https:\/\/www.youtube.com\/channel\/UC2J5ZL0ycOY0qBSTCLX_NGQ\/videos\",\"https:\/\/www.instagram.com\/ocdinform\/\"]},{\"@type\":\"Person\",\"@id\":\"https:\/\/www.carmelitaniscalzi.com\/#\/schema\/person\/6d1c0d9bea7b6625c437246a5d6da409\",\"name\":\"ocd web master\",\"image\":{\"@type\":\"ImageObject\",\"inLanguage\":\"en-US\",\"@id\":\"https:\/\/www.carmelitaniscalzi.com\/#\/schema\/person\/image\/\",\"url\":\"https:\/\/secure.gravatar.com\/avatar\/41fbc5f82bad909fbaf2984c43fa50d8519ac5853e25b454d022b6868f80d0e7?s=96&d=mm&r=g\",\"contentUrl\":\"https:\/\/secure.gravatar.com\/avatar\/41fbc5f82bad909fbaf2984c43fa50d8519ac5853e25b454d022b6868f80d0e7?s=96&d=mm&r=g\",\"caption\":\"ocd web master\"},\"url\":\"https:\/\/www.carmelitaniscalzi.com\/en\/author\/ocdwebmaster\/\"}]}<\/script>\n<!-- \/ Yoast SEO plugin. -->","yoast_head_json":{"title":"Ivory Coast: Opening of the double jubilee in Abidjan - DISCALCED CARMELITES","robots":{"index":"index","follow":"follow","max-snippet":"max-snippet:-1","max-image-preview":"max-image-preview:large","max-video-preview":"max-video-preview:-1"},"canonical":"https:\/\/www.carmelitaniscalzi.com\/en\/2025\/12\/08\/ivory-coast-opening-of-the-double-jubilee-in-abidjan\/","og_locale":"en_US","og_type":"article","og_title":"Ivory Coast: Opening of the double jubilee in Abidjan - DISCALCED CARMELITES","og_description":"On Sunday, 19 October 2025, a solemn Mass was held in Abidjan to mark the opening of the silver jubilee of the presence of the Discalced Carmelite Friars in Ivory Coast and the creation of the parish of Saint Louis de Gonzague. In a joyful atmosphere, the brothers of the Provincial Delegation of Saint Th\u00e9r\u00e8se [&hellip;]","og_url":"https:\/\/www.carmelitaniscalzi.com\/en\/2025\/12\/08\/ivory-coast-opening-of-the-double-jubilee-in-abidjan\/","og_site_name":"DISCALCED CARMELITES","article_publisher":"https:\/\/www.facebook.com\/Curia-Generalizia-Carmelitani-Scalzi-658766940887784\/","article_published_time":"2025-12-07T23:36:45+00:00","og_image":[{"width":1200,"height":800,"url":"https:\/\/www.carmelitaniscalzi.com\/wp-content\/uploads\/2025\/12\/cover_costa-avorio_11.2025.jpg","type":"image\/jpeg"}],"author":"ocd web master","twitter_card":"summary_large_image","twitter_creator":"@ocdcuria","twitter_site":"@ocdcuria","twitter_misc":{"Written by":"ocd web master","Est. reading time":"1 minute"},"schema":{"@context":"https:\/\/schema.org","@graph":[{"@type":"Article","@id":"https:\/\/www.carmelitaniscalzi.com\/en\/2025\/12\/08\/ivory-coast-opening-of-the-double-jubilee-in-abidjan\/#article","isPartOf":{"@id":"https:\/\/www.carmelitaniscalzi.com\/en\/2025\/12\/08\/ivory-coast-opening-of-the-double-jubilee-in-abidjan\/"},"author":{"name":"ocd web master","@id":"https:\/\/www.carmelitaniscalzi.com\/#\/schema\/person\/6d1c0d9bea7b6625c437246a5d6da409"},"headline":"Ivory Coast: Opening of the double jubilee in Abidjan","datePublished":"2025-12-07T23:36:45+00:00","mainEntityOfPage":{"@id":"https:\/\/www.carmelitaniscalzi.com\/en\/2025\/12\/08\/ivory-coast-opening-of-the-double-jubilee-in-abidjan\/"},"wordCount":170,"publisher":{"@id":"https:\/\/www.carmelitaniscalzi.com\/#organization"},"image":{"@id":"https:\/\/www.carmelitaniscalzi.com\/en\/2025\/12\/08\/ivory-coast-opening-of-the-double-jubilee-in-abidjan\/#primaryimage"},"thumbnailUrl":"https:\/\/www.carmelitaniscalzi.com\/wp-content\/uploads\/2025\/12\/cover_costa-avorio_11.2025.jpg","articleSection":["News Friars","News OCDS","News"],"inLanguage":"en-US"},{"@type":"WebPage","@id":"https:\/\/www.carmelitaniscalzi.com\/en\/2025\/12\/08\/ivory-coast-opening-of-the-double-jubilee-in-abidjan\/","url":"https:\/\/www.carmelitaniscalzi.com\/en\/2025\/12\/08\/ivory-coast-opening-of-the-double-jubilee-in-abidjan\/","name":"Ivory Coast: Opening of the double jubilee in Abidjan - DISCALCED CARMELITES","isPartOf":{"@id":"https:\/\/www.carmelitaniscalzi.com\/#website"},"primaryImageOfPage":{"@id":"https:\/\/www.carmelitaniscalzi.com\/en\/2025\/12\/08\/ivory-coast-opening-of-the-double-jubilee-in-abidjan\/#primaryimage"},"image":{"@id":"https:\/\/www.carmelitaniscalzi.com\/en\/2025\/12\/08\/ivory-coast-opening-of-the-double-jubilee-in-abidjan\/#primaryimage"},"thumbnailUrl":"https:\/\/www.carmelitaniscalzi.com\/wp-content\/uploads\/2025\/12\/cover_costa-avorio_11.2025.jpg","datePublished":"2025-12-07T23:36:45+00:00","breadcrumb":{"@id":"https:\/\/www.carmelitaniscalzi.com\/en\/2025\/12\/08\/ivory-coast-opening-of-the-double-jubilee-in-abidjan\/#breadcrumb"},"inLanguage":"en-US","potentialAction":[{"@type":"ReadAction","target":["https:\/\/www.carmelitaniscalzi.com\/en\/2025\/12\/08\/ivory-coast-opening-of-the-double-jubilee-in-abidjan\/"]}]},{"@type":"ImageObject","inLanguage":"en-US","@id":"https:\/\/www.carmelitaniscalzi.com\/en\/2025\/12\/08\/ivory-coast-opening-of-the-double-jubilee-in-abidjan\/#primaryimage","url":"https:\/\/www.carmelitaniscalzi.com\/wp-content\/uploads\/2025\/12\/cover_costa-avorio_11.2025.jpg","contentUrl":"https:\/\/www.carmelitaniscalzi.com\/wp-content\/uploads\/2025\/12\/cover_costa-avorio_11.2025.jpg","width":1200,"height":800},{"@type":"BreadcrumbList","@id":"https:\/\/www.carmelitaniscalzi.com\/en\/2025\/12\/08\/ivory-coast-opening-of-the-double-jubilee-in-abidjan\/#breadcrumb","itemListElement":[{"@type":"ListItem","position":1,"name":"Home","item":"https:\/\/www.carmelitaniscalzi.com\/en\/"},{"@type":"ListItem","position":2,"name":"Ivory Coast: Opening of the double jubilee in Abidjan"}]},{"@type":"WebSite","@id":"https:\/\/www.carmelitaniscalzi.com\/#website","url":"https:\/\/www.carmelitaniscalzi.com\/","name":"CARMELITANI SCALZI - Curia Generale del Carmelo Teresiano","description":"General Curia of the Teresian Carmel","publisher":{"@id":"https:\/\/www.carmelitaniscalzi.com\/#organization"},"alternateName":"CARMELITANI SCALZI","potentialAction":[{"@type":"SearchAction","target":{"@type":"EntryPoint","urlTemplate":"https:\/\/www.carmelitaniscalzi.com\/?s={search_term_string}"},"query-input":{"@type":"PropertyValueSpecification","valueRequired":true,"valueName":"search_term_string"}}],"inLanguage":"en-US"},{"@type":"Organization","@id":"https:\/\/www.carmelitaniscalzi.com\/#organization","name":"CARMELITANI SCALZI - Curia Generale del Carmelo Teresiano","url":"https:\/\/www.carmelitaniscalzi.com\/","logo":{"@type":"ImageObject","inLanguage":"en-US","@id":"https:\/\/www.carmelitaniscalzi.com\/#\/schema\/logo\/image\/","url":"https:\/\/www.carmelitaniscalzi.com\/wp-content\/uploads\/2025\/11\/login-logo.png","contentUrl":"https:\/\/www.carmelitaniscalzi.com\/wp-content\/uploads\/2025\/11\/login-logo.png","width":256,"height":256,"caption":"CARMELITANI SCALZI - Curia Generale del Carmelo Teresiano"},"image":{"@id":"https:\/\/www.carmelitaniscalzi.com\/#\/schema\/logo\/image\/"},"sameAs":["https:\/\/www.facebook.com\/Curia-Generalizia-Carmelitani-Scalzi-658766940887784\/","https:\/\/x.com\/ocdcuria","https:\/\/www.youtube.com\/channel\/UC2J5ZL0ycOY0qBSTCLX_NGQ\/videos","https:\/\/www.instagram.com\/ocdinform\/"]},{"@type":"Person","@id":"https:\/\/www.carmelitaniscalzi.com\/#\/schema\/person\/6d1c0d9bea7b6625c437246a5d6da409","name":"ocd web master","image":{"@type":"ImageObject","inLanguage":"en-US","@id":"https:\/\/www.carmelitaniscalzi.com\/#\/schema\/person\/image\/","url":"https:\/\/secure.gravatar.com\/avatar\/41fbc5f82bad909fbaf2984c43fa50d8519ac5853e25b454d022b6868f80d0e7?s=96&d=mm&r=g","contentUrl":"https:\/\/secure.gravatar.com\/avatar\/41fbc5f82bad909fbaf2984c43fa50d8519ac5853e25b454d022b6868f80d0e7?s=96&d=mm&r=g","caption":"ocd web master"},"url":"https:\/\/www.carmelitaniscalzi.com\/en\/author\/ocdwebmaster\/"}]}},"_links":{"self":[{"href":"https:\/\/www.carmelitaniscalzi.com\/en\/wp-json\/wp\/v2\/posts\/537153","targetHints":{"allow":["GET"]}}],"collection":[{"href":"https:\/\/www.carmelitaniscalzi.com\/en\/wp-json\/wp\/v2\/posts"}],"about":[{"href":"https:\/\/www.carmelitaniscalzi.com\/en\/wp-json\/wp\/v2\/types\/post"}],"author":[{"embeddable":true,"href":"https:\/\/www.carmelitaniscalzi.com\/en\/wp-json\/wp\/v2\/users\/7"}],"replies":[{"embeddable":true,"href":"https:\/\/www.carmelitaniscalzi.com\/en\/wp-json\/wp\/v2\/comments?post=537153"}],"version-history":[{"count":1,"href":"https:\/\/www.carmelitaniscalzi.com\/en\/wp-json\/wp\/v2\/posts\/537153\/revisions"}],"predecessor-version":[{"id":537154,"href":"https:\/\/www.carmelitaniscalzi.com\/en\/wp-json\/wp\/v2\/posts\/537153\/revisions\/537154"}],"wp:featuredmedia":[{"embeddable":true,"href":"https:\/\/www.carmelitaniscalzi.com\/en\/wp-json\/wp\/v2\/media\/536958"}],"wp:attachment":[{"href":"https:\/\/www.carmelitaniscalzi.com\/en\/wp-json\/wp\/v2\/media?parent=537153"}],"wp:term":[{"taxonomy":"category","embeddable":true,"href":"https:\/\/www.carmelitaniscalzi.com\/en\/wp-json\/wp\/v2\/categories?post=537153"},{"taxonomy":"post_tag","embeddable":true,"href":"https:\/\/www.carmelitaniscalzi.com\/en\/wp-json\/wp\/v2\/tags?post=537153"}],"curies":[{"name":"wp","href":"https:\/\/api.w.org\/{rel}","templated":true}]}}