{"id":42380,"date":"2020-09-08T22:30:49","date_gmt":"2020-09-08T20:30:49","guid":{"rendered":"https:\/\/www.carmelitaniscalzi.com\/?p=42380"},"modified":"2020-09-08T22:30:49","modified_gmt":"2020-09-08T20:30:49","slug":"exceptional-woman-fifty-years-of-the-doctorate-of-santa-teresa-of-jesus","status":"publish","type":"post","link":"https:\/\/www.carmelitaniscalzi.com\/en\/2020\/09\/08\/exceptional-woman-fifty-years-of-the-doctorate-of-santa-teresa-of-jesus\/","title":{"rendered":"Exceptional Woman. Fifty years of the Doctorate of Santa Teresa of Jesus"},"content":{"rendered":"<p>The 50<sup>th<\/sup> Anniversary of the Doctorate of Santa Teresa of Jesus will be celebrated on September 27, 2020. \u00a0In commemoration, the Bishopric of Avila, the Discalced Carmelites, and the Catholic University of Avila (UCAV), along with collaboration from the Catholic University of Eichst\u00e4tt-Ingolstadt, have organized the International Congress \u201cExceptional Woman. Fifty years of the Doctorate of St. Teresa of Jesus.\u201d The opening act of the Congress will take place this coming September 27, the anniversary date of the first woman recognized as Doctor of the Church. The Congress itself will take place April 12 \u2013 15, 2021.<\/p>\n<p>The Congress will include the presence of Cardinal Aquilino Bocos, Rev. Dr. Emilio Mart\u00ednez, OCD, Rev. Dr. Silvano Giordano, OCD \u2013 of the \u201cTeresianum,\u201d Rome &#8211;, and Rev. Dr. R\u00f3mulo Cuartas Londo\u00f1o, OCD \u2013 of CITeS, \u00c1vila. Other participants in the Congress include: Cardenal Dr. Ricardo Bl\u00e1zquez P\u00e9rez, Dr. Beatriz de Ancos Morales, Dr. Marianne Schlosser, Dr. Lothar Wehr, and Dr. Burkard M. Zapff who will cover the life and work of St. Teresa from different perspectives.<\/p>\n<p>On September 27, 2020, the presentation of the Congress will be celebrated with Holy Mass and a talk that will take place in the Cathedral of Avila, transmitted live via internet. The program for this event is as follows (CEST):<\/p>\n<ul>\n<li>30 h Presentation of Congress<\/li>\n<li>17:00 h Talk by Dr. Juan Antonio Marcos, \u201cTeresa of Jesus: an irregular verb (Why does she continue to captivate us?)\u201d<\/li>\n<li>18:00 h Holy Mass in Cristo Salvador Cathedral, Avila<\/li>\n<\/ul>\n<p>For more information: \u00a0<a href=\"http:\/\/congresosantateresadoctora.es\/\">http:\/\/congresosantateresadoctora.es\/<\/a><\/p>\n<p>&nbsp;<\/p>\n<div class=\"wpmf-gallerys wpmf-gallerys-life \" ><div id=\"gallery-1\" class=\"gallery gallery_life wpmf_gallery_default gallery_default  gallery-columns-4 gallery-size-thumbnail gallery-link-post wpmf-has-border-radius-0 wpmf-gutterwidth-5 no_ratio\"><figure class=\"wpmf-gallery-item\" data-index=\"0\"><div class=\"wpmf-gallery-icon\"><div class=\"square_thumbnail\"><div class=\"img_centered\"><a class=\" not_video noLightbox\" data-lightbox=\"0\" data-href=\"https:\/\/www.carmelitaniscalzi.com\/wp-content\/uploads\/2020\/09\/03.jpg\" title=\"03\" target=\"_self\" data-index=\"0\"><img decoding=\"async\" class=\"wpmf_img\" alt=\"03\" src=\"https:\/\/www.carmelitaniscalzi.com\/wp-content\/uploads\/2020\/09\/03-150x150.jpg\" data-type=\"wpmfgalleryimg\" data-lazy-src=\"https:\/\/www.carmelitaniscalzi.com\/wp-content\/uploads\/2020\/09\/03-150x150.jpg\"><\/a><\/div><\/div><\/div><\/figure><figure class=\"wpmf-gallery-item\" data-index=\"1\"><div class=\"wpmf-gallery-icon\"><div class=\"square_thumbnail\"><div class=\"img_centered\"><a class=\" not_video noLightbox\" data-lightbox=\"0\" data-href=\"https:\/\/www.carmelitaniscalzi.com\/wp-content\/uploads\/2020\/09\/02.jpg\" title=\"02\" target=\"_self\" data-index=\"1\"><img decoding=\"async\" class=\"wpmf_img\" alt=\"02\" src=\"https:\/\/www.carmelitaniscalzi.com\/wp-content\/uploads\/2020\/09\/02-150x150.jpg\" data-type=\"wpmfgalleryimg\" data-lazy-src=\"https:\/\/www.carmelitaniscalzi.com\/wp-content\/uploads\/2020\/09\/02-150x150.jpg\"><\/a><\/div><\/div><\/div><\/figure><figure class=\"wpmf-gallery-item\" data-index=\"2\"><div class=\"wpmf-gallery-icon\"><div class=\"square_thumbnail\"><div class=\"img_centered\"><a class=\" not_video noLightbox\" data-lightbox=\"0\" data-href=\"https:\/\/www.carmelitaniscalzi.com\/wp-content\/uploads\/2020\/09\/01-1.png\" title=\"01\" target=\"_self\" data-index=\"2\"><img decoding=\"async\" class=\"wpmf_img\" alt=\"01\" src=\"https:\/\/www.carmelitaniscalzi.com\/wp-content\/uploads\/2020\/09\/01-1-150x150.png\" data-type=\"wpmfgalleryimg\" data-lazy-src=\"https:\/\/www.carmelitaniscalzi.com\/wp-content\/uploads\/2020\/09\/01-1-150x150.png\"><\/a><\/div><\/div><\/div><\/figure><figure class=\"wpmf-gallery-item\" data-index=\"3\"><div class=\"wpmf-gallery-icon\"><div class=\"square_thumbnail\"><div class=\"img_centered\"><a class=\" not_video noLightbox\" data-lightbox=\"0\" data-href=\"https:\/\/www.carmelitaniscalzi.com\/wp-content\/uploads\/2020\/09\/00-1.png\" title=\"00\" target=\"_self\" data-index=\"3\"><img decoding=\"async\" class=\"wpmf_img\" alt=\"00\" src=\"https:\/\/www.carmelitaniscalzi.com\/wp-content\/uploads\/2020\/09\/00-1-150x150.png\" data-type=\"wpmfgalleryimg\" data-lazy-src=\"https:\/\/www.carmelitaniscalzi.com\/wp-content\/uploads\/2020\/09\/00-1-150x150.png\"><\/a><\/div><\/div><\/div><\/figure><\/div><\/div>\n","protected":false},"excerpt":{"rendered":"<p>The 50th Anniversary of the Doctorate of Santa Teresa of Jesus will be celebrated on September 27, 2020. \u00a0In commemoration, the Bishopric of Avila, the Discalced Carmelites, and the Catholic University of Avila (UCAV), along with collaboration from the Catholic University of Eichst\u00e4tt-Ingolstadt, have organized the International Congress \u201cExceptional Woman. Fifty years of the Doctorate [&hellip;]<\/p>\n","protected":false},"author":7,"featured_media":42364,"comment_status":"closed","ping_status":"closed","sticky":false,"template":"","format":"standard","meta":{"_acf_changed":false,"footnotes":""},"categories":[146,148,369],"tags":[],"class_list":["post-42380","post","type-post","status-publish","format-standard","has-post-thumbnail","hentry","category-news-friars","category-news-nuns","category-news"],"acf":[],"yoast_head":"<!-- This site is optimized with the Yoast SEO plugin v26.3 - https:\/\/yoast.com\/wordpress\/plugins\/seo\/ -->\n<title>Exceptional Woman. Fifty years of the Doctorate of Santa Teresa of Jesus - DISCALCED CARMELITES<\/title>\n<meta name=\"robots\" content=\"index, follow, max-snippet:-1, max-image-preview:large, max-video-preview:-1\" \/>\n<link rel=\"canonical\" href=\"https:\/\/www.carmelitaniscalzi.com\/en\/2020\/09\/08\/exceptional-woman-fifty-years-of-the-doctorate-of-santa-teresa-of-jesus\/\" \/>\n<meta property=\"og:locale\" content=\"en_US\" \/>\n<meta property=\"og:type\" content=\"article\" \/>\n<meta property=\"og:title\" content=\"Exceptional Woman. Fifty years of the Doctorate of Santa Teresa of Jesus - DISCALCED CARMELITES\" \/>\n<meta property=\"og:description\" content=\"The 50th Anniversary of the Doctorate of Santa Teresa of Jesus will be celebrated on September 27, 2020. \u00a0In commemoration, the Bishopric of Avila, the Discalced Carmelites, and the Catholic University of Avila (UCAV), along with collaboration from the Catholic University of Eichst\u00e4tt-Ingolstadt, have organized the International Congress \u201cExceptional Woman. Fifty years of the Doctorate [&hellip;]\" \/>\n<meta property=\"og:url\" content=\"https:\/\/www.carmelitaniscalzi.com\/en\/2020\/09\/08\/exceptional-woman-fifty-years-of-the-doctorate-of-santa-teresa-of-jesus\/\" \/>\n<meta property=\"og:site_name\" content=\"DISCALCED CARMELITES\" \/>\n<meta property=\"article:publisher\" content=\"https:\/\/www.facebook.com\/Curia-Generalizia-Carmelitani-Scalzi-658766940887784\/\" \/>\n<meta property=\"article:published_time\" content=\"2020-09-08T20:30:49+00:00\" \/>\n<meta property=\"og:image\" content=\"https:\/\/www.carmelitaniscalzi.com\/wp-content\/uploads\/2020\/09\/04.png\" \/>\n\t<meta property=\"og:image:width\" content=\"1240\" \/>\n\t<meta property=\"og:image:height\" content=\"573\" \/>\n\t<meta property=\"og:image:type\" content=\"image\/png\" \/>\n<meta name=\"author\" content=\"ocd web master\" \/>\n<meta name=\"twitter:card\" content=\"summary_large_image\" \/>\n<meta name=\"twitter:creator\" content=\"@ocdcuria\" \/>\n<meta name=\"twitter:site\" content=\"@ocdcuria\" \/>\n<meta name=\"twitter:label1\" content=\"Written by\" \/>\n\t<meta name=\"twitter:data1\" content=\"ocd web master\" \/>\n\t<meta name=\"twitter:label2\" content=\"Est. reading time\" \/>\n\t<meta name=\"twitter:data2\" content=\"1 minute\" \/>\n<script type=\"application\/ld+json\" class=\"yoast-schema-graph\">{\"@context\":\"https:\/\/schema.org\",\"@graph\":[{\"@type\":\"Article\",\"@id\":\"https:\/\/www.carmelitaniscalzi.com\/en\/2020\/09\/08\/exceptional-woman-fifty-years-of-the-doctorate-of-santa-teresa-of-jesus\/#article\",\"isPartOf\":{\"@id\":\"https:\/\/www.carmelitaniscalzi.com\/en\/2020\/09\/08\/exceptional-woman-fifty-years-of-the-doctorate-of-santa-teresa-of-jesus\/\"},\"author\":{\"name\":\"ocd web master\",\"@id\":\"https:\/\/www.carmelitaniscalzi.com\/#\/schema\/person\/6d1c0d9bea7b6625c437246a5d6da409\"},\"headline\":\"Exceptional Woman. Fifty years of the Doctorate of Santa Teresa of Jesus\",\"datePublished\":\"2020-09-08T20:30:49+00:00\",\"mainEntityOfPage\":{\"@id\":\"https:\/\/www.carmelitaniscalzi.com\/en\/2020\/09\/08\/exceptional-woman-fifty-years-of-the-doctorate-of-santa-teresa-of-jesus\/\"},\"wordCount\":266,\"publisher\":{\"@id\":\"https:\/\/www.carmelitaniscalzi.com\/#organization\"},\"image\":{\"@id\":\"https:\/\/www.carmelitaniscalzi.com\/en\/2020\/09\/08\/exceptional-woman-fifty-years-of-the-doctorate-of-santa-teresa-of-jesus\/#primaryimage\"},\"thumbnailUrl\":\"https:\/\/www.carmelitaniscalzi.com\/wp-content\/uploads\/2020\/09\/04.png\",\"articleSection\":[\"News Friars\",\"News Nuns\",\"News\"],\"inLanguage\":\"en-US\"},{\"@type\":\"WebPage\",\"@id\":\"https:\/\/www.carmelitaniscalzi.com\/en\/2020\/09\/08\/exceptional-woman-fifty-years-of-the-doctorate-of-santa-teresa-of-jesus\/\",\"url\":\"https:\/\/www.carmelitaniscalzi.com\/en\/2020\/09\/08\/exceptional-woman-fifty-years-of-the-doctorate-of-santa-teresa-of-jesus\/\",\"name\":\"Exceptional Woman. Fifty years of the Doctorate of Santa Teresa of Jesus - DISCALCED CARMELITES\",\"isPartOf\":{\"@id\":\"https:\/\/www.carmelitaniscalzi.com\/#website\"},\"primaryImageOfPage\":{\"@id\":\"https:\/\/www.carmelitaniscalzi.com\/en\/2020\/09\/08\/exceptional-woman-fifty-years-of-the-doctorate-of-santa-teresa-of-jesus\/#primaryimage\"},\"image\":{\"@id\":\"https:\/\/www.carmelitaniscalzi.com\/en\/2020\/09\/08\/exceptional-woman-fifty-years-of-the-doctorate-of-santa-teresa-of-jesus\/#primaryimage\"},\"thumbnailUrl\":\"https:\/\/www.carmelitaniscalzi.com\/wp-content\/uploads\/2020\/09\/04.png\",\"datePublished\":\"2020-09-08T20:30:49+00:00\",\"breadcrumb\":{\"@id\":\"https:\/\/www.carmelitaniscalzi.com\/en\/2020\/09\/08\/exceptional-woman-fifty-years-of-the-doctorate-of-santa-teresa-of-jesus\/#breadcrumb\"},\"inLanguage\":\"en-US\",\"potentialAction\":[{\"@type\":\"ReadAction\",\"target\":[\"https:\/\/www.carmelitaniscalzi.com\/en\/2020\/09\/08\/exceptional-woman-fifty-years-of-the-doctorate-of-santa-teresa-of-jesus\/\"]}]},{\"@type\":\"ImageObject\",\"inLanguage\":\"en-US\",\"@id\":\"https:\/\/www.carmelitaniscalzi.com\/en\/2020\/09\/08\/exceptional-woman-fifty-years-of-the-doctorate-of-santa-teresa-of-jesus\/#primaryimage\",\"url\":\"https:\/\/www.carmelitaniscalzi.com\/wp-content\/uploads\/2020\/09\/04.png\",\"contentUrl\":\"https:\/\/www.carmelitaniscalzi.com\/wp-content\/uploads\/2020\/09\/04.png\",\"width\":1240,\"height\":573},{\"@type\":\"BreadcrumbList\",\"@id\":\"https:\/\/www.carmelitaniscalzi.com\/en\/2020\/09\/08\/exceptional-woman-fifty-years-of-the-doctorate-of-santa-teresa-of-jesus\/#breadcrumb\",\"itemListElement\":[{\"@type\":\"ListItem\",\"position\":1,\"name\":\"Home\",\"item\":\"https:\/\/www.carmelitaniscalzi.com\/en\/\"},{\"@type\":\"ListItem\",\"position\":2,\"name\":\"Exceptional Woman. Fifty years of the Doctorate of Santa Teresa of Jesus\"}]},{\"@type\":\"WebSite\",\"@id\":\"https:\/\/www.carmelitaniscalzi.com\/#website\",\"url\":\"https:\/\/www.carmelitaniscalzi.com\/\",\"name\":\"CARMELITANI SCALZI - Curia Generale del Carmelo Teresiano\",\"description\":\"General Curia of the Teresian Carmel\",\"publisher\":{\"@id\":\"https:\/\/www.carmelitaniscalzi.com\/#organization\"},\"alternateName\":\"CARMELITANI SCALZI\",\"potentialAction\":[{\"@type\":\"SearchAction\",\"target\":{\"@type\":\"EntryPoint\",\"urlTemplate\":\"https:\/\/www.carmelitaniscalzi.com\/?s={search_term_string}\"},\"query-input\":{\"@type\":\"PropertyValueSpecification\",\"valueRequired\":true,\"valueName\":\"search_term_string\"}}],\"inLanguage\":\"en-US\"},{\"@type\":\"Organization\",\"@id\":\"https:\/\/www.carmelitaniscalzi.com\/#organization\",\"name\":\"CARMELITANI SCALZI - Curia Generale del Carmelo Teresiano\",\"url\":\"https:\/\/www.carmelitaniscalzi.com\/\",\"logo\":{\"@type\":\"ImageObject\",\"inLanguage\":\"en-US\",\"@id\":\"https:\/\/www.carmelitaniscalzi.com\/#\/schema\/logo\/image\/\",\"url\":\"https:\/\/www.carmelitaniscalzi.com\/wp-content\/uploads\/2025\/11\/login-logo.png\",\"contentUrl\":\"https:\/\/www.carmelitaniscalzi.com\/wp-content\/uploads\/2025\/11\/login-logo.png\",\"width\":256,\"height\":256,\"caption\":\"CARMELITANI SCALZI - Curia Generale del Carmelo Teresiano\"},\"image\":{\"@id\":\"https:\/\/www.carmelitaniscalzi.com\/#\/schema\/logo\/image\/\"},\"sameAs\":[\"https:\/\/www.facebook.com\/Curia-Generalizia-Carmelitani-Scalzi-658766940887784\/\",\"https:\/\/x.com\/ocdcuria\",\"https:\/\/www.youtube.com\/channel\/UC2J5ZL0ycOY0qBSTCLX_NGQ\/videos\",\"https:\/\/www.instagram.com\/ocdinform\/\"]},{\"@type\":\"Person\",\"@id\":\"https:\/\/www.carmelitaniscalzi.com\/#\/schema\/person\/6d1c0d9bea7b6625c437246a5d6da409\",\"name\":\"ocd web master\",\"image\":{\"@type\":\"ImageObject\",\"inLanguage\":\"en-US\",\"@id\":\"https:\/\/www.carmelitaniscalzi.com\/#\/schema\/person\/image\/\",\"url\":\"https:\/\/secure.gravatar.com\/avatar\/41fbc5f82bad909fbaf2984c43fa50d8519ac5853e25b454d022b6868f80d0e7?s=96&d=mm&r=g\",\"contentUrl\":\"https:\/\/secure.gravatar.com\/avatar\/41fbc5f82bad909fbaf2984c43fa50d8519ac5853e25b454d022b6868f80d0e7?s=96&d=mm&r=g\",\"caption\":\"ocd web master\"},\"url\":\"https:\/\/www.carmelitaniscalzi.com\/en\/author\/ocdwebmaster\/\"}]}<\/script>\n<!-- \/ Yoast SEO plugin. -->","yoast_head_json":{"title":"Exceptional Woman. Fifty years of the Doctorate of Santa Teresa of Jesus - DISCALCED CARMELITES","robots":{"index":"index","follow":"follow","max-snippet":"max-snippet:-1","max-image-preview":"max-image-preview:large","max-video-preview":"max-video-preview:-1"},"canonical":"https:\/\/www.carmelitaniscalzi.com\/en\/2020\/09\/08\/exceptional-woman-fifty-years-of-the-doctorate-of-santa-teresa-of-jesus\/","og_locale":"en_US","og_type":"article","og_title":"Exceptional Woman. Fifty years of the Doctorate of Santa Teresa of Jesus - DISCALCED CARMELITES","og_description":"The 50th Anniversary of the Doctorate of Santa Teresa of Jesus will be celebrated on September 27, 2020. \u00a0In commemoration, the Bishopric of Avila, the Discalced Carmelites, and the Catholic University of Avila (UCAV), along with collaboration from the Catholic University of Eichst\u00e4tt-Ingolstadt, have organized the International Congress \u201cExceptional Woman. Fifty years of the Doctorate [&hellip;]","og_url":"https:\/\/www.carmelitaniscalzi.com\/en\/2020\/09\/08\/exceptional-woman-fifty-years-of-the-doctorate-of-santa-teresa-of-jesus\/","og_site_name":"DISCALCED CARMELITES","article_publisher":"https:\/\/www.facebook.com\/Curia-Generalizia-Carmelitani-Scalzi-658766940887784\/","article_published_time":"2020-09-08T20:30:49+00:00","og_image":[{"width":1240,"height":573,"url":"https:\/\/www.carmelitaniscalzi.com\/wp-content\/uploads\/2020\/09\/04.png","type":"image\/png"}],"author":"ocd web master","twitter_card":"summary_large_image","twitter_creator":"@ocdcuria","twitter_site":"@ocdcuria","twitter_misc":{"Written by":"ocd web master","Est. reading time":"1 minute"},"schema":{"@context":"https:\/\/schema.org","@graph":[{"@type":"Article","@id":"https:\/\/www.carmelitaniscalzi.com\/en\/2020\/09\/08\/exceptional-woman-fifty-years-of-the-doctorate-of-santa-teresa-of-jesus\/#article","isPartOf":{"@id":"https:\/\/www.carmelitaniscalzi.com\/en\/2020\/09\/08\/exceptional-woman-fifty-years-of-the-doctorate-of-santa-teresa-of-jesus\/"},"author":{"name":"ocd web master","@id":"https:\/\/www.carmelitaniscalzi.com\/#\/schema\/person\/6d1c0d9bea7b6625c437246a5d6da409"},"headline":"Exceptional Woman. Fifty years of the Doctorate of Santa Teresa of Jesus","datePublished":"2020-09-08T20:30:49+00:00","mainEntityOfPage":{"@id":"https:\/\/www.carmelitaniscalzi.com\/en\/2020\/09\/08\/exceptional-woman-fifty-years-of-the-doctorate-of-santa-teresa-of-jesus\/"},"wordCount":266,"publisher":{"@id":"https:\/\/www.carmelitaniscalzi.com\/#organization"},"image":{"@id":"https:\/\/www.carmelitaniscalzi.com\/en\/2020\/09\/08\/exceptional-woman-fifty-years-of-the-doctorate-of-santa-teresa-of-jesus\/#primaryimage"},"thumbnailUrl":"https:\/\/www.carmelitaniscalzi.com\/wp-content\/uploads\/2020\/09\/04.png","articleSection":["News Friars","News Nuns","News"],"inLanguage":"en-US"},{"@type":"WebPage","@id":"https:\/\/www.carmelitaniscalzi.com\/en\/2020\/09\/08\/exceptional-woman-fifty-years-of-the-doctorate-of-santa-teresa-of-jesus\/","url":"https:\/\/www.carmelitaniscalzi.com\/en\/2020\/09\/08\/exceptional-woman-fifty-years-of-the-doctorate-of-santa-teresa-of-jesus\/","name":"Exceptional Woman. Fifty years of the Doctorate of Santa Teresa of Jesus - DISCALCED CARMELITES","isPartOf":{"@id":"https:\/\/www.carmelitaniscalzi.com\/#website"},"primaryImageOfPage":{"@id":"https:\/\/www.carmelitaniscalzi.com\/en\/2020\/09\/08\/exceptional-woman-fifty-years-of-the-doctorate-of-santa-teresa-of-jesus\/#primaryimage"},"image":{"@id":"https:\/\/www.carmelitaniscalzi.com\/en\/2020\/09\/08\/exceptional-woman-fifty-years-of-the-doctorate-of-santa-teresa-of-jesus\/#primaryimage"},"thumbnailUrl":"https:\/\/www.carmelitaniscalzi.com\/wp-content\/uploads\/2020\/09\/04.png","datePublished":"2020-09-08T20:30:49+00:00","breadcrumb":{"@id":"https:\/\/www.carmelitaniscalzi.com\/en\/2020\/09\/08\/exceptional-woman-fifty-years-of-the-doctorate-of-santa-teresa-of-jesus\/#breadcrumb"},"inLanguage":"en-US","potentialAction":[{"@type":"ReadAction","target":["https:\/\/www.carmelitaniscalzi.com\/en\/2020\/09\/08\/exceptional-woman-fifty-years-of-the-doctorate-of-santa-teresa-of-jesus\/"]}]},{"@type":"ImageObject","inLanguage":"en-US","@id":"https:\/\/www.carmelitaniscalzi.com\/en\/2020\/09\/08\/exceptional-woman-fifty-years-of-the-doctorate-of-santa-teresa-of-jesus\/#primaryimage","url":"https:\/\/www.carmelitaniscalzi.com\/wp-content\/uploads\/2020\/09\/04.png","contentUrl":"https:\/\/www.carmelitaniscalzi.com\/wp-content\/uploads\/2020\/09\/04.png","width":1240,"height":573},{"@type":"BreadcrumbList","@id":"https:\/\/www.carmelitaniscalzi.com\/en\/2020\/09\/08\/exceptional-woman-fifty-years-of-the-doctorate-of-santa-teresa-of-jesus\/#breadcrumb","itemListElement":[{"@type":"ListItem","position":1,"name":"Home","item":"https:\/\/www.carmelitaniscalzi.com\/en\/"},{"@type":"ListItem","position":2,"name":"Exceptional Woman. Fifty years of the Doctorate of Santa Teresa of Jesus"}]},{"@type":"WebSite","@id":"https:\/\/www.carmelitaniscalzi.com\/#website","url":"https:\/\/www.carmelitaniscalzi.com\/","name":"CARMELITANI SCALZI - Curia Generale del Carmelo Teresiano","description":"General Curia of the Teresian Carmel","publisher":{"@id":"https:\/\/www.carmelitaniscalzi.com\/#organization"},"alternateName":"CARMELITANI SCALZI","potentialAction":[{"@type":"SearchAction","target":{"@type":"EntryPoint","urlTemplate":"https:\/\/www.carmelitaniscalzi.com\/?s={search_term_string}"},"query-input":{"@type":"PropertyValueSpecification","valueRequired":true,"valueName":"search_term_string"}}],"inLanguage":"en-US"},{"@type":"Organization","@id":"https:\/\/www.carmelitaniscalzi.com\/#organization","name":"CARMELITANI SCALZI - Curia Generale del Carmelo Teresiano","url":"https:\/\/www.carmelitaniscalzi.com\/","logo":{"@type":"ImageObject","inLanguage":"en-US","@id":"https:\/\/www.carmelitaniscalzi.com\/#\/schema\/logo\/image\/","url":"https:\/\/www.carmelitaniscalzi.com\/wp-content\/uploads\/2025\/11\/login-logo.png","contentUrl":"https:\/\/www.carmelitaniscalzi.com\/wp-content\/uploads\/2025\/11\/login-logo.png","width":256,"height":256,"caption":"CARMELITANI SCALZI - Curia Generale del Carmelo Teresiano"},"image":{"@id":"https:\/\/www.carmelitaniscalzi.com\/#\/schema\/logo\/image\/"},"sameAs":["https:\/\/www.facebook.com\/Curia-Generalizia-Carmelitani-Scalzi-658766940887784\/","https:\/\/x.com\/ocdcuria","https:\/\/www.youtube.com\/channel\/UC2J5ZL0ycOY0qBSTCLX_NGQ\/videos","https:\/\/www.instagram.com\/ocdinform\/"]},{"@type":"Person","@id":"https:\/\/www.carmelitaniscalzi.com\/#\/schema\/person\/6d1c0d9bea7b6625c437246a5d6da409","name":"ocd web master","image":{"@type":"ImageObject","inLanguage":"en-US","@id":"https:\/\/www.carmelitaniscalzi.com\/#\/schema\/person\/image\/","url":"https:\/\/secure.gravatar.com\/avatar\/41fbc5f82bad909fbaf2984c43fa50d8519ac5853e25b454d022b6868f80d0e7?s=96&d=mm&r=g","contentUrl":"https:\/\/secure.gravatar.com\/avatar\/41fbc5f82bad909fbaf2984c43fa50d8519ac5853e25b454d022b6868f80d0e7?s=96&d=mm&r=g","caption":"ocd web master"},"url":"https:\/\/www.carmelitaniscalzi.com\/en\/author\/ocdwebmaster\/"}]}},"_links":{"self":[{"href":"https:\/\/www.carmelitaniscalzi.com\/en\/wp-json\/wp\/v2\/posts\/42380","targetHints":{"allow":["GET"]}}],"collection":[{"href":"https:\/\/www.carmelitaniscalzi.com\/en\/wp-json\/wp\/v2\/posts"}],"about":[{"href":"https:\/\/www.carmelitaniscalzi.com\/en\/wp-json\/wp\/v2\/types\/post"}],"author":[{"embeddable":true,"href":"https:\/\/www.carmelitaniscalzi.com\/en\/wp-json\/wp\/v2\/users\/7"}],"replies":[{"embeddable":true,"href":"https:\/\/www.carmelitaniscalzi.com\/en\/wp-json\/wp\/v2\/comments?post=42380"}],"version-history":[{"count":0,"href":"https:\/\/www.carmelitaniscalzi.com\/en\/wp-json\/wp\/v2\/posts\/42380\/revisions"}],"wp:featuredmedia":[{"embeddable":true,"href":"https:\/\/www.carmelitaniscalzi.com\/en\/wp-json\/wp\/v2\/media\/42364"}],"wp:attachment":[{"href":"https:\/\/www.carmelitaniscalzi.com\/en\/wp-json\/wp\/v2\/media?parent=42380"}],"wp:term":[{"taxonomy":"category","embeddable":true,"href":"https:\/\/www.carmelitaniscalzi.com\/en\/wp-json\/wp\/v2\/categories?post=42380"},{"taxonomy":"post_tag","embeddable":true,"href":"https:\/\/www.carmelitaniscalzi.com\/en\/wp-json\/wp\/v2\/tags?post=42380"}],"curies":[{"name":"wp","href":"https:\/\/api.w.org\/{rel}","templated":true}]}}