{"id":290283,"date":"2023-11-08T00:59:12","date_gmt":"2023-11-07T23:59:12","guid":{"rendered":"https:\/\/www.carmelitaniscalzi.com\/?p=290283"},"modified":"2023-11-08T00:59:12","modified_gmt":"2023-11-07T23:59:12","slug":"spain-closing-of-the-jubilee-year-in-the-avila-diocese","status":"publish","type":"post","link":"https:\/\/www.carmelitaniscalzi.com\/en\/2023\/11\/08\/spain-closing-of-the-jubilee-year-in-the-avila-diocese\/","title":{"rendered":"Spain: closing of the jubilee year in the Avila diocese"},"content":{"rendered":"<p>Late in the afternoon of October the 14<sup>th<\/sup>, 2023, the vigil of the Solemnity of St. Teresa of Jesus, the Teresian Jubilee Year in the Diocese of Avila came to an end, and the Holy Door was closed. In this way, a year and a half of jubilee came to an end, since the fourth centenary of the canonization of St. Teresa coincided with the jubilee year granted to the diocese of \u00c1vila every time the feast of its Patroness falls on a Sunday, as was the case in 2023.<\/p>\n<p>This liturgical act was presided over by the Bishop of \u00c1vila, Mgr. Jes\u00fas Rico, assisted by the Superior of the Iberian Province, Father Francisco S\u00e1nchez Oreja, from the Carmelite community of the birthplace of St. Teresa, as well as the Bishop Emeritus of Salamanca, Mgr. Carlos L\u00f3pez.<\/p>\n<p>The Holy Door of the Teresian Jubilee is located at the entrance to the church of the Carmelite monastery of Avila, built on the birthplace of St. Teresa of Jesus.<\/p>\n<p>After the closing of the Holy Door, solemn vespers of St. Teresa were sung. This was followed by a procession of the statue of Saint Teresa from the basilica to the Avila cathedral.<\/p>\n<p>&nbsp;<\/p>\n<div class=\"wpmf-gallerys wpmf-gallerys-life \" ><div id=\"gallery-1\"\n data-gutter-width=\"5\"\n  data-wpmfcolumns=\"5\" class=\"wpmf-gallery gallery-link-file gallery_life gallery-masonry gallery-columns-5 gallery-size-thumbnail wpmf-gallery-bottomspace-default wpmf-gallery-clear wpmf-has-border-radius-0 wpmf-gutterwidth-5\"><div class=\"wpmf-gallery-item\n     wpmf-gallery-item-position-0 wpmf-gallery-item-attachment-290048\" data-index=\"0\"><div class=\"wpmf-gallery-icon\"><a class=\" not_video noLightbox\" data-lightbox=\"1\" data-href=\"https:\/\/www.carmelitaniscalzi.com\/wp-content\/uploads\/2023\/11\/Espana-1.png\" title=\"Espana 1\" target=\"_self\" data-index=\"0\"><img decoding=\"async\" class=\"wpmf_img\" alt=\"Espana 1\" src=\"https:\/\/www.carmelitaniscalzi.com\/wp-content\/uploads\/2023\/11\/Espana-1-150x150.png\" data-type=\"wpmfgalleryimg\" data-lazy-src=\"https:\/\/www.carmelitaniscalzi.com\/wp-content\/uploads\/2023\/11\/Espana-1-150x150.png\"><\/a><\/div><\/div><div class=\"wpmf-gallery-item\n     wpmf-gallery-item-position-1 wpmf-gallery-item-attachment-290054\" data-index=\"1\"><div class=\"wpmf-gallery-icon\"><a class=\" not_video noLightbox\" data-lightbox=\"1\" data-href=\"https:\/\/www.carmelitaniscalzi.com\/wp-content\/uploads\/2023\/11\/Espana-2.png\" title=\"Espana 2\" target=\"_self\" data-index=\"1\"><img decoding=\"async\" class=\"wpmf_img\" alt=\"Espana 2\" src=\"https:\/\/www.carmelitaniscalzi.com\/wp-content\/uploads\/2023\/11\/Espana-2-150x150.png\" data-type=\"wpmfgalleryimg\" data-lazy-src=\"https:\/\/www.carmelitaniscalzi.com\/wp-content\/uploads\/2023\/11\/Espana-2-150x150.png\"><\/a><\/div><\/div><div class=\"wpmf-gallery-item\n     wpmf-gallery-item-position-2 wpmf-gallery-item-attachment-290060\" data-index=\"2\"><div class=\"wpmf-gallery-icon\"><a class=\" not_video noLightbox\" data-lightbox=\"1\" data-href=\"https:\/\/www.carmelitaniscalzi.com\/wp-content\/uploads\/2023\/11\/Espana-3.png\" title=\"Espana 3\" target=\"_self\" data-index=\"2\"><img decoding=\"async\" class=\"wpmf_img\" alt=\"Espana 3\" src=\"https:\/\/www.carmelitaniscalzi.com\/wp-content\/uploads\/2023\/11\/Espana-3-150x150.png\" data-type=\"wpmfgalleryimg\" data-lazy-src=\"https:\/\/www.carmelitaniscalzi.com\/wp-content\/uploads\/2023\/11\/Espana-3-150x150.png\"><\/a><\/div><\/div><div class=\"wpmf-gallery-item\n     wpmf-gallery-item-position-3 wpmf-gallery-item-attachment-290066\" data-index=\"3\"><div class=\"wpmf-gallery-icon\"><a class=\" not_video noLightbox\" data-lightbox=\"1\" data-href=\"https:\/\/www.carmelitaniscalzi.com\/wp-content\/uploads\/2023\/11\/Espana-4.png\" title=\"Espana 4\" target=\"_self\" data-index=\"3\"><img decoding=\"async\" class=\"wpmf_img\" alt=\"Espana 4\" src=\"https:\/\/www.carmelitaniscalzi.com\/wp-content\/uploads\/2023\/11\/Espana-4-150x150.png\" data-type=\"wpmfgalleryimg\" data-lazy-src=\"https:\/\/www.carmelitaniscalzi.com\/wp-content\/uploads\/2023\/11\/Espana-4-150x150.png\"><\/a><\/div><\/div><div class=\"wpmf-gallery-item\n     wpmf-gallery-item-position-4 wpmf-gallery-item-attachment-290072\" data-index=\"4\"><div class=\"wpmf-gallery-icon\"><a class=\" not_video noLightbox\" data-lightbox=\"1\" data-href=\"https:\/\/www.carmelitaniscalzi.com\/wp-content\/uploads\/2023\/11\/Espana-5-1024x574.jpg\" title=\"Espana 5\" target=\"_self\" data-index=\"4\"><img decoding=\"async\" class=\"wpmf_img\" alt=\"Espana 5\" src=\"https:\/\/www.carmelitaniscalzi.com\/wp-content\/uploads\/2023\/11\/Espana-5-150x150.jpg\" data-type=\"wpmfgalleryimg\" data-lazy-src=\"https:\/\/www.carmelitaniscalzi.com\/wp-content\/uploads\/2023\/11\/Espana-5-150x150.jpg\"><\/a><\/div><\/div><\/div><\/div>\n\n","protected":false},"excerpt":{"rendered":"<p>Late in the afternoon of October the 14th, 2023, the vigil of the Solemnity of St. Teresa of Jesus, the Teresian Jubilee Year in the Diocese of Avila came to an end, and the Holy Door was closed. In this way, a year and a half of jubilee came to an end, since the fourth [&hellip;]<\/p>\n","protected":false},"author":7,"featured_media":290042,"comment_status":"closed","ping_status":"open","sticky":false,"template":"","format":"standard","meta":{"_acf_changed":false,"footnotes":""},"categories":[146,369],"tags":[],"class_list":["post-290283","post","type-post","status-publish","format-standard","has-post-thumbnail","hentry","category-news-friars","category-news"],"acf":[],"yoast_head":"<!-- This site is optimized with the Yoast SEO plugin v26.3 - https:\/\/yoast.com\/wordpress\/plugins\/seo\/ -->\n<title>Spain: closing of the jubilee year in the Avila diocese - DISCALCED CARMELITES<\/title>\n<meta name=\"robots\" content=\"index, follow, max-snippet:-1, max-image-preview:large, max-video-preview:-1\" \/>\n<link rel=\"canonical\" href=\"https:\/\/www.carmelitaniscalzi.com\/en\/2023\/11\/08\/spain-closing-of-the-jubilee-year-in-the-avila-diocese\/\" \/>\n<meta property=\"og:locale\" content=\"en_US\" \/>\n<meta property=\"og:type\" content=\"article\" \/>\n<meta property=\"og:title\" content=\"Spain: closing of the jubilee year in the Avila diocese - DISCALCED CARMELITES\" \/>\n<meta property=\"og:description\" content=\"Late in the afternoon of October the 14th, 2023, the vigil of the Solemnity of St. Teresa of Jesus, the Teresian Jubilee Year in the Diocese of Avila came to an end, and the Holy Door was closed. In this way, a year and a half of jubilee came to an end, since the fourth [&hellip;]\" \/>\n<meta property=\"og:url\" content=\"https:\/\/www.carmelitaniscalzi.com\/en\/2023\/11\/08\/spain-closing-of-the-jubilee-year-in-the-avila-diocese\/\" \/>\n<meta property=\"og:site_name\" content=\"DISCALCED CARMELITES\" \/>\n<meta property=\"article:publisher\" content=\"https:\/\/www.facebook.com\/Curia-Generalizia-Carmelitani-Scalzi-658766940887784\/\" \/>\n<meta property=\"article:published_time\" content=\"2023-11-07T23:59:12+00:00\" \/>\n<meta property=\"og:image\" content=\"https:\/\/www.carmelitaniscalzi.com\/wp-content\/uploads\/2023\/11\/cover_espana_10.2023.jpg\" \/>\n\t<meta property=\"og:image:width\" content=\"1200\" \/>\n\t<meta property=\"og:image:height\" content=\"800\" \/>\n\t<meta property=\"og:image:type\" content=\"image\/jpeg\" \/>\n<meta name=\"author\" content=\"ocd web master\" \/>\n<meta name=\"twitter:card\" content=\"summary_large_image\" \/>\n<meta name=\"twitter:creator\" content=\"@ocdcuria\" \/>\n<meta name=\"twitter:site\" content=\"@ocdcuria\" \/>\n<meta name=\"twitter:label1\" content=\"Written by\" \/>\n\t<meta name=\"twitter:data1\" content=\"ocd web master\" \/>\n\t<meta name=\"twitter:label2\" content=\"Est. reading time\" \/>\n\t<meta name=\"twitter:data2\" content=\"1 minute\" \/>\n<script type=\"application\/ld+json\" class=\"yoast-schema-graph\">{\"@context\":\"https:\/\/schema.org\",\"@graph\":[{\"@type\":\"Article\",\"@id\":\"https:\/\/www.carmelitaniscalzi.com\/en\/2023\/11\/08\/spain-closing-of-the-jubilee-year-in-the-avila-diocese\/#article\",\"isPartOf\":{\"@id\":\"https:\/\/www.carmelitaniscalzi.com\/en\/2023\/11\/08\/spain-closing-of-the-jubilee-year-in-the-avila-diocese\/\"},\"author\":{\"name\":\"ocd web master\",\"@id\":\"https:\/\/www.carmelitaniscalzi.com\/#\/schema\/person\/6d1c0d9bea7b6625c437246a5d6da409\"},\"headline\":\"Spain: closing of the jubilee year in the Avila diocese\",\"datePublished\":\"2023-11-07T23:59:12+00:00\",\"mainEntityOfPage\":{\"@id\":\"https:\/\/www.carmelitaniscalzi.com\/en\/2023\/11\/08\/spain-closing-of-the-jubilee-year-in-the-avila-diocese\/\"},\"wordCount\":222,\"publisher\":{\"@id\":\"https:\/\/www.carmelitaniscalzi.com\/#organization\"},\"image\":{\"@id\":\"https:\/\/www.carmelitaniscalzi.com\/en\/2023\/11\/08\/spain-closing-of-the-jubilee-year-in-the-avila-diocese\/#primaryimage\"},\"thumbnailUrl\":\"https:\/\/www.carmelitaniscalzi.com\/wp-content\/uploads\/2023\/11\/cover_espana_10.2023.jpg\",\"articleSection\":[\"News Friars\",\"News\"],\"inLanguage\":\"en-US\"},{\"@type\":\"WebPage\",\"@id\":\"https:\/\/www.carmelitaniscalzi.com\/en\/2023\/11\/08\/spain-closing-of-the-jubilee-year-in-the-avila-diocese\/\",\"url\":\"https:\/\/www.carmelitaniscalzi.com\/en\/2023\/11\/08\/spain-closing-of-the-jubilee-year-in-the-avila-diocese\/\",\"name\":\"Spain: closing of the jubilee year in the Avila diocese - DISCALCED CARMELITES\",\"isPartOf\":{\"@id\":\"https:\/\/www.carmelitaniscalzi.com\/#website\"},\"primaryImageOfPage\":{\"@id\":\"https:\/\/www.carmelitaniscalzi.com\/en\/2023\/11\/08\/spain-closing-of-the-jubilee-year-in-the-avila-diocese\/#primaryimage\"},\"image\":{\"@id\":\"https:\/\/www.carmelitaniscalzi.com\/en\/2023\/11\/08\/spain-closing-of-the-jubilee-year-in-the-avila-diocese\/#primaryimage\"},\"thumbnailUrl\":\"https:\/\/www.carmelitaniscalzi.com\/wp-content\/uploads\/2023\/11\/cover_espana_10.2023.jpg\",\"datePublished\":\"2023-11-07T23:59:12+00:00\",\"breadcrumb\":{\"@id\":\"https:\/\/www.carmelitaniscalzi.com\/en\/2023\/11\/08\/spain-closing-of-the-jubilee-year-in-the-avila-diocese\/#breadcrumb\"},\"inLanguage\":\"en-US\",\"potentialAction\":[{\"@type\":\"ReadAction\",\"target\":[\"https:\/\/www.carmelitaniscalzi.com\/en\/2023\/11\/08\/spain-closing-of-the-jubilee-year-in-the-avila-diocese\/\"]}]},{\"@type\":\"ImageObject\",\"inLanguage\":\"en-US\",\"@id\":\"https:\/\/www.carmelitaniscalzi.com\/en\/2023\/11\/08\/spain-closing-of-the-jubilee-year-in-the-avila-diocese\/#primaryimage\",\"url\":\"https:\/\/www.carmelitaniscalzi.com\/wp-content\/uploads\/2023\/11\/cover_espana_10.2023.jpg\",\"contentUrl\":\"https:\/\/www.carmelitaniscalzi.com\/wp-content\/uploads\/2023\/11\/cover_espana_10.2023.jpg\",\"width\":1200,\"height\":800},{\"@type\":\"BreadcrumbList\",\"@id\":\"https:\/\/www.carmelitaniscalzi.com\/en\/2023\/11\/08\/spain-closing-of-the-jubilee-year-in-the-avila-diocese\/#breadcrumb\",\"itemListElement\":[{\"@type\":\"ListItem\",\"position\":1,\"name\":\"Home\",\"item\":\"https:\/\/www.carmelitaniscalzi.com\/en\/\"},{\"@type\":\"ListItem\",\"position\":2,\"name\":\"Spain: closing of the jubilee year in the Avila diocese\"}]},{\"@type\":\"WebSite\",\"@id\":\"https:\/\/www.carmelitaniscalzi.com\/#website\",\"url\":\"https:\/\/www.carmelitaniscalzi.com\/\",\"name\":\"CARMELITANI SCALZI - Curia Generale del Carmelo Teresiano\",\"description\":\"General Curia of the Teresian Carmel\",\"publisher\":{\"@id\":\"https:\/\/www.carmelitaniscalzi.com\/#organization\"},\"alternateName\":\"CARMELITANI SCALZI\",\"potentialAction\":[{\"@type\":\"SearchAction\",\"target\":{\"@type\":\"EntryPoint\",\"urlTemplate\":\"https:\/\/www.carmelitaniscalzi.com\/?s={search_term_string}\"},\"query-input\":{\"@type\":\"PropertyValueSpecification\",\"valueRequired\":true,\"valueName\":\"search_term_string\"}}],\"inLanguage\":\"en-US\"},{\"@type\":\"Organization\",\"@id\":\"https:\/\/www.carmelitaniscalzi.com\/#organization\",\"name\":\"CARMELITANI SCALZI - Curia Generale del Carmelo Teresiano\",\"url\":\"https:\/\/www.carmelitaniscalzi.com\/\",\"logo\":{\"@type\":\"ImageObject\",\"inLanguage\":\"en-US\",\"@id\":\"https:\/\/www.carmelitaniscalzi.com\/#\/schema\/logo\/image\/\",\"url\":\"https:\/\/www.carmelitaniscalzi.com\/wp-content\/uploads\/2025\/11\/login-logo.png\",\"contentUrl\":\"https:\/\/www.carmelitaniscalzi.com\/wp-content\/uploads\/2025\/11\/login-logo.png\",\"width\":256,\"height\":256,\"caption\":\"CARMELITANI SCALZI - Curia Generale del Carmelo Teresiano\"},\"image\":{\"@id\":\"https:\/\/www.carmelitaniscalzi.com\/#\/schema\/logo\/image\/\"},\"sameAs\":[\"https:\/\/www.facebook.com\/Curia-Generalizia-Carmelitani-Scalzi-658766940887784\/\",\"https:\/\/x.com\/ocdcuria\",\"https:\/\/www.youtube.com\/channel\/UC2J5ZL0ycOY0qBSTCLX_NGQ\/videos\",\"https:\/\/www.instagram.com\/ocdinform\/\"]},{\"@type\":\"Person\",\"@id\":\"https:\/\/www.carmelitaniscalzi.com\/#\/schema\/person\/6d1c0d9bea7b6625c437246a5d6da409\",\"name\":\"ocd web master\",\"image\":{\"@type\":\"ImageObject\",\"inLanguage\":\"en-US\",\"@id\":\"https:\/\/www.carmelitaniscalzi.com\/#\/schema\/person\/image\/\",\"url\":\"https:\/\/secure.gravatar.com\/avatar\/41fbc5f82bad909fbaf2984c43fa50d8519ac5853e25b454d022b6868f80d0e7?s=96&d=mm&r=g\",\"contentUrl\":\"https:\/\/secure.gravatar.com\/avatar\/41fbc5f82bad909fbaf2984c43fa50d8519ac5853e25b454d022b6868f80d0e7?s=96&d=mm&r=g\",\"caption\":\"ocd web master\"},\"url\":\"https:\/\/www.carmelitaniscalzi.com\/en\/author\/ocdwebmaster\/\"}]}<\/script>\n<!-- \/ Yoast SEO plugin. -->","yoast_head_json":{"title":"Spain: closing of the jubilee year in the Avila diocese - DISCALCED CARMELITES","robots":{"index":"index","follow":"follow","max-snippet":"max-snippet:-1","max-image-preview":"max-image-preview:large","max-video-preview":"max-video-preview:-1"},"canonical":"https:\/\/www.carmelitaniscalzi.com\/en\/2023\/11\/08\/spain-closing-of-the-jubilee-year-in-the-avila-diocese\/","og_locale":"en_US","og_type":"article","og_title":"Spain: closing of the jubilee year in the Avila diocese - DISCALCED CARMELITES","og_description":"Late in the afternoon of October the 14th, 2023, the vigil of the Solemnity of St. Teresa of Jesus, the Teresian Jubilee Year in the Diocese of Avila came to an end, and the Holy Door was closed. In this way, a year and a half of jubilee came to an end, since the fourth [&hellip;]","og_url":"https:\/\/www.carmelitaniscalzi.com\/en\/2023\/11\/08\/spain-closing-of-the-jubilee-year-in-the-avila-diocese\/","og_site_name":"DISCALCED CARMELITES","article_publisher":"https:\/\/www.facebook.com\/Curia-Generalizia-Carmelitani-Scalzi-658766940887784\/","article_published_time":"2023-11-07T23:59:12+00:00","og_image":[{"width":1200,"height":800,"url":"https:\/\/www.carmelitaniscalzi.com\/wp-content\/uploads\/2023\/11\/cover_espana_10.2023.jpg","type":"image\/jpeg"}],"author":"ocd web master","twitter_card":"summary_large_image","twitter_creator":"@ocdcuria","twitter_site":"@ocdcuria","twitter_misc":{"Written by":"ocd web master","Est. reading time":"1 minute"},"schema":{"@context":"https:\/\/schema.org","@graph":[{"@type":"Article","@id":"https:\/\/www.carmelitaniscalzi.com\/en\/2023\/11\/08\/spain-closing-of-the-jubilee-year-in-the-avila-diocese\/#article","isPartOf":{"@id":"https:\/\/www.carmelitaniscalzi.com\/en\/2023\/11\/08\/spain-closing-of-the-jubilee-year-in-the-avila-diocese\/"},"author":{"name":"ocd web master","@id":"https:\/\/www.carmelitaniscalzi.com\/#\/schema\/person\/6d1c0d9bea7b6625c437246a5d6da409"},"headline":"Spain: closing of the jubilee year in the Avila diocese","datePublished":"2023-11-07T23:59:12+00:00","mainEntityOfPage":{"@id":"https:\/\/www.carmelitaniscalzi.com\/en\/2023\/11\/08\/spain-closing-of-the-jubilee-year-in-the-avila-diocese\/"},"wordCount":222,"publisher":{"@id":"https:\/\/www.carmelitaniscalzi.com\/#organization"},"image":{"@id":"https:\/\/www.carmelitaniscalzi.com\/en\/2023\/11\/08\/spain-closing-of-the-jubilee-year-in-the-avila-diocese\/#primaryimage"},"thumbnailUrl":"https:\/\/www.carmelitaniscalzi.com\/wp-content\/uploads\/2023\/11\/cover_espana_10.2023.jpg","articleSection":["News Friars","News"],"inLanguage":"en-US"},{"@type":"WebPage","@id":"https:\/\/www.carmelitaniscalzi.com\/en\/2023\/11\/08\/spain-closing-of-the-jubilee-year-in-the-avila-diocese\/","url":"https:\/\/www.carmelitaniscalzi.com\/en\/2023\/11\/08\/spain-closing-of-the-jubilee-year-in-the-avila-diocese\/","name":"Spain: closing of the jubilee year in the Avila diocese - DISCALCED CARMELITES","isPartOf":{"@id":"https:\/\/www.carmelitaniscalzi.com\/#website"},"primaryImageOfPage":{"@id":"https:\/\/www.carmelitaniscalzi.com\/en\/2023\/11\/08\/spain-closing-of-the-jubilee-year-in-the-avila-diocese\/#primaryimage"},"image":{"@id":"https:\/\/www.carmelitaniscalzi.com\/en\/2023\/11\/08\/spain-closing-of-the-jubilee-year-in-the-avila-diocese\/#primaryimage"},"thumbnailUrl":"https:\/\/www.carmelitaniscalzi.com\/wp-content\/uploads\/2023\/11\/cover_espana_10.2023.jpg","datePublished":"2023-11-07T23:59:12+00:00","breadcrumb":{"@id":"https:\/\/www.carmelitaniscalzi.com\/en\/2023\/11\/08\/spain-closing-of-the-jubilee-year-in-the-avila-diocese\/#breadcrumb"},"inLanguage":"en-US","potentialAction":[{"@type":"ReadAction","target":["https:\/\/www.carmelitaniscalzi.com\/en\/2023\/11\/08\/spain-closing-of-the-jubilee-year-in-the-avila-diocese\/"]}]},{"@type":"ImageObject","inLanguage":"en-US","@id":"https:\/\/www.carmelitaniscalzi.com\/en\/2023\/11\/08\/spain-closing-of-the-jubilee-year-in-the-avila-diocese\/#primaryimage","url":"https:\/\/www.carmelitaniscalzi.com\/wp-content\/uploads\/2023\/11\/cover_espana_10.2023.jpg","contentUrl":"https:\/\/www.carmelitaniscalzi.com\/wp-content\/uploads\/2023\/11\/cover_espana_10.2023.jpg","width":1200,"height":800},{"@type":"BreadcrumbList","@id":"https:\/\/www.carmelitaniscalzi.com\/en\/2023\/11\/08\/spain-closing-of-the-jubilee-year-in-the-avila-diocese\/#breadcrumb","itemListElement":[{"@type":"ListItem","position":1,"name":"Home","item":"https:\/\/www.carmelitaniscalzi.com\/en\/"},{"@type":"ListItem","position":2,"name":"Spain: closing of the jubilee year in the Avila diocese"}]},{"@type":"WebSite","@id":"https:\/\/www.carmelitaniscalzi.com\/#website","url":"https:\/\/www.carmelitaniscalzi.com\/","name":"CARMELITANI SCALZI - Curia Generale del Carmelo Teresiano","description":"General Curia of the Teresian Carmel","publisher":{"@id":"https:\/\/www.carmelitaniscalzi.com\/#organization"},"alternateName":"CARMELITANI SCALZI","potentialAction":[{"@type":"SearchAction","target":{"@type":"EntryPoint","urlTemplate":"https:\/\/www.carmelitaniscalzi.com\/?s={search_term_string}"},"query-input":{"@type":"PropertyValueSpecification","valueRequired":true,"valueName":"search_term_string"}}],"inLanguage":"en-US"},{"@type":"Organization","@id":"https:\/\/www.carmelitaniscalzi.com\/#organization","name":"CARMELITANI SCALZI - Curia Generale del Carmelo Teresiano","url":"https:\/\/www.carmelitaniscalzi.com\/","logo":{"@type":"ImageObject","inLanguage":"en-US","@id":"https:\/\/www.carmelitaniscalzi.com\/#\/schema\/logo\/image\/","url":"https:\/\/www.carmelitaniscalzi.com\/wp-content\/uploads\/2025\/11\/login-logo.png","contentUrl":"https:\/\/www.carmelitaniscalzi.com\/wp-content\/uploads\/2025\/11\/login-logo.png","width":256,"height":256,"caption":"CARMELITANI SCALZI - Curia Generale del Carmelo Teresiano"},"image":{"@id":"https:\/\/www.carmelitaniscalzi.com\/#\/schema\/logo\/image\/"},"sameAs":["https:\/\/www.facebook.com\/Curia-Generalizia-Carmelitani-Scalzi-658766940887784\/","https:\/\/x.com\/ocdcuria","https:\/\/www.youtube.com\/channel\/UC2J5ZL0ycOY0qBSTCLX_NGQ\/videos","https:\/\/www.instagram.com\/ocdinform\/"]},{"@type":"Person","@id":"https:\/\/www.carmelitaniscalzi.com\/#\/schema\/person\/6d1c0d9bea7b6625c437246a5d6da409","name":"ocd web master","image":{"@type":"ImageObject","inLanguage":"en-US","@id":"https:\/\/www.carmelitaniscalzi.com\/#\/schema\/person\/image\/","url":"https:\/\/secure.gravatar.com\/avatar\/41fbc5f82bad909fbaf2984c43fa50d8519ac5853e25b454d022b6868f80d0e7?s=96&d=mm&r=g","contentUrl":"https:\/\/secure.gravatar.com\/avatar\/41fbc5f82bad909fbaf2984c43fa50d8519ac5853e25b454d022b6868f80d0e7?s=96&d=mm&r=g","caption":"ocd web master"},"url":"https:\/\/www.carmelitaniscalzi.com\/en\/author\/ocdwebmaster\/"}]}},"_links":{"self":[{"href":"https:\/\/www.carmelitaniscalzi.com\/en\/wp-json\/wp\/v2\/posts\/290283","targetHints":{"allow":["GET"]}}],"collection":[{"href":"https:\/\/www.carmelitaniscalzi.com\/en\/wp-json\/wp\/v2\/posts"}],"about":[{"href":"https:\/\/www.carmelitaniscalzi.com\/en\/wp-json\/wp\/v2\/types\/post"}],"author":[{"embeddable":true,"href":"https:\/\/www.carmelitaniscalzi.com\/en\/wp-json\/wp\/v2\/users\/7"}],"replies":[{"embeddable":true,"href":"https:\/\/www.carmelitaniscalzi.com\/en\/wp-json\/wp\/v2\/comments?post=290283"}],"version-history":[{"count":1,"href":"https:\/\/www.carmelitaniscalzi.com\/en\/wp-json\/wp\/v2\/posts\/290283\/revisions"}],"predecessor-version":[{"id":290284,"href":"https:\/\/www.carmelitaniscalzi.com\/en\/wp-json\/wp\/v2\/posts\/290283\/revisions\/290284"}],"wp:featuredmedia":[{"embeddable":true,"href":"https:\/\/www.carmelitaniscalzi.com\/en\/wp-json\/wp\/v2\/media\/290042"}],"wp:attachment":[{"href":"https:\/\/www.carmelitaniscalzi.com\/en\/wp-json\/wp\/v2\/media?parent=290283"}],"wp:term":[{"taxonomy":"category","embeddable":true,"href":"https:\/\/www.carmelitaniscalzi.com\/en\/wp-json\/wp\/v2\/categories?post=290283"},{"taxonomy":"post_tag","embeddable":true,"href":"https:\/\/www.carmelitaniscalzi.com\/en\/wp-json\/wp\/v2\/tags?post=290283"}],"curies":[{"name":"wp","href":"https:\/\/api.w.org\/{rel}","templated":true}]}}