{"id":20295,"date":"2018-04-09T11:13:23","date_gmt":"2018-04-09T09:13:23","guid":{"rendered":"https:\/\/www.carmelitaniscalzi.com\/en\/?p=20295"},"modified":"2018-04-09T11:13:23","modified_gmt":"2018-04-09T09:13:23","slug":"fr-silverio-of-st-teresa","status":"publish","type":"post","link":"https:\/\/www.carmelitaniscalzi.com\/en\/2018\/04\/09\/fr-silverio-of-st-teresa\/","title":{"rendered":"Fr. Silverio of St. Teresa"},"content":{"rendered":"<p class=\"Normale1\" style=\"text-align: justify;\">On 8<sup>th<\/sup> March, it was 140 years since the birth in Esc\u00f3bados de Arriba (Burgos, Spain) of Fr. Silverio of St. Teresa, known in the world as Juli\u00e1n G\u00f3mez Fern\u00e1ndez.<\/p>\n<p class=\"Normale1\" style=\"text-align: justify;\">Fr. Silverio of St. Teresa received the habit of Carmel in Larrea in 1895, after having studied philosophy in the Seminary of San Jer\u00f3nimo in Burgos. A year later, he made his simple vows and his solemn vows in 1899. He was ordained priest in 1902 and was sent to Rome, where he continued to study for the next two years.<\/p>\n<p class=\"Normale1\" style=\"text-align: justify;\"><a name=\"_sso3fmavwbn4\"><\/a>Between 1905 and 1937 he went through a period of intensely rewarding and intellectual activity in Burgos, the fruit of which was the \u2018Biblioteca M\u00edstica Carmelitana\u2019 (Carmelite Mystical Collection) and the \u2018Silverian Archive\u2019, in which a good number of copies of documents of enormous importance have been kept for the Order. The \u2018Biblioteca\u2019, for its part was the first attempt to examine the Teresian and Sanjuanist texts, as well as publishing the processes of beatification and canonization of St. Teresa and St. John of the Cross, with the application of serious, <span style=\"color: #181818;\">historiograph<\/span><span style=\"color: #0c0c0c;\">ica<\/span>l criteria.<\/p>\n<p class=\"Normale1\" style=\"text-align: justify;\">It is impossible to give a list here either of his publications or of the documents saved by Fr. Silverio, which otherwise would have been lost.<\/p>\n<p class=\"Normale1\" style=\"text-align: justify;\">From 1937 onwards, he served as General Definitor, taking on the government of the Order in the capacity of Vicar General, brought about by the death of Fr. Pedro Tom\u00e1s de la Virgen del Carmen in an unfortunate motorbike accident, on 28<sup>th<\/sup> August 1946, who had been the Superior General. In April, 1947, he was elected Superior General in the Chapter which he himself summoned and would govern the Order carrying out some important initiatives, including the building of the new International College and present seat of the Teresianum on land bequeathed by the Pamphilj family, neighbours of the Parish of St. Pancrazio, inaugurated after his death. With the help of his Definitors, one of whom was Blessed Fr. Marie-Eugene of the Child Jesus, his attentiveness to the Discalced Carmelite nuns should also be highlighted.<\/p>\n<div class=\"wpmf-gallerys wpmf-gallerys-life \" ><div id=\"gallery-1\" class=\"gallery gallery_life wpmf_gallery_default gallery_default  gallery-columns-5 gallery-size-thumbnail gallery-link-file wpmf-has-border-radius-0 wpmf-gutterwidth-5 no_ratio\"><figure class=\"wpmf-gallery-item\" data-index=\"0\"><div class=\"wpmf-gallery-icon\"><div class=\"square_thumbnail\"><div class=\"img_centered\"><a class=\" not_video noLightbox\" data-lightbox=\"1\" data-href=\"https:\/\/www.carmelitaniscalzi.com\/wp-content\/uploads\/2018\/04\/silverio-1.jpg\" title=\"silverio (1)\" target=\"_self\" data-index=\"0\"><img decoding=\"async\" class=\"wpmf_img\" alt=\"silverio (1)\" src=\"https:\/\/www.carmelitaniscalzi.com\/wp-content\/uploads\/2018\/04\/silverio-1-150x150.jpg\" data-type=\"wpmfgalleryimg\" data-lazy-src=\"https:\/\/www.carmelitaniscalzi.com\/wp-content\/uploads\/2018\/04\/silverio-1-150x150.jpg\"><\/a><\/div><\/div><\/div><\/figure><figure class=\"wpmf-gallery-item\" data-index=\"1\"><div class=\"wpmf-gallery-icon\"><div class=\"square_thumbnail\"><div class=\"img_centered\"><a class=\" not_video noLightbox\" data-lightbox=\"1\" data-href=\"https:\/\/www.carmelitaniscalzi.com\/wp-content\/uploads\/2018\/04\/Silverio-10.jpeg\" title=\"Silverio 10\" target=\"_self\" data-index=\"1\"><img decoding=\"async\" class=\"wpmf_img\" alt=\"Silverio 10\" src=\"https:\/\/www.carmelitaniscalzi.com\/wp-content\/uploads\/2018\/04\/Silverio-10-150x150.jpeg\" data-type=\"wpmfgalleryimg\" data-lazy-src=\"https:\/\/www.carmelitaniscalzi.com\/wp-content\/uploads\/2018\/04\/Silverio-10-150x150.jpeg\"><\/a><\/div><\/div><\/div><\/figure><figure class=\"wpmf-gallery-item\" data-index=\"2\"><div class=\"wpmf-gallery-icon\"><div class=\"square_thumbnail\"><div class=\"img_centered\"><a class=\" not_video noLightbox\" data-lightbox=\"1\" data-href=\"https:\/\/www.carmelitaniscalzi.com\/wp-content\/uploads\/2018\/04\/Silverio-9.jpeg\" title=\"Silverio 9\" target=\"_self\" data-index=\"2\"><img decoding=\"async\" class=\"wpmf_img\" alt=\"Silverio 9\" src=\"https:\/\/www.carmelitaniscalzi.com\/wp-content\/uploads\/2018\/04\/Silverio-9-150x150.jpeg\" data-type=\"wpmfgalleryimg\" data-lazy-src=\"https:\/\/www.carmelitaniscalzi.com\/wp-content\/uploads\/2018\/04\/Silverio-9-150x150.jpeg\"><\/a><\/div><\/div><\/div><\/figure><figure class=\"wpmf-gallery-item\" data-index=\"3\"><div class=\"wpmf-gallery-icon\"><div class=\"square_thumbnail\"><div class=\"img_centered\"><a class=\" not_video noLightbox\" data-lightbox=\"1\" data-href=\"https:\/\/www.carmelitaniscalzi.com\/wp-content\/uploads\/2018\/04\/Silverio-8.jpeg\" title=\"Silverio 8\" target=\"_self\" data-index=\"3\"><img decoding=\"async\" class=\"wpmf_img\" alt=\"Silverio 8\" src=\"https:\/\/www.carmelitaniscalzi.com\/wp-content\/uploads\/2018\/04\/Silverio-8-150x150.jpeg\" data-type=\"wpmfgalleryimg\" data-lazy-src=\"https:\/\/www.carmelitaniscalzi.com\/wp-content\/uploads\/2018\/04\/Silverio-8-150x150.jpeg\"><\/a><\/div><\/div><\/div><\/figure><figure class=\"wpmf-gallery-item\" data-index=\"4\"><div class=\"wpmf-gallery-icon\"><div class=\"square_thumbnail\"><div class=\"img_centered\"><a class=\" not_video noLightbox\" data-lightbox=\"1\" data-href=\"https:\/\/www.carmelitaniscalzi.com\/wp-content\/uploads\/2018\/04\/Silverio-7-1024x750.jpeg\" title=\"Silverio 7\" target=\"_self\" data-index=\"4\"><img decoding=\"async\" class=\"wpmf_img\" alt=\"Silverio 7\" src=\"https:\/\/www.carmelitaniscalzi.com\/wp-content\/uploads\/2018\/04\/Silverio-7-150x150.jpeg\" data-type=\"wpmfgalleryimg\" data-lazy-src=\"https:\/\/www.carmelitaniscalzi.com\/wp-content\/uploads\/2018\/04\/Silverio-7-150x150.jpeg\"><\/a><\/div><\/div><\/div><\/figure><figure class=\"wpmf-gallery-item\" data-index=\"5\"><div class=\"wpmf-gallery-icon\"><div class=\"square_thumbnail\"><div class=\"img_centered\"><a class=\" not_video noLightbox\" data-lightbox=\"1\" data-href=\"https:\/\/www.carmelitaniscalzi.com\/wp-content\/uploads\/2018\/04\/Silverio-6.jpeg\" title=\"Silverio 6\" target=\"_self\" data-index=\"5\"><img decoding=\"async\" class=\"wpmf_img\" alt=\"Silverio 6\" src=\"https:\/\/www.carmelitaniscalzi.com\/wp-content\/uploads\/2018\/04\/Silverio-6-150x150.jpeg\" data-type=\"wpmfgalleryimg\" data-lazy-src=\"https:\/\/www.carmelitaniscalzi.com\/wp-content\/uploads\/2018\/04\/Silverio-6-150x150.jpeg\"><\/a><\/div><\/div><\/div><\/figure><figure class=\"wpmf-gallery-item\" data-index=\"6\"><div class=\"wpmf-gallery-icon\"><div class=\"square_thumbnail\"><div class=\"img_centered\"><a class=\" not_video noLightbox\" data-lightbox=\"1\" data-href=\"https:\/\/www.carmelitaniscalzi.com\/wp-content\/uploads\/2018\/04\/silverio-6.jpg\" title=\"silverio (6)\" target=\"_self\" data-index=\"6\"><img decoding=\"async\" class=\"wpmf_img\" alt=\"silverio (6)\" src=\"https:\/\/www.carmelitaniscalzi.com\/wp-content\/uploads\/2018\/04\/silverio-6-150x150.jpg\" data-type=\"wpmfgalleryimg\" data-lazy-src=\"https:\/\/www.carmelitaniscalzi.com\/wp-content\/uploads\/2018\/04\/silverio-6-150x150.jpg\"><\/a><\/div><\/div><\/div><\/figure><figure class=\"wpmf-gallery-item\" data-index=\"7\"><div class=\"wpmf-gallery-icon\"><div class=\"square_thumbnail\"><div class=\"img_centered\"><a class=\" not_video noLightbox\" data-lightbox=\"1\" data-href=\"https:\/\/www.carmelitaniscalzi.com\/wp-content\/uploads\/2018\/04\/silverio-5.jpg\" title=\"silverio (5)\" target=\"_self\" data-index=\"7\"><img decoding=\"async\" class=\"wpmf_img\" alt=\"silverio (5)\" src=\"https:\/\/www.carmelitaniscalzi.com\/wp-content\/uploads\/2018\/04\/silverio-5-150x150.jpg\" data-type=\"wpmfgalleryimg\" data-lazy-src=\"https:\/\/www.carmelitaniscalzi.com\/wp-content\/uploads\/2018\/04\/silverio-5-150x150.jpg\"><\/a><\/div><\/div><\/div><\/figure><figure class=\"wpmf-gallery-item\" data-index=\"8\"><div class=\"wpmf-gallery-icon\"><div class=\"square_thumbnail\"><div class=\"img_centered\"><a class=\" not_video noLightbox\" data-lightbox=\"1\" data-href=\"https:\/\/www.carmelitaniscalzi.com\/wp-content\/uploads\/2018\/04\/silverio-2.jpg\" title=\"silverio (2)\" target=\"_self\" data-index=\"8\"><img decoding=\"async\" class=\"wpmf_img\" alt=\"silverio (2)\" src=\"https:\/\/www.carmelitaniscalzi.com\/wp-content\/uploads\/2018\/04\/silverio-2-150x150.jpg\" data-type=\"wpmfgalleryimg\" data-lazy-src=\"https:\/\/www.carmelitaniscalzi.com\/wp-content\/uploads\/2018\/04\/silverio-2-150x150.jpg\"><\/a><\/div><\/div><\/div><\/figure><figure class=\"wpmf-gallery-item\" data-index=\"9\"><div class=\"wpmf-gallery-icon\"><div class=\"square_thumbnail\"><div class=\"img_centered\"><a class=\" not_video noLightbox\" data-lightbox=\"1\" data-href=\"https:\/\/www.carmelitaniscalzi.com\/wp-content\/uploads\/2018\/04\/Silverio-11-660x1024.jpeg\" title=\"Silverio 11\" target=\"_self\" data-index=\"9\"><img decoding=\"async\" class=\"wpmf_img\" alt=\"Silverio 11\" src=\"https:\/\/www.carmelitaniscalzi.com\/wp-content\/uploads\/2018\/04\/Silverio-11-150x150.jpeg\" data-type=\"wpmfgalleryimg\" data-lazy-src=\"https:\/\/www.carmelitaniscalzi.com\/wp-content\/uploads\/2018\/04\/Silverio-11-150x150.jpeg\"><\/a><\/div><\/div><\/div><\/figure><\/div><\/div>\n","protected":false},"excerpt":{"rendered":"<p>On 8th March, it was 140 years since the birth in Esc\u00f3bados de Arriba (Burgos, Spain) of Fr. Silverio of St. Teresa, known in the world as Juli\u00e1n G\u00f3mez Fern\u00e1ndez. Fr. Silverio of St. Teresa received the habit of Carmel in Larrea in 1895, after having studied philosophy in the Seminary of San Jer\u00f3nimo in [&hellip;]<\/p>\n","protected":false},"author":7,"featured_media":20283,"comment_status":"closed","ping_status":"closed","sticky":false,"template":"","format":"standard","meta":{"_acf_changed":false,"footnotes":""},"categories":[146,369],"tags":[],"class_list":["post-20295","post","type-post","status-publish","format-standard","has-post-thumbnail","hentry","category-news-friars","category-news"],"acf":[],"yoast_head":"<!-- This site is optimized with the Yoast SEO plugin v26.3 - https:\/\/yoast.com\/wordpress\/plugins\/seo\/ -->\n<title>Fr. Silverio of St. Teresa - DISCALCED CARMELITES<\/title>\n<meta name=\"robots\" content=\"index, follow, max-snippet:-1, max-image-preview:large, max-video-preview:-1\" \/>\n<link rel=\"canonical\" href=\"https:\/\/www.carmelitaniscalzi.com\/en\/2018\/04\/09\/fr-silverio-of-st-teresa\/\" \/>\n<meta property=\"og:locale\" content=\"en_US\" \/>\n<meta property=\"og:type\" content=\"article\" \/>\n<meta property=\"og:title\" content=\"Fr. Silverio of St. Teresa - DISCALCED CARMELITES\" \/>\n<meta property=\"og:description\" content=\"On 8th March, it was 140 years since the birth in Esc\u00f3bados de Arriba (Burgos, Spain) of Fr. Silverio of St. Teresa, known in the world as Juli\u00e1n G\u00f3mez Fern\u00e1ndez. Fr. Silverio of St. Teresa received the habit of Carmel in Larrea in 1895, after having studied philosophy in the Seminary of San Jer\u00f3nimo in [&hellip;]\" \/>\n<meta property=\"og:url\" content=\"https:\/\/www.carmelitaniscalzi.com\/en\/2018\/04\/09\/fr-silverio-of-st-teresa\/\" \/>\n<meta property=\"og:site_name\" content=\"DISCALCED CARMELITES\" \/>\n<meta property=\"article:publisher\" content=\"https:\/\/www.facebook.com\/Curia-Generalizia-Carmelitani-Scalzi-658766940887784\/\" \/>\n<meta property=\"article:published_time\" content=\"2018-04-09T09:13:23+00:00\" \/>\n<meta property=\"og:image\" content=\"https:\/\/www.carmelitaniscalzi.com\/wp-content\/uploads\/2018\/04\/01_silverio.jpg\" \/>\n\t<meta property=\"og:image:width\" content=\"581\" \/>\n\t<meta property=\"og:image:height\" content=\"612\" \/>\n\t<meta property=\"og:image:type\" content=\"image\/jpeg\" \/>\n<meta name=\"author\" content=\"ocd web master\" \/>\n<meta name=\"twitter:card\" content=\"summary_large_image\" \/>\n<meta name=\"twitter:creator\" content=\"@ocdcuria\" \/>\n<meta name=\"twitter:site\" content=\"@ocdcuria\" \/>\n<meta name=\"twitter:label1\" content=\"Written by\" \/>\n\t<meta name=\"twitter:data1\" content=\"ocd web master\" \/>\n\t<meta name=\"twitter:label2\" content=\"Est. reading time\" \/>\n\t<meta name=\"twitter:data2\" content=\"2 minutes\" \/>\n<script type=\"application\/ld+json\" class=\"yoast-schema-graph\">{\"@context\":\"https:\/\/schema.org\",\"@graph\":[{\"@type\":\"Article\",\"@id\":\"https:\/\/www.carmelitaniscalzi.com\/en\/2018\/04\/09\/fr-silverio-of-st-teresa\/#article\",\"isPartOf\":{\"@id\":\"https:\/\/www.carmelitaniscalzi.com\/en\/2018\/04\/09\/fr-silverio-of-st-teresa\/\"},\"author\":{\"name\":\"ocd web master\",\"@id\":\"https:\/\/www.carmelitaniscalzi.com\/#\/schema\/person\/6d1c0d9bea7b6625c437246a5d6da409\"},\"headline\":\"Fr. Silverio of St. Teresa\",\"datePublished\":\"2018-04-09T09:13:23+00:00\",\"mainEntityOfPage\":{\"@id\":\"https:\/\/www.carmelitaniscalzi.com\/en\/2018\/04\/09\/fr-silverio-of-st-teresa\/\"},\"wordCount\":357,\"publisher\":{\"@id\":\"https:\/\/www.carmelitaniscalzi.com\/#organization\"},\"image\":{\"@id\":\"https:\/\/www.carmelitaniscalzi.com\/en\/2018\/04\/09\/fr-silverio-of-st-teresa\/#primaryimage\"},\"thumbnailUrl\":\"https:\/\/www.carmelitaniscalzi.com\/wp-content\/uploads\/2018\/04\/01_silverio.jpg\",\"articleSection\":[\"News Friars\",\"News\"],\"inLanguage\":\"en-US\"},{\"@type\":\"WebPage\",\"@id\":\"https:\/\/www.carmelitaniscalzi.com\/en\/2018\/04\/09\/fr-silverio-of-st-teresa\/\",\"url\":\"https:\/\/www.carmelitaniscalzi.com\/en\/2018\/04\/09\/fr-silverio-of-st-teresa\/\",\"name\":\"Fr. Silverio of St. Teresa - DISCALCED CARMELITES\",\"isPartOf\":{\"@id\":\"https:\/\/www.carmelitaniscalzi.com\/#website\"},\"primaryImageOfPage\":{\"@id\":\"https:\/\/www.carmelitaniscalzi.com\/en\/2018\/04\/09\/fr-silverio-of-st-teresa\/#primaryimage\"},\"image\":{\"@id\":\"https:\/\/www.carmelitaniscalzi.com\/en\/2018\/04\/09\/fr-silverio-of-st-teresa\/#primaryimage\"},\"thumbnailUrl\":\"https:\/\/www.carmelitaniscalzi.com\/wp-content\/uploads\/2018\/04\/01_silverio.jpg\",\"datePublished\":\"2018-04-09T09:13:23+00:00\",\"breadcrumb\":{\"@id\":\"https:\/\/www.carmelitaniscalzi.com\/en\/2018\/04\/09\/fr-silverio-of-st-teresa\/#breadcrumb\"},\"inLanguage\":\"en-US\",\"potentialAction\":[{\"@type\":\"ReadAction\",\"target\":[\"https:\/\/www.carmelitaniscalzi.com\/en\/2018\/04\/09\/fr-silverio-of-st-teresa\/\"]}]},{\"@type\":\"ImageObject\",\"inLanguage\":\"en-US\",\"@id\":\"https:\/\/www.carmelitaniscalzi.com\/en\/2018\/04\/09\/fr-silverio-of-st-teresa\/#primaryimage\",\"url\":\"https:\/\/www.carmelitaniscalzi.com\/wp-content\/uploads\/2018\/04\/01_silverio.jpg\",\"contentUrl\":\"https:\/\/www.carmelitaniscalzi.com\/wp-content\/uploads\/2018\/04\/01_silverio.jpg\",\"width\":581,\"height\":612},{\"@type\":\"BreadcrumbList\",\"@id\":\"https:\/\/www.carmelitaniscalzi.com\/en\/2018\/04\/09\/fr-silverio-of-st-teresa\/#breadcrumb\",\"itemListElement\":[{\"@type\":\"ListItem\",\"position\":1,\"name\":\"Home\",\"item\":\"https:\/\/www.carmelitaniscalzi.com\/en\/\"},{\"@type\":\"ListItem\",\"position\":2,\"name\":\"Fr. Silverio of St. Teresa\"}]},{\"@type\":\"WebSite\",\"@id\":\"https:\/\/www.carmelitaniscalzi.com\/#website\",\"url\":\"https:\/\/www.carmelitaniscalzi.com\/\",\"name\":\"CARMELITANI SCALZI - Curia Generale del Carmelo Teresiano\",\"description\":\"General Curia of the Teresian Carmel\",\"publisher\":{\"@id\":\"https:\/\/www.carmelitaniscalzi.com\/#organization\"},\"alternateName\":\"CARMELITANI SCALZI\",\"potentialAction\":[{\"@type\":\"SearchAction\",\"target\":{\"@type\":\"EntryPoint\",\"urlTemplate\":\"https:\/\/www.carmelitaniscalzi.com\/?s={search_term_string}\"},\"query-input\":{\"@type\":\"PropertyValueSpecification\",\"valueRequired\":true,\"valueName\":\"search_term_string\"}}],\"inLanguage\":\"en-US\"},{\"@type\":\"Organization\",\"@id\":\"https:\/\/www.carmelitaniscalzi.com\/#organization\",\"name\":\"CARMELITANI SCALZI - Curia Generale del Carmelo Teresiano\",\"url\":\"https:\/\/www.carmelitaniscalzi.com\/\",\"logo\":{\"@type\":\"ImageObject\",\"inLanguage\":\"en-US\",\"@id\":\"https:\/\/www.carmelitaniscalzi.com\/#\/schema\/logo\/image\/\",\"url\":\"https:\/\/www.carmelitaniscalzi.com\/wp-content\/uploads\/2025\/11\/login-logo.png\",\"contentUrl\":\"https:\/\/www.carmelitaniscalzi.com\/wp-content\/uploads\/2025\/11\/login-logo.png\",\"width\":256,\"height\":256,\"caption\":\"CARMELITANI SCALZI - Curia Generale del Carmelo Teresiano\"},\"image\":{\"@id\":\"https:\/\/www.carmelitaniscalzi.com\/#\/schema\/logo\/image\/\"},\"sameAs\":[\"https:\/\/www.facebook.com\/Curia-Generalizia-Carmelitani-Scalzi-658766940887784\/\",\"https:\/\/x.com\/ocdcuria\",\"https:\/\/www.youtube.com\/channel\/UC2J5ZL0ycOY0qBSTCLX_NGQ\/videos\",\"https:\/\/www.instagram.com\/ocdinform\/\"]},{\"@type\":\"Person\",\"@id\":\"https:\/\/www.carmelitaniscalzi.com\/#\/schema\/person\/6d1c0d9bea7b6625c437246a5d6da409\",\"name\":\"ocd web master\",\"image\":{\"@type\":\"ImageObject\",\"inLanguage\":\"en-US\",\"@id\":\"https:\/\/www.carmelitaniscalzi.com\/#\/schema\/person\/image\/\",\"url\":\"https:\/\/secure.gravatar.com\/avatar\/41fbc5f82bad909fbaf2984c43fa50d8519ac5853e25b454d022b6868f80d0e7?s=96&d=mm&r=g\",\"contentUrl\":\"https:\/\/secure.gravatar.com\/avatar\/41fbc5f82bad909fbaf2984c43fa50d8519ac5853e25b454d022b6868f80d0e7?s=96&d=mm&r=g\",\"caption\":\"ocd web master\"},\"url\":\"https:\/\/www.carmelitaniscalzi.com\/en\/author\/ocdwebmaster\/\"}]}<\/script>\n<!-- \/ Yoast SEO plugin. -->","yoast_head_json":{"title":"Fr. Silverio of St. Teresa - DISCALCED CARMELITES","robots":{"index":"index","follow":"follow","max-snippet":"max-snippet:-1","max-image-preview":"max-image-preview:large","max-video-preview":"max-video-preview:-1"},"canonical":"https:\/\/www.carmelitaniscalzi.com\/en\/2018\/04\/09\/fr-silverio-of-st-teresa\/","og_locale":"en_US","og_type":"article","og_title":"Fr. Silverio of St. Teresa - DISCALCED CARMELITES","og_description":"On 8th March, it was 140 years since the birth in Esc\u00f3bados de Arriba (Burgos, Spain) of Fr. Silverio of St. Teresa, known in the world as Juli\u00e1n G\u00f3mez Fern\u00e1ndez. Fr. Silverio of St. Teresa received the habit of Carmel in Larrea in 1895, after having studied philosophy in the Seminary of San Jer\u00f3nimo in [&hellip;]","og_url":"https:\/\/www.carmelitaniscalzi.com\/en\/2018\/04\/09\/fr-silverio-of-st-teresa\/","og_site_name":"DISCALCED CARMELITES","article_publisher":"https:\/\/www.facebook.com\/Curia-Generalizia-Carmelitani-Scalzi-658766940887784\/","article_published_time":"2018-04-09T09:13:23+00:00","og_image":[{"width":581,"height":612,"url":"https:\/\/www.carmelitaniscalzi.com\/wp-content\/uploads\/2018\/04\/01_silverio.jpg","type":"image\/jpeg"}],"author":"ocd web master","twitter_card":"summary_large_image","twitter_creator":"@ocdcuria","twitter_site":"@ocdcuria","twitter_misc":{"Written by":"ocd web master","Est. reading time":"2 minutes"},"schema":{"@context":"https:\/\/schema.org","@graph":[{"@type":"Article","@id":"https:\/\/www.carmelitaniscalzi.com\/en\/2018\/04\/09\/fr-silverio-of-st-teresa\/#article","isPartOf":{"@id":"https:\/\/www.carmelitaniscalzi.com\/en\/2018\/04\/09\/fr-silverio-of-st-teresa\/"},"author":{"name":"ocd web master","@id":"https:\/\/www.carmelitaniscalzi.com\/#\/schema\/person\/6d1c0d9bea7b6625c437246a5d6da409"},"headline":"Fr. Silverio of St. Teresa","datePublished":"2018-04-09T09:13:23+00:00","mainEntityOfPage":{"@id":"https:\/\/www.carmelitaniscalzi.com\/en\/2018\/04\/09\/fr-silverio-of-st-teresa\/"},"wordCount":357,"publisher":{"@id":"https:\/\/www.carmelitaniscalzi.com\/#organization"},"image":{"@id":"https:\/\/www.carmelitaniscalzi.com\/en\/2018\/04\/09\/fr-silverio-of-st-teresa\/#primaryimage"},"thumbnailUrl":"https:\/\/www.carmelitaniscalzi.com\/wp-content\/uploads\/2018\/04\/01_silverio.jpg","articleSection":["News Friars","News"],"inLanguage":"en-US"},{"@type":"WebPage","@id":"https:\/\/www.carmelitaniscalzi.com\/en\/2018\/04\/09\/fr-silverio-of-st-teresa\/","url":"https:\/\/www.carmelitaniscalzi.com\/en\/2018\/04\/09\/fr-silverio-of-st-teresa\/","name":"Fr. Silverio of St. Teresa - DISCALCED CARMELITES","isPartOf":{"@id":"https:\/\/www.carmelitaniscalzi.com\/#website"},"primaryImageOfPage":{"@id":"https:\/\/www.carmelitaniscalzi.com\/en\/2018\/04\/09\/fr-silverio-of-st-teresa\/#primaryimage"},"image":{"@id":"https:\/\/www.carmelitaniscalzi.com\/en\/2018\/04\/09\/fr-silverio-of-st-teresa\/#primaryimage"},"thumbnailUrl":"https:\/\/www.carmelitaniscalzi.com\/wp-content\/uploads\/2018\/04\/01_silverio.jpg","datePublished":"2018-04-09T09:13:23+00:00","breadcrumb":{"@id":"https:\/\/www.carmelitaniscalzi.com\/en\/2018\/04\/09\/fr-silverio-of-st-teresa\/#breadcrumb"},"inLanguage":"en-US","potentialAction":[{"@type":"ReadAction","target":["https:\/\/www.carmelitaniscalzi.com\/en\/2018\/04\/09\/fr-silverio-of-st-teresa\/"]}]},{"@type":"ImageObject","inLanguage":"en-US","@id":"https:\/\/www.carmelitaniscalzi.com\/en\/2018\/04\/09\/fr-silverio-of-st-teresa\/#primaryimage","url":"https:\/\/www.carmelitaniscalzi.com\/wp-content\/uploads\/2018\/04\/01_silverio.jpg","contentUrl":"https:\/\/www.carmelitaniscalzi.com\/wp-content\/uploads\/2018\/04\/01_silverio.jpg","width":581,"height":612},{"@type":"BreadcrumbList","@id":"https:\/\/www.carmelitaniscalzi.com\/en\/2018\/04\/09\/fr-silverio-of-st-teresa\/#breadcrumb","itemListElement":[{"@type":"ListItem","position":1,"name":"Home","item":"https:\/\/www.carmelitaniscalzi.com\/en\/"},{"@type":"ListItem","position":2,"name":"Fr. Silverio of St. Teresa"}]},{"@type":"WebSite","@id":"https:\/\/www.carmelitaniscalzi.com\/#website","url":"https:\/\/www.carmelitaniscalzi.com\/","name":"CARMELITANI SCALZI - Curia Generale del Carmelo Teresiano","description":"General Curia of the Teresian Carmel","publisher":{"@id":"https:\/\/www.carmelitaniscalzi.com\/#organization"},"alternateName":"CARMELITANI SCALZI","potentialAction":[{"@type":"SearchAction","target":{"@type":"EntryPoint","urlTemplate":"https:\/\/www.carmelitaniscalzi.com\/?s={search_term_string}"},"query-input":{"@type":"PropertyValueSpecification","valueRequired":true,"valueName":"search_term_string"}}],"inLanguage":"en-US"},{"@type":"Organization","@id":"https:\/\/www.carmelitaniscalzi.com\/#organization","name":"CARMELITANI SCALZI - Curia Generale del Carmelo Teresiano","url":"https:\/\/www.carmelitaniscalzi.com\/","logo":{"@type":"ImageObject","inLanguage":"en-US","@id":"https:\/\/www.carmelitaniscalzi.com\/#\/schema\/logo\/image\/","url":"https:\/\/www.carmelitaniscalzi.com\/wp-content\/uploads\/2025\/11\/login-logo.png","contentUrl":"https:\/\/www.carmelitaniscalzi.com\/wp-content\/uploads\/2025\/11\/login-logo.png","width":256,"height":256,"caption":"CARMELITANI SCALZI - Curia Generale del Carmelo Teresiano"},"image":{"@id":"https:\/\/www.carmelitaniscalzi.com\/#\/schema\/logo\/image\/"},"sameAs":["https:\/\/www.facebook.com\/Curia-Generalizia-Carmelitani-Scalzi-658766940887784\/","https:\/\/x.com\/ocdcuria","https:\/\/www.youtube.com\/channel\/UC2J5ZL0ycOY0qBSTCLX_NGQ\/videos","https:\/\/www.instagram.com\/ocdinform\/"]},{"@type":"Person","@id":"https:\/\/www.carmelitaniscalzi.com\/#\/schema\/person\/6d1c0d9bea7b6625c437246a5d6da409","name":"ocd web master","image":{"@type":"ImageObject","inLanguage":"en-US","@id":"https:\/\/www.carmelitaniscalzi.com\/#\/schema\/person\/image\/","url":"https:\/\/secure.gravatar.com\/avatar\/41fbc5f82bad909fbaf2984c43fa50d8519ac5853e25b454d022b6868f80d0e7?s=96&d=mm&r=g","contentUrl":"https:\/\/secure.gravatar.com\/avatar\/41fbc5f82bad909fbaf2984c43fa50d8519ac5853e25b454d022b6868f80d0e7?s=96&d=mm&r=g","caption":"ocd web master"},"url":"https:\/\/www.carmelitaniscalzi.com\/en\/author\/ocdwebmaster\/"}]}},"_links":{"self":[{"href":"https:\/\/www.carmelitaniscalzi.com\/en\/wp-json\/wp\/v2\/posts\/20295","targetHints":{"allow":["GET"]}}],"collection":[{"href":"https:\/\/www.carmelitaniscalzi.com\/en\/wp-json\/wp\/v2\/posts"}],"about":[{"href":"https:\/\/www.carmelitaniscalzi.com\/en\/wp-json\/wp\/v2\/types\/post"}],"author":[{"embeddable":true,"href":"https:\/\/www.carmelitaniscalzi.com\/en\/wp-json\/wp\/v2\/users\/7"}],"replies":[{"embeddable":true,"href":"https:\/\/www.carmelitaniscalzi.com\/en\/wp-json\/wp\/v2\/comments?post=20295"}],"version-history":[{"count":0,"href":"https:\/\/www.carmelitaniscalzi.com\/en\/wp-json\/wp\/v2\/posts\/20295\/revisions"}],"wp:featuredmedia":[{"embeddable":true,"href":"https:\/\/www.carmelitaniscalzi.com\/en\/wp-json\/wp\/v2\/media\/20283"}],"wp:attachment":[{"href":"https:\/\/www.carmelitaniscalzi.com\/en\/wp-json\/wp\/v2\/media?parent=20295"}],"wp:term":[{"taxonomy":"category","embeddable":true,"href":"https:\/\/www.carmelitaniscalzi.com\/en\/wp-json\/wp\/v2\/categories?post=20295"},{"taxonomy":"post_tag","embeddable":true,"href":"https:\/\/www.carmelitaniscalzi.com\/en\/wp-json\/wp\/v2\/tags?post=20295"}],"curies":[{"name":"wp","href":"https:\/\/api.w.org\/{rel}","templated":true}]}}