{"id":69443,"date":"2021-05-31T00:34:16","date_gmt":"2021-05-30T22:34:16","guid":{"rendered":"https:\/\/carmelitaniscalzi.com\/?p=69443"},"modified":"2021-07-10T00:38:58","modified_gmt":"2021-07-09T22:38:58","slug":"therese-von-lisieux-bei-der-unesco","status":"publish","type":"post","link":"https:\/\/www.carmelitaniscalzi.com\/de\/2021\/05\/31\/therese-von-lisieux-bei-der-unesco\/","title":{"rendered":"Therese von Lisieux bei der UNESCO"},"content":{"rendered":"<p>Am 16. April hat der Exekutivrat der UNESCO anl\u00e4sslich des 150j\u00e4hrigen Geburtstags die Kandidatur Thereses von Lisieux f\u00fcr die Biennale 2022\/2023 approbiert, was mit der Hundertjahrfeier ihrer Seligsprechung (29.4.1923) zusammenf\u00e4llt. Pr\u00e4sentiert wurde diese Kandidatur vom franz\u00f6sischen Staat und der Basilika von Lisieux. Mit der Biennale m\u00f6chte die UNESCO \u201edas Andenken an Menschen ehren, die sich im Bereich des Friedens, der Erziehung, der Wissenschaft, der Gesellschaftswissenschaften und der Kommunikation engagiert haben.\u201c Therese befindet sich im Kreis von 60 Pers\u00f6nlichkeiten, die von 47 Staaten pr\u00e4sentiert wurden. Unter ihren Konkurrenten befinden sich drei weitere Katholiken: Nikolaus Kopernikus aus Polen, Nerses aus Armenien und Mendel aus der Tschechischen Republik.<\/p>\n<p>Mitte April hatte Therese schon die erste Etappe gewonnen! Sie ist die einzige Frau unter vier ausgew\u00e4hlten Pers\u00f6nlichkeiten, so dass sie Frankreich bei diesem Wettbewerb vertreten wird, bei dem auch Belgien und Italien Therese unterst\u00fctzen. Die UNESCO hat erkl\u00e4rt, dass \u201edie Feier dieses Jahresgedenkens dazu beitragen sollen, den Frauen, die durch ihren Einsatz die Werte des Friedens gef\u00f6rdert haben, mehr Wahrnehmung und Gerechtigkeit zukommen zu lassen,\u201c<\/p>\n<p>Da Therese in der katholischen Welt sehr bekannt ist (Lisieux ist der nach Lourdes besuchteste Wallfahrtsort in Frankreich), k\u00f6nnte diese Feier dazu beitragen, die Rolle der Frau in den Religionen bei ihrem Kampf gegen Armut und f\u00fcr die F\u00f6rderung der Inklusion hervorzuheben.<\/p>\n<p>Eine franz\u00f6sische Heilige mit weltweitem Einfluss und Kirchenlehrerin: Die UNESCO k\u00f6nnte die hl. Therese als Weltkulturerbe ehren, was eine \u00fcberraschende und au\u00dfergew\u00f6hnliche Botschaft des Himmels in diesen Zeiten der Pandemie sein k\u00f6nnte. Allerdings werden wir erst im November 2021 erfahren, ob Therese tats\u00e4chlich von der UNESCO geehrt werde wird.<\/p>\n<div class=\"wpmf-gallerys wpmf-gallerys-life \" ><div id=\"gallery-1\"\n data-gutter-width=\"5\"\n  data-wpmfcolumns=\"4\" class=\"wpmf-gallery gallery-link-file gallery_life gallery-masonry gallery-columns-4 gallery-size-thumbnail wpmf-gallery-bottomspace-default wpmf-gallery-clear wpmf-has-border-radius-0 wpmf-gutterwidth-5\"><div class=\"wpmf-gallery-item\n     wpmf-gallery-item-position-0 wpmf-gallery-item-attachment-69286\" data-index=\"0\"><div class=\"wpmf-gallery-icon\"><a class=\" not_video noLightbox\" data-lightbox=\"1\" data-href=\"https:\/\/www.carmelitaniscalzi.com\/wp-content\/uploads\/2021\/07\/ThL-21.png\" title=\"ThL 21\" target=\"_self\" data-index=\"0\"><img decoding=\"async\" class=\"wpmf_img\" alt=\"ThL 21\" src=\"https:\/\/www.carmelitaniscalzi.com\/wp-content\/uploads\/2021\/07\/ThL-21-150x150.png\" data-type=\"wpmfgalleryimg\" data-lazy-src=\"https:\/\/www.carmelitaniscalzi.com\/wp-content\/uploads\/2021\/07\/ThL-21-150x150.png\"><\/a><\/div><\/div><div class=\"wpmf-gallery-item\n     wpmf-gallery-item-position-1 wpmf-gallery-item-attachment-69280\" data-index=\"1\"><div class=\"wpmf-gallery-icon\"><a class=\" not_video noLightbox\" data-lightbox=\"1\" data-href=\"https:\/\/www.carmelitaniscalzi.com\/wp-content\/uploads\/2021\/07\/ThL-6b-722x1024.jpg\" title=\"ThL 6b\" target=\"_self\" data-index=\"1\"><img decoding=\"async\" class=\"wpmf_img\" alt=\"ThL 6b\" src=\"https:\/\/www.carmelitaniscalzi.com\/wp-content\/uploads\/2021\/07\/ThL-6b-150x150.jpg\" data-type=\"wpmfgalleryimg\" data-lazy-src=\"https:\/\/www.carmelitaniscalzi.com\/wp-content\/uploads\/2021\/07\/ThL-6b-150x150.jpg\"><\/a><\/div><\/div><div class=\"wpmf-gallery-item\n     wpmf-gallery-item-position-2 wpmf-gallery-item-attachment-69274\" data-index=\"2\"><div class=\"wpmf-gallery-icon\"><a class=\" not_video noLightbox\" data-lightbox=\"1\" data-href=\"https:\/\/www.carmelitaniscalzi.com\/wp-content\/uploads\/2021\/07\/ThL-2.jpg\" title=\"ThL 2\" target=\"_self\" data-index=\"2\"><img decoding=\"async\" class=\"wpmf_img\" alt=\"ThL 2\" src=\"https:\/\/www.carmelitaniscalzi.com\/wp-content\/uploads\/2021\/07\/ThL-2-150x150.jpg\" data-type=\"wpmfgalleryimg\" data-lazy-src=\"https:\/\/www.carmelitaniscalzi.com\/wp-content\/uploads\/2021\/07\/ThL-2-150x150.jpg\"><\/a><\/div><\/div><div class=\"wpmf-gallery-item\n     wpmf-gallery-item-position-3 wpmf-gallery-item-attachment-69268\" data-index=\"3\"><div class=\"wpmf-gallery-icon\"><a class=\" not_video noLightbox\" data-lightbox=\"1\" data-href=\"https:\/\/www.carmelitaniscalzi.com\/wp-content\/uploads\/2021\/07\/ThL-1.jpg\" title=\"ThL 1\" target=\"_self\" data-index=\"3\"><img decoding=\"async\" class=\"wpmf_img\" alt=\"ThL 1\" src=\"https:\/\/www.carmelitaniscalzi.com\/wp-content\/uploads\/2021\/07\/ThL-1-150x150.jpg\" data-type=\"wpmfgalleryimg\" data-lazy-src=\"https:\/\/www.carmelitaniscalzi.com\/wp-content\/uploads\/2021\/07\/ThL-1-150x150.jpg\"><\/a><\/div><\/div><\/div><\/div>\n\n","protected":false},"excerpt":{"rendered":"<p>Am 16. April hat der Exekutivrat der UNESCO anl\u00e4sslich des 150j\u00e4hrigen Geburtstags die Kandidatur Thereses von Lisieux f\u00fcr die Biennale 2022\/2023 approbiert, was mit der Hundertjahrfeier ihrer Seligsprechung (29.4.1923) zusammenf\u00e4llt. Pr\u00e4sentiert wurde diese Kandidatur vom franz\u00f6sischen Staat und der Basilika von Lisieux. Mit der Biennale m\u00f6chte die UNESCO \u201edas Andenken an Menschen ehren, die sich [&hellip;]<\/p>\n","protected":false},"author":7,"featured_media":69262,"comment_status":"closed","ping_status":"open","sticky":false,"template":"","format":"standard","meta":{"_acf_changed":false,"footnotes":""},"categories":[214,218,371],"tags":[],"class_list":["post-69443","post","type-post","status-publish","format-standard","has-post-thumbnail","hentry","category-nachrichten-ueber-schwestern","category-nachrichten-ueber-brueder","category-nachrichten"],"acf":[],"yoast_head":"<!-- This site is optimized with the Yoast SEO plugin v26.3 - https:\/\/yoast.com\/wordpress\/plugins\/seo\/ -->\n<title>Therese von Lisieux bei der UNESCO - UNBESCHUHTE KARMELITEN<\/title>\n<meta name=\"robots\" content=\"index, follow, max-snippet:-1, max-image-preview:large, max-video-preview:-1\" \/>\n<link rel=\"canonical\" href=\"https:\/\/www.carmelitaniscalzi.com\/de\/2021\/05\/31\/therese-von-lisieux-bei-der-unesco\/\" \/>\n<meta property=\"og:locale\" content=\"de_DE\" \/>\n<meta property=\"og:type\" content=\"article\" \/>\n<meta property=\"og:title\" content=\"Therese von Lisieux bei der UNESCO - UNBESCHUHTE KARMELITEN\" \/>\n<meta property=\"og:description\" content=\"Am 16. April hat der Exekutivrat der UNESCO anl\u00e4sslich des 150j\u00e4hrigen Geburtstags die Kandidatur Thereses von Lisieux f\u00fcr die Biennale 2022\/2023 approbiert, was mit der Hundertjahrfeier ihrer Seligsprechung (29.4.1923) zusammenf\u00e4llt. Pr\u00e4sentiert wurde diese Kandidatur vom franz\u00f6sischen Staat und der Basilika von Lisieux. Mit der Biennale m\u00f6chte die UNESCO \u201edas Andenken an Menschen ehren, die sich [&hellip;]\" \/>\n<meta property=\"og:url\" content=\"https:\/\/www.carmelitaniscalzi.com\/de\/2021\/05\/31\/therese-von-lisieux-bei-der-unesco\/\" \/>\n<meta property=\"og:site_name\" content=\"UNBESCHUHTE KARMELITEN\" \/>\n<meta property=\"article:publisher\" content=\"https:\/\/www.facebook.com\/Curia-Generalizia-Carmelitani-Scalzi-658766940887784\/\" \/>\n<meta property=\"article:published_time\" content=\"2021-05-30T22:34:16+00:00\" \/>\n<meta property=\"article:modified_time\" content=\"2021-07-09T22:38:58+00:00\" \/>\n<meta property=\"og:image\" content=\"https:\/\/www.carmelitaniscalzi.com\/wp-content\/uploads\/2021\/07\/copert_thl.jpg\" \/>\n\t<meta property=\"og:image:width\" content=\"848\" \/>\n\t<meta property=\"og:image:height\" content=\"600\" \/>\n\t<meta property=\"og:image:type\" content=\"image\/jpeg\" \/>\n<meta name=\"author\" content=\"ocd web master\" \/>\n<meta name=\"twitter:card\" content=\"summary_large_image\" \/>\n<meta name=\"twitter:creator\" content=\"@ocdcuria\" \/>\n<meta name=\"twitter:site\" content=\"@ocdcuria\" \/>\n<meta name=\"twitter:label1\" content=\"Verfasst von\" \/>\n\t<meta name=\"twitter:data1\" content=\"ocd web master\" \/>\n\t<meta name=\"twitter:label2\" content=\"Gesch\u00e4tzte Lesezeit\" \/>\n\t<meta name=\"twitter:data2\" content=\"1\u00a0Minute\" \/>\n<script type=\"application\/ld+json\" class=\"yoast-schema-graph\">{\"@context\":\"https:\/\/schema.org\",\"@graph\":[{\"@type\":\"Article\",\"@id\":\"https:\/\/www.carmelitaniscalzi.com\/de\/2021\/05\/31\/therese-von-lisieux-bei-der-unesco\/#article\",\"isPartOf\":{\"@id\":\"https:\/\/www.carmelitaniscalzi.com\/de\/2021\/05\/31\/therese-von-lisieux-bei-der-unesco\/\"},\"author\":{\"name\":\"ocd web master\",\"@id\":\"https:\/\/www.carmelitaniscalzi.com\/#\/schema\/person\/6d1c0d9bea7b6625c437246a5d6da409\"},\"headline\":\"Therese von Lisieux bei der UNESCO\",\"datePublished\":\"2021-05-30T22:34:16+00:00\",\"dateModified\":\"2021-07-09T22:38:58+00:00\",\"mainEntityOfPage\":{\"@id\":\"https:\/\/www.carmelitaniscalzi.com\/de\/2021\/05\/31\/therese-von-lisieux-bei-der-unesco\/\"},\"wordCount\":295,\"publisher\":{\"@id\":\"https:\/\/www.carmelitaniscalzi.com\/#organization\"},\"image\":{\"@id\":\"https:\/\/www.carmelitaniscalzi.com\/de\/2021\/05\/31\/therese-von-lisieux-bei-der-unesco\/#primaryimage\"},\"thumbnailUrl\":\"https:\/\/www.carmelitaniscalzi.com\/wp-content\/uploads\/2021\/07\/copert_thl.jpg\",\"articleSection\":[\"Nachrichten \u00fcber Schwestern\",\"Nachrichten \u00fcber Br\u00fcder\",\"Nachrichten\"],\"inLanguage\":\"de\"},{\"@type\":\"WebPage\",\"@id\":\"https:\/\/www.carmelitaniscalzi.com\/de\/2021\/05\/31\/therese-von-lisieux-bei-der-unesco\/\",\"url\":\"https:\/\/www.carmelitaniscalzi.com\/de\/2021\/05\/31\/therese-von-lisieux-bei-der-unesco\/\",\"name\":\"Therese von Lisieux bei der UNESCO - UNBESCHUHTE KARMELITEN\",\"isPartOf\":{\"@id\":\"https:\/\/www.carmelitaniscalzi.com\/#website\"},\"primaryImageOfPage\":{\"@id\":\"https:\/\/www.carmelitaniscalzi.com\/de\/2021\/05\/31\/therese-von-lisieux-bei-der-unesco\/#primaryimage\"},\"image\":{\"@id\":\"https:\/\/www.carmelitaniscalzi.com\/de\/2021\/05\/31\/therese-von-lisieux-bei-der-unesco\/#primaryimage\"},\"thumbnailUrl\":\"https:\/\/www.carmelitaniscalzi.com\/wp-content\/uploads\/2021\/07\/copert_thl.jpg\",\"datePublished\":\"2021-05-30T22:34:16+00:00\",\"dateModified\":\"2021-07-09T22:38:58+00:00\",\"breadcrumb\":{\"@id\":\"https:\/\/www.carmelitaniscalzi.com\/de\/2021\/05\/31\/therese-von-lisieux-bei-der-unesco\/#breadcrumb\"},\"inLanguage\":\"de\",\"potentialAction\":[{\"@type\":\"ReadAction\",\"target\":[\"https:\/\/www.carmelitaniscalzi.com\/de\/2021\/05\/31\/therese-von-lisieux-bei-der-unesco\/\"]}]},{\"@type\":\"ImageObject\",\"inLanguage\":\"de\",\"@id\":\"https:\/\/www.carmelitaniscalzi.com\/de\/2021\/05\/31\/therese-von-lisieux-bei-der-unesco\/#primaryimage\",\"url\":\"https:\/\/www.carmelitaniscalzi.com\/wp-content\/uploads\/2021\/07\/copert_thl.jpg\",\"contentUrl\":\"https:\/\/www.carmelitaniscalzi.com\/wp-content\/uploads\/2021\/07\/copert_thl.jpg\",\"width\":848,\"height\":600},{\"@type\":\"BreadcrumbList\",\"@id\":\"https:\/\/www.carmelitaniscalzi.com\/de\/2021\/05\/31\/therese-von-lisieux-bei-der-unesco\/#breadcrumb\",\"itemListElement\":[{\"@type\":\"ListItem\",\"position\":1,\"name\":\"Home\",\"item\":\"https:\/\/www.carmelitaniscalzi.com\/de\/\"},{\"@type\":\"ListItem\",\"position\":2,\"name\":\"Therese von Lisieux bei der UNESCO\"}]},{\"@type\":\"WebSite\",\"@id\":\"https:\/\/www.carmelitaniscalzi.com\/#website\",\"url\":\"https:\/\/www.carmelitaniscalzi.com\/\",\"name\":\"CARMELITANI SCALZI - Curia Generale del Carmelo Teresiano\",\"description\":\"Generalkurie des Teresianischen Karmel\",\"publisher\":{\"@id\":\"https:\/\/www.carmelitaniscalzi.com\/#organization\"},\"alternateName\":\"CARMELITANI SCALZI\",\"potentialAction\":[{\"@type\":\"SearchAction\",\"target\":{\"@type\":\"EntryPoint\",\"urlTemplate\":\"https:\/\/www.carmelitaniscalzi.com\/?s={search_term_string}\"},\"query-input\":{\"@type\":\"PropertyValueSpecification\",\"valueRequired\":true,\"valueName\":\"search_term_string\"}}],\"inLanguage\":\"de\"},{\"@type\":\"Organization\",\"@id\":\"https:\/\/www.carmelitaniscalzi.com\/#organization\",\"name\":\"CARMELITANI SCALZI - Curia Generale del Carmelo Teresiano\",\"url\":\"https:\/\/www.carmelitaniscalzi.com\/\",\"logo\":{\"@type\":\"ImageObject\",\"inLanguage\":\"de\",\"@id\":\"https:\/\/www.carmelitaniscalzi.com\/#\/schema\/logo\/image\/\",\"url\":\"https:\/\/www.carmelitaniscalzi.com\/wp-content\/uploads\/2025\/11\/login-logo.png\",\"contentUrl\":\"https:\/\/www.carmelitaniscalzi.com\/wp-content\/uploads\/2025\/11\/login-logo.png\",\"width\":256,\"height\":256,\"caption\":\"CARMELITANI SCALZI - Curia Generale del Carmelo Teresiano\"},\"image\":{\"@id\":\"https:\/\/www.carmelitaniscalzi.com\/#\/schema\/logo\/image\/\"},\"sameAs\":[\"https:\/\/www.facebook.com\/Curia-Generalizia-Carmelitani-Scalzi-658766940887784\/\",\"https:\/\/x.com\/ocdcuria\",\"https:\/\/www.youtube.com\/channel\/UC2J5ZL0ycOY0qBSTCLX_NGQ\/videos\",\"https:\/\/www.instagram.com\/ocdinform\/\"]},{\"@type\":\"Person\",\"@id\":\"https:\/\/www.carmelitaniscalzi.com\/#\/schema\/person\/6d1c0d9bea7b6625c437246a5d6da409\",\"name\":\"ocd web master\",\"image\":{\"@type\":\"ImageObject\",\"inLanguage\":\"de\",\"@id\":\"https:\/\/www.carmelitaniscalzi.com\/#\/schema\/person\/image\/\",\"url\":\"https:\/\/secure.gravatar.com\/avatar\/41fbc5f82bad909fbaf2984c43fa50d8519ac5853e25b454d022b6868f80d0e7?s=96&d=mm&r=g\",\"contentUrl\":\"https:\/\/secure.gravatar.com\/avatar\/41fbc5f82bad909fbaf2984c43fa50d8519ac5853e25b454d022b6868f80d0e7?s=96&d=mm&r=g\",\"caption\":\"ocd web master\"},\"url\":\"https:\/\/www.carmelitaniscalzi.com\/de\/author\/ocdwebmaster\/\"}]}<\/script>\n<!-- \/ Yoast SEO plugin. -->","yoast_head_json":{"title":"Therese von Lisieux bei der UNESCO - UNBESCHUHTE KARMELITEN","robots":{"index":"index","follow":"follow","max-snippet":"max-snippet:-1","max-image-preview":"max-image-preview:large","max-video-preview":"max-video-preview:-1"},"canonical":"https:\/\/www.carmelitaniscalzi.com\/de\/2021\/05\/31\/therese-von-lisieux-bei-der-unesco\/","og_locale":"de_DE","og_type":"article","og_title":"Therese von Lisieux bei der UNESCO - UNBESCHUHTE KARMELITEN","og_description":"Am 16. April hat der Exekutivrat der UNESCO anl\u00e4sslich des 150j\u00e4hrigen Geburtstags die Kandidatur Thereses von Lisieux f\u00fcr die Biennale 2022\/2023 approbiert, was mit der Hundertjahrfeier ihrer Seligsprechung (29.4.1923) zusammenf\u00e4llt. Pr\u00e4sentiert wurde diese Kandidatur vom franz\u00f6sischen Staat und der Basilika von Lisieux. Mit der Biennale m\u00f6chte die UNESCO \u201edas Andenken an Menschen ehren, die sich [&hellip;]","og_url":"https:\/\/www.carmelitaniscalzi.com\/de\/2021\/05\/31\/therese-von-lisieux-bei-der-unesco\/","og_site_name":"UNBESCHUHTE KARMELITEN","article_publisher":"https:\/\/www.facebook.com\/Curia-Generalizia-Carmelitani-Scalzi-658766940887784\/","article_published_time":"2021-05-30T22:34:16+00:00","article_modified_time":"2021-07-09T22:38:58+00:00","og_image":[{"width":848,"height":600,"url":"https:\/\/www.carmelitaniscalzi.com\/wp-content\/uploads\/2021\/07\/copert_thl.jpg","type":"image\/jpeg"}],"author":"ocd web master","twitter_card":"summary_large_image","twitter_creator":"@ocdcuria","twitter_site":"@ocdcuria","twitter_misc":{"Verfasst von":"ocd web master","Gesch\u00e4tzte Lesezeit":"1\u00a0Minute"},"schema":{"@context":"https:\/\/schema.org","@graph":[{"@type":"Article","@id":"https:\/\/www.carmelitaniscalzi.com\/de\/2021\/05\/31\/therese-von-lisieux-bei-der-unesco\/#article","isPartOf":{"@id":"https:\/\/www.carmelitaniscalzi.com\/de\/2021\/05\/31\/therese-von-lisieux-bei-der-unesco\/"},"author":{"name":"ocd web master","@id":"https:\/\/www.carmelitaniscalzi.com\/#\/schema\/person\/6d1c0d9bea7b6625c437246a5d6da409"},"headline":"Therese von Lisieux bei der UNESCO","datePublished":"2021-05-30T22:34:16+00:00","dateModified":"2021-07-09T22:38:58+00:00","mainEntityOfPage":{"@id":"https:\/\/www.carmelitaniscalzi.com\/de\/2021\/05\/31\/therese-von-lisieux-bei-der-unesco\/"},"wordCount":295,"publisher":{"@id":"https:\/\/www.carmelitaniscalzi.com\/#organization"},"image":{"@id":"https:\/\/www.carmelitaniscalzi.com\/de\/2021\/05\/31\/therese-von-lisieux-bei-der-unesco\/#primaryimage"},"thumbnailUrl":"https:\/\/www.carmelitaniscalzi.com\/wp-content\/uploads\/2021\/07\/copert_thl.jpg","articleSection":["Nachrichten \u00fcber Schwestern","Nachrichten \u00fcber Br\u00fcder","Nachrichten"],"inLanguage":"de"},{"@type":"WebPage","@id":"https:\/\/www.carmelitaniscalzi.com\/de\/2021\/05\/31\/therese-von-lisieux-bei-der-unesco\/","url":"https:\/\/www.carmelitaniscalzi.com\/de\/2021\/05\/31\/therese-von-lisieux-bei-der-unesco\/","name":"Therese von Lisieux bei der UNESCO - UNBESCHUHTE KARMELITEN","isPartOf":{"@id":"https:\/\/www.carmelitaniscalzi.com\/#website"},"primaryImageOfPage":{"@id":"https:\/\/www.carmelitaniscalzi.com\/de\/2021\/05\/31\/therese-von-lisieux-bei-der-unesco\/#primaryimage"},"image":{"@id":"https:\/\/www.carmelitaniscalzi.com\/de\/2021\/05\/31\/therese-von-lisieux-bei-der-unesco\/#primaryimage"},"thumbnailUrl":"https:\/\/www.carmelitaniscalzi.com\/wp-content\/uploads\/2021\/07\/copert_thl.jpg","datePublished":"2021-05-30T22:34:16+00:00","dateModified":"2021-07-09T22:38:58+00:00","breadcrumb":{"@id":"https:\/\/www.carmelitaniscalzi.com\/de\/2021\/05\/31\/therese-von-lisieux-bei-der-unesco\/#breadcrumb"},"inLanguage":"de","potentialAction":[{"@type":"ReadAction","target":["https:\/\/www.carmelitaniscalzi.com\/de\/2021\/05\/31\/therese-von-lisieux-bei-der-unesco\/"]}]},{"@type":"ImageObject","inLanguage":"de","@id":"https:\/\/www.carmelitaniscalzi.com\/de\/2021\/05\/31\/therese-von-lisieux-bei-der-unesco\/#primaryimage","url":"https:\/\/www.carmelitaniscalzi.com\/wp-content\/uploads\/2021\/07\/copert_thl.jpg","contentUrl":"https:\/\/www.carmelitaniscalzi.com\/wp-content\/uploads\/2021\/07\/copert_thl.jpg","width":848,"height":600},{"@type":"BreadcrumbList","@id":"https:\/\/www.carmelitaniscalzi.com\/de\/2021\/05\/31\/therese-von-lisieux-bei-der-unesco\/#breadcrumb","itemListElement":[{"@type":"ListItem","position":1,"name":"Home","item":"https:\/\/www.carmelitaniscalzi.com\/de\/"},{"@type":"ListItem","position":2,"name":"Therese von Lisieux bei der UNESCO"}]},{"@type":"WebSite","@id":"https:\/\/www.carmelitaniscalzi.com\/#website","url":"https:\/\/www.carmelitaniscalzi.com\/","name":"CARMELITANI SCALZI - Curia Generale del Carmelo Teresiano","description":"Generalkurie des Teresianischen Karmel","publisher":{"@id":"https:\/\/www.carmelitaniscalzi.com\/#organization"},"alternateName":"CARMELITANI SCALZI","potentialAction":[{"@type":"SearchAction","target":{"@type":"EntryPoint","urlTemplate":"https:\/\/www.carmelitaniscalzi.com\/?s={search_term_string}"},"query-input":{"@type":"PropertyValueSpecification","valueRequired":true,"valueName":"search_term_string"}}],"inLanguage":"de"},{"@type":"Organization","@id":"https:\/\/www.carmelitaniscalzi.com\/#organization","name":"CARMELITANI SCALZI - Curia Generale del Carmelo Teresiano","url":"https:\/\/www.carmelitaniscalzi.com\/","logo":{"@type":"ImageObject","inLanguage":"de","@id":"https:\/\/www.carmelitaniscalzi.com\/#\/schema\/logo\/image\/","url":"https:\/\/www.carmelitaniscalzi.com\/wp-content\/uploads\/2025\/11\/login-logo.png","contentUrl":"https:\/\/www.carmelitaniscalzi.com\/wp-content\/uploads\/2025\/11\/login-logo.png","width":256,"height":256,"caption":"CARMELITANI SCALZI - Curia Generale del Carmelo Teresiano"},"image":{"@id":"https:\/\/www.carmelitaniscalzi.com\/#\/schema\/logo\/image\/"},"sameAs":["https:\/\/www.facebook.com\/Curia-Generalizia-Carmelitani-Scalzi-658766940887784\/","https:\/\/x.com\/ocdcuria","https:\/\/www.youtube.com\/channel\/UC2J5ZL0ycOY0qBSTCLX_NGQ\/videos","https:\/\/www.instagram.com\/ocdinform\/"]},{"@type":"Person","@id":"https:\/\/www.carmelitaniscalzi.com\/#\/schema\/person\/6d1c0d9bea7b6625c437246a5d6da409","name":"ocd web master","image":{"@type":"ImageObject","inLanguage":"de","@id":"https:\/\/www.carmelitaniscalzi.com\/#\/schema\/person\/image\/","url":"https:\/\/secure.gravatar.com\/avatar\/41fbc5f82bad909fbaf2984c43fa50d8519ac5853e25b454d022b6868f80d0e7?s=96&d=mm&r=g","contentUrl":"https:\/\/secure.gravatar.com\/avatar\/41fbc5f82bad909fbaf2984c43fa50d8519ac5853e25b454d022b6868f80d0e7?s=96&d=mm&r=g","caption":"ocd web master"},"url":"https:\/\/www.carmelitaniscalzi.com\/de\/author\/ocdwebmaster\/"}]}},"_links":{"self":[{"href":"https:\/\/www.carmelitaniscalzi.com\/de\/wp-json\/wp\/v2\/posts\/69443","targetHints":{"allow":["GET"]}}],"collection":[{"href":"https:\/\/www.carmelitaniscalzi.com\/de\/wp-json\/wp\/v2\/posts"}],"about":[{"href":"https:\/\/www.carmelitaniscalzi.com\/de\/wp-json\/wp\/v2\/types\/post"}],"author":[{"embeddable":true,"href":"https:\/\/www.carmelitaniscalzi.com\/de\/wp-json\/wp\/v2\/users\/7"}],"replies":[{"embeddable":true,"href":"https:\/\/www.carmelitaniscalzi.com\/de\/wp-json\/wp\/v2\/comments?post=69443"}],"version-history":[{"count":1,"href":"https:\/\/www.carmelitaniscalzi.com\/de\/wp-json\/wp\/v2\/posts\/69443\/revisions"}],"predecessor-version":[{"id":69444,"href":"https:\/\/www.carmelitaniscalzi.com\/de\/wp-json\/wp\/v2\/posts\/69443\/revisions\/69444"}],"wp:featuredmedia":[{"embeddable":true,"href":"https:\/\/www.carmelitaniscalzi.com\/de\/wp-json\/wp\/v2\/media\/69262"}],"wp:attachment":[{"href":"https:\/\/www.carmelitaniscalzi.com\/de\/wp-json\/wp\/v2\/media?parent=69443"}],"wp:term":[{"taxonomy":"category","embeddable":true,"href":"https:\/\/www.carmelitaniscalzi.com\/de\/wp-json\/wp\/v2\/categories?post=69443"},{"taxonomy":"post_tag","embeddable":true,"href":"https:\/\/www.carmelitaniscalzi.com\/de\/wp-json\/wp\/v2\/tags?post=69443"}],"curies":[{"name":"wp","href":"https:\/\/api.w.org\/{rel}","templated":true}]}}