{"id":6017,"date":"2016-07-10T13:38:05","date_gmt":"2016-07-10T11:38:05","guid":{"rendered":"https:\/\/www.carmelitaniscalzi.com\/de\/?p=6017"},"modified":"2021-05-04T16:40:44","modified_gmt":"2021-05-04T14:40:44","slug":"vortrag-von-p-saverio-bei-der-usg","status":"publish","type":"post","link":"https:\/\/www.carmelitaniscalzi.com\/de\/2016\/07\/10\/vortrag-von-p-saverio-bei-der-usg\/","title":{"rendered":"Vortrag von P. Saverio bei der USG"},"content":{"rendered":"<p>Wie diejenigen schon wissen, die unsere sozialen Medien besuchen, hat unser P. General bei der 87. Semestralversammlung der USG im vergangenen Mai einen Vortrag gehalten mit dem Titel: <em>Von was sprechen wir, wenn wir von der Prophetie des Ordenslebens sprechen?<\/em> Bei diesem Vortrag lud P. General zu einer vertieften theologischen Reflexion \u00fcber unsere Identit\u00e4t als Ordensleute ein als dem einzigen Weg, um wirklich vorw\u00e4rtzukommen.<\/p>\n<p>\u201eVon allem ein bisschen\u201c ist weder prophetisch noch hilfreich, und sich in \u201eStrategien des Erhaltens\u201c zu ergehen, verl\u00e4ngert nur noch unhaltbare Situationen. Mehr als Begeisterung brauchen wir logische Konsequenz, indem wir eine Ausbildungsstrategie in Gang setzen, die es den Ordensleuten erlaubt, \u201enach dem Sinn ihrer Berufung zu fragen, eine ernsthafte Abkl\u00e4rung durchzuf\u00fchren und konkrete Entscheidungen f\u00fcr das Leben zu treffen.\u201c<\/p>\n<p>Der vollst\u00e4ndige Text dieses Vortrags in Italienisch, Spanisch, Franz\u00f6sisch und Englisch steht auf diesem Link zur Verf\u00fcgung: <a href=\"https:\/\/drive.google.com\/open?id=0BwJEzzuh4mb7OUdQX01GeGJqVkE\">https:\/\/drive.google.com\/open?id=0BwJEzzuh4mb7OUdQX01GeGJqVkE<\/a><\/p>\n","protected":false},"excerpt":{"rendered":"<p>Wie diejenigen schon wissen, die unsere sozialen Medien besuchen, hat unser P. General bei der 87. Semestralversammlung der USG im vergangenen Mai einen Vortrag gehalten mit dem Titel: Von was sprechen wir, wenn wir von der Prophetie des Ordenslebens sprechen? Bei diesem Vortrag lud P. General zu einer vertieften theologischen Reflexion \u00fcber unsere Identit\u00e4t als [&hellip;]<\/p>\n","protected":false},"author":7,"featured_media":29926,"comment_status":"open","ping_status":"open","sticky":false,"template":"","format":"standard","meta":{"_acf_changed":false,"footnotes":""},"categories":[213,371],"tags":[],"class_list":["post-6017","post","type-post","status-publish","format-standard","has-post-thumbnail","hentry","category-nachrichten-von-p-general","category-nachrichten"],"acf":[],"yoast_head":"<!-- This site is optimized with the Yoast SEO plugin v26.3 - https:\/\/yoast.com\/wordpress\/plugins\/seo\/ -->\n<title>Vortrag von P. Saverio bei der USG - UNBESCHUHTE KARMELITEN<\/title>\n<meta name=\"robots\" content=\"index, follow, max-snippet:-1, max-image-preview:large, max-video-preview:-1\" \/>\n<link rel=\"canonical\" href=\"https:\/\/www.carmelitaniscalzi.com\/de\/2016\/07\/10\/vortrag-von-p-saverio-bei-der-usg\/\" \/>\n<meta property=\"og:locale\" content=\"de_DE\" \/>\n<meta property=\"og:type\" content=\"article\" \/>\n<meta property=\"og:title\" content=\"Vortrag von P. Saverio bei der USG - UNBESCHUHTE KARMELITEN\" \/>\n<meta property=\"og:description\" content=\"Wie diejenigen schon wissen, die unsere sozialen Medien besuchen, hat unser P. General bei der 87. Semestralversammlung der USG im vergangenen Mai einen Vortrag gehalten mit dem Titel: Von was sprechen wir, wenn wir von der Prophetie des Ordenslebens sprechen? Bei diesem Vortrag lud P. General zu einer vertieften theologischen Reflexion \u00fcber unsere Identit\u00e4t als [&hellip;]\" \/>\n<meta property=\"og:url\" content=\"https:\/\/www.carmelitaniscalzi.com\/de\/2016\/07\/10\/vortrag-von-p-saverio-bei-der-usg\/\" \/>\n<meta property=\"og:site_name\" content=\"UNBESCHUHTE KARMELITEN\" \/>\n<meta property=\"article:publisher\" content=\"https:\/\/www.facebook.com\/Curia-Generalizia-Carmelitani-Scalzi-658766940887784\/\" \/>\n<meta property=\"article:published_time\" content=\"2016-07-10T11:38:05+00:00\" \/>\n<meta property=\"article:modified_time\" content=\"2021-05-04T14:40:44+00:00\" \/>\n<meta property=\"og:image\" content=\"https:\/\/www.carmelitaniscalzi.com\/wp-content\/uploads\/2016\/07\/F1.jpg\" \/>\n\t<meta property=\"og:image:width\" content=\"748\" \/>\n\t<meta property=\"og:image:height\" content=\"455\" \/>\n\t<meta property=\"og:image:type\" content=\"image\/jpeg\" \/>\n<meta name=\"author\" content=\"ocd web master\" \/>\n<meta name=\"twitter:card\" content=\"summary_large_image\" \/>\n<meta name=\"twitter:creator\" content=\"@ocdcuria\" \/>\n<meta name=\"twitter:site\" content=\"@ocdcuria\" \/>\n<meta name=\"twitter:label1\" content=\"Verfasst von\" \/>\n\t<meta name=\"twitter:data1\" content=\"ocd web master\" \/>\n\t<meta name=\"twitter:label2\" content=\"Gesch\u00e4tzte Lesezeit\" \/>\n\t<meta name=\"twitter:data2\" content=\"1\u00a0Minute\" \/>\n<script type=\"application\/ld+json\" class=\"yoast-schema-graph\">{\"@context\":\"https:\/\/schema.org\",\"@graph\":[{\"@type\":\"Article\",\"@id\":\"https:\/\/www.carmelitaniscalzi.com\/de\/2016\/07\/10\/vortrag-von-p-saverio-bei-der-usg\/#article\",\"isPartOf\":{\"@id\":\"https:\/\/www.carmelitaniscalzi.com\/de\/2016\/07\/10\/vortrag-von-p-saverio-bei-der-usg\/\"},\"author\":{\"name\":\"ocd web master\",\"@id\":\"https:\/\/www.carmelitaniscalzi.com\/#\/schema\/person\/6d1c0d9bea7b6625c437246a5d6da409\"},\"headline\":\"Vortrag von P. Saverio bei der USG\",\"datePublished\":\"2016-07-10T11:38:05+00:00\",\"dateModified\":\"2021-05-04T14:40:44+00:00\",\"mainEntityOfPage\":{\"@id\":\"https:\/\/www.carmelitaniscalzi.com\/de\/2016\/07\/10\/vortrag-von-p-saverio-bei-der-usg\/\"},\"wordCount\":166,\"commentCount\":0,\"publisher\":{\"@id\":\"https:\/\/www.carmelitaniscalzi.com\/#organization\"},\"image\":{\"@id\":\"https:\/\/www.carmelitaniscalzi.com\/de\/2016\/07\/10\/vortrag-von-p-saverio-bei-der-usg\/#primaryimage\"},\"thumbnailUrl\":\"https:\/\/www.carmelitaniscalzi.com\/wp-content\/uploads\/2016\/07\/F1.jpg\",\"articleSection\":[\"Nachrichten von P. General\",\"Nachrichten\"],\"inLanguage\":\"de\"},{\"@type\":\"WebPage\",\"@id\":\"https:\/\/www.carmelitaniscalzi.com\/de\/2016\/07\/10\/vortrag-von-p-saverio-bei-der-usg\/\",\"url\":\"https:\/\/www.carmelitaniscalzi.com\/de\/2016\/07\/10\/vortrag-von-p-saverio-bei-der-usg\/\",\"name\":\"Vortrag von P. Saverio bei der USG - UNBESCHUHTE KARMELITEN\",\"isPartOf\":{\"@id\":\"https:\/\/www.carmelitaniscalzi.com\/#website\"},\"primaryImageOfPage\":{\"@id\":\"https:\/\/www.carmelitaniscalzi.com\/de\/2016\/07\/10\/vortrag-von-p-saverio-bei-der-usg\/#primaryimage\"},\"image\":{\"@id\":\"https:\/\/www.carmelitaniscalzi.com\/de\/2016\/07\/10\/vortrag-von-p-saverio-bei-der-usg\/#primaryimage\"},\"thumbnailUrl\":\"https:\/\/www.carmelitaniscalzi.com\/wp-content\/uploads\/2016\/07\/F1.jpg\",\"datePublished\":\"2016-07-10T11:38:05+00:00\",\"dateModified\":\"2021-05-04T14:40:44+00:00\",\"breadcrumb\":{\"@id\":\"https:\/\/www.carmelitaniscalzi.com\/de\/2016\/07\/10\/vortrag-von-p-saverio-bei-der-usg\/#breadcrumb\"},\"inLanguage\":\"de\",\"potentialAction\":[{\"@type\":\"ReadAction\",\"target\":[\"https:\/\/www.carmelitaniscalzi.com\/de\/2016\/07\/10\/vortrag-von-p-saverio-bei-der-usg\/\"]}]},{\"@type\":\"ImageObject\",\"inLanguage\":\"de\",\"@id\":\"https:\/\/www.carmelitaniscalzi.com\/de\/2016\/07\/10\/vortrag-von-p-saverio-bei-der-usg\/#primaryimage\",\"url\":\"https:\/\/www.carmelitaniscalzi.com\/wp-content\/uploads\/2016\/07\/F1.jpg\",\"contentUrl\":\"https:\/\/www.carmelitaniscalzi.com\/wp-content\/uploads\/2016\/07\/F1.jpg\",\"width\":748,\"height\":455},{\"@type\":\"BreadcrumbList\",\"@id\":\"https:\/\/www.carmelitaniscalzi.com\/de\/2016\/07\/10\/vortrag-von-p-saverio-bei-der-usg\/#breadcrumb\",\"itemListElement\":[{\"@type\":\"ListItem\",\"position\":1,\"name\":\"Home\",\"item\":\"https:\/\/www.carmelitaniscalzi.com\/de\/\"},{\"@type\":\"ListItem\",\"position\":2,\"name\":\"Vortrag von P. Saverio bei der USG\"}]},{\"@type\":\"WebSite\",\"@id\":\"https:\/\/www.carmelitaniscalzi.com\/#website\",\"url\":\"https:\/\/www.carmelitaniscalzi.com\/\",\"name\":\"CARMELITANI SCALZI - Curia Generale del Carmelo Teresiano\",\"description\":\"Generalkurie des Teresianischen Karmel\",\"publisher\":{\"@id\":\"https:\/\/www.carmelitaniscalzi.com\/#organization\"},\"alternateName\":\"CARMELITANI SCALZI\",\"potentialAction\":[{\"@type\":\"SearchAction\",\"target\":{\"@type\":\"EntryPoint\",\"urlTemplate\":\"https:\/\/www.carmelitaniscalzi.com\/?s={search_term_string}\"},\"query-input\":{\"@type\":\"PropertyValueSpecification\",\"valueRequired\":true,\"valueName\":\"search_term_string\"}}],\"inLanguage\":\"de\"},{\"@type\":\"Organization\",\"@id\":\"https:\/\/www.carmelitaniscalzi.com\/#organization\",\"name\":\"CARMELITANI SCALZI - Curia Generale del Carmelo Teresiano\",\"url\":\"https:\/\/www.carmelitaniscalzi.com\/\",\"logo\":{\"@type\":\"ImageObject\",\"inLanguage\":\"de\",\"@id\":\"https:\/\/www.carmelitaniscalzi.com\/#\/schema\/logo\/image\/\",\"url\":\"https:\/\/www.carmelitaniscalzi.com\/wp-content\/uploads\/2025\/11\/login-logo.png\",\"contentUrl\":\"https:\/\/www.carmelitaniscalzi.com\/wp-content\/uploads\/2025\/11\/login-logo.png\",\"width\":256,\"height\":256,\"caption\":\"CARMELITANI SCALZI - Curia Generale del Carmelo Teresiano\"},\"image\":{\"@id\":\"https:\/\/www.carmelitaniscalzi.com\/#\/schema\/logo\/image\/\"},\"sameAs\":[\"https:\/\/www.facebook.com\/Curia-Generalizia-Carmelitani-Scalzi-658766940887784\/\",\"https:\/\/x.com\/ocdcuria\",\"https:\/\/www.youtube.com\/channel\/UC2J5ZL0ycOY0qBSTCLX_NGQ\/videos\",\"https:\/\/www.instagram.com\/ocdinform\/\"]},{\"@type\":\"Person\",\"@id\":\"https:\/\/www.carmelitaniscalzi.com\/#\/schema\/person\/6d1c0d9bea7b6625c437246a5d6da409\",\"name\":\"ocd web master\",\"image\":{\"@type\":\"ImageObject\",\"inLanguage\":\"de\",\"@id\":\"https:\/\/www.carmelitaniscalzi.com\/#\/schema\/person\/image\/\",\"url\":\"https:\/\/secure.gravatar.com\/avatar\/41fbc5f82bad909fbaf2984c43fa50d8519ac5853e25b454d022b6868f80d0e7?s=96&d=mm&r=g\",\"contentUrl\":\"https:\/\/secure.gravatar.com\/avatar\/41fbc5f82bad909fbaf2984c43fa50d8519ac5853e25b454d022b6868f80d0e7?s=96&d=mm&r=g\",\"caption\":\"ocd web master\"},\"url\":\"https:\/\/www.carmelitaniscalzi.com\/de\/author\/ocdwebmaster\/\"}]}<\/script>\n<!-- \/ Yoast SEO plugin. -->","yoast_head_json":{"title":"Vortrag von P. Saverio bei der USG - UNBESCHUHTE KARMELITEN","robots":{"index":"index","follow":"follow","max-snippet":"max-snippet:-1","max-image-preview":"max-image-preview:large","max-video-preview":"max-video-preview:-1"},"canonical":"https:\/\/www.carmelitaniscalzi.com\/de\/2016\/07\/10\/vortrag-von-p-saverio-bei-der-usg\/","og_locale":"de_DE","og_type":"article","og_title":"Vortrag von P. Saverio bei der USG - UNBESCHUHTE KARMELITEN","og_description":"Wie diejenigen schon wissen, die unsere sozialen Medien besuchen, hat unser P. General bei der 87. Semestralversammlung der USG im vergangenen Mai einen Vortrag gehalten mit dem Titel: Von was sprechen wir, wenn wir von der Prophetie des Ordenslebens sprechen? Bei diesem Vortrag lud P. General zu einer vertieften theologischen Reflexion \u00fcber unsere Identit\u00e4t als [&hellip;]","og_url":"https:\/\/www.carmelitaniscalzi.com\/de\/2016\/07\/10\/vortrag-von-p-saverio-bei-der-usg\/","og_site_name":"UNBESCHUHTE KARMELITEN","article_publisher":"https:\/\/www.facebook.com\/Curia-Generalizia-Carmelitani-Scalzi-658766940887784\/","article_published_time":"2016-07-10T11:38:05+00:00","article_modified_time":"2021-05-04T14:40:44+00:00","og_image":[{"width":748,"height":455,"url":"https:\/\/www.carmelitaniscalzi.com\/wp-content\/uploads\/2016\/07\/F1.jpg","type":"image\/jpeg"}],"author":"ocd web master","twitter_card":"summary_large_image","twitter_creator":"@ocdcuria","twitter_site":"@ocdcuria","twitter_misc":{"Verfasst von":"ocd web master","Gesch\u00e4tzte Lesezeit":"1\u00a0Minute"},"schema":{"@context":"https:\/\/schema.org","@graph":[{"@type":"Article","@id":"https:\/\/www.carmelitaniscalzi.com\/de\/2016\/07\/10\/vortrag-von-p-saverio-bei-der-usg\/#article","isPartOf":{"@id":"https:\/\/www.carmelitaniscalzi.com\/de\/2016\/07\/10\/vortrag-von-p-saverio-bei-der-usg\/"},"author":{"name":"ocd web master","@id":"https:\/\/www.carmelitaniscalzi.com\/#\/schema\/person\/6d1c0d9bea7b6625c437246a5d6da409"},"headline":"Vortrag von P. Saverio bei der USG","datePublished":"2016-07-10T11:38:05+00:00","dateModified":"2021-05-04T14:40:44+00:00","mainEntityOfPage":{"@id":"https:\/\/www.carmelitaniscalzi.com\/de\/2016\/07\/10\/vortrag-von-p-saverio-bei-der-usg\/"},"wordCount":166,"commentCount":0,"publisher":{"@id":"https:\/\/www.carmelitaniscalzi.com\/#organization"},"image":{"@id":"https:\/\/www.carmelitaniscalzi.com\/de\/2016\/07\/10\/vortrag-von-p-saverio-bei-der-usg\/#primaryimage"},"thumbnailUrl":"https:\/\/www.carmelitaniscalzi.com\/wp-content\/uploads\/2016\/07\/F1.jpg","articleSection":["Nachrichten von P. General","Nachrichten"],"inLanguage":"de"},{"@type":"WebPage","@id":"https:\/\/www.carmelitaniscalzi.com\/de\/2016\/07\/10\/vortrag-von-p-saverio-bei-der-usg\/","url":"https:\/\/www.carmelitaniscalzi.com\/de\/2016\/07\/10\/vortrag-von-p-saverio-bei-der-usg\/","name":"Vortrag von P. Saverio bei der USG - UNBESCHUHTE KARMELITEN","isPartOf":{"@id":"https:\/\/www.carmelitaniscalzi.com\/#website"},"primaryImageOfPage":{"@id":"https:\/\/www.carmelitaniscalzi.com\/de\/2016\/07\/10\/vortrag-von-p-saverio-bei-der-usg\/#primaryimage"},"image":{"@id":"https:\/\/www.carmelitaniscalzi.com\/de\/2016\/07\/10\/vortrag-von-p-saverio-bei-der-usg\/#primaryimage"},"thumbnailUrl":"https:\/\/www.carmelitaniscalzi.com\/wp-content\/uploads\/2016\/07\/F1.jpg","datePublished":"2016-07-10T11:38:05+00:00","dateModified":"2021-05-04T14:40:44+00:00","breadcrumb":{"@id":"https:\/\/www.carmelitaniscalzi.com\/de\/2016\/07\/10\/vortrag-von-p-saverio-bei-der-usg\/#breadcrumb"},"inLanguage":"de","potentialAction":[{"@type":"ReadAction","target":["https:\/\/www.carmelitaniscalzi.com\/de\/2016\/07\/10\/vortrag-von-p-saverio-bei-der-usg\/"]}]},{"@type":"ImageObject","inLanguage":"de","@id":"https:\/\/www.carmelitaniscalzi.com\/de\/2016\/07\/10\/vortrag-von-p-saverio-bei-der-usg\/#primaryimage","url":"https:\/\/www.carmelitaniscalzi.com\/wp-content\/uploads\/2016\/07\/F1.jpg","contentUrl":"https:\/\/www.carmelitaniscalzi.com\/wp-content\/uploads\/2016\/07\/F1.jpg","width":748,"height":455},{"@type":"BreadcrumbList","@id":"https:\/\/www.carmelitaniscalzi.com\/de\/2016\/07\/10\/vortrag-von-p-saverio-bei-der-usg\/#breadcrumb","itemListElement":[{"@type":"ListItem","position":1,"name":"Home","item":"https:\/\/www.carmelitaniscalzi.com\/de\/"},{"@type":"ListItem","position":2,"name":"Vortrag von P. Saverio bei der USG"}]},{"@type":"WebSite","@id":"https:\/\/www.carmelitaniscalzi.com\/#website","url":"https:\/\/www.carmelitaniscalzi.com\/","name":"CARMELITANI SCALZI - Curia Generale del Carmelo Teresiano","description":"Generalkurie des Teresianischen Karmel","publisher":{"@id":"https:\/\/www.carmelitaniscalzi.com\/#organization"},"alternateName":"CARMELITANI SCALZI","potentialAction":[{"@type":"SearchAction","target":{"@type":"EntryPoint","urlTemplate":"https:\/\/www.carmelitaniscalzi.com\/?s={search_term_string}"},"query-input":{"@type":"PropertyValueSpecification","valueRequired":true,"valueName":"search_term_string"}}],"inLanguage":"de"},{"@type":"Organization","@id":"https:\/\/www.carmelitaniscalzi.com\/#organization","name":"CARMELITANI SCALZI - Curia Generale del Carmelo Teresiano","url":"https:\/\/www.carmelitaniscalzi.com\/","logo":{"@type":"ImageObject","inLanguage":"de","@id":"https:\/\/www.carmelitaniscalzi.com\/#\/schema\/logo\/image\/","url":"https:\/\/www.carmelitaniscalzi.com\/wp-content\/uploads\/2025\/11\/login-logo.png","contentUrl":"https:\/\/www.carmelitaniscalzi.com\/wp-content\/uploads\/2025\/11\/login-logo.png","width":256,"height":256,"caption":"CARMELITANI SCALZI - Curia Generale del Carmelo Teresiano"},"image":{"@id":"https:\/\/www.carmelitaniscalzi.com\/#\/schema\/logo\/image\/"},"sameAs":["https:\/\/www.facebook.com\/Curia-Generalizia-Carmelitani-Scalzi-658766940887784\/","https:\/\/x.com\/ocdcuria","https:\/\/www.youtube.com\/channel\/UC2J5ZL0ycOY0qBSTCLX_NGQ\/videos","https:\/\/www.instagram.com\/ocdinform\/"]},{"@type":"Person","@id":"https:\/\/www.carmelitaniscalzi.com\/#\/schema\/person\/6d1c0d9bea7b6625c437246a5d6da409","name":"ocd web master","image":{"@type":"ImageObject","inLanguage":"de","@id":"https:\/\/www.carmelitaniscalzi.com\/#\/schema\/person\/image\/","url":"https:\/\/secure.gravatar.com\/avatar\/41fbc5f82bad909fbaf2984c43fa50d8519ac5853e25b454d022b6868f80d0e7?s=96&d=mm&r=g","contentUrl":"https:\/\/secure.gravatar.com\/avatar\/41fbc5f82bad909fbaf2984c43fa50d8519ac5853e25b454d022b6868f80d0e7?s=96&d=mm&r=g","caption":"ocd web master"},"url":"https:\/\/www.carmelitaniscalzi.com\/de\/author\/ocdwebmaster\/"}]}},"_links":{"self":[{"href":"https:\/\/www.carmelitaniscalzi.com\/de\/wp-json\/wp\/v2\/posts\/6017","targetHints":{"allow":["GET"]}}],"collection":[{"href":"https:\/\/www.carmelitaniscalzi.com\/de\/wp-json\/wp\/v2\/posts"}],"about":[{"href":"https:\/\/www.carmelitaniscalzi.com\/de\/wp-json\/wp\/v2\/types\/post"}],"author":[{"embeddable":true,"href":"https:\/\/www.carmelitaniscalzi.com\/de\/wp-json\/wp\/v2\/users\/7"}],"replies":[{"embeddable":true,"href":"https:\/\/www.carmelitaniscalzi.com\/de\/wp-json\/wp\/v2\/comments?post=6017"}],"version-history":[{"count":0,"href":"https:\/\/www.carmelitaniscalzi.com\/de\/wp-json\/wp\/v2\/posts\/6017\/revisions"}],"wp:featuredmedia":[{"embeddable":true,"href":"https:\/\/www.carmelitaniscalzi.com\/de\/wp-json\/wp\/v2\/media\/29926"}],"wp:attachment":[{"href":"https:\/\/www.carmelitaniscalzi.com\/de\/wp-json\/wp\/v2\/media?parent=6017"}],"wp:term":[{"taxonomy":"category","embeddable":true,"href":"https:\/\/www.carmelitaniscalzi.com\/de\/wp-json\/wp\/v2\/categories?post=6017"},{"taxonomy":"post_tag","embeddable":true,"href":"https:\/\/www.carmelitaniscalzi.com\/de\/wp-json\/wp\/v2\/tags?post=6017"}],"curies":[{"name":"wp","href":"https:\/\/api.w.org\/{rel}","templated":true}]}}