{"id":571197,"date":"2026-03-16T02:00:14","date_gmt":"2026-03-16T01:00:14","guid":{"rendered":"https:\/\/www.carmelitaniscalzi.com\/?p=571197"},"modified":"2026-03-07T02:14:03","modified_gmt":"2026-03-07T01:14:03","slug":"philippinen-50-jaehriges-jubilaeum-der-basilika-notre-dame-du-mont-carmel-als-pfarrei","status":"publish","type":"post","link":"https:\/\/www.carmelitaniscalzi.com\/de\/2026\/03\/16\/philippinen-50-jaehriges-jubilaeum-der-basilika-notre-dame-du-mont-carmel-als-pfarrei\/","title":{"rendered":"Philippinen: 50-j\u00e4hriges Jubil\u00e4um der Basilika Notre-Dame du Mont-Carmel als Pfarrei."},"content":{"rendered":"<p>Vom 14. bis 17. Februar organisierten die Karmeliterbr\u00fcder von New Manila in Quezon City ein Triduum zum 50-j\u00e4hrigen Jubil\u00e4um der Errichtung der Basilika als Pfarrei. Die Abschlussfeier wurde von Msgr. Honesto Ongtioco, D.D., emeritierter Bischof von Cubao, geleitet.<\/p>\n<p>Seit f\u00fcnfzig Jahren ist die Basilika ein Zuhause, ein Ort, an dem die Armen aufgenommen, die Jugendlichen ausgebildet, die Verletzten gepflegt werden und alle, die den Herrn suchen, Kraft finden. Dieses Jubil\u00e4um ist nicht nur eine Erinnerung an die Vergangenheit, sondern vor allem eine Quelle der Erneuerung. M\u00f6ge dieser heilige Ort immer ein offenes Ohr f\u00fcr die N\u00f6te der Menschen haben!<\/p>\n<p>Nach der Heiligen Eucharistie versammelte sich die Gemeinde vor dem Haupteingang, wo eine schwungvolle Musikgruppe alle Teilnehmer mit fr\u00f6hlicher und festlicher Musik empfing. Anschlie\u00dfend wurden mehrere bewegende Darbietungen pr\u00e4sentiert, bei denen die Gemeinde gemeinsam singen und tanzen konnte. Diese Zusammenkunft war mehr als nur Unterhaltung, sie war eine wunderbare M\u00f6glichkeit, unsere Dankbarkeit zum Ausdruck zu bringen und uns daran zu erinnern, dass die Basilika nicht nur ein Geb\u00e4ude aus Stein ist, sondern eine lebendige Gemeinschaft, vereint durch Glauben, Dienst und Hoffnung.<\/p>\n<p>&nbsp;<\/p>\n<div class=\"wpmf-gallerys wpmf-gallerys-life \" ><div id=\"gallery-1\"\n data-gutter-width=\"5\"\n  data-wpmfcolumns=\"5\" class=\"wpmf-gallery gallery-link-file gallery_life gallery-masonry gallery-columns-5 gallery-size-thumbnail wpmf-gallery-bottomspace-default wpmf-gallery-clear wpmf-has-border-radius-0 wpmf-gutterwidth-5\"><div class=\"wpmf-gallery-item\n     wpmf-gallery-item-position-0 wpmf-gallery-item-attachment-571050\" data-index=\"0\"><div class=\"wpmf-gallery-icon\"><a class=\" not_video noLightbox\" data-lightbox=\"1\" data-href=\"https:\/\/www.carmelitaniscalzi.com\/wp-content\/uploads\/2026\/03\/Filippine-1-1024x503.jpg\" title=\"Filippine 1\" target=\"_self\" data-index=\"0\"><img decoding=\"async\" class=\"wpmf_img\" alt=\"Filippine 1\" src=\"https:\/\/www.carmelitaniscalzi.com\/wp-content\/uploads\/2026\/03\/Filippine-1-150x150.jpg\" data-type=\"wpmfgalleryimg\" data-lazy-src=\"https:\/\/www.carmelitaniscalzi.com\/wp-content\/uploads\/2026\/03\/Filippine-1-150x150.jpg\"><\/a><\/div><\/div><div class=\"wpmf-gallery-item\n     wpmf-gallery-item-position-1 wpmf-gallery-item-attachment-571056\" data-index=\"1\"><div class=\"wpmf-gallery-icon\"><a class=\" not_video noLightbox\" data-lightbox=\"1\" data-href=\"https:\/\/www.carmelitaniscalzi.com\/wp-content\/uploads\/2026\/03\/Filippine-2-1024x742.jpg\" title=\"Filippine 2\" target=\"_self\" data-index=\"1\"><img decoding=\"async\" class=\"wpmf_img\" alt=\"Filippine 2\" src=\"https:\/\/www.carmelitaniscalzi.com\/wp-content\/uploads\/2026\/03\/Filippine-2-150x150.jpg\" data-type=\"wpmfgalleryimg\" data-lazy-src=\"https:\/\/www.carmelitaniscalzi.com\/wp-content\/uploads\/2026\/03\/Filippine-2-150x150.jpg\"><\/a><\/div><\/div><div class=\"wpmf-gallery-item\n     wpmf-gallery-item-position-2 wpmf-gallery-item-attachment-571062\" data-index=\"2\"><div class=\"wpmf-gallery-icon\"><a class=\" not_video noLightbox\" data-lightbox=\"1\" data-href=\"https:\/\/www.carmelitaniscalzi.com\/wp-content\/uploads\/2026\/03\/Filippine-3-1024x508.jpg\" title=\"Filippine 3\" target=\"_self\" data-index=\"2\"><img decoding=\"async\" class=\"wpmf_img\" alt=\"Filippine 3\" src=\"https:\/\/www.carmelitaniscalzi.com\/wp-content\/uploads\/2026\/03\/Filippine-3-150x150.jpg\" data-type=\"wpmfgalleryimg\" data-lazy-src=\"https:\/\/www.carmelitaniscalzi.com\/wp-content\/uploads\/2026\/03\/Filippine-3-150x150.jpg\"><\/a><\/div><\/div><div class=\"wpmf-gallery-item\n     wpmf-gallery-item-position-3 wpmf-gallery-item-attachment-571068\" data-index=\"3\"><div class=\"wpmf-gallery-icon\"><a class=\" not_video noLightbox\" data-lightbox=\"1\" data-href=\"https:\/\/www.carmelitaniscalzi.com\/wp-content\/uploads\/2026\/03\/Filippine-4-1024x576.jpg\" title=\"Filippine 4\" target=\"_self\" data-index=\"3\"><img decoding=\"async\" class=\"wpmf_img\" alt=\"Filippine 4\" src=\"https:\/\/www.carmelitaniscalzi.com\/wp-content\/uploads\/2026\/03\/Filippine-4-150x150.jpg\" data-type=\"wpmfgalleryimg\" data-lazy-src=\"https:\/\/www.carmelitaniscalzi.com\/wp-content\/uploads\/2026\/03\/Filippine-4-150x150.jpg\"><\/a><\/div><\/div><div class=\"wpmf-gallery-item\n     wpmf-gallery-item-position-4 wpmf-gallery-item-attachment-571074\" data-index=\"4\"><div class=\"wpmf-gallery-icon\"><a class=\" not_video noLightbox\" data-lightbox=\"1\" data-href=\"https:\/\/www.carmelitaniscalzi.com\/wp-content\/uploads\/2026\/03\/Filippine-5-1024x576.jpg\" title=\"Filippine 5\" target=\"_self\" data-index=\"4\"><img decoding=\"async\" class=\"wpmf_img\" alt=\"Filippine 5\" src=\"https:\/\/www.carmelitaniscalzi.com\/wp-content\/uploads\/2026\/03\/Filippine-5-150x150.jpg\" data-type=\"wpmfgalleryimg\" data-lazy-src=\"https:\/\/www.carmelitaniscalzi.com\/wp-content\/uploads\/2026\/03\/Filippine-5-150x150.jpg\"><\/a><\/div><\/div><\/div><\/div>\n\n","protected":false},"excerpt":{"rendered":"<p>Vom 14. bis 17. Februar organisierten die Karmeliterbr\u00fcder von New Manila in Quezon City ein Triduum zum 50-j\u00e4hrigen Jubil\u00e4um der Errichtung der Basilika als Pfarrei. Die Abschlussfeier wurde von Msgr. Honesto Ongtioco, D.D., emeritierter Bischof von Cubao, geleitet. Seit f\u00fcnfzig Jahren ist die Basilika ein Zuhause, ein Ort, an dem die Armen aufgenommen, die Jugendlichen [&hellip;]<\/p>\n","protected":false},"author":7,"featured_media":571044,"comment_status":"closed","ping_status":"closed","sticky":false,"template":"","format":"standard","meta":{"_acf_changed":false,"footnotes":""},"categories":[218,371],"tags":[],"class_list":["post-571197","post","type-post","status-publish","format-standard","has-post-thumbnail","hentry","category-nachrichten-ueber-brueder","category-nachrichten"],"acf":[],"yoast_head":"<!-- This site is optimized with the Yoast SEO plugin v26.3 - https:\/\/yoast.com\/wordpress\/plugins\/seo\/ -->\n<title>Philippinen: 50-j\u00e4hriges Jubil\u00e4um der Basilika Notre-Dame du Mont-Carmel als Pfarrei. - UNBESCHUHTE KARMELITEN<\/title>\n<meta name=\"robots\" content=\"index, follow, max-snippet:-1, max-image-preview:large, max-video-preview:-1\" \/>\n<link rel=\"canonical\" href=\"https:\/\/www.carmelitaniscalzi.com\/?p=571187\" \/>\n<meta property=\"og:locale\" content=\"de_DE\" \/>\n<meta property=\"og:type\" content=\"article\" \/>\n<meta property=\"og:title\" content=\"Philippinen: 50-j\u00e4hriges Jubil\u00e4um der Basilika Notre-Dame du Mont-Carmel als Pfarrei. - UNBESCHUHTE KARMELITEN\" \/>\n<meta property=\"og:description\" content=\"Vom 14. bis 17. Februar organisierten die Karmeliterbr\u00fcder von New Manila in Quezon City ein Triduum zum 50-j\u00e4hrigen Jubil\u00e4um der Errichtung der Basilika als Pfarrei. Die Abschlussfeier wurde von Msgr. Honesto Ongtioco, D.D., emeritierter Bischof von Cubao, geleitet. Seit f\u00fcnfzig Jahren ist die Basilika ein Zuhause, ein Ort, an dem die Armen aufgenommen, die Jugendlichen [&hellip;]\" \/>\n<meta property=\"og:url\" content=\"https:\/\/www.carmelitaniscalzi.com\/?p=571187\" \/>\n<meta property=\"og:site_name\" content=\"UNBESCHUHTE KARMELITEN\" \/>\n<meta property=\"article:publisher\" content=\"https:\/\/www.facebook.com\/Curia-Generalizia-Carmelitani-Scalzi-658766940887784\/\" \/>\n<meta property=\"article:published_time\" content=\"2026-03-16T01:00:14+00:00\" \/>\n<meta property=\"og:image\" content=\"https:\/\/www.carmelitaniscalzi.com\/wp-content\/uploads\/2026\/03\/cover_filippine_02.2026.jpg\" \/>\n\t<meta property=\"og:image:width\" content=\"1200\" \/>\n\t<meta property=\"og:image:height\" content=\"800\" \/>\n\t<meta property=\"og:image:type\" content=\"image\/jpeg\" \/>\n<meta name=\"author\" content=\"ocd web master\" \/>\n<meta name=\"twitter:card\" content=\"summary_large_image\" \/>\n<meta name=\"twitter:creator\" content=\"@ocdcuria\" \/>\n<meta name=\"twitter:site\" content=\"@ocdcuria\" \/>\n<meta name=\"twitter:label1\" content=\"Verfasst von\" \/>\n\t<meta name=\"twitter:data1\" content=\"ocd web master\" \/>\n\t<meta name=\"twitter:label2\" content=\"Gesch\u00e4tzte Lesezeit\" \/>\n\t<meta name=\"twitter:data2\" content=\"1\u00a0Minute\" \/>\n<script type=\"application\/ld+json\" class=\"yoast-schema-graph\">{\"@context\":\"https:\/\/schema.org\",\"@graph\":[{\"@type\":\"Article\",\"@id\":\"https:\/\/www.carmelitaniscalzi.com\/?p=571187#article\",\"isPartOf\":{\"@id\":\"https:\/\/www.carmelitaniscalzi.com\/?p=571187\"},\"author\":{\"name\":\"ocd web master\",\"@id\":\"https:\/\/www.carmelitaniscalzi.com\/#\/schema\/person\/6d1c0d9bea7b6625c437246a5d6da409\"},\"headline\":\"Philippinen: 50-j\u00e4hriges Jubil\u00e4um der Basilika Notre-Dame du Mont-Carmel als Pfarrei.\",\"datePublished\":\"2026-03-16T01:00:14+00:00\",\"mainEntityOfPage\":{\"@id\":\"https:\/\/www.carmelitaniscalzi.com\/?p=571187\"},\"wordCount\":215,\"publisher\":{\"@id\":\"https:\/\/www.carmelitaniscalzi.com\/#organization\"},\"image\":{\"@id\":\"https:\/\/www.carmelitaniscalzi.com\/?p=571187#primaryimage\"},\"thumbnailUrl\":\"https:\/\/www.carmelitaniscalzi.com\/wp-content\/uploads\/2026\/03\/cover_filippine_02.2026.jpg\",\"articleSection\":[\"Nachrichten \u00fcber Br\u00fcder\",\"Nachrichten\"],\"inLanguage\":\"de\"},{\"@type\":\"WebPage\",\"@id\":\"https:\/\/www.carmelitaniscalzi.com\/?p=571187\",\"url\":\"https:\/\/www.carmelitaniscalzi.com\/?p=571187\",\"name\":\"Philippinen: 50-j\u00e4hriges Jubil\u00e4um der Basilika Notre-Dame du Mont-Carmel als Pfarrei. - UNBESCHUHTE KARMELITEN\",\"isPartOf\":{\"@id\":\"https:\/\/www.carmelitaniscalzi.com\/#website\"},\"primaryImageOfPage\":{\"@id\":\"https:\/\/www.carmelitaniscalzi.com\/?p=571187#primaryimage\"},\"image\":{\"@id\":\"https:\/\/www.carmelitaniscalzi.com\/?p=571187#primaryimage\"},\"thumbnailUrl\":\"https:\/\/www.carmelitaniscalzi.com\/wp-content\/uploads\/2026\/03\/cover_filippine_02.2026.jpg\",\"datePublished\":\"2026-03-16T01:00:14+00:00\",\"breadcrumb\":{\"@id\":\"https:\/\/www.carmelitaniscalzi.com\/?p=571187#breadcrumb\"},\"inLanguage\":\"de\",\"potentialAction\":[{\"@type\":\"ReadAction\",\"target\":[\"https:\/\/www.carmelitaniscalzi.com\/?p=571187\"]}]},{\"@type\":\"ImageObject\",\"inLanguage\":\"de\",\"@id\":\"https:\/\/www.carmelitaniscalzi.com\/?p=571187#primaryimage\",\"url\":\"https:\/\/www.carmelitaniscalzi.com\/wp-content\/uploads\/2026\/03\/cover_filippine_02.2026.jpg\",\"contentUrl\":\"https:\/\/www.carmelitaniscalzi.com\/wp-content\/uploads\/2026\/03\/cover_filippine_02.2026.jpg\",\"width\":1200,\"height\":800},{\"@type\":\"BreadcrumbList\",\"@id\":\"https:\/\/www.carmelitaniscalzi.com\/?p=571187#breadcrumb\",\"itemListElement\":[{\"@type\":\"ListItem\",\"position\":1,\"name\":\"Home\",\"item\":\"https:\/\/www.carmelitaniscalzi.com\/de\/\"},{\"@type\":\"ListItem\",\"position\":2,\"name\":\"Philippinen: 50-j\u00e4hriges Jubil\u00e4um der Basilika Notre-Dame du Mont-Carmel als Pfarrei.\"}]},{\"@type\":\"WebSite\",\"@id\":\"https:\/\/www.carmelitaniscalzi.com\/#website\",\"url\":\"https:\/\/www.carmelitaniscalzi.com\/\",\"name\":\"CARMELITANI SCALZI - Curia Generale del Carmelo Teresiano\",\"description\":\"Generalkurie des Teresianischen Karmel\",\"publisher\":{\"@id\":\"https:\/\/www.carmelitaniscalzi.com\/#organization\"},\"alternateName\":\"CARMELITANI SCALZI\",\"potentialAction\":[{\"@type\":\"SearchAction\",\"target\":{\"@type\":\"EntryPoint\",\"urlTemplate\":\"https:\/\/www.carmelitaniscalzi.com\/?s={search_term_string}\"},\"query-input\":{\"@type\":\"PropertyValueSpecification\",\"valueRequired\":true,\"valueName\":\"search_term_string\"}}],\"inLanguage\":\"de\"},{\"@type\":\"Organization\",\"@id\":\"https:\/\/www.carmelitaniscalzi.com\/#organization\",\"name\":\"CARMELITANI SCALZI - Curia Generale del Carmelo Teresiano\",\"url\":\"https:\/\/www.carmelitaniscalzi.com\/\",\"logo\":{\"@type\":\"ImageObject\",\"inLanguage\":\"de\",\"@id\":\"https:\/\/www.carmelitaniscalzi.com\/#\/schema\/logo\/image\/\",\"url\":\"https:\/\/www.carmelitaniscalzi.com\/wp-content\/uploads\/2025\/11\/login-logo.png\",\"contentUrl\":\"https:\/\/www.carmelitaniscalzi.com\/wp-content\/uploads\/2025\/11\/login-logo.png\",\"width\":256,\"height\":256,\"caption\":\"CARMELITANI SCALZI - Curia Generale del Carmelo Teresiano\"},\"image\":{\"@id\":\"https:\/\/www.carmelitaniscalzi.com\/#\/schema\/logo\/image\/\"},\"sameAs\":[\"https:\/\/www.facebook.com\/Curia-Generalizia-Carmelitani-Scalzi-658766940887784\/\",\"https:\/\/x.com\/ocdcuria\",\"https:\/\/www.youtube.com\/channel\/UC2J5ZL0ycOY0qBSTCLX_NGQ\/videos\",\"https:\/\/www.instagram.com\/ocdinform\/\"]},{\"@type\":\"Person\",\"@id\":\"https:\/\/www.carmelitaniscalzi.com\/#\/schema\/person\/6d1c0d9bea7b6625c437246a5d6da409\",\"name\":\"ocd web master\",\"image\":{\"@type\":\"ImageObject\",\"inLanguage\":\"de\",\"@id\":\"https:\/\/www.carmelitaniscalzi.com\/#\/schema\/person\/image\/\",\"url\":\"https:\/\/secure.gravatar.com\/avatar\/41fbc5f82bad909fbaf2984c43fa50d8519ac5853e25b454d022b6868f80d0e7?s=96&d=mm&r=g\",\"contentUrl\":\"https:\/\/secure.gravatar.com\/avatar\/41fbc5f82bad909fbaf2984c43fa50d8519ac5853e25b454d022b6868f80d0e7?s=96&d=mm&r=g\",\"caption\":\"ocd web master\"},\"url\":\"https:\/\/www.carmelitaniscalzi.com\/de\/author\/ocdwebmaster\/\"}]}<\/script>\n<!-- \/ Yoast SEO plugin. -->","yoast_head_json":{"title":"Philippinen: 50-j\u00e4hriges Jubil\u00e4um der Basilika Notre-Dame du Mont-Carmel als Pfarrei. - UNBESCHUHTE KARMELITEN","robots":{"index":"index","follow":"follow","max-snippet":"max-snippet:-1","max-image-preview":"max-image-preview:large","max-video-preview":"max-video-preview:-1"},"canonical":"https:\/\/www.carmelitaniscalzi.com\/?p=571187","og_locale":"de_DE","og_type":"article","og_title":"Philippinen: 50-j\u00e4hriges Jubil\u00e4um der Basilika Notre-Dame du Mont-Carmel als Pfarrei. - UNBESCHUHTE KARMELITEN","og_description":"Vom 14. bis 17. Februar organisierten die Karmeliterbr\u00fcder von New Manila in Quezon City ein Triduum zum 50-j\u00e4hrigen Jubil\u00e4um der Errichtung der Basilika als Pfarrei. Die Abschlussfeier wurde von Msgr. Honesto Ongtioco, D.D., emeritierter Bischof von Cubao, geleitet. Seit f\u00fcnfzig Jahren ist die Basilika ein Zuhause, ein Ort, an dem die Armen aufgenommen, die Jugendlichen [&hellip;]","og_url":"https:\/\/www.carmelitaniscalzi.com\/?p=571187","og_site_name":"UNBESCHUHTE KARMELITEN","article_publisher":"https:\/\/www.facebook.com\/Curia-Generalizia-Carmelitani-Scalzi-658766940887784\/","article_published_time":"2026-03-16T01:00:14+00:00","og_image":[{"width":1200,"height":800,"url":"https:\/\/www.carmelitaniscalzi.com\/wp-content\/uploads\/2026\/03\/cover_filippine_02.2026.jpg","type":"image\/jpeg"}],"author":"ocd web master","twitter_card":"summary_large_image","twitter_creator":"@ocdcuria","twitter_site":"@ocdcuria","twitter_misc":{"Verfasst von":"ocd web master","Gesch\u00e4tzte Lesezeit":"1\u00a0Minute"},"schema":{"@context":"https:\/\/schema.org","@graph":[{"@type":"Article","@id":"https:\/\/www.carmelitaniscalzi.com\/?p=571187#article","isPartOf":{"@id":"https:\/\/www.carmelitaniscalzi.com\/?p=571187"},"author":{"name":"ocd web master","@id":"https:\/\/www.carmelitaniscalzi.com\/#\/schema\/person\/6d1c0d9bea7b6625c437246a5d6da409"},"headline":"Philippinen: 50-j\u00e4hriges Jubil\u00e4um der Basilika Notre-Dame du Mont-Carmel als Pfarrei.","datePublished":"2026-03-16T01:00:14+00:00","mainEntityOfPage":{"@id":"https:\/\/www.carmelitaniscalzi.com\/?p=571187"},"wordCount":215,"publisher":{"@id":"https:\/\/www.carmelitaniscalzi.com\/#organization"},"image":{"@id":"https:\/\/www.carmelitaniscalzi.com\/?p=571187#primaryimage"},"thumbnailUrl":"https:\/\/www.carmelitaniscalzi.com\/wp-content\/uploads\/2026\/03\/cover_filippine_02.2026.jpg","articleSection":["Nachrichten \u00fcber Br\u00fcder","Nachrichten"],"inLanguage":"de"},{"@type":"WebPage","@id":"https:\/\/www.carmelitaniscalzi.com\/?p=571187","url":"https:\/\/www.carmelitaniscalzi.com\/?p=571187","name":"Philippinen: 50-j\u00e4hriges Jubil\u00e4um der Basilika Notre-Dame du Mont-Carmel als Pfarrei. - UNBESCHUHTE KARMELITEN","isPartOf":{"@id":"https:\/\/www.carmelitaniscalzi.com\/#website"},"primaryImageOfPage":{"@id":"https:\/\/www.carmelitaniscalzi.com\/?p=571187#primaryimage"},"image":{"@id":"https:\/\/www.carmelitaniscalzi.com\/?p=571187#primaryimage"},"thumbnailUrl":"https:\/\/www.carmelitaniscalzi.com\/wp-content\/uploads\/2026\/03\/cover_filippine_02.2026.jpg","datePublished":"2026-03-16T01:00:14+00:00","breadcrumb":{"@id":"https:\/\/www.carmelitaniscalzi.com\/?p=571187#breadcrumb"},"inLanguage":"de","potentialAction":[{"@type":"ReadAction","target":["https:\/\/www.carmelitaniscalzi.com\/?p=571187"]}]},{"@type":"ImageObject","inLanguage":"de","@id":"https:\/\/www.carmelitaniscalzi.com\/?p=571187#primaryimage","url":"https:\/\/www.carmelitaniscalzi.com\/wp-content\/uploads\/2026\/03\/cover_filippine_02.2026.jpg","contentUrl":"https:\/\/www.carmelitaniscalzi.com\/wp-content\/uploads\/2026\/03\/cover_filippine_02.2026.jpg","width":1200,"height":800},{"@type":"BreadcrumbList","@id":"https:\/\/www.carmelitaniscalzi.com\/?p=571187#breadcrumb","itemListElement":[{"@type":"ListItem","position":1,"name":"Home","item":"https:\/\/www.carmelitaniscalzi.com\/de\/"},{"@type":"ListItem","position":2,"name":"Philippinen: 50-j\u00e4hriges Jubil\u00e4um der Basilika Notre-Dame du Mont-Carmel als Pfarrei."}]},{"@type":"WebSite","@id":"https:\/\/www.carmelitaniscalzi.com\/#website","url":"https:\/\/www.carmelitaniscalzi.com\/","name":"CARMELITANI SCALZI - Curia Generale del Carmelo Teresiano","description":"Generalkurie des Teresianischen Karmel","publisher":{"@id":"https:\/\/www.carmelitaniscalzi.com\/#organization"},"alternateName":"CARMELITANI SCALZI","potentialAction":[{"@type":"SearchAction","target":{"@type":"EntryPoint","urlTemplate":"https:\/\/www.carmelitaniscalzi.com\/?s={search_term_string}"},"query-input":{"@type":"PropertyValueSpecification","valueRequired":true,"valueName":"search_term_string"}}],"inLanguage":"de"},{"@type":"Organization","@id":"https:\/\/www.carmelitaniscalzi.com\/#organization","name":"CARMELITANI SCALZI - Curia Generale del Carmelo Teresiano","url":"https:\/\/www.carmelitaniscalzi.com\/","logo":{"@type":"ImageObject","inLanguage":"de","@id":"https:\/\/www.carmelitaniscalzi.com\/#\/schema\/logo\/image\/","url":"https:\/\/www.carmelitaniscalzi.com\/wp-content\/uploads\/2025\/11\/login-logo.png","contentUrl":"https:\/\/www.carmelitaniscalzi.com\/wp-content\/uploads\/2025\/11\/login-logo.png","width":256,"height":256,"caption":"CARMELITANI SCALZI - Curia Generale del Carmelo Teresiano"},"image":{"@id":"https:\/\/www.carmelitaniscalzi.com\/#\/schema\/logo\/image\/"},"sameAs":["https:\/\/www.facebook.com\/Curia-Generalizia-Carmelitani-Scalzi-658766940887784\/","https:\/\/x.com\/ocdcuria","https:\/\/www.youtube.com\/channel\/UC2J5ZL0ycOY0qBSTCLX_NGQ\/videos","https:\/\/www.instagram.com\/ocdinform\/"]},{"@type":"Person","@id":"https:\/\/www.carmelitaniscalzi.com\/#\/schema\/person\/6d1c0d9bea7b6625c437246a5d6da409","name":"ocd web master","image":{"@type":"ImageObject","inLanguage":"de","@id":"https:\/\/www.carmelitaniscalzi.com\/#\/schema\/person\/image\/","url":"https:\/\/secure.gravatar.com\/avatar\/41fbc5f82bad909fbaf2984c43fa50d8519ac5853e25b454d022b6868f80d0e7?s=96&d=mm&r=g","contentUrl":"https:\/\/secure.gravatar.com\/avatar\/41fbc5f82bad909fbaf2984c43fa50d8519ac5853e25b454d022b6868f80d0e7?s=96&d=mm&r=g","caption":"ocd web master"},"url":"https:\/\/www.carmelitaniscalzi.com\/de\/author\/ocdwebmaster\/"}]}},"_links":{"self":[{"href":"https:\/\/www.carmelitaniscalzi.com\/de\/wp-json\/wp\/v2\/posts\/571197","targetHints":{"allow":["GET"]}}],"collection":[{"href":"https:\/\/www.carmelitaniscalzi.com\/de\/wp-json\/wp\/v2\/posts"}],"about":[{"href":"https:\/\/www.carmelitaniscalzi.com\/de\/wp-json\/wp\/v2\/types\/post"}],"author":[{"embeddable":true,"href":"https:\/\/www.carmelitaniscalzi.com\/de\/wp-json\/wp\/v2\/users\/7"}],"replies":[{"embeddable":true,"href":"https:\/\/www.carmelitaniscalzi.com\/de\/wp-json\/wp\/v2\/comments?post=571197"}],"version-history":[{"count":1,"href":"https:\/\/www.carmelitaniscalzi.com\/de\/wp-json\/wp\/v2\/posts\/571197\/revisions"}],"predecessor-version":[{"id":571198,"href":"https:\/\/www.carmelitaniscalzi.com\/de\/wp-json\/wp\/v2\/posts\/571197\/revisions\/571198"}],"wp:featuredmedia":[{"embeddable":true,"href":"https:\/\/www.carmelitaniscalzi.com\/de\/wp-json\/wp\/v2\/media\/571044"}],"wp:attachment":[{"href":"https:\/\/www.carmelitaniscalzi.com\/de\/wp-json\/wp\/v2\/media?parent=571197"}],"wp:term":[{"taxonomy":"category","embeddable":true,"href":"https:\/\/www.carmelitaniscalzi.com\/de\/wp-json\/wp\/v2\/categories?post=571197"},{"taxonomy":"post_tag","embeddable":true,"href":"https:\/\/www.carmelitaniscalzi.com\/de\/wp-json\/wp\/v2\/tags?post=571197"}],"curies":[{"name":"wp","href":"https:\/\/api.w.org\/{rel}","templated":true}]}}