{"id":571129,"date":"2026-03-04T06:03:50","date_gmt":"2026-03-04T05:03:50","guid":{"rendered":"https:\/\/www.carmelitaniscalzi.com\/?p=571129"},"modified":"2026-03-05T06:04:22","modified_gmt":"2026-03-05T05:04:22","slug":"spanien-das-authentische-gesicht-des-heiligen-johannes-vom-kreuz","status":"publish","type":"post","link":"https:\/\/www.carmelitaniscalzi.com\/de\/2026\/03\/04\/spanien-das-authentische-gesicht-des-heiligen-johannes-vom-kreuz\/","title":{"rendered":"Spanien: Das authentische Gesicht des Heiligen Johannes vom Kreuz"},"content":{"rendered":"<p>Die Ausstellung <em>\u201eSan Juan de la Cruz, Esperanza de alto Vuelo\u201d<\/em>, die im Rahmen der Hundertjahrfeierlichkeiten zu Ehren des Heiligen Johannes vom Kreuz in Alba de Tormes zu sehen ist, umfasst eines der historisch und wissenschaftlich bedeutendsten Elemente: die Rekonstruktion des Gesichts des Heiligen Johannes vom Kreuz.<\/p>\n<p>Die Studie mit dem Titel <em>\u201eFisonom\u00eda original de San Juan de la Cruz\u201d<\/em> beschreibt den Prozess, der es erm\u00f6glichte, sich dem wahren Gesicht des mystischen Doktors anzun\u00e4hern. Dieser Prozess begann 1992 in Segovia anl\u00e4sslich des 400. Todestages des Heiligen mit der kanonischen Anerkennung. Unter der Leitung von Dr. Massimo Benedettucci wurde die wissenschaftliche Rekonstruktion des Gesichts anhand des Sch\u00e4dels des Heiligen Johannes vom Kreuz durchgef\u00fchrt.<\/p>\n<p>Die verwendete Technik bestand darin, einen Gipsabdruck anzufertigen, die Muskeln und Weichteile anatomisch zu rekonstruieren und die nicht direkt durch die Knochenstruktur definierten Gesichtsz\u00fcge anhand historischer Beschreibungen, insbesondere denen von Pater Jer\u00f3nimo de San Jos\u00e9 (Ezquerra de Rozas), zu interpretieren. Die Rekonstruktion wurde anschlie\u00dfend mit Hilfe der Wachsausschmelztechnik in der <em>Fonderia Artistica Cavallari<\/em> in Rom in eine B\u00fcste umgewandelt. Der K\u00fcnstler Alejandro L\u00f3pez Araguez schuf eine B\u00fcste in traditioneller \u00d6lpolychromie, die dem Ganzen mehr Realismus und Ausdruckskraft verleiht.<\/p>\n<p>&nbsp;<\/p>\n<div class=\"wpmf-gallerys wpmf-gallerys-life \" ><div id=\"gallery-1\"\n data-gutter-width=\"5\"\n  data-wpmfcolumns=\"3\" class=\"wpmf-gallery gallery-link-file gallery_life gallery-masonry gallery-columns-3 gallery-size-thumbnail wpmf-gallery-bottomspace-default wpmf-gallery-clear wpmf-has-border-radius-0 wpmf-gutterwidth-5\"><div class=\"wpmf-gallery-item\n     wpmf-gallery-item-position-0 wpmf-gallery-item-attachment-570960\" data-index=\"0\"><div class=\"wpmf-gallery-icon\"><a class=\" not_video noLightbox\" data-lightbox=\"1\" data-href=\"https:\/\/www.carmelitaniscalzi.com\/wp-content\/uploads\/2026\/03\/Giovanni-1.png\" title=\"Giovanni 1\" target=\"_self\" data-index=\"0\"><img decoding=\"async\" class=\"wpmf_img\" alt=\"Giovanni 1\" src=\"https:\/\/www.carmelitaniscalzi.com\/wp-content\/uploads\/2026\/03\/Giovanni-1-150x150.png\" data-type=\"wpmfgalleryimg\" data-lazy-src=\"https:\/\/www.carmelitaniscalzi.com\/wp-content\/uploads\/2026\/03\/Giovanni-1-150x150.png\"><\/a><\/div><\/div><div class=\"wpmf-gallery-item\n     wpmf-gallery-item-position-1 wpmf-gallery-item-attachment-570966\" data-index=\"1\"><div class=\"wpmf-gallery-icon\"><a class=\" not_video noLightbox\" data-lightbox=\"1\" data-href=\"https:\/\/www.carmelitaniscalzi.com\/wp-content\/uploads\/2026\/03\/Giovanni-2.jpg\" title=\"Giovanni 2\" target=\"_self\" data-index=\"1\"><img decoding=\"async\" class=\"wpmf_img\" alt=\"Giovanni 2\" src=\"https:\/\/www.carmelitaniscalzi.com\/wp-content\/uploads\/2026\/03\/Giovanni-2-150x150.jpg\" data-type=\"wpmfgalleryimg\" data-lazy-src=\"https:\/\/www.carmelitaniscalzi.com\/wp-content\/uploads\/2026\/03\/Giovanni-2-150x150.jpg\"><\/a><\/div><\/div><div class=\"wpmf-gallery-item\n     wpmf-gallery-item-position-2 wpmf-gallery-item-attachment-570972\" data-index=\"2\"><div class=\"wpmf-gallery-icon\"><a class=\" not_video noLightbox\" data-lightbox=\"1\" data-href=\"https:\/\/www.carmelitaniscalzi.com\/wp-content\/uploads\/2026\/03\/Giovanni-3.jpg\" title=\"Giovanni 3\" target=\"_self\" data-index=\"2\"><img decoding=\"async\" class=\"wpmf_img\" alt=\"Giovanni 3\" src=\"https:\/\/www.carmelitaniscalzi.com\/wp-content\/uploads\/2026\/03\/Giovanni-3-150x150.jpg\" data-type=\"wpmfgalleryimg\" data-lazy-src=\"https:\/\/www.carmelitaniscalzi.com\/wp-content\/uploads\/2026\/03\/Giovanni-3-150x150.jpg\"><\/a><\/div><\/div><\/div><\/div>\n\n","protected":false},"excerpt":{"rendered":"<p>Die Ausstellung \u201eSan Juan de la Cruz, Esperanza de alto Vuelo\u201d, die im Rahmen der Hundertjahrfeierlichkeiten zu Ehren des Heiligen Johannes vom Kreuz in Alba de Tormes zu sehen ist, umfasst eines der historisch und wissenschaftlich bedeutendsten Elemente: die Rekonstruktion des Gesichts des Heiligen Johannes vom Kreuz. Die Studie mit dem Titel \u201eFisonom\u00eda original de [&hellip;]<\/p>\n","protected":false},"author":7,"featured_media":570954,"comment_status":"closed","ping_status":"closed","sticky":false,"template":"","format":"standard","meta":{"_acf_changed":false,"footnotes":""},"categories":[218,371],"tags":[],"class_list":["post-571129","post","type-post","status-publish","format-standard","has-post-thumbnail","hentry","category-nachrichten-ueber-brueder","category-nachrichten"],"acf":[],"yoast_head":"<!-- This site is optimized with the Yoast SEO plugin v26.3 - https:\/\/yoast.com\/wordpress\/plugins\/seo\/ -->\n<title>Spanien: Das authentische Gesicht des Heiligen Johannes vom Kreuz - UNBESCHUHTE KARMELITEN<\/title>\n<meta name=\"robots\" content=\"index, follow, max-snippet:-1, max-image-preview:large, max-video-preview:-1\" \/>\n<link rel=\"canonical\" href=\"https:\/\/www.carmelitaniscalzi.com\/de\/2026\/03\/04\/spanien-das-authentische-gesicht-des-heiligen-johannes-vom-kreuz\/\" \/>\n<meta property=\"og:locale\" content=\"de_DE\" \/>\n<meta property=\"og:type\" content=\"article\" \/>\n<meta property=\"og:title\" content=\"Spanien: Das authentische Gesicht des Heiligen Johannes vom Kreuz - UNBESCHUHTE KARMELITEN\" \/>\n<meta property=\"og:description\" content=\"Die Ausstellung \u201eSan Juan de la Cruz, Esperanza de alto Vuelo\u201d, die im Rahmen der Hundertjahrfeierlichkeiten zu Ehren des Heiligen Johannes vom Kreuz in Alba de Tormes zu sehen ist, umfasst eines der historisch und wissenschaftlich bedeutendsten Elemente: die Rekonstruktion des Gesichts des Heiligen Johannes vom Kreuz. Die Studie mit dem Titel \u201eFisonom\u00eda original de [&hellip;]\" \/>\n<meta property=\"og:url\" content=\"https:\/\/www.carmelitaniscalzi.com\/de\/2026\/03\/04\/spanien-das-authentische-gesicht-des-heiligen-johannes-vom-kreuz\/\" \/>\n<meta property=\"og:site_name\" content=\"UNBESCHUHTE KARMELITEN\" \/>\n<meta property=\"article:publisher\" content=\"https:\/\/www.facebook.com\/Curia-Generalizia-Carmelitani-Scalzi-658766940887784\/\" \/>\n<meta property=\"article:published_time\" content=\"2026-03-04T05:03:50+00:00\" \/>\n<meta property=\"article:modified_time\" content=\"2026-03-05T05:04:22+00:00\" \/>\n<meta property=\"og:image\" content=\"https:\/\/www.carmelitaniscalzi.com\/wp-content\/uploads\/2026\/03\/cover_giovanni_02.2026.jpg\" \/>\n\t<meta property=\"og:image:width\" content=\"1200\" \/>\n\t<meta property=\"og:image:height\" content=\"800\" \/>\n\t<meta property=\"og:image:type\" content=\"image\/jpeg\" \/>\n<meta name=\"author\" content=\"ocd web master\" \/>\n<meta name=\"twitter:card\" content=\"summary_large_image\" \/>\n<meta name=\"twitter:creator\" content=\"@ocdcuria\" \/>\n<meta name=\"twitter:site\" content=\"@ocdcuria\" \/>\n<meta name=\"twitter:label1\" content=\"Verfasst von\" \/>\n\t<meta name=\"twitter:data1\" content=\"ocd web master\" \/>\n\t<meta name=\"twitter:label2\" content=\"Gesch\u00e4tzte Lesezeit\" \/>\n\t<meta name=\"twitter:data2\" content=\"2\u00a0Minuten\" \/>\n<script type=\"application\/ld+json\" class=\"yoast-schema-graph\">{\"@context\":\"https:\/\/schema.org\",\"@graph\":[{\"@type\":\"Article\",\"@id\":\"https:\/\/www.carmelitaniscalzi.com\/de\/2026\/03\/04\/spanien-das-authentische-gesicht-des-heiligen-johannes-vom-kreuz\/#article\",\"isPartOf\":{\"@id\":\"https:\/\/www.carmelitaniscalzi.com\/de\/2026\/03\/04\/spanien-das-authentische-gesicht-des-heiligen-johannes-vom-kreuz\/\"},\"author\":{\"name\":\"ocd web master\",\"@id\":\"https:\/\/www.carmelitaniscalzi.com\/#\/schema\/person\/6d1c0d9bea7b6625c437246a5d6da409\"},\"headline\":\"Spanien: Das authentische Gesicht des Heiligen Johannes vom Kreuz\",\"datePublished\":\"2026-03-04T05:03:50+00:00\",\"dateModified\":\"2026-03-05T05:04:22+00:00\",\"mainEntityOfPage\":{\"@id\":\"https:\/\/www.carmelitaniscalzi.com\/de\/2026\/03\/04\/spanien-das-authentische-gesicht-des-heiligen-johannes-vom-kreuz\/\"},\"wordCount\":220,\"publisher\":{\"@id\":\"https:\/\/www.carmelitaniscalzi.com\/#organization\"},\"image\":{\"@id\":\"https:\/\/www.carmelitaniscalzi.com\/de\/2026\/03\/04\/spanien-das-authentische-gesicht-des-heiligen-johannes-vom-kreuz\/#primaryimage\"},\"thumbnailUrl\":\"https:\/\/www.carmelitaniscalzi.com\/wp-content\/uploads\/2026\/03\/cover_giovanni_02.2026.jpg\",\"articleSection\":[\"Nachrichten \u00fcber Br\u00fcder\",\"Nachrichten\"],\"inLanguage\":\"de\"},{\"@type\":\"WebPage\",\"@id\":\"https:\/\/www.carmelitaniscalzi.com\/de\/2026\/03\/04\/spanien-das-authentische-gesicht-des-heiligen-johannes-vom-kreuz\/\",\"url\":\"https:\/\/www.carmelitaniscalzi.com\/de\/2026\/03\/04\/spanien-das-authentische-gesicht-des-heiligen-johannes-vom-kreuz\/\",\"name\":\"Spanien: Das authentische Gesicht des Heiligen Johannes vom Kreuz - UNBESCHUHTE KARMELITEN\",\"isPartOf\":{\"@id\":\"https:\/\/www.carmelitaniscalzi.com\/#website\"},\"primaryImageOfPage\":{\"@id\":\"https:\/\/www.carmelitaniscalzi.com\/de\/2026\/03\/04\/spanien-das-authentische-gesicht-des-heiligen-johannes-vom-kreuz\/#primaryimage\"},\"image\":{\"@id\":\"https:\/\/www.carmelitaniscalzi.com\/de\/2026\/03\/04\/spanien-das-authentische-gesicht-des-heiligen-johannes-vom-kreuz\/#primaryimage\"},\"thumbnailUrl\":\"https:\/\/www.carmelitaniscalzi.com\/wp-content\/uploads\/2026\/03\/cover_giovanni_02.2026.jpg\",\"datePublished\":\"2026-03-04T05:03:50+00:00\",\"dateModified\":\"2026-03-05T05:04:22+00:00\",\"breadcrumb\":{\"@id\":\"https:\/\/www.carmelitaniscalzi.com\/de\/2026\/03\/04\/spanien-das-authentische-gesicht-des-heiligen-johannes-vom-kreuz\/#breadcrumb\"},\"inLanguage\":\"de\",\"potentialAction\":[{\"@type\":\"ReadAction\",\"target\":[\"https:\/\/www.carmelitaniscalzi.com\/de\/2026\/03\/04\/spanien-das-authentische-gesicht-des-heiligen-johannes-vom-kreuz\/\"]}]},{\"@type\":\"ImageObject\",\"inLanguage\":\"de\",\"@id\":\"https:\/\/www.carmelitaniscalzi.com\/de\/2026\/03\/04\/spanien-das-authentische-gesicht-des-heiligen-johannes-vom-kreuz\/#primaryimage\",\"url\":\"https:\/\/www.carmelitaniscalzi.com\/wp-content\/uploads\/2026\/03\/cover_giovanni_02.2026.jpg\",\"contentUrl\":\"https:\/\/www.carmelitaniscalzi.com\/wp-content\/uploads\/2026\/03\/cover_giovanni_02.2026.jpg\",\"width\":1200,\"height\":800},{\"@type\":\"BreadcrumbList\",\"@id\":\"https:\/\/www.carmelitaniscalzi.com\/de\/2026\/03\/04\/spanien-das-authentische-gesicht-des-heiligen-johannes-vom-kreuz\/#breadcrumb\",\"itemListElement\":[{\"@type\":\"ListItem\",\"position\":1,\"name\":\"Home\",\"item\":\"https:\/\/www.carmelitaniscalzi.com\/de\/\"},{\"@type\":\"ListItem\",\"position\":2,\"name\":\"Spanien: Das authentische Gesicht des Heiligen Johannes vom Kreuz\"}]},{\"@type\":\"WebSite\",\"@id\":\"https:\/\/www.carmelitaniscalzi.com\/#website\",\"url\":\"https:\/\/www.carmelitaniscalzi.com\/\",\"name\":\"CARMELITANI SCALZI - Curia Generale del Carmelo Teresiano\",\"description\":\"Generalkurie des Teresianischen Karmel\",\"publisher\":{\"@id\":\"https:\/\/www.carmelitaniscalzi.com\/#organization\"},\"alternateName\":\"CARMELITANI SCALZI\",\"potentialAction\":[{\"@type\":\"SearchAction\",\"target\":{\"@type\":\"EntryPoint\",\"urlTemplate\":\"https:\/\/www.carmelitaniscalzi.com\/?s={search_term_string}\"},\"query-input\":{\"@type\":\"PropertyValueSpecification\",\"valueRequired\":true,\"valueName\":\"search_term_string\"}}],\"inLanguage\":\"de\"},{\"@type\":\"Organization\",\"@id\":\"https:\/\/www.carmelitaniscalzi.com\/#organization\",\"name\":\"CARMELITANI SCALZI - Curia Generale del Carmelo Teresiano\",\"url\":\"https:\/\/www.carmelitaniscalzi.com\/\",\"logo\":{\"@type\":\"ImageObject\",\"inLanguage\":\"de\",\"@id\":\"https:\/\/www.carmelitaniscalzi.com\/#\/schema\/logo\/image\/\",\"url\":\"https:\/\/www.carmelitaniscalzi.com\/wp-content\/uploads\/2025\/11\/login-logo.png\",\"contentUrl\":\"https:\/\/www.carmelitaniscalzi.com\/wp-content\/uploads\/2025\/11\/login-logo.png\",\"width\":256,\"height\":256,\"caption\":\"CARMELITANI SCALZI - Curia Generale del Carmelo Teresiano\"},\"image\":{\"@id\":\"https:\/\/www.carmelitaniscalzi.com\/#\/schema\/logo\/image\/\"},\"sameAs\":[\"https:\/\/www.facebook.com\/Curia-Generalizia-Carmelitani-Scalzi-658766940887784\/\",\"https:\/\/x.com\/ocdcuria\",\"https:\/\/www.youtube.com\/channel\/UC2J5ZL0ycOY0qBSTCLX_NGQ\/videos\",\"https:\/\/www.instagram.com\/ocdinform\/\"]},{\"@type\":\"Person\",\"@id\":\"https:\/\/www.carmelitaniscalzi.com\/#\/schema\/person\/6d1c0d9bea7b6625c437246a5d6da409\",\"name\":\"ocd web master\",\"image\":{\"@type\":\"ImageObject\",\"inLanguage\":\"de\",\"@id\":\"https:\/\/www.carmelitaniscalzi.com\/#\/schema\/person\/image\/\",\"url\":\"https:\/\/secure.gravatar.com\/avatar\/41fbc5f82bad909fbaf2984c43fa50d8519ac5853e25b454d022b6868f80d0e7?s=96&d=mm&r=g\",\"contentUrl\":\"https:\/\/secure.gravatar.com\/avatar\/41fbc5f82bad909fbaf2984c43fa50d8519ac5853e25b454d022b6868f80d0e7?s=96&d=mm&r=g\",\"caption\":\"ocd web master\"},\"url\":\"https:\/\/www.carmelitaniscalzi.com\/de\/author\/ocdwebmaster\/\"}]}<\/script>\n<!-- \/ Yoast SEO plugin. -->","yoast_head_json":{"title":"Spanien: Das authentische Gesicht des Heiligen Johannes vom Kreuz - UNBESCHUHTE KARMELITEN","robots":{"index":"index","follow":"follow","max-snippet":"max-snippet:-1","max-image-preview":"max-image-preview:large","max-video-preview":"max-video-preview:-1"},"canonical":"https:\/\/www.carmelitaniscalzi.com\/de\/2026\/03\/04\/spanien-das-authentische-gesicht-des-heiligen-johannes-vom-kreuz\/","og_locale":"de_DE","og_type":"article","og_title":"Spanien: Das authentische Gesicht des Heiligen Johannes vom Kreuz - UNBESCHUHTE KARMELITEN","og_description":"Die Ausstellung \u201eSan Juan de la Cruz, Esperanza de alto Vuelo\u201d, die im Rahmen der Hundertjahrfeierlichkeiten zu Ehren des Heiligen Johannes vom Kreuz in Alba de Tormes zu sehen ist, umfasst eines der historisch und wissenschaftlich bedeutendsten Elemente: die Rekonstruktion des Gesichts des Heiligen Johannes vom Kreuz. Die Studie mit dem Titel \u201eFisonom\u00eda original de [&hellip;]","og_url":"https:\/\/www.carmelitaniscalzi.com\/de\/2026\/03\/04\/spanien-das-authentische-gesicht-des-heiligen-johannes-vom-kreuz\/","og_site_name":"UNBESCHUHTE KARMELITEN","article_publisher":"https:\/\/www.facebook.com\/Curia-Generalizia-Carmelitani-Scalzi-658766940887784\/","article_published_time":"2026-03-04T05:03:50+00:00","article_modified_time":"2026-03-05T05:04:22+00:00","og_image":[{"width":1200,"height":800,"url":"https:\/\/www.carmelitaniscalzi.com\/wp-content\/uploads\/2026\/03\/cover_giovanni_02.2026.jpg","type":"image\/jpeg"}],"author":"ocd web master","twitter_card":"summary_large_image","twitter_creator":"@ocdcuria","twitter_site":"@ocdcuria","twitter_misc":{"Verfasst von":"ocd web master","Gesch\u00e4tzte Lesezeit":"2\u00a0Minuten"},"schema":{"@context":"https:\/\/schema.org","@graph":[{"@type":"Article","@id":"https:\/\/www.carmelitaniscalzi.com\/de\/2026\/03\/04\/spanien-das-authentische-gesicht-des-heiligen-johannes-vom-kreuz\/#article","isPartOf":{"@id":"https:\/\/www.carmelitaniscalzi.com\/de\/2026\/03\/04\/spanien-das-authentische-gesicht-des-heiligen-johannes-vom-kreuz\/"},"author":{"name":"ocd web master","@id":"https:\/\/www.carmelitaniscalzi.com\/#\/schema\/person\/6d1c0d9bea7b6625c437246a5d6da409"},"headline":"Spanien: Das authentische Gesicht des Heiligen Johannes vom Kreuz","datePublished":"2026-03-04T05:03:50+00:00","dateModified":"2026-03-05T05:04:22+00:00","mainEntityOfPage":{"@id":"https:\/\/www.carmelitaniscalzi.com\/de\/2026\/03\/04\/spanien-das-authentische-gesicht-des-heiligen-johannes-vom-kreuz\/"},"wordCount":220,"publisher":{"@id":"https:\/\/www.carmelitaniscalzi.com\/#organization"},"image":{"@id":"https:\/\/www.carmelitaniscalzi.com\/de\/2026\/03\/04\/spanien-das-authentische-gesicht-des-heiligen-johannes-vom-kreuz\/#primaryimage"},"thumbnailUrl":"https:\/\/www.carmelitaniscalzi.com\/wp-content\/uploads\/2026\/03\/cover_giovanni_02.2026.jpg","articleSection":["Nachrichten \u00fcber Br\u00fcder","Nachrichten"],"inLanguage":"de"},{"@type":"WebPage","@id":"https:\/\/www.carmelitaniscalzi.com\/de\/2026\/03\/04\/spanien-das-authentische-gesicht-des-heiligen-johannes-vom-kreuz\/","url":"https:\/\/www.carmelitaniscalzi.com\/de\/2026\/03\/04\/spanien-das-authentische-gesicht-des-heiligen-johannes-vom-kreuz\/","name":"Spanien: Das authentische Gesicht des Heiligen Johannes vom Kreuz - UNBESCHUHTE KARMELITEN","isPartOf":{"@id":"https:\/\/www.carmelitaniscalzi.com\/#website"},"primaryImageOfPage":{"@id":"https:\/\/www.carmelitaniscalzi.com\/de\/2026\/03\/04\/spanien-das-authentische-gesicht-des-heiligen-johannes-vom-kreuz\/#primaryimage"},"image":{"@id":"https:\/\/www.carmelitaniscalzi.com\/de\/2026\/03\/04\/spanien-das-authentische-gesicht-des-heiligen-johannes-vom-kreuz\/#primaryimage"},"thumbnailUrl":"https:\/\/www.carmelitaniscalzi.com\/wp-content\/uploads\/2026\/03\/cover_giovanni_02.2026.jpg","datePublished":"2026-03-04T05:03:50+00:00","dateModified":"2026-03-05T05:04:22+00:00","breadcrumb":{"@id":"https:\/\/www.carmelitaniscalzi.com\/de\/2026\/03\/04\/spanien-das-authentische-gesicht-des-heiligen-johannes-vom-kreuz\/#breadcrumb"},"inLanguage":"de","potentialAction":[{"@type":"ReadAction","target":["https:\/\/www.carmelitaniscalzi.com\/de\/2026\/03\/04\/spanien-das-authentische-gesicht-des-heiligen-johannes-vom-kreuz\/"]}]},{"@type":"ImageObject","inLanguage":"de","@id":"https:\/\/www.carmelitaniscalzi.com\/de\/2026\/03\/04\/spanien-das-authentische-gesicht-des-heiligen-johannes-vom-kreuz\/#primaryimage","url":"https:\/\/www.carmelitaniscalzi.com\/wp-content\/uploads\/2026\/03\/cover_giovanni_02.2026.jpg","contentUrl":"https:\/\/www.carmelitaniscalzi.com\/wp-content\/uploads\/2026\/03\/cover_giovanni_02.2026.jpg","width":1200,"height":800},{"@type":"BreadcrumbList","@id":"https:\/\/www.carmelitaniscalzi.com\/de\/2026\/03\/04\/spanien-das-authentische-gesicht-des-heiligen-johannes-vom-kreuz\/#breadcrumb","itemListElement":[{"@type":"ListItem","position":1,"name":"Home","item":"https:\/\/www.carmelitaniscalzi.com\/de\/"},{"@type":"ListItem","position":2,"name":"Spanien: Das authentische Gesicht des Heiligen Johannes vom Kreuz"}]},{"@type":"WebSite","@id":"https:\/\/www.carmelitaniscalzi.com\/#website","url":"https:\/\/www.carmelitaniscalzi.com\/","name":"CARMELITANI SCALZI - Curia Generale del Carmelo Teresiano","description":"Generalkurie des Teresianischen Karmel","publisher":{"@id":"https:\/\/www.carmelitaniscalzi.com\/#organization"},"alternateName":"CARMELITANI SCALZI","potentialAction":[{"@type":"SearchAction","target":{"@type":"EntryPoint","urlTemplate":"https:\/\/www.carmelitaniscalzi.com\/?s={search_term_string}"},"query-input":{"@type":"PropertyValueSpecification","valueRequired":true,"valueName":"search_term_string"}}],"inLanguage":"de"},{"@type":"Organization","@id":"https:\/\/www.carmelitaniscalzi.com\/#organization","name":"CARMELITANI SCALZI - Curia Generale del Carmelo Teresiano","url":"https:\/\/www.carmelitaniscalzi.com\/","logo":{"@type":"ImageObject","inLanguage":"de","@id":"https:\/\/www.carmelitaniscalzi.com\/#\/schema\/logo\/image\/","url":"https:\/\/www.carmelitaniscalzi.com\/wp-content\/uploads\/2025\/11\/login-logo.png","contentUrl":"https:\/\/www.carmelitaniscalzi.com\/wp-content\/uploads\/2025\/11\/login-logo.png","width":256,"height":256,"caption":"CARMELITANI SCALZI - Curia Generale del Carmelo Teresiano"},"image":{"@id":"https:\/\/www.carmelitaniscalzi.com\/#\/schema\/logo\/image\/"},"sameAs":["https:\/\/www.facebook.com\/Curia-Generalizia-Carmelitani-Scalzi-658766940887784\/","https:\/\/x.com\/ocdcuria","https:\/\/www.youtube.com\/channel\/UC2J5ZL0ycOY0qBSTCLX_NGQ\/videos","https:\/\/www.instagram.com\/ocdinform\/"]},{"@type":"Person","@id":"https:\/\/www.carmelitaniscalzi.com\/#\/schema\/person\/6d1c0d9bea7b6625c437246a5d6da409","name":"ocd web master","image":{"@type":"ImageObject","inLanguage":"de","@id":"https:\/\/www.carmelitaniscalzi.com\/#\/schema\/person\/image\/","url":"https:\/\/secure.gravatar.com\/avatar\/41fbc5f82bad909fbaf2984c43fa50d8519ac5853e25b454d022b6868f80d0e7?s=96&d=mm&r=g","contentUrl":"https:\/\/secure.gravatar.com\/avatar\/41fbc5f82bad909fbaf2984c43fa50d8519ac5853e25b454d022b6868f80d0e7?s=96&d=mm&r=g","caption":"ocd web master"},"url":"https:\/\/www.carmelitaniscalzi.com\/de\/author\/ocdwebmaster\/"}]}},"_links":{"self":[{"href":"https:\/\/www.carmelitaniscalzi.com\/de\/wp-json\/wp\/v2\/posts\/571129","targetHints":{"allow":["GET"]}}],"collection":[{"href":"https:\/\/www.carmelitaniscalzi.com\/de\/wp-json\/wp\/v2\/posts"}],"about":[{"href":"https:\/\/www.carmelitaniscalzi.com\/de\/wp-json\/wp\/v2\/types\/post"}],"author":[{"embeddable":true,"href":"https:\/\/www.carmelitaniscalzi.com\/de\/wp-json\/wp\/v2\/users\/7"}],"replies":[{"embeddable":true,"href":"https:\/\/www.carmelitaniscalzi.com\/de\/wp-json\/wp\/v2\/comments?post=571129"}],"version-history":[{"count":1,"href":"https:\/\/www.carmelitaniscalzi.com\/de\/wp-json\/wp\/v2\/posts\/571129\/revisions"}],"predecessor-version":[{"id":571130,"href":"https:\/\/www.carmelitaniscalzi.com\/de\/wp-json\/wp\/v2\/posts\/571129\/revisions\/571130"}],"wp:featuredmedia":[{"embeddable":true,"href":"https:\/\/www.carmelitaniscalzi.com\/de\/wp-json\/wp\/v2\/media\/570954"}],"wp:attachment":[{"href":"https:\/\/www.carmelitaniscalzi.com\/de\/wp-json\/wp\/v2\/media?parent=571129"}],"wp:term":[{"taxonomy":"category","embeddable":true,"href":"https:\/\/www.carmelitaniscalzi.com\/de\/wp-json\/wp\/v2\/categories?post=571129"},{"taxonomy":"post_tag","embeddable":true,"href":"https:\/\/www.carmelitaniscalzi.com\/de\/wp-json\/wp\/v2\/tags?post=571129"}],"curies":[{"name":"wp","href":"https:\/\/api.w.org\/{rel}","templated":true}]}}