{"id":560376,"date":"2026-02-26T02:00:13","date_gmt":"2026-02-26T01:00:13","guid":{"rendered":"https:\/\/www.carmelitaniscalzi.com\/?p=560376"},"modified":"2026-02-23T02:25:39","modified_gmt":"2026-02-23T01:25:39","slug":"italien-neujahr-bei-den-karmeliten-junge-menschen-auf-dem-weg-zwischen-glauben-und-gebet","status":"publish","type":"post","link":"https:\/\/www.carmelitaniscalzi.com\/de\/2026\/02\/26\/italien-neujahr-bei-den-karmeliten-junge-menschen-auf-dem-weg-zwischen-glauben-und-gebet\/","title":{"rendered":"Italien: Neujahr bei den Karmeliten, junge Menschen auf dem Weg zwischen Glauben und Gebet."},"content":{"rendered":"<p>Vom 29. bis 31. Dezember haben wir mit der zweiten Etappe des Karmeliterwegs f\u00fcr junge Menschen eine sehr sch\u00f6ne Erfahrung gemacht. F\u00fcnfundzwanzig Jugendliche haben sich entschieden, das vergangene Jahr zu verabschieden und das neue Jahr zu beginnen, indem sie sich mit einem leichten Rucksack und dem gro\u00dfen Wunsch, ihren Glauben und ihre Freundschaft zu teilen, auf den Weg gemacht haben. Das Thema, das uns dieses Jahr begleitet, ist das Gebet unter der Leitung der Heiligen Teresa von \u00c1vila: ein einfaches, konkretes Gebet, das im Alltag m\u00f6glich ist.<\/p>\n<p>Die Sonne begleitete uns auf zwei sehr sch\u00f6nen Wanderungen: die erste von Montemarcello nach Ameglia und die zweite in der Umgebung von Portovenere bis zum Fort Mottarone. Was diese Erfahrung noch besonderer machte, war das Haus, das uns aufgenommen hat, unser Kloster in Bocca di Magra. Dazu kamen noch zwei sch\u00f6ne \u201eBonusse\u201d. Der erste: die M\u00f6glichkeit, am 28. Dezember in Arenzano anzukommen, um am Abschluss des Jubil\u00e4ums und am Gebet f\u00fcr leidende Kinder teilzunehmen. Der zweite: F\u00fcr diejenigen, die konnten, gab es die M\u00f6glichkeit, bis Neujahr in Arenzano zu bleiben, mit Mitternachtsmesse, Feuerwerk und einem zus\u00e4tzlichen Tag, um die Reliquien der Heiligen Therese vom Kinde Jesu zu empfangen, die zu dieser Zeit dort waren.<\/p>\n<p>Es waren intensive Tage, die wir in Einfachheit und Tiefe verbrachten: Wandern, Beten, Freundschaft und eine gro\u00dfe Bereitschaft zum Zuh\u00f6ren. Eine sch\u00f6ne Art, das neue Jahr zu beginnen&#8230; Schritt f\u00fcr Schritt, gemeinsam.<\/p>\n<p>&nbsp;<\/p>\n<div class=\"wpmf-gallerys wpmf-gallerys-life \" ><div id=\"gallery-1\"\n data-gutter-width=\"5\"\n  data-wpmfcolumns=\"5\" class=\"wpmf-gallery gallery-link-file gallery_life gallery-masonry gallery-columns-5 gallery-size-thumbnail wpmf-gallery-bottomspace-default wpmf-gallery-clear wpmf-has-border-radius-0 wpmf-gutterwidth-5\"><div class=\"wpmf-gallery-item\n     wpmf-gallery-item-position-0 wpmf-gallery-item-attachment-560084\" data-index=\"0\"><div class=\"wpmf-gallery-icon\"><a class=\" not_video noLightbox\" data-lightbox=\"1\" data-href=\"https:\/\/www.carmelitaniscalzi.com\/wp-content\/uploads\/2026\/02\/Italia-1.jpg\" title=\"Italia 1\" target=\"_self\" data-index=\"0\"><img decoding=\"async\" class=\"wpmf_img\" alt=\"Italia 1\" src=\"https:\/\/www.carmelitaniscalzi.com\/wp-content\/uploads\/2026\/02\/Italia-1-150x150.jpg\" data-type=\"wpmfgalleryimg\" data-lazy-src=\"https:\/\/www.carmelitaniscalzi.com\/wp-content\/uploads\/2026\/02\/Italia-1-150x150.jpg\"><\/a><\/div><\/div><div class=\"wpmf-gallery-item\n     wpmf-gallery-item-position-1 wpmf-gallery-item-attachment-560090\" data-index=\"1\"><div class=\"wpmf-gallery-icon\"><a class=\" not_video noLightbox\" data-lightbox=\"1\" data-href=\"https:\/\/www.carmelitaniscalzi.com\/wp-content\/uploads\/2026\/02\/Italia-2.jpg\" title=\"Italia 2\" target=\"_self\" data-index=\"1\"><img decoding=\"async\" class=\"wpmf_img\" alt=\"Italia 2\" src=\"https:\/\/www.carmelitaniscalzi.com\/wp-content\/uploads\/2026\/02\/Italia-2-150x150.jpg\" data-type=\"wpmfgalleryimg\" data-lazy-src=\"https:\/\/www.carmelitaniscalzi.com\/wp-content\/uploads\/2026\/02\/Italia-2-150x150.jpg\"><\/a><\/div><\/div><div class=\"wpmf-gallery-item\n     wpmf-gallery-item-position-2 wpmf-gallery-item-attachment-560096\" data-index=\"2\"><div class=\"wpmf-gallery-icon\"><a class=\" not_video noLightbox\" data-lightbox=\"1\" data-href=\"https:\/\/www.carmelitaniscalzi.com\/wp-content\/uploads\/2026\/02\/Italia-3.jpg\" title=\"Italia 3\" target=\"_self\" data-index=\"2\"><img decoding=\"async\" class=\"wpmf_img\" alt=\"Italia 3\" src=\"https:\/\/www.carmelitaniscalzi.com\/wp-content\/uploads\/2026\/02\/Italia-3-150x150.jpg\" data-type=\"wpmfgalleryimg\" data-lazy-src=\"https:\/\/www.carmelitaniscalzi.com\/wp-content\/uploads\/2026\/02\/Italia-3-150x150.jpg\"><\/a><\/div><\/div><div class=\"wpmf-gallery-item\n     wpmf-gallery-item-position-3 wpmf-gallery-item-attachment-560102\" data-index=\"3\"><div class=\"wpmf-gallery-icon\"><a class=\" not_video noLightbox\" data-lightbox=\"1\" data-href=\"https:\/\/www.carmelitaniscalzi.com\/wp-content\/uploads\/2026\/02\/Italia-4.jpg\" title=\"Italia 4\" target=\"_self\" data-index=\"3\"><img decoding=\"async\" class=\"wpmf_img\" alt=\"Italia 4\" src=\"https:\/\/www.carmelitaniscalzi.com\/wp-content\/uploads\/2026\/02\/Italia-4-150x150.jpg\" data-type=\"wpmfgalleryimg\" data-lazy-src=\"https:\/\/www.carmelitaniscalzi.com\/wp-content\/uploads\/2026\/02\/Italia-4-150x150.jpg\"><\/a><\/div><\/div><div class=\"wpmf-gallery-item\n     wpmf-gallery-item-position-4 wpmf-gallery-item-attachment-560108\" data-index=\"4\"><div class=\"wpmf-gallery-icon\"><a class=\" not_video noLightbox\" data-lightbox=\"1\" data-href=\"https:\/\/www.carmelitaniscalzi.com\/wp-content\/uploads\/2026\/02\/Italia-5.jpg\" title=\"Italia 5\" target=\"_self\" data-index=\"4\"><img decoding=\"async\" class=\"wpmf_img\" alt=\"Italia 5\" src=\"https:\/\/www.carmelitaniscalzi.com\/wp-content\/uploads\/2026\/02\/Italia-5-150x150.jpg\" data-type=\"wpmfgalleryimg\" data-lazy-src=\"https:\/\/www.carmelitaniscalzi.com\/wp-content\/uploads\/2026\/02\/Italia-5-150x150.jpg\"><\/a><\/div><\/div><\/div><\/div>\n\n","protected":false},"excerpt":{"rendered":"<p>Vom 29. bis 31. Dezember haben wir mit der zweiten Etappe des Karmeliterwegs f\u00fcr junge Menschen eine sehr sch\u00f6ne Erfahrung gemacht. F\u00fcnfundzwanzig Jugendliche haben sich entschieden, das vergangene Jahr zu verabschieden und das neue Jahr zu beginnen, indem sie sich mit einem leichten Rucksack und dem gro\u00dfen Wunsch, ihren Glauben und ihre Freundschaft zu teilen, [&hellip;]<\/p>\n","protected":false},"author":7,"featured_media":560078,"comment_status":"closed","ping_status":"closed","sticky":false,"template":"","format":"standard","meta":{"_acf_changed":false,"footnotes":""},"categories":[218,371],"tags":[],"class_list":["post-560376","post","type-post","status-publish","format-standard","has-post-thumbnail","hentry","category-nachrichten-ueber-brueder","category-nachrichten"],"acf":[],"yoast_head":"<!-- This site is optimized with the Yoast SEO plugin v26.3 - https:\/\/yoast.com\/wordpress\/plugins\/seo\/ -->\n<title>Italien: Neujahr bei den Karmeliten, junge Menschen auf dem Weg zwischen Glauben und Gebet. - UNBESCHUHTE KARMELITEN<\/title>\n<meta name=\"robots\" content=\"index, follow, max-snippet:-1, max-image-preview:large, max-video-preview:-1\" \/>\n<link rel=\"canonical\" href=\"https:\/\/www.carmelitaniscalzi.com\/?p=560366\" \/>\n<meta property=\"og:locale\" content=\"de_DE\" \/>\n<meta property=\"og:type\" content=\"article\" \/>\n<meta property=\"og:title\" content=\"Italien: Neujahr bei den Karmeliten, junge Menschen auf dem Weg zwischen Glauben und Gebet. - UNBESCHUHTE KARMELITEN\" \/>\n<meta property=\"og:description\" content=\"Vom 29. bis 31. Dezember haben wir mit der zweiten Etappe des Karmeliterwegs f\u00fcr junge Menschen eine sehr sch\u00f6ne Erfahrung gemacht. F\u00fcnfundzwanzig Jugendliche haben sich entschieden, das vergangene Jahr zu verabschieden und das neue Jahr zu beginnen, indem sie sich mit einem leichten Rucksack und dem gro\u00dfen Wunsch, ihren Glauben und ihre Freundschaft zu teilen, [&hellip;]\" \/>\n<meta property=\"og:url\" content=\"https:\/\/www.carmelitaniscalzi.com\/?p=560366\" \/>\n<meta property=\"og:site_name\" content=\"UNBESCHUHTE KARMELITEN\" \/>\n<meta property=\"article:publisher\" content=\"https:\/\/www.facebook.com\/Curia-Generalizia-Carmelitani-Scalzi-658766940887784\/\" \/>\n<meta property=\"article:published_time\" content=\"2026-02-26T01:00:13+00:00\" \/>\n<meta property=\"og:image\" content=\"https:\/\/www.carmelitaniscalzi.com\/wp-content\/uploads\/2026\/02\/cover_italia_01.2026.jpg\" \/>\n\t<meta property=\"og:image:width\" content=\"1200\" \/>\n\t<meta property=\"og:image:height\" content=\"800\" \/>\n\t<meta property=\"og:image:type\" content=\"image\/jpeg\" \/>\n<meta name=\"author\" content=\"ocd web master\" \/>\n<meta name=\"twitter:card\" content=\"summary_large_image\" \/>\n<meta name=\"twitter:creator\" content=\"@ocdcuria\" \/>\n<meta name=\"twitter:site\" content=\"@ocdcuria\" \/>\n<meta name=\"twitter:label1\" content=\"Verfasst von\" \/>\n\t<meta name=\"twitter:data1\" content=\"ocd web master\" \/>\n\t<meta name=\"twitter:label2\" content=\"Gesch\u00e4tzte Lesezeit\" \/>\n\t<meta name=\"twitter:data2\" content=\"2\u00a0Minuten\" \/>\n<script type=\"application\/ld+json\" class=\"yoast-schema-graph\">{\"@context\":\"https:\/\/schema.org\",\"@graph\":[{\"@type\":\"Article\",\"@id\":\"https:\/\/www.carmelitaniscalzi.com\/?p=560366#article\",\"isPartOf\":{\"@id\":\"https:\/\/www.carmelitaniscalzi.com\/?p=560366\"},\"author\":{\"name\":\"ocd web master\",\"@id\":\"https:\/\/www.carmelitaniscalzi.com\/#\/schema\/person\/6d1c0d9bea7b6625c437246a5d6da409\"},\"headline\":\"Italien: Neujahr bei den Karmeliten, junge Menschen auf dem Weg zwischen Glauben und Gebet.\",\"datePublished\":\"2026-02-26T01:00:13+00:00\",\"mainEntityOfPage\":{\"@id\":\"https:\/\/www.carmelitaniscalzi.com\/?p=560366\"},\"wordCount\":272,\"publisher\":{\"@id\":\"https:\/\/www.carmelitaniscalzi.com\/#organization\"},\"image\":{\"@id\":\"https:\/\/www.carmelitaniscalzi.com\/?p=560366#primaryimage\"},\"thumbnailUrl\":\"https:\/\/www.carmelitaniscalzi.com\/wp-content\/uploads\/2026\/02\/cover_italia_01.2026.jpg\",\"articleSection\":[\"Nachrichten \u00fcber Br\u00fcder\",\"Nachrichten\"],\"inLanguage\":\"de\"},{\"@type\":\"WebPage\",\"@id\":\"https:\/\/www.carmelitaniscalzi.com\/?p=560366\",\"url\":\"https:\/\/www.carmelitaniscalzi.com\/?p=560366\",\"name\":\"Italien: Neujahr bei den Karmeliten, junge Menschen auf dem Weg zwischen Glauben und Gebet. - UNBESCHUHTE KARMELITEN\",\"isPartOf\":{\"@id\":\"https:\/\/www.carmelitaniscalzi.com\/#website\"},\"primaryImageOfPage\":{\"@id\":\"https:\/\/www.carmelitaniscalzi.com\/?p=560366#primaryimage\"},\"image\":{\"@id\":\"https:\/\/www.carmelitaniscalzi.com\/?p=560366#primaryimage\"},\"thumbnailUrl\":\"https:\/\/www.carmelitaniscalzi.com\/wp-content\/uploads\/2026\/02\/cover_italia_01.2026.jpg\",\"datePublished\":\"2026-02-26T01:00:13+00:00\",\"breadcrumb\":{\"@id\":\"https:\/\/www.carmelitaniscalzi.com\/?p=560366#breadcrumb\"},\"inLanguage\":\"de\",\"potentialAction\":[{\"@type\":\"ReadAction\",\"target\":[\"https:\/\/www.carmelitaniscalzi.com\/?p=560366\"]}]},{\"@type\":\"ImageObject\",\"inLanguage\":\"de\",\"@id\":\"https:\/\/www.carmelitaniscalzi.com\/?p=560366#primaryimage\",\"url\":\"https:\/\/www.carmelitaniscalzi.com\/wp-content\/uploads\/2026\/02\/cover_italia_01.2026.jpg\",\"contentUrl\":\"https:\/\/www.carmelitaniscalzi.com\/wp-content\/uploads\/2026\/02\/cover_italia_01.2026.jpg\",\"width\":1200,\"height\":800},{\"@type\":\"BreadcrumbList\",\"@id\":\"https:\/\/www.carmelitaniscalzi.com\/?p=560366#breadcrumb\",\"itemListElement\":[{\"@type\":\"ListItem\",\"position\":1,\"name\":\"Home\",\"item\":\"https:\/\/www.carmelitaniscalzi.com\/de\/\"},{\"@type\":\"ListItem\",\"position\":2,\"name\":\"Italien: Neujahr bei den Karmeliten, junge Menschen auf dem Weg zwischen Glauben und Gebet.\"}]},{\"@type\":\"WebSite\",\"@id\":\"https:\/\/www.carmelitaniscalzi.com\/#website\",\"url\":\"https:\/\/www.carmelitaniscalzi.com\/\",\"name\":\"CARMELITANI SCALZI - Curia Generale del Carmelo Teresiano\",\"description\":\"Generalkurie des Teresianischen Karmel\",\"publisher\":{\"@id\":\"https:\/\/www.carmelitaniscalzi.com\/#organization\"},\"alternateName\":\"CARMELITANI SCALZI\",\"potentialAction\":[{\"@type\":\"SearchAction\",\"target\":{\"@type\":\"EntryPoint\",\"urlTemplate\":\"https:\/\/www.carmelitaniscalzi.com\/?s={search_term_string}\"},\"query-input\":{\"@type\":\"PropertyValueSpecification\",\"valueRequired\":true,\"valueName\":\"search_term_string\"}}],\"inLanguage\":\"de\"},{\"@type\":\"Organization\",\"@id\":\"https:\/\/www.carmelitaniscalzi.com\/#organization\",\"name\":\"CARMELITANI SCALZI - Curia Generale del Carmelo Teresiano\",\"url\":\"https:\/\/www.carmelitaniscalzi.com\/\",\"logo\":{\"@type\":\"ImageObject\",\"inLanguage\":\"de\",\"@id\":\"https:\/\/www.carmelitaniscalzi.com\/#\/schema\/logo\/image\/\",\"url\":\"https:\/\/www.carmelitaniscalzi.com\/wp-content\/uploads\/2025\/11\/login-logo.png\",\"contentUrl\":\"https:\/\/www.carmelitaniscalzi.com\/wp-content\/uploads\/2025\/11\/login-logo.png\",\"width\":256,\"height\":256,\"caption\":\"CARMELITANI SCALZI - Curia Generale del Carmelo Teresiano\"},\"image\":{\"@id\":\"https:\/\/www.carmelitaniscalzi.com\/#\/schema\/logo\/image\/\"},\"sameAs\":[\"https:\/\/www.facebook.com\/Curia-Generalizia-Carmelitani-Scalzi-658766940887784\/\",\"https:\/\/x.com\/ocdcuria\",\"https:\/\/www.youtube.com\/channel\/UC2J5ZL0ycOY0qBSTCLX_NGQ\/videos\",\"https:\/\/www.instagram.com\/ocdinform\/\"]},{\"@type\":\"Person\",\"@id\":\"https:\/\/www.carmelitaniscalzi.com\/#\/schema\/person\/6d1c0d9bea7b6625c437246a5d6da409\",\"name\":\"ocd web master\",\"image\":{\"@type\":\"ImageObject\",\"inLanguage\":\"de\",\"@id\":\"https:\/\/www.carmelitaniscalzi.com\/#\/schema\/person\/image\/\",\"url\":\"https:\/\/secure.gravatar.com\/avatar\/41fbc5f82bad909fbaf2984c43fa50d8519ac5853e25b454d022b6868f80d0e7?s=96&d=mm&r=g\",\"contentUrl\":\"https:\/\/secure.gravatar.com\/avatar\/41fbc5f82bad909fbaf2984c43fa50d8519ac5853e25b454d022b6868f80d0e7?s=96&d=mm&r=g\",\"caption\":\"ocd web master\"},\"url\":\"https:\/\/www.carmelitaniscalzi.com\/de\/author\/ocdwebmaster\/\"}]}<\/script>\n<!-- \/ Yoast SEO plugin. -->","yoast_head_json":{"title":"Italien: Neujahr bei den Karmeliten, junge Menschen auf dem Weg zwischen Glauben und Gebet. - UNBESCHUHTE KARMELITEN","robots":{"index":"index","follow":"follow","max-snippet":"max-snippet:-1","max-image-preview":"max-image-preview:large","max-video-preview":"max-video-preview:-1"},"canonical":"https:\/\/www.carmelitaniscalzi.com\/?p=560366","og_locale":"de_DE","og_type":"article","og_title":"Italien: Neujahr bei den Karmeliten, junge Menschen auf dem Weg zwischen Glauben und Gebet. - UNBESCHUHTE KARMELITEN","og_description":"Vom 29. bis 31. Dezember haben wir mit der zweiten Etappe des Karmeliterwegs f\u00fcr junge Menschen eine sehr sch\u00f6ne Erfahrung gemacht. F\u00fcnfundzwanzig Jugendliche haben sich entschieden, das vergangene Jahr zu verabschieden und das neue Jahr zu beginnen, indem sie sich mit einem leichten Rucksack und dem gro\u00dfen Wunsch, ihren Glauben und ihre Freundschaft zu teilen, [&hellip;]","og_url":"https:\/\/www.carmelitaniscalzi.com\/?p=560366","og_site_name":"UNBESCHUHTE KARMELITEN","article_publisher":"https:\/\/www.facebook.com\/Curia-Generalizia-Carmelitani-Scalzi-658766940887784\/","article_published_time":"2026-02-26T01:00:13+00:00","og_image":[{"width":1200,"height":800,"url":"https:\/\/www.carmelitaniscalzi.com\/wp-content\/uploads\/2026\/02\/cover_italia_01.2026.jpg","type":"image\/jpeg"}],"author":"ocd web master","twitter_card":"summary_large_image","twitter_creator":"@ocdcuria","twitter_site":"@ocdcuria","twitter_misc":{"Verfasst von":"ocd web master","Gesch\u00e4tzte Lesezeit":"2\u00a0Minuten"},"schema":{"@context":"https:\/\/schema.org","@graph":[{"@type":"Article","@id":"https:\/\/www.carmelitaniscalzi.com\/?p=560366#article","isPartOf":{"@id":"https:\/\/www.carmelitaniscalzi.com\/?p=560366"},"author":{"name":"ocd web master","@id":"https:\/\/www.carmelitaniscalzi.com\/#\/schema\/person\/6d1c0d9bea7b6625c437246a5d6da409"},"headline":"Italien: Neujahr bei den Karmeliten, junge Menschen auf dem Weg zwischen Glauben und Gebet.","datePublished":"2026-02-26T01:00:13+00:00","mainEntityOfPage":{"@id":"https:\/\/www.carmelitaniscalzi.com\/?p=560366"},"wordCount":272,"publisher":{"@id":"https:\/\/www.carmelitaniscalzi.com\/#organization"},"image":{"@id":"https:\/\/www.carmelitaniscalzi.com\/?p=560366#primaryimage"},"thumbnailUrl":"https:\/\/www.carmelitaniscalzi.com\/wp-content\/uploads\/2026\/02\/cover_italia_01.2026.jpg","articleSection":["Nachrichten \u00fcber Br\u00fcder","Nachrichten"],"inLanguage":"de"},{"@type":"WebPage","@id":"https:\/\/www.carmelitaniscalzi.com\/?p=560366","url":"https:\/\/www.carmelitaniscalzi.com\/?p=560366","name":"Italien: Neujahr bei den Karmeliten, junge Menschen auf dem Weg zwischen Glauben und Gebet. - UNBESCHUHTE KARMELITEN","isPartOf":{"@id":"https:\/\/www.carmelitaniscalzi.com\/#website"},"primaryImageOfPage":{"@id":"https:\/\/www.carmelitaniscalzi.com\/?p=560366#primaryimage"},"image":{"@id":"https:\/\/www.carmelitaniscalzi.com\/?p=560366#primaryimage"},"thumbnailUrl":"https:\/\/www.carmelitaniscalzi.com\/wp-content\/uploads\/2026\/02\/cover_italia_01.2026.jpg","datePublished":"2026-02-26T01:00:13+00:00","breadcrumb":{"@id":"https:\/\/www.carmelitaniscalzi.com\/?p=560366#breadcrumb"},"inLanguage":"de","potentialAction":[{"@type":"ReadAction","target":["https:\/\/www.carmelitaniscalzi.com\/?p=560366"]}]},{"@type":"ImageObject","inLanguage":"de","@id":"https:\/\/www.carmelitaniscalzi.com\/?p=560366#primaryimage","url":"https:\/\/www.carmelitaniscalzi.com\/wp-content\/uploads\/2026\/02\/cover_italia_01.2026.jpg","contentUrl":"https:\/\/www.carmelitaniscalzi.com\/wp-content\/uploads\/2026\/02\/cover_italia_01.2026.jpg","width":1200,"height":800},{"@type":"BreadcrumbList","@id":"https:\/\/www.carmelitaniscalzi.com\/?p=560366#breadcrumb","itemListElement":[{"@type":"ListItem","position":1,"name":"Home","item":"https:\/\/www.carmelitaniscalzi.com\/de\/"},{"@type":"ListItem","position":2,"name":"Italien: Neujahr bei den Karmeliten, junge Menschen auf dem Weg zwischen Glauben und Gebet."}]},{"@type":"WebSite","@id":"https:\/\/www.carmelitaniscalzi.com\/#website","url":"https:\/\/www.carmelitaniscalzi.com\/","name":"CARMELITANI SCALZI - Curia Generale del Carmelo Teresiano","description":"Generalkurie des Teresianischen Karmel","publisher":{"@id":"https:\/\/www.carmelitaniscalzi.com\/#organization"},"alternateName":"CARMELITANI SCALZI","potentialAction":[{"@type":"SearchAction","target":{"@type":"EntryPoint","urlTemplate":"https:\/\/www.carmelitaniscalzi.com\/?s={search_term_string}"},"query-input":{"@type":"PropertyValueSpecification","valueRequired":true,"valueName":"search_term_string"}}],"inLanguage":"de"},{"@type":"Organization","@id":"https:\/\/www.carmelitaniscalzi.com\/#organization","name":"CARMELITANI SCALZI - Curia Generale del Carmelo Teresiano","url":"https:\/\/www.carmelitaniscalzi.com\/","logo":{"@type":"ImageObject","inLanguage":"de","@id":"https:\/\/www.carmelitaniscalzi.com\/#\/schema\/logo\/image\/","url":"https:\/\/www.carmelitaniscalzi.com\/wp-content\/uploads\/2025\/11\/login-logo.png","contentUrl":"https:\/\/www.carmelitaniscalzi.com\/wp-content\/uploads\/2025\/11\/login-logo.png","width":256,"height":256,"caption":"CARMELITANI SCALZI - Curia Generale del Carmelo Teresiano"},"image":{"@id":"https:\/\/www.carmelitaniscalzi.com\/#\/schema\/logo\/image\/"},"sameAs":["https:\/\/www.facebook.com\/Curia-Generalizia-Carmelitani-Scalzi-658766940887784\/","https:\/\/x.com\/ocdcuria","https:\/\/www.youtube.com\/channel\/UC2J5ZL0ycOY0qBSTCLX_NGQ\/videos","https:\/\/www.instagram.com\/ocdinform\/"]},{"@type":"Person","@id":"https:\/\/www.carmelitaniscalzi.com\/#\/schema\/person\/6d1c0d9bea7b6625c437246a5d6da409","name":"ocd web master","image":{"@type":"ImageObject","inLanguage":"de","@id":"https:\/\/www.carmelitaniscalzi.com\/#\/schema\/person\/image\/","url":"https:\/\/secure.gravatar.com\/avatar\/41fbc5f82bad909fbaf2984c43fa50d8519ac5853e25b454d022b6868f80d0e7?s=96&d=mm&r=g","contentUrl":"https:\/\/secure.gravatar.com\/avatar\/41fbc5f82bad909fbaf2984c43fa50d8519ac5853e25b454d022b6868f80d0e7?s=96&d=mm&r=g","caption":"ocd web master"},"url":"https:\/\/www.carmelitaniscalzi.com\/de\/author\/ocdwebmaster\/"}]}},"_links":{"self":[{"href":"https:\/\/www.carmelitaniscalzi.com\/de\/wp-json\/wp\/v2\/posts\/560376","targetHints":{"allow":["GET"]}}],"collection":[{"href":"https:\/\/www.carmelitaniscalzi.com\/de\/wp-json\/wp\/v2\/posts"}],"about":[{"href":"https:\/\/www.carmelitaniscalzi.com\/de\/wp-json\/wp\/v2\/types\/post"}],"author":[{"embeddable":true,"href":"https:\/\/www.carmelitaniscalzi.com\/de\/wp-json\/wp\/v2\/users\/7"}],"replies":[{"embeddable":true,"href":"https:\/\/www.carmelitaniscalzi.com\/de\/wp-json\/wp\/v2\/comments?post=560376"}],"version-history":[{"count":1,"href":"https:\/\/www.carmelitaniscalzi.com\/de\/wp-json\/wp\/v2\/posts\/560376\/revisions"}],"predecessor-version":[{"id":560377,"href":"https:\/\/www.carmelitaniscalzi.com\/de\/wp-json\/wp\/v2\/posts\/560376\/revisions\/560377"}],"wp:featuredmedia":[{"embeddable":true,"href":"https:\/\/www.carmelitaniscalzi.com\/de\/wp-json\/wp\/v2\/media\/560078"}],"wp:attachment":[{"href":"https:\/\/www.carmelitaniscalzi.com\/de\/wp-json\/wp\/v2\/media?parent=560376"}],"wp:term":[{"taxonomy":"category","embeddable":true,"href":"https:\/\/www.carmelitaniscalzi.com\/de\/wp-json\/wp\/v2\/categories?post=560376"},{"taxonomy":"post_tag","embeddable":true,"href":"https:\/\/www.carmelitaniscalzi.com\/de\/wp-json\/wp\/v2\/tags?post=560376"}],"curies":[{"name":"wp","href":"https:\/\/api.w.org\/{rel}","templated":true}]}}