{"id":560352,"date":"2026-02-20T02:08:42","date_gmt":"2026-02-20T01:08:42","guid":{"rendered":"https:\/\/www.carmelitaniscalzi.com\/?p=560352"},"modified":"2026-02-23T02:09:04","modified_gmt":"2026-02-23T01:09:04","slug":"tansania-feierlichkeiten-in-der-missionsstation-maria-vom-berge-karmel-in-vikonje","status":"publish","type":"post","link":"https:\/\/www.carmelitaniscalzi.com\/de\/2026\/02\/20\/tansania-feierlichkeiten-in-der-missionsstation-maria-vom-berge-karmel-in-vikonje\/","title":{"rendered":"Tansania: Feierlichkeiten in der Missionsstation Maria vom Berge Karmel in Vikonje"},"content":{"rendered":"<p>Der Sonntag, 28. Dezember 2025, war ein historischer Tag f\u00fcr die Missionsstation Maria vom Berge Karmel in Vikonje, die der Obhut der Unbeschuhten Karmelitenbr\u00fcder aus Tansania anvertraut ist.<\/p>\n<p>An diesem Tag feierte die Gemeinde die ersten Taufen in der neuen Kirche. Im Rahmen dieser Feier empfingen 28 Kinder das Sakrament der Taufe. Das Fest fiel auch mit dem Tag der Familie und dem Tag des Kindes zusammen, wodurch die Bedeutung des christlichen Familienlebens unterstrichen wurde.<\/p>\n<p>Dieser Tag war auch der erste Jahrestag der \u00dcbergabe der Kirche an die Karmeliterbr\u00fcder und der Beginn des Jubil\u00e4umsjahres des Heiligen Johannes vom Kreuz.<\/p>\n<p>Nach der Messe wurde ein gemeinsames Essen organisiert, an dem alle Gl\u00e4ubigen teilnahmen, was die Freude und Einheit innerhalb der Gemeinde f\u00f6rderte.<\/p>\n<p>&nbsp;<\/p>\n<div class=\"wpmf-gallerys wpmf-gallerys-life \" ><div id=\"gallery-1\"\n data-gutter-width=\"5\"\n  data-wpmfcolumns=\"4\" class=\"wpmf-gallery gallery-link-file gallery_life gallery-masonry gallery-columns-4 gallery-size-thumbnail wpmf-gallery-bottomspace-default wpmf-gallery-clear wpmf-has-border-radius-0 wpmf-gutterwidth-5\"><div class=\"wpmf-gallery-item\n     wpmf-gallery-item-position-0 wpmf-gallery-item-attachment-560024\" data-index=\"0\"><div class=\"wpmf-gallery-icon\"><a class=\" not_video noLightbox\" data-lightbox=\"1\" data-href=\"https:\/\/www.carmelitaniscalzi.com\/wp-content\/uploads\/2026\/02\/Tanzania-1-861x1024.jpg\" title=\"Tanzania 1\" target=\"_self\" data-index=\"0\"><img decoding=\"async\" class=\"wpmf_img\" alt=\"Tanzania 1\" src=\"https:\/\/www.carmelitaniscalzi.com\/wp-content\/uploads\/2026\/02\/Tanzania-1-150x150.jpg\" data-type=\"wpmfgalleryimg\" data-lazy-src=\"https:\/\/www.carmelitaniscalzi.com\/wp-content\/uploads\/2026\/02\/Tanzania-1-150x150.jpg\"><\/a><\/div><\/div><div class=\"wpmf-gallery-item\n     wpmf-gallery-item-position-1 wpmf-gallery-item-attachment-560030\" data-index=\"1\"><div class=\"wpmf-gallery-icon\"><a class=\" not_video noLightbox\" data-lightbox=\"1\" data-href=\"https:\/\/www.carmelitaniscalzi.com\/wp-content\/uploads\/2026\/02\/Tanzania-2.jpg\" title=\"Tanzania 2\" target=\"_self\" data-index=\"1\"><img decoding=\"async\" class=\"wpmf_img\" alt=\"Tanzania 2\" src=\"https:\/\/www.carmelitaniscalzi.com\/wp-content\/uploads\/2026\/02\/Tanzania-2-150x150.jpg\" data-type=\"wpmfgalleryimg\" data-lazy-src=\"https:\/\/www.carmelitaniscalzi.com\/wp-content\/uploads\/2026\/02\/Tanzania-2-150x150.jpg\"><\/a><\/div><\/div><div class=\"wpmf-gallery-item\n     wpmf-gallery-item-position-2 wpmf-gallery-item-attachment-560036\" data-index=\"2\"><div class=\"wpmf-gallery-icon\"><a class=\" not_video noLightbox\" data-lightbox=\"1\" data-href=\"https:\/\/www.carmelitaniscalzi.com\/wp-content\/uploads\/2026\/02\/Tanzania-3-830x1024.jpg\" title=\"Tanzania 3\" target=\"_self\" data-index=\"2\"><img decoding=\"async\" class=\"wpmf_img\" alt=\"Tanzania 3\" src=\"https:\/\/www.carmelitaniscalzi.com\/wp-content\/uploads\/2026\/02\/Tanzania-3-150x150.jpg\" data-type=\"wpmfgalleryimg\" data-lazy-src=\"https:\/\/www.carmelitaniscalzi.com\/wp-content\/uploads\/2026\/02\/Tanzania-3-150x150.jpg\"><\/a><\/div><\/div><div class=\"wpmf-gallery-item\n     wpmf-gallery-item-position-3 wpmf-gallery-item-attachment-560042\" data-index=\"3\"><div class=\"wpmf-gallery-icon\"><a class=\" not_video noLightbox\" data-lightbox=\"1\" data-href=\"https:\/\/www.carmelitaniscalzi.com\/wp-content\/uploads\/2026\/02\/Tanzania-4-1024x576.jpg\" title=\"Tanzania 4\" target=\"_self\" data-index=\"3\"><img decoding=\"async\" class=\"wpmf_img\" alt=\"Tanzania 4\" src=\"https:\/\/www.carmelitaniscalzi.com\/wp-content\/uploads\/2026\/02\/Tanzania-4-150x150.jpg\" data-type=\"wpmfgalleryimg\" data-lazy-src=\"https:\/\/www.carmelitaniscalzi.com\/wp-content\/uploads\/2026\/02\/Tanzania-4-150x150.jpg\"><\/a><\/div><\/div><\/div><\/div>\n\n","protected":false},"excerpt":{"rendered":"<p>Der Sonntag, 28. Dezember 2025, war ein historischer Tag f\u00fcr die Missionsstation Maria vom Berge Karmel in Vikonje, die der Obhut der Unbeschuhten Karmelitenbr\u00fcder aus Tansania anvertraut ist. An diesem Tag feierte die Gemeinde die ersten Taufen in der neuen Kirche. Im Rahmen dieser Feier empfingen 28 Kinder das Sakrament der Taufe. Das Fest fiel [&hellip;]<\/p>\n","protected":false},"author":7,"featured_media":560018,"comment_status":"closed","ping_status":"closed","sticky":false,"template":"","format":"standard","meta":{"_acf_changed":false,"footnotes":""},"categories":[371,218,220],"tags":[],"class_list":["post-560352","post","type-post","status-publish","format-standard","has-post-thumbnail","hentry","category-nachrichten","category-nachrichten-ueber-brueder","category-nachrichten-aus-den-missionen-de"],"acf":[],"yoast_head":"<!-- This site is optimized with the Yoast SEO plugin v26.3 - https:\/\/yoast.com\/wordpress\/plugins\/seo\/ -->\n<title>Tansania: Feierlichkeiten in der Missionsstation Maria vom Berge Karmel in Vikonje - UNBESCHUHTE KARMELITEN<\/title>\n<meta name=\"robots\" content=\"index, follow, max-snippet:-1, max-image-preview:large, max-video-preview:-1\" \/>\n<link rel=\"canonical\" href=\"https:\/\/www.carmelitaniscalzi.com\/de\/2026\/02\/20\/tansania-feierlichkeiten-in-der-missionsstation-maria-vom-berge-karmel-in-vikonje\/\" \/>\n<meta property=\"og:locale\" content=\"de_DE\" \/>\n<meta property=\"og:type\" content=\"article\" \/>\n<meta property=\"og:title\" content=\"Tansania: Feierlichkeiten in der Missionsstation Maria vom Berge Karmel in Vikonje - UNBESCHUHTE KARMELITEN\" \/>\n<meta property=\"og:description\" content=\"Der Sonntag, 28. Dezember 2025, war ein historischer Tag f\u00fcr die Missionsstation Maria vom Berge Karmel in Vikonje, die der Obhut der Unbeschuhten Karmelitenbr\u00fcder aus Tansania anvertraut ist. An diesem Tag feierte die Gemeinde die ersten Taufen in der neuen Kirche. Im Rahmen dieser Feier empfingen 28 Kinder das Sakrament der Taufe. Das Fest fiel [&hellip;]\" \/>\n<meta property=\"og:url\" content=\"https:\/\/www.carmelitaniscalzi.com\/de\/2026\/02\/20\/tansania-feierlichkeiten-in-der-missionsstation-maria-vom-berge-karmel-in-vikonje\/\" \/>\n<meta property=\"og:site_name\" content=\"UNBESCHUHTE KARMELITEN\" \/>\n<meta property=\"article:publisher\" content=\"https:\/\/www.facebook.com\/Curia-Generalizia-Carmelitani-Scalzi-658766940887784\/\" \/>\n<meta property=\"article:published_time\" content=\"2026-02-20T01:08:42+00:00\" \/>\n<meta property=\"article:modified_time\" content=\"2026-02-23T01:09:04+00:00\" \/>\n<meta property=\"og:image\" content=\"https:\/\/www.carmelitaniscalzi.com\/wp-content\/uploads\/2026\/02\/cover_tanzania_01.2026.jpg\" \/>\n\t<meta property=\"og:image:width\" content=\"1200\" \/>\n\t<meta property=\"og:image:height\" content=\"800\" \/>\n\t<meta property=\"og:image:type\" content=\"image\/jpeg\" \/>\n<meta name=\"author\" content=\"ocd web master\" \/>\n<meta name=\"twitter:card\" content=\"summary_large_image\" \/>\n<meta name=\"twitter:creator\" content=\"@ocdcuria\" \/>\n<meta name=\"twitter:site\" content=\"@ocdcuria\" \/>\n<meta name=\"twitter:label1\" content=\"Verfasst von\" \/>\n\t<meta name=\"twitter:data1\" content=\"ocd web master\" \/>\n\t<meta name=\"twitter:label2\" content=\"Gesch\u00e4tzte Lesezeit\" \/>\n\t<meta name=\"twitter:data2\" content=\"1\u00a0Minute\" \/>\n<script type=\"application\/ld+json\" class=\"yoast-schema-graph\">{\"@context\":\"https:\/\/schema.org\",\"@graph\":[{\"@type\":\"Article\",\"@id\":\"https:\/\/www.carmelitaniscalzi.com\/de\/2026\/02\/20\/tansania-feierlichkeiten-in-der-missionsstation-maria-vom-berge-karmel-in-vikonje\/#article\",\"isPartOf\":{\"@id\":\"https:\/\/www.carmelitaniscalzi.com\/de\/2026\/02\/20\/tansania-feierlichkeiten-in-der-missionsstation-maria-vom-berge-karmel-in-vikonje\/\"},\"author\":{\"name\":\"ocd web master\",\"@id\":\"https:\/\/www.carmelitaniscalzi.com\/#\/schema\/person\/6d1c0d9bea7b6625c437246a5d6da409\"},\"headline\":\"Tansania: Feierlichkeiten in der Missionsstation Maria vom Berge Karmel in Vikonje\",\"datePublished\":\"2026-02-20T01:08:42+00:00\",\"dateModified\":\"2026-02-23T01:09:04+00:00\",\"mainEntityOfPage\":{\"@id\":\"https:\/\/www.carmelitaniscalzi.com\/de\/2026\/02\/20\/tansania-feierlichkeiten-in-der-missionsstation-maria-vom-berge-karmel-in-vikonje\/\"},\"wordCount\":146,\"publisher\":{\"@id\":\"https:\/\/www.carmelitaniscalzi.com\/#organization\"},\"image\":{\"@id\":\"https:\/\/www.carmelitaniscalzi.com\/de\/2026\/02\/20\/tansania-feierlichkeiten-in-der-missionsstation-maria-vom-berge-karmel-in-vikonje\/#primaryimage\"},\"thumbnailUrl\":\"https:\/\/www.carmelitaniscalzi.com\/wp-content\/uploads\/2026\/02\/cover_tanzania_01.2026.jpg\",\"articleSection\":[\"Nachrichten\",\"Nachrichten \u00fcber Br\u00fcder\",\"Nachrichten aus den Missionen\"],\"inLanguage\":\"de\"},{\"@type\":\"WebPage\",\"@id\":\"https:\/\/www.carmelitaniscalzi.com\/de\/2026\/02\/20\/tansania-feierlichkeiten-in-der-missionsstation-maria-vom-berge-karmel-in-vikonje\/\",\"url\":\"https:\/\/www.carmelitaniscalzi.com\/de\/2026\/02\/20\/tansania-feierlichkeiten-in-der-missionsstation-maria-vom-berge-karmel-in-vikonje\/\",\"name\":\"Tansania: Feierlichkeiten in der Missionsstation Maria vom Berge Karmel in Vikonje - UNBESCHUHTE KARMELITEN\",\"isPartOf\":{\"@id\":\"https:\/\/www.carmelitaniscalzi.com\/#website\"},\"primaryImageOfPage\":{\"@id\":\"https:\/\/www.carmelitaniscalzi.com\/de\/2026\/02\/20\/tansania-feierlichkeiten-in-der-missionsstation-maria-vom-berge-karmel-in-vikonje\/#primaryimage\"},\"image\":{\"@id\":\"https:\/\/www.carmelitaniscalzi.com\/de\/2026\/02\/20\/tansania-feierlichkeiten-in-der-missionsstation-maria-vom-berge-karmel-in-vikonje\/#primaryimage\"},\"thumbnailUrl\":\"https:\/\/www.carmelitaniscalzi.com\/wp-content\/uploads\/2026\/02\/cover_tanzania_01.2026.jpg\",\"datePublished\":\"2026-02-20T01:08:42+00:00\",\"dateModified\":\"2026-02-23T01:09:04+00:00\",\"breadcrumb\":{\"@id\":\"https:\/\/www.carmelitaniscalzi.com\/de\/2026\/02\/20\/tansania-feierlichkeiten-in-der-missionsstation-maria-vom-berge-karmel-in-vikonje\/#breadcrumb\"},\"inLanguage\":\"de\",\"potentialAction\":[{\"@type\":\"ReadAction\",\"target\":[\"https:\/\/www.carmelitaniscalzi.com\/de\/2026\/02\/20\/tansania-feierlichkeiten-in-der-missionsstation-maria-vom-berge-karmel-in-vikonje\/\"]}]},{\"@type\":\"ImageObject\",\"inLanguage\":\"de\",\"@id\":\"https:\/\/www.carmelitaniscalzi.com\/de\/2026\/02\/20\/tansania-feierlichkeiten-in-der-missionsstation-maria-vom-berge-karmel-in-vikonje\/#primaryimage\",\"url\":\"https:\/\/www.carmelitaniscalzi.com\/wp-content\/uploads\/2026\/02\/cover_tanzania_01.2026.jpg\",\"contentUrl\":\"https:\/\/www.carmelitaniscalzi.com\/wp-content\/uploads\/2026\/02\/cover_tanzania_01.2026.jpg\",\"width\":1200,\"height\":800},{\"@type\":\"BreadcrumbList\",\"@id\":\"https:\/\/www.carmelitaniscalzi.com\/de\/2026\/02\/20\/tansania-feierlichkeiten-in-der-missionsstation-maria-vom-berge-karmel-in-vikonje\/#breadcrumb\",\"itemListElement\":[{\"@type\":\"ListItem\",\"position\":1,\"name\":\"Home\",\"item\":\"https:\/\/www.carmelitaniscalzi.com\/de\/\"},{\"@type\":\"ListItem\",\"position\":2,\"name\":\"Tansania: Feierlichkeiten in der Missionsstation Maria vom Berge Karmel in Vikonje\"}]},{\"@type\":\"WebSite\",\"@id\":\"https:\/\/www.carmelitaniscalzi.com\/#website\",\"url\":\"https:\/\/www.carmelitaniscalzi.com\/\",\"name\":\"CARMELITANI SCALZI - Curia Generale del Carmelo Teresiano\",\"description\":\"Generalkurie des Teresianischen Karmel\",\"publisher\":{\"@id\":\"https:\/\/www.carmelitaniscalzi.com\/#organization\"},\"alternateName\":\"CARMELITANI SCALZI\",\"potentialAction\":[{\"@type\":\"SearchAction\",\"target\":{\"@type\":\"EntryPoint\",\"urlTemplate\":\"https:\/\/www.carmelitaniscalzi.com\/?s={search_term_string}\"},\"query-input\":{\"@type\":\"PropertyValueSpecification\",\"valueRequired\":true,\"valueName\":\"search_term_string\"}}],\"inLanguage\":\"de\"},{\"@type\":\"Organization\",\"@id\":\"https:\/\/www.carmelitaniscalzi.com\/#organization\",\"name\":\"CARMELITANI SCALZI - Curia Generale del Carmelo Teresiano\",\"url\":\"https:\/\/www.carmelitaniscalzi.com\/\",\"logo\":{\"@type\":\"ImageObject\",\"inLanguage\":\"de\",\"@id\":\"https:\/\/www.carmelitaniscalzi.com\/#\/schema\/logo\/image\/\",\"url\":\"https:\/\/www.carmelitaniscalzi.com\/wp-content\/uploads\/2025\/11\/login-logo.png\",\"contentUrl\":\"https:\/\/www.carmelitaniscalzi.com\/wp-content\/uploads\/2025\/11\/login-logo.png\",\"width\":256,\"height\":256,\"caption\":\"CARMELITANI SCALZI - Curia Generale del Carmelo Teresiano\"},\"image\":{\"@id\":\"https:\/\/www.carmelitaniscalzi.com\/#\/schema\/logo\/image\/\"},\"sameAs\":[\"https:\/\/www.facebook.com\/Curia-Generalizia-Carmelitani-Scalzi-658766940887784\/\",\"https:\/\/x.com\/ocdcuria\",\"https:\/\/www.youtube.com\/channel\/UC2J5ZL0ycOY0qBSTCLX_NGQ\/videos\",\"https:\/\/www.instagram.com\/ocdinform\/\"]},{\"@type\":\"Person\",\"@id\":\"https:\/\/www.carmelitaniscalzi.com\/#\/schema\/person\/6d1c0d9bea7b6625c437246a5d6da409\",\"name\":\"ocd web master\",\"image\":{\"@type\":\"ImageObject\",\"inLanguage\":\"de\",\"@id\":\"https:\/\/www.carmelitaniscalzi.com\/#\/schema\/person\/image\/\",\"url\":\"https:\/\/secure.gravatar.com\/avatar\/41fbc5f82bad909fbaf2984c43fa50d8519ac5853e25b454d022b6868f80d0e7?s=96&d=mm&r=g\",\"contentUrl\":\"https:\/\/secure.gravatar.com\/avatar\/41fbc5f82bad909fbaf2984c43fa50d8519ac5853e25b454d022b6868f80d0e7?s=96&d=mm&r=g\",\"caption\":\"ocd web master\"},\"url\":\"https:\/\/www.carmelitaniscalzi.com\/de\/author\/ocdwebmaster\/\"}]}<\/script>\n<!-- \/ Yoast SEO plugin. -->","yoast_head_json":{"title":"Tansania: Feierlichkeiten in der Missionsstation Maria vom Berge Karmel in Vikonje - UNBESCHUHTE KARMELITEN","robots":{"index":"index","follow":"follow","max-snippet":"max-snippet:-1","max-image-preview":"max-image-preview:large","max-video-preview":"max-video-preview:-1"},"canonical":"https:\/\/www.carmelitaniscalzi.com\/de\/2026\/02\/20\/tansania-feierlichkeiten-in-der-missionsstation-maria-vom-berge-karmel-in-vikonje\/","og_locale":"de_DE","og_type":"article","og_title":"Tansania: Feierlichkeiten in der Missionsstation Maria vom Berge Karmel in Vikonje - UNBESCHUHTE KARMELITEN","og_description":"Der Sonntag, 28. Dezember 2025, war ein historischer Tag f\u00fcr die Missionsstation Maria vom Berge Karmel in Vikonje, die der Obhut der Unbeschuhten Karmelitenbr\u00fcder aus Tansania anvertraut ist. An diesem Tag feierte die Gemeinde die ersten Taufen in der neuen Kirche. Im Rahmen dieser Feier empfingen 28 Kinder das Sakrament der Taufe. Das Fest fiel [&hellip;]","og_url":"https:\/\/www.carmelitaniscalzi.com\/de\/2026\/02\/20\/tansania-feierlichkeiten-in-der-missionsstation-maria-vom-berge-karmel-in-vikonje\/","og_site_name":"UNBESCHUHTE KARMELITEN","article_publisher":"https:\/\/www.facebook.com\/Curia-Generalizia-Carmelitani-Scalzi-658766940887784\/","article_published_time":"2026-02-20T01:08:42+00:00","article_modified_time":"2026-02-23T01:09:04+00:00","og_image":[{"width":1200,"height":800,"url":"https:\/\/www.carmelitaniscalzi.com\/wp-content\/uploads\/2026\/02\/cover_tanzania_01.2026.jpg","type":"image\/jpeg"}],"author":"ocd web master","twitter_card":"summary_large_image","twitter_creator":"@ocdcuria","twitter_site":"@ocdcuria","twitter_misc":{"Verfasst von":"ocd web master","Gesch\u00e4tzte Lesezeit":"1\u00a0Minute"},"schema":{"@context":"https:\/\/schema.org","@graph":[{"@type":"Article","@id":"https:\/\/www.carmelitaniscalzi.com\/de\/2026\/02\/20\/tansania-feierlichkeiten-in-der-missionsstation-maria-vom-berge-karmel-in-vikonje\/#article","isPartOf":{"@id":"https:\/\/www.carmelitaniscalzi.com\/de\/2026\/02\/20\/tansania-feierlichkeiten-in-der-missionsstation-maria-vom-berge-karmel-in-vikonje\/"},"author":{"name":"ocd web master","@id":"https:\/\/www.carmelitaniscalzi.com\/#\/schema\/person\/6d1c0d9bea7b6625c437246a5d6da409"},"headline":"Tansania: Feierlichkeiten in der Missionsstation Maria vom Berge Karmel in Vikonje","datePublished":"2026-02-20T01:08:42+00:00","dateModified":"2026-02-23T01:09:04+00:00","mainEntityOfPage":{"@id":"https:\/\/www.carmelitaniscalzi.com\/de\/2026\/02\/20\/tansania-feierlichkeiten-in-der-missionsstation-maria-vom-berge-karmel-in-vikonje\/"},"wordCount":146,"publisher":{"@id":"https:\/\/www.carmelitaniscalzi.com\/#organization"},"image":{"@id":"https:\/\/www.carmelitaniscalzi.com\/de\/2026\/02\/20\/tansania-feierlichkeiten-in-der-missionsstation-maria-vom-berge-karmel-in-vikonje\/#primaryimage"},"thumbnailUrl":"https:\/\/www.carmelitaniscalzi.com\/wp-content\/uploads\/2026\/02\/cover_tanzania_01.2026.jpg","articleSection":["Nachrichten","Nachrichten \u00fcber Br\u00fcder","Nachrichten aus den Missionen"],"inLanguage":"de"},{"@type":"WebPage","@id":"https:\/\/www.carmelitaniscalzi.com\/de\/2026\/02\/20\/tansania-feierlichkeiten-in-der-missionsstation-maria-vom-berge-karmel-in-vikonje\/","url":"https:\/\/www.carmelitaniscalzi.com\/de\/2026\/02\/20\/tansania-feierlichkeiten-in-der-missionsstation-maria-vom-berge-karmel-in-vikonje\/","name":"Tansania: Feierlichkeiten in der Missionsstation Maria vom Berge Karmel in Vikonje - UNBESCHUHTE KARMELITEN","isPartOf":{"@id":"https:\/\/www.carmelitaniscalzi.com\/#website"},"primaryImageOfPage":{"@id":"https:\/\/www.carmelitaniscalzi.com\/de\/2026\/02\/20\/tansania-feierlichkeiten-in-der-missionsstation-maria-vom-berge-karmel-in-vikonje\/#primaryimage"},"image":{"@id":"https:\/\/www.carmelitaniscalzi.com\/de\/2026\/02\/20\/tansania-feierlichkeiten-in-der-missionsstation-maria-vom-berge-karmel-in-vikonje\/#primaryimage"},"thumbnailUrl":"https:\/\/www.carmelitaniscalzi.com\/wp-content\/uploads\/2026\/02\/cover_tanzania_01.2026.jpg","datePublished":"2026-02-20T01:08:42+00:00","dateModified":"2026-02-23T01:09:04+00:00","breadcrumb":{"@id":"https:\/\/www.carmelitaniscalzi.com\/de\/2026\/02\/20\/tansania-feierlichkeiten-in-der-missionsstation-maria-vom-berge-karmel-in-vikonje\/#breadcrumb"},"inLanguage":"de","potentialAction":[{"@type":"ReadAction","target":["https:\/\/www.carmelitaniscalzi.com\/de\/2026\/02\/20\/tansania-feierlichkeiten-in-der-missionsstation-maria-vom-berge-karmel-in-vikonje\/"]}]},{"@type":"ImageObject","inLanguage":"de","@id":"https:\/\/www.carmelitaniscalzi.com\/de\/2026\/02\/20\/tansania-feierlichkeiten-in-der-missionsstation-maria-vom-berge-karmel-in-vikonje\/#primaryimage","url":"https:\/\/www.carmelitaniscalzi.com\/wp-content\/uploads\/2026\/02\/cover_tanzania_01.2026.jpg","contentUrl":"https:\/\/www.carmelitaniscalzi.com\/wp-content\/uploads\/2026\/02\/cover_tanzania_01.2026.jpg","width":1200,"height":800},{"@type":"BreadcrumbList","@id":"https:\/\/www.carmelitaniscalzi.com\/de\/2026\/02\/20\/tansania-feierlichkeiten-in-der-missionsstation-maria-vom-berge-karmel-in-vikonje\/#breadcrumb","itemListElement":[{"@type":"ListItem","position":1,"name":"Home","item":"https:\/\/www.carmelitaniscalzi.com\/de\/"},{"@type":"ListItem","position":2,"name":"Tansania: Feierlichkeiten in der Missionsstation Maria vom Berge Karmel in Vikonje"}]},{"@type":"WebSite","@id":"https:\/\/www.carmelitaniscalzi.com\/#website","url":"https:\/\/www.carmelitaniscalzi.com\/","name":"CARMELITANI SCALZI - Curia Generale del Carmelo Teresiano","description":"Generalkurie des Teresianischen Karmel","publisher":{"@id":"https:\/\/www.carmelitaniscalzi.com\/#organization"},"alternateName":"CARMELITANI SCALZI","potentialAction":[{"@type":"SearchAction","target":{"@type":"EntryPoint","urlTemplate":"https:\/\/www.carmelitaniscalzi.com\/?s={search_term_string}"},"query-input":{"@type":"PropertyValueSpecification","valueRequired":true,"valueName":"search_term_string"}}],"inLanguage":"de"},{"@type":"Organization","@id":"https:\/\/www.carmelitaniscalzi.com\/#organization","name":"CARMELITANI SCALZI - Curia Generale del Carmelo Teresiano","url":"https:\/\/www.carmelitaniscalzi.com\/","logo":{"@type":"ImageObject","inLanguage":"de","@id":"https:\/\/www.carmelitaniscalzi.com\/#\/schema\/logo\/image\/","url":"https:\/\/www.carmelitaniscalzi.com\/wp-content\/uploads\/2025\/11\/login-logo.png","contentUrl":"https:\/\/www.carmelitaniscalzi.com\/wp-content\/uploads\/2025\/11\/login-logo.png","width":256,"height":256,"caption":"CARMELITANI SCALZI - Curia Generale del Carmelo Teresiano"},"image":{"@id":"https:\/\/www.carmelitaniscalzi.com\/#\/schema\/logo\/image\/"},"sameAs":["https:\/\/www.facebook.com\/Curia-Generalizia-Carmelitani-Scalzi-658766940887784\/","https:\/\/x.com\/ocdcuria","https:\/\/www.youtube.com\/channel\/UC2J5ZL0ycOY0qBSTCLX_NGQ\/videos","https:\/\/www.instagram.com\/ocdinform\/"]},{"@type":"Person","@id":"https:\/\/www.carmelitaniscalzi.com\/#\/schema\/person\/6d1c0d9bea7b6625c437246a5d6da409","name":"ocd web master","image":{"@type":"ImageObject","inLanguage":"de","@id":"https:\/\/www.carmelitaniscalzi.com\/#\/schema\/person\/image\/","url":"https:\/\/secure.gravatar.com\/avatar\/41fbc5f82bad909fbaf2984c43fa50d8519ac5853e25b454d022b6868f80d0e7?s=96&d=mm&r=g","contentUrl":"https:\/\/secure.gravatar.com\/avatar\/41fbc5f82bad909fbaf2984c43fa50d8519ac5853e25b454d022b6868f80d0e7?s=96&d=mm&r=g","caption":"ocd web master"},"url":"https:\/\/www.carmelitaniscalzi.com\/de\/author\/ocdwebmaster\/"}]}},"_links":{"self":[{"href":"https:\/\/www.carmelitaniscalzi.com\/de\/wp-json\/wp\/v2\/posts\/560352","targetHints":{"allow":["GET"]}}],"collection":[{"href":"https:\/\/www.carmelitaniscalzi.com\/de\/wp-json\/wp\/v2\/posts"}],"about":[{"href":"https:\/\/www.carmelitaniscalzi.com\/de\/wp-json\/wp\/v2\/types\/post"}],"author":[{"embeddable":true,"href":"https:\/\/www.carmelitaniscalzi.com\/de\/wp-json\/wp\/v2\/users\/7"}],"replies":[{"embeddable":true,"href":"https:\/\/www.carmelitaniscalzi.com\/de\/wp-json\/wp\/v2\/comments?post=560352"}],"version-history":[{"count":1,"href":"https:\/\/www.carmelitaniscalzi.com\/de\/wp-json\/wp\/v2\/posts\/560352\/revisions"}],"predecessor-version":[{"id":560353,"href":"https:\/\/www.carmelitaniscalzi.com\/de\/wp-json\/wp\/v2\/posts\/560352\/revisions\/560353"}],"wp:featuredmedia":[{"embeddable":true,"href":"https:\/\/www.carmelitaniscalzi.com\/de\/wp-json\/wp\/v2\/media\/560018"}],"wp:attachment":[{"href":"https:\/\/www.carmelitaniscalzi.com\/de\/wp-json\/wp\/v2\/media?parent=560352"}],"wp:term":[{"taxonomy":"category","embeddable":true,"href":"https:\/\/www.carmelitaniscalzi.com\/de\/wp-json\/wp\/v2\/categories?post=560352"},{"taxonomy":"post_tag","embeddable":true,"href":"https:\/\/www.carmelitaniscalzi.com\/de\/wp-json\/wp\/v2\/tags?post=560352"}],"curies":[{"name":"wp","href":"https:\/\/api.w.org\/{rel}","templated":true}]}}