{"id":548294,"date":"2026-01-08T00:15:44","date_gmt":"2026-01-07T23:15:44","guid":{"rendered":"https:\/\/www.carmelitaniscalzi.com\/?p=548294"},"modified":"2026-01-05T00:05:09","modified_gmt":"2026-01-04T23:05:09","slug":"spanien-eroeffnung-des-jubilaeumsjahres-des-heiligen-johannes-vom-kreuz","status":"publish","type":"post","link":"https:\/\/www.carmelitaniscalzi.com\/de\/2026\/01\/08\/spanien-eroeffnung-des-jubilaeumsjahres-des-heiligen-johannes-vom-kreuz\/","title":{"rendered":"Spanien: Er\u00f6ffnung des Jubil\u00e4umsjahres des Heiligen Johannes vom Kreuz"},"content":{"rendered":"<p>Am 13. Dezember wurde in <em>Segovia<\/em>, in der N\u00e4he des Grabes des Heiligen Johannes vom Kreuz, eine feierliche Messe gefeiert und die Heilige Pforte ge\u00f6ffnet, ein sichtbares Zeichen f\u00fcr die offizielle Er\u00f6ffnung der Johannes-Jahrhunderte.\u00a0 Die Feier wurde vom Bischof von Segovia, Jes\u00fas Vidal Chamorro, geleitet, begleitet vom Bischof von \u00c1vila, dem Generaloberen des Ordens, den Provinzialen von Iberien, Portugal und Navarra, Vertretern der Stadt Segovia und zahlreichen Ordensleuten.<\/p>\n<p>Der 14. Dezember, Festtag des Heiligen Johannes vom Kreuz, markierte auch den Beginn des Sanjuanistischen Jubil\u00e4umsjahres in der Di\u00f6zese \u00c1vila, in der Pfarrei San Cipriano in <em>Fontiveros<\/em>, dem Geburtsort des Heiligen. Der Messe, die vom Bischof von \u00c1vila, Jes\u00fas Rico, geleitet wurde, ging die \u00d6ffnung der Heiligen Pforte voraus. In <em>\u00c1vila<\/em> begann der Tag am Denkmal f\u00fcr Johannes vom Kreuz mit einem Gebet unter dem Vorsitz von Kardinal Ricardo Bl\u00e1zquez und wurde mit einer Prozession zur Basilika Santa Teresa fortgesetzt, die offiziell zum Jubil\u00e4umsort erkl\u00e4rt wurde.<\/p>\n<p>Am 15. Dezember wurde die Heilige Pforte von <em>\u00dabeda<\/em> ge\u00f6ffnet. Die Feier unter Vorsitz des Bischofs von Ja\u00e9n, Sebasti\u00e1n Chico Mart\u00ednez, begann in der Pfarrei San Pablo und wurde mit einer Prozession zum Oratorium des Heiligen Johannes vom Kreuz fortgesetzt, wo die T\u00fcren feierlich ge\u00f6ffnet wurden und vor dem ersten Grab und den Reliquien des Heiligen gebetet wurde. Anschlie\u00dfend wurde in der Kirche San Miguel in Anwesenheit einer gro\u00dfen Zahl von Gl\u00e4ubigen die Eucharistie gefeiert.<\/p>\n<p>Die mit diesen Jubil\u00e4en verbundenen Orte sind:<\/p>\n<ul>\n<li><em>\u00dabeda<\/em>, Ort seines Todes;<\/li>\n<li><em>Segovia<\/em>, wo sich sein Grab befindet;<\/li>\n<li>die Di\u00f6zese \u00c1vila mit der Stadt <em>\u00c1vila<\/em> und <em>Fontiveros<\/em>, seinem Geburtsort.<\/li>\n<\/ul>\n<p>Es beginnt also ein gemeinsamer Weg, eine Einladung zur Pilgerfahrt, zum Gebet und zur Wiederentdeckung der immer noch aktuellen Kraft der Botschaft des Heiligen Johannes vom Kreuz. M\u00f6ge dieses Jubil\u00e4umsjahr uns helfen, mit Tiefe, Br\u00fcderlichkeit und Hoffnung voranzuschreiten.<\/p>\n<p>&nbsp;<\/p>\n<div class=\"wpmf-gallerys wpmf-gallerys-life \" ><div id=\"gallery-1\"\n data-gutter-width=\"5\"\n  data-wpmfcolumns=\"5\" class=\"wpmf-gallery gallery-link-file gallery_life gallery-masonry gallery-columns-5 gallery-size-thumbnail wpmf-gallery-bottomspace-default wpmf-gallery-clear wpmf-has-border-radius-0 wpmf-gutterwidth-5\"><div class=\"wpmf-gallery-item\n     wpmf-gallery-item-position-0 wpmf-gallery-item-attachment-548123\" data-index=\"0\"><div class=\"wpmf-gallery-icon\"><a class=\" not_video noLightbox\" data-lightbox=\"1\" data-href=\"https:\/\/www.carmelitaniscalzi.com\/wp-content\/uploads\/2026\/01\/Spagna-1.jpg\" title=\"Spagna 1\" target=\"_self\" data-index=\"0\"><img decoding=\"async\" class=\"wpmf_img\" alt=\"Spagna 1\" src=\"https:\/\/www.carmelitaniscalzi.com\/wp-content\/uploads\/2026\/01\/Spagna-1-150x150.jpg\" data-type=\"wpmfgalleryimg\" data-lazy-src=\"https:\/\/www.carmelitaniscalzi.com\/wp-content\/uploads\/2026\/01\/Spagna-1-150x150.jpg\"><\/a><\/div><\/div><div class=\"wpmf-gallery-item\n     wpmf-gallery-item-position-1 wpmf-gallery-item-attachment-548129\" data-index=\"1\"><div class=\"wpmf-gallery-icon\"><a class=\" not_video noLightbox\" data-lightbox=\"1\" data-href=\"https:\/\/www.carmelitaniscalzi.com\/wp-content\/uploads\/2026\/01\/Spagna-2-1024x768.jpg\" title=\"Spagna 2\" target=\"_self\" data-index=\"1\"><img decoding=\"async\" class=\"wpmf_img\" alt=\"Spagna 2\" src=\"https:\/\/www.carmelitaniscalzi.com\/wp-content\/uploads\/2026\/01\/Spagna-2-150x150.jpg\" data-type=\"wpmfgalleryimg\" data-lazy-src=\"https:\/\/www.carmelitaniscalzi.com\/wp-content\/uploads\/2026\/01\/Spagna-2-150x150.jpg\"><\/a><\/div><\/div><div class=\"wpmf-gallery-item\n     wpmf-gallery-item-position-2 wpmf-gallery-item-attachment-548135\" data-index=\"2\"><div class=\"wpmf-gallery-icon\"><a class=\" not_video noLightbox\" data-lightbox=\"1\" data-href=\"https:\/\/www.carmelitaniscalzi.com\/wp-content\/uploads\/2026\/01\/Spagna-3-1024x655.jpg\" title=\"Spagna 3\" target=\"_self\" data-index=\"2\"><img decoding=\"async\" class=\"wpmf_img\" alt=\"Spagna 3\" src=\"https:\/\/www.carmelitaniscalzi.com\/wp-content\/uploads\/2026\/01\/Spagna-3-150x150.jpg\" data-type=\"wpmfgalleryimg\" data-lazy-src=\"https:\/\/www.carmelitaniscalzi.com\/wp-content\/uploads\/2026\/01\/Spagna-3-150x150.jpg\"><\/a><\/div><\/div><div class=\"wpmf-gallery-item\n     wpmf-gallery-item-position-3 wpmf-gallery-item-attachment-548141\" data-index=\"3\"><div class=\"wpmf-gallery-icon\"><a class=\" not_video noLightbox\" data-lightbox=\"1\" data-href=\"https:\/\/www.carmelitaniscalzi.com\/wp-content\/uploads\/2026\/01\/Spagna-4-1024x644.jpg\" title=\"Spagna 4\" target=\"_self\" data-index=\"3\"><img decoding=\"async\" class=\"wpmf_img\" alt=\"Spagna 4\" src=\"https:\/\/www.carmelitaniscalzi.com\/wp-content\/uploads\/2026\/01\/Spagna-4-150x150.jpg\" data-type=\"wpmfgalleryimg\" data-lazy-src=\"https:\/\/www.carmelitaniscalzi.com\/wp-content\/uploads\/2026\/01\/Spagna-4-150x150.jpg\"><\/a><\/div><\/div><div class=\"wpmf-gallery-item\n     wpmf-gallery-item-position-4 wpmf-gallery-item-attachment-548147\" data-index=\"4\"><div class=\"wpmf-gallery-icon\"><a class=\" not_video noLightbox\" data-lightbox=\"1\" data-href=\"https:\/\/www.carmelitaniscalzi.com\/wp-content\/uploads\/2026\/01\/Spagna-5.jpg\" title=\"Spagna 5\" target=\"_self\" data-index=\"4\"><img decoding=\"async\" class=\"wpmf_img\" alt=\"Spagna 5\" src=\"https:\/\/www.carmelitaniscalzi.com\/wp-content\/uploads\/2026\/01\/Spagna-5-150x150.jpg\" data-type=\"wpmfgalleryimg\" data-lazy-src=\"https:\/\/www.carmelitaniscalzi.com\/wp-content\/uploads\/2026\/01\/Spagna-5-150x150.jpg\"><\/a><\/div><\/div><div class=\"wpmf-gallery-item\n     wpmf-gallery-item-position-5 wpmf-gallery-item-attachment-548153\" data-index=\"5\"><div class=\"wpmf-gallery-icon\"><a class=\" not_video noLightbox\" data-lightbox=\"1\" data-href=\"https:\/\/www.carmelitaniscalzi.com\/wp-content\/uploads\/2026\/01\/Spagna-6-1024x680.jpg\" title=\"Spagna 6\" target=\"_self\" data-index=\"5\"><img decoding=\"async\" class=\"wpmf_img\" alt=\"Spagna 6\" src=\"https:\/\/www.carmelitaniscalzi.com\/wp-content\/uploads\/2026\/01\/Spagna-6-150x150.jpg\" data-type=\"wpmfgalleryimg\" data-lazy-src=\"https:\/\/www.carmelitaniscalzi.com\/wp-content\/uploads\/2026\/01\/Spagna-6-150x150.jpg\"><\/a><\/div><\/div><div class=\"wpmf-gallery-item\n     wpmf-gallery-item-position-6 wpmf-gallery-item-attachment-548159\" data-index=\"6\"><div class=\"wpmf-gallery-icon\"><a class=\" not_video noLightbox\" data-lightbox=\"1\" data-href=\"https:\/\/www.carmelitaniscalzi.com\/wp-content\/uploads\/2026\/01\/Spagna-7-1024x768.jpg\" title=\"Spagna 7\" target=\"_self\" data-index=\"6\"><img decoding=\"async\" class=\"wpmf_img\" alt=\"Spagna 7\" src=\"https:\/\/www.carmelitaniscalzi.com\/wp-content\/uploads\/2026\/01\/Spagna-7-150x150.jpg\" data-type=\"wpmfgalleryimg\" data-lazy-src=\"https:\/\/www.carmelitaniscalzi.com\/wp-content\/uploads\/2026\/01\/Spagna-7-150x150.jpg\"><\/a><\/div><\/div><div class=\"wpmf-gallery-item\n     wpmf-gallery-item-position-7 wpmf-gallery-item-attachment-548165\" data-index=\"7\"><div class=\"wpmf-gallery-icon\"><a class=\" not_video noLightbox\" data-lightbox=\"1\" data-href=\"https:\/\/www.carmelitaniscalzi.com\/wp-content\/uploads\/2026\/01\/Spagna-8-1024x678.jpg\" title=\"Spagna 8\" target=\"_self\" data-index=\"7\"><img decoding=\"async\" class=\"wpmf_img\" alt=\"Spagna 8\" src=\"https:\/\/www.carmelitaniscalzi.com\/wp-content\/uploads\/2026\/01\/Spagna-8-150x150.jpg\" data-type=\"wpmfgalleryimg\" data-lazy-src=\"https:\/\/www.carmelitaniscalzi.com\/wp-content\/uploads\/2026\/01\/Spagna-8-150x150.jpg\"><\/a><\/div><\/div><div class=\"wpmf-gallery-item\n     wpmf-gallery-item-position-8 wpmf-gallery-item-attachment-548171\" data-index=\"8\"><div class=\"wpmf-gallery-icon\"><a class=\" not_video noLightbox\" data-lightbox=\"1\" data-href=\"https:\/\/www.carmelitaniscalzi.com\/wp-content\/uploads\/2026\/01\/Spagna-9-1024x619.jpg\" title=\"Spagna 9\" target=\"_self\" data-index=\"8\"><img decoding=\"async\" class=\"wpmf_img\" alt=\"Spagna 9\" src=\"https:\/\/www.carmelitaniscalzi.com\/wp-content\/uploads\/2026\/01\/Spagna-9-150x150.jpg\" data-type=\"wpmfgalleryimg\" data-lazy-src=\"https:\/\/www.carmelitaniscalzi.com\/wp-content\/uploads\/2026\/01\/Spagna-9-150x150.jpg\"><\/a><\/div><\/div><\/div><\/div>\n\n","protected":false},"excerpt":{"rendered":"<p>Am 13. Dezember wurde in Segovia, in der N\u00e4he des Grabes des Heiligen Johannes vom Kreuz, eine feierliche Messe gefeiert und die Heilige Pforte ge\u00f6ffnet, ein sichtbares Zeichen f\u00fcr die offizielle Er\u00f6ffnung der Johannes-Jahrhunderte.\u00a0 Die Feier wurde vom Bischof von Segovia, Jes\u00fas Vidal Chamorro, geleitet, begleitet vom Bischof von \u00c1vila, dem Generaloberen des Ordens, den [&hellip;]<\/p>\n","protected":false},"author":7,"featured_media":548117,"comment_status":"closed","ping_status":"closed","sticky":false,"template":"","format":"standard","meta":{"_acf_changed":false,"footnotes":""},"categories":[213,218,371],"tags":[],"class_list":["post-548294","post","type-post","status-publish","format-standard","has-post-thumbnail","hentry","category-nachrichten-von-p-general","category-nachrichten-ueber-brueder","category-nachrichten"],"acf":[],"yoast_head":"<!-- This site is optimized with the Yoast SEO plugin v26.3 - https:\/\/yoast.com\/wordpress\/plugins\/seo\/ -->\n<title>Spanien: Er\u00f6ffnung des Jubil\u00e4umsjahres des Heiligen Johannes vom Kreuz - UNBESCHUHTE KARMELITEN<\/title>\n<meta name=\"robots\" content=\"index, follow, max-snippet:-1, max-image-preview:large, max-video-preview:-1\" \/>\n<link rel=\"canonical\" href=\"https:\/\/www.carmelitaniscalzi.com\/2026\/01\/08\/spagna-apertura-dellanno-giubilare-di-san-giovanni-della-croce\/\" \/>\n<meta property=\"og:locale\" content=\"de_DE\" \/>\n<meta property=\"og:type\" content=\"article\" \/>\n<meta property=\"og:title\" content=\"Spanien: Er\u00f6ffnung des Jubil\u00e4umsjahres des Heiligen Johannes vom Kreuz - UNBESCHUHTE KARMELITEN\" \/>\n<meta property=\"og:description\" content=\"Am 13. Dezember wurde in Segovia, in der N\u00e4he des Grabes des Heiligen Johannes vom Kreuz, eine feierliche Messe gefeiert und die Heilige Pforte ge\u00f6ffnet, ein sichtbares Zeichen f\u00fcr die offizielle Er\u00f6ffnung der Johannes-Jahrhunderte.\u00a0 Die Feier wurde vom Bischof von Segovia, Jes\u00fas Vidal Chamorro, geleitet, begleitet vom Bischof von \u00c1vila, dem Generaloberen des Ordens, den [&hellip;]\" \/>\n<meta property=\"og:url\" content=\"https:\/\/www.carmelitaniscalzi.com\/2026\/01\/08\/spagna-apertura-dellanno-giubilare-di-san-giovanni-della-croce\/\" \/>\n<meta property=\"og:site_name\" content=\"UNBESCHUHTE KARMELITEN\" \/>\n<meta property=\"article:publisher\" content=\"https:\/\/www.facebook.com\/Curia-Generalizia-Carmelitani-Scalzi-658766940887784\/\" \/>\n<meta property=\"article:published_time\" content=\"2026-01-07T23:15:44+00:00\" \/>\n<meta property=\"og:image\" content=\"https:\/\/www.carmelitaniscalzi.com\/wp-content\/uploads\/2026\/01\/cover_spagna_12.2025.jpg\" \/>\n\t<meta property=\"og:image:width\" content=\"1200\" \/>\n\t<meta property=\"og:image:height\" content=\"800\" \/>\n\t<meta property=\"og:image:type\" content=\"image\/jpeg\" \/>\n<meta name=\"author\" content=\"ocd web master\" \/>\n<meta name=\"twitter:card\" content=\"summary_large_image\" \/>\n<meta name=\"twitter:creator\" content=\"@ocdcuria\" \/>\n<meta name=\"twitter:site\" content=\"@ocdcuria\" \/>\n<meta name=\"twitter:label1\" content=\"Verfasst von\" \/>\n\t<meta name=\"twitter:data1\" content=\"ocd web master\" \/>\n\t<meta name=\"twitter:label2\" content=\"Gesch\u00e4tzte Lesezeit\" \/>\n\t<meta name=\"twitter:data2\" content=\"2\u00a0Minuten\" \/>\n<script type=\"application\/ld+json\" class=\"yoast-schema-graph\">{\"@context\":\"https:\/\/schema.org\",\"@graph\":[{\"@type\":\"Article\",\"@id\":\"https:\/\/www.carmelitaniscalzi.com\/2026\/01\/08\/spagna-apertura-dellanno-giubilare-di-san-giovanni-della-croce\/#article\",\"isPartOf\":{\"@id\":\"https:\/\/www.carmelitaniscalzi.com\/2026\/01\/08\/spagna-apertura-dellanno-giubilare-di-san-giovanni-della-croce\/\"},\"author\":{\"name\":\"ocd web master\",\"@id\":\"https:\/\/www.carmelitaniscalzi.com\/#\/schema\/person\/6d1c0d9bea7b6625c437246a5d6da409\"},\"headline\":\"Spanien: Er\u00f6ffnung des Jubil\u00e4umsjahres des Heiligen Johannes vom Kreuz\",\"datePublished\":\"2026-01-07T23:15:44+00:00\",\"mainEntityOfPage\":{\"@id\":\"https:\/\/www.carmelitaniscalzi.com\/2026\/01\/08\/spagna-apertura-dellanno-giubilare-di-san-giovanni-della-croce\/\"},\"wordCount\":340,\"publisher\":{\"@id\":\"https:\/\/www.carmelitaniscalzi.com\/#organization\"},\"image\":{\"@id\":\"https:\/\/www.carmelitaniscalzi.com\/2026\/01\/08\/spagna-apertura-dellanno-giubilare-di-san-giovanni-della-croce\/#primaryimage\"},\"thumbnailUrl\":\"https:\/\/www.carmelitaniscalzi.com\/wp-content\/uploads\/2026\/01\/cover_spagna_12.2025.jpg\",\"articleSection\":[\"Nachrichten von P. General\",\"Nachrichten \u00fcber Br\u00fcder\",\"Nachrichten\"],\"inLanguage\":\"de\"},{\"@type\":\"WebPage\",\"@id\":\"https:\/\/www.carmelitaniscalzi.com\/2026\/01\/08\/spagna-apertura-dellanno-giubilare-di-san-giovanni-della-croce\/\",\"url\":\"https:\/\/www.carmelitaniscalzi.com\/2026\/01\/08\/spagna-apertura-dellanno-giubilare-di-san-giovanni-della-croce\/\",\"name\":\"Spanien: Er\u00f6ffnung des Jubil\u00e4umsjahres des Heiligen Johannes vom Kreuz - UNBESCHUHTE KARMELITEN\",\"isPartOf\":{\"@id\":\"https:\/\/www.carmelitaniscalzi.com\/#website\"},\"primaryImageOfPage\":{\"@id\":\"https:\/\/www.carmelitaniscalzi.com\/2026\/01\/08\/spagna-apertura-dellanno-giubilare-di-san-giovanni-della-croce\/#primaryimage\"},\"image\":{\"@id\":\"https:\/\/www.carmelitaniscalzi.com\/2026\/01\/08\/spagna-apertura-dellanno-giubilare-di-san-giovanni-della-croce\/#primaryimage\"},\"thumbnailUrl\":\"https:\/\/www.carmelitaniscalzi.com\/wp-content\/uploads\/2026\/01\/cover_spagna_12.2025.jpg\",\"datePublished\":\"2026-01-07T23:15:44+00:00\",\"breadcrumb\":{\"@id\":\"https:\/\/www.carmelitaniscalzi.com\/2026\/01\/08\/spagna-apertura-dellanno-giubilare-di-san-giovanni-della-croce\/#breadcrumb\"},\"inLanguage\":\"de\",\"potentialAction\":[{\"@type\":\"ReadAction\",\"target\":[\"https:\/\/www.carmelitaniscalzi.com\/2026\/01\/08\/spagna-apertura-dellanno-giubilare-di-san-giovanni-della-croce\/\"]}]},{\"@type\":\"ImageObject\",\"inLanguage\":\"de\",\"@id\":\"https:\/\/www.carmelitaniscalzi.com\/2026\/01\/08\/spagna-apertura-dellanno-giubilare-di-san-giovanni-della-croce\/#primaryimage\",\"url\":\"https:\/\/www.carmelitaniscalzi.com\/wp-content\/uploads\/2026\/01\/cover_spagna_12.2025.jpg\",\"contentUrl\":\"https:\/\/www.carmelitaniscalzi.com\/wp-content\/uploads\/2026\/01\/cover_spagna_12.2025.jpg\",\"width\":1200,\"height\":800},{\"@type\":\"BreadcrumbList\",\"@id\":\"https:\/\/www.carmelitaniscalzi.com\/2026\/01\/08\/spagna-apertura-dellanno-giubilare-di-san-giovanni-della-croce\/#breadcrumb\",\"itemListElement\":[{\"@type\":\"ListItem\",\"position\":1,\"name\":\"Home\",\"item\":\"https:\/\/www.carmelitaniscalzi.com\/de\/\"},{\"@type\":\"ListItem\",\"position\":2,\"name\":\"Spanien: Er\u00f6ffnung des Jubil\u00e4umsjahres des Heiligen Johannes vom Kreuz\"}]},{\"@type\":\"WebSite\",\"@id\":\"https:\/\/www.carmelitaniscalzi.com\/#website\",\"url\":\"https:\/\/www.carmelitaniscalzi.com\/\",\"name\":\"CARMELITANI SCALZI - Curia Generale del Carmelo Teresiano\",\"description\":\"Generalkurie des Teresianischen Karmel\",\"publisher\":{\"@id\":\"https:\/\/www.carmelitaniscalzi.com\/#organization\"},\"alternateName\":\"CARMELITANI SCALZI\",\"potentialAction\":[{\"@type\":\"SearchAction\",\"target\":{\"@type\":\"EntryPoint\",\"urlTemplate\":\"https:\/\/www.carmelitaniscalzi.com\/?s={search_term_string}\"},\"query-input\":{\"@type\":\"PropertyValueSpecification\",\"valueRequired\":true,\"valueName\":\"search_term_string\"}}],\"inLanguage\":\"de\"},{\"@type\":\"Organization\",\"@id\":\"https:\/\/www.carmelitaniscalzi.com\/#organization\",\"name\":\"CARMELITANI SCALZI - Curia Generale del Carmelo Teresiano\",\"url\":\"https:\/\/www.carmelitaniscalzi.com\/\",\"logo\":{\"@type\":\"ImageObject\",\"inLanguage\":\"de\",\"@id\":\"https:\/\/www.carmelitaniscalzi.com\/#\/schema\/logo\/image\/\",\"url\":\"https:\/\/www.carmelitaniscalzi.com\/wp-content\/uploads\/2025\/11\/login-logo.png\",\"contentUrl\":\"https:\/\/www.carmelitaniscalzi.com\/wp-content\/uploads\/2025\/11\/login-logo.png\",\"width\":256,\"height\":256,\"caption\":\"CARMELITANI SCALZI - Curia Generale del Carmelo Teresiano\"},\"image\":{\"@id\":\"https:\/\/www.carmelitaniscalzi.com\/#\/schema\/logo\/image\/\"},\"sameAs\":[\"https:\/\/www.facebook.com\/Curia-Generalizia-Carmelitani-Scalzi-658766940887784\/\",\"https:\/\/x.com\/ocdcuria\",\"https:\/\/www.youtube.com\/channel\/UC2J5ZL0ycOY0qBSTCLX_NGQ\/videos\",\"https:\/\/www.instagram.com\/ocdinform\/\"]},{\"@type\":\"Person\",\"@id\":\"https:\/\/www.carmelitaniscalzi.com\/#\/schema\/person\/6d1c0d9bea7b6625c437246a5d6da409\",\"name\":\"ocd web master\",\"image\":{\"@type\":\"ImageObject\",\"inLanguage\":\"de\",\"@id\":\"https:\/\/www.carmelitaniscalzi.com\/#\/schema\/person\/image\/\",\"url\":\"https:\/\/secure.gravatar.com\/avatar\/41fbc5f82bad909fbaf2984c43fa50d8519ac5853e25b454d022b6868f80d0e7?s=96&d=mm&r=g\",\"contentUrl\":\"https:\/\/secure.gravatar.com\/avatar\/41fbc5f82bad909fbaf2984c43fa50d8519ac5853e25b454d022b6868f80d0e7?s=96&d=mm&r=g\",\"caption\":\"ocd web master\"},\"url\":\"https:\/\/www.carmelitaniscalzi.com\/de\/author\/ocdwebmaster\/\"}]}<\/script>\n<!-- \/ Yoast SEO plugin. -->","yoast_head_json":{"title":"Spanien: Er\u00f6ffnung des Jubil\u00e4umsjahres des Heiligen Johannes vom Kreuz - UNBESCHUHTE KARMELITEN","robots":{"index":"index","follow":"follow","max-snippet":"max-snippet:-1","max-image-preview":"max-image-preview:large","max-video-preview":"max-video-preview:-1"},"canonical":"https:\/\/www.carmelitaniscalzi.com\/2026\/01\/08\/spagna-apertura-dellanno-giubilare-di-san-giovanni-della-croce\/","og_locale":"de_DE","og_type":"article","og_title":"Spanien: Er\u00f6ffnung des Jubil\u00e4umsjahres des Heiligen Johannes vom Kreuz - UNBESCHUHTE KARMELITEN","og_description":"Am 13. Dezember wurde in Segovia, in der N\u00e4he des Grabes des Heiligen Johannes vom Kreuz, eine feierliche Messe gefeiert und die Heilige Pforte ge\u00f6ffnet, ein sichtbares Zeichen f\u00fcr die offizielle Er\u00f6ffnung der Johannes-Jahrhunderte.\u00a0 Die Feier wurde vom Bischof von Segovia, Jes\u00fas Vidal Chamorro, geleitet, begleitet vom Bischof von \u00c1vila, dem Generaloberen des Ordens, den [&hellip;]","og_url":"https:\/\/www.carmelitaniscalzi.com\/2026\/01\/08\/spagna-apertura-dellanno-giubilare-di-san-giovanni-della-croce\/","og_site_name":"UNBESCHUHTE KARMELITEN","article_publisher":"https:\/\/www.facebook.com\/Curia-Generalizia-Carmelitani-Scalzi-658766940887784\/","article_published_time":"2026-01-07T23:15:44+00:00","og_image":[{"width":1200,"height":800,"url":"https:\/\/www.carmelitaniscalzi.com\/wp-content\/uploads\/2026\/01\/cover_spagna_12.2025.jpg","type":"image\/jpeg"}],"author":"ocd web master","twitter_card":"summary_large_image","twitter_creator":"@ocdcuria","twitter_site":"@ocdcuria","twitter_misc":{"Verfasst von":"ocd web master","Gesch\u00e4tzte Lesezeit":"2\u00a0Minuten"},"schema":{"@context":"https:\/\/schema.org","@graph":[{"@type":"Article","@id":"https:\/\/www.carmelitaniscalzi.com\/2026\/01\/08\/spagna-apertura-dellanno-giubilare-di-san-giovanni-della-croce\/#article","isPartOf":{"@id":"https:\/\/www.carmelitaniscalzi.com\/2026\/01\/08\/spagna-apertura-dellanno-giubilare-di-san-giovanni-della-croce\/"},"author":{"name":"ocd web master","@id":"https:\/\/www.carmelitaniscalzi.com\/#\/schema\/person\/6d1c0d9bea7b6625c437246a5d6da409"},"headline":"Spanien: Er\u00f6ffnung des Jubil\u00e4umsjahres des Heiligen Johannes vom Kreuz","datePublished":"2026-01-07T23:15:44+00:00","mainEntityOfPage":{"@id":"https:\/\/www.carmelitaniscalzi.com\/2026\/01\/08\/spagna-apertura-dellanno-giubilare-di-san-giovanni-della-croce\/"},"wordCount":340,"publisher":{"@id":"https:\/\/www.carmelitaniscalzi.com\/#organization"},"image":{"@id":"https:\/\/www.carmelitaniscalzi.com\/2026\/01\/08\/spagna-apertura-dellanno-giubilare-di-san-giovanni-della-croce\/#primaryimage"},"thumbnailUrl":"https:\/\/www.carmelitaniscalzi.com\/wp-content\/uploads\/2026\/01\/cover_spagna_12.2025.jpg","articleSection":["Nachrichten von P. General","Nachrichten \u00fcber Br\u00fcder","Nachrichten"],"inLanguage":"de"},{"@type":"WebPage","@id":"https:\/\/www.carmelitaniscalzi.com\/2026\/01\/08\/spagna-apertura-dellanno-giubilare-di-san-giovanni-della-croce\/","url":"https:\/\/www.carmelitaniscalzi.com\/2026\/01\/08\/spagna-apertura-dellanno-giubilare-di-san-giovanni-della-croce\/","name":"Spanien: Er\u00f6ffnung des Jubil\u00e4umsjahres des Heiligen Johannes vom Kreuz - UNBESCHUHTE KARMELITEN","isPartOf":{"@id":"https:\/\/www.carmelitaniscalzi.com\/#website"},"primaryImageOfPage":{"@id":"https:\/\/www.carmelitaniscalzi.com\/2026\/01\/08\/spagna-apertura-dellanno-giubilare-di-san-giovanni-della-croce\/#primaryimage"},"image":{"@id":"https:\/\/www.carmelitaniscalzi.com\/2026\/01\/08\/spagna-apertura-dellanno-giubilare-di-san-giovanni-della-croce\/#primaryimage"},"thumbnailUrl":"https:\/\/www.carmelitaniscalzi.com\/wp-content\/uploads\/2026\/01\/cover_spagna_12.2025.jpg","datePublished":"2026-01-07T23:15:44+00:00","breadcrumb":{"@id":"https:\/\/www.carmelitaniscalzi.com\/2026\/01\/08\/spagna-apertura-dellanno-giubilare-di-san-giovanni-della-croce\/#breadcrumb"},"inLanguage":"de","potentialAction":[{"@type":"ReadAction","target":["https:\/\/www.carmelitaniscalzi.com\/2026\/01\/08\/spagna-apertura-dellanno-giubilare-di-san-giovanni-della-croce\/"]}]},{"@type":"ImageObject","inLanguage":"de","@id":"https:\/\/www.carmelitaniscalzi.com\/2026\/01\/08\/spagna-apertura-dellanno-giubilare-di-san-giovanni-della-croce\/#primaryimage","url":"https:\/\/www.carmelitaniscalzi.com\/wp-content\/uploads\/2026\/01\/cover_spagna_12.2025.jpg","contentUrl":"https:\/\/www.carmelitaniscalzi.com\/wp-content\/uploads\/2026\/01\/cover_spagna_12.2025.jpg","width":1200,"height":800},{"@type":"BreadcrumbList","@id":"https:\/\/www.carmelitaniscalzi.com\/2026\/01\/08\/spagna-apertura-dellanno-giubilare-di-san-giovanni-della-croce\/#breadcrumb","itemListElement":[{"@type":"ListItem","position":1,"name":"Home","item":"https:\/\/www.carmelitaniscalzi.com\/de\/"},{"@type":"ListItem","position":2,"name":"Spanien: Er\u00f6ffnung des Jubil\u00e4umsjahres des Heiligen Johannes vom Kreuz"}]},{"@type":"WebSite","@id":"https:\/\/www.carmelitaniscalzi.com\/#website","url":"https:\/\/www.carmelitaniscalzi.com\/","name":"CARMELITANI SCALZI - Curia Generale del Carmelo Teresiano","description":"Generalkurie des Teresianischen Karmel","publisher":{"@id":"https:\/\/www.carmelitaniscalzi.com\/#organization"},"alternateName":"CARMELITANI SCALZI","potentialAction":[{"@type":"SearchAction","target":{"@type":"EntryPoint","urlTemplate":"https:\/\/www.carmelitaniscalzi.com\/?s={search_term_string}"},"query-input":{"@type":"PropertyValueSpecification","valueRequired":true,"valueName":"search_term_string"}}],"inLanguage":"de"},{"@type":"Organization","@id":"https:\/\/www.carmelitaniscalzi.com\/#organization","name":"CARMELITANI SCALZI - Curia Generale del Carmelo Teresiano","url":"https:\/\/www.carmelitaniscalzi.com\/","logo":{"@type":"ImageObject","inLanguage":"de","@id":"https:\/\/www.carmelitaniscalzi.com\/#\/schema\/logo\/image\/","url":"https:\/\/www.carmelitaniscalzi.com\/wp-content\/uploads\/2025\/11\/login-logo.png","contentUrl":"https:\/\/www.carmelitaniscalzi.com\/wp-content\/uploads\/2025\/11\/login-logo.png","width":256,"height":256,"caption":"CARMELITANI SCALZI - Curia Generale del Carmelo Teresiano"},"image":{"@id":"https:\/\/www.carmelitaniscalzi.com\/#\/schema\/logo\/image\/"},"sameAs":["https:\/\/www.facebook.com\/Curia-Generalizia-Carmelitani-Scalzi-658766940887784\/","https:\/\/x.com\/ocdcuria","https:\/\/www.youtube.com\/channel\/UC2J5ZL0ycOY0qBSTCLX_NGQ\/videos","https:\/\/www.instagram.com\/ocdinform\/"]},{"@type":"Person","@id":"https:\/\/www.carmelitaniscalzi.com\/#\/schema\/person\/6d1c0d9bea7b6625c437246a5d6da409","name":"ocd web master","image":{"@type":"ImageObject","inLanguage":"de","@id":"https:\/\/www.carmelitaniscalzi.com\/#\/schema\/person\/image\/","url":"https:\/\/secure.gravatar.com\/avatar\/41fbc5f82bad909fbaf2984c43fa50d8519ac5853e25b454d022b6868f80d0e7?s=96&d=mm&r=g","contentUrl":"https:\/\/secure.gravatar.com\/avatar\/41fbc5f82bad909fbaf2984c43fa50d8519ac5853e25b454d022b6868f80d0e7?s=96&d=mm&r=g","caption":"ocd web master"},"url":"https:\/\/www.carmelitaniscalzi.com\/de\/author\/ocdwebmaster\/"}]}},"_links":{"self":[{"href":"https:\/\/www.carmelitaniscalzi.com\/de\/wp-json\/wp\/v2\/posts\/548294","targetHints":{"allow":["GET"]}}],"collection":[{"href":"https:\/\/www.carmelitaniscalzi.com\/de\/wp-json\/wp\/v2\/posts"}],"about":[{"href":"https:\/\/www.carmelitaniscalzi.com\/de\/wp-json\/wp\/v2\/types\/post"}],"author":[{"embeddable":true,"href":"https:\/\/www.carmelitaniscalzi.com\/de\/wp-json\/wp\/v2\/users\/7"}],"replies":[{"embeddable":true,"href":"https:\/\/www.carmelitaniscalzi.com\/de\/wp-json\/wp\/v2\/comments?post=548294"}],"version-history":[{"count":1,"href":"https:\/\/www.carmelitaniscalzi.com\/de\/wp-json\/wp\/v2\/posts\/548294\/revisions"}],"predecessor-version":[{"id":548295,"href":"https:\/\/www.carmelitaniscalzi.com\/de\/wp-json\/wp\/v2\/posts\/548294\/revisions\/548295"}],"wp:featuredmedia":[{"embeddable":true,"href":"https:\/\/www.carmelitaniscalzi.com\/de\/wp-json\/wp\/v2\/media\/548117"}],"wp:attachment":[{"href":"https:\/\/www.carmelitaniscalzi.com\/de\/wp-json\/wp\/v2\/media?parent=548294"}],"wp:term":[{"taxonomy":"category","embeddable":true,"href":"https:\/\/www.carmelitaniscalzi.com\/de\/wp-json\/wp\/v2\/categories?post=548294"},{"taxonomy":"post_tag","embeddable":true,"href":"https:\/\/www.carmelitaniscalzi.com\/de\/wp-json\/wp\/v2\/tags?post=548294"}],"curies":[{"name":"wp","href":"https:\/\/api.w.org\/{rel}","templated":true}]}}