{"id":537161,"date":"2025-12-08T00:41:00","date_gmt":"2025-12-07T23:41:00","guid":{"rendered":"https:\/\/www.carmelitaniscalzi.com\/?p=537161"},"modified":"2025-12-08T00:41:00","modified_gmt":"2025-12-07T23:41:00","slug":"elfenbeinkueste-eroeffnung-des-doppelten-jubilaeums-in-abidjan","status":"publish","type":"post","link":"https:\/\/www.carmelitaniscalzi.com\/de\/2025\/12\/08\/elfenbeinkueste-eroeffnung-des-doppelten-jubilaeums-in-abidjan\/","title":{"rendered":"Elfenbeink\u00fcste: Er\u00f6ffnung des doppelten Jubil\u00e4ums in Abidjan"},"content":{"rendered":"<p>Am Sonntag, dem 19. Oktober 2025, fand in Abidjan die feierliche Messe zur Er\u00f6ffnung des silbernen Jubil\u00e4ums der Pr\u00e4senz der Unbeschuhten Karmeliten in der Elfenbeink\u00fcste und der Gr\u00fcndung der Pfarrei <em>Saint Louis de Gonzague<\/em> statt.<\/p>\n<p>In einer festlichen Atmosph\u00e4re dankten die Br\u00fcder der Provinzdelegation <em>Sainte Th\u00e9r\u00e8se B\u00e9n\u00e9dicte de la Croix<\/em> und die Gemeindemitglieder Gott f\u00fcr die Wunder, die er durch die Pr\u00e4senz des Teresianischen Karmeliterordens in diesem Stadtteil von Abidjan vollbracht hat.<\/p>\n<p>Dieses doppelte Jubil\u00e4um wurde vom Provinzdelegierten, Bruder Florent Traor\u00e9, er\u00f6ffnet. W\u00e4hrend der Feier entz\u00fcndete er die Jubil\u00e4umskerze und sandte das Organisationskomitee, bestehend aus Br\u00fcdern, Laien des Weltkarmeliterordens und Mitgliedern des Pastoralrats der Pfarrei, auf Mission.<\/p>\n<p>Verschiedene Aktivit\u00e4ten werden dieses Jubil\u00e4umsjahr pr\u00e4gen, das am 21. Juni 2026 feierlich zu Ende gehen wird.<\/p>\n<p>&nbsp;<\/p>\n<div class=\"wpmf-gallerys wpmf-gallerys-life \" ><div id=\"gallery-1\"\n data-gutter-width=\"5\"\n  data-wpmfcolumns=\"4\" class=\"wpmf-gallery gallery-link-file gallery_life gallery-masonry gallery-columns-4 gallery-size-thumbnail wpmf-gallery-bottomspace-default wpmf-gallery-clear wpmf-has-border-radius-0 wpmf-gutterwidth-5\"><div class=\"wpmf-gallery-item\n     wpmf-gallery-item-position-0 wpmf-gallery-item-attachment-536936\" data-index=\"0\"><div class=\"wpmf-gallery-icon\"><a class=\" not_video noLightbox\" data-lightbox=\"1\" data-href=\"https:\/\/www.carmelitaniscalzi.com\/wp-content\/uploads\/2025\/12\/Costa-d_avorio-1-963x1024.jpeg\" title=\"Costa d_avorio 1\" target=\"_self\" data-index=\"0\"><img decoding=\"async\" class=\"wpmf_img\" alt=\"Costa d_avorio 1\" src=\"https:\/\/www.carmelitaniscalzi.com\/wp-content\/uploads\/2025\/12\/Costa-d_avorio-1-150x150.jpeg\" data-type=\"wpmfgalleryimg\" data-lazy-src=\"https:\/\/www.carmelitaniscalzi.com\/wp-content\/uploads\/2025\/12\/Costa-d_avorio-1-150x150.jpeg\"><\/a><\/div><\/div><div class=\"wpmf-gallery-item\n     wpmf-gallery-item-position-1 wpmf-gallery-item-attachment-536942\" data-index=\"1\"><div class=\"wpmf-gallery-icon\"><a class=\" not_video noLightbox\" data-lightbox=\"1\" data-href=\"https:\/\/www.carmelitaniscalzi.com\/wp-content\/uploads\/2025\/12\/Costa-d_avorio-2-1024x674.jpeg\" title=\"Costa d_avorio 2\" target=\"_self\" data-index=\"1\"><img decoding=\"async\" class=\"wpmf_img\" alt=\"Costa d_avorio 2\" src=\"https:\/\/www.carmelitaniscalzi.com\/wp-content\/uploads\/2025\/12\/Costa-d_avorio-2-150x150.jpeg\" data-type=\"wpmfgalleryimg\" data-lazy-src=\"https:\/\/www.carmelitaniscalzi.com\/wp-content\/uploads\/2025\/12\/Costa-d_avorio-2-150x150.jpeg\"><\/a><\/div><\/div><div class=\"wpmf-gallery-item\n     wpmf-gallery-item-position-2 wpmf-gallery-item-attachment-536948\" data-index=\"2\"><div class=\"wpmf-gallery-icon\"><a class=\" not_video noLightbox\" data-lightbox=\"1\" data-href=\"https:\/\/www.carmelitaniscalzi.com\/wp-content\/uploads\/2025\/12\/Costa-d_avorio-3-853x1024.jpeg\" title=\"Costa d_avorio 3\" target=\"_self\" data-index=\"2\"><img decoding=\"async\" class=\"wpmf_img\" alt=\"Costa d_avorio 3\" src=\"https:\/\/www.carmelitaniscalzi.com\/wp-content\/uploads\/2025\/12\/Costa-d_avorio-3-150x150.jpeg\" data-type=\"wpmfgalleryimg\" data-lazy-src=\"https:\/\/www.carmelitaniscalzi.com\/wp-content\/uploads\/2025\/12\/Costa-d_avorio-3-150x150.jpeg\"><\/a><\/div><\/div><div class=\"wpmf-gallery-item\n     wpmf-gallery-item-position-3 wpmf-gallery-item-attachment-536954\" data-index=\"3\"><div class=\"wpmf-gallery-icon\"><a class=\" not_video noLightbox\" data-lightbox=\"1\" data-href=\"https:\/\/www.carmelitaniscalzi.com\/wp-content\/uploads\/2025\/12\/Costa-d_avorio-4-1024x562.jpeg\" title=\"Costa d_avorio 4\" target=\"_self\" data-index=\"3\"><img decoding=\"async\" class=\"wpmf_img\" alt=\"Costa d_avorio 4\" src=\"https:\/\/www.carmelitaniscalzi.com\/wp-content\/uploads\/2025\/12\/Costa-d_avorio-4-150x150.jpeg\" data-type=\"wpmfgalleryimg\" data-lazy-src=\"https:\/\/www.carmelitaniscalzi.com\/wp-content\/uploads\/2025\/12\/Costa-d_avorio-4-150x150.jpeg\"><\/a><\/div><\/div><\/div><\/div>\n\n","protected":false},"excerpt":{"rendered":"<p>Am Sonntag, dem 19. Oktober 2025, fand in Abidjan die feierliche Messe zur Er\u00f6ffnung des silbernen Jubil\u00e4ums der Pr\u00e4senz der Unbeschuhten Karmeliten in der Elfenbeink\u00fcste und der Gr\u00fcndung der Pfarrei Saint Louis de Gonzague statt. In einer festlichen Atmosph\u00e4re dankten die Br\u00fcder der Provinzdelegation Sainte Th\u00e9r\u00e8se B\u00e9n\u00e9dicte de la Croix und die Gemeindemitglieder Gott f\u00fcr [&hellip;]<\/p>\n","protected":false},"author":7,"featured_media":536960,"comment_status":"closed","ping_status":"closed","sticky":false,"template":"","format":"standard","meta":{"_acf_changed":false,"footnotes":""},"categories":[218,262,371],"tags":[],"class_list":["post-537161","post","type-post","status-publish","format-standard","has-post-thumbnail","hentry","category-nachrichten-ueber-brueder","category-nachrichten-ocds","category-nachrichten"],"acf":[],"yoast_head":"<!-- This site is optimized with the Yoast SEO plugin v26.3 - https:\/\/yoast.com\/wordpress\/plugins\/seo\/ -->\n<title>Elfenbeink\u00fcste: Er\u00f6ffnung des doppelten Jubil\u00e4ums in Abidjan - UNBESCHUHTE KARMELITEN<\/title>\n<meta name=\"robots\" content=\"index, follow, max-snippet:-1, max-image-preview:large, max-video-preview:-1\" \/>\n<link rel=\"canonical\" href=\"https:\/\/www.carmelitaniscalzi.com\/de\/2025\/12\/08\/elfenbeinkueste-eroeffnung-des-doppelten-jubilaeums-in-abidjan\/\" \/>\n<meta property=\"og:locale\" content=\"de_DE\" \/>\n<meta property=\"og:type\" content=\"article\" \/>\n<meta property=\"og:title\" content=\"Elfenbeink\u00fcste: Er\u00f6ffnung des doppelten Jubil\u00e4ums in Abidjan - UNBESCHUHTE KARMELITEN\" \/>\n<meta property=\"og:description\" content=\"Am Sonntag, dem 19. Oktober 2025, fand in Abidjan die feierliche Messe zur Er\u00f6ffnung des silbernen Jubil\u00e4ums der Pr\u00e4senz der Unbeschuhten Karmeliten in der Elfenbeink\u00fcste und der Gr\u00fcndung der Pfarrei Saint Louis de Gonzague statt. In einer festlichen Atmosph\u00e4re dankten die Br\u00fcder der Provinzdelegation Sainte Th\u00e9r\u00e8se B\u00e9n\u00e9dicte de la Croix und die Gemeindemitglieder Gott f\u00fcr [&hellip;]\" \/>\n<meta property=\"og:url\" content=\"https:\/\/www.carmelitaniscalzi.com\/de\/2025\/12\/08\/elfenbeinkueste-eroeffnung-des-doppelten-jubilaeums-in-abidjan\/\" \/>\n<meta property=\"og:site_name\" content=\"UNBESCHUHTE KARMELITEN\" \/>\n<meta property=\"article:publisher\" content=\"https:\/\/www.facebook.com\/Curia-Generalizia-Carmelitani-Scalzi-658766940887784\/\" \/>\n<meta property=\"article:published_time\" content=\"2025-12-07T23:41:00+00:00\" \/>\n<meta property=\"og:image\" content=\"https:\/\/www.carmelitaniscalzi.com\/wp-content\/uploads\/2025\/12\/cover_costa-avorio_11.2025.jpg\" \/>\n\t<meta property=\"og:image:width\" content=\"1200\" \/>\n\t<meta property=\"og:image:height\" content=\"800\" \/>\n\t<meta property=\"og:image:type\" content=\"image\/jpeg\" \/>\n<meta name=\"author\" content=\"ocd web master\" \/>\n<meta name=\"twitter:card\" content=\"summary_large_image\" \/>\n<meta name=\"twitter:creator\" content=\"@ocdcuria\" \/>\n<meta name=\"twitter:site\" content=\"@ocdcuria\" \/>\n<meta name=\"twitter:label1\" content=\"Verfasst von\" \/>\n\t<meta name=\"twitter:data1\" content=\"ocd web master\" \/>\n\t<meta name=\"twitter:label2\" content=\"Gesch\u00e4tzte Lesezeit\" \/>\n\t<meta name=\"twitter:data2\" content=\"1\u00a0Minute\" \/>\n<script type=\"application\/ld+json\" class=\"yoast-schema-graph\">{\"@context\":\"https:\/\/schema.org\",\"@graph\":[{\"@type\":\"Article\",\"@id\":\"https:\/\/www.carmelitaniscalzi.com\/de\/2025\/12\/08\/elfenbeinkueste-eroeffnung-des-doppelten-jubilaeums-in-abidjan\/#article\",\"isPartOf\":{\"@id\":\"https:\/\/www.carmelitaniscalzi.com\/de\/2025\/12\/08\/elfenbeinkueste-eroeffnung-des-doppelten-jubilaeums-in-abidjan\/\"},\"author\":{\"name\":\"ocd web master\",\"@id\":\"https:\/\/www.carmelitaniscalzi.com\/#\/schema\/person\/6d1c0d9bea7b6625c437246a5d6da409\"},\"headline\":\"Elfenbeink\u00fcste: Er\u00f6ffnung des doppelten Jubil\u00e4ums in Abidjan\",\"datePublished\":\"2025-12-07T23:41:00+00:00\",\"mainEntityOfPage\":{\"@id\":\"https:\/\/www.carmelitaniscalzi.com\/de\/2025\/12\/08\/elfenbeinkueste-eroeffnung-des-doppelten-jubilaeums-in-abidjan\/\"},\"wordCount\":162,\"publisher\":{\"@id\":\"https:\/\/www.carmelitaniscalzi.com\/#organization\"},\"image\":{\"@id\":\"https:\/\/www.carmelitaniscalzi.com\/de\/2025\/12\/08\/elfenbeinkueste-eroeffnung-des-doppelten-jubilaeums-in-abidjan\/#primaryimage\"},\"thumbnailUrl\":\"https:\/\/www.carmelitaniscalzi.com\/wp-content\/uploads\/2025\/12\/cover_costa-avorio_11.2025.jpg\",\"articleSection\":[\"Nachrichten \u00fcber Br\u00fcder\",\"Nachrichten OCDS\",\"Nachrichten\"],\"inLanguage\":\"de\"},{\"@type\":\"WebPage\",\"@id\":\"https:\/\/www.carmelitaniscalzi.com\/de\/2025\/12\/08\/elfenbeinkueste-eroeffnung-des-doppelten-jubilaeums-in-abidjan\/\",\"url\":\"https:\/\/www.carmelitaniscalzi.com\/de\/2025\/12\/08\/elfenbeinkueste-eroeffnung-des-doppelten-jubilaeums-in-abidjan\/\",\"name\":\"Elfenbeink\u00fcste: Er\u00f6ffnung des doppelten Jubil\u00e4ums in Abidjan - UNBESCHUHTE KARMELITEN\",\"isPartOf\":{\"@id\":\"https:\/\/www.carmelitaniscalzi.com\/#website\"},\"primaryImageOfPage\":{\"@id\":\"https:\/\/www.carmelitaniscalzi.com\/de\/2025\/12\/08\/elfenbeinkueste-eroeffnung-des-doppelten-jubilaeums-in-abidjan\/#primaryimage\"},\"image\":{\"@id\":\"https:\/\/www.carmelitaniscalzi.com\/de\/2025\/12\/08\/elfenbeinkueste-eroeffnung-des-doppelten-jubilaeums-in-abidjan\/#primaryimage\"},\"thumbnailUrl\":\"https:\/\/www.carmelitaniscalzi.com\/wp-content\/uploads\/2025\/12\/cover_costa-avorio_11.2025.jpg\",\"datePublished\":\"2025-12-07T23:41:00+00:00\",\"breadcrumb\":{\"@id\":\"https:\/\/www.carmelitaniscalzi.com\/de\/2025\/12\/08\/elfenbeinkueste-eroeffnung-des-doppelten-jubilaeums-in-abidjan\/#breadcrumb\"},\"inLanguage\":\"de\",\"potentialAction\":[{\"@type\":\"ReadAction\",\"target\":[\"https:\/\/www.carmelitaniscalzi.com\/de\/2025\/12\/08\/elfenbeinkueste-eroeffnung-des-doppelten-jubilaeums-in-abidjan\/\"]}]},{\"@type\":\"ImageObject\",\"inLanguage\":\"de\",\"@id\":\"https:\/\/www.carmelitaniscalzi.com\/de\/2025\/12\/08\/elfenbeinkueste-eroeffnung-des-doppelten-jubilaeums-in-abidjan\/#primaryimage\",\"url\":\"https:\/\/www.carmelitaniscalzi.com\/wp-content\/uploads\/2025\/12\/cover_costa-avorio_11.2025.jpg\",\"contentUrl\":\"https:\/\/www.carmelitaniscalzi.com\/wp-content\/uploads\/2025\/12\/cover_costa-avorio_11.2025.jpg\",\"width\":1200,\"height\":800},{\"@type\":\"BreadcrumbList\",\"@id\":\"https:\/\/www.carmelitaniscalzi.com\/de\/2025\/12\/08\/elfenbeinkueste-eroeffnung-des-doppelten-jubilaeums-in-abidjan\/#breadcrumb\",\"itemListElement\":[{\"@type\":\"ListItem\",\"position\":1,\"name\":\"Home\",\"item\":\"https:\/\/www.carmelitaniscalzi.com\/de\/\"},{\"@type\":\"ListItem\",\"position\":2,\"name\":\"Elfenbeink\u00fcste: Er\u00f6ffnung des doppelten Jubil\u00e4ums in Abidjan\"}]},{\"@type\":\"WebSite\",\"@id\":\"https:\/\/www.carmelitaniscalzi.com\/#website\",\"url\":\"https:\/\/www.carmelitaniscalzi.com\/\",\"name\":\"CARMELITANI SCALZI - Curia Generale del Carmelo Teresiano\",\"description\":\"Generalkurie des Teresianischen Karmel\",\"publisher\":{\"@id\":\"https:\/\/www.carmelitaniscalzi.com\/#organization\"},\"alternateName\":\"CARMELITANI SCALZI\",\"potentialAction\":[{\"@type\":\"SearchAction\",\"target\":{\"@type\":\"EntryPoint\",\"urlTemplate\":\"https:\/\/www.carmelitaniscalzi.com\/?s={search_term_string}\"},\"query-input\":{\"@type\":\"PropertyValueSpecification\",\"valueRequired\":true,\"valueName\":\"search_term_string\"}}],\"inLanguage\":\"de\"},{\"@type\":\"Organization\",\"@id\":\"https:\/\/www.carmelitaniscalzi.com\/#organization\",\"name\":\"CARMELITANI SCALZI - Curia Generale del Carmelo Teresiano\",\"url\":\"https:\/\/www.carmelitaniscalzi.com\/\",\"logo\":{\"@type\":\"ImageObject\",\"inLanguage\":\"de\",\"@id\":\"https:\/\/www.carmelitaniscalzi.com\/#\/schema\/logo\/image\/\",\"url\":\"https:\/\/www.carmelitaniscalzi.com\/wp-content\/uploads\/2025\/11\/login-logo.png\",\"contentUrl\":\"https:\/\/www.carmelitaniscalzi.com\/wp-content\/uploads\/2025\/11\/login-logo.png\",\"width\":256,\"height\":256,\"caption\":\"CARMELITANI SCALZI - Curia Generale del Carmelo Teresiano\"},\"image\":{\"@id\":\"https:\/\/www.carmelitaniscalzi.com\/#\/schema\/logo\/image\/\"},\"sameAs\":[\"https:\/\/www.facebook.com\/Curia-Generalizia-Carmelitani-Scalzi-658766940887784\/\",\"https:\/\/x.com\/ocdcuria\",\"https:\/\/www.youtube.com\/channel\/UC2J5ZL0ycOY0qBSTCLX_NGQ\/videos\",\"https:\/\/www.instagram.com\/ocdinform\/\"]},{\"@type\":\"Person\",\"@id\":\"https:\/\/www.carmelitaniscalzi.com\/#\/schema\/person\/6d1c0d9bea7b6625c437246a5d6da409\",\"name\":\"ocd web master\",\"image\":{\"@type\":\"ImageObject\",\"inLanguage\":\"de\",\"@id\":\"https:\/\/www.carmelitaniscalzi.com\/#\/schema\/person\/image\/\",\"url\":\"https:\/\/secure.gravatar.com\/avatar\/41fbc5f82bad909fbaf2984c43fa50d8519ac5853e25b454d022b6868f80d0e7?s=96&d=mm&r=g\",\"contentUrl\":\"https:\/\/secure.gravatar.com\/avatar\/41fbc5f82bad909fbaf2984c43fa50d8519ac5853e25b454d022b6868f80d0e7?s=96&d=mm&r=g\",\"caption\":\"ocd web master\"},\"url\":\"https:\/\/www.carmelitaniscalzi.com\/de\/author\/ocdwebmaster\/\"}]}<\/script>\n<!-- \/ Yoast SEO plugin. -->","yoast_head_json":{"title":"Elfenbeink\u00fcste: Er\u00f6ffnung des doppelten Jubil\u00e4ums in Abidjan - UNBESCHUHTE KARMELITEN","robots":{"index":"index","follow":"follow","max-snippet":"max-snippet:-1","max-image-preview":"max-image-preview:large","max-video-preview":"max-video-preview:-1"},"canonical":"https:\/\/www.carmelitaniscalzi.com\/de\/2025\/12\/08\/elfenbeinkueste-eroeffnung-des-doppelten-jubilaeums-in-abidjan\/","og_locale":"de_DE","og_type":"article","og_title":"Elfenbeink\u00fcste: Er\u00f6ffnung des doppelten Jubil\u00e4ums in Abidjan - UNBESCHUHTE KARMELITEN","og_description":"Am Sonntag, dem 19. Oktober 2025, fand in Abidjan die feierliche Messe zur Er\u00f6ffnung des silbernen Jubil\u00e4ums der Pr\u00e4senz der Unbeschuhten Karmeliten in der Elfenbeink\u00fcste und der Gr\u00fcndung der Pfarrei Saint Louis de Gonzague statt. In einer festlichen Atmosph\u00e4re dankten die Br\u00fcder der Provinzdelegation Sainte Th\u00e9r\u00e8se B\u00e9n\u00e9dicte de la Croix und die Gemeindemitglieder Gott f\u00fcr [&hellip;]","og_url":"https:\/\/www.carmelitaniscalzi.com\/de\/2025\/12\/08\/elfenbeinkueste-eroeffnung-des-doppelten-jubilaeums-in-abidjan\/","og_site_name":"UNBESCHUHTE KARMELITEN","article_publisher":"https:\/\/www.facebook.com\/Curia-Generalizia-Carmelitani-Scalzi-658766940887784\/","article_published_time":"2025-12-07T23:41:00+00:00","og_image":[{"width":1200,"height":800,"url":"https:\/\/www.carmelitaniscalzi.com\/wp-content\/uploads\/2025\/12\/cover_costa-avorio_11.2025.jpg","type":"image\/jpeg"}],"author":"ocd web master","twitter_card":"summary_large_image","twitter_creator":"@ocdcuria","twitter_site":"@ocdcuria","twitter_misc":{"Verfasst von":"ocd web master","Gesch\u00e4tzte Lesezeit":"1\u00a0Minute"},"schema":{"@context":"https:\/\/schema.org","@graph":[{"@type":"Article","@id":"https:\/\/www.carmelitaniscalzi.com\/de\/2025\/12\/08\/elfenbeinkueste-eroeffnung-des-doppelten-jubilaeums-in-abidjan\/#article","isPartOf":{"@id":"https:\/\/www.carmelitaniscalzi.com\/de\/2025\/12\/08\/elfenbeinkueste-eroeffnung-des-doppelten-jubilaeums-in-abidjan\/"},"author":{"name":"ocd web master","@id":"https:\/\/www.carmelitaniscalzi.com\/#\/schema\/person\/6d1c0d9bea7b6625c437246a5d6da409"},"headline":"Elfenbeink\u00fcste: Er\u00f6ffnung des doppelten Jubil\u00e4ums in Abidjan","datePublished":"2025-12-07T23:41:00+00:00","mainEntityOfPage":{"@id":"https:\/\/www.carmelitaniscalzi.com\/de\/2025\/12\/08\/elfenbeinkueste-eroeffnung-des-doppelten-jubilaeums-in-abidjan\/"},"wordCount":162,"publisher":{"@id":"https:\/\/www.carmelitaniscalzi.com\/#organization"},"image":{"@id":"https:\/\/www.carmelitaniscalzi.com\/de\/2025\/12\/08\/elfenbeinkueste-eroeffnung-des-doppelten-jubilaeums-in-abidjan\/#primaryimage"},"thumbnailUrl":"https:\/\/www.carmelitaniscalzi.com\/wp-content\/uploads\/2025\/12\/cover_costa-avorio_11.2025.jpg","articleSection":["Nachrichten \u00fcber Br\u00fcder","Nachrichten OCDS","Nachrichten"],"inLanguage":"de"},{"@type":"WebPage","@id":"https:\/\/www.carmelitaniscalzi.com\/de\/2025\/12\/08\/elfenbeinkueste-eroeffnung-des-doppelten-jubilaeums-in-abidjan\/","url":"https:\/\/www.carmelitaniscalzi.com\/de\/2025\/12\/08\/elfenbeinkueste-eroeffnung-des-doppelten-jubilaeums-in-abidjan\/","name":"Elfenbeink\u00fcste: Er\u00f6ffnung des doppelten Jubil\u00e4ums in Abidjan - UNBESCHUHTE KARMELITEN","isPartOf":{"@id":"https:\/\/www.carmelitaniscalzi.com\/#website"},"primaryImageOfPage":{"@id":"https:\/\/www.carmelitaniscalzi.com\/de\/2025\/12\/08\/elfenbeinkueste-eroeffnung-des-doppelten-jubilaeums-in-abidjan\/#primaryimage"},"image":{"@id":"https:\/\/www.carmelitaniscalzi.com\/de\/2025\/12\/08\/elfenbeinkueste-eroeffnung-des-doppelten-jubilaeums-in-abidjan\/#primaryimage"},"thumbnailUrl":"https:\/\/www.carmelitaniscalzi.com\/wp-content\/uploads\/2025\/12\/cover_costa-avorio_11.2025.jpg","datePublished":"2025-12-07T23:41:00+00:00","breadcrumb":{"@id":"https:\/\/www.carmelitaniscalzi.com\/de\/2025\/12\/08\/elfenbeinkueste-eroeffnung-des-doppelten-jubilaeums-in-abidjan\/#breadcrumb"},"inLanguage":"de","potentialAction":[{"@type":"ReadAction","target":["https:\/\/www.carmelitaniscalzi.com\/de\/2025\/12\/08\/elfenbeinkueste-eroeffnung-des-doppelten-jubilaeums-in-abidjan\/"]}]},{"@type":"ImageObject","inLanguage":"de","@id":"https:\/\/www.carmelitaniscalzi.com\/de\/2025\/12\/08\/elfenbeinkueste-eroeffnung-des-doppelten-jubilaeums-in-abidjan\/#primaryimage","url":"https:\/\/www.carmelitaniscalzi.com\/wp-content\/uploads\/2025\/12\/cover_costa-avorio_11.2025.jpg","contentUrl":"https:\/\/www.carmelitaniscalzi.com\/wp-content\/uploads\/2025\/12\/cover_costa-avorio_11.2025.jpg","width":1200,"height":800},{"@type":"BreadcrumbList","@id":"https:\/\/www.carmelitaniscalzi.com\/de\/2025\/12\/08\/elfenbeinkueste-eroeffnung-des-doppelten-jubilaeums-in-abidjan\/#breadcrumb","itemListElement":[{"@type":"ListItem","position":1,"name":"Home","item":"https:\/\/www.carmelitaniscalzi.com\/de\/"},{"@type":"ListItem","position":2,"name":"Elfenbeink\u00fcste: Er\u00f6ffnung des doppelten Jubil\u00e4ums in Abidjan"}]},{"@type":"WebSite","@id":"https:\/\/www.carmelitaniscalzi.com\/#website","url":"https:\/\/www.carmelitaniscalzi.com\/","name":"CARMELITANI SCALZI - Curia Generale del Carmelo Teresiano","description":"Generalkurie des Teresianischen Karmel","publisher":{"@id":"https:\/\/www.carmelitaniscalzi.com\/#organization"},"alternateName":"CARMELITANI SCALZI","potentialAction":[{"@type":"SearchAction","target":{"@type":"EntryPoint","urlTemplate":"https:\/\/www.carmelitaniscalzi.com\/?s={search_term_string}"},"query-input":{"@type":"PropertyValueSpecification","valueRequired":true,"valueName":"search_term_string"}}],"inLanguage":"de"},{"@type":"Organization","@id":"https:\/\/www.carmelitaniscalzi.com\/#organization","name":"CARMELITANI SCALZI - Curia Generale del Carmelo Teresiano","url":"https:\/\/www.carmelitaniscalzi.com\/","logo":{"@type":"ImageObject","inLanguage":"de","@id":"https:\/\/www.carmelitaniscalzi.com\/#\/schema\/logo\/image\/","url":"https:\/\/www.carmelitaniscalzi.com\/wp-content\/uploads\/2025\/11\/login-logo.png","contentUrl":"https:\/\/www.carmelitaniscalzi.com\/wp-content\/uploads\/2025\/11\/login-logo.png","width":256,"height":256,"caption":"CARMELITANI SCALZI - Curia Generale del Carmelo Teresiano"},"image":{"@id":"https:\/\/www.carmelitaniscalzi.com\/#\/schema\/logo\/image\/"},"sameAs":["https:\/\/www.facebook.com\/Curia-Generalizia-Carmelitani-Scalzi-658766940887784\/","https:\/\/x.com\/ocdcuria","https:\/\/www.youtube.com\/channel\/UC2J5ZL0ycOY0qBSTCLX_NGQ\/videos","https:\/\/www.instagram.com\/ocdinform\/"]},{"@type":"Person","@id":"https:\/\/www.carmelitaniscalzi.com\/#\/schema\/person\/6d1c0d9bea7b6625c437246a5d6da409","name":"ocd web master","image":{"@type":"ImageObject","inLanguage":"de","@id":"https:\/\/www.carmelitaniscalzi.com\/#\/schema\/person\/image\/","url":"https:\/\/secure.gravatar.com\/avatar\/41fbc5f82bad909fbaf2984c43fa50d8519ac5853e25b454d022b6868f80d0e7?s=96&d=mm&r=g","contentUrl":"https:\/\/secure.gravatar.com\/avatar\/41fbc5f82bad909fbaf2984c43fa50d8519ac5853e25b454d022b6868f80d0e7?s=96&d=mm&r=g","caption":"ocd web master"},"url":"https:\/\/www.carmelitaniscalzi.com\/de\/author\/ocdwebmaster\/"}]}},"_links":{"self":[{"href":"https:\/\/www.carmelitaniscalzi.com\/de\/wp-json\/wp\/v2\/posts\/537161","targetHints":{"allow":["GET"]}}],"collection":[{"href":"https:\/\/www.carmelitaniscalzi.com\/de\/wp-json\/wp\/v2\/posts"}],"about":[{"href":"https:\/\/www.carmelitaniscalzi.com\/de\/wp-json\/wp\/v2\/types\/post"}],"author":[{"embeddable":true,"href":"https:\/\/www.carmelitaniscalzi.com\/de\/wp-json\/wp\/v2\/users\/7"}],"replies":[{"embeddable":true,"href":"https:\/\/www.carmelitaniscalzi.com\/de\/wp-json\/wp\/v2\/comments?post=537161"}],"version-history":[{"count":1,"href":"https:\/\/www.carmelitaniscalzi.com\/de\/wp-json\/wp\/v2\/posts\/537161\/revisions"}],"predecessor-version":[{"id":537162,"href":"https:\/\/www.carmelitaniscalzi.com\/de\/wp-json\/wp\/v2\/posts\/537161\/revisions\/537162"}],"wp:featuredmedia":[{"embeddable":true,"href":"https:\/\/www.carmelitaniscalzi.com\/de\/wp-json\/wp\/v2\/media\/536960"}],"wp:attachment":[{"href":"https:\/\/www.carmelitaniscalzi.com\/de\/wp-json\/wp\/v2\/media?parent=537161"}],"wp:term":[{"taxonomy":"category","embeddable":true,"href":"https:\/\/www.carmelitaniscalzi.com\/de\/wp-json\/wp\/v2\/categories?post=537161"},{"taxonomy":"post_tag","embeddable":true,"href":"https:\/\/www.carmelitaniscalzi.com\/de\/wp-json\/wp\/v2\/tags?post=537161"}],"curies":[{"name":"wp","href":"https:\/\/api.w.org\/{rel}","templated":true}]}}