{"id":537149,"date":"2025-12-04T00:30:37","date_gmt":"2025-12-03T23:30:37","guid":{"rendered":"https:\/\/www.carmelitaniscalzi.com\/?p=537149"},"modified":"2025-12-08T00:31:19","modified_gmt":"2025-12-07T23:31:19","slug":"vollkommener-ablass-fuer-das-jubilaeumsjahr-des-heiligen-johannes-vom-kreuz","status":"publish","type":"post","link":"https:\/\/www.carmelitaniscalzi.com\/de\/2025\/12\/04\/vollkommener-ablass-fuer-das-jubilaeumsjahr-des-heiligen-johannes-vom-kreuz\/","title":{"rendered":"Vollkommener Ablass f\u00fcr das Jubil\u00e4umsjahr des Heiligen Johannes vom Kreuz."},"content":{"rendered":"<p>Am 6. Oktober 2025 ver\u00f6ffentlichte die Apostolische P\u00f6nitentiarie ein Dekret, das einen vollkommenen Ablass anl\u00e4sslich der Sanjuanistischen Hundertjahrfeiern gew\u00e4hrt, die vom 14. Dezember 2025 bis zum 27. Dezember 2026 gefeiert werden und bei denen der dritte Jahrestag der Heiligsprechung und der erste Jahrestag des kirchlichen Doktorats des Heiligen Johannes vom Kreuz begangen werden.<\/p>\n<p>Das Dekret legt fest, dass die Gl\u00e4ubigen unter den \u00fcblichen Bedingungen (Beichte, Kommunion und Gebet in den Anliegen des Heiligen Vaters) den Ablass erhalten k\u00f6nnen, wenn sie im Geist der Bu\u00dfe und Andacht an den Jubil\u00e4umsfeierlichkeiten teilnehmen oder eine Pilgerreise zu den daf\u00fcr bestimmten Kirchen unternehmen.<\/p>\n<p>Das Dekret erw\u00e4hnt insbesondere die Kirche <em>San Juan de la Cruz<\/em> der Unbeschuhten Karmeliten in Segovia, wo sein Leichnam ruht, als Hauptort des Jubil\u00e4ums, sowie die mit dem Jubil\u00e4um verbundenen Kirchen in den Di\u00f6zesen \u00c1vila, Segovia und Ja\u00e9n.<\/p>\n<p>Ebenso wird die M\u00f6glichkeit, den Ablass zu erlangen, auf \u00e4ltere, kranke oder behinderte Menschen ausgedehnt, sofern sie sich von ihrem Wohnort aus geistig mit den Jubil\u00e4umsfeierlichkeiten verbinden, indem sie ihre Gebete, Leiden oder Opfer dem barmherzigen Gott darbringen, mit aufrichtiger Reue und dem Wunsch, die festgelegten Bedingungen zu erf\u00fcllen, sobald es ihnen m\u00f6glich ist.<\/p>\n<p>Die P\u00f6nitentiarie fordert die Priester au\u00dferdem auf, w\u00e4hrend des Jubil\u00e4umsjahres die Feier des Sakraments der Vers\u00f6hnung zu f\u00f6rdern, damit die Gl\u00e4ubigen diese Zeit der Gnade mit voller innerer Bereitschaft erleben k\u00f6nnen.<\/p>\n<p>Das Dekret erkennt somit offiziell das Sanjuanistische Jubil\u00e4umsjahr als eine Zeit der spirituellen Erneuerung an, in der die Kirche die Gl\u00e4ubigen einl\u00e4dt, das mystische und theologische Erbe des Heiligen Johannes vom Kreuz unter dem Motto \u201e<em>Die Hoffnung erh\u00e4lt so viel, wie sie hofft<\/em>\u201d wiederzuentdecken.<\/p>\n<p>&nbsp;<\/p>\n<div class=\"wpmf-gallerys wpmf-gallerys-life \" ><div id=\"gallery-1\"\n data-gutter-width=\"5\"\n  data-wpmfcolumns=\"2\" class=\"wpmf-gallery gallery-link-file gallery_life gallery-masonry gallery-columns-2 gallery-size-thumbnail wpmf-gallery-bottomspace-default wpmf-gallery-clear wpmf-has-border-radius-0 wpmf-gutterwidth-5\"><div class=\"wpmf-gallery-item\n     wpmf-gallery-item-position-0 wpmf-gallery-item-attachment-536924\" data-index=\"0\"><div class=\"wpmf-gallery-icon\"><a class=\" not_video noLightbox\" data-lightbox=\"1\" data-href=\"https:\/\/www.carmelitaniscalzi.com\/wp-content\/uploads\/2025\/12\/Spagna-1-1024x724.jpg\" title=\"Spagna 1\" target=\"_self\" data-index=\"0\"><img decoding=\"async\" class=\"wpmf_img\" alt=\"Spagna 1\" src=\"https:\/\/www.carmelitaniscalzi.com\/wp-content\/uploads\/2025\/12\/Spagna-1-150x150.jpg\" data-type=\"wpmfgalleryimg\" data-lazy-src=\"https:\/\/www.carmelitaniscalzi.com\/wp-content\/uploads\/2025\/12\/Spagna-1-150x150.jpg\"><\/a><\/div><\/div><div class=\"wpmf-gallery-item\n     wpmf-gallery-item-position-1 wpmf-gallery-item-attachment-536930\" data-index=\"1\"><div class=\"wpmf-gallery-icon\"><a class=\" not_video noLightbox\" data-lightbox=\"1\" data-href=\"https:\/\/www.carmelitaniscalzi.com\/wp-content\/uploads\/2025\/12\/Spagna-2-659x1024.jpg\" title=\"Spagna 2\" target=\"_self\" data-index=\"1\"><img decoding=\"async\" class=\"wpmf_img\" alt=\"Spagna 2\" src=\"https:\/\/www.carmelitaniscalzi.com\/wp-content\/uploads\/2025\/12\/Spagna-2-150x150.jpg\" data-type=\"wpmfgalleryimg\" data-lazy-src=\"https:\/\/www.carmelitaniscalzi.com\/wp-content\/uploads\/2025\/12\/Spagna-2-150x150.jpg\"><\/a><\/div><\/div><\/div><\/div>\n\n","protected":false},"excerpt":{"rendered":"<p>Am 6. Oktober 2025 ver\u00f6ffentlichte die Apostolische P\u00f6nitentiarie ein Dekret, das einen vollkommenen Ablass anl\u00e4sslich der Sanjuanistischen Hundertjahrfeiern gew\u00e4hrt, die vom 14. Dezember 2025 bis zum 27. Dezember 2026 gefeiert werden und bei denen der dritte Jahrestag der Heiligsprechung und der erste Jahrestag des kirchlichen Doktorats des Heiligen Johannes vom Kreuz begangen werden. Das Dekret [&hellip;]<\/p>\n","protected":false},"author":7,"featured_media":536918,"comment_status":"closed","ping_status":"closed","sticky":false,"template":"","format":"standard","meta":{"_acf_changed":false,"footnotes":""},"categories":[214,218,262,371],"tags":[],"class_list":["post-537149","post","type-post","status-publish","format-standard","has-post-thumbnail","hentry","category-nachrichten-ueber-schwestern","category-nachrichten-ueber-brueder","category-nachrichten-ocds","category-nachrichten"],"acf":[],"yoast_head":"<!-- This site is optimized with the Yoast SEO plugin v26.3 - https:\/\/yoast.com\/wordpress\/plugins\/seo\/ -->\n<title>Vollkommener Ablass f\u00fcr das Jubil\u00e4umsjahr des Heiligen Johannes vom Kreuz. - UNBESCHUHTE KARMELITEN<\/title>\n<meta name=\"robots\" content=\"index, follow, max-snippet:-1, max-image-preview:large, max-video-preview:-1\" \/>\n<link rel=\"canonical\" href=\"https:\/\/www.carmelitaniscalzi.com\/de\/2025\/12\/04\/vollkommener-ablass-fuer-das-jubilaeumsjahr-des-heiligen-johannes-vom-kreuz\/\" \/>\n<meta property=\"og:locale\" content=\"de_DE\" \/>\n<meta property=\"og:type\" content=\"article\" \/>\n<meta property=\"og:title\" content=\"Vollkommener Ablass f\u00fcr das Jubil\u00e4umsjahr des Heiligen Johannes vom Kreuz. - UNBESCHUHTE KARMELITEN\" \/>\n<meta property=\"og:description\" content=\"Am 6. Oktober 2025 ver\u00f6ffentlichte die Apostolische P\u00f6nitentiarie ein Dekret, das einen vollkommenen Ablass anl\u00e4sslich der Sanjuanistischen Hundertjahrfeiern gew\u00e4hrt, die vom 14. Dezember 2025 bis zum 27. Dezember 2026 gefeiert werden und bei denen der dritte Jahrestag der Heiligsprechung und der erste Jahrestag des kirchlichen Doktorats des Heiligen Johannes vom Kreuz begangen werden. Das Dekret [&hellip;]\" \/>\n<meta property=\"og:url\" content=\"https:\/\/www.carmelitaniscalzi.com\/de\/2025\/12\/04\/vollkommener-ablass-fuer-das-jubilaeumsjahr-des-heiligen-johannes-vom-kreuz\/\" \/>\n<meta property=\"og:site_name\" content=\"UNBESCHUHTE KARMELITEN\" \/>\n<meta property=\"article:publisher\" content=\"https:\/\/www.facebook.com\/Curia-Generalizia-Carmelitani-Scalzi-658766940887784\/\" \/>\n<meta property=\"article:published_time\" content=\"2025-12-03T23:30:37+00:00\" \/>\n<meta property=\"article:modified_time\" content=\"2025-12-07T23:31:19+00:00\" \/>\n<meta property=\"og:image\" content=\"https:\/\/www.carmelitaniscalzi.com\/wp-content\/uploads\/2025\/12\/cover_spagna_11.2025.jpg\" \/>\n\t<meta property=\"og:image:width\" content=\"1200\" \/>\n\t<meta property=\"og:image:height\" content=\"800\" \/>\n\t<meta property=\"og:image:type\" content=\"image\/jpeg\" \/>\n<meta name=\"author\" content=\"ocd web master\" \/>\n<meta name=\"twitter:card\" content=\"summary_large_image\" \/>\n<meta name=\"twitter:creator\" content=\"@ocdcuria\" \/>\n<meta name=\"twitter:site\" content=\"@ocdcuria\" \/>\n<meta name=\"twitter:label1\" content=\"Verfasst von\" \/>\n\t<meta name=\"twitter:data1\" content=\"ocd web master\" \/>\n\t<meta name=\"twitter:label2\" content=\"Gesch\u00e4tzte Lesezeit\" \/>\n\t<meta name=\"twitter:data2\" content=\"2\u00a0Minuten\" \/>\n<script type=\"application\/ld+json\" class=\"yoast-schema-graph\">{\"@context\":\"https:\/\/schema.org\",\"@graph\":[{\"@type\":\"Article\",\"@id\":\"https:\/\/www.carmelitaniscalzi.com\/de\/2025\/12\/04\/vollkommener-ablass-fuer-das-jubilaeumsjahr-des-heiligen-johannes-vom-kreuz\/#article\",\"isPartOf\":{\"@id\":\"https:\/\/www.carmelitaniscalzi.com\/de\/2025\/12\/04\/vollkommener-ablass-fuer-das-jubilaeumsjahr-des-heiligen-johannes-vom-kreuz\/\"},\"author\":{\"name\":\"ocd web master\",\"@id\":\"https:\/\/www.carmelitaniscalzi.com\/#\/schema\/person\/6d1c0d9bea7b6625c437246a5d6da409\"},\"headline\":\"Vollkommener Ablass f\u00fcr das Jubil\u00e4umsjahr des Heiligen Johannes vom Kreuz.\",\"datePublished\":\"2025-12-03T23:30:37+00:00\",\"dateModified\":\"2025-12-07T23:31:19+00:00\",\"mainEntityOfPage\":{\"@id\":\"https:\/\/www.carmelitaniscalzi.com\/de\/2025\/12\/04\/vollkommener-ablass-fuer-das-jubilaeumsjahr-des-heiligen-johannes-vom-kreuz\/\"},\"wordCount\":313,\"publisher\":{\"@id\":\"https:\/\/www.carmelitaniscalzi.com\/#organization\"},\"image\":{\"@id\":\"https:\/\/www.carmelitaniscalzi.com\/de\/2025\/12\/04\/vollkommener-ablass-fuer-das-jubilaeumsjahr-des-heiligen-johannes-vom-kreuz\/#primaryimage\"},\"thumbnailUrl\":\"https:\/\/www.carmelitaniscalzi.com\/wp-content\/uploads\/2025\/12\/cover_spagna_11.2025.jpg\",\"articleSection\":[\"Nachrichten \u00fcber Schwestern\",\"Nachrichten \u00fcber Br\u00fcder\",\"Nachrichten OCDS\",\"Nachrichten\"],\"inLanguage\":\"de\"},{\"@type\":\"WebPage\",\"@id\":\"https:\/\/www.carmelitaniscalzi.com\/de\/2025\/12\/04\/vollkommener-ablass-fuer-das-jubilaeumsjahr-des-heiligen-johannes-vom-kreuz\/\",\"url\":\"https:\/\/www.carmelitaniscalzi.com\/de\/2025\/12\/04\/vollkommener-ablass-fuer-das-jubilaeumsjahr-des-heiligen-johannes-vom-kreuz\/\",\"name\":\"Vollkommener Ablass f\u00fcr das Jubil\u00e4umsjahr des Heiligen Johannes vom Kreuz. - UNBESCHUHTE KARMELITEN\",\"isPartOf\":{\"@id\":\"https:\/\/www.carmelitaniscalzi.com\/#website\"},\"primaryImageOfPage\":{\"@id\":\"https:\/\/www.carmelitaniscalzi.com\/de\/2025\/12\/04\/vollkommener-ablass-fuer-das-jubilaeumsjahr-des-heiligen-johannes-vom-kreuz\/#primaryimage\"},\"image\":{\"@id\":\"https:\/\/www.carmelitaniscalzi.com\/de\/2025\/12\/04\/vollkommener-ablass-fuer-das-jubilaeumsjahr-des-heiligen-johannes-vom-kreuz\/#primaryimage\"},\"thumbnailUrl\":\"https:\/\/www.carmelitaniscalzi.com\/wp-content\/uploads\/2025\/12\/cover_spagna_11.2025.jpg\",\"datePublished\":\"2025-12-03T23:30:37+00:00\",\"dateModified\":\"2025-12-07T23:31:19+00:00\",\"breadcrumb\":{\"@id\":\"https:\/\/www.carmelitaniscalzi.com\/de\/2025\/12\/04\/vollkommener-ablass-fuer-das-jubilaeumsjahr-des-heiligen-johannes-vom-kreuz\/#breadcrumb\"},\"inLanguage\":\"de\",\"potentialAction\":[{\"@type\":\"ReadAction\",\"target\":[\"https:\/\/www.carmelitaniscalzi.com\/de\/2025\/12\/04\/vollkommener-ablass-fuer-das-jubilaeumsjahr-des-heiligen-johannes-vom-kreuz\/\"]}]},{\"@type\":\"ImageObject\",\"inLanguage\":\"de\",\"@id\":\"https:\/\/www.carmelitaniscalzi.com\/de\/2025\/12\/04\/vollkommener-ablass-fuer-das-jubilaeumsjahr-des-heiligen-johannes-vom-kreuz\/#primaryimage\",\"url\":\"https:\/\/www.carmelitaniscalzi.com\/wp-content\/uploads\/2025\/12\/cover_spagna_11.2025.jpg\",\"contentUrl\":\"https:\/\/www.carmelitaniscalzi.com\/wp-content\/uploads\/2025\/12\/cover_spagna_11.2025.jpg\",\"width\":1200,\"height\":800},{\"@type\":\"BreadcrumbList\",\"@id\":\"https:\/\/www.carmelitaniscalzi.com\/de\/2025\/12\/04\/vollkommener-ablass-fuer-das-jubilaeumsjahr-des-heiligen-johannes-vom-kreuz\/#breadcrumb\",\"itemListElement\":[{\"@type\":\"ListItem\",\"position\":1,\"name\":\"Home\",\"item\":\"https:\/\/www.carmelitaniscalzi.com\/de\/\"},{\"@type\":\"ListItem\",\"position\":2,\"name\":\"Vollkommener Ablass f\u00fcr das Jubil\u00e4umsjahr des Heiligen Johannes vom Kreuz.\"}]},{\"@type\":\"WebSite\",\"@id\":\"https:\/\/www.carmelitaniscalzi.com\/#website\",\"url\":\"https:\/\/www.carmelitaniscalzi.com\/\",\"name\":\"CARMELITANI SCALZI - Curia Generale del Carmelo Teresiano\",\"description\":\"Generalkurie des Teresianischen Karmel\",\"publisher\":{\"@id\":\"https:\/\/www.carmelitaniscalzi.com\/#organization\"},\"alternateName\":\"CARMELITANI SCALZI\",\"potentialAction\":[{\"@type\":\"SearchAction\",\"target\":{\"@type\":\"EntryPoint\",\"urlTemplate\":\"https:\/\/www.carmelitaniscalzi.com\/?s={search_term_string}\"},\"query-input\":{\"@type\":\"PropertyValueSpecification\",\"valueRequired\":true,\"valueName\":\"search_term_string\"}}],\"inLanguage\":\"de\"},{\"@type\":\"Organization\",\"@id\":\"https:\/\/www.carmelitaniscalzi.com\/#organization\",\"name\":\"CARMELITANI SCALZI - Curia Generale del Carmelo Teresiano\",\"url\":\"https:\/\/www.carmelitaniscalzi.com\/\",\"logo\":{\"@type\":\"ImageObject\",\"inLanguage\":\"de\",\"@id\":\"https:\/\/www.carmelitaniscalzi.com\/#\/schema\/logo\/image\/\",\"url\":\"https:\/\/www.carmelitaniscalzi.com\/wp-content\/uploads\/2025\/11\/login-logo.png\",\"contentUrl\":\"https:\/\/www.carmelitaniscalzi.com\/wp-content\/uploads\/2025\/11\/login-logo.png\",\"width\":256,\"height\":256,\"caption\":\"CARMELITANI SCALZI - Curia Generale del Carmelo Teresiano\"},\"image\":{\"@id\":\"https:\/\/www.carmelitaniscalzi.com\/#\/schema\/logo\/image\/\"},\"sameAs\":[\"https:\/\/www.facebook.com\/Curia-Generalizia-Carmelitani-Scalzi-658766940887784\/\",\"https:\/\/x.com\/ocdcuria\",\"https:\/\/www.youtube.com\/channel\/UC2J5ZL0ycOY0qBSTCLX_NGQ\/videos\",\"https:\/\/www.instagram.com\/ocdinform\/\"]},{\"@type\":\"Person\",\"@id\":\"https:\/\/www.carmelitaniscalzi.com\/#\/schema\/person\/6d1c0d9bea7b6625c437246a5d6da409\",\"name\":\"ocd web master\",\"image\":{\"@type\":\"ImageObject\",\"inLanguage\":\"de\",\"@id\":\"https:\/\/www.carmelitaniscalzi.com\/#\/schema\/person\/image\/\",\"url\":\"https:\/\/secure.gravatar.com\/avatar\/41fbc5f82bad909fbaf2984c43fa50d8519ac5853e25b454d022b6868f80d0e7?s=96&d=mm&r=g\",\"contentUrl\":\"https:\/\/secure.gravatar.com\/avatar\/41fbc5f82bad909fbaf2984c43fa50d8519ac5853e25b454d022b6868f80d0e7?s=96&d=mm&r=g\",\"caption\":\"ocd web master\"},\"url\":\"https:\/\/www.carmelitaniscalzi.com\/de\/author\/ocdwebmaster\/\"}]}<\/script>\n<!-- \/ Yoast SEO plugin. -->","yoast_head_json":{"title":"Vollkommener Ablass f\u00fcr das Jubil\u00e4umsjahr des Heiligen Johannes vom Kreuz. - UNBESCHUHTE KARMELITEN","robots":{"index":"index","follow":"follow","max-snippet":"max-snippet:-1","max-image-preview":"max-image-preview:large","max-video-preview":"max-video-preview:-1"},"canonical":"https:\/\/www.carmelitaniscalzi.com\/de\/2025\/12\/04\/vollkommener-ablass-fuer-das-jubilaeumsjahr-des-heiligen-johannes-vom-kreuz\/","og_locale":"de_DE","og_type":"article","og_title":"Vollkommener Ablass f\u00fcr das Jubil\u00e4umsjahr des Heiligen Johannes vom Kreuz. - UNBESCHUHTE KARMELITEN","og_description":"Am 6. Oktober 2025 ver\u00f6ffentlichte die Apostolische P\u00f6nitentiarie ein Dekret, das einen vollkommenen Ablass anl\u00e4sslich der Sanjuanistischen Hundertjahrfeiern gew\u00e4hrt, die vom 14. Dezember 2025 bis zum 27. Dezember 2026 gefeiert werden und bei denen der dritte Jahrestag der Heiligsprechung und der erste Jahrestag des kirchlichen Doktorats des Heiligen Johannes vom Kreuz begangen werden. Das Dekret [&hellip;]","og_url":"https:\/\/www.carmelitaniscalzi.com\/de\/2025\/12\/04\/vollkommener-ablass-fuer-das-jubilaeumsjahr-des-heiligen-johannes-vom-kreuz\/","og_site_name":"UNBESCHUHTE KARMELITEN","article_publisher":"https:\/\/www.facebook.com\/Curia-Generalizia-Carmelitani-Scalzi-658766940887784\/","article_published_time":"2025-12-03T23:30:37+00:00","article_modified_time":"2025-12-07T23:31:19+00:00","og_image":[{"width":1200,"height":800,"url":"https:\/\/www.carmelitaniscalzi.com\/wp-content\/uploads\/2025\/12\/cover_spagna_11.2025.jpg","type":"image\/jpeg"}],"author":"ocd web master","twitter_card":"summary_large_image","twitter_creator":"@ocdcuria","twitter_site":"@ocdcuria","twitter_misc":{"Verfasst von":"ocd web master","Gesch\u00e4tzte Lesezeit":"2\u00a0Minuten"},"schema":{"@context":"https:\/\/schema.org","@graph":[{"@type":"Article","@id":"https:\/\/www.carmelitaniscalzi.com\/de\/2025\/12\/04\/vollkommener-ablass-fuer-das-jubilaeumsjahr-des-heiligen-johannes-vom-kreuz\/#article","isPartOf":{"@id":"https:\/\/www.carmelitaniscalzi.com\/de\/2025\/12\/04\/vollkommener-ablass-fuer-das-jubilaeumsjahr-des-heiligen-johannes-vom-kreuz\/"},"author":{"name":"ocd web master","@id":"https:\/\/www.carmelitaniscalzi.com\/#\/schema\/person\/6d1c0d9bea7b6625c437246a5d6da409"},"headline":"Vollkommener Ablass f\u00fcr das Jubil\u00e4umsjahr des Heiligen Johannes vom Kreuz.","datePublished":"2025-12-03T23:30:37+00:00","dateModified":"2025-12-07T23:31:19+00:00","mainEntityOfPage":{"@id":"https:\/\/www.carmelitaniscalzi.com\/de\/2025\/12\/04\/vollkommener-ablass-fuer-das-jubilaeumsjahr-des-heiligen-johannes-vom-kreuz\/"},"wordCount":313,"publisher":{"@id":"https:\/\/www.carmelitaniscalzi.com\/#organization"},"image":{"@id":"https:\/\/www.carmelitaniscalzi.com\/de\/2025\/12\/04\/vollkommener-ablass-fuer-das-jubilaeumsjahr-des-heiligen-johannes-vom-kreuz\/#primaryimage"},"thumbnailUrl":"https:\/\/www.carmelitaniscalzi.com\/wp-content\/uploads\/2025\/12\/cover_spagna_11.2025.jpg","articleSection":["Nachrichten \u00fcber Schwestern","Nachrichten \u00fcber Br\u00fcder","Nachrichten OCDS","Nachrichten"],"inLanguage":"de"},{"@type":"WebPage","@id":"https:\/\/www.carmelitaniscalzi.com\/de\/2025\/12\/04\/vollkommener-ablass-fuer-das-jubilaeumsjahr-des-heiligen-johannes-vom-kreuz\/","url":"https:\/\/www.carmelitaniscalzi.com\/de\/2025\/12\/04\/vollkommener-ablass-fuer-das-jubilaeumsjahr-des-heiligen-johannes-vom-kreuz\/","name":"Vollkommener Ablass f\u00fcr das Jubil\u00e4umsjahr des Heiligen Johannes vom Kreuz. - UNBESCHUHTE KARMELITEN","isPartOf":{"@id":"https:\/\/www.carmelitaniscalzi.com\/#website"},"primaryImageOfPage":{"@id":"https:\/\/www.carmelitaniscalzi.com\/de\/2025\/12\/04\/vollkommener-ablass-fuer-das-jubilaeumsjahr-des-heiligen-johannes-vom-kreuz\/#primaryimage"},"image":{"@id":"https:\/\/www.carmelitaniscalzi.com\/de\/2025\/12\/04\/vollkommener-ablass-fuer-das-jubilaeumsjahr-des-heiligen-johannes-vom-kreuz\/#primaryimage"},"thumbnailUrl":"https:\/\/www.carmelitaniscalzi.com\/wp-content\/uploads\/2025\/12\/cover_spagna_11.2025.jpg","datePublished":"2025-12-03T23:30:37+00:00","dateModified":"2025-12-07T23:31:19+00:00","breadcrumb":{"@id":"https:\/\/www.carmelitaniscalzi.com\/de\/2025\/12\/04\/vollkommener-ablass-fuer-das-jubilaeumsjahr-des-heiligen-johannes-vom-kreuz\/#breadcrumb"},"inLanguage":"de","potentialAction":[{"@type":"ReadAction","target":["https:\/\/www.carmelitaniscalzi.com\/de\/2025\/12\/04\/vollkommener-ablass-fuer-das-jubilaeumsjahr-des-heiligen-johannes-vom-kreuz\/"]}]},{"@type":"ImageObject","inLanguage":"de","@id":"https:\/\/www.carmelitaniscalzi.com\/de\/2025\/12\/04\/vollkommener-ablass-fuer-das-jubilaeumsjahr-des-heiligen-johannes-vom-kreuz\/#primaryimage","url":"https:\/\/www.carmelitaniscalzi.com\/wp-content\/uploads\/2025\/12\/cover_spagna_11.2025.jpg","contentUrl":"https:\/\/www.carmelitaniscalzi.com\/wp-content\/uploads\/2025\/12\/cover_spagna_11.2025.jpg","width":1200,"height":800},{"@type":"BreadcrumbList","@id":"https:\/\/www.carmelitaniscalzi.com\/de\/2025\/12\/04\/vollkommener-ablass-fuer-das-jubilaeumsjahr-des-heiligen-johannes-vom-kreuz\/#breadcrumb","itemListElement":[{"@type":"ListItem","position":1,"name":"Home","item":"https:\/\/www.carmelitaniscalzi.com\/de\/"},{"@type":"ListItem","position":2,"name":"Vollkommener Ablass f\u00fcr das Jubil\u00e4umsjahr des Heiligen Johannes vom Kreuz."}]},{"@type":"WebSite","@id":"https:\/\/www.carmelitaniscalzi.com\/#website","url":"https:\/\/www.carmelitaniscalzi.com\/","name":"CARMELITANI SCALZI - Curia Generale del Carmelo Teresiano","description":"Generalkurie des Teresianischen Karmel","publisher":{"@id":"https:\/\/www.carmelitaniscalzi.com\/#organization"},"alternateName":"CARMELITANI SCALZI","potentialAction":[{"@type":"SearchAction","target":{"@type":"EntryPoint","urlTemplate":"https:\/\/www.carmelitaniscalzi.com\/?s={search_term_string}"},"query-input":{"@type":"PropertyValueSpecification","valueRequired":true,"valueName":"search_term_string"}}],"inLanguage":"de"},{"@type":"Organization","@id":"https:\/\/www.carmelitaniscalzi.com\/#organization","name":"CARMELITANI SCALZI - Curia Generale del Carmelo Teresiano","url":"https:\/\/www.carmelitaniscalzi.com\/","logo":{"@type":"ImageObject","inLanguage":"de","@id":"https:\/\/www.carmelitaniscalzi.com\/#\/schema\/logo\/image\/","url":"https:\/\/www.carmelitaniscalzi.com\/wp-content\/uploads\/2025\/11\/login-logo.png","contentUrl":"https:\/\/www.carmelitaniscalzi.com\/wp-content\/uploads\/2025\/11\/login-logo.png","width":256,"height":256,"caption":"CARMELITANI SCALZI - Curia Generale del Carmelo Teresiano"},"image":{"@id":"https:\/\/www.carmelitaniscalzi.com\/#\/schema\/logo\/image\/"},"sameAs":["https:\/\/www.facebook.com\/Curia-Generalizia-Carmelitani-Scalzi-658766940887784\/","https:\/\/x.com\/ocdcuria","https:\/\/www.youtube.com\/channel\/UC2J5ZL0ycOY0qBSTCLX_NGQ\/videos","https:\/\/www.instagram.com\/ocdinform\/"]},{"@type":"Person","@id":"https:\/\/www.carmelitaniscalzi.com\/#\/schema\/person\/6d1c0d9bea7b6625c437246a5d6da409","name":"ocd web master","image":{"@type":"ImageObject","inLanguage":"de","@id":"https:\/\/www.carmelitaniscalzi.com\/#\/schema\/person\/image\/","url":"https:\/\/secure.gravatar.com\/avatar\/41fbc5f82bad909fbaf2984c43fa50d8519ac5853e25b454d022b6868f80d0e7?s=96&d=mm&r=g","contentUrl":"https:\/\/secure.gravatar.com\/avatar\/41fbc5f82bad909fbaf2984c43fa50d8519ac5853e25b454d022b6868f80d0e7?s=96&d=mm&r=g","caption":"ocd web master"},"url":"https:\/\/www.carmelitaniscalzi.com\/de\/author\/ocdwebmaster\/"}]}},"_links":{"self":[{"href":"https:\/\/www.carmelitaniscalzi.com\/de\/wp-json\/wp\/v2\/posts\/537149","targetHints":{"allow":["GET"]}}],"collection":[{"href":"https:\/\/www.carmelitaniscalzi.com\/de\/wp-json\/wp\/v2\/posts"}],"about":[{"href":"https:\/\/www.carmelitaniscalzi.com\/de\/wp-json\/wp\/v2\/types\/post"}],"author":[{"embeddable":true,"href":"https:\/\/www.carmelitaniscalzi.com\/de\/wp-json\/wp\/v2\/users\/7"}],"replies":[{"embeddable":true,"href":"https:\/\/www.carmelitaniscalzi.com\/de\/wp-json\/wp\/v2\/comments?post=537149"}],"version-history":[{"count":1,"href":"https:\/\/www.carmelitaniscalzi.com\/de\/wp-json\/wp\/v2\/posts\/537149\/revisions"}],"predecessor-version":[{"id":537150,"href":"https:\/\/www.carmelitaniscalzi.com\/de\/wp-json\/wp\/v2\/posts\/537149\/revisions\/537150"}],"wp:featuredmedia":[{"embeddable":true,"href":"https:\/\/www.carmelitaniscalzi.com\/de\/wp-json\/wp\/v2\/media\/536918"}],"wp:attachment":[{"href":"https:\/\/www.carmelitaniscalzi.com\/de\/wp-json\/wp\/v2\/media?parent=537149"}],"wp:term":[{"taxonomy":"category","embeddable":true,"href":"https:\/\/www.carmelitaniscalzi.com\/de\/wp-json\/wp\/v2\/categories?post=537149"},{"taxonomy":"post_tag","embeddable":true,"href":"https:\/\/www.carmelitaniscalzi.com\/de\/wp-json\/wp\/v2\/tags?post=537149"}],"curies":[{"name":"wp","href":"https:\/\/api.w.org\/{rel}","templated":true}]}}