{"id":526355,"date":"2025-11-28T01:00:22","date_gmt":"2025-11-28T00:00:22","guid":{"rendered":"https:\/\/www.carmelitaniscalzi.com\/?p=526355"},"modified":"2025-11-06T01:32:44","modified_gmt":"2025-11-06T00:32:44","slug":"indonesien-2-carmelitarum-gesangsfestival-2025-im-herzen-der-kirche-werde-ich-geliebt-werden","status":"publish","type":"post","link":"https:\/\/www.carmelitaniscalzi.com\/de\/2025\/11\/28\/indonesien-2-carmelitarum-gesangsfestival-2025-im-herzen-der-kirche-werde-ich-geliebt-werden\/","title":{"rendered":"Indonesien: 2. Carmelitarum-Gesangsfestival 2025 \u2013 \u201eIm Herzen der Kirche werde ich geliebt werden\u201d"},"content":{"rendered":"<p>Das 2. Carmelitarum-Gesangsfestival fand vom 3. bis 5. Oktober 2025 im Kloster der Unbeschuhten Karmeliten von Santa Maria de Bel\u00e9n in Lembang \u2013 Westjava (Indonesien) anl\u00e4sslich des hundertsten Jahrestages der Heiligsprechung der Heiligen Therese von Lisieux statt. Das Festival brachte 36 Ch\u00f6re zusammen, die in drei Kategorien unterteilt waren: Kinder, gemischte Jugendch\u00f6re und gemischte Erwachsenench\u00f6re. Die Teilnehmer kamen aus den Di\u00f6zesen Bandung, Bogor und Jakarta sowie aus mehreren katholischen Schulen in Westjava und Jakarta. Die Veranstaltung brachte etwa 1.000 Menschen zusammen, darunter Teilnehmer, Chorleiter, Eltern und Komiteemitglieder, und schuf so eine herzliche und intime Atmosph\u00e4re des Glaubens, der Br\u00fcderlichkeit und des Gesangs.<\/p>\n<p>Die Wettbewerbe f\u00fcr Kinder- und gemischte Jugendch\u00f6re fanden am 3. Oktober statt, gefolgt vom Wettbewerb f\u00fcr gemischte Erwachsenench\u00f6re am 4. Oktober. Der letzte Tag war Begegnungen mit der Jury, Workshops zu Dirigieren und Gesangstechnik gewidmet und endete mit einer Preisverleihung und einer Abschiedsfeier.<\/p>\n<p>In seiner Einfachheit, Freude und Geselligkeit wurde dieses Festival zu einem Moment der Gnade und zu einem Angebot an Gesang, Glauben und Liebe, das aus dem Herzen der Kirche entspringt.<\/p>\n<p>&nbsp;<\/p>\n<div class=\"wpmf-gallerys wpmf-gallerys-life \" ><div id=\"gallery-1\"\n data-gutter-width=\"5\"\n  data-wpmfcolumns=\"6\" class=\"wpmf-gallery gallery-link-file gallery_life gallery-masonry gallery-columns-6 gallery-size-thumbnail wpmf-gallery-bottomspace-default wpmf-gallery-clear wpmf-has-border-radius-0 wpmf-gutterwidth-5\"><div class=\"wpmf-gallery-item\n     wpmf-gallery-item-position-0 wpmf-gallery-item-attachment-526217\" data-index=\"0\"><div class=\"wpmf-gallery-icon\"><a class=\" not_video noLightbox\" data-lightbox=\"1\" data-href=\"https:\/\/www.carmelitaniscalzi.com\/wp-content\/uploads\/2025\/11\/Indonesia-1-1024x683.jpg\" title=\"Indonesia 1\" target=\"_self\" data-index=\"0\"><img decoding=\"async\" class=\"wpmf_img\" alt=\"Indonesia 1\" src=\"https:\/\/www.carmelitaniscalzi.com\/wp-content\/uploads\/2025\/11\/Indonesia-1-150x150.jpg\" data-type=\"wpmfgalleryimg\" data-lazy-src=\"https:\/\/www.carmelitaniscalzi.com\/wp-content\/uploads\/2025\/11\/Indonesia-1-150x150.jpg\"><\/a><\/div><\/div><div class=\"wpmf-gallery-item\n     wpmf-gallery-item-position-1 wpmf-gallery-item-attachment-526223\" data-index=\"1\"><div class=\"wpmf-gallery-icon\"><a class=\" not_video noLightbox\" data-lightbox=\"1\" data-href=\"https:\/\/www.carmelitaniscalzi.com\/wp-content\/uploads\/2025\/11\/Indonesia-2-683x1024.jpg\" title=\"Indonesia 2\" target=\"_self\" data-index=\"1\"><img decoding=\"async\" class=\"wpmf_img\" alt=\"Indonesia 2\" src=\"https:\/\/www.carmelitaniscalzi.com\/wp-content\/uploads\/2025\/11\/Indonesia-2-150x150.jpg\" data-type=\"wpmfgalleryimg\" data-lazy-src=\"https:\/\/www.carmelitaniscalzi.com\/wp-content\/uploads\/2025\/11\/Indonesia-2-150x150.jpg\"><\/a><\/div><\/div><div class=\"wpmf-gallery-item\n     wpmf-gallery-item-position-2 wpmf-gallery-item-attachment-526229\" data-index=\"2\"><div class=\"wpmf-gallery-icon\"><a class=\" not_video noLightbox\" data-lightbox=\"1\" data-href=\"https:\/\/www.carmelitaniscalzi.com\/wp-content\/uploads\/2025\/11\/Indonesia-3-1024x683.jpg\" title=\"Indonesia 3\" target=\"_self\" data-index=\"2\"><img decoding=\"async\" class=\"wpmf_img\" alt=\"Indonesia 3\" src=\"https:\/\/www.carmelitaniscalzi.com\/wp-content\/uploads\/2025\/11\/Indonesia-3-150x150.jpg\" data-type=\"wpmfgalleryimg\" data-lazy-src=\"https:\/\/www.carmelitaniscalzi.com\/wp-content\/uploads\/2025\/11\/Indonesia-3-150x150.jpg\"><\/a><\/div><\/div><div class=\"wpmf-gallery-item\n     wpmf-gallery-item-position-3 wpmf-gallery-item-attachment-526235\" data-index=\"3\"><div class=\"wpmf-gallery-icon\"><a class=\" not_video noLightbox\" data-lightbox=\"1\" data-href=\"https:\/\/www.carmelitaniscalzi.com\/wp-content\/uploads\/2025\/11\/Indonesia-4-1024x683.jpg\" title=\"Indonesia 4\" target=\"_self\" data-index=\"3\"><img decoding=\"async\" class=\"wpmf_img\" alt=\"Indonesia 4\" src=\"https:\/\/www.carmelitaniscalzi.com\/wp-content\/uploads\/2025\/11\/Indonesia-4-150x150.jpg\" data-type=\"wpmfgalleryimg\" data-lazy-src=\"https:\/\/www.carmelitaniscalzi.com\/wp-content\/uploads\/2025\/11\/Indonesia-4-150x150.jpg\"><\/a><\/div><\/div><div class=\"wpmf-gallery-item\n     wpmf-gallery-item-position-4 wpmf-gallery-item-attachment-526241\" data-index=\"4\"><div class=\"wpmf-gallery-icon\"><a class=\" not_video noLightbox\" data-lightbox=\"1\" data-href=\"https:\/\/www.carmelitaniscalzi.com\/wp-content\/uploads\/2025\/11\/Indonesia-5-1024x683.jpg\" title=\"Indonesia 5\" target=\"_self\" data-index=\"4\"><img decoding=\"async\" class=\"wpmf_img\" alt=\"Indonesia 5\" src=\"https:\/\/www.carmelitaniscalzi.com\/wp-content\/uploads\/2025\/11\/Indonesia-5-150x150.jpg\" data-type=\"wpmfgalleryimg\" data-lazy-src=\"https:\/\/www.carmelitaniscalzi.com\/wp-content\/uploads\/2025\/11\/Indonesia-5-150x150.jpg\"><\/a><\/div><\/div><div class=\"wpmf-gallery-item\n     wpmf-gallery-item-position-5 wpmf-gallery-item-attachment-526247\" data-index=\"5\"><div class=\"wpmf-gallery-icon\"><a class=\" not_video noLightbox\" data-lightbox=\"1\" data-href=\"https:\/\/www.carmelitaniscalzi.com\/wp-content\/uploads\/2025\/11\/Indonesia-6-1024x683.jpg\" title=\"Indonesia 6\" target=\"_self\" data-index=\"5\"><img decoding=\"async\" class=\"wpmf_img\" alt=\"Indonesia 6\" src=\"https:\/\/www.carmelitaniscalzi.com\/wp-content\/uploads\/2025\/11\/Indonesia-6-150x150.jpg\" data-type=\"wpmfgalleryimg\" data-lazy-src=\"https:\/\/www.carmelitaniscalzi.com\/wp-content\/uploads\/2025\/11\/Indonesia-6-150x150.jpg\"><\/a><\/div><\/div><\/div><\/div>\n\n","protected":false},"excerpt":{"rendered":"<p>Das 2. Carmelitarum-Gesangsfestival fand vom 3. bis 5. Oktober 2025 im Kloster der Unbeschuhten Karmeliten von Santa Maria de Bel\u00e9n in Lembang \u2013 Westjava (Indonesien) anl\u00e4sslich des hundertsten Jahrestages der Heiligsprechung der Heiligen Therese von Lisieux statt. Das Festival brachte 36 Ch\u00f6re zusammen, die in drei Kategorien unterteilt waren: Kinder, gemischte Jugendch\u00f6re und gemischte Erwachsenench\u00f6re. [&hellip;]<\/p>\n","protected":false},"author":7,"featured_media":526253,"comment_status":"closed","ping_status":"closed","sticky":false,"template":"","format":"standard","meta":{"_acf_changed":false,"footnotes":""},"categories":[218,371],"tags":[],"class_list":["post-526355","post","type-post","status-publish","format-standard","has-post-thumbnail","hentry","category-nachrichten-ueber-brueder","category-nachrichten"],"acf":[],"yoast_head":"<!-- This site is optimized with the Yoast SEO plugin v26.3 - https:\/\/yoast.com\/wordpress\/plugins\/seo\/ -->\n<title>Indonesien: 2. Carmelitarum-Gesangsfestival 2025 \u2013 \u201eIm Herzen der Kirche werde ich geliebt werden\u201d - UNBESCHUHTE KARMELITEN<\/title>\n<meta name=\"robots\" content=\"index, follow, max-snippet:-1, max-image-preview:large, max-video-preview:-1\" \/>\n<link rel=\"canonical\" href=\"https:\/\/www.carmelitaniscalzi.com\/?p=526347\" \/>\n<meta property=\"og:locale\" content=\"de_DE\" \/>\n<meta property=\"og:type\" content=\"article\" \/>\n<meta property=\"og:title\" content=\"Indonesien: 2. Carmelitarum-Gesangsfestival 2025 \u2013 \u201eIm Herzen der Kirche werde ich geliebt werden\u201d - UNBESCHUHTE KARMELITEN\" \/>\n<meta property=\"og:description\" content=\"Das 2. Carmelitarum-Gesangsfestival fand vom 3. bis 5. Oktober 2025 im Kloster der Unbeschuhten Karmeliten von Santa Maria de Bel\u00e9n in Lembang \u2013 Westjava (Indonesien) anl\u00e4sslich des hundertsten Jahrestages der Heiligsprechung der Heiligen Therese von Lisieux statt. Das Festival brachte 36 Ch\u00f6re zusammen, die in drei Kategorien unterteilt waren: Kinder, gemischte Jugendch\u00f6re und gemischte Erwachsenench\u00f6re. [&hellip;]\" \/>\n<meta property=\"og:url\" content=\"https:\/\/www.carmelitaniscalzi.com\/?p=526347\" \/>\n<meta property=\"og:site_name\" content=\"UNBESCHUHTE KARMELITEN\" \/>\n<meta property=\"article:publisher\" content=\"https:\/\/www.facebook.com\/Curia-Generalizia-Carmelitani-Scalzi-658766940887784\/\" \/>\n<meta property=\"article:published_time\" content=\"2025-11-28T00:00:22+00:00\" \/>\n<meta property=\"og:image\" content=\"https:\/\/www.carmelitaniscalzi.com\/wp-content\/uploads\/2025\/11\/cover_indonesia_10.2025.jpg\" \/>\n\t<meta property=\"og:image:width\" content=\"1200\" \/>\n\t<meta property=\"og:image:height\" content=\"800\" \/>\n\t<meta property=\"og:image:type\" content=\"image\/jpeg\" \/>\n<meta name=\"author\" content=\"ocd web master\" \/>\n<meta name=\"twitter:card\" content=\"summary_large_image\" \/>\n<meta name=\"twitter:creator\" content=\"@ocdcuria\" \/>\n<meta name=\"twitter:site\" content=\"@ocdcuria\" \/>\n<meta name=\"twitter:label1\" content=\"Verfasst von\" \/>\n\t<meta name=\"twitter:data1\" content=\"ocd web master\" \/>\n\t<meta name=\"twitter:label2\" content=\"Gesch\u00e4tzte Lesezeit\" \/>\n\t<meta name=\"twitter:data2\" content=\"1\u00a0Minute\" \/>\n<script type=\"application\/ld+json\" class=\"yoast-schema-graph\">{\"@context\":\"https:\/\/schema.org\",\"@graph\":[{\"@type\":\"Article\",\"@id\":\"https:\/\/www.carmelitaniscalzi.com\/?p=526347#article\",\"isPartOf\":{\"@id\":\"https:\/\/www.carmelitaniscalzi.com\/?p=526347\"},\"author\":{\"name\":\"ocd web master\",\"@id\":\"https:\/\/www.carmelitaniscalzi.com\/#\/schema\/person\/6d1c0d9bea7b6625c437246a5d6da409\"},\"headline\":\"Indonesien: 2. Carmelitarum-Gesangsfestival 2025 \u2013 \u201eIm Herzen der Kirche werde ich geliebt werden\u201d\",\"datePublished\":\"2025-11-28T00:00:22+00:00\",\"mainEntityOfPage\":{\"@id\":\"https:\/\/www.carmelitaniscalzi.com\/?p=526347\"},\"wordCount\":199,\"publisher\":{\"@id\":\"https:\/\/www.carmelitaniscalzi.com\/#organization\"},\"image\":{\"@id\":\"https:\/\/www.carmelitaniscalzi.com\/?p=526347#primaryimage\"},\"thumbnailUrl\":\"https:\/\/www.carmelitaniscalzi.com\/wp-content\/uploads\/2025\/11\/cover_indonesia_10.2025.jpg\",\"articleSection\":[\"Nachrichten \u00fcber Br\u00fcder\",\"Nachrichten\"],\"inLanguage\":\"de\"},{\"@type\":\"WebPage\",\"@id\":\"https:\/\/www.carmelitaniscalzi.com\/?p=526347\",\"url\":\"https:\/\/www.carmelitaniscalzi.com\/?p=526347\",\"name\":\"Indonesien: 2. Carmelitarum-Gesangsfestival 2025 \u2013 \u201eIm Herzen der Kirche werde ich geliebt werden\u201d - UNBESCHUHTE KARMELITEN\",\"isPartOf\":{\"@id\":\"https:\/\/www.carmelitaniscalzi.com\/#website\"},\"primaryImageOfPage\":{\"@id\":\"https:\/\/www.carmelitaniscalzi.com\/?p=526347#primaryimage\"},\"image\":{\"@id\":\"https:\/\/www.carmelitaniscalzi.com\/?p=526347#primaryimage\"},\"thumbnailUrl\":\"https:\/\/www.carmelitaniscalzi.com\/wp-content\/uploads\/2025\/11\/cover_indonesia_10.2025.jpg\",\"datePublished\":\"2025-11-28T00:00:22+00:00\",\"breadcrumb\":{\"@id\":\"https:\/\/www.carmelitaniscalzi.com\/?p=526347#breadcrumb\"},\"inLanguage\":\"de\",\"potentialAction\":[{\"@type\":\"ReadAction\",\"target\":[\"https:\/\/www.carmelitaniscalzi.com\/?p=526347\"]}]},{\"@type\":\"ImageObject\",\"inLanguage\":\"de\",\"@id\":\"https:\/\/www.carmelitaniscalzi.com\/?p=526347#primaryimage\",\"url\":\"https:\/\/www.carmelitaniscalzi.com\/wp-content\/uploads\/2025\/11\/cover_indonesia_10.2025.jpg\",\"contentUrl\":\"https:\/\/www.carmelitaniscalzi.com\/wp-content\/uploads\/2025\/11\/cover_indonesia_10.2025.jpg\",\"width\":1200,\"height\":800},{\"@type\":\"BreadcrumbList\",\"@id\":\"https:\/\/www.carmelitaniscalzi.com\/?p=526347#breadcrumb\",\"itemListElement\":[{\"@type\":\"ListItem\",\"position\":1,\"name\":\"Home\",\"item\":\"https:\/\/www.carmelitaniscalzi.com\/de\/\"},{\"@type\":\"ListItem\",\"position\":2,\"name\":\"Indonesien: 2. Carmelitarum-Gesangsfestival 2025 \u2013 \u201eIm Herzen der Kirche werde ich geliebt werden\u201d\"}]},{\"@type\":\"WebSite\",\"@id\":\"https:\/\/www.carmelitaniscalzi.com\/#website\",\"url\":\"https:\/\/www.carmelitaniscalzi.com\/\",\"name\":\"CARMELITANI SCALZI - Curia Generale del Carmelo Teresiano\",\"description\":\"Generalkurie des Teresianischen Karmel\",\"publisher\":{\"@id\":\"https:\/\/www.carmelitaniscalzi.com\/#organization\"},\"alternateName\":\"CARMELITANI SCALZI\",\"potentialAction\":[{\"@type\":\"SearchAction\",\"target\":{\"@type\":\"EntryPoint\",\"urlTemplate\":\"https:\/\/www.carmelitaniscalzi.com\/?s={search_term_string}\"},\"query-input\":{\"@type\":\"PropertyValueSpecification\",\"valueRequired\":true,\"valueName\":\"search_term_string\"}}],\"inLanguage\":\"de\"},{\"@type\":\"Organization\",\"@id\":\"https:\/\/www.carmelitaniscalzi.com\/#organization\",\"name\":\"CARMELITANI SCALZI - Curia Generale del Carmelo Teresiano\",\"url\":\"https:\/\/www.carmelitaniscalzi.com\/\",\"logo\":{\"@type\":\"ImageObject\",\"inLanguage\":\"de\",\"@id\":\"https:\/\/www.carmelitaniscalzi.com\/#\/schema\/logo\/image\/\",\"url\":\"https:\/\/www.carmelitaniscalzi.com\/wp-content\/uploads\/2025\/11\/login-logo.png\",\"contentUrl\":\"https:\/\/www.carmelitaniscalzi.com\/wp-content\/uploads\/2025\/11\/login-logo.png\",\"width\":256,\"height\":256,\"caption\":\"CARMELITANI SCALZI - Curia Generale del Carmelo Teresiano\"},\"image\":{\"@id\":\"https:\/\/www.carmelitaniscalzi.com\/#\/schema\/logo\/image\/\"},\"sameAs\":[\"https:\/\/www.facebook.com\/Curia-Generalizia-Carmelitani-Scalzi-658766940887784\/\",\"https:\/\/x.com\/ocdcuria\",\"https:\/\/www.youtube.com\/channel\/UC2J5ZL0ycOY0qBSTCLX_NGQ\/videos\",\"https:\/\/www.instagram.com\/ocdinform\/\"]},{\"@type\":\"Person\",\"@id\":\"https:\/\/www.carmelitaniscalzi.com\/#\/schema\/person\/6d1c0d9bea7b6625c437246a5d6da409\",\"name\":\"ocd web master\",\"image\":{\"@type\":\"ImageObject\",\"inLanguage\":\"de\",\"@id\":\"https:\/\/www.carmelitaniscalzi.com\/#\/schema\/person\/image\/\",\"url\":\"https:\/\/secure.gravatar.com\/avatar\/41fbc5f82bad909fbaf2984c43fa50d8519ac5853e25b454d022b6868f80d0e7?s=96&d=mm&r=g\",\"contentUrl\":\"https:\/\/secure.gravatar.com\/avatar\/41fbc5f82bad909fbaf2984c43fa50d8519ac5853e25b454d022b6868f80d0e7?s=96&d=mm&r=g\",\"caption\":\"ocd web master\"},\"url\":\"https:\/\/www.carmelitaniscalzi.com\/de\/author\/ocdwebmaster\/\"}]}<\/script>\n<!-- \/ Yoast SEO plugin. -->","yoast_head_json":{"title":"Indonesien: 2. Carmelitarum-Gesangsfestival 2025 \u2013 \u201eIm Herzen der Kirche werde ich geliebt werden\u201d - UNBESCHUHTE KARMELITEN","robots":{"index":"index","follow":"follow","max-snippet":"max-snippet:-1","max-image-preview":"max-image-preview:large","max-video-preview":"max-video-preview:-1"},"canonical":"https:\/\/www.carmelitaniscalzi.com\/?p=526347","og_locale":"de_DE","og_type":"article","og_title":"Indonesien: 2. Carmelitarum-Gesangsfestival 2025 \u2013 \u201eIm Herzen der Kirche werde ich geliebt werden\u201d - UNBESCHUHTE KARMELITEN","og_description":"Das 2. Carmelitarum-Gesangsfestival fand vom 3. bis 5. Oktober 2025 im Kloster der Unbeschuhten Karmeliten von Santa Maria de Bel\u00e9n in Lembang \u2013 Westjava (Indonesien) anl\u00e4sslich des hundertsten Jahrestages der Heiligsprechung der Heiligen Therese von Lisieux statt. Das Festival brachte 36 Ch\u00f6re zusammen, die in drei Kategorien unterteilt waren: Kinder, gemischte Jugendch\u00f6re und gemischte Erwachsenench\u00f6re. [&hellip;]","og_url":"https:\/\/www.carmelitaniscalzi.com\/?p=526347","og_site_name":"UNBESCHUHTE KARMELITEN","article_publisher":"https:\/\/www.facebook.com\/Curia-Generalizia-Carmelitani-Scalzi-658766940887784\/","article_published_time":"2025-11-28T00:00:22+00:00","og_image":[{"width":1200,"height":800,"url":"https:\/\/www.carmelitaniscalzi.com\/wp-content\/uploads\/2025\/11\/cover_indonesia_10.2025.jpg","type":"image\/jpeg"}],"author":"ocd web master","twitter_card":"summary_large_image","twitter_creator":"@ocdcuria","twitter_site":"@ocdcuria","twitter_misc":{"Verfasst von":"ocd web master","Gesch\u00e4tzte Lesezeit":"1\u00a0Minute"},"schema":{"@context":"https:\/\/schema.org","@graph":[{"@type":"Article","@id":"https:\/\/www.carmelitaniscalzi.com\/?p=526347#article","isPartOf":{"@id":"https:\/\/www.carmelitaniscalzi.com\/?p=526347"},"author":{"name":"ocd web master","@id":"https:\/\/www.carmelitaniscalzi.com\/#\/schema\/person\/6d1c0d9bea7b6625c437246a5d6da409"},"headline":"Indonesien: 2. Carmelitarum-Gesangsfestival 2025 \u2013 \u201eIm Herzen der Kirche werde ich geliebt werden\u201d","datePublished":"2025-11-28T00:00:22+00:00","mainEntityOfPage":{"@id":"https:\/\/www.carmelitaniscalzi.com\/?p=526347"},"wordCount":199,"publisher":{"@id":"https:\/\/www.carmelitaniscalzi.com\/#organization"},"image":{"@id":"https:\/\/www.carmelitaniscalzi.com\/?p=526347#primaryimage"},"thumbnailUrl":"https:\/\/www.carmelitaniscalzi.com\/wp-content\/uploads\/2025\/11\/cover_indonesia_10.2025.jpg","articleSection":["Nachrichten \u00fcber Br\u00fcder","Nachrichten"],"inLanguage":"de"},{"@type":"WebPage","@id":"https:\/\/www.carmelitaniscalzi.com\/?p=526347","url":"https:\/\/www.carmelitaniscalzi.com\/?p=526347","name":"Indonesien: 2. Carmelitarum-Gesangsfestival 2025 \u2013 \u201eIm Herzen der Kirche werde ich geliebt werden\u201d - UNBESCHUHTE KARMELITEN","isPartOf":{"@id":"https:\/\/www.carmelitaniscalzi.com\/#website"},"primaryImageOfPage":{"@id":"https:\/\/www.carmelitaniscalzi.com\/?p=526347#primaryimage"},"image":{"@id":"https:\/\/www.carmelitaniscalzi.com\/?p=526347#primaryimage"},"thumbnailUrl":"https:\/\/www.carmelitaniscalzi.com\/wp-content\/uploads\/2025\/11\/cover_indonesia_10.2025.jpg","datePublished":"2025-11-28T00:00:22+00:00","breadcrumb":{"@id":"https:\/\/www.carmelitaniscalzi.com\/?p=526347#breadcrumb"},"inLanguage":"de","potentialAction":[{"@type":"ReadAction","target":["https:\/\/www.carmelitaniscalzi.com\/?p=526347"]}]},{"@type":"ImageObject","inLanguage":"de","@id":"https:\/\/www.carmelitaniscalzi.com\/?p=526347#primaryimage","url":"https:\/\/www.carmelitaniscalzi.com\/wp-content\/uploads\/2025\/11\/cover_indonesia_10.2025.jpg","contentUrl":"https:\/\/www.carmelitaniscalzi.com\/wp-content\/uploads\/2025\/11\/cover_indonesia_10.2025.jpg","width":1200,"height":800},{"@type":"BreadcrumbList","@id":"https:\/\/www.carmelitaniscalzi.com\/?p=526347#breadcrumb","itemListElement":[{"@type":"ListItem","position":1,"name":"Home","item":"https:\/\/www.carmelitaniscalzi.com\/de\/"},{"@type":"ListItem","position":2,"name":"Indonesien: 2. Carmelitarum-Gesangsfestival 2025 \u2013 \u201eIm Herzen der Kirche werde ich geliebt werden\u201d"}]},{"@type":"WebSite","@id":"https:\/\/www.carmelitaniscalzi.com\/#website","url":"https:\/\/www.carmelitaniscalzi.com\/","name":"CARMELITANI SCALZI - Curia Generale del Carmelo Teresiano","description":"Generalkurie des Teresianischen Karmel","publisher":{"@id":"https:\/\/www.carmelitaniscalzi.com\/#organization"},"alternateName":"CARMELITANI SCALZI","potentialAction":[{"@type":"SearchAction","target":{"@type":"EntryPoint","urlTemplate":"https:\/\/www.carmelitaniscalzi.com\/?s={search_term_string}"},"query-input":{"@type":"PropertyValueSpecification","valueRequired":true,"valueName":"search_term_string"}}],"inLanguage":"de"},{"@type":"Organization","@id":"https:\/\/www.carmelitaniscalzi.com\/#organization","name":"CARMELITANI SCALZI - Curia Generale del Carmelo Teresiano","url":"https:\/\/www.carmelitaniscalzi.com\/","logo":{"@type":"ImageObject","inLanguage":"de","@id":"https:\/\/www.carmelitaniscalzi.com\/#\/schema\/logo\/image\/","url":"https:\/\/www.carmelitaniscalzi.com\/wp-content\/uploads\/2025\/11\/login-logo.png","contentUrl":"https:\/\/www.carmelitaniscalzi.com\/wp-content\/uploads\/2025\/11\/login-logo.png","width":256,"height":256,"caption":"CARMELITANI SCALZI - Curia Generale del Carmelo Teresiano"},"image":{"@id":"https:\/\/www.carmelitaniscalzi.com\/#\/schema\/logo\/image\/"},"sameAs":["https:\/\/www.facebook.com\/Curia-Generalizia-Carmelitani-Scalzi-658766940887784\/","https:\/\/x.com\/ocdcuria","https:\/\/www.youtube.com\/channel\/UC2J5ZL0ycOY0qBSTCLX_NGQ\/videos","https:\/\/www.instagram.com\/ocdinform\/"]},{"@type":"Person","@id":"https:\/\/www.carmelitaniscalzi.com\/#\/schema\/person\/6d1c0d9bea7b6625c437246a5d6da409","name":"ocd web master","image":{"@type":"ImageObject","inLanguage":"de","@id":"https:\/\/www.carmelitaniscalzi.com\/#\/schema\/person\/image\/","url":"https:\/\/secure.gravatar.com\/avatar\/41fbc5f82bad909fbaf2984c43fa50d8519ac5853e25b454d022b6868f80d0e7?s=96&d=mm&r=g","contentUrl":"https:\/\/secure.gravatar.com\/avatar\/41fbc5f82bad909fbaf2984c43fa50d8519ac5853e25b454d022b6868f80d0e7?s=96&d=mm&r=g","caption":"ocd web master"},"url":"https:\/\/www.carmelitaniscalzi.com\/de\/author\/ocdwebmaster\/"}]}},"_links":{"self":[{"href":"https:\/\/www.carmelitaniscalzi.com\/de\/wp-json\/wp\/v2\/posts\/526355","targetHints":{"allow":["GET"]}}],"collection":[{"href":"https:\/\/www.carmelitaniscalzi.com\/de\/wp-json\/wp\/v2\/posts"}],"about":[{"href":"https:\/\/www.carmelitaniscalzi.com\/de\/wp-json\/wp\/v2\/types\/post"}],"author":[{"embeddable":true,"href":"https:\/\/www.carmelitaniscalzi.com\/de\/wp-json\/wp\/v2\/users\/7"}],"replies":[{"embeddable":true,"href":"https:\/\/www.carmelitaniscalzi.com\/de\/wp-json\/wp\/v2\/comments?post=526355"}],"version-history":[{"count":1,"href":"https:\/\/www.carmelitaniscalzi.com\/de\/wp-json\/wp\/v2\/posts\/526355\/revisions"}],"predecessor-version":[{"id":526356,"href":"https:\/\/www.carmelitaniscalzi.com\/de\/wp-json\/wp\/v2\/posts\/526355\/revisions\/526356"}],"wp:featuredmedia":[{"embeddable":true,"href":"https:\/\/www.carmelitaniscalzi.com\/de\/wp-json\/wp\/v2\/media\/526253"}],"wp:attachment":[{"href":"https:\/\/www.carmelitaniscalzi.com\/de\/wp-json\/wp\/v2\/media?parent=526355"}],"wp:term":[{"taxonomy":"category","embeddable":true,"href":"https:\/\/www.carmelitaniscalzi.com\/de\/wp-json\/wp\/v2\/categories?post=526355"},{"taxonomy":"post_tag","embeddable":true,"href":"https:\/\/www.carmelitaniscalzi.com\/de\/wp-json\/wp\/v2\/tags?post=526355"}],"curies":[{"name":"wp","href":"https:\/\/api.w.org\/{rel}","templated":true}]}}