{"id":526345,"date":"2025-11-24T01:00:27","date_gmt":"2025-11-24T00:00:27","guid":{"rendered":"https:\/\/www.carmelitaniscalzi.com\/?p=526345"},"modified":"2025-11-06T01:27:57","modified_gmt":"2025-11-06T00:27:57","slug":"thailand-25-jaehriges-jubilaeum-des-karmelitinnenkloester-von-nakhon-sawan","status":"publish","type":"post","link":"https:\/\/www.carmelitaniscalzi.com\/de\/2025\/11\/24\/thailand-25-jaehriges-jubilaeum-des-karmelitinnenkloester-von-nakhon-sawan\/","title":{"rendered":"Thailand: 25-j\u00e4hriges Jubil\u00e4um des Karmelitinnenkl\u00f6ster von Nakhon Sawan"},"content":{"rendered":"<p>Am 27. September 2025 feierten die Karmelitinnen in Anwesenheit eines Kardinals, von Bisch\u00f6fen, Priestern, Ordensleuten und einer gro\u00dfen Zahl von Gl\u00e4ubigen das 25-j\u00e4hrige Jubil\u00e4um ihrer Gr\u00fcndung.<\/p>\n<p>Hier eine kurze Geschichte des Klosters: 1999 sandte Monsignore Louis Chamnien, Bischof von Nakhon Sawan, einen Brief, in dem er die Nonnen bat, sich in Nakhon Sawan niederzulassen, und Mutter Angela, Oberin der Karmelitinnen von Bangkok, einlud, das f\u00fcr den Bau des neuen Klosters vorgesehene Grundst\u00fcck zu besichtigen. Im Dezember 2000 zogen die Karmelitinnen in das neue Kloster ein, das im Juni 2001 offiziell geweiht wurde.<\/p>\n<p>Alle Nonnen leben nach der Spiritualit\u00e4t der Karmelitinnen und begeben sich in die Einsiedelei, um f\u00fcr die Welt und insbesondere f\u00fcr die Di\u00f6zese Nakhon Sawan zu beten. Derzeit gibt es 12 Nonnen. Jeden Tag sehen und erfahren wir die Liebe Gottes, der immer an unserer Seite ist, uns besch\u00fctzt und f\u00fcr uns sorgt, damit es uns an nichts fehlt.<\/p>\n<p>&nbsp;<\/p>\n<div class=\"wpmf-gallerys wpmf-gallerys-life \" ><div id=\"gallery-1\"\n data-gutter-width=\"5\"\n  data-wpmfcolumns=\"5\" class=\"wpmf-gallery gallery-link-file gallery_life gallery-masonry gallery-columns-5 gallery-size-thumbnail wpmf-gallery-bottomspace-default wpmf-gallery-clear wpmf-has-border-radius-0 wpmf-gutterwidth-5\"><div class=\"wpmf-gallery-item\n     wpmf-gallery-item-position-0 wpmf-gallery-item-attachment-526187\" data-index=\"0\"><div class=\"wpmf-gallery-icon\"><a class=\" not_video noLightbox\" data-lightbox=\"1\" data-href=\"https:\/\/www.carmelitaniscalzi.com\/wp-content\/uploads\/2025\/11\/Tailandia-1-1024x555.jpg\" title=\"Tailandia 1\" target=\"_self\" data-index=\"0\"><img decoding=\"async\" class=\"wpmf_img\" alt=\"Tailandia 1\" src=\"https:\/\/www.carmelitaniscalzi.com\/wp-content\/uploads\/2025\/11\/Tailandia-1-150x150.jpg\" data-type=\"wpmfgalleryimg\" data-lazy-src=\"https:\/\/www.carmelitaniscalzi.com\/wp-content\/uploads\/2025\/11\/Tailandia-1-150x150.jpg\"><\/a><\/div><\/div><div class=\"wpmf-gallery-item\n     wpmf-gallery-item-position-1 wpmf-gallery-item-attachment-526193\" data-index=\"1\"><div class=\"wpmf-gallery-icon\"><a class=\" not_video noLightbox\" data-lightbox=\"1\" data-href=\"https:\/\/www.carmelitaniscalzi.com\/wp-content\/uploads\/2025\/11\/Tailandia-2-1024x630.jpg\" title=\"Tailandia 2\" target=\"_self\" data-index=\"1\"><img decoding=\"async\" class=\"wpmf_img\" alt=\"Tailandia 2\" src=\"https:\/\/www.carmelitaniscalzi.com\/wp-content\/uploads\/2025\/11\/Tailandia-2-150x150.jpg\" data-type=\"wpmfgalleryimg\" data-lazy-src=\"https:\/\/www.carmelitaniscalzi.com\/wp-content\/uploads\/2025\/11\/Tailandia-2-150x150.jpg\"><\/a><\/div><\/div><div class=\"wpmf-gallery-item\n     wpmf-gallery-item-position-2 wpmf-gallery-item-attachment-526199\" data-index=\"2\"><div class=\"wpmf-gallery-icon\"><a class=\" not_video noLightbox\" data-lightbox=\"1\" data-href=\"https:\/\/www.carmelitaniscalzi.com\/wp-content\/uploads\/2025\/11\/Tailandia-3-1024x638.jpg\" title=\"Tailandia 3\" target=\"_self\" data-index=\"2\"><img decoding=\"async\" class=\"wpmf_img\" alt=\"Tailandia 3\" src=\"https:\/\/www.carmelitaniscalzi.com\/wp-content\/uploads\/2025\/11\/Tailandia-3-150x150.jpg\" data-type=\"wpmfgalleryimg\" data-lazy-src=\"https:\/\/www.carmelitaniscalzi.com\/wp-content\/uploads\/2025\/11\/Tailandia-3-150x150.jpg\"><\/a><\/div><\/div><div class=\"wpmf-gallery-item\n     wpmf-gallery-item-position-3 wpmf-gallery-item-attachment-526205\" data-index=\"3\"><div class=\"wpmf-gallery-icon\"><a class=\" not_video noLightbox\" data-lightbox=\"1\" data-href=\"https:\/\/www.carmelitaniscalzi.com\/wp-content\/uploads\/2025\/11\/Tailandia-4-1024x594.jpg\" title=\"Tailandia 4\" target=\"_self\" data-index=\"3\"><img decoding=\"async\" class=\"wpmf_img\" alt=\"Tailandia 4\" src=\"https:\/\/www.carmelitaniscalzi.com\/wp-content\/uploads\/2025\/11\/Tailandia-4-150x150.jpg\" data-type=\"wpmfgalleryimg\" data-lazy-src=\"https:\/\/www.carmelitaniscalzi.com\/wp-content\/uploads\/2025\/11\/Tailandia-4-150x150.jpg\"><\/a><\/div><\/div><div class=\"wpmf-gallery-item\n     wpmf-gallery-item-position-4 wpmf-gallery-item-attachment-526211\" data-index=\"4\"><div class=\"wpmf-gallery-icon\"><a class=\" not_video noLightbox\" data-lightbox=\"1\" data-href=\"https:\/\/www.carmelitaniscalzi.com\/wp-content\/uploads\/2025\/11\/Tailandia-5-1024x951.jpg\" title=\"Tailandia 5\" target=\"_self\" data-index=\"4\"><img decoding=\"async\" class=\"wpmf_img\" alt=\"Tailandia 5\" src=\"https:\/\/www.carmelitaniscalzi.com\/wp-content\/uploads\/2025\/11\/Tailandia-5-150x150.jpg\" data-type=\"wpmfgalleryimg\" data-lazy-src=\"https:\/\/www.carmelitaniscalzi.com\/wp-content\/uploads\/2025\/11\/Tailandia-5-150x150.jpg\"><\/a><\/div><\/div><\/div><\/div>\n\n","protected":false},"excerpt":{"rendered":"<p>Am 27. September 2025 feierten die Karmelitinnen in Anwesenheit eines Kardinals, von Bisch\u00f6fen, Priestern, Ordensleuten und einer gro\u00dfen Zahl von Gl\u00e4ubigen das 25-j\u00e4hrige Jubil\u00e4um ihrer Gr\u00fcndung. Hier eine kurze Geschichte des Klosters: 1999 sandte Monsignore Louis Chamnien, Bischof von Nakhon Sawan, einen Brief, in dem er die Nonnen bat, sich in Nakhon Sawan niederzulassen, und [&hellip;]<\/p>\n","protected":false},"author":7,"featured_media":526181,"comment_status":"closed","ping_status":"closed","sticky":false,"template":"","format":"standard","meta":{"_acf_changed":false,"footnotes":""},"categories":[214,371],"tags":[],"class_list":["post-526345","post","type-post","status-publish","format-standard","has-post-thumbnail","hentry","category-nachrichten-ueber-schwestern","category-nachrichten"],"acf":[],"yoast_head":"<!-- This site is optimized with the Yoast SEO plugin v26.3 - https:\/\/yoast.com\/wordpress\/plugins\/seo\/ -->\n<title>Thailand: 25-j\u00e4hriges Jubil\u00e4um des Karmelitinnenkl\u00f6ster von Nakhon Sawan - UNBESCHUHTE KARMELITEN<\/title>\n<meta name=\"robots\" content=\"index, follow, max-snippet:-1, max-image-preview:large, max-video-preview:-1\" \/>\n<link rel=\"canonical\" href=\"https:\/\/www.carmelitaniscalzi.com\/2025\/11\/24\/thailandia-25-anniversario-del-monastero-di-nakhon-sawan\/\" \/>\n<meta property=\"og:locale\" content=\"de_DE\" \/>\n<meta property=\"og:type\" content=\"article\" \/>\n<meta property=\"og:title\" content=\"Thailand: 25-j\u00e4hriges Jubil\u00e4um des Karmelitinnenkl\u00f6ster von Nakhon Sawan - UNBESCHUHTE KARMELITEN\" \/>\n<meta property=\"og:description\" content=\"Am 27. September 2025 feierten die Karmelitinnen in Anwesenheit eines Kardinals, von Bisch\u00f6fen, Priestern, Ordensleuten und einer gro\u00dfen Zahl von Gl\u00e4ubigen das 25-j\u00e4hrige Jubil\u00e4um ihrer Gr\u00fcndung. Hier eine kurze Geschichte des Klosters: 1999 sandte Monsignore Louis Chamnien, Bischof von Nakhon Sawan, einen Brief, in dem er die Nonnen bat, sich in Nakhon Sawan niederzulassen, und [&hellip;]\" \/>\n<meta property=\"og:url\" content=\"https:\/\/www.carmelitaniscalzi.com\/2025\/11\/24\/thailandia-25-anniversario-del-monastero-di-nakhon-sawan\/\" \/>\n<meta property=\"og:site_name\" content=\"UNBESCHUHTE KARMELITEN\" \/>\n<meta property=\"article:publisher\" content=\"https:\/\/www.facebook.com\/Curia-Generalizia-Carmelitani-Scalzi-658766940887784\/\" \/>\n<meta property=\"article:published_time\" content=\"2025-11-24T00:00:27+00:00\" \/>\n<meta property=\"og:image\" content=\"https:\/\/www.carmelitaniscalzi.com\/wp-content\/uploads\/2025\/11\/cover_tailandia_10.2025.jpg\" \/>\n\t<meta property=\"og:image:width\" content=\"1200\" \/>\n\t<meta property=\"og:image:height\" content=\"800\" \/>\n\t<meta property=\"og:image:type\" content=\"image\/jpeg\" \/>\n<meta name=\"author\" content=\"ocd web master\" \/>\n<meta name=\"twitter:card\" content=\"summary_large_image\" \/>\n<meta name=\"twitter:creator\" content=\"@ocdcuria\" \/>\n<meta name=\"twitter:site\" content=\"@ocdcuria\" \/>\n<meta name=\"twitter:label1\" content=\"Verfasst von\" \/>\n\t<meta name=\"twitter:data1\" content=\"ocd web master\" \/>\n\t<meta name=\"twitter:label2\" content=\"Gesch\u00e4tzte Lesezeit\" \/>\n\t<meta name=\"twitter:data2\" content=\"1\u00a0Minute\" \/>\n<script type=\"application\/ld+json\" class=\"yoast-schema-graph\">{\"@context\":\"https:\/\/schema.org\",\"@graph\":[{\"@type\":\"Article\",\"@id\":\"https:\/\/www.carmelitaniscalzi.com\/2025\/11\/24\/thailandia-25-anniversario-del-monastero-di-nakhon-sawan\/#article\",\"isPartOf\":{\"@id\":\"https:\/\/www.carmelitaniscalzi.com\/2025\/11\/24\/thailandia-25-anniversario-del-monastero-di-nakhon-sawan\/\"},\"author\":{\"name\":\"ocd web master\",\"@id\":\"https:\/\/www.carmelitaniscalzi.com\/#\/schema\/person\/6d1c0d9bea7b6625c437246a5d6da409\"},\"headline\":\"Thailand: 25-j\u00e4hriges Jubil\u00e4um des Karmelitinnenkl\u00f6ster von Nakhon Sawan\",\"datePublished\":\"2025-11-24T00:00:27+00:00\",\"mainEntityOfPage\":{\"@id\":\"https:\/\/www.carmelitaniscalzi.com\/2025\/11\/24\/thailandia-25-anniversario-del-monastero-di-nakhon-sawan\/\"},\"wordCount\":181,\"publisher\":{\"@id\":\"https:\/\/www.carmelitaniscalzi.com\/#organization\"},\"image\":{\"@id\":\"https:\/\/www.carmelitaniscalzi.com\/2025\/11\/24\/thailandia-25-anniversario-del-monastero-di-nakhon-sawan\/#primaryimage\"},\"thumbnailUrl\":\"https:\/\/www.carmelitaniscalzi.com\/wp-content\/uploads\/2025\/11\/cover_tailandia_10.2025.jpg\",\"articleSection\":[\"Nachrichten \u00fcber Schwestern\",\"Nachrichten\"],\"inLanguage\":\"de\"},{\"@type\":\"WebPage\",\"@id\":\"https:\/\/www.carmelitaniscalzi.com\/2025\/11\/24\/thailandia-25-anniversario-del-monastero-di-nakhon-sawan\/\",\"url\":\"https:\/\/www.carmelitaniscalzi.com\/2025\/11\/24\/thailandia-25-anniversario-del-monastero-di-nakhon-sawan\/\",\"name\":\"Thailand: 25-j\u00e4hriges Jubil\u00e4um des Karmelitinnenkl\u00f6ster von Nakhon Sawan - UNBESCHUHTE KARMELITEN\",\"isPartOf\":{\"@id\":\"https:\/\/www.carmelitaniscalzi.com\/#website\"},\"primaryImageOfPage\":{\"@id\":\"https:\/\/www.carmelitaniscalzi.com\/2025\/11\/24\/thailandia-25-anniversario-del-monastero-di-nakhon-sawan\/#primaryimage\"},\"image\":{\"@id\":\"https:\/\/www.carmelitaniscalzi.com\/2025\/11\/24\/thailandia-25-anniversario-del-monastero-di-nakhon-sawan\/#primaryimage\"},\"thumbnailUrl\":\"https:\/\/www.carmelitaniscalzi.com\/wp-content\/uploads\/2025\/11\/cover_tailandia_10.2025.jpg\",\"datePublished\":\"2025-11-24T00:00:27+00:00\",\"breadcrumb\":{\"@id\":\"https:\/\/www.carmelitaniscalzi.com\/2025\/11\/24\/thailandia-25-anniversario-del-monastero-di-nakhon-sawan\/#breadcrumb\"},\"inLanguage\":\"de\",\"potentialAction\":[{\"@type\":\"ReadAction\",\"target\":[\"https:\/\/www.carmelitaniscalzi.com\/2025\/11\/24\/thailandia-25-anniversario-del-monastero-di-nakhon-sawan\/\"]}]},{\"@type\":\"ImageObject\",\"inLanguage\":\"de\",\"@id\":\"https:\/\/www.carmelitaniscalzi.com\/2025\/11\/24\/thailandia-25-anniversario-del-monastero-di-nakhon-sawan\/#primaryimage\",\"url\":\"https:\/\/www.carmelitaniscalzi.com\/wp-content\/uploads\/2025\/11\/cover_tailandia_10.2025.jpg\",\"contentUrl\":\"https:\/\/www.carmelitaniscalzi.com\/wp-content\/uploads\/2025\/11\/cover_tailandia_10.2025.jpg\",\"width\":1200,\"height\":800},{\"@type\":\"BreadcrumbList\",\"@id\":\"https:\/\/www.carmelitaniscalzi.com\/2025\/11\/24\/thailandia-25-anniversario-del-monastero-di-nakhon-sawan\/#breadcrumb\",\"itemListElement\":[{\"@type\":\"ListItem\",\"position\":1,\"name\":\"Home\",\"item\":\"https:\/\/www.carmelitaniscalzi.com\/de\/\"},{\"@type\":\"ListItem\",\"position\":2,\"name\":\"Thailand: 25-j\u00e4hriges Jubil\u00e4um des Karmelitinnenkl\u00f6ster von Nakhon Sawan\"}]},{\"@type\":\"WebSite\",\"@id\":\"https:\/\/www.carmelitaniscalzi.com\/#website\",\"url\":\"https:\/\/www.carmelitaniscalzi.com\/\",\"name\":\"CARMELITANI SCALZI - Curia Generale del Carmelo Teresiano\",\"description\":\"Generalkurie des Teresianischen Karmel\",\"publisher\":{\"@id\":\"https:\/\/www.carmelitaniscalzi.com\/#organization\"},\"alternateName\":\"CARMELITANI SCALZI\",\"potentialAction\":[{\"@type\":\"SearchAction\",\"target\":{\"@type\":\"EntryPoint\",\"urlTemplate\":\"https:\/\/www.carmelitaniscalzi.com\/?s={search_term_string}\"},\"query-input\":{\"@type\":\"PropertyValueSpecification\",\"valueRequired\":true,\"valueName\":\"search_term_string\"}}],\"inLanguage\":\"de\"},{\"@type\":\"Organization\",\"@id\":\"https:\/\/www.carmelitaniscalzi.com\/#organization\",\"name\":\"CARMELITANI SCALZI - Curia Generale del Carmelo Teresiano\",\"url\":\"https:\/\/www.carmelitaniscalzi.com\/\",\"logo\":{\"@type\":\"ImageObject\",\"inLanguage\":\"de\",\"@id\":\"https:\/\/www.carmelitaniscalzi.com\/#\/schema\/logo\/image\/\",\"url\":\"https:\/\/www.carmelitaniscalzi.com\/wp-content\/uploads\/2025\/11\/login-logo.png\",\"contentUrl\":\"https:\/\/www.carmelitaniscalzi.com\/wp-content\/uploads\/2025\/11\/login-logo.png\",\"width\":256,\"height\":256,\"caption\":\"CARMELITANI SCALZI - Curia Generale del Carmelo Teresiano\"},\"image\":{\"@id\":\"https:\/\/www.carmelitaniscalzi.com\/#\/schema\/logo\/image\/\"},\"sameAs\":[\"https:\/\/www.facebook.com\/Curia-Generalizia-Carmelitani-Scalzi-658766940887784\/\",\"https:\/\/x.com\/ocdcuria\",\"https:\/\/www.youtube.com\/channel\/UC2J5ZL0ycOY0qBSTCLX_NGQ\/videos\",\"https:\/\/www.instagram.com\/ocdinform\/\"]},{\"@type\":\"Person\",\"@id\":\"https:\/\/www.carmelitaniscalzi.com\/#\/schema\/person\/6d1c0d9bea7b6625c437246a5d6da409\",\"name\":\"ocd web master\",\"image\":{\"@type\":\"ImageObject\",\"inLanguage\":\"de\",\"@id\":\"https:\/\/www.carmelitaniscalzi.com\/#\/schema\/person\/image\/\",\"url\":\"https:\/\/secure.gravatar.com\/avatar\/41fbc5f82bad909fbaf2984c43fa50d8519ac5853e25b454d022b6868f80d0e7?s=96&d=mm&r=g\",\"contentUrl\":\"https:\/\/secure.gravatar.com\/avatar\/41fbc5f82bad909fbaf2984c43fa50d8519ac5853e25b454d022b6868f80d0e7?s=96&d=mm&r=g\",\"caption\":\"ocd web master\"},\"url\":\"https:\/\/www.carmelitaniscalzi.com\/de\/author\/ocdwebmaster\/\"}]}<\/script>\n<!-- \/ Yoast SEO plugin. -->","yoast_head_json":{"title":"Thailand: 25-j\u00e4hriges Jubil\u00e4um des Karmelitinnenkl\u00f6ster von Nakhon Sawan - UNBESCHUHTE KARMELITEN","robots":{"index":"index","follow":"follow","max-snippet":"max-snippet:-1","max-image-preview":"max-image-preview:large","max-video-preview":"max-video-preview:-1"},"canonical":"https:\/\/www.carmelitaniscalzi.com\/2025\/11\/24\/thailandia-25-anniversario-del-monastero-di-nakhon-sawan\/","og_locale":"de_DE","og_type":"article","og_title":"Thailand: 25-j\u00e4hriges Jubil\u00e4um des Karmelitinnenkl\u00f6ster von Nakhon Sawan - UNBESCHUHTE KARMELITEN","og_description":"Am 27. September 2025 feierten die Karmelitinnen in Anwesenheit eines Kardinals, von Bisch\u00f6fen, Priestern, Ordensleuten und einer gro\u00dfen Zahl von Gl\u00e4ubigen das 25-j\u00e4hrige Jubil\u00e4um ihrer Gr\u00fcndung. Hier eine kurze Geschichte des Klosters: 1999 sandte Monsignore Louis Chamnien, Bischof von Nakhon Sawan, einen Brief, in dem er die Nonnen bat, sich in Nakhon Sawan niederzulassen, und [&hellip;]","og_url":"https:\/\/www.carmelitaniscalzi.com\/2025\/11\/24\/thailandia-25-anniversario-del-monastero-di-nakhon-sawan\/","og_site_name":"UNBESCHUHTE KARMELITEN","article_publisher":"https:\/\/www.facebook.com\/Curia-Generalizia-Carmelitani-Scalzi-658766940887784\/","article_published_time":"2025-11-24T00:00:27+00:00","og_image":[{"width":1200,"height":800,"url":"https:\/\/www.carmelitaniscalzi.com\/wp-content\/uploads\/2025\/11\/cover_tailandia_10.2025.jpg","type":"image\/jpeg"}],"author":"ocd web master","twitter_card":"summary_large_image","twitter_creator":"@ocdcuria","twitter_site":"@ocdcuria","twitter_misc":{"Verfasst von":"ocd web master","Gesch\u00e4tzte Lesezeit":"1\u00a0Minute"},"schema":{"@context":"https:\/\/schema.org","@graph":[{"@type":"Article","@id":"https:\/\/www.carmelitaniscalzi.com\/2025\/11\/24\/thailandia-25-anniversario-del-monastero-di-nakhon-sawan\/#article","isPartOf":{"@id":"https:\/\/www.carmelitaniscalzi.com\/2025\/11\/24\/thailandia-25-anniversario-del-monastero-di-nakhon-sawan\/"},"author":{"name":"ocd web master","@id":"https:\/\/www.carmelitaniscalzi.com\/#\/schema\/person\/6d1c0d9bea7b6625c437246a5d6da409"},"headline":"Thailand: 25-j\u00e4hriges Jubil\u00e4um des Karmelitinnenkl\u00f6ster von Nakhon Sawan","datePublished":"2025-11-24T00:00:27+00:00","mainEntityOfPage":{"@id":"https:\/\/www.carmelitaniscalzi.com\/2025\/11\/24\/thailandia-25-anniversario-del-monastero-di-nakhon-sawan\/"},"wordCount":181,"publisher":{"@id":"https:\/\/www.carmelitaniscalzi.com\/#organization"},"image":{"@id":"https:\/\/www.carmelitaniscalzi.com\/2025\/11\/24\/thailandia-25-anniversario-del-monastero-di-nakhon-sawan\/#primaryimage"},"thumbnailUrl":"https:\/\/www.carmelitaniscalzi.com\/wp-content\/uploads\/2025\/11\/cover_tailandia_10.2025.jpg","articleSection":["Nachrichten \u00fcber Schwestern","Nachrichten"],"inLanguage":"de"},{"@type":"WebPage","@id":"https:\/\/www.carmelitaniscalzi.com\/2025\/11\/24\/thailandia-25-anniversario-del-monastero-di-nakhon-sawan\/","url":"https:\/\/www.carmelitaniscalzi.com\/2025\/11\/24\/thailandia-25-anniversario-del-monastero-di-nakhon-sawan\/","name":"Thailand: 25-j\u00e4hriges Jubil\u00e4um des Karmelitinnenkl\u00f6ster von Nakhon Sawan - UNBESCHUHTE KARMELITEN","isPartOf":{"@id":"https:\/\/www.carmelitaniscalzi.com\/#website"},"primaryImageOfPage":{"@id":"https:\/\/www.carmelitaniscalzi.com\/2025\/11\/24\/thailandia-25-anniversario-del-monastero-di-nakhon-sawan\/#primaryimage"},"image":{"@id":"https:\/\/www.carmelitaniscalzi.com\/2025\/11\/24\/thailandia-25-anniversario-del-monastero-di-nakhon-sawan\/#primaryimage"},"thumbnailUrl":"https:\/\/www.carmelitaniscalzi.com\/wp-content\/uploads\/2025\/11\/cover_tailandia_10.2025.jpg","datePublished":"2025-11-24T00:00:27+00:00","breadcrumb":{"@id":"https:\/\/www.carmelitaniscalzi.com\/2025\/11\/24\/thailandia-25-anniversario-del-monastero-di-nakhon-sawan\/#breadcrumb"},"inLanguage":"de","potentialAction":[{"@type":"ReadAction","target":["https:\/\/www.carmelitaniscalzi.com\/2025\/11\/24\/thailandia-25-anniversario-del-monastero-di-nakhon-sawan\/"]}]},{"@type":"ImageObject","inLanguage":"de","@id":"https:\/\/www.carmelitaniscalzi.com\/2025\/11\/24\/thailandia-25-anniversario-del-monastero-di-nakhon-sawan\/#primaryimage","url":"https:\/\/www.carmelitaniscalzi.com\/wp-content\/uploads\/2025\/11\/cover_tailandia_10.2025.jpg","contentUrl":"https:\/\/www.carmelitaniscalzi.com\/wp-content\/uploads\/2025\/11\/cover_tailandia_10.2025.jpg","width":1200,"height":800},{"@type":"BreadcrumbList","@id":"https:\/\/www.carmelitaniscalzi.com\/2025\/11\/24\/thailandia-25-anniversario-del-monastero-di-nakhon-sawan\/#breadcrumb","itemListElement":[{"@type":"ListItem","position":1,"name":"Home","item":"https:\/\/www.carmelitaniscalzi.com\/de\/"},{"@type":"ListItem","position":2,"name":"Thailand: 25-j\u00e4hriges Jubil\u00e4um des Karmelitinnenkl\u00f6ster von Nakhon Sawan"}]},{"@type":"WebSite","@id":"https:\/\/www.carmelitaniscalzi.com\/#website","url":"https:\/\/www.carmelitaniscalzi.com\/","name":"CARMELITANI SCALZI - Curia Generale del Carmelo Teresiano","description":"Generalkurie des Teresianischen Karmel","publisher":{"@id":"https:\/\/www.carmelitaniscalzi.com\/#organization"},"alternateName":"CARMELITANI SCALZI","potentialAction":[{"@type":"SearchAction","target":{"@type":"EntryPoint","urlTemplate":"https:\/\/www.carmelitaniscalzi.com\/?s={search_term_string}"},"query-input":{"@type":"PropertyValueSpecification","valueRequired":true,"valueName":"search_term_string"}}],"inLanguage":"de"},{"@type":"Organization","@id":"https:\/\/www.carmelitaniscalzi.com\/#organization","name":"CARMELITANI SCALZI - Curia Generale del Carmelo Teresiano","url":"https:\/\/www.carmelitaniscalzi.com\/","logo":{"@type":"ImageObject","inLanguage":"de","@id":"https:\/\/www.carmelitaniscalzi.com\/#\/schema\/logo\/image\/","url":"https:\/\/www.carmelitaniscalzi.com\/wp-content\/uploads\/2025\/11\/login-logo.png","contentUrl":"https:\/\/www.carmelitaniscalzi.com\/wp-content\/uploads\/2025\/11\/login-logo.png","width":256,"height":256,"caption":"CARMELITANI SCALZI - Curia Generale del Carmelo Teresiano"},"image":{"@id":"https:\/\/www.carmelitaniscalzi.com\/#\/schema\/logo\/image\/"},"sameAs":["https:\/\/www.facebook.com\/Curia-Generalizia-Carmelitani-Scalzi-658766940887784\/","https:\/\/x.com\/ocdcuria","https:\/\/www.youtube.com\/channel\/UC2J5ZL0ycOY0qBSTCLX_NGQ\/videos","https:\/\/www.instagram.com\/ocdinform\/"]},{"@type":"Person","@id":"https:\/\/www.carmelitaniscalzi.com\/#\/schema\/person\/6d1c0d9bea7b6625c437246a5d6da409","name":"ocd web master","image":{"@type":"ImageObject","inLanguage":"de","@id":"https:\/\/www.carmelitaniscalzi.com\/#\/schema\/person\/image\/","url":"https:\/\/secure.gravatar.com\/avatar\/41fbc5f82bad909fbaf2984c43fa50d8519ac5853e25b454d022b6868f80d0e7?s=96&d=mm&r=g","contentUrl":"https:\/\/secure.gravatar.com\/avatar\/41fbc5f82bad909fbaf2984c43fa50d8519ac5853e25b454d022b6868f80d0e7?s=96&d=mm&r=g","caption":"ocd web master"},"url":"https:\/\/www.carmelitaniscalzi.com\/de\/author\/ocdwebmaster\/"}]}},"_links":{"self":[{"href":"https:\/\/www.carmelitaniscalzi.com\/de\/wp-json\/wp\/v2\/posts\/526345","targetHints":{"allow":["GET"]}}],"collection":[{"href":"https:\/\/www.carmelitaniscalzi.com\/de\/wp-json\/wp\/v2\/posts"}],"about":[{"href":"https:\/\/www.carmelitaniscalzi.com\/de\/wp-json\/wp\/v2\/types\/post"}],"author":[{"embeddable":true,"href":"https:\/\/www.carmelitaniscalzi.com\/de\/wp-json\/wp\/v2\/users\/7"}],"replies":[{"embeddable":true,"href":"https:\/\/www.carmelitaniscalzi.com\/de\/wp-json\/wp\/v2\/comments?post=526345"}],"version-history":[{"count":1,"href":"https:\/\/www.carmelitaniscalzi.com\/de\/wp-json\/wp\/v2\/posts\/526345\/revisions"}],"predecessor-version":[{"id":526346,"href":"https:\/\/www.carmelitaniscalzi.com\/de\/wp-json\/wp\/v2\/posts\/526345\/revisions\/526346"}],"wp:featuredmedia":[{"embeddable":true,"href":"https:\/\/www.carmelitaniscalzi.com\/de\/wp-json\/wp\/v2\/media\/526181"}],"wp:attachment":[{"href":"https:\/\/www.carmelitaniscalzi.com\/de\/wp-json\/wp\/v2\/media?parent=526345"}],"wp:term":[{"taxonomy":"category","embeddable":true,"href":"https:\/\/www.carmelitaniscalzi.com\/de\/wp-json\/wp\/v2\/categories?post=526345"},{"taxonomy":"post_tag","embeddable":true,"href":"https:\/\/www.carmelitaniscalzi.com\/de\/wp-json\/wp\/v2\/tags?post=526345"}],"curies":[{"name":"wp","href":"https:\/\/api.w.org\/{rel}","templated":true}]}}