{"id":526303,"date":"2025-11-12T00:00:31","date_gmt":"2025-11-11T23:00:31","guid":{"rendered":"https:\/\/www.carmelitaniscalzi.com\/?p=526303"},"modified":"2025-11-06T00:50:17","modified_gmt":"2025-11-05T23:50:17","slug":"india-celebracao-do-centenario-de-santa-teresa-do-menino-jesus-no-mosteiro-do-sagrado-coracao","status":"publish","type":"post","link":"https:\/\/www.carmelitaniscalzi.com\/de\/2025\/11\/12\/india-celebracao-do-centenario-de-santa-teresa-do-menino-jesus-no-mosteiro-do-sagrado-coracao\/","title":{"rendered":"Indien: Feier zum hundertsten Geburtstag der Heiligen Therese vom Kinde Jesu im Kloster des Heiligen Herzens"},"content":{"rendered":"<p>Die Karmelitinnen des Klosters vom Heiligen Herzen in Kankanady feierten vom 28. September bis zum 1. Oktober 2025 voller Freude den hundertsten Geburtstag der Heiligen Therese vom Kinde Jesu. Anl\u00e4sslich der Feierlichkeiten wurde eine Sonderausstellung \u00fcber das Leben der Heiligen Therese von Lisieux organisiert, die viele Gl\u00e4ubige dazu einlud, \u00fcber ihre einfache, aber tiefgr\u00fcndige Spiritualit\u00e4t nachzudenken.<\/p>\n<p>Die feierliche Messe wurde von P. Pius James D&#8217;Souza OCD, Generaldefinitor, geleitet, der in seiner Predigt das inspirierende Leben und die Tugenden der heiligen Therese hervorhob und die Gl\u00e4ubigen ermutigte, ihren \u201ekleinen Weg\u201d der Liebe und Aufopferung im t\u00e4glichen Leben anzunehmen. Die Eucharistiefeier wurde von P. Philbert Namphande, Generaldefinitor, und vielen Karmeliterpriestern konzelebriert, deren Anwesenheit der Feier zus\u00e4tzliche Feierlichkeit verlieh. Die Teilnahme der Gl\u00e4ubigen, vereint im Gebet und in der Danksagung, machte das Fest zu einer wahrhaftigen Erneuerung des Glaubens.<\/p>\n<p>Mit tiefer Dankbarkeit dankten die Karmelitinnen allen, die sich ihnen im Gebet und in der Fr\u00f6mmigkeit angeschlossen hatten und die Feier des hundertj\u00e4hrigen Jubil\u00e4ums der heiligen Therese vom Kinde Jesu zu einem unvergesslichen und gnadenreichen Ereignis gemacht hatten.<\/p>\n<p>&nbsp;<\/p>\n<div class=\"wpmf-gallerys wpmf-gallerys-life \" ><div id=\"gallery-1\"\n data-gutter-width=\"5\"\n  data-wpmfcolumns=\"5\" class=\"wpmf-gallery gallery-link-file gallery_life gallery-masonry gallery-columns-5 gallery-size-thumbnail wpmf-gallery-bottomspace-default wpmf-gallery-clear wpmf-has-border-radius-0 wpmf-gutterwidth-5\"><div class=\"wpmf-gallery-item\n     wpmf-gallery-item-position-0 wpmf-gallery-item-attachment-526085\" data-index=\"0\"><div class=\"wpmf-gallery-icon\"><a class=\" not_video noLightbox\" data-lightbox=\"1\" data-href=\"https:\/\/www.carmelitaniscalzi.com\/wp-content\/uploads\/2025\/11\/India-1.jpg\" title=\"India 1\" target=\"_self\" data-index=\"0\"><img decoding=\"async\" class=\"wpmf_img\" alt=\"India 1\" src=\"https:\/\/www.carmelitaniscalzi.com\/wp-content\/uploads\/2025\/11\/India-1-150x150.jpg\" data-type=\"wpmfgalleryimg\" data-lazy-src=\"https:\/\/www.carmelitaniscalzi.com\/wp-content\/uploads\/2025\/11\/India-1-150x150.jpg\"><\/a><\/div><\/div><div class=\"wpmf-gallery-item\n     wpmf-gallery-item-position-1 wpmf-gallery-item-attachment-526091\" data-index=\"1\"><div class=\"wpmf-gallery-icon\"><a class=\" not_video noLightbox\" data-lightbox=\"1\" data-href=\"https:\/\/www.carmelitaniscalzi.com\/wp-content\/uploads\/2025\/11\/India-2.jpg\" title=\"India 2\" target=\"_self\" data-index=\"1\"><img decoding=\"async\" class=\"wpmf_img\" alt=\"India 2\" src=\"https:\/\/www.carmelitaniscalzi.com\/wp-content\/uploads\/2025\/11\/India-2-150x150.jpg\" data-type=\"wpmfgalleryimg\" data-lazy-src=\"https:\/\/www.carmelitaniscalzi.com\/wp-content\/uploads\/2025\/11\/India-2-150x150.jpg\"><\/a><\/div><\/div><div class=\"wpmf-gallery-item\n     wpmf-gallery-item-position-2 wpmf-gallery-item-attachment-526097\" data-index=\"2\"><div class=\"wpmf-gallery-icon\"><a class=\" not_video noLightbox\" data-lightbox=\"1\" data-href=\"https:\/\/www.carmelitaniscalzi.com\/wp-content\/uploads\/2025\/11\/India-3.jpg\" title=\"India 3\" target=\"_self\" data-index=\"2\"><img decoding=\"async\" class=\"wpmf_img\" alt=\"India 3\" src=\"https:\/\/www.carmelitaniscalzi.com\/wp-content\/uploads\/2025\/11\/India-3-150x150.jpg\" data-type=\"wpmfgalleryimg\" data-lazy-src=\"https:\/\/www.carmelitaniscalzi.com\/wp-content\/uploads\/2025\/11\/India-3-150x150.jpg\"><\/a><\/div><\/div><div class=\"wpmf-gallery-item\n     wpmf-gallery-item-position-3 wpmf-gallery-item-attachment-526103\" data-index=\"3\"><div class=\"wpmf-gallery-icon\"><a class=\" not_video noLightbox\" data-lightbox=\"1\" data-href=\"https:\/\/www.carmelitaniscalzi.com\/wp-content\/uploads\/2025\/11\/India-4.jpg\" title=\"India 4\" target=\"_self\" data-index=\"3\"><img decoding=\"async\" class=\"wpmf_img\" alt=\"India 4\" src=\"https:\/\/www.carmelitaniscalzi.com\/wp-content\/uploads\/2025\/11\/India-4-150x150.jpg\" data-type=\"wpmfgalleryimg\" data-lazy-src=\"https:\/\/www.carmelitaniscalzi.com\/wp-content\/uploads\/2025\/11\/India-4-150x150.jpg\"><\/a><\/div><\/div><div class=\"wpmf-gallery-item\n     wpmf-gallery-item-position-4 wpmf-gallery-item-attachment-526109\" data-index=\"4\"><div class=\"wpmf-gallery-icon\"><a class=\" not_video noLightbox\" data-lightbox=\"1\" data-href=\"https:\/\/www.carmelitaniscalzi.com\/wp-content\/uploads\/2025\/11\/India-5.jpg\" title=\"India 5\" target=\"_self\" data-index=\"4\"><img decoding=\"async\" class=\"wpmf_img\" alt=\"India 5\" src=\"https:\/\/www.carmelitaniscalzi.com\/wp-content\/uploads\/2025\/11\/India-5-150x150.jpg\" data-type=\"wpmfgalleryimg\" data-lazy-src=\"https:\/\/www.carmelitaniscalzi.com\/wp-content\/uploads\/2025\/11\/India-5-150x150.jpg\"><\/a><\/div><\/div><\/div><\/div>\n\n","protected":false},"excerpt":{"rendered":"<p>Die Karmelitinnen des Klosters vom Heiligen Herzen in Kankanady feierten vom 28. September bis zum 1. Oktober 2025 voller Freude den hundertsten Geburtstag der Heiligen Therese vom Kinde Jesu. Anl\u00e4sslich der Feierlichkeiten wurde eine Sonderausstellung \u00fcber das Leben der Heiligen Therese von Lisieux organisiert, die viele Gl\u00e4ubige dazu einlud, \u00fcber ihre einfache, aber tiefgr\u00fcndige Spiritualit\u00e4t [&hellip;]<\/p>\n","protected":false},"author":7,"featured_media":526079,"comment_status":"closed","ping_status":"closed","sticky":false,"template":"","format":"standard","meta":{"_acf_changed":false,"footnotes":""},"categories":[371],"tags":[],"class_list":["post-526303","post","type-post","status-publish","format-standard","has-post-thumbnail","hentry","category-nachrichten"],"acf":[],"yoast_head":"<!-- This site is optimized with the Yoast SEO plugin v26.3 - https:\/\/yoast.com\/wordpress\/plugins\/seo\/ -->\n<title>Indien: Feier zum hundertsten Geburtstag der Heiligen Therese vom Kinde Jesu im Kloster des Heiligen Herzens - UNBESCHUHTE KARMELITEN<\/title>\n<meta name=\"robots\" content=\"index, follow, max-snippet:-1, max-image-preview:large, max-video-preview:-1\" \/>\n<link rel=\"canonical\" href=\"https:\/\/www.carmelitaniscalzi.com\/2025\/11\/12\/india-celebrazione-del-centenario-di-santa-teresa-del-bambino-gesu-presso-il-monastero-del-sacro-cuore\/\" \/>\n<meta property=\"og:locale\" content=\"de_DE\" \/>\n<meta property=\"og:type\" content=\"article\" \/>\n<meta property=\"og:title\" content=\"Indien: Feier zum hundertsten Geburtstag der Heiligen Therese vom Kinde Jesu im Kloster des Heiligen Herzens - UNBESCHUHTE KARMELITEN\" \/>\n<meta property=\"og:description\" content=\"Die Karmelitinnen des Klosters vom Heiligen Herzen in Kankanady feierten vom 28. September bis zum 1. Oktober 2025 voller Freude den hundertsten Geburtstag der Heiligen Therese vom Kinde Jesu. Anl\u00e4sslich der Feierlichkeiten wurde eine Sonderausstellung \u00fcber das Leben der Heiligen Therese von Lisieux organisiert, die viele Gl\u00e4ubige dazu einlud, \u00fcber ihre einfache, aber tiefgr\u00fcndige Spiritualit\u00e4t [&hellip;]\" \/>\n<meta property=\"og:url\" content=\"https:\/\/www.carmelitaniscalzi.com\/2025\/11\/12\/india-celebrazione-del-centenario-di-santa-teresa-del-bambino-gesu-presso-il-monastero-del-sacro-cuore\/\" \/>\n<meta property=\"og:site_name\" content=\"UNBESCHUHTE KARMELITEN\" \/>\n<meta property=\"article:publisher\" content=\"https:\/\/www.facebook.com\/Curia-Generalizia-Carmelitani-Scalzi-658766940887784\/\" \/>\n<meta property=\"article:published_time\" content=\"2025-11-11T23:00:31+00:00\" \/>\n<meta property=\"og:image\" content=\"https:\/\/www.carmelitaniscalzi.com\/wp-content\/uploads\/2025\/11\/cover_india_10.2025.jpg\" \/>\n\t<meta property=\"og:image:width\" content=\"1200\" \/>\n\t<meta property=\"og:image:height\" content=\"800\" \/>\n\t<meta property=\"og:image:type\" content=\"image\/jpeg\" \/>\n<meta name=\"author\" content=\"ocd web master\" \/>\n<meta name=\"twitter:card\" content=\"summary_large_image\" \/>\n<meta name=\"twitter:creator\" content=\"@ocdcuria\" \/>\n<meta name=\"twitter:site\" content=\"@ocdcuria\" \/>\n<meta name=\"twitter:label1\" content=\"Verfasst von\" \/>\n\t<meta name=\"twitter:data1\" content=\"ocd web master\" \/>\n\t<meta name=\"twitter:label2\" content=\"Gesch\u00e4tzte Lesezeit\" \/>\n\t<meta name=\"twitter:data2\" content=\"2\u00a0Minuten\" \/>\n<script type=\"application\/ld+json\" class=\"yoast-schema-graph\">{\"@context\":\"https:\/\/schema.org\",\"@graph\":[{\"@type\":\"Article\",\"@id\":\"https:\/\/www.carmelitaniscalzi.com\/2025\/11\/12\/india-celebrazione-del-centenario-di-santa-teresa-del-bambino-gesu-presso-il-monastero-del-sacro-cuore\/#article\",\"isPartOf\":{\"@id\":\"https:\/\/www.carmelitaniscalzi.com\/2025\/11\/12\/india-celebrazione-del-centenario-di-santa-teresa-del-bambino-gesu-presso-il-monastero-del-sacro-cuore\/\"},\"author\":{\"name\":\"ocd web master\",\"@id\":\"https:\/\/www.carmelitaniscalzi.com\/#\/schema\/person\/6d1c0d9bea7b6625c437246a5d6da409\"},\"headline\":\"Indien: Feier zum hundertsten Geburtstag der Heiligen Therese vom Kinde Jesu im Kloster des Heiligen Herzens\",\"datePublished\":\"2025-11-11T23:00:31+00:00\",\"mainEntityOfPage\":{\"@id\":\"https:\/\/www.carmelitaniscalzi.com\/2025\/11\/12\/india-celebrazione-del-centenario-di-santa-teresa-del-bambino-gesu-presso-il-monastero-del-sacro-cuore\/\"},\"wordCount\":210,\"publisher\":{\"@id\":\"https:\/\/www.carmelitaniscalzi.com\/#organization\"},\"image\":{\"@id\":\"https:\/\/www.carmelitaniscalzi.com\/2025\/11\/12\/india-celebrazione-del-centenario-di-santa-teresa-del-bambino-gesu-presso-il-monastero-del-sacro-cuore\/#primaryimage\"},\"thumbnailUrl\":\"https:\/\/www.carmelitaniscalzi.com\/wp-content\/uploads\/2025\/11\/cover_india_10.2025.jpg\",\"articleSection\":[\"Nachrichten\"],\"inLanguage\":\"de\"},{\"@type\":\"WebPage\",\"@id\":\"https:\/\/www.carmelitaniscalzi.com\/2025\/11\/12\/india-celebrazione-del-centenario-di-santa-teresa-del-bambino-gesu-presso-il-monastero-del-sacro-cuore\/\",\"url\":\"https:\/\/www.carmelitaniscalzi.com\/2025\/11\/12\/india-celebrazione-del-centenario-di-santa-teresa-del-bambino-gesu-presso-il-monastero-del-sacro-cuore\/\",\"name\":\"Indien: Feier zum hundertsten Geburtstag der Heiligen Therese vom Kinde Jesu im Kloster des Heiligen Herzens - UNBESCHUHTE KARMELITEN\",\"isPartOf\":{\"@id\":\"https:\/\/www.carmelitaniscalzi.com\/#website\"},\"primaryImageOfPage\":{\"@id\":\"https:\/\/www.carmelitaniscalzi.com\/2025\/11\/12\/india-celebrazione-del-centenario-di-santa-teresa-del-bambino-gesu-presso-il-monastero-del-sacro-cuore\/#primaryimage\"},\"image\":{\"@id\":\"https:\/\/www.carmelitaniscalzi.com\/2025\/11\/12\/india-celebrazione-del-centenario-di-santa-teresa-del-bambino-gesu-presso-il-monastero-del-sacro-cuore\/#primaryimage\"},\"thumbnailUrl\":\"https:\/\/www.carmelitaniscalzi.com\/wp-content\/uploads\/2025\/11\/cover_india_10.2025.jpg\",\"datePublished\":\"2025-11-11T23:00:31+00:00\",\"breadcrumb\":{\"@id\":\"https:\/\/www.carmelitaniscalzi.com\/2025\/11\/12\/india-celebrazione-del-centenario-di-santa-teresa-del-bambino-gesu-presso-il-monastero-del-sacro-cuore\/#breadcrumb\"},\"inLanguage\":\"de\",\"potentialAction\":[{\"@type\":\"ReadAction\",\"target\":[\"https:\/\/www.carmelitaniscalzi.com\/2025\/11\/12\/india-celebrazione-del-centenario-di-santa-teresa-del-bambino-gesu-presso-il-monastero-del-sacro-cuore\/\"]}]},{\"@type\":\"ImageObject\",\"inLanguage\":\"de\",\"@id\":\"https:\/\/www.carmelitaniscalzi.com\/2025\/11\/12\/india-celebrazione-del-centenario-di-santa-teresa-del-bambino-gesu-presso-il-monastero-del-sacro-cuore\/#primaryimage\",\"url\":\"https:\/\/www.carmelitaniscalzi.com\/wp-content\/uploads\/2025\/11\/cover_india_10.2025.jpg\",\"contentUrl\":\"https:\/\/www.carmelitaniscalzi.com\/wp-content\/uploads\/2025\/11\/cover_india_10.2025.jpg\",\"width\":1200,\"height\":800},{\"@type\":\"BreadcrumbList\",\"@id\":\"https:\/\/www.carmelitaniscalzi.com\/2025\/11\/12\/india-celebrazione-del-centenario-di-santa-teresa-del-bambino-gesu-presso-il-monastero-del-sacro-cuore\/#breadcrumb\",\"itemListElement\":[{\"@type\":\"ListItem\",\"position\":1,\"name\":\"Home\",\"item\":\"https:\/\/www.carmelitaniscalzi.com\/de\/\"},{\"@type\":\"ListItem\",\"position\":2,\"name\":\"Indien: Feier zum hundertsten Geburtstag der Heiligen Therese vom Kinde Jesu im Kloster des Heiligen Herzens\"}]},{\"@type\":\"WebSite\",\"@id\":\"https:\/\/www.carmelitaniscalzi.com\/#website\",\"url\":\"https:\/\/www.carmelitaniscalzi.com\/\",\"name\":\"CARMELITANI SCALZI - Curia Generale del Carmelo Teresiano\",\"description\":\"Generalkurie des Teresianischen Karmel\",\"publisher\":{\"@id\":\"https:\/\/www.carmelitaniscalzi.com\/#organization\"},\"alternateName\":\"CARMELITANI SCALZI\",\"potentialAction\":[{\"@type\":\"SearchAction\",\"target\":{\"@type\":\"EntryPoint\",\"urlTemplate\":\"https:\/\/www.carmelitaniscalzi.com\/?s={search_term_string}\"},\"query-input\":{\"@type\":\"PropertyValueSpecification\",\"valueRequired\":true,\"valueName\":\"search_term_string\"}}],\"inLanguage\":\"de\"},{\"@type\":\"Organization\",\"@id\":\"https:\/\/www.carmelitaniscalzi.com\/#organization\",\"name\":\"CARMELITANI SCALZI - Curia Generale del Carmelo Teresiano\",\"url\":\"https:\/\/www.carmelitaniscalzi.com\/\",\"logo\":{\"@type\":\"ImageObject\",\"inLanguage\":\"de\",\"@id\":\"https:\/\/www.carmelitaniscalzi.com\/#\/schema\/logo\/image\/\",\"url\":\"https:\/\/www.carmelitaniscalzi.com\/wp-content\/uploads\/2025\/11\/login-logo.png\",\"contentUrl\":\"https:\/\/www.carmelitaniscalzi.com\/wp-content\/uploads\/2025\/11\/login-logo.png\",\"width\":256,\"height\":256,\"caption\":\"CARMELITANI SCALZI - Curia Generale del Carmelo Teresiano\"},\"image\":{\"@id\":\"https:\/\/www.carmelitaniscalzi.com\/#\/schema\/logo\/image\/\"},\"sameAs\":[\"https:\/\/www.facebook.com\/Curia-Generalizia-Carmelitani-Scalzi-658766940887784\/\",\"https:\/\/x.com\/ocdcuria\",\"https:\/\/www.youtube.com\/channel\/UC2J5ZL0ycOY0qBSTCLX_NGQ\/videos\",\"https:\/\/www.instagram.com\/ocdinform\/\"]},{\"@type\":\"Person\",\"@id\":\"https:\/\/www.carmelitaniscalzi.com\/#\/schema\/person\/6d1c0d9bea7b6625c437246a5d6da409\",\"name\":\"ocd web master\",\"image\":{\"@type\":\"ImageObject\",\"inLanguage\":\"de\",\"@id\":\"https:\/\/www.carmelitaniscalzi.com\/#\/schema\/person\/image\/\",\"url\":\"https:\/\/secure.gravatar.com\/avatar\/41fbc5f82bad909fbaf2984c43fa50d8519ac5853e25b454d022b6868f80d0e7?s=96&d=mm&r=g\",\"contentUrl\":\"https:\/\/secure.gravatar.com\/avatar\/41fbc5f82bad909fbaf2984c43fa50d8519ac5853e25b454d022b6868f80d0e7?s=96&d=mm&r=g\",\"caption\":\"ocd web master\"},\"url\":\"https:\/\/www.carmelitaniscalzi.com\/de\/author\/ocdwebmaster\/\"}]}<\/script>\n<!-- \/ Yoast SEO plugin. -->","yoast_head_json":{"title":"Indien: Feier zum hundertsten Geburtstag der Heiligen Therese vom Kinde Jesu im Kloster des Heiligen Herzens - UNBESCHUHTE KARMELITEN","robots":{"index":"index","follow":"follow","max-snippet":"max-snippet:-1","max-image-preview":"max-image-preview:large","max-video-preview":"max-video-preview:-1"},"canonical":"https:\/\/www.carmelitaniscalzi.com\/2025\/11\/12\/india-celebrazione-del-centenario-di-santa-teresa-del-bambino-gesu-presso-il-monastero-del-sacro-cuore\/","og_locale":"de_DE","og_type":"article","og_title":"Indien: Feier zum hundertsten Geburtstag der Heiligen Therese vom Kinde Jesu im Kloster des Heiligen Herzens - UNBESCHUHTE KARMELITEN","og_description":"Die Karmelitinnen des Klosters vom Heiligen Herzen in Kankanady feierten vom 28. September bis zum 1. Oktober 2025 voller Freude den hundertsten Geburtstag der Heiligen Therese vom Kinde Jesu. Anl\u00e4sslich der Feierlichkeiten wurde eine Sonderausstellung \u00fcber das Leben der Heiligen Therese von Lisieux organisiert, die viele Gl\u00e4ubige dazu einlud, \u00fcber ihre einfache, aber tiefgr\u00fcndige Spiritualit\u00e4t [&hellip;]","og_url":"https:\/\/www.carmelitaniscalzi.com\/2025\/11\/12\/india-celebrazione-del-centenario-di-santa-teresa-del-bambino-gesu-presso-il-monastero-del-sacro-cuore\/","og_site_name":"UNBESCHUHTE KARMELITEN","article_publisher":"https:\/\/www.facebook.com\/Curia-Generalizia-Carmelitani-Scalzi-658766940887784\/","article_published_time":"2025-11-11T23:00:31+00:00","og_image":[{"width":1200,"height":800,"url":"https:\/\/www.carmelitaniscalzi.com\/wp-content\/uploads\/2025\/11\/cover_india_10.2025.jpg","type":"image\/jpeg"}],"author":"ocd web master","twitter_card":"summary_large_image","twitter_creator":"@ocdcuria","twitter_site":"@ocdcuria","twitter_misc":{"Verfasst von":"ocd web master","Gesch\u00e4tzte Lesezeit":"2\u00a0Minuten"},"schema":{"@context":"https:\/\/schema.org","@graph":[{"@type":"Article","@id":"https:\/\/www.carmelitaniscalzi.com\/2025\/11\/12\/india-celebrazione-del-centenario-di-santa-teresa-del-bambino-gesu-presso-il-monastero-del-sacro-cuore\/#article","isPartOf":{"@id":"https:\/\/www.carmelitaniscalzi.com\/2025\/11\/12\/india-celebrazione-del-centenario-di-santa-teresa-del-bambino-gesu-presso-il-monastero-del-sacro-cuore\/"},"author":{"name":"ocd web master","@id":"https:\/\/www.carmelitaniscalzi.com\/#\/schema\/person\/6d1c0d9bea7b6625c437246a5d6da409"},"headline":"Indien: Feier zum hundertsten Geburtstag der Heiligen Therese vom Kinde Jesu im Kloster des Heiligen Herzens","datePublished":"2025-11-11T23:00:31+00:00","mainEntityOfPage":{"@id":"https:\/\/www.carmelitaniscalzi.com\/2025\/11\/12\/india-celebrazione-del-centenario-di-santa-teresa-del-bambino-gesu-presso-il-monastero-del-sacro-cuore\/"},"wordCount":210,"publisher":{"@id":"https:\/\/www.carmelitaniscalzi.com\/#organization"},"image":{"@id":"https:\/\/www.carmelitaniscalzi.com\/2025\/11\/12\/india-celebrazione-del-centenario-di-santa-teresa-del-bambino-gesu-presso-il-monastero-del-sacro-cuore\/#primaryimage"},"thumbnailUrl":"https:\/\/www.carmelitaniscalzi.com\/wp-content\/uploads\/2025\/11\/cover_india_10.2025.jpg","articleSection":["Nachrichten"],"inLanguage":"de"},{"@type":"WebPage","@id":"https:\/\/www.carmelitaniscalzi.com\/2025\/11\/12\/india-celebrazione-del-centenario-di-santa-teresa-del-bambino-gesu-presso-il-monastero-del-sacro-cuore\/","url":"https:\/\/www.carmelitaniscalzi.com\/2025\/11\/12\/india-celebrazione-del-centenario-di-santa-teresa-del-bambino-gesu-presso-il-monastero-del-sacro-cuore\/","name":"Indien: Feier zum hundertsten Geburtstag der Heiligen Therese vom Kinde Jesu im Kloster des Heiligen Herzens - UNBESCHUHTE KARMELITEN","isPartOf":{"@id":"https:\/\/www.carmelitaniscalzi.com\/#website"},"primaryImageOfPage":{"@id":"https:\/\/www.carmelitaniscalzi.com\/2025\/11\/12\/india-celebrazione-del-centenario-di-santa-teresa-del-bambino-gesu-presso-il-monastero-del-sacro-cuore\/#primaryimage"},"image":{"@id":"https:\/\/www.carmelitaniscalzi.com\/2025\/11\/12\/india-celebrazione-del-centenario-di-santa-teresa-del-bambino-gesu-presso-il-monastero-del-sacro-cuore\/#primaryimage"},"thumbnailUrl":"https:\/\/www.carmelitaniscalzi.com\/wp-content\/uploads\/2025\/11\/cover_india_10.2025.jpg","datePublished":"2025-11-11T23:00:31+00:00","breadcrumb":{"@id":"https:\/\/www.carmelitaniscalzi.com\/2025\/11\/12\/india-celebrazione-del-centenario-di-santa-teresa-del-bambino-gesu-presso-il-monastero-del-sacro-cuore\/#breadcrumb"},"inLanguage":"de","potentialAction":[{"@type":"ReadAction","target":["https:\/\/www.carmelitaniscalzi.com\/2025\/11\/12\/india-celebrazione-del-centenario-di-santa-teresa-del-bambino-gesu-presso-il-monastero-del-sacro-cuore\/"]}]},{"@type":"ImageObject","inLanguage":"de","@id":"https:\/\/www.carmelitaniscalzi.com\/2025\/11\/12\/india-celebrazione-del-centenario-di-santa-teresa-del-bambino-gesu-presso-il-monastero-del-sacro-cuore\/#primaryimage","url":"https:\/\/www.carmelitaniscalzi.com\/wp-content\/uploads\/2025\/11\/cover_india_10.2025.jpg","contentUrl":"https:\/\/www.carmelitaniscalzi.com\/wp-content\/uploads\/2025\/11\/cover_india_10.2025.jpg","width":1200,"height":800},{"@type":"BreadcrumbList","@id":"https:\/\/www.carmelitaniscalzi.com\/2025\/11\/12\/india-celebrazione-del-centenario-di-santa-teresa-del-bambino-gesu-presso-il-monastero-del-sacro-cuore\/#breadcrumb","itemListElement":[{"@type":"ListItem","position":1,"name":"Home","item":"https:\/\/www.carmelitaniscalzi.com\/de\/"},{"@type":"ListItem","position":2,"name":"Indien: Feier zum hundertsten Geburtstag der Heiligen Therese vom Kinde Jesu im Kloster des Heiligen Herzens"}]},{"@type":"WebSite","@id":"https:\/\/www.carmelitaniscalzi.com\/#website","url":"https:\/\/www.carmelitaniscalzi.com\/","name":"CARMELITANI SCALZI - Curia Generale del Carmelo Teresiano","description":"Generalkurie des Teresianischen Karmel","publisher":{"@id":"https:\/\/www.carmelitaniscalzi.com\/#organization"},"alternateName":"CARMELITANI SCALZI","potentialAction":[{"@type":"SearchAction","target":{"@type":"EntryPoint","urlTemplate":"https:\/\/www.carmelitaniscalzi.com\/?s={search_term_string}"},"query-input":{"@type":"PropertyValueSpecification","valueRequired":true,"valueName":"search_term_string"}}],"inLanguage":"de"},{"@type":"Organization","@id":"https:\/\/www.carmelitaniscalzi.com\/#organization","name":"CARMELITANI SCALZI - Curia Generale del Carmelo Teresiano","url":"https:\/\/www.carmelitaniscalzi.com\/","logo":{"@type":"ImageObject","inLanguage":"de","@id":"https:\/\/www.carmelitaniscalzi.com\/#\/schema\/logo\/image\/","url":"https:\/\/www.carmelitaniscalzi.com\/wp-content\/uploads\/2025\/11\/login-logo.png","contentUrl":"https:\/\/www.carmelitaniscalzi.com\/wp-content\/uploads\/2025\/11\/login-logo.png","width":256,"height":256,"caption":"CARMELITANI SCALZI - Curia Generale del Carmelo Teresiano"},"image":{"@id":"https:\/\/www.carmelitaniscalzi.com\/#\/schema\/logo\/image\/"},"sameAs":["https:\/\/www.facebook.com\/Curia-Generalizia-Carmelitani-Scalzi-658766940887784\/","https:\/\/x.com\/ocdcuria","https:\/\/www.youtube.com\/channel\/UC2J5ZL0ycOY0qBSTCLX_NGQ\/videos","https:\/\/www.instagram.com\/ocdinform\/"]},{"@type":"Person","@id":"https:\/\/www.carmelitaniscalzi.com\/#\/schema\/person\/6d1c0d9bea7b6625c437246a5d6da409","name":"ocd web master","image":{"@type":"ImageObject","inLanguage":"de","@id":"https:\/\/www.carmelitaniscalzi.com\/#\/schema\/person\/image\/","url":"https:\/\/secure.gravatar.com\/avatar\/41fbc5f82bad909fbaf2984c43fa50d8519ac5853e25b454d022b6868f80d0e7?s=96&d=mm&r=g","contentUrl":"https:\/\/secure.gravatar.com\/avatar\/41fbc5f82bad909fbaf2984c43fa50d8519ac5853e25b454d022b6868f80d0e7?s=96&d=mm&r=g","caption":"ocd web master"},"url":"https:\/\/www.carmelitaniscalzi.com\/de\/author\/ocdwebmaster\/"}]}},"_links":{"self":[{"href":"https:\/\/www.carmelitaniscalzi.com\/de\/wp-json\/wp\/v2\/posts\/526303","targetHints":{"allow":["GET"]}}],"collection":[{"href":"https:\/\/www.carmelitaniscalzi.com\/de\/wp-json\/wp\/v2\/posts"}],"about":[{"href":"https:\/\/www.carmelitaniscalzi.com\/de\/wp-json\/wp\/v2\/types\/post"}],"author":[{"embeddable":true,"href":"https:\/\/www.carmelitaniscalzi.com\/de\/wp-json\/wp\/v2\/users\/7"}],"replies":[{"embeddable":true,"href":"https:\/\/www.carmelitaniscalzi.com\/de\/wp-json\/wp\/v2\/comments?post=526303"}],"version-history":[{"count":3,"href":"https:\/\/www.carmelitaniscalzi.com\/de\/wp-json\/wp\/v2\/posts\/526303\/revisions"}],"predecessor-version":[{"id":526308,"href":"https:\/\/www.carmelitaniscalzi.com\/de\/wp-json\/wp\/v2\/posts\/526303\/revisions\/526308"}],"wp:featuredmedia":[{"embeddable":true,"href":"https:\/\/www.carmelitaniscalzi.com\/de\/wp-json\/wp\/v2\/media\/526079"}],"wp:attachment":[{"href":"https:\/\/www.carmelitaniscalzi.com\/de\/wp-json\/wp\/v2\/media?parent=526303"}],"wp:term":[{"taxonomy":"category","embeddable":true,"href":"https:\/\/www.carmelitaniscalzi.com\/de\/wp-json\/wp\/v2\/categories?post=526303"},{"taxonomy":"post_tag","embeddable":true,"href":"https:\/\/www.carmelitaniscalzi.com\/de\/wp-json\/wp\/v2\/tags?post=526303"}],"curies":[{"name":"wp","href":"https:\/\/api.w.org\/{rel}","templated":true}]}}