{"id":526291,"date":"2025-11-08T22:00:02","date_gmt":"2025-11-08T21:00:02","guid":{"rendered":"https:\/\/www.carmelitaniscalzi.com\/?p=526291"},"modified":"2025-11-05T22:55:39","modified_gmt":"2025-11-05T21:55:39","slug":"jubilaeumslied-eine-stimme-eine-gemeinschaft","status":"publish","type":"post","link":"https:\/\/www.carmelitaniscalzi.com\/de\/2025\/11\/08\/jubilaeumslied-eine-stimme-eine-gemeinschaft\/","title":{"rendered":"Jubil\u00e4umslied: Eine Stimme, eine Gemeinschaft"},"content":{"rendered":"<p>Die Spezialisierungsgemeinschaft OCD in Rom, das <em>Seminarium Missionum<\/em>, wurde vom Generaldefinitorium mit der st\u00e4ndigen Weiterbildung (Lizentiat und Doktorat) der Karmeliter aus aller Welt betraut.<\/p>\n<p>Sie ist in das Teresianum integriert und bietet ein ausgewogenes karmelitisches Leben, das auf gemeinsamen spirituellen Zeiten, interkulturellem Dialog und einer akademischen Ausbildung auf hohem Niveau basiert. Die Gemeinschaft ist der Heiligen Therese vom Kinde Jesu geweiht, und anl\u00e4sslich des hundertj\u00e4hrigen Jubil\u00e4ums ihrer Heiligsprechung und des kirchlichen Jubil\u00e4ums 2025 schenkt das <em>Seminarium Missionum<\/em> der Kirche ein internationales Jubil\u00e4umslied.<\/p>\n<p>Inspiriert von den Schriften der heiligen Therese von Lisieux und des heiligen Johannes vom Kreuz wurde dieses Lied von Don Giorgio Piero Cabras geschrieben, von P. Jeannot-Gregory Souama OCD vertont und von den 31 Br\u00fcdern der Gemeinschaft aus 24 L\u00e4ndern und 20 Karmeliterprovinzen interpretiert. Das Video, das vollst\u00e4ndig im Teresianum gedreht wurde, wurde von P. Michel (George-Marie) Rivi\u00e8re OCD realisiert, w\u00e4hrend die Animation und die k\u00fcnstlerische Leitung dem Oberen, P. Ignatious Kunnumpurathu Paul OCD, und dem \u00d6konom, P. Joemon Olattupurath OCD, anvertraut wurden, die die vielf\u00e4ltigen Dimensionen des Gemeinschaftslebens im Karmel hervorgehoben haben.<\/p>\n<p>Das Video ist auf YouTube verf\u00fcgbar:<\/p>\n<p><a href=\"https:\/\/www.youtube.com\/watch?v=_fLD72f_wDA&amp;list=RD_fLD72f_wDA\">https:\/\/www.youtube.com\/watch?v=_fLD72f_wDA&amp;list=RD_fLD72f_wDA<\/a><\/p>\n<p>&nbsp;<\/p>\n<div class=\"wpmf-gallerys wpmf-gallerys-life \" ><div id=\"gallery-1\"\n data-gutter-width=\"5\"\n  data-wpmfcolumns=\"5\" class=\"wpmf-gallery gallery-link-file gallery_life gallery-masonry gallery-columns-5 gallery-size-thumbnail wpmf-gallery-bottomspace-default wpmf-gallery-clear wpmf-has-border-radius-0 wpmf-gutterwidth-5\"><div class=\"wpmf-gallery-item\n     wpmf-gallery-item-position-0 wpmf-gallery-item-attachment-526049\" data-index=\"0\"><div class=\"wpmf-gallery-icon\"><a class=\" not_video noLightbox\" data-lightbox=\"1\" data-href=\"https:\/\/www.carmelitaniscalzi.com\/wp-content\/uploads\/2025\/11\/Seminarium-1-1024x617.jpg\" title=\"Seminarium 1\" target=\"_self\" data-index=\"0\"><img decoding=\"async\" class=\"wpmf_img\" alt=\"Seminarium 1\" src=\"https:\/\/www.carmelitaniscalzi.com\/wp-content\/uploads\/2025\/11\/Seminarium-1-150x150.jpg\" data-type=\"wpmfgalleryimg\" data-lazy-src=\"https:\/\/www.carmelitaniscalzi.com\/wp-content\/uploads\/2025\/11\/Seminarium-1-150x150.jpg\"><\/a><\/div><\/div><div class=\"wpmf-gallery-item\n     wpmf-gallery-item-position-1 wpmf-gallery-item-attachment-526055\" data-index=\"1\"><div class=\"wpmf-gallery-icon\"><a class=\" not_video noLightbox\" data-lightbox=\"1\" data-href=\"https:\/\/www.carmelitaniscalzi.com\/wp-content\/uploads\/2025\/11\/Seminarium-2-1024x484.jpg\" title=\"Seminarium 2\" target=\"_self\" data-index=\"1\"><img decoding=\"async\" class=\"wpmf_img\" alt=\"Seminarium 2\" src=\"https:\/\/www.carmelitaniscalzi.com\/wp-content\/uploads\/2025\/11\/Seminarium-2-150x150.jpg\" data-type=\"wpmfgalleryimg\" data-lazy-src=\"https:\/\/www.carmelitaniscalzi.com\/wp-content\/uploads\/2025\/11\/Seminarium-2-150x150.jpg\"><\/a><\/div><\/div><div class=\"wpmf-gallery-item\n     wpmf-gallery-item-position-2 wpmf-gallery-item-attachment-526061\" data-index=\"2\"><div class=\"wpmf-gallery-icon\"><a class=\" not_video noLightbox\" data-lightbox=\"1\" data-href=\"https:\/\/www.carmelitaniscalzi.com\/wp-content\/uploads\/2025\/11\/Seminarium-3-1024x612.jpg\" title=\"Seminarium 3\" target=\"_self\" data-index=\"2\"><img decoding=\"async\" class=\"wpmf_img\" alt=\"Seminarium 3\" src=\"https:\/\/www.carmelitaniscalzi.com\/wp-content\/uploads\/2025\/11\/Seminarium-3-150x150.jpg\" data-type=\"wpmfgalleryimg\" data-lazy-src=\"https:\/\/www.carmelitaniscalzi.com\/wp-content\/uploads\/2025\/11\/Seminarium-3-150x150.jpg\"><\/a><\/div><\/div><div class=\"wpmf-gallery-item\n     wpmf-gallery-item-position-3 wpmf-gallery-item-attachment-526067\" data-index=\"3\"><div class=\"wpmf-gallery-icon\"><a class=\" not_video noLightbox\" data-lightbox=\"1\" data-href=\"https:\/\/www.carmelitaniscalzi.com\/wp-content\/uploads\/2025\/11\/Seminarium-4-1024x761.jpg\" title=\"Seminarium 4\" target=\"_self\" data-index=\"3\"><img decoding=\"async\" class=\"wpmf_img\" alt=\"Seminarium 4\" src=\"https:\/\/www.carmelitaniscalzi.com\/wp-content\/uploads\/2025\/11\/Seminarium-4-150x150.jpg\" data-type=\"wpmfgalleryimg\" data-lazy-src=\"https:\/\/www.carmelitaniscalzi.com\/wp-content\/uploads\/2025\/11\/Seminarium-4-150x150.jpg\"><\/a><\/div><\/div><div class=\"wpmf-gallery-item\n     wpmf-gallery-item-position-4 wpmf-gallery-item-attachment-526073\" data-index=\"4\"><div class=\"wpmf-gallery-icon\"><a class=\" not_video noLightbox\" data-lightbox=\"1\" data-href=\"https:\/\/www.carmelitaniscalzi.com\/wp-content\/uploads\/2025\/11\/Seminarium-5-1024x674.jpg\" title=\"Seminarium 5\" target=\"_self\" data-index=\"4\"><img decoding=\"async\" class=\"wpmf_img\" alt=\"Seminarium 5\" src=\"https:\/\/www.carmelitaniscalzi.com\/wp-content\/uploads\/2025\/11\/Seminarium-5-150x150.jpg\" data-type=\"wpmfgalleryimg\" data-lazy-src=\"https:\/\/www.carmelitaniscalzi.com\/wp-content\/uploads\/2025\/11\/Seminarium-5-150x150.jpg\"><\/a><\/div><\/div><\/div><\/div>\n\n","protected":false},"excerpt":{"rendered":"<p>Die Spezialisierungsgemeinschaft OCD in Rom, das Seminarium Missionum, wurde vom Generaldefinitorium mit der st\u00e4ndigen Weiterbildung (Lizentiat und Doktorat) der Karmeliter aus aller Welt betraut. Sie ist in das Teresianum integriert und bietet ein ausgewogenes karmelitisches Leben, das auf gemeinsamen spirituellen Zeiten, interkulturellem Dialog und einer akademischen Ausbildung auf hohem Niveau basiert. Die Gemeinschaft ist der [&hellip;]<\/p>\n","protected":false},"author":7,"featured_media":526043,"comment_status":"closed","ping_status":"closed","sticky":false,"template":"","format":"standard","meta":{"_acf_changed":false,"footnotes":""},"categories":[217,218,371],"tags":[],"class_list":["post-526291","post","type-post","status-publish","format-standard","has-post-thumbnail","hentry","category-nachrichten-aus-den-missionen","category-nachrichten-ueber-brueder","category-nachrichten"],"acf":[],"yoast_head":"<!-- This site is optimized with the Yoast SEO plugin v26.3 - https:\/\/yoast.com\/wordpress\/plugins\/seo\/ -->\n<title>Jubil\u00e4umslied: Eine Stimme, eine Gemeinschaft - UNBESCHUHTE KARMELITEN<\/title>\n<meta name=\"robots\" content=\"index, follow, max-snippet:-1, max-image-preview:large, max-video-preview:-1\" \/>\n<link rel=\"canonical\" href=\"https:\/\/www.carmelitaniscalzi.com\/de\/2025\/11\/08\/jubilaeumslied-eine-stimme-eine-gemeinschaft\/\" \/>\n<meta property=\"og:locale\" content=\"de_DE\" \/>\n<meta property=\"og:type\" content=\"article\" \/>\n<meta property=\"og:title\" content=\"Jubil\u00e4umslied: Eine Stimme, eine Gemeinschaft - UNBESCHUHTE KARMELITEN\" \/>\n<meta property=\"og:description\" content=\"Die Spezialisierungsgemeinschaft OCD in Rom, das Seminarium Missionum, wurde vom Generaldefinitorium mit der st\u00e4ndigen Weiterbildung (Lizentiat und Doktorat) der Karmeliter aus aller Welt betraut. Sie ist in das Teresianum integriert und bietet ein ausgewogenes karmelitisches Leben, das auf gemeinsamen spirituellen Zeiten, interkulturellem Dialog und einer akademischen Ausbildung auf hohem Niveau basiert. Die Gemeinschaft ist der [&hellip;]\" \/>\n<meta property=\"og:url\" content=\"https:\/\/www.carmelitaniscalzi.com\/de\/2025\/11\/08\/jubilaeumslied-eine-stimme-eine-gemeinschaft\/\" \/>\n<meta property=\"og:site_name\" content=\"UNBESCHUHTE KARMELITEN\" \/>\n<meta property=\"article:publisher\" content=\"https:\/\/www.facebook.com\/Curia-Generalizia-Carmelitani-Scalzi-658766940887784\/\" \/>\n<meta property=\"article:published_time\" content=\"2025-11-08T21:00:02+00:00\" \/>\n<meta property=\"og:image\" content=\"https:\/\/www.carmelitaniscalzi.com\/wp-content\/uploads\/2025\/11\/cover_seminarium_10.2025.jpg\" \/>\n\t<meta property=\"og:image:width\" content=\"1200\" \/>\n\t<meta property=\"og:image:height\" content=\"800\" \/>\n\t<meta property=\"og:image:type\" content=\"image\/jpeg\" \/>\n<meta name=\"author\" content=\"ocd web master\" \/>\n<meta name=\"twitter:card\" content=\"summary_large_image\" \/>\n<meta name=\"twitter:creator\" content=\"@ocdcuria\" \/>\n<meta name=\"twitter:site\" content=\"@ocdcuria\" \/>\n<meta name=\"twitter:label1\" content=\"Verfasst von\" \/>\n\t<meta name=\"twitter:data1\" content=\"ocd web master\" \/>\n\t<meta name=\"twitter:label2\" content=\"Gesch\u00e4tzte Lesezeit\" \/>\n\t<meta name=\"twitter:data2\" content=\"1\u00a0Minute\" \/>\n<script type=\"application\/ld+json\" class=\"yoast-schema-graph\">{\"@context\":\"https:\/\/schema.org\",\"@graph\":[{\"@type\":\"Article\",\"@id\":\"https:\/\/www.carmelitaniscalzi.com\/de\/2025\/11\/08\/jubilaeumslied-eine-stimme-eine-gemeinschaft\/#article\",\"isPartOf\":{\"@id\":\"https:\/\/www.carmelitaniscalzi.com\/de\/2025\/11\/08\/jubilaeumslied-eine-stimme-eine-gemeinschaft\/\"},\"author\":{\"name\":\"ocd web master\",\"@id\":\"https:\/\/www.carmelitaniscalzi.com\/#\/schema\/person\/6d1c0d9bea7b6625c437246a5d6da409\"},\"headline\":\"Jubil\u00e4umslied: Eine Stimme, eine Gemeinschaft\",\"datePublished\":\"2025-11-08T21:00:02+00:00\",\"mainEntityOfPage\":{\"@id\":\"https:\/\/www.carmelitaniscalzi.com\/de\/2025\/11\/08\/jubilaeumslied-eine-stimme-eine-gemeinschaft\/\"},\"wordCount\":223,\"publisher\":{\"@id\":\"https:\/\/www.carmelitaniscalzi.com\/#organization\"},\"image\":{\"@id\":\"https:\/\/www.carmelitaniscalzi.com\/de\/2025\/11\/08\/jubilaeumslied-eine-stimme-eine-gemeinschaft\/#primaryimage\"},\"thumbnailUrl\":\"https:\/\/www.carmelitaniscalzi.com\/wp-content\/uploads\/2025\/11\/cover_seminarium_10.2025.jpg\",\"articleSection\":[\"Nachrichten zur Ausbildung\",\"Nachrichten \u00fcber Br\u00fcder\",\"Nachrichten\"],\"inLanguage\":\"de\"},{\"@type\":\"WebPage\",\"@id\":\"https:\/\/www.carmelitaniscalzi.com\/de\/2025\/11\/08\/jubilaeumslied-eine-stimme-eine-gemeinschaft\/\",\"url\":\"https:\/\/www.carmelitaniscalzi.com\/de\/2025\/11\/08\/jubilaeumslied-eine-stimme-eine-gemeinschaft\/\",\"name\":\"Jubil\u00e4umslied: Eine Stimme, eine Gemeinschaft - UNBESCHUHTE KARMELITEN\",\"isPartOf\":{\"@id\":\"https:\/\/www.carmelitaniscalzi.com\/#website\"},\"primaryImageOfPage\":{\"@id\":\"https:\/\/www.carmelitaniscalzi.com\/de\/2025\/11\/08\/jubilaeumslied-eine-stimme-eine-gemeinschaft\/#primaryimage\"},\"image\":{\"@id\":\"https:\/\/www.carmelitaniscalzi.com\/de\/2025\/11\/08\/jubilaeumslied-eine-stimme-eine-gemeinschaft\/#primaryimage\"},\"thumbnailUrl\":\"https:\/\/www.carmelitaniscalzi.com\/wp-content\/uploads\/2025\/11\/cover_seminarium_10.2025.jpg\",\"datePublished\":\"2025-11-08T21:00:02+00:00\",\"breadcrumb\":{\"@id\":\"https:\/\/www.carmelitaniscalzi.com\/de\/2025\/11\/08\/jubilaeumslied-eine-stimme-eine-gemeinschaft\/#breadcrumb\"},\"inLanguage\":\"de\",\"potentialAction\":[{\"@type\":\"ReadAction\",\"target\":[\"https:\/\/www.carmelitaniscalzi.com\/de\/2025\/11\/08\/jubilaeumslied-eine-stimme-eine-gemeinschaft\/\"]}]},{\"@type\":\"ImageObject\",\"inLanguage\":\"de\",\"@id\":\"https:\/\/www.carmelitaniscalzi.com\/de\/2025\/11\/08\/jubilaeumslied-eine-stimme-eine-gemeinschaft\/#primaryimage\",\"url\":\"https:\/\/www.carmelitaniscalzi.com\/wp-content\/uploads\/2025\/11\/cover_seminarium_10.2025.jpg\",\"contentUrl\":\"https:\/\/www.carmelitaniscalzi.com\/wp-content\/uploads\/2025\/11\/cover_seminarium_10.2025.jpg\",\"width\":1200,\"height\":800},{\"@type\":\"BreadcrumbList\",\"@id\":\"https:\/\/www.carmelitaniscalzi.com\/de\/2025\/11\/08\/jubilaeumslied-eine-stimme-eine-gemeinschaft\/#breadcrumb\",\"itemListElement\":[{\"@type\":\"ListItem\",\"position\":1,\"name\":\"Home\",\"item\":\"https:\/\/www.carmelitaniscalzi.com\/de\/\"},{\"@type\":\"ListItem\",\"position\":2,\"name\":\"Jubil\u00e4umslied: Eine Stimme, eine Gemeinschaft\"}]},{\"@type\":\"WebSite\",\"@id\":\"https:\/\/www.carmelitaniscalzi.com\/#website\",\"url\":\"https:\/\/www.carmelitaniscalzi.com\/\",\"name\":\"CARMELITANI SCALZI - Curia Generale del Carmelo Teresiano\",\"description\":\"Generalkurie des Teresianischen Karmel\",\"publisher\":{\"@id\":\"https:\/\/www.carmelitaniscalzi.com\/#organization\"},\"alternateName\":\"CARMELITANI SCALZI\",\"potentialAction\":[{\"@type\":\"SearchAction\",\"target\":{\"@type\":\"EntryPoint\",\"urlTemplate\":\"https:\/\/www.carmelitaniscalzi.com\/?s={search_term_string}\"},\"query-input\":{\"@type\":\"PropertyValueSpecification\",\"valueRequired\":true,\"valueName\":\"search_term_string\"}}],\"inLanguage\":\"de\"},{\"@type\":\"Organization\",\"@id\":\"https:\/\/www.carmelitaniscalzi.com\/#organization\",\"name\":\"CARMELITANI SCALZI - Curia Generale del Carmelo Teresiano\",\"url\":\"https:\/\/www.carmelitaniscalzi.com\/\",\"logo\":{\"@type\":\"ImageObject\",\"inLanguage\":\"de\",\"@id\":\"https:\/\/www.carmelitaniscalzi.com\/#\/schema\/logo\/image\/\",\"url\":\"https:\/\/www.carmelitaniscalzi.com\/wp-content\/uploads\/2025\/11\/login-logo.png\",\"contentUrl\":\"https:\/\/www.carmelitaniscalzi.com\/wp-content\/uploads\/2025\/11\/login-logo.png\",\"width\":256,\"height\":256,\"caption\":\"CARMELITANI SCALZI - Curia Generale del Carmelo Teresiano\"},\"image\":{\"@id\":\"https:\/\/www.carmelitaniscalzi.com\/#\/schema\/logo\/image\/\"},\"sameAs\":[\"https:\/\/www.facebook.com\/Curia-Generalizia-Carmelitani-Scalzi-658766940887784\/\",\"https:\/\/x.com\/ocdcuria\",\"https:\/\/www.youtube.com\/channel\/UC2J5ZL0ycOY0qBSTCLX_NGQ\/videos\",\"https:\/\/www.instagram.com\/ocdinform\/\"]},{\"@type\":\"Person\",\"@id\":\"https:\/\/www.carmelitaniscalzi.com\/#\/schema\/person\/6d1c0d9bea7b6625c437246a5d6da409\",\"name\":\"ocd web master\",\"image\":{\"@type\":\"ImageObject\",\"inLanguage\":\"de\",\"@id\":\"https:\/\/www.carmelitaniscalzi.com\/#\/schema\/person\/image\/\",\"url\":\"https:\/\/secure.gravatar.com\/avatar\/41fbc5f82bad909fbaf2984c43fa50d8519ac5853e25b454d022b6868f80d0e7?s=96&d=mm&r=g\",\"contentUrl\":\"https:\/\/secure.gravatar.com\/avatar\/41fbc5f82bad909fbaf2984c43fa50d8519ac5853e25b454d022b6868f80d0e7?s=96&d=mm&r=g\",\"caption\":\"ocd web master\"},\"url\":\"https:\/\/www.carmelitaniscalzi.com\/de\/author\/ocdwebmaster\/\"}]}<\/script>\n<!-- \/ Yoast SEO plugin. -->","yoast_head_json":{"title":"Jubil\u00e4umslied: Eine Stimme, eine Gemeinschaft - UNBESCHUHTE KARMELITEN","robots":{"index":"index","follow":"follow","max-snippet":"max-snippet:-1","max-image-preview":"max-image-preview:large","max-video-preview":"max-video-preview:-1"},"canonical":"https:\/\/www.carmelitaniscalzi.com\/de\/2025\/11\/08\/jubilaeumslied-eine-stimme-eine-gemeinschaft\/","og_locale":"de_DE","og_type":"article","og_title":"Jubil\u00e4umslied: Eine Stimme, eine Gemeinschaft - UNBESCHUHTE KARMELITEN","og_description":"Die Spezialisierungsgemeinschaft OCD in Rom, das Seminarium Missionum, wurde vom Generaldefinitorium mit der st\u00e4ndigen Weiterbildung (Lizentiat und Doktorat) der Karmeliter aus aller Welt betraut. Sie ist in das Teresianum integriert und bietet ein ausgewogenes karmelitisches Leben, das auf gemeinsamen spirituellen Zeiten, interkulturellem Dialog und einer akademischen Ausbildung auf hohem Niveau basiert. Die Gemeinschaft ist der [&hellip;]","og_url":"https:\/\/www.carmelitaniscalzi.com\/de\/2025\/11\/08\/jubilaeumslied-eine-stimme-eine-gemeinschaft\/","og_site_name":"UNBESCHUHTE KARMELITEN","article_publisher":"https:\/\/www.facebook.com\/Curia-Generalizia-Carmelitani-Scalzi-658766940887784\/","article_published_time":"2025-11-08T21:00:02+00:00","og_image":[{"width":1200,"height":800,"url":"https:\/\/www.carmelitaniscalzi.com\/wp-content\/uploads\/2025\/11\/cover_seminarium_10.2025.jpg","type":"image\/jpeg"}],"author":"ocd web master","twitter_card":"summary_large_image","twitter_creator":"@ocdcuria","twitter_site":"@ocdcuria","twitter_misc":{"Verfasst von":"ocd web master","Gesch\u00e4tzte Lesezeit":"1\u00a0Minute"},"schema":{"@context":"https:\/\/schema.org","@graph":[{"@type":"Article","@id":"https:\/\/www.carmelitaniscalzi.com\/de\/2025\/11\/08\/jubilaeumslied-eine-stimme-eine-gemeinschaft\/#article","isPartOf":{"@id":"https:\/\/www.carmelitaniscalzi.com\/de\/2025\/11\/08\/jubilaeumslied-eine-stimme-eine-gemeinschaft\/"},"author":{"name":"ocd web master","@id":"https:\/\/www.carmelitaniscalzi.com\/#\/schema\/person\/6d1c0d9bea7b6625c437246a5d6da409"},"headline":"Jubil\u00e4umslied: Eine Stimme, eine Gemeinschaft","datePublished":"2025-11-08T21:00:02+00:00","mainEntityOfPage":{"@id":"https:\/\/www.carmelitaniscalzi.com\/de\/2025\/11\/08\/jubilaeumslied-eine-stimme-eine-gemeinschaft\/"},"wordCount":223,"publisher":{"@id":"https:\/\/www.carmelitaniscalzi.com\/#organization"},"image":{"@id":"https:\/\/www.carmelitaniscalzi.com\/de\/2025\/11\/08\/jubilaeumslied-eine-stimme-eine-gemeinschaft\/#primaryimage"},"thumbnailUrl":"https:\/\/www.carmelitaniscalzi.com\/wp-content\/uploads\/2025\/11\/cover_seminarium_10.2025.jpg","articleSection":["Nachrichten zur Ausbildung","Nachrichten \u00fcber Br\u00fcder","Nachrichten"],"inLanguage":"de"},{"@type":"WebPage","@id":"https:\/\/www.carmelitaniscalzi.com\/de\/2025\/11\/08\/jubilaeumslied-eine-stimme-eine-gemeinschaft\/","url":"https:\/\/www.carmelitaniscalzi.com\/de\/2025\/11\/08\/jubilaeumslied-eine-stimme-eine-gemeinschaft\/","name":"Jubil\u00e4umslied: Eine Stimme, eine Gemeinschaft - UNBESCHUHTE KARMELITEN","isPartOf":{"@id":"https:\/\/www.carmelitaniscalzi.com\/#website"},"primaryImageOfPage":{"@id":"https:\/\/www.carmelitaniscalzi.com\/de\/2025\/11\/08\/jubilaeumslied-eine-stimme-eine-gemeinschaft\/#primaryimage"},"image":{"@id":"https:\/\/www.carmelitaniscalzi.com\/de\/2025\/11\/08\/jubilaeumslied-eine-stimme-eine-gemeinschaft\/#primaryimage"},"thumbnailUrl":"https:\/\/www.carmelitaniscalzi.com\/wp-content\/uploads\/2025\/11\/cover_seminarium_10.2025.jpg","datePublished":"2025-11-08T21:00:02+00:00","breadcrumb":{"@id":"https:\/\/www.carmelitaniscalzi.com\/de\/2025\/11\/08\/jubilaeumslied-eine-stimme-eine-gemeinschaft\/#breadcrumb"},"inLanguage":"de","potentialAction":[{"@type":"ReadAction","target":["https:\/\/www.carmelitaniscalzi.com\/de\/2025\/11\/08\/jubilaeumslied-eine-stimme-eine-gemeinschaft\/"]}]},{"@type":"ImageObject","inLanguage":"de","@id":"https:\/\/www.carmelitaniscalzi.com\/de\/2025\/11\/08\/jubilaeumslied-eine-stimme-eine-gemeinschaft\/#primaryimage","url":"https:\/\/www.carmelitaniscalzi.com\/wp-content\/uploads\/2025\/11\/cover_seminarium_10.2025.jpg","contentUrl":"https:\/\/www.carmelitaniscalzi.com\/wp-content\/uploads\/2025\/11\/cover_seminarium_10.2025.jpg","width":1200,"height":800},{"@type":"BreadcrumbList","@id":"https:\/\/www.carmelitaniscalzi.com\/de\/2025\/11\/08\/jubilaeumslied-eine-stimme-eine-gemeinschaft\/#breadcrumb","itemListElement":[{"@type":"ListItem","position":1,"name":"Home","item":"https:\/\/www.carmelitaniscalzi.com\/de\/"},{"@type":"ListItem","position":2,"name":"Jubil\u00e4umslied: Eine Stimme, eine Gemeinschaft"}]},{"@type":"WebSite","@id":"https:\/\/www.carmelitaniscalzi.com\/#website","url":"https:\/\/www.carmelitaniscalzi.com\/","name":"CARMELITANI SCALZI - Curia Generale del Carmelo Teresiano","description":"Generalkurie des Teresianischen Karmel","publisher":{"@id":"https:\/\/www.carmelitaniscalzi.com\/#organization"},"alternateName":"CARMELITANI SCALZI","potentialAction":[{"@type":"SearchAction","target":{"@type":"EntryPoint","urlTemplate":"https:\/\/www.carmelitaniscalzi.com\/?s={search_term_string}"},"query-input":{"@type":"PropertyValueSpecification","valueRequired":true,"valueName":"search_term_string"}}],"inLanguage":"de"},{"@type":"Organization","@id":"https:\/\/www.carmelitaniscalzi.com\/#organization","name":"CARMELITANI SCALZI - Curia Generale del Carmelo Teresiano","url":"https:\/\/www.carmelitaniscalzi.com\/","logo":{"@type":"ImageObject","inLanguage":"de","@id":"https:\/\/www.carmelitaniscalzi.com\/#\/schema\/logo\/image\/","url":"https:\/\/www.carmelitaniscalzi.com\/wp-content\/uploads\/2025\/11\/login-logo.png","contentUrl":"https:\/\/www.carmelitaniscalzi.com\/wp-content\/uploads\/2025\/11\/login-logo.png","width":256,"height":256,"caption":"CARMELITANI SCALZI - Curia Generale del Carmelo Teresiano"},"image":{"@id":"https:\/\/www.carmelitaniscalzi.com\/#\/schema\/logo\/image\/"},"sameAs":["https:\/\/www.facebook.com\/Curia-Generalizia-Carmelitani-Scalzi-658766940887784\/","https:\/\/x.com\/ocdcuria","https:\/\/www.youtube.com\/channel\/UC2J5ZL0ycOY0qBSTCLX_NGQ\/videos","https:\/\/www.instagram.com\/ocdinform\/"]},{"@type":"Person","@id":"https:\/\/www.carmelitaniscalzi.com\/#\/schema\/person\/6d1c0d9bea7b6625c437246a5d6da409","name":"ocd web master","image":{"@type":"ImageObject","inLanguage":"de","@id":"https:\/\/www.carmelitaniscalzi.com\/#\/schema\/person\/image\/","url":"https:\/\/secure.gravatar.com\/avatar\/41fbc5f82bad909fbaf2984c43fa50d8519ac5853e25b454d022b6868f80d0e7?s=96&d=mm&r=g","contentUrl":"https:\/\/secure.gravatar.com\/avatar\/41fbc5f82bad909fbaf2984c43fa50d8519ac5853e25b454d022b6868f80d0e7?s=96&d=mm&r=g","caption":"ocd web master"},"url":"https:\/\/www.carmelitaniscalzi.com\/de\/author\/ocdwebmaster\/"}]}},"_links":{"self":[{"href":"https:\/\/www.carmelitaniscalzi.com\/de\/wp-json\/wp\/v2\/posts\/526291","targetHints":{"allow":["GET"]}}],"collection":[{"href":"https:\/\/www.carmelitaniscalzi.com\/de\/wp-json\/wp\/v2\/posts"}],"about":[{"href":"https:\/\/www.carmelitaniscalzi.com\/de\/wp-json\/wp\/v2\/types\/post"}],"author":[{"embeddable":true,"href":"https:\/\/www.carmelitaniscalzi.com\/de\/wp-json\/wp\/v2\/users\/7"}],"replies":[{"embeddable":true,"href":"https:\/\/www.carmelitaniscalzi.com\/de\/wp-json\/wp\/v2\/comments?post=526291"}],"version-history":[{"count":1,"href":"https:\/\/www.carmelitaniscalzi.com\/de\/wp-json\/wp\/v2\/posts\/526291\/revisions"}],"predecessor-version":[{"id":526292,"href":"https:\/\/www.carmelitaniscalzi.com\/de\/wp-json\/wp\/v2\/posts\/526291\/revisions\/526292"}],"wp:featuredmedia":[{"embeddable":true,"href":"https:\/\/www.carmelitaniscalzi.com\/de\/wp-json\/wp\/v2\/media\/526043"}],"wp:attachment":[{"href":"https:\/\/www.carmelitaniscalzi.com\/de\/wp-json\/wp\/v2\/media?parent=526291"}],"wp:term":[{"taxonomy":"category","embeddable":true,"href":"https:\/\/www.carmelitaniscalzi.com\/de\/wp-json\/wp\/v2\/categories?post=526291"},{"taxonomy":"post_tag","embeddable":true,"href":"https:\/\/www.carmelitaniscalzi.com\/de\/wp-json\/wp\/v2\/tags?post=526291"}],"curies":[{"name":"wp","href":"https:\/\/api.w.org\/{rel}","templated":true}]}}