{"id":526269,"date":"2025-11-04T02:58:37","date_gmt":"2025-11-04T01:58:37","guid":{"rendered":"https:\/\/www.carmelitaniscalzi.com\/?p=526269"},"modified":"2025-11-05T02:59:02","modified_gmt":"2025-11-05T01:59:02","slug":"die-ocds-italien-nimmt-am-jubilaeum-der-marianischen-spiritualitaet-teil","status":"publish","type":"post","link":"https:\/\/www.carmelitaniscalzi.com\/de\/2025\/11\/04\/die-ocds-italien-nimmt-am-jubilaeum-der-marianischen-spiritualitaet-teil\/","title":{"rendered":"Die OCDS Italien nimmt am Jubil\u00e4um der marianischen Spiritualit\u00e4t teil"},"content":{"rendered":"<p>Die Teilnahme der OCDS Italiens am Jubil\u00e4um der marianischen Spiritualit\u00e4t, das am 11. und 12. Oktober in Rom stattfand, war eine bewegende und unvergessliche Erfahrung.<\/p>\n<p>Unser Jubil\u00e4um begann am Samstagmorgen in der Kirche S. Teresa in Corso d&#8217;Italia mit einem Vortrag von Pater Marco Chiesa, Generalpostulator der OCD, zum Thema \u201eMit Maria von Golgatha nach Kana\u201d. Mit Herz und Verstand, bereichert durch das Wort Gottes, das Pater Marco auf wunderbare Weise analysierte, hatten wir die Gnade, an der Heiligen Messe teilzunehmen, die von unserem Generaloberen Pater Miguel geleitet und vom Generaldelegaten Pater Ramiro, dem Nationalassistenten Pater Aldo und einigen Patres, die die Teilnehmer des Jubil\u00e4ums begleiteten, konzelebriert wurde.<\/p>\n<p>Dank Pater Angelo Campana konnten wir die Kirche Santa Maria della Vittoria besuchen und insbesondere die k\u00fcnstlerische und spirituelle Sch\u00f6nheit der Transverberation der Heiligen Teresa genie\u00dfen.<\/p>\n<p>Die vom Heiligen Vater geleitete Vigil am Samstagabend auf dem Petersplatz und die Heilige Messe am Sonntag bildeten den glorreichen Abschluss unseres Jubil\u00e4ums, dankbar gegen\u00fcber dem Herrn und der Muttergottes von Fatima, die uns unerwartete und sehr willkommene \u00dcberraschungen beschert hat, wie den Gru\u00df des Papstes beim Angelus.<\/p>\n<p>&nbsp;<\/p>\n<div class=\"wpmf-gallerys wpmf-gallerys-life \" ><div id=\"gallery-1\"\n data-gutter-width=\"5\"\n  data-wpmfcolumns=\"4\" class=\"wpmf-gallery gallery-link-file gallery_life gallery-masonry gallery-columns-4 gallery-size-thumbnail wpmf-gallery-bottomspace-default wpmf-gallery-clear wpmf-has-border-radius-0 wpmf-gutterwidth-5\"><div class=\"wpmf-gallery-item\n     wpmf-gallery-item-position-0 wpmf-gallery-item-attachment-526013\" data-index=\"0\"><div class=\"wpmf-gallery-icon\"><a class=\" not_video noLightbox\" data-lightbox=\"1\" data-href=\"https:\/\/www.carmelitaniscalzi.com\/wp-content\/uploads\/2025\/11\/Italia-1-1024x495.jpg\" title=\"Italia 1\" target=\"_self\" data-index=\"0\"><img decoding=\"async\" class=\"wpmf_img\" alt=\"Italia 1\" src=\"https:\/\/www.carmelitaniscalzi.com\/wp-content\/uploads\/2025\/11\/Italia-1-150x150.jpg\" data-type=\"wpmfgalleryimg\" data-lazy-src=\"https:\/\/www.carmelitaniscalzi.com\/wp-content\/uploads\/2025\/11\/Italia-1-150x150.jpg\"><\/a><\/div><\/div><div class=\"wpmf-gallery-item\n     wpmf-gallery-item-position-1 wpmf-gallery-item-attachment-526019\" data-index=\"1\"><div class=\"wpmf-gallery-icon\"><a class=\" not_video noLightbox\" data-lightbox=\"1\" data-href=\"https:\/\/www.carmelitaniscalzi.com\/wp-content\/uploads\/2025\/11\/Italia-2-1024x472.jpg\" title=\"Italia 2\" target=\"_self\" data-index=\"1\"><img decoding=\"async\" class=\"wpmf_img\" alt=\"Italia 2\" src=\"https:\/\/www.carmelitaniscalzi.com\/wp-content\/uploads\/2025\/11\/Italia-2-150x150.jpg\" data-type=\"wpmfgalleryimg\" data-lazy-src=\"https:\/\/www.carmelitaniscalzi.com\/wp-content\/uploads\/2025\/11\/Italia-2-150x150.jpg\"><\/a><\/div><\/div><div class=\"wpmf-gallery-item\n     wpmf-gallery-item-position-2 wpmf-gallery-item-attachment-526025\" data-index=\"2\"><div class=\"wpmf-gallery-icon\"><a class=\" not_video noLightbox\" data-lightbox=\"1\" data-href=\"https:\/\/www.carmelitaniscalzi.com\/wp-content\/uploads\/2025\/11\/Italia-3-1024x768.jpg\" title=\"Italia 3\" target=\"_self\" data-index=\"2\"><img decoding=\"async\" class=\"wpmf_img\" alt=\"Italia 3\" src=\"https:\/\/www.carmelitaniscalzi.com\/wp-content\/uploads\/2025\/11\/Italia-3-150x150.jpg\" data-type=\"wpmfgalleryimg\" data-lazy-src=\"https:\/\/www.carmelitaniscalzi.com\/wp-content\/uploads\/2025\/11\/Italia-3-150x150.jpg\"><\/a><\/div><\/div><div class=\"wpmf-gallery-item\n     wpmf-gallery-item-position-3 wpmf-gallery-item-attachment-526031\" data-index=\"3\"><div class=\"wpmf-gallery-icon\"><a class=\" not_video noLightbox\" data-lightbox=\"1\" data-href=\"https:\/\/www.carmelitaniscalzi.com\/wp-content\/uploads\/2025\/11\/Italia-4-1024x768.jpg\" title=\"Italia 4\" target=\"_self\" data-index=\"3\"><img decoding=\"async\" class=\"wpmf_img\" alt=\"Italia 4\" src=\"https:\/\/www.carmelitaniscalzi.com\/wp-content\/uploads\/2025\/11\/Italia-4-150x150.jpg\" data-type=\"wpmfgalleryimg\" data-lazy-src=\"https:\/\/www.carmelitaniscalzi.com\/wp-content\/uploads\/2025\/11\/Italia-4-150x150.jpg\"><\/a><\/div><\/div><\/div><\/div>\n\n","protected":false},"excerpt":{"rendered":"<p>Die Teilnahme der OCDS Italiens am Jubil\u00e4um der marianischen Spiritualit\u00e4t, das am 11. und 12. Oktober in Rom stattfand, war eine bewegende und unvergessliche Erfahrung. Unser Jubil\u00e4um begann am Samstagmorgen in der Kirche S. Teresa in Corso d&#8217;Italia mit einem Vortrag von Pater Marco Chiesa, Generalpostulator der OCD, zum Thema \u201eMit Maria von Golgatha nach [&hellip;]<\/p>\n","protected":false},"author":7,"featured_media":526037,"comment_status":"closed","ping_status":"closed","sticky":false,"template":"","format":"standard","meta":{"_acf_changed":false,"footnotes":""},"categories":[213,262,371],"tags":[],"class_list":["post-526269","post","type-post","status-publish","format-standard","has-post-thumbnail","hentry","category-nachrichten-von-p-general","category-nachrichten-ocds","category-nachrichten"],"acf":[],"yoast_head":"<!-- This site is optimized with the Yoast SEO plugin v26.3 - https:\/\/yoast.com\/wordpress\/plugins\/seo\/ -->\n<title>Die OCDS Italien nimmt am Jubil\u00e4um der marianischen Spiritualit\u00e4t teil - UNBESCHUHTE KARMELITEN<\/title>\n<meta name=\"robots\" content=\"index, follow, max-snippet:-1, max-image-preview:large, max-video-preview:-1\" \/>\n<link rel=\"canonical\" href=\"https:\/\/www.carmelitaniscalzi.com\/de\/2025\/11\/04\/die-ocds-italien-nimmt-am-jubilaeum-der-marianischen-spiritualitaet-teil\/\" \/>\n<meta property=\"og:locale\" content=\"de_DE\" \/>\n<meta property=\"og:type\" content=\"article\" \/>\n<meta property=\"og:title\" content=\"Die OCDS Italien nimmt am Jubil\u00e4um der marianischen Spiritualit\u00e4t teil - UNBESCHUHTE KARMELITEN\" \/>\n<meta property=\"og:description\" content=\"Die Teilnahme der OCDS Italiens am Jubil\u00e4um der marianischen Spiritualit\u00e4t, das am 11. und 12. Oktober in Rom stattfand, war eine bewegende und unvergessliche Erfahrung. Unser Jubil\u00e4um begann am Samstagmorgen in der Kirche S. Teresa in Corso d&#8217;Italia mit einem Vortrag von Pater Marco Chiesa, Generalpostulator der OCD, zum Thema \u201eMit Maria von Golgatha nach [&hellip;]\" \/>\n<meta property=\"og:url\" content=\"https:\/\/www.carmelitaniscalzi.com\/de\/2025\/11\/04\/die-ocds-italien-nimmt-am-jubilaeum-der-marianischen-spiritualitaet-teil\/\" \/>\n<meta property=\"og:site_name\" content=\"UNBESCHUHTE KARMELITEN\" \/>\n<meta property=\"article:publisher\" content=\"https:\/\/www.facebook.com\/Curia-Generalizia-Carmelitani-Scalzi-658766940887784\/\" \/>\n<meta property=\"article:published_time\" content=\"2025-11-04T01:58:37+00:00\" \/>\n<meta property=\"article:modified_time\" content=\"2025-11-05T01:59:02+00:00\" \/>\n<meta property=\"og:image\" content=\"https:\/\/www.carmelitaniscalzi.com\/wp-content\/uploads\/2025\/11\/cover_italia_10.2025.jpg\" \/>\n\t<meta property=\"og:image:width\" content=\"1200\" \/>\n\t<meta property=\"og:image:height\" content=\"800\" \/>\n\t<meta property=\"og:image:type\" content=\"image\/jpeg\" \/>\n<meta name=\"author\" content=\"ocd web master\" \/>\n<meta name=\"twitter:card\" content=\"summary_large_image\" \/>\n<meta name=\"twitter:creator\" content=\"@ocdcuria\" \/>\n<meta name=\"twitter:site\" content=\"@ocdcuria\" \/>\n<meta name=\"twitter:label1\" content=\"Verfasst von\" \/>\n\t<meta name=\"twitter:data1\" content=\"ocd web master\" \/>\n\t<meta name=\"twitter:label2\" content=\"Gesch\u00e4tzte Lesezeit\" \/>\n\t<meta name=\"twitter:data2\" content=\"1\u00a0Minute\" \/>\n<script type=\"application\/ld+json\" class=\"yoast-schema-graph\">{\"@context\":\"https:\/\/schema.org\",\"@graph\":[{\"@type\":\"Article\",\"@id\":\"https:\/\/www.carmelitaniscalzi.com\/de\/2025\/11\/04\/die-ocds-italien-nimmt-am-jubilaeum-der-marianischen-spiritualitaet-teil\/#article\",\"isPartOf\":{\"@id\":\"https:\/\/www.carmelitaniscalzi.com\/de\/2025\/11\/04\/die-ocds-italien-nimmt-am-jubilaeum-der-marianischen-spiritualitaet-teil\/\"},\"author\":{\"name\":\"ocd web master\",\"@id\":\"https:\/\/www.carmelitaniscalzi.com\/#\/schema\/person\/6d1c0d9bea7b6625c437246a5d6da409\"},\"headline\":\"Die OCDS Italien nimmt am Jubil\u00e4um der marianischen Spiritualit\u00e4t teil\",\"datePublished\":\"2025-11-04T01:58:37+00:00\",\"dateModified\":\"2025-11-05T01:59:02+00:00\",\"mainEntityOfPage\":{\"@id\":\"https:\/\/www.carmelitaniscalzi.com\/de\/2025\/11\/04\/die-ocds-italien-nimmt-am-jubilaeum-der-marianischen-spiritualitaet-teil\/\"},\"wordCount\":213,\"publisher\":{\"@id\":\"https:\/\/www.carmelitaniscalzi.com\/#organization\"},\"image\":{\"@id\":\"https:\/\/www.carmelitaniscalzi.com\/de\/2025\/11\/04\/die-ocds-italien-nimmt-am-jubilaeum-der-marianischen-spiritualitaet-teil\/#primaryimage\"},\"thumbnailUrl\":\"https:\/\/www.carmelitaniscalzi.com\/wp-content\/uploads\/2025\/11\/cover_italia_10.2025.jpg\",\"articleSection\":[\"Nachrichten von P. General\",\"Nachrichten OCDS\",\"Nachrichten\"],\"inLanguage\":\"de\"},{\"@type\":\"WebPage\",\"@id\":\"https:\/\/www.carmelitaniscalzi.com\/de\/2025\/11\/04\/die-ocds-italien-nimmt-am-jubilaeum-der-marianischen-spiritualitaet-teil\/\",\"url\":\"https:\/\/www.carmelitaniscalzi.com\/de\/2025\/11\/04\/die-ocds-italien-nimmt-am-jubilaeum-der-marianischen-spiritualitaet-teil\/\",\"name\":\"Die OCDS Italien nimmt am Jubil\u00e4um der marianischen Spiritualit\u00e4t teil - UNBESCHUHTE KARMELITEN\",\"isPartOf\":{\"@id\":\"https:\/\/www.carmelitaniscalzi.com\/#website\"},\"primaryImageOfPage\":{\"@id\":\"https:\/\/www.carmelitaniscalzi.com\/de\/2025\/11\/04\/die-ocds-italien-nimmt-am-jubilaeum-der-marianischen-spiritualitaet-teil\/#primaryimage\"},\"image\":{\"@id\":\"https:\/\/www.carmelitaniscalzi.com\/de\/2025\/11\/04\/die-ocds-italien-nimmt-am-jubilaeum-der-marianischen-spiritualitaet-teil\/#primaryimage\"},\"thumbnailUrl\":\"https:\/\/www.carmelitaniscalzi.com\/wp-content\/uploads\/2025\/11\/cover_italia_10.2025.jpg\",\"datePublished\":\"2025-11-04T01:58:37+00:00\",\"dateModified\":\"2025-11-05T01:59:02+00:00\",\"breadcrumb\":{\"@id\":\"https:\/\/www.carmelitaniscalzi.com\/de\/2025\/11\/04\/die-ocds-italien-nimmt-am-jubilaeum-der-marianischen-spiritualitaet-teil\/#breadcrumb\"},\"inLanguage\":\"de\",\"potentialAction\":[{\"@type\":\"ReadAction\",\"target\":[\"https:\/\/www.carmelitaniscalzi.com\/de\/2025\/11\/04\/die-ocds-italien-nimmt-am-jubilaeum-der-marianischen-spiritualitaet-teil\/\"]}]},{\"@type\":\"ImageObject\",\"inLanguage\":\"de\",\"@id\":\"https:\/\/www.carmelitaniscalzi.com\/de\/2025\/11\/04\/die-ocds-italien-nimmt-am-jubilaeum-der-marianischen-spiritualitaet-teil\/#primaryimage\",\"url\":\"https:\/\/www.carmelitaniscalzi.com\/wp-content\/uploads\/2025\/11\/cover_italia_10.2025.jpg\",\"contentUrl\":\"https:\/\/www.carmelitaniscalzi.com\/wp-content\/uploads\/2025\/11\/cover_italia_10.2025.jpg\",\"width\":1200,\"height\":800},{\"@type\":\"BreadcrumbList\",\"@id\":\"https:\/\/www.carmelitaniscalzi.com\/de\/2025\/11\/04\/die-ocds-italien-nimmt-am-jubilaeum-der-marianischen-spiritualitaet-teil\/#breadcrumb\",\"itemListElement\":[{\"@type\":\"ListItem\",\"position\":1,\"name\":\"Home\",\"item\":\"https:\/\/www.carmelitaniscalzi.com\/de\/\"},{\"@type\":\"ListItem\",\"position\":2,\"name\":\"Die OCDS Italien nimmt am Jubil\u00e4um der marianischen Spiritualit\u00e4t teil\"}]},{\"@type\":\"WebSite\",\"@id\":\"https:\/\/www.carmelitaniscalzi.com\/#website\",\"url\":\"https:\/\/www.carmelitaniscalzi.com\/\",\"name\":\"CARMELITANI SCALZI - Curia Generale del Carmelo Teresiano\",\"description\":\"Generalkurie des Teresianischen Karmel\",\"publisher\":{\"@id\":\"https:\/\/www.carmelitaniscalzi.com\/#organization\"},\"alternateName\":\"CARMELITANI SCALZI\",\"potentialAction\":[{\"@type\":\"SearchAction\",\"target\":{\"@type\":\"EntryPoint\",\"urlTemplate\":\"https:\/\/www.carmelitaniscalzi.com\/?s={search_term_string}\"},\"query-input\":{\"@type\":\"PropertyValueSpecification\",\"valueRequired\":true,\"valueName\":\"search_term_string\"}}],\"inLanguage\":\"de\"},{\"@type\":\"Organization\",\"@id\":\"https:\/\/www.carmelitaniscalzi.com\/#organization\",\"name\":\"CARMELITANI SCALZI - Curia Generale del Carmelo Teresiano\",\"url\":\"https:\/\/www.carmelitaniscalzi.com\/\",\"logo\":{\"@type\":\"ImageObject\",\"inLanguage\":\"de\",\"@id\":\"https:\/\/www.carmelitaniscalzi.com\/#\/schema\/logo\/image\/\",\"url\":\"https:\/\/www.carmelitaniscalzi.com\/wp-content\/uploads\/2025\/11\/login-logo.png\",\"contentUrl\":\"https:\/\/www.carmelitaniscalzi.com\/wp-content\/uploads\/2025\/11\/login-logo.png\",\"width\":256,\"height\":256,\"caption\":\"CARMELITANI SCALZI - Curia Generale del Carmelo Teresiano\"},\"image\":{\"@id\":\"https:\/\/www.carmelitaniscalzi.com\/#\/schema\/logo\/image\/\"},\"sameAs\":[\"https:\/\/www.facebook.com\/Curia-Generalizia-Carmelitani-Scalzi-658766940887784\/\",\"https:\/\/x.com\/ocdcuria\",\"https:\/\/www.youtube.com\/channel\/UC2J5ZL0ycOY0qBSTCLX_NGQ\/videos\",\"https:\/\/www.instagram.com\/ocdinform\/\"]},{\"@type\":\"Person\",\"@id\":\"https:\/\/www.carmelitaniscalzi.com\/#\/schema\/person\/6d1c0d9bea7b6625c437246a5d6da409\",\"name\":\"ocd web master\",\"image\":{\"@type\":\"ImageObject\",\"inLanguage\":\"de\",\"@id\":\"https:\/\/www.carmelitaniscalzi.com\/#\/schema\/person\/image\/\",\"url\":\"https:\/\/secure.gravatar.com\/avatar\/41fbc5f82bad909fbaf2984c43fa50d8519ac5853e25b454d022b6868f80d0e7?s=96&d=mm&r=g\",\"contentUrl\":\"https:\/\/secure.gravatar.com\/avatar\/41fbc5f82bad909fbaf2984c43fa50d8519ac5853e25b454d022b6868f80d0e7?s=96&d=mm&r=g\",\"caption\":\"ocd web master\"},\"url\":\"https:\/\/www.carmelitaniscalzi.com\/de\/author\/ocdwebmaster\/\"}]}<\/script>\n<!-- \/ Yoast SEO plugin. -->","yoast_head_json":{"title":"Die OCDS Italien nimmt am Jubil\u00e4um der marianischen Spiritualit\u00e4t teil - UNBESCHUHTE KARMELITEN","robots":{"index":"index","follow":"follow","max-snippet":"max-snippet:-1","max-image-preview":"max-image-preview:large","max-video-preview":"max-video-preview:-1"},"canonical":"https:\/\/www.carmelitaniscalzi.com\/de\/2025\/11\/04\/die-ocds-italien-nimmt-am-jubilaeum-der-marianischen-spiritualitaet-teil\/","og_locale":"de_DE","og_type":"article","og_title":"Die OCDS Italien nimmt am Jubil\u00e4um der marianischen Spiritualit\u00e4t teil - UNBESCHUHTE KARMELITEN","og_description":"Die Teilnahme der OCDS Italiens am Jubil\u00e4um der marianischen Spiritualit\u00e4t, das am 11. und 12. Oktober in Rom stattfand, war eine bewegende und unvergessliche Erfahrung. Unser Jubil\u00e4um begann am Samstagmorgen in der Kirche S. Teresa in Corso d&#8217;Italia mit einem Vortrag von Pater Marco Chiesa, Generalpostulator der OCD, zum Thema \u201eMit Maria von Golgatha nach [&hellip;]","og_url":"https:\/\/www.carmelitaniscalzi.com\/de\/2025\/11\/04\/die-ocds-italien-nimmt-am-jubilaeum-der-marianischen-spiritualitaet-teil\/","og_site_name":"UNBESCHUHTE KARMELITEN","article_publisher":"https:\/\/www.facebook.com\/Curia-Generalizia-Carmelitani-Scalzi-658766940887784\/","article_published_time":"2025-11-04T01:58:37+00:00","article_modified_time":"2025-11-05T01:59:02+00:00","og_image":[{"width":1200,"height":800,"url":"https:\/\/www.carmelitaniscalzi.com\/wp-content\/uploads\/2025\/11\/cover_italia_10.2025.jpg","type":"image\/jpeg"}],"author":"ocd web master","twitter_card":"summary_large_image","twitter_creator":"@ocdcuria","twitter_site":"@ocdcuria","twitter_misc":{"Verfasst von":"ocd web master","Gesch\u00e4tzte Lesezeit":"1\u00a0Minute"},"schema":{"@context":"https:\/\/schema.org","@graph":[{"@type":"Article","@id":"https:\/\/www.carmelitaniscalzi.com\/de\/2025\/11\/04\/die-ocds-italien-nimmt-am-jubilaeum-der-marianischen-spiritualitaet-teil\/#article","isPartOf":{"@id":"https:\/\/www.carmelitaniscalzi.com\/de\/2025\/11\/04\/die-ocds-italien-nimmt-am-jubilaeum-der-marianischen-spiritualitaet-teil\/"},"author":{"name":"ocd web master","@id":"https:\/\/www.carmelitaniscalzi.com\/#\/schema\/person\/6d1c0d9bea7b6625c437246a5d6da409"},"headline":"Die OCDS Italien nimmt am Jubil\u00e4um der marianischen Spiritualit\u00e4t teil","datePublished":"2025-11-04T01:58:37+00:00","dateModified":"2025-11-05T01:59:02+00:00","mainEntityOfPage":{"@id":"https:\/\/www.carmelitaniscalzi.com\/de\/2025\/11\/04\/die-ocds-italien-nimmt-am-jubilaeum-der-marianischen-spiritualitaet-teil\/"},"wordCount":213,"publisher":{"@id":"https:\/\/www.carmelitaniscalzi.com\/#organization"},"image":{"@id":"https:\/\/www.carmelitaniscalzi.com\/de\/2025\/11\/04\/die-ocds-italien-nimmt-am-jubilaeum-der-marianischen-spiritualitaet-teil\/#primaryimage"},"thumbnailUrl":"https:\/\/www.carmelitaniscalzi.com\/wp-content\/uploads\/2025\/11\/cover_italia_10.2025.jpg","articleSection":["Nachrichten von P. General","Nachrichten OCDS","Nachrichten"],"inLanguage":"de"},{"@type":"WebPage","@id":"https:\/\/www.carmelitaniscalzi.com\/de\/2025\/11\/04\/die-ocds-italien-nimmt-am-jubilaeum-der-marianischen-spiritualitaet-teil\/","url":"https:\/\/www.carmelitaniscalzi.com\/de\/2025\/11\/04\/die-ocds-italien-nimmt-am-jubilaeum-der-marianischen-spiritualitaet-teil\/","name":"Die OCDS Italien nimmt am Jubil\u00e4um der marianischen Spiritualit\u00e4t teil - UNBESCHUHTE KARMELITEN","isPartOf":{"@id":"https:\/\/www.carmelitaniscalzi.com\/#website"},"primaryImageOfPage":{"@id":"https:\/\/www.carmelitaniscalzi.com\/de\/2025\/11\/04\/die-ocds-italien-nimmt-am-jubilaeum-der-marianischen-spiritualitaet-teil\/#primaryimage"},"image":{"@id":"https:\/\/www.carmelitaniscalzi.com\/de\/2025\/11\/04\/die-ocds-italien-nimmt-am-jubilaeum-der-marianischen-spiritualitaet-teil\/#primaryimage"},"thumbnailUrl":"https:\/\/www.carmelitaniscalzi.com\/wp-content\/uploads\/2025\/11\/cover_italia_10.2025.jpg","datePublished":"2025-11-04T01:58:37+00:00","dateModified":"2025-11-05T01:59:02+00:00","breadcrumb":{"@id":"https:\/\/www.carmelitaniscalzi.com\/de\/2025\/11\/04\/die-ocds-italien-nimmt-am-jubilaeum-der-marianischen-spiritualitaet-teil\/#breadcrumb"},"inLanguage":"de","potentialAction":[{"@type":"ReadAction","target":["https:\/\/www.carmelitaniscalzi.com\/de\/2025\/11\/04\/die-ocds-italien-nimmt-am-jubilaeum-der-marianischen-spiritualitaet-teil\/"]}]},{"@type":"ImageObject","inLanguage":"de","@id":"https:\/\/www.carmelitaniscalzi.com\/de\/2025\/11\/04\/die-ocds-italien-nimmt-am-jubilaeum-der-marianischen-spiritualitaet-teil\/#primaryimage","url":"https:\/\/www.carmelitaniscalzi.com\/wp-content\/uploads\/2025\/11\/cover_italia_10.2025.jpg","contentUrl":"https:\/\/www.carmelitaniscalzi.com\/wp-content\/uploads\/2025\/11\/cover_italia_10.2025.jpg","width":1200,"height":800},{"@type":"BreadcrumbList","@id":"https:\/\/www.carmelitaniscalzi.com\/de\/2025\/11\/04\/die-ocds-italien-nimmt-am-jubilaeum-der-marianischen-spiritualitaet-teil\/#breadcrumb","itemListElement":[{"@type":"ListItem","position":1,"name":"Home","item":"https:\/\/www.carmelitaniscalzi.com\/de\/"},{"@type":"ListItem","position":2,"name":"Die OCDS Italien nimmt am Jubil\u00e4um der marianischen Spiritualit\u00e4t teil"}]},{"@type":"WebSite","@id":"https:\/\/www.carmelitaniscalzi.com\/#website","url":"https:\/\/www.carmelitaniscalzi.com\/","name":"CARMELITANI SCALZI - Curia Generale del Carmelo Teresiano","description":"Generalkurie des Teresianischen Karmel","publisher":{"@id":"https:\/\/www.carmelitaniscalzi.com\/#organization"},"alternateName":"CARMELITANI SCALZI","potentialAction":[{"@type":"SearchAction","target":{"@type":"EntryPoint","urlTemplate":"https:\/\/www.carmelitaniscalzi.com\/?s={search_term_string}"},"query-input":{"@type":"PropertyValueSpecification","valueRequired":true,"valueName":"search_term_string"}}],"inLanguage":"de"},{"@type":"Organization","@id":"https:\/\/www.carmelitaniscalzi.com\/#organization","name":"CARMELITANI SCALZI - Curia Generale del Carmelo Teresiano","url":"https:\/\/www.carmelitaniscalzi.com\/","logo":{"@type":"ImageObject","inLanguage":"de","@id":"https:\/\/www.carmelitaniscalzi.com\/#\/schema\/logo\/image\/","url":"https:\/\/www.carmelitaniscalzi.com\/wp-content\/uploads\/2025\/11\/login-logo.png","contentUrl":"https:\/\/www.carmelitaniscalzi.com\/wp-content\/uploads\/2025\/11\/login-logo.png","width":256,"height":256,"caption":"CARMELITANI SCALZI - Curia Generale del Carmelo Teresiano"},"image":{"@id":"https:\/\/www.carmelitaniscalzi.com\/#\/schema\/logo\/image\/"},"sameAs":["https:\/\/www.facebook.com\/Curia-Generalizia-Carmelitani-Scalzi-658766940887784\/","https:\/\/x.com\/ocdcuria","https:\/\/www.youtube.com\/channel\/UC2J5ZL0ycOY0qBSTCLX_NGQ\/videos","https:\/\/www.instagram.com\/ocdinform\/"]},{"@type":"Person","@id":"https:\/\/www.carmelitaniscalzi.com\/#\/schema\/person\/6d1c0d9bea7b6625c437246a5d6da409","name":"ocd web master","image":{"@type":"ImageObject","inLanguage":"de","@id":"https:\/\/www.carmelitaniscalzi.com\/#\/schema\/person\/image\/","url":"https:\/\/secure.gravatar.com\/avatar\/41fbc5f82bad909fbaf2984c43fa50d8519ac5853e25b454d022b6868f80d0e7?s=96&d=mm&r=g","contentUrl":"https:\/\/secure.gravatar.com\/avatar\/41fbc5f82bad909fbaf2984c43fa50d8519ac5853e25b454d022b6868f80d0e7?s=96&d=mm&r=g","caption":"ocd web master"},"url":"https:\/\/www.carmelitaniscalzi.com\/de\/author\/ocdwebmaster\/"}]}},"_links":{"self":[{"href":"https:\/\/www.carmelitaniscalzi.com\/de\/wp-json\/wp\/v2\/posts\/526269","targetHints":{"allow":["GET"]}}],"collection":[{"href":"https:\/\/www.carmelitaniscalzi.com\/de\/wp-json\/wp\/v2\/posts"}],"about":[{"href":"https:\/\/www.carmelitaniscalzi.com\/de\/wp-json\/wp\/v2\/types\/post"}],"author":[{"embeddable":true,"href":"https:\/\/www.carmelitaniscalzi.com\/de\/wp-json\/wp\/v2\/users\/7"}],"replies":[{"embeddable":true,"href":"https:\/\/www.carmelitaniscalzi.com\/de\/wp-json\/wp\/v2\/comments?post=526269"}],"version-history":[{"count":1,"href":"https:\/\/www.carmelitaniscalzi.com\/de\/wp-json\/wp\/v2\/posts\/526269\/revisions"}],"predecessor-version":[{"id":526270,"href":"https:\/\/www.carmelitaniscalzi.com\/de\/wp-json\/wp\/v2\/posts\/526269\/revisions\/526270"}],"wp:featuredmedia":[{"embeddable":true,"href":"https:\/\/www.carmelitaniscalzi.com\/de\/wp-json\/wp\/v2\/media\/526037"}],"wp:attachment":[{"href":"https:\/\/www.carmelitaniscalzi.com\/de\/wp-json\/wp\/v2\/media?parent=526269"}],"wp:term":[{"taxonomy":"category","embeddable":true,"href":"https:\/\/www.carmelitaniscalzi.com\/de\/wp-json\/wp\/v2\/categories?post=526269"},{"taxonomy":"post_tag","embeddable":true,"href":"https:\/\/www.carmelitaniscalzi.com\/de\/wp-json\/wp\/v2\/tags?post=526269"}],"curies":[{"name":"wp","href":"https:\/\/api.w.org\/{rel}","templated":true}]}}