{"id":492658,"date":"2025-07-08T22:00:36","date_gmt":"2025-07-08T20:00:36","guid":{"rendered":"https:\/\/www.carmelitaniscalzi.com\/?p=492658"},"modified":"2025-07-06T22:07:04","modified_gmt":"2025-07-06T20:07:04","slug":"spanien-die-heilige-theresa-findet-ihren-schrein-in-alba-de-tormes-wieder","status":"publish","type":"post","link":"https:\/\/www.carmelitaniscalzi.com\/de\/2025\/07\/08\/spanien-die-heilige-theresa-findet-ihren-schrein-in-alba-de-tormes-wieder\/","title":{"rendered":"Spanien: Die Heilige Theresa findet ihren Schrein in Alba de Tormes wieder."},"content":{"rendered":"<p>Am 26. Mai kehrten die Urne und der K\u00f6rper der heiligen Theresa von Jesus an ihren angestammten Platz in der Kirche der Unbeschuhten Karmelitinnen von Alba de Tormes zur\u00fcck, in die Mitte des Altarraums. Vom 11. bis 25. Mai zog die \u00f6ffentliche Verehrung ihres K\u00f6rpers \u00fcber 93.000 Pilger an. Die R\u00fcckkehr der Urne der Heiligen Theresa an ihren angestammten Platz erfolgte in zwei Schritten: zun\u00e4chst mit einer Prozession durch die Stra\u00dfen der Stadt Alba, dann mit einer einfacheren Prozession in der Kirche. An letzterer nahmen teil: die Gemeinschaft der unbeschuhten Karmelitinnen von Alba de Tormes und zahlreiche Nonnen aus verschiedenen Kl\u00f6stern der F\u00f6deration der unbeschuhten Karmelitinnen sowie etwa drei\u00dfig unbeschuhte Karmeliten aus verschiedenen Gemeinschaften in ganz Spanien.<\/p>\n<p>Um diesem einzigartigen Moment beizuwohnen, reiste unser Pater General, Pater Miguel M\u00e1rquez Calle, an den Ort des Geschehens. Nach den Restaurierungsarbeiten an den verschiedenen Reliquienschreinen wird nun auch die Urne mit dem K\u00f6rper unserer Heiligen Mutter Teresa zu sehen sein. Bevor die Loggia, in der sich der Schrein befindet, geschlossen wurde, unterzeichnete das Kirchengericht die Schlie\u00dfungsurkunden und die Grabst\u00e4tte wurde nach kanonischem Ritus versiegelt.<\/p>\n<div class=\"wpmf-gallerys wpmf-gallerys-life \" ><div id=\"gallery-1\"\n data-gutter-width=\"5\"\n  data-wpmfcolumns=\"6\" class=\"wpmf-gallery gallery-link-file gallery_life gallery-masonry gallery-columns-6 gallery-size-thumbnail wpmf-gallery-bottomspace-default wpmf-gallery-clear wpmf-has-border-radius-0 wpmf-gutterwidth-5\"><div class=\"wpmf-gallery-item\n     wpmf-gallery-item-position-0 wpmf-gallery-item-attachment-482452\" data-index=\"0\"><div class=\"wpmf-gallery-icon\"><a class=\" not_video noLightbox\" data-lightbox=\"1\" data-href=\"https:\/\/www.carmelitaniscalzi.com\/wp-content\/uploads\/2025\/07\/Spagna-1-1024x683.jpg\" title=\"Spagna 1\" target=\"_self\" data-index=\"0\"><img decoding=\"async\" class=\"wpmf_img\" alt=\"Spagna 1\" src=\"https:\/\/www.carmelitaniscalzi.com\/wp-content\/uploads\/2025\/07\/Spagna-1-150x150.jpg\" data-type=\"wpmfgalleryimg\" data-lazy-src=\"https:\/\/www.carmelitaniscalzi.com\/wp-content\/uploads\/2025\/07\/Spagna-1-150x150.jpg\"><\/a><\/div><\/div><div class=\"wpmf-gallery-item\n     wpmf-gallery-item-position-1 wpmf-gallery-item-attachment-482458\" data-index=\"1\"><div class=\"wpmf-gallery-icon\"><a class=\" not_video noLightbox\" data-lightbox=\"1\" data-href=\"https:\/\/www.carmelitaniscalzi.com\/wp-content\/uploads\/2025\/07\/Spagna-2-1024x682.jpg\" title=\"Spagna 2\" target=\"_self\" data-index=\"1\"><img decoding=\"async\" class=\"wpmf_img\" alt=\"Spagna 2\" src=\"https:\/\/www.carmelitaniscalzi.com\/wp-content\/uploads\/2025\/07\/Spagna-2-150x150.jpg\" data-type=\"wpmfgalleryimg\" data-lazy-src=\"https:\/\/www.carmelitaniscalzi.com\/wp-content\/uploads\/2025\/07\/Spagna-2-150x150.jpg\"><\/a><\/div><\/div><div class=\"wpmf-gallery-item\n     wpmf-gallery-item-position-2 wpmf-gallery-item-attachment-482464\" data-index=\"2\"><div class=\"wpmf-gallery-icon\"><a class=\" not_video noLightbox\" data-lightbox=\"1\" data-href=\"https:\/\/www.carmelitaniscalzi.com\/wp-content\/uploads\/2025\/07\/Spagna-3-1024x769.jpg\" title=\"Spagna 3\" target=\"_self\" data-index=\"2\"><img decoding=\"async\" class=\"wpmf_img\" alt=\"Spagna 3\" src=\"https:\/\/www.carmelitaniscalzi.com\/wp-content\/uploads\/2025\/07\/Spagna-3-150x150.jpg\" data-type=\"wpmfgalleryimg\" data-lazy-src=\"https:\/\/www.carmelitaniscalzi.com\/wp-content\/uploads\/2025\/07\/Spagna-3-150x150.jpg\"><\/a><\/div><\/div><div class=\"wpmf-gallery-item\n     wpmf-gallery-item-position-3 wpmf-gallery-item-attachment-482470\" data-index=\"3\"><div class=\"wpmf-gallery-icon\"><a class=\" not_video noLightbox\" data-lightbox=\"1\" data-href=\"https:\/\/www.carmelitaniscalzi.com\/wp-content\/uploads\/2025\/07\/Spagna-4-1024x768.jpg\" title=\"Spagna 4\" target=\"_self\" data-index=\"3\"><img decoding=\"async\" class=\"wpmf_img\" alt=\"Spagna 4\" src=\"https:\/\/www.carmelitaniscalzi.com\/wp-content\/uploads\/2025\/07\/Spagna-4-150x150.jpg\" data-type=\"wpmfgalleryimg\" data-lazy-src=\"https:\/\/www.carmelitaniscalzi.com\/wp-content\/uploads\/2025\/07\/Spagna-4-150x150.jpg\"><\/a><\/div><\/div><div class=\"wpmf-gallery-item\n     wpmf-gallery-item-position-4 wpmf-gallery-item-attachment-482476\" data-index=\"4\"><div class=\"wpmf-gallery-icon\"><a class=\" not_video noLightbox\" data-lightbox=\"1\" data-href=\"https:\/\/www.carmelitaniscalzi.com\/wp-content\/uploads\/2025\/07\/Spagna-5-1024x768.jpg\" title=\"Spagna 5\" target=\"_self\" data-index=\"4\"><img decoding=\"async\" class=\"wpmf_img\" alt=\"Spagna 5\" src=\"https:\/\/www.carmelitaniscalzi.com\/wp-content\/uploads\/2025\/07\/Spagna-5-150x150.jpg\" data-type=\"wpmfgalleryimg\" data-lazy-src=\"https:\/\/www.carmelitaniscalzi.com\/wp-content\/uploads\/2025\/07\/Spagna-5-150x150.jpg\"><\/a><\/div><\/div><div class=\"wpmf-gallery-item\n     wpmf-gallery-item-position-5 wpmf-gallery-item-attachment-482482\" data-index=\"5\"><div class=\"wpmf-gallery-icon\"><a class=\" not_video noLightbox\" data-lightbox=\"1\" data-href=\"https:\/\/www.carmelitaniscalzi.com\/wp-content\/uploads\/2025\/07\/Spagna-6-1024x963.jpg\" title=\"Spagna 6\" target=\"_self\" data-index=\"5\"><img decoding=\"async\" class=\"wpmf_img\" alt=\"Spagna 6\" src=\"https:\/\/www.carmelitaniscalzi.com\/wp-content\/uploads\/2025\/07\/Spagna-6-150x150.jpg\" data-type=\"wpmfgalleryimg\" data-lazy-src=\"https:\/\/www.carmelitaniscalzi.com\/wp-content\/uploads\/2025\/07\/Spagna-6-150x150.jpg\"><\/a><\/div><\/div><\/div><\/div>\n\n","protected":false},"excerpt":{"rendered":"<p>Am 26. Mai kehrten die Urne und der K\u00f6rper der heiligen Theresa von Jesus an ihren angestammten Platz in der Kirche der Unbeschuhten Karmelitinnen von Alba de Tormes zur\u00fcck, in die Mitte des Altarraums. Vom 11. bis 25. Mai zog die \u00f6ffentliche Verehrung ihres K\u00f6rpers \u00fcber 93.000 Pilger an. Die R\u00fcckkehr der Urne der Heiligen [&hellip;]<\/p>\n","protected":false},"author":7,"featured_media":482446,"comment_status":"closed","ping_status":"closed","sticky":false,"template":"","format":"standard","meta":{"_acf_changed":false,"footnotes":""},"categories":[213,214,218,262,371],"tags":[],"class_list":["post-492658","post","type-post","status-publish","format-standard","has-post-thumbnail","hentry","category-nachrichten-von-p-general","category-nachrichten-ueber-schwestern","category-nachrichten-ueber-brueder","category-nachrichten-ocds","category-nachrichten"],"acf":[],"yoast_head":"<!-- This site is optimized with the Yoast SEO plugin v26.3 - https:\/\/yoast.com\/wordpress\/plugins\/seo\/ -->\n<title>Spanien: Die Heilige Theresa findet ihren Schrein in Alba de Tormes wieder. - UNBESCHUHTE KARMELITEN<\/title>\n<meta name=\"robots\" content=\"index, follow, max-snippet:-1, max-image-preview:large, max-video-preview:-1\" \/>\n<link rel=\"canonical\" href=\"https:\/\/www.carmelitaniscalzi.com\/de\/2025\/07\/08\/spanien-die-heilige-theresa-findet-ihren-schrein-in-alba-de-tormes-wieder\/\" \/>\n<meta property=\"og:locale\" content=\"de_DE\" \/>\n<meta property=\"og:type\" content=\"article\" \/>\n<meta property=\"og:title\" content=\"Spanien: Die Heilige Theresa findet ihren Schrein in Alba de Tormes wieder. - UNBESCHUHTE KARMELITEN\" \/>\n<meta property=\"og:description\" content=\"Am 26. Mai kehrten die Urne und der K\u00f6rper der heiligen Theresa von Jesus an ihren angestammten Platz in der Kirche der Unbeschuhten Karmelitinnen von Alba de Tormes zur\u00fcck, in die Mitte des Altarraums. Vom 11. bis 25. Mai zog die \u00f6ffentliche Verehrung ihres K\u00f6rpers \u00fcber 93.000 Pilger an. Die R\u00fcckkehr der Urne der Heiligen [&hellip;]\" \/>\n<meta property=\"og:url\" content=\"https:\/\/www.carmelitaniscalzi.com\/de\/2025\/07\/08\/spanien-die-heilige-theresa-findet-ihren-schrein-in-alba-de-tormes-wieder\/\" \/>\n<meta property=\"og:site_name\" content=\"UNBESCHUHTE KARMELITEN\" \/>\n<meta property=\"article:publisher\" content=\"https:\/\/www.facebook.com\/Curia-Generalizia-Carmelitani-Scalzi-658766940887784\/\" \/>\n<meta property=\"article:published_time\" content=\"2025-07-08T20:00:36+00:00\" \/>\n<meta property=\"og:image\" content=\"https:\/\/www.carmelitaniscalzi.com\/wp-content\/uploads\/2025\/07\/cover_spagna_06.2025.jpg\" \/>\n\t<meta property=\"og:image:width\" content=\"1200\" \/>\n\t<meta property=\"og:image:height\" content=\"800\" \/>\n\t<meta property=\"og:image:type\" content=\"image\/jpeg\" \/>\n<meta name=\"author\" content=\"ocd web master\" \/>\n<meta name=\"twitter:card\" content=\"summary_large_image\" \/>\n<meta name=\"twitter:creator\" content=\"@ocdcuria\" \/>\n<meta name=\"twitter:site\" content=\"@ocdcuria\" \/>\n<meta name=\"twitter:label1\" content=\"Verfasst von\" \/>\n\t<meta name=\"twitter:data1\" content=\"ocd web master\" \/>\n\t<meta name=\"twitter:label2\" content=\"Gesch\u00e4tzte Lesezeit\" \/>\n\t<meta name=\"twitter:data2\" content=\"1\u00a0Minute\" \/>\n<script type=\"application\/ld+json\" class=\"yoast-schema-graph\">{\"@context\":\"https:\/\/schema.org\",\"@graph\":[{\"@type\":\"Article\",\"@id\":\"https:\/\/www.carmelitaniscalzi.com\/de\/2025\/07\/08\/spanien-die-heilige-theresa-findet-ihren-schrein-in-alba-de-tormes-wieder\/#article\",\"isPartOf\":{\"@id\":\"https:\/\/www.carmelitaniscalzi.com\/de\/2025\/07\/08\/spanien-die-heilige-theresa-findet-ihren-schrein-in-alba-de-tormes-wieder\/\"},\"author\":{\"name\":\"ocd web master\",\"@id\":\"https:\/\/www.carmelitaniscalzi.com\/#\/schema\/person\/6d1c0d9bea7b6625c437246a5d6da409\"},\"headline\":\"Spanien: Die Heilige Theresa findet ihren Schrein in Alba de Tormes wieder.\",\"datePublished\":\"2025-07-08T20:00:36+00:00\",\"mainEntityOfPage\":{\"@id\":\"https:\/\/www.carmelitaniscalzi.com\/de\/2025\/07\/08\/spanien-die-heilige-theresa-findet-ihren-schrein-in-alba-de-tormes-wieder\/\"},\"wordCount\":212,\"publisher\":{\"@id\":\"https:\/\/www.carmelitaniscalzi.com\/#organization\"},\"image\":{\"@id\":\"https:\/\/www.carmelitaniscalzi.com\/de\/2025\/07\/08\/spanien-die-heilige-theresa-findet-ihren-schrein-in-alba-de-tormes-wieder\/#primaryimage\"},\"thumbnailUrl\":\"https:\/\/www.carmelitaniscalzi.com\/wp-content\/uploads\/2025\/07\/cover_spagna_06.2025.jpg\",\"articleSection\":[\"Nachrichten von P. General\",\"Nachrichten \u00fcber Schwestern\",\"Nachrichten \u00fcber Br\u00fcder\",\"Nachrichten OCDS\",\"Nachrichten\"],\"inLanguage\":\"de\"},{\"@type\":\"WebPage\",\"@id\":\"https:\/\/www.carmelitaniscalzi.com\/de\/2025\/07\/08\/spanien-die-heilige-theresa-findet-ihren-schrein-in-alba-de-tormes-wieder\/\",\"url\":\"https:\/\/www.carmelitaniscalzi.com\/de\/2025\/07\/08\/spanien-die-heilige-theresa-findet-ihren-schrein-in-alba-de-tormes-wieder\/\",\"name\":\"Spanien: Die Heilige Theresa findet ihren Schrein in Alba de Tormes wieder. - UNBESCHUHTE KARMELITEN\",\"isPartOf\":{\"@id\":\"https:\/\/www.carmelitaniscalzi.com\/#website\"},\"primaryImageOfPage\":{\"@id\":\"https:\/\/www.carmelitaniscalzi.com\/de\/2025\/07\/08\/spanien-die-heilige-theresa-findet-ihren-schrein-in-alba-de-tormes-wieder\/#primaryimage\"},\"image\":{\"@id\":\"https:\/\/www.carmelitaniscalzi.com\/de\/2025\/07\/08\/spanien-die-heilige-theresa-findet-ihren-schrein-in-alba-de-tormes-wieder\/#primaryimage\"},\"thumbnailUrl\":\"https:\/\/www.carmelitaniscalzi.com\/wp-content\/uploads\/2025\/07\/cover_spagna_06.2025.jpg\",\"datePublished\":\"2025-07-08T20:00:36+00:00\",\"breadcrumb\":{\"@id\":\"https:\/\/www.carmelitaniscalzi.com\/de\/2025\/07\/08\/spanien-die-heilige-theresa-findet-ihren-schrein-in-alba-de-tormes-wieder\/#breadcrumb\"},\"inLanguage\":\"de\",\"potentialAction\":[{\"@type\":\"ReadAction\",\"target\":[\"https:\/\/www.carmelitaniscalzi.com\/de\/2025\/07\/08\/spanien-die-heilige-theresa-findet-ihren-schrein-in-alba-de-tormes-wieder\/\"]}]},{\"@type\":\"ImageObject\",\"inLanguage\":\"de\",\"@id\":\"https:\/\/www.carmelitaniscalzi.com\/de\/2025\/07\/08\/spanien-die-heilige-theresa-findet-ihren-schrein-in-alba-de-tormes-wieder\/#primaryimage\",\"url\":\"https:\/\/www.carmelitaniscalzi.com\/wp-content\/uploads\/2025\/07\/cover_spagna_06.2025.jpg\",\"contentUrl\":\"https:\/\/www.carmelitaniscalzi.com\/wp-content\/uploads\/2025\/07\/cover_spagna_06.2025.jpg\",\"width\":1200,\"height\":800},{\"@type\":\"BreadcrumbList\",\"@id\":\"https:\/\/www.carmelitaniscalzi.com\/de\/2025\/07\/08\/spanien-die-heilige-theresa-findet-ihren-schrein-in-alba-de-tormes-wieder\/#breadcrumb\",\"itemListElement\":[{\"@type\":\"ListItem\",\"position\":1,\"name\":\"Home\",\"item\":\"https:\/\/www.carmelitaniscalzi.com\/de\/\"},{\"@type\":\"ListItem\",\"position\":2,\"name\":\"Spanien: Die Heilige Theresa findet ihren Schrein in Alba de Tormes wieder.\"}]},{\"@type\":\"WebSite\",\"@id\":\"https:\/\/www.carmelitaniscalzi.com\/#website\",\"url\":\"https:\/\/www.carmelitaniscalzi.com\/\",\"name\":\"CARMELITANI SCALZI - Curia Generale del Carmelo Teresiano\",\"description\":\"Generalkurie des Teresianischen Karmel\",\"publisher\":{\"@id\":\"https:\/\/www.carmelitaniscalzi.com\/#organization\"},\"alternateName\":\"CARMELITANI SCALZI\",\"potentialAction\":[{\"@type\":\"SearchAction\",\"target\":{\"@type\":\"EntryPoint\",\"urlTemplate\":\"https:\/\/www.carmelitaniscalzi.com\/?s={search_term_string}\"},\"query-input\":{\"@type\":\"PropertyValueSpecification\",\"valueRequired\":true,\"valueName\":\"search_term_string\"}}],\"inLanguage\":\"de\"},{\"@type\":\"Organization\",\"@id\":\"https:\/\/www.carmelitaniscalzi.com\/#organization\",\"name\":\"CARMELITANI SCALZI - Curia Generale del Carmelo Teresiano\",\"url\":\"https:\/\/www.carmelitaniscalzi.com\/\",\"logo\":{\"@type\":\"ImageObject\",\"inLanguage\":\"de\",\"@id\":\"https:\/\/www.carmelitaniscalzi.com\/#\/schema\/logo\/image\/\",\"url\":\"https:\/\/www.carmelitaniscalzi.com\/wp-content\/uploads\/2025\/11\/login-logo.png\",\"contentUrl\":\"https:\/\/www.carmelitaniscalzi.com\/wp-content\/uploads\/2025\/11\/login-logo.png\",\"width\":256,\"height\":256,\"caption\":\"CARMELITANI SCALZI - Curia Generale del Carmelo Teresiano\"},\"image\":{\"@id\":\"https:\/\/www.carmelitaniscalzi.com\/#\/schema\/logo\/image\/\"},\"sameAs\":[\"https:\/\/www.facebook.com\/Curia-Generalizia-Carmelitani-Scalzi-658766940887784\/\",\"https:\/\/x.com\/ocdcuria\",\"https:\/\/www.youtube.com\/channel\/UC2J5ZL0ycOY0qBSTCLX_NGQ\/videos\",\"https:\/\/www.instagram.com\/ocdinform\/\"]},{\"@type\":\"Person\",\"@id\":\"https:\/\/www.carmelitaniscalzi.com\/#\/schema\/person\/6d1c0d9bea7b6625c437246a5d6da409\",\"name\":\"ocd web master\",\"image\":{\"@type\":\"ImageObject\",\"inLanguage\":\"de\",\"@id\":\"https:\/\/www.carmelitaniscalzi.com\/#\/schema\/person\/image\/\",\"url\":\"https:\/\/secure.gravatar.com\/avatar\/41fbc5f82bad909fbaf2984c43fa50d8519ac5853e25b454d022b6868f80d0e7?s=96&d=mm&r=g\",\"contentUrl\":\"https:\/\/secure.gravatar.com\/avatar\/41fbc5f82bad909fbaf2984c43fa50d8519ac5853e25b454d022b6868f80d0e7?s=96&d=mm&r=g\",\"caption\":\"ocd web master\"},\"url\":\"https:\/\/www.carmelitaniscalzi.com\/de\/author\/ocdwebmaster\/\"}]}<\/script>\n<!-- \/ Yoast SEO plugin. -->","yoast_head_json":{"title":"Spanien: Die Heilige Theresa findet ihren Schrein in Alba de Tormes wieder. - UNBESCHUHTE KARMELITEN","robots":{"index":"index","follow":"follow","max-snippet":"max-snippet:-1","max-image-preview":"max-image-preview:large","max-video-preview":"max-video-preview:-1"},"canonical":"https:\/\/www.carmelitaniscalzi.com\/de\/2025\/07\/08\/spanien-die-heilige-theresa-findet-ihren-schrein-in-alba-de-tormes-wieder\/","og_locale":"de_DE","og_type":"article","og_title":"Spanien: Die Heilige Theresa findet ihren Schrein in Alba de Tormes wieder. - UNBESCHUHTE KARMELITEN","og_description":"Am 26. Mai kehrten die Urne und der K\u00f6rper der heiligen Theresa von Jesus an ihren angestammten Platz in der Kirche der Unbeschuhten Karmelitinnen von Alba de Tormes zur\u00fcck, in die Mitte des Altarraums. Vom 11. bis 25. Mai zog die \u00f6ffentliche Verehrung ihres K\u00f6rpers \u00fcber 93.000 Pilger an. Die R\u00fcckkehr der Urne der Heiligen [&hellip;]","og_url":"https:\/\/www.carmelitaniscalzi.com\/de\/2025\/07\/08\/spanien-die-heilige-theresa-findet-ihren-schrein-in-alba-de-tormes-wieder\/","og_site_name":"UNBESCHUHTE KARMELITEN","article_publisher":"https:\/\/www.facebook.com\/Curia-Generalizia-Carmelitani-Scalzi-658766940887784\/","article_published_time":"2025-07-08T20:00:36+00:00","og_image":[{"width":1200,"height":800,"url":"https:\/\/www.carmelitaniscalzi.com\/wp-content\/uploads\/2025\/07\/cover_spagna_06.2025.jpg","type":"image\/jpeg"}],"author":"ocd web master","twitter_card":"summary_large_image","twitter_creator":"@ocdcuria","twitter_site":"@ocdcuria","twitter_misc":{"Verfasst von":"ocd web master","Gesch\u00e4tzte Lesezeit":"1\u00a0Minute"},"schema":{"@context":"https:\/\/schema.org","@graph":[{"@type":"Article","@id":"https:\/\/www.carmelitaniscalzi.com\/de\/2025\/07\/08\/spanien-die-heilige-theresa-findet-ihren-schrein-in-alba-de-tormes-wieder\/#article","isPartOf":{"@id":"https:\/\/www.carmelitaniscalzi.com\/de\/2025\/07\/08\/spanien-die-heilige-theresa-findet-ihren-schrein-in-alba-de-tormes-wieder\/"},"author":{"name":"ocd web master","@id":"https:\/\/www.carmelitaniscalzi.com\/#\/schema\/person\/6d1c0d9bea7b6625c437246a5d6da409"},"headline":"Spanien: Die Heilige Theresa findet ihren Schrein in Alba de Tormes wieder.","datePublished":"2025-07-08T20:00:36+00:00","mainEntityOfPage":{"@id":"https:\/\/www.carmelitaniscalzi.com\/de\/2025\/07\/08\/spanien-die-heilige-theresa-findet-ihren-schrein-in-alba-de-tormes-wieder\/"},"wordCount":212,"publisher":{"@id":"https:\/\/www.carmelitaniscalzi.com\/#organization"},"image":{"@id":"https:\/\/www.carmelitaniscalzi.com\/de\/2025\/07\/08\/spanien-die-heilige-theresa-findet-ihren-schrein-in-alba-de-tormes-wieder\/#primaryimage"},"thumbnailUrl":"https:\/\/www.carmelitaniscalzi.com\/wp-content\/uploads\/2025\/07\/cover_spagna_06.2025.jpg","articleSection":["Nachrichten von P. General","Nachrichten \u00fcber Schwestern","Nachrichten \u00fcber Br\u00fcder","Nachrichten OCDS","Nachrichten"],"inLanguage":"de"},{"@type":"WebPage","@id":"https:\/\/www.carmelitaniscalzi.com\/de\/2025\/07\/08\/spanien-die-heilige-theresa-findet-ihren-schrein-in-alba-de-tormes-wieder\/","url":"https:\/\/www.carmelitaniscalzi.com\/de\/2025\/07\/08\/spanien-die-heilige-theresa-findet-ihren-schrein-in-alba-de-tormes-wieder\/","name":"Spanien: Die Heilige Theresa findet ihren Schrein in Alba de Tormes wieder. - UNBESCHUHTE KARMELITEN","isPartOf":{"@id":"https:\/\/www.carmelitaniscalzi.com\/#website"},"primaryImageOfPage":{"@id":"https:\/\/www.carmelitaniscalzi.com\/de\/2025\/07\/08\/spanien-die-heilige-theresa-findet-ihren-schrein-in-alba-de-tormes-wieder\/#primaryimage"},"image":{"@id":"https:\/\/www.carmelitaniscalzi.com\/de\/2025\/07\/08\/spanien-die-heilige-theresa-findet-ihren-schrein-in-alba-de-tormes-wieder\/#primaryimage"},"thumbnailUrl":"https:\/\/www.carmelitaniscalzi.com\/wp-content\/uploads\/2025\/07\/cover_spagna_06.2025.jpg","datePublished":"2025-07-08T20:00:36+00:00","breadcrumb":{"@id":"https:\/\/www.carmelitaniscalzi.com\/de\/2025\/07\/08\/spanien-die-heilige-theresa-findet-ihren-schrein-in-alba-de-tormes-wieder\/#breadcrumb"},"inLanguage":"de","potentialAction":[{"@type":"ReadAction","target":["https:\/\/www.carmelitaniscalzi.com\/de\/2025\/07\/08\/spanien-die-heilige-theresa-findet-ihren-schrein-in-alba-de-tormes-wieder\/"]}]},{"@type":"ImageObject","inLanguage":"de","@id":"https:\/\/www.carmelitaniscalzi.com\/de\/2025\/07\/08\/spanien-die-heilige-theresa-findet-ihren-schrein-in-alba-de-tormes-wieder\/#primaryimage","url":"https:\/\/www.carmelitaniscalzi.com\/wp-content\/uploads\/2025\/07\/cover_spagna_06.2025.jpg","contentUrl":"https:\/\/www.carmelitaniscalzi.com\/wp-content\/uploads\/2025\/07\/cover_spagna_06.2025.jpg","width":1200,"height":800},{"@type":"BreadcrumbList","@id":"https:\/\/www.carmelitaniscalzi.com\/de\/2025\/07\/08\/spanien-die-heilige-theresa-findet-ihren-schrein-in-alba-de-tormes-wieder\/#breadcrumb","itemListElement":[{"@type":"ListItem","position":1,"name":"Home","item":"https:\/\/www.carmelitaniscalzi.com\/de\/"},{"@type":"ListItem","position":2,"name":"Spanien: Die Heilige Theresa findet ihren Schrein in Alba de Tormes wieder."}]},{"@type":"WebSite","@id":"https:\/\/www.carmelitaniscalzi.com\/#website","url":"https:\/\/www.carmelitaniscalzi.com\/","name":"CARMELITANI SCALZI - Curia Generale del Carmelo Teresiano","description":"Generalkurie des Teresianischen Karmel","publisher":{"@id":"https:\/\/www.carmelitaniscalzi.com\/#organization"},"alternateName":"CARMELITANI SCALZI","potentialAction":[{"@type":"SearchAction","target":{"@type":"EntryPoint","urlTemplate":"https:\/\/www.carmelitaniscalzi.com\/?s={search_term_string}"},"query-input":{"@type":"PropertyValueSpecification","valueRequired":true,"valueName":"search_term_string"}}],"inLanguage":"de"},{"@type":"Organization","@id":"https:\/\/www.carmelitaniscalzi.com\/#organization","name":"CARMELITANI SCALZI - Curia Generale del Carmelo Teresiano","url":"https:\/\/www.carmelitaniscalzi.com\/","logo":{"@type":"ImageObject","inLanguage":"de","@id":"https:\/\/www.carmelitaniscalzi.com\/#\/schema\/logo\/image\/","url":"https:\/\/www.carmelitaniscalzi.com\/wp-content\/uploads\/2025\/11\/login-logo.png","contentUrl":"https:\/\/www.carmelitaniscalzi.com\/wp-content\/uploads\/2025\/11\/login-logo.png","width":256,"height":256,"caption":"CARMELITANI SCALZI - Curia Generale del Carmelo Teresiano"},"image":{"@id":"https:\/\/www.carmelitaniscalzi.com\/#\/schema\/logo\/image\/"},"sameAs":["https:\/\/www.facebook.com\/Curia-Generalizia-Carmelitani-Scalzi-658766940887784\/","https:\/\/x.com\/ocdcuria","https:\/\/www.youtube.com\/channel\/UC2J5ZL0ycOY0qBSTCLX_NGQ\/videos","https:\/\/www.instagram.com\/ocdinform\/"]},{"@type":"Person","@id":"https:\/\/www.carmelitaniscalzi.com\/#\/schema\/person\/6d1c0d9bea7b6625c437246a5d6da409","name":"ocd web master","image":{"@type":"ImageObject","inLanguage":"de","@id":"https:\/\/www.carmelitaniscalzi.com\/#\/schema\/person\/image\/","url":"https:\/\/secure.gravatar.com\/avatar\/41fbc5f82bad909fbaf2984c43fa50d8519ac5853e25b454d022b6868f80d0e7?s=96&d=mm&r=g","contentUrl":"https:\/\/secure.gravatar.com\/avatar\/41fbc5f82bad909fbaf2984c43fa50d8519ac5853e25b454d022b6868f80d0e7?s=96&d=mm&r=g","caption":"ocd web master"},"url":"https:\/\/www.carmelitaniscalzi.com\/de\/author\/ocdwebmaster\/"}]}},"_links":{"self":[{"href":"https:\/\/www.carmelitaniscalzi.com\/de\/wp-json\/wp\/v2\/posts\/492658","targetHints":{"allow":["GET"]}}],"collection":[{"href":"https:\/\/www.carmelitaniscalzi.com\/de\/wp-json\/wp\/v2\/posts"}],"about":[{"href":"https:\/\/www.carmelitaniscalzi.com\/de\/wp-json\/wp\/v2\/types\/post"}],"author":[{"embeddable":true,"href":"https:\/\/www.carmelitaniscalzi.com\/de\/wp-json\/wp\/v2\/users\/7"}],"replies":[{"embeddable":true,"href":"https:\/\/www.carmelitaniscalzi.com\/de\/wp-json\/wp\/v2\/comments?post=492658"}],"version-history":[{"count":1,"href":"https:\/\/www.carmelitaniscalzi.com\/de\/wp-json\/wp\/v2\/posts\/492658\/revisions"}],"predecessor-version":[{"id":492659,"href":"https:\/\/www.carmelitaniscalzi.com\/de\/wp-json\/wp\/v2\/posts\/492658\/revisions\/492659"}],"wp:featuredmedia":[{"embeddable":true,"href":"https:\/\/www.carmelitaniscalzi.com\/de\/wp-json\/wp\/v2\/media\/482446"}],"wp:attachment":[{"href":"https:\/\/www.carmelitaniscalzi.com\/de\/wp-json\/wp\/v2\/media?parent=492658"}],"wp:term":[{"taxonomy":"category","embeddable":true,"href":"https:\/\/www.carmelitaniscalzi.com\/de\/wp-json\/wp\/v2\/categories?post=492658"},{"taxonomy":"post_tag","embeddable":true,"href":"https:\/\/www.carmelitaniscalzi.com\/de\/wp-json\/wp\/v2\/tags?post=492658"}],"curies":[{"name":"wp","href":"https:\/\/api.w.org\/{rel}","templated":true}]}}