{"id":449619,"date":"2025-03-20T02:13:25","date_gmt":"2025-03-20T01:13:25","guid":{"rendered":"https:\/\/www.carmelitaniscalzi.com\/?p=449619"},"modified":"2025-03-20T02:13:25","modified_gmt":"2025-03-20T01:13:25","slug":"ocds-in-italien-start-eines-nationalen-online-ausbildungslabors","status":"publish","type":"post","link":"https:\/\/www.carmelitaniscalzi.com\/de\/2025\/03\/20\/ocds-in-italien-start-eines-nationalen-online-ausbildungslabors\/","title":{"rendered":"OCDS in Italien: Start eines nationalen Online-Ausbildungslabors"},"content":{"rendered":"<p>Am Freitag, den 31. Januar 2025, begann ein nationales Online-Ausbildungslabor f\u00fcr aktuelle und zuk\u00fcnftige Ausbildungsleiter, das vom Interprovinziellen OCDS-Koordinationsteams Italiens organisiert wurde.<\/p>\n<p>An diesem ersten Online-Treffen nahmen \u00fcber 250 Mitglieder des S\u00e4kularordens aus den verschiedenen Provinzen, Semiprovinzen und Kommissariaten des OCDS in Italien teil.<\/p>\n<p>Warum eine Ausbldungsschule? Weil wir glauben, dass die Ausbildung f\u00fcr den beruflichen Weg einer Person, die sich dem OCDS n\u00e4hert, von grundlegender Bedeutung ist. In seinem Brief an den S\u00e4kularenorden vom 15. August 2023 schreibt unser Generaloberer: &#8222;Die Ausbildung im OCDS ist ein wesentlicher und unverzichtbarer Vorgang: \u2018Das zentrale Ziel des Ausbildungsprozesses im OCDS ist es, die Person darauf vorzubereiten, das Charisma und die Spiritualit\u00e4t des Karmels in der Nachfolge Christi im Dienst der Mission des S\u00e4kularordens zu leben.<\/p>\n<div class=\"wpmf-gallerys wpmf-gallerys-life \" ><div id=\"gallery-1\"\n data-gutter-width=\"5\"\n  data-wpmfcolumns=\"3\" class=\"wpmf-gallery gallery-link-file gallery_life gallery-masonry gallery-columns-3 gallery-size-thumbnail wpmf-gallery-bottomspace-default wpmf-gallery-clear wpmf-has-border-radius-0 wpmf-gutterwidth-5\"><div class=\"wpmf-gallery-item\n     wpmf-gallery-item-position-0 wpmf-gallery-item-attachment-449354\" data-index=\"0\"><div class=\"wpmf-gallery-icon\"><a class=\" not_video noLightbox\" data-lightbox=\"1\" data-href=\"https:\/\/www.carmelitaniscalzi.com\/wp-content\/uploads\/2025\/03\/OCDS-Italia-5-1024x575.png\" title=\"OCDS Italia 5\" target=\"_self\" data-index=\"0\"><img decoding=\"async\" class=\"wpmf_img\" alt=\"OCDS Italia 5\" src=\"https:\/\/www.carmelitaniscalzi.com\/wp-content\/uploads\/2025\/03\/OCDS-Italia-5-150x150.png\" data-type=\"wpmfgalleryimg\" data-lazy-src=\"https:\/\/www.carmelitaniscalzi.com\/wp-content\/uploads\/2025\/03\/OCDS-Italia-5-150x150.png\"><\/a><\/div><\/div><div class=\"wpmf-gallery-item\n     wpmf-gallery-item-position-1 wpmf-gallery-item-attachment-449360\" data-index=\"1\"><div class=\"wpmf-gallery-icon\"><a class=\" not_video noLightbox\" data-lightbox=\"1\" data-href=\"https:\/\/www.carmelitaniscalzi.com\/wp-content\/uploads\/2025\/03\/OCDS-Italia-6-1024x575.png\" title=\"OCDS Italia 6\" target=\"_self\" data-index=\"1\"><img decoding=\"async\" class=\"wpmf_img\" alt=\"OCDS Italia 6\" src=\"https:\/\/www.carmelitaniscalzi.com\/wp-content\/uploads\/2025\/03\/OCDS-Italia-6-150x150.png\" data-type=\"wpmfgalleryimg\" data-lazy-src=\"https:\/\/www.carmelitaniscalzi.com\/wp-content\/uploads\/2025\/03\/OCDS-Italia-6-150x150.png\"><\/a><\/div><\/div><div class=\"wpmf-gallery-item\n     wpmf-gallery-item-position-2 wpmf-gallery-item-attachment-449366\" data-index=\"2\"><div class=\"wpmf-gallery-icon\"><a class=\" not_video noLightbox\" data-lightbox=\"1\" data-href=\"https:\/\/www.carmelitaniscalzi.com\/wp-content\/uploads\/2025\/03\/OCDS-Italia-7-1024x575.png\" title=\"OCDS Italia 7\" target=\"_self\" data-index=\"2\"><img decoding=\"async\" class=\"wpmf_img\" alt=\"OCDS Italia 7\" src=\"https:\/\/www.carmelitaniscalzi.com\/wp-content\/uploads\/2025\/03\/OCDS-Italia-7-150x150.png\" data-type=\"wpmfgalleryimg\" data-lazy-src=\"https:\/\/www.carmelitaniscalzi.com\/wp-content\/uploads\/2025\/03\/OCDS-Italia-7-150x150.png\"><\/a><\/div><\/div><\/div><\/div>\n\n","protected":false},"excerpt":{"rendered":"<p>Am Freitag, den 31. Januar 2025, begann ein nationales Online-Ausbildungslabor f\u00fcr aktuelle und zuk\u00fcnftige Ausbildungsleiter, das vom Interprovinziellen OCDS-Koordinationsteams Italiens organisiert wurde. An diesem ersten Online-Treffen nahmen \u00fcber 250 Mitglieder des S\u00e4kularordens aus den verschiedenen Provinzen, Semiprovinzen und Kommissariaten des OCDS in Italien teil. Warum eine Ausbldungsschule? Weil wir glauben, dass die Ausbildung f\u00fcr den [&hellip;]<\/p>\n","protected":false},"author":7,"featured_media":449348,"comment_status":"closed","ping_status":"open","sticky":false,"template":"","format":"standard","meta":{"_acf_changed":false,"footnotes":""},"categories":[217,262,371],"tags":[],"class_list":["post-449619","post","type-post","status-publish","format-standard","has-post-thumbnail","hentry","category-nachrichten-aus-den-missionen","category-nachrichten-ocds","category-nachrichten"],"acf":[],"yoast_head":"<!-- This site is optimized with the Yoast SEO plugin v26.3 - https:\/\/yoast.com\/wordpress\/plugins\/seo\/ -->\n<title>OCDS in Italien: Start eines nationalen Online-Ausbildungslabors - UNBESCHUHTE KARMELITEN<\/title>\n<meta name=\"robots\" content=\"index, follow, max-snippet:-1, max-image-preview:large, max-video-preview:-1\" \/>\n<link rel=\"canonical\" href=\"https:\/\/www.carmelitaniscalzi.com\/de\/2025\/03\/20\/ocds-in-italien-start-eines-nationalen-online-ausbildungslabors\/\" \/>\n<meta property=\"og:locale\" content=\"de_DE\" \/>\n<meta property=\"og:type\" content=\"article\" \/>\n<meta property=\"og:title\" content=\"OCDS in Italien: Start eines nationalen Online-Ausbildungslabors - UNBESCHUHTE KARMELITEN\" \/>\n<meta property=\"og:description\" content=\"Am Freitag, den 31. Januar 2025, begann ein nationales Online-Ausbildungslabor f\u00fcr aktuelle und zuk\u00fcnftige Ausbildungsleiter, das vom Interprovinziellen OCDS-Koordinationsteams Italiens organisiert wurde. An diesem ersten Online-Treffen nahmen \u00fcber 250 Mitglieder des S\u00e4kularordens aus den verschiedenen Provinzen, Semiprovinzen und Kommissariaten des OCDS in Italien teil. Warum eine Ausbldungsschule? Weil wir glauben, dass die Ausbildung f\u00fcr den [&hellip;]\" \/>\n<meta property=\"og:url\" content=\"https:\/\/www.carmelitaniscalzi.com\/de\/2025\/03\/20\/ocds-in-italien-start-eines-nationalen-online-ausbildungslabors\/\" \/>\n<meta property=\"og:site_name\" content=\"UNBESCHUHTE KARMELITEN\" \/>\n<meta property=\"article:publisher\" content=\"https:\/\/www.facebook.com\/Curia-Generalizia-Carmelitani-Scalzi-658766940887784\/\" \/>\n<meta property=\"article:published_time\" content=\"2025-03-20T01:13:25+00:00\" \/>\n<meta property=\"og:image\" content=\"https:\/\/www.carmelitaniscalzi.com\/wp-content\/uploads\/2025\/03\/cover_ocdsitalia_02.2025.jpg\" \/>\n\t<meta property=\"og:image:width\" content=\"1200\" \/>\n\t<meta property=\"og:image:height\" content=\"800\" \/>\n\t<meta property=\"og:image:type\" content=\"image\/jpeg\" \/>\n<meta name=\"author\" content=\"ocd web master\" \/>\n<meta name=\"twitter:card\" content=\"summary_large_image\" \/>\n<meta name=\"twitter:creator\" content=\"@ocdcuria\" \/>\n<meta name=\"twitter:site\" content=\"@ocdcuria\" \/>\n<meta name=\"twitter:label1\" content=\"Verfasst von\" \/>\n\t<meta name=\"twitter:data1\" content=\"ocd web master\" \/>\n\t<meta name=\"twitter:label2\" content=\"Gesch\u00e4tzte Lesezeit\" \/>\n\t<meta name=\"twitter:data2\" content=\"1\u00a0Minute\" \/>\n<script type=\"application\/ld+json\" class=\"yoast-schema-graph\">{\"@context\":\"https:\/\/schema.org\",\"@graph\":[{\"@type\":\"Article\",\"@id\":\"https:\/\/www.carmelitaniscalzi.com\/de\/2025\/03\/20\/ocds-in-italien-start-eines-nationalen-online-ausbildungslabors\/#article\",\"isPartOf\":{\"@id\":\"https:\/\/www.carmelitaniscalzi.com\/de\/2025\/03\/20\/ocds-in-italien-start-eines-nationalen-online-ausbildungslabors\/\"},\"author\":{\"name\":\"ocd web master\",\"@id\":\"https:\/\/www.carmelitaniscalzi.com\/#\/schema\/person\/6d1c0d9bea7b6625c437246a5d6da409\"},\"headline\":\"OCDS in Italien: Start eines nationalen Online-Ausbildungslabors\",\"datePublished\":\"2025-03-20T01:13:25+00:00\",\"mainEntityOfPage\":{\"@id\":\"https:\/\/www.carmelitaniscalzi.com\/de\/2025\/03\/20\/ocds-in-italien-start-eines-nationalen-online-ausbildungslabors\/\"},\"wordCount\":142,\"publisher\":{\"@id\":\"https:\/\/www.carmelitaniscalzi.com\/#organization\"},\"image\":{\"@id\":\"https:\/\/www.carmelitaniscalzi.com\/de\/2025\/03\/20\/ocds-in-italien-start-eines-nationalen-online-ausbildungslabors\/#primaryimage\"},\"thumbnailUrl\":\"https:\/\/www.carmelitaniscalzi.com\/wp-content\/uploads\/2025\/03\/cover_ocdsitalia_02.2025.jpg\",\"articleSection\":[\"Nachrichten zur Ausbildung\",\"Nachrichten OCDS\",\"Nachrichten\"],\"inLanguage\":\"de\"},{\"@type\":\"WebPage\",\"@id\":\"https:\/\/www.carmelitaniscalzi.com\/de\/2025\/03\/20\/ocds-in-italien-start-eines-nationalen-online-ausbildungslabors\/\",\"url\":\"https:\/\/www.carmelitaniscalzi.com\/de\/2025\/03\/20\/ocds-in-italien-start-eines-nationalen-online-ausbildungslabors\/\",\"name\":\"OCDS in Italien: Start eines nationalen Online-Ausbildungslabors - UNBESCHUHTE KARMELITEN\",\"isPartOf\":{\"@id\":\"https:\/\/www.carmelitaniscalzi.com\/#website\"},\"primaryImageOfPage\":{\"@id\":\"https:\/\/www.carmelitaniscalzi.com\/de\/2025\/03\/20\/ocds-in-italien-start-eines-nationalen-online-ausbildungslabors\/#primaryimage\"},\"image\":{\"@id\":\"https:\/\/www.carmelitaniscalzi.com\/de\/2025\/03\/20\/ocds-in-italien-start-eines-nationalen-online-ausbildungslabors\/#primaryimage\"},\"thumbnailUrl\":\"https:\/\/www.carmelitaniscalzi.com\/wp-content\/uploads\/2025\/03\/cover_ocdsitalia_02.2025.jpg\",\"datePublished\":\"2025-03-20T01:13:25+00:00\",\"breadcrumb\":{\"@id\":\"https:\/\/www.carmelitaniscalzi.com\/de\/2025\/03\/20\/ocds-in-italien-start-eines-nationalen-online-ausbildungslabors\/#breadcrumb\"},\"inLanguage\":\"de\",\"potentialAction\":[{\"@type\":\"ReadAction\",\"target\":[\"https:\/\/www.carmelitaniscalzi.com\/de\/2025\/03\/20\/ocds-in-italien-start-eines-nationalen-online-ausbildungslabors\/\"]}]},{\"@type\":\"ImageObject\",\"inLanguage\":\"de\",\"@id\":\"https:\/\/www.carmelitaniscalzi.com\/de\/2025\/03\/20\/ocds-in-italien-start-eines-nationalen-online-ausbildungslabors\/#primaryimage\",\"url\":\"https:\/\/www.carmelitaniscalzi.com\/wp-content\/uploads\/2025\/03\/cover_ocdsitalia_02.2025.jpg\",\"contentUrl\":\"https:\/\/www.carmelitaniscalzi.com\/wp-content\/uploads\/2025\/03\/cover_ocdsitalia_02.2025.jpg\",\"width\":1200,\"height\":800},{\"@type\":\"BreadcrumbList\",\"@id\":\"https:\/\/www.carmelitaniscalzi.com\/de\/2025\/03\/20\/ocds-in-italien-start-eines-nationalen-online-ausbildungslabors\/#breadcrumb\",\"itemListElement\":[{\"@type\":\"ListItem\",\"position\":1,\"name\":\"Home\",\"item\":\"https:\/\/www.carmelitaniscalzi.com\/de\/\"},{\"@type\":\"ListItem\",\"position\":2,\"name\":\"OCDS in Italien: Start eines nationalen Online-Ausbildungslabors\"}]},{\"@type\":\"WebSite\",\"@id\":\"https:\/\/www.carmelitaniscalzi.com\/#website\",\"url\":\"https:\/\/www.carmelitaniscalzi.com\/\",\"name\":\"CARMELITANI SCALZI - Curia Generale del Carmelo Teresiano\",\"description\":\"Generalkurie des Teresianischen Karmel\",\"publisher\":{\"@id\":\"https:\/\/www.carmelitaniscalzi.com\/#organization\"},\"alternateName\":\"CARMELITANI SCALZI\",\"potentialAction\":[{\"@type\":\"SearchAction\",\"target\":{\"@type\":\"EntryPoint\",\"urlTemplate\":\"https:\/\/www.carmelitaniscalzi.com\/?s={search_term_string}\"},\"query-input\":{\"@type\":\"PropertyValueSpecification\",\"valueRequired\":true,\"valueName\":\"search_term_string\"}}],\"inLanguage\":\"de\"},{\"@type\":\"Organization\",\"@id\":\"https:\/\/www.carmelitaniscalzi.com\/#organization\",\"name\":\"CARMELITANI SCALZI - Curia Generale del Carmelo Teresiano\",\"url\":\"https:\/\/www.carmelitaniscalzi.com\/\",\"logo\":{\"@type\":\"ImageObject\",\"inLanguage\":\"de\",\"@id\":\"https:\/\/www.carmelitaniscalzi.com\/#\/schema\/logo\/image\/\",\"url\":\"https:\/\/www.carmelitaniscalzi.com\/wp-content\/uploads\/2025\/11\/login-logo.png\",\"contentUrl\":\"https:\/\/www.carmelitaniscalzi.com\/wp-content\/uploads\/2025\/11\/login-logo.png\",\"width\":256,\"height\":256,\"caption\":\"CARMELITANI SCALZI - Curia Generale del Carmelo Teresiano\"},\"image\":{\"@id\":\"https:\/\/www.carmelitaniscalzi.com\/#\/schema\/logo\/image\/\"},\"sameAs\":[\"https:\/\/www.facebook.com\/Curia-Generalizia-Carmelitani-Scalzi-658766940887784\/\",\"https:\/\/x.com\/ocdcuria\",\"https:\/\/www.youtube.com\/channel\/UC2J5ZL0ycOY0qBSTCLX_NGQ\/videos\",\"https:\/\/www.instagram.com\/ocdinform\/\"]},{\"@type\":\"Person\",\"@id\":\"https:\/\/www.carmelitaniscalzi.com\/#\/schema\/person\/6d1c0d9bea7b6625c437246a5d6da409\",\"name\":\"ocd web master\",\"image\":{\"@type\":\"ImageObject\",\"inLanguage\":\"de\",\"@id\":\"https:\/\/www.carmelitaniscalzi.com\/#\/schema\/person\/image\/\",\"url\":\"https:\/\/secure.gravatar.com\/avatar\/41fbc5f82bad909fbaf2984c43fa50d8519ac5853e25b454d022b6868f80d0e7?s=96&d=mm&r=g\",\"contentUrl\":\"https:\/\/secure.gravatar.com\/avatar\/41fbc5f82bad909fbaf2984c43fa50d8519ac5853e25b454d022b6868f80d0e7?s=96&d=mm&r=g\",\"caption\":\"ocd web master\"},\"url\":\"https:\/\/www.carmelitaniscalzi.com\/de\/author\/ocdwebmaster\/\"}]}<\/script>\n<!-- \/ Yoast SEO plugin. -->","yoast_head_json":{"title":"OCDS in Italien: Start eines nationalen Online-Ausbildungslabors - UNBESCHUHTE KARMELITEN","robots":{"index":"index","follow":"follow","max-snippet":"max-snippet:-1","max-image-preview":"max-image-preview:large","max-video-preview":"max-video-preview:-1"},"canonical":"https:\/\/www.carmelitaniscalzi.com\/de\/2025\/03\/20\/ocds-in-italien-start-eines-nationalen-online-ausbildungslabors\/","og_locale":"de_DE","og_type":"article","og_title":"OCDS in Italien: Start eines nationalen Online-Ausbildungslabors - UNBESCHUHTE KARMELITEN","og_description":"Am Freitag, den 31. Januar 2025, begann ein nationales Online-Ausbildungslabor f\u00fcr aktuelle und zuk\u00fcnftige Ausbildungsleiter, das vom Interprovinziellen OCDS-Koordinationsteams Italiens organisiert wurde. An diesem ersten Online-Treffen nahmen \u00fcber 250 Mitglieder des S\u00e4kularordens aus den verschiedenen Provinzen, Semiprovinzen und Kommissariaten des OCDS in Italien teil. Warum eine Ausbldungsschule? Weil wir glauben, dass die Ausbildung f\u00fcr den [&hellip;]","og_url":"https:\/\/www.carmelitaniscalzi.com\/de\/2025\/03\/20\/ocds-in-italien-start-eines-nationalen-online-ausbildungslabors\/","og_site_name":"UNBESCHUHTE KARMELITEN","article_publisher":"https:\/\/www.facebook.com\/Curia-Generalizia-Carmelitani-Scalzi-658766940887784\/","article_published_time":"2025-03-20T01:13:25+00:00","og_image":[{"width":1200,"height":800,"url":"https:\/\/www.carmelitaniscalzi.com\/wp-content\/uploads\/2025\/03\/cover_ocdsitalia_02.2025.jpg","type":"image\/jpeg"}],"author":"ocd web master","twitter_card":"summary_large_image","twitter_creator":"@ocdcuria","twitter_site":"@ocdcuria","twitter_misc":{"Verfasst von":"ocd web master","Gesch\u00e4tzte Lesezeit":"1\u00a0Minute"},"schema":{"@context":"https:\/\/schema.org","@graph":[{"@type":"Article","@id":"https:\/\/www.carmelitaniscalzi.com\/de\/2025\/03\/20\/ocds-in-italien-start-eines-nationalen-online-ausbildungslabors\/#article","isPartOf":{"@id":"https:\/\/www.carmelitaniscalzi.com\/de\/2025\/03\/20\/ocds-in-italien-start-eines-nationalen-online-ausbildungslabors\/"},"author":{"name":"ocd web master","@id":"https:\/\/www.carmelitaniscalzi.com\/#\/schema\/person\/6d1c0d9bea7b6625c437246a5d6da409"},"headline":"OCDS in Italien: Start eines nationalen Online-Ausbildungslabors","datePublished":"2025-03-20T01:13:25+00:00","mainEntityOfPage":{"@id":"https:\/\/www.carmelitaniscalzi.com\/de\/2025\/03\/20\/ocds-in-italien-start-eines-nationalen-online-ausbildungslabors\/"},"wordCount":142,"publisher":{"@id":"https:\/\/www.carmelitaniscalzi.com\/#organization"},"image":{"@id":"https:\/\/www.carmelitaniscalzi.com\/de\/2025\/03\/20\/ocds-in-italien-start-eines-nationalen-online-ausbildungslabors\/#primaryimage"},"thumbnailUrl":"https:\/\/www.carmelitaniscalzi.com\/wp-content\/uploads\/2025\/03\/cover_ocdsitalia_02.2025.jpg","articleSection":["Nachrichten zur Ausbildung","Nachrichten OCDS","Nachrichten"],"inLanguage":"de"},{"@type":"WebPage","@id":"https:\/\/www.carmelitaniscalzi.com\/de\/2025\/03\/20\/ocds-in-italien-start-eines-nationalen-online-ausbildungslabors\/","url":"https:\/\/www.carmelitaniscalzi.com\/de\/2025\/03\/20\/ocds-in-italien-start-eines-nationalen-online-ausbildungslabors\/","name":"OCDS in Italien: Start eines nationalen Online-Ausbildungslabors - UNBESCHUHTE KARMELITEN","isPartOf":{"@id":"https:\/\/www.carmelitaniscalzi.com\/#website"},"primaryImageOfPage":{"@id":"https:\/\/www.carmelitaniscalzi.com\/de\/2025\/03\/20\/ocds-in-italien-start-eines-nationalen-online-ausbildungslabors\/#primaryimage"},"image":{"@id":"https:\/\/www.carmelitaniscalzi.com\/de\/2025\/03\/20\/ocds-in-italien-start-eines-nationalen-online-ausbildungslabors\/#primaryimage"},"thumbnailUrl":"https:\/\/www.carmelitaniscalzi.com\/wp-content\/uploads\/2025\/03\/cover_ocdsitalia_02.2025.jpg","datePublished":"2025-03-20T01:13:25+00:00","breadcrumb":{"@id":"https:\/\/www.carmelitaniscalzi.com\/de\/2025\/03\/20\/ocds-in-italien-start-eines-nationalen-online-ausbildungslabors\/#breadcrumb"},"inLanguage":"de","potentialAction":[{"@type":"ReadAction","target":["https:\/\/www.carmelitaniscalzi.com\/de\/2025\/03\/20\/ocds-in-italien-start-eines-nationalen-online-ausbildungslabors\/"]}]},{"@type":"ImageObject","inLanguage":"de","@id":"https:\/\/www.carmelitaniscalzi.com\/de\/2025\/03\/20\/ocds-in-italien-start-eines-nationalen-online-ausbildungslabors\/#primaryimage","url":"https:\/\/www.carmelitaniscalzi.com\/wp-content\/uploads\/2025\/03\/cover_ocdsitalia_02.2025.jpg","contentUrl":"https:\/\/www.carmelitaniscalzi.com\/wp-content\/uploads\/2025\/03\/cover_ocdsitalia_02.2025.jpg","width":1200,"height":800},{"@type":"BreadcrumbList","@id":"https:\/\/www.carmelitaniscalzi.com\/de\/2025\/03\/20\/ocds-in-italien-start-eines-nationalen-online-ausbildungslabors\/#breadcrumb","itemListElement":[{"@type":"ListItem","position":1,"name":"Home","item":"https:\/\/www.carmelitaniscalzi.com\/de\/"},{"@type":"ListItem","position":2,"name":"OCDS in Italien: Start eines nationalen Online-Ausbildungslabors"}]},{"@type":"WebSite","@id":"https:\/\/www.carmelitaniscalzi.com\/#website","url":"https:\/\/www.carmelitaniscalzi.com\/","name":"CARMELITANI SCALZI - Curia Generale del Carmelo Teresiano","description":"Generalkurie des Teresianischen Karmel","publisher":{"@id":"https:\/\/www.carmelitaniscalzi.com\/#organization"},"alternateName":"CARMELITANI SCALZI","potentialAction":[{"@type":"SearchAction","target":{"@type":"EntryPoint","urlTemplate":"https:\/\/www.carmelitaniscalzi.com\/?s={search_term_string}"},"query-input":{"@type":"PropertyValueSpecification","valueRequired":true,"valueName":"search_term_string"}}],"inLanguage":"de"},{"@type":"Organization","@id":"https:\/\/www.carmelitaniscalzi.com\/#organization","name":"CARMELITANI SCALZI - Curia Generale del Carmelo Teresiano","url":"https:\/\/www.carmelitaniscalzi.com\/","logo":{"@type":"ImageObject","inLanguage":"de","@id":"https:\/\/www.carmelitaniscalzi.com\/#\/schema\/logo\/image\/","url":"https:\/\/www.carmelitaniscalzi.com\/wp-content\/uploads\/2025\/11\/login-logo.png","contentUrl":"https:\/\/www.carmelitaniscalzi.com\/wp-content\/uploads\/2025\/11\/login-logo.png","width":256,"height":256,"caption":"CARMELITANI SCALZI - Curia Generale del Carmelo Teresiano"},"image":{"@id":"https:\/\/www.carmelitaniscalzi.com\/#\/schema\/logo\/image\/"},"sameAs":["https:\/\/www.facebook.com\/Curia-Generalizia-Carmelitani-Scalzi-658766940887784\/","https:\/\/x.com\/ocdcuria","https:\/\/www.youtube.com\/channel\/UC2J5ZL0ycOY0qBSTCLX_NGQ\/videos","https:\/\/www.instagram.com\/ocdinform\/"]},{"@type":"Person","@id":"https:\/\/www.carmelitaniscalzi.com\/#\/schema\/person\/6d1c0d9bea7b6625c437246a5d6da409","name":"ocd web master","image":{"@type":"ImageObject","inLanguage":"de","@id":"https:\/\/www.carmelitaniscalzi.com\/#\/schema\/person\/image\/","url":"https:\/\/secure.gravatar.com\/avatar\/41fbc5f82bad909fbaf2984c43fa50d8519ac5853e25b454d022b6868f80d0e7?s=96&d=mm&r=g","contentUrl":"https:\/\/secure.gravatar.com\/avatar\/41fbc5f82bad909fbaf2984c43fa50d8519ac5853e25b454d022b6868f80d0e7?s=96&d=mm&r=g","caption":"ocd web master"},"url":"https:\/\/www.carmelitaniscalzi.com\/de\/author\/ocdwebmaster\/"}]}},"_links":{"self":[{"href":"https:\/\/www.carmelitaniscalzi.com\/de\/wp-json\/wp\/v2\/posts\/449619","targetHints":{"allow":["GET"]}}],"collection":[{"href":"https:\/\/www.carmelitaniscalzi.com\/de\/wp-json\/wp\/v2\/posts"}],"about":[{"href":"https:\/\/www.carmelitaniscalzi.com\/de\/wp-json\/wp\/v2\/types\/post"}],"author":[{"embeddable":true,"href":"https:\/\/www.carmelitaniscalzi.com\/de\/wp-json\/wp\/v2\/users\/7"}],"replies":[{"embeddable":true,"href":"https:\/\/www.carmelitaniscalzi.com\/de\/wp-json\/wp\/v2\/comments?post=449619"}],"version-history":[{"count":1,"href":"https:\/\/www.carmelitaniscalzi.com\/de\/wp-json\/wp\/v2\/posts\/449619\/revisions"}],"predecessor-version":[{"id":449620,"href":"https:\/\/www.carmelitaniscalzi.com\/de\/wp-json\/wp\/v2\/posts\/449619\/revisions\/449620"}],"wp:featuredmedia":[{"embeddable":true,"href":"https:\/\/www.carmelitaniscalzi.com\/de\/wp-json\/wp\/v2\/media\/449348"}],"wp:attachment":[{"href":"https:\/\/www.carmelitaniscalzi.com\/de\/wp-json\/wp\/v2\/media?parent=449619"}],"wp:term":[{"taxonomy":"category","embeddable":true,"href":"https:\/\/www.carmelitaniscalzi.com\/de\/wp-json\/wp\/v2\/categories?post=449619"},{"taxonomy":"post_tag","embeddable":true,"href":"https:\/\/www.carmelitaniscalzi.com\/de\/wp-json\/wp\/v2\/tags?post=449619"}],"curies":[{"name":"wp","href":"https:\/\/api.w.org\/{rel}","templated":true}]}}