{"id":449457,"date":"2025-03-07T01:00:11","date_gmt":"2025-03-07T00:00:11","guid":{"rendered":"https:\/\/www.carmelitaniscalzi.com\/?p=449457"},"modified":"2025-03-14T01:07:20","modified_gmt":"2025-03-14T00:07:20","slug":"italien-p-saverio-cannistra-zum-metropolitan-erzbischof-von-pisa-ernannt","status":"publish","type":"post","link":"https:\/\/www.carmelitaniscalzi.com\/de\/2025\/03\/07\/italien-p-saverio-cannistra-zum-metropolitan-erzbischof-von-pisa-ernannt\/","title":{"rendered":"Italien: P. Saverio Cannistr\u00e0 zum Metropolitan-Erzbischof von Pisa ernannt"},"content":{"rendered":"<p>Am Freitag, den 6. Februar, hat der Heilige Vater P. Saverio Cannistr\u00e0 OCD, ehemaliger Generaloberer des Ordens und bisheriger Pfarrvikar von San Pancrazio in Rom, zum Metropolitan-Erzbischof von Pisa ernannt.<\/p>\n<h2><strong><em>Lebenslauf<\/em><\/strong><\/h2>\n<p>Erzbischof Saverio Cannistr\u00e0 OCD wurde am 3. Oktober 1958 in Catanzaro geboren. Nach seinem Abschluss in Romanistik in Pisa sammelte er Berufserfahrung als Redakteur in einem Verlag. Am 17. September 1985 trat er in das Noviziat des Ordens in der italienischen Provinz Toskana ein und legte am 14. September 1990 die Ewige Profess ab. Am 24. Oktober 1992 wurde er zum Priester geweiht.<\/p>\n<p>Er hatte folgende Positionen inne: Doktorat in Dogmatischer Theologie an der P\u00e4pstlichen Universit\u00e4t Gregoriana in Rom (1998); Professor f\u00fcr\u00a0 Theologie an der P\u00e4pstlichen Theologischen Fakult\u00e4t und dem Institut f\u00fcr Spiritualit\u00e4t &#8222;Teresianum&#8220; in Rom (1995-2003); Professor f\u00fcr Christologie und Theologische Anthropologie an der Theologischen Fakult\u00e4t Mittelitaliens in Florenz (2003-2009). 2007 wurde er zum Mitglied des Pr\u00e4sidiums der Italienischen Theologen-Vereinigung gew\u00e4hlt.<\/p>\n<p>In seiner Heimatprovinz Toskana war er: Provinzrat (1996-2002); Postulanten- und Studentenmagister (1999-2008); Provinzial (seit 2008). Von 2009 bis 2021 war er Generaloberer des Ordens. Er ist Mitglied des Priesterrats der Metropolitan-Erzdi\u00f6zese Florenz und derzeit Pfarrvikar in der Kirche San Pancrazio in Rom. (1998).<\/p>\n<div class=\"wpmf-gallerys wpmf-gallerys-life \" ><div id=\"gallery-1\"\n data-gutter-width=\"5\"\n  data-wpmfcolumns=\"3\" class=\"wpmf-gallery gallery-link-file gallery_life gallery-masonry gallery-columns-3 gallery-size-thumbnail wpmf-gallery-bottomspace-default wpmf-gallery-clear wpmf-has-border-radius-0 wpmf-gutterwidth-5\"><div class=\"wpmf-gallery-item\n     wpmf-gallery-item-position-0 wpmf-gallery-item-attachment-449294\" data-index=\"0\"><div class=\"wpmf-gallery-icon\"><a class=\" not_video noLightbox\" data-lightbox=\"1\" data-href=\"https:\/\/www.carmelitaniscalzi.com\/wp-content\/uploads\/2025\/03\/Saverio-1.jpg\" title=\"Saverio 1\" target=\"_self\" data-index=\"0\"><img decoding=\"async\" class=\"wpmf_img\" alt=\"Saverio 1\" src=\"https:\/\/www.carmelitaniscalzi.com\/wp-content\/uploads\/2025\/03\/Saverio-1-150x150.jpg\" data-type=\"wpmfgalleryimg\" data-lazy-src=\"https:\/\/www.carmelitaniscalzi.com\/wp-content\/uploads\/2025\/03\/Saverio-1-150x150.jpg\"><\/a><\/div><\/div><div class=\"wpmf-gallery-item\n     wpmf-gallery-item-position-1 wpmf-gallery-item-attachment-449300\" data-index=\"1\"><div class=\"wpmf-gallery-icon\"><a class=\" not_video noLightbox\" data-lightbox=\"1\" data-href=\"https:\/\/www.carmelitaniscalzi.com\/wp-content\/uploads\/2025\/03\/Saverio-2-731x1024.jpg\" title=\"Saverio 2\" target=\"_self\" data-index=\"1\"><img decoding=\"async\" class=\"wpmf_img\" alt=\"Saverio 2\" src=\"https:\/\/www.carmelitaniscalzi.com\/wp-content\/uploads\/2025\/03\/Saverio-2-150x150.jpg\" data-type=\"wpmfgalleryimg\" data-lazy-src=\"https:\/\/www.carmelitaniscalzi.com\/wp-content\/uploads\/2025\/03\/Saverio-2-150x150.jpg\"><\/a><\/div><\/div><div class=\"wpmf-gallery-item\n     wpmf-gallery-item-position-2 wpmf-gallery-item-attachment-449306\" data-index=\"2\"><div class=\"wpmf-gallery-icon\"><a class=\" not_video noLightbox\" data-lightbox=\"1\" data-href=\"https:\/\/www.carmelitaniscalzi.com\/wp-content\/uploads\/2025\/03\/Saverio-3-468x1024.webp\" title=\"Saverio 3\" target=\"_self\" data-index=\"2\"><img decoding=\"async\" class=\"wpmf_img\" alt=\"Saverio 3\" src=\"https:\/\/www.carmelitaniscalzi.com\/wp-content\/uploads\/2025\/03\/Saverio-3-150x150.webp\" data-type=\"wpmfgalleryimg\" data-lazy-src=\"https:\/\/www.carmelitaniscalzi.com\/wp-content\/uploads\/2025\/03\/Saverio-3-150x150.webp\"><\/a><\/div><\/div><\/div><\/div>\n\n","protected":false},"excerpt":{"rendered":"<p>Am Freitag, den 6. Februar, hat der Heilige Vater P. Saverio Cannistr\u00e0 OCD, ehemaliger Generaloberer des Ordens und bisheriger Pfarrvikar von San Pancrazio in Rom, zum Metropolitan-Erzbischof von Pisa ernannt. Lebenslauf Erzbischof Saverio Cannistr\u00e0 OCD wurde am 3. Oktober 1958 in Catanzaro geboren. Nach seinem Abschluss in Romanistik in Pisa sammelte er Berufserfahrung als Redakteur [&hellip;]<\/p>\n","protected":false},"author":7,"featured_media":449288,"comment_status":"closed","ping_status":"open","sticky":false,"template":"","format":"standard","meta":{"_acf_changed":false,"footnotes":""},"categories":[218,371],"tags":[],"class_list":["post-449457","post","type-post","status-publish","format-standard","has-post-thumbnail","hentry","category-nachrichten-ueber-brueder","category-nachrichten"],"acf":[],"yoast_head":"<!-- This site is optimized with the Yoast SEO plugin v26.3 - https:\/\/yoast.com\/wordpress\/plugins\/seo\/ -->\n<title>Italien: P. Saverio Cannistr\u00e0 zum Metropolitan-Erzbischof von Pisa ernannt - UNBESCHUHTE KARMELITEN<\/title>\n<meta name=\"robots\" content=\"index, follow, max-snippet:-1, max-image-preview:large, max-video-preview:-1\" \/>\n<link rel=\"canonical\" href=\"https:\/\/www.carmelitaniscalzi.com\/de\/2025\/03\/07\/italien-p-saverio-cannistra-zum-metropolitan-erzbischof-von-pisa-ernannt\/\" \/>\n<meta property=\"og:locale\" content=\"de_DE\" \/>\n<meta property=\"og:type\" content=\"article\" \/>\n<meta property=\"og:title\" content=\"Italien: P. Saverio Cannistr\u00e0 zum Metropolitan-Erzbischof von Pisa ernannt - UNBESCHUHTE KARMELITEN\" \/>\n<meta property=\"og:description\" content=\"Am Freitag, den 6. Februar, hat der Heilige Vater P. Saverio Cannistr\u00e0 OCD, ehemaliger Generaloberer des Ordens und bisheriger Pfarrvikar von San Pancrazio in Rom, zum Metropolitan-Erzbischof von Pisa ernannt. Lebenslauf Erzbischof Saverio Cannistr\u00e0 OCD wurde am 3. Oktober 1958 in Catanzaro geboren. Nach seinem Abschluss in Romanistik in Pisa sammelte er Berufserfahrung als Redakteur [&hellip;]\" \/>\n<meta property=\"og:url\" content=\"https:\/\/www.carmelitaniscalzi.com\/de\/2025\/03\/07\/italien-p-saverio-cannistra-zum-metropolitan-erzbischof-von-pisa-ernannt\/\" \/>\n<meta property=\"og:site_name\" content=\"UNBESCHUHTE KARMELITEN\" \/>\n<meta property=\"article:publisher\" content=\"https:\/\/www.facebook.com\/Curia-Generalizia-Carmelitani-Scalzi-658766940887784\/\" \/>\n<meta property=\"article:published_time\" content=\"2025-03-07T00:00:11+00:00\" \/>\n<meta property=\"article:modified_time\" content=\"2025-03-14T00:07:20+00:00\" \/>\n<meta property=\"og:image\" content=\"https:\/\/www.carmelitaniscalzi.com\/wp-content\/uploads\/2025\/03\/cover_saverio_02.2025.jpg\" \/>\n\t<meta property=\"og:image:width\" content=\"1200\" \/>\n\t<meta property=\"og:image:height\" content=\"800\" \/>\n\t<meta property=\"og:image:type\" content=\"image\/jpeg\" \/>\n<meta name=\"author\" content=\"ocd web master\" \/>\n<meta name=\"twitter:card\" content=\"summary_large_image\" \/>\n<meta name=\"twitter:creator\" content=\"@ocdcuria\" \/>\n<meta name=\"twitter:site\" content=\"@ocdcuria\" \/>\n<meta name=\"twitter:label1\" content=\"Verfasst von\" \/>\n\t<meta name=\"twitter:data1\" content=\"ocd web master\" \/>\n\t<meta name=\"twitter:label2\" content=\"Gesch\u00e4tzte Lesezeit\" \/>\n\t<meta name=\"twitter:data2\" content=\"1\u00a0Minute\" \/>\n<script type=\"application\/ld+json\" class=\"yoast-schema-graph\">{\"@context\":\"https:\/\/schema.org\",\"@graph\":[{\"@type\":\"Article\",\"@id\":\"https:\/\/www.carmelitaniscalzi.com\/de\/2025\/03\/07\/italien-p-saverio-cannistra-zum-metropolitan-erzbischof-von-pisa-ernannt\/#article\",\"isPartOf\":{\"@id\":\"https:\/\/www.carmelitaniscalzi.com\/de\/2025\/03\/07\/italien-p-saverio-cannistra-zum-metropolitan-erzbischof-von-pisa-ernannt\/\"},\"author\":{\"name\":\"ocd web master\",\"@id\":\"https:\/\/www.carmelitaniscalzi.com\/#\/schema\/person\/6d1c0d9bea7b6625c437246a5d6da409\"},\"headline\":\"Italien: P. Saverio Cannistr\u00e0 zum Metropolitan-Erzbischof von Pisa ernannt\",\"datePublished\":\"2025-03-07T00:00:11+00:00\",\"dateModified\":\"2025-03-14T00:07:20+00:00\",\"mainEntityOfPage\":{\"@id\":\"https:\/\/www.carmelitaniscalzi.com\/de\/2025\/03\/07\/italien-p-saverio-cannistra-zum-metropolitan-erzbischof-von-pisa-ernannt\/\"},\"wordCount\":211,\"publisher\":{\"@id\":\"https:\/\/www.carmelitaniscalzi.com\/#organization\"},\"image\":{\"@id\":\"https:\/\/www.carmelitaniscalzi.com\/de\/2025\/03\/07\/italien-p-saverio-cannistra-zum-metropolitan-erzbischof-von-pisa-ernannt\/#primaryimage\"},\"thumbnailUrl\":\"https:\/\/www.carmelitaniscalzi.com\/wp-content\/uploads\/2025\/03\/cover_saverio_02.2025.jpg\",\"articleSection\":[\"Nachrichten \u00fcber Br\u00fcder\",\"Nachrichten\"],\"inLanguage\":\"de\"},{\"@type\":\"WebPage\",\"@id\":\"https:\/\/www.carmelitaniscalzi.com\/de\/2025\/03\/07\/italien-p-saverio-cannistra-zum-metropolitan-erzbischof-von-pisa-ernannt\/\",\"url\":\"https:\/\/www.carmelitaniscalzi.com\/de\/2025\/03\/07\/italien-p-saverio-cannistra-zum-metropolitan-erzbischof-von-pisa-ernannt\/\",\"name\":\"Italien: P. Saverio Cannistr\u00e0 zum Metropolitan-Erzbischof von Pisa ernannt - UNBESCHUHTE KARMELITEN\",\"isPartOf\":{\"@id\":\"https:\/\/www.carmelitaniscalzi.com\/#website\"},\"primaryImageOfPage\":{\"@id\":\"https:\/\/www.carmelitaniscalzi.com\/de\/2025\/03\/07\/italien-p-saverio-cannistra-zum-metropolitan-erzbischof-von-pisa-ernannt\/#primaryimage\"},\"image\":{\"@id\":\"https:\/\/www.carmelitaniscalzi.com\/de\/2025\/03\/07\/italien-p-saverio-cannistra-zum-metropolitan-erzbischof-von-pisa-ernannt\/#primaryimage\"},\"thumbnailUrl\":\"https:\/\/www.carmelitaniscalzi.com\/wp-content\/uploads\/2025\/03\/cover_saverio_02.2025.jpg\",\"datePublished\":\"2025-03-07T00:00:11+00:00\",\"dateModified\":\"2025-03-14T00:07:20+00:00\",\"breadcrumb\":{\"@id\":\"https:\/\/www.carmelitaniscalzi.com\/de\/2025\/03\/07\/italien-p-saverio-cannistra-zum-metropolitan-erzbischof-von-pisa-ernannt\/#breadcrumb\"},\"inLanguage\":\"de\",\"potentialAction\":[{\"@type\":\"ReadAction\",\"target\":[\"https:\/\/www.carmelitaniscalzi.com\/de\/2025\/03\/07\/italien-p-saverio-cannistra-zum-metropolitan-erzbischof-von-pisa-ernannt\/\"]}]},{\"@type\":\"ImageObject\",\"inLanguage\":\"de\",\"@id\":\"https:\/\/www.carmelitaniscalzi.com\/de\/2025\/03\/07\/italien-p-saverio-cannistra-zum-metropolitan-erzbischof-von-pisa-ernannt\/#primaryimage\",\"url\":\"https:\/\/www.carmelitaniscalzi.com\/wp-content\/uploads\/2025\/03\/cover_saverio_02.2025.jpg\",\"contentUrl\":\"https:\/\/www.carmelitaniscalzi.com\/wp-content\/uploads\/2025\/03\/cover_saverio_02.2025.jpg\",\"width\":1200,\"height\":800},{\"@type\":\"BreadcrumbList\",\"@id\":\"https:\/\/www.carmelitaniscalzi.com\/de\/2025\/03\/07\/italien-p-saverio-cannistra-zum-metropolitan-erzbischof-von-pisa-ernannt\/#breadcrumb\",\"itemListElement\":[{\"@type\":\"ListItem\",\"position\":1,\"name\":\"Home\",\"item\":\"https:\/\/www.carmelitaniscalzi.com\/de\/\"},{\"@type\":\"ListItem\",\"position\":2,\"name\":\"Italien: P. Saverio Cannistr\u00e0 zum Metropolitan-Erzbischof von Pisa ernannt\"}]},{\"@type\":\"WebSite\",\"@id\":\"https:\/\/www.carmelitaniscalzi.com\/#website\",\"url\":\"https:\/\/www.carmelitaniscalzi.com\/\",\"name\":\"CARMELITANI SCALZI - Curia Generale del Carmelo Teresiano\",\"description\":\"Generalkurie des Teresianischen Karmel\",\"publisher\":{\"@id\":\"https:\/\/www.carmelitaniscalzi.com\/#organization\"},\"alternateName\":\"CARMELITANI SCALZI\",\"potentialAction\":[{\"@type\":\"SearchAction\",\"target\":{\"@type\":\"EntryPoint\",\"urlTemplate\":\"https:\/\/www.carmelitaniscalzi.com\/?s={search_term_string}\"},\"query-input\":{\"@type\":\"PropertyValueSpecification\",\"valueRequired\":true,\"valueName\":\"search_term_string\"}}],\"inLanguage\":\"de\"},{\"@type\":\"Organization\",\"@id\":\"https:\/\/www.carmelitaniscalzi.com\/#organization\",\"name\":\"CARMELITANI SCALZI - Curia Generale del Carmelo Teresiano\",\"url\":\"https:\/\/www.carmelitaniscalzi.com\/\",\"logo\":{\"@type\":\"ImageObject\",\"inLanguage\":\"de\",\"@id\":\"https:\/\/www.carmelitaniscalzi.com\/#\/schema\/logo\/image\/\",\"url\":\"https:\/\/www.carmelitaniscalzi.com\/wp-content\/uploads\/2025\/11\/login-logo.png\",\"contentUrl\":\"https:\/\/www.carmelitaniscalzi.com\/wp-content\/uploads\/2025\/11\/login-logo.png\",\"width\":256,\"height\":256,\"caption\":\"CARMELITANI SCALZI - Curia Generale del Carmelo Teresiano\"},\"image\":{\"@id\":\"https:\/\/www.carmelitaniscalzi.com\/#\/schema\/logo\/image\/\"},\"sameAs\":[\"https:\/\/www.facebook.com\/Curia-Generalizia-Carmelitani-Scalzi-658766940887784\/\",\"https:\/\/x.com\/ocdcuria\",\"https:\/\/www.youtube.com\/channel\/UC2J5ZL0ycOY0qBSTCLX_NGQ\/videos\",\"https:\/\/www.instagram.com\/ocdinform\/\"]},{\"@type\":\"Person\",\"@id\":\"https:\/\/www.carmelitaniscalzi.com\/#\/schema\/person\/6d1c0d9bea7b6625c437246a5d6da409\",\"name\":\"ocd web master\",\"image\":{\"@type\":\"ImageObject\",\"inLanguage\":\"de\",\"@id\":\"https:\/\/www.carmelitaniscalzi.com\/#\/schema\/person\/image\/\",\"url\":\"https:\/\/secure.gravatar.com\/avatar\/41fbc5f82bad909fbaf2984c43fa50d8519ac5853e25b454d022b6868f80d0e7?s=96&d=mm&r=g\",\"contentUrl\":\"https:\/\/secure.gravatar.com\/avatar\/41fbc5f82bad909fbaf2984c43fa50d8519ac5853e25b454d022b6868f80d0e7?s=96&d=mm&r=g\",\"caption\":\"ocd web master\"},\"url\":\"https:\/\/www.carmelitaniscalzi.com\/de\/author\/ocdwebmaster\/\"}]}<\/script>\n<!-- \/ Yoast SEO plugin. -->","yoast_head_json":{"title":"Italien: P. Saverio Cannistr\u00e0 zum Metropolitan-Erzbischof von Pisa ernannt - UNBESCHUHTE KARMELITEN","robots":{"index":"index","follow":"follow","max-snippet":"max-snippet:-1","max-image-preview":"max-image-preview:large","max-video-preview":"max-video-preview:-1"},"canonical":"https:\/\/www.carmelitaniscalzi.com\/de\/2025\/03\/07\/italien-p-saverio-cannistra-zum-metropolitan-erzbischof-von-pisa-ernannt\/","og_locale":"de_DE","og_type":"article","og_title":"Italien: P. Saverio Cannistr\u00e0 zum Metropolitan-Erzbischof von Pisa ernannt - UNBESCHUHTE KARMELITEN","og_description":"Am Freitag, den 6. Februar, hat der Heilige Vater P. Saverio Cannistr\u00e0 OCD, ehemaliger Generaloberer des Ordens und bisheriger Pfarrvikar von San Pancrazio in Rom, zum Metropolitan-Erzbischof von Pisa ernannt. Lebenslauf Erzbischof Saverio Cannistr\u00e0 OCD wurde am 3. Oktober 1958 in Catanzaro geboren. Nach seinem Abschluss in Romanistik in Pisa sammelte er Berufserfahrung als Redakteur [&hellip;]","og_url":"https:\/\/www.carmelitaniscalzi.com\/de\/2025\/03\/07\/italien-p-saverio-cannistra-zum-metropolitan-erzbischof-von-pisa-ernannt\/","og_site_name":"UNBESCHUHTE KARMELITEN","article_publisher":"https:\/\/www.facebook.com\/Curia-Generalizia-Carmelitani-Scalzi-658766940887784\/","article_published_time":"2025-03-07T00:00:11+00:00","article_modified_time":"2025-03-14T00:07:20+00:00","og_image":[{"width":1200,"height":800,"url":"https:\/\/www.carmelitaniscalzi.com\/wp-content\/uploads\/2025\/03\/cover_saverio_02.2025.jpg","type":"image\/jpeg"}],"author":"ocd web master","twitter_card":"summary_large_image","twitter_creator":"@ocdcuria","twitter_site":"@ocdcuria","twitter_misc":{"Verfasst von":"ocd web master","Gesch\u00e4tzte Lesezeit":"1\u00a0Minute"},"schema":{"@context":"https:\/\/schema.org","@graph":[{"@type":"Article","@id":"https:\/\/www.carmelitaniscalzi.com\/de\/2025\/03\/07\/italien-p-saverio-cannistra-zum-metropolitan-erzbischof-von-pisa-ernannt\/#article","isPartOf":{"@id":"https:\/\/www.carmelitaniscalzi.com\/de\/2025\/03\/07\/italien-p-saverio-cannistra-zum-metropolitan-erzbischof-von-pisa-ernannt\/"},"author":{"name":"ocd web master","@id":"https:\/\/www.carmelitaniscalzi.com\/#\/schema\/person\/6d1c0d9bea7b6625c437246a5d6da409"},"headline":"Italien: P. Saverio Cannistr\u00e0 zum Metropolitan-Erzbischof von Pisa ernannt","datePublished":"2025-03-07T00:00:11+00:00","dateModified":"2025-03-14T00:07:20+00:00","mainEntityOfPage":{"@id":"https:\/\/www.carmelitaniscalzi.com\/de\/2025\/03\/07\/italien-p-saverio-cannistra-zum-metropolitan-erzbischof-von-pisa-ernannt\/"},"wordCount":211,"publisher":{"@id":"https:\/\/www.carmelitaniscalzi.com\/#organization"},"image":{"@id":"https:\/\/www.carmelitaniscalzi.com\/de\/2025\/03\/07\/italien-p-saverio-cannistra-zum-metropolitan-erzbischof-von-pisa-ernannt\/#primaryimage"},"thumbnailUrl":"https:\/\/www.carmelitaniscalzi.com\/wp-content\/uploads\/2025\/03\/cover_saverio_02.2025.jpg","articleSection":["Nachrichten \u00fcber Br\u00fcder","Nachrichten"],"inLanguage":"de"},{"@type":"WebPage","@id":"https:\/\/www.carmelitaniscalzi.com\/de\/2025\/03\/07\/italien-p-saverio-cannistra-zum-metropolitan-erzbischof-von-pisa-ernannt\/","url":"https:\/\/www.carmelitaniscalzi.com\/de\/2025\/03\/07\/italien-p-saverio-cannistra-zum-metropolitan-erzbischof-von-pisa-ernannt\/","name":"Italien: P. Saverio Cannistr\u00e0 zum Metropolitan-Erzbischof von Pisa ernannt - UNBESCHUHTE KARMELITEN","isPartOf":{"@id":"https:\/\/www.carmelitaniscalzi.com\/#website"},"primaryImageOfPage":{"@id":"https:\/\/www.carmelitaniscalzi.com\/de\/2025\/03\/07\/italien-p-saverio-cannistra-zum-metropolitan-erzbischof-von-pisa-ernannt\/#primaryimage"},"image":{"@id":"https:\/\/www.carmelitaniscalzi.com\/de\/2025\/03\/07\/italien-p-saverio-cannistra-zum-metropolitan-erzbischof-von-pisa-ernannt\/#primaryimage"},"thumbnailUrl":"https:\/\/www.carmelitaniscalzi.com\/wp-content\/uploads\/2025\/03\/cover_saverio_02.2025.jpg","datePublished":"2025-03-07T00:00:11+00:00","dateModified":"2025-03-14T00:07:20+00:00","breadcrumb":{"@id":"https:\/\/www.carmelitaniscalzi.com\/de\/2025\/03\/07\/italien-p-saverio-cannistra-zum-metropolitan-erzbischof-von-pisa-ernannt\/#breadcrumb"},"inLanguage":"de","potentialAction":[{"@type":"ReadAction","target":["https:\/\/www.carmelitaniscalzi.com\/de\/2025\/03\/07\/italien-p-saverio-cannistra-zum-metropolitan-erzbischof-von-pisa-ernannt\/"]}]},{"@type":"ImageObject","inLanguage":"de","@id":"https:\/\/www.carmelitaniscalzi.com\/de\/2025\/03\/07\/italien-p-saverio-cannistra-zum-metropolitan-erzbischof-von-pisa-ernannt\/#primaryimage","url":"https:\/\/www.carmelitaniscalzi.com\/wp-content\/uploads\/2025\/03\/cover_saverio_02.2025.jpg","contentUrl":"https:\/\/www.carmelitaniscalzi.com\/wp-content\/uploads\/2025\/03\/cover_saverio_02.2025.jpg","width":1200,"height":800},{"@type":"BreadcrumbList","@id":"https:\/\/www.carmelitaniscalzi.com\/de\/2025\/03\/07\/italien-p-saverio-cannistra-zum-metropolitan-erzbischof-von-pisa-ernannt\/#breadcrumb","itemListElement":[{"@type":"ListItem","position":1,"name":"Home","item":"https:\/\/www.carmelitaniscalzi.com\/de\/"},{"@type":"ListItem","position":2,"name":"Italien: P. Saverio Cannistr\u00e0 zum Metropolitan-Erzbischof von Pisa ernannt"}]},{"@type":"WebSite","@id":"https:\/\/www.carmelitaniscalzi.com\/#website","url":"https:\/\/www.carmelitaniscalzi.com\/","name":"CARMELITANI SCALZI - Curia Generale del Carmelo Teresiano","description":"Generalkurie des Teresianischen Karmel","publisher":{"@id":"https:\/\/www.carmelitaniscalzi.com\/#organization"},"alternateName":"CARMELITANI SCALZI","potentialAction":[{"@type":"SearchAction","target":{"@type":"EntryPoint","urlTemplate":"https:\/\/www.carmelitaniscalzi.com\/?s={search_term_string}"},"query-input":{"@type":"PropertyValueSpecification","valueRequired":true,"valueName":"search_term_string"}}],"inLanguage":"de"},{"@type":"Organization","@id":"https:\/\/www.carmelitaniscalzi.com\/#organization","name":"CARMELITANI SCALZI - Curia Generale del Carmelo Teresiano","url":"https:\/\/www.carmelitaniscalzi.com\/","logo":{"@type":"ImageObject","inLanguage":"de","@id":"https:\/\/www.carmelitaniscalzi.com\/#\/schema\/logo\/image\/","url":"https:\/\/www.carmelitaniscalzi.com\/wp-content\/uploads\/2025\/11\/login-logo.png","contentUrl":"https:\/\/www.carmelitaniscalzi.com\/wp-content\/uploads\/2025\/11\/login-logo.png","width":256,"height":256,"caption":"CARMELITANI SCALZI - Curia Generale del Carmelo Teresiano"},"image":{"@id":"https:\/\/www.carmelitaniscalzi.com\/#\/schema\/logo\/image\/"},"sameAs":["https:\/\/www.facebook.com\/Curia-Generalizia-Carmelitani-Scalzi-658766940887784\/","https:\/\/x.com\/ocdcuria","https:\/\/www.youtube.com\/channel\/UC2J5ZL0ycOY0qBSTCLX_NGQ\/videos","https:\/\/www.instagram.com\/ocdinform\/"]},{"@type":"Person","@id":"https:\/\/www.carmelitaniscalzi.com\/#\/schema\/person\/6d1c0d9bea7b6625c437246a5d6da409","name":"ocd web master","image":{"@type":"ImageObject","inLanguage":"de","@id":"https:\/\/www.carmelitaniscalzi.com\/#\/schema\/person\/image\/","url":"https:\/\/secure.gravatar.com\/avatar\/41fbc5f82bad909fbaf2984c43fa50d8519ac5853e25b454d022b6868f80d0e7?s=96&d=mm&r=g","contentUrl":"https:\/\/secure.gravatar.com\/avatar\/41fbc5f82bad909fbaf2984c43fa50d8519ac5853e25b454d022b6868f80d0e7?s=96&d=mm&r=g","caption":"ocd web master"},"url":"https:\/\/www.carmelitaniscalzi.com\/de\/author\/ocdwebmaster\/"}]}},"_links":{"self":[{"href":"https:\/\/www.carmelitaniscalzi.com\/de\/wp-json\/wp\/v2\/posts\/449457","targetHints":{"allow":["GET"]}}],"collection":[{"href":"https:\/\/www.carmelitaniscalzi.com\/de\/wp-json\/wp\/v2\/posts"}],"about":[{"href":"https:\/\/www.carmelitaniscalzi.com\/de\/wp-json\/wp\/v2\/types\/post"}],"author":[{"embeddable":true,"href":"https:\/\/www.carmelitaniscalzi.com\/de\/wp-json\/wp\/v2\/users\/7"}],"replies":[{"embeddable":true,"href":"https:\/\/www.carmelitaniscalzi.com\/de\/wp-json\/wp\/v2\/comments?post=449457"}],"version-history":[{"count":1,"href":"https:\/\/www.carmelitaniscalzi.com\/de\/wp-json\/wp\/v2\/posts\/449457\/revisions"}],"predecessor-version":[{"id":449458,"href":"https:\/\/www.carmelitaniscalzi.com\/de\/wp-json\/wp\/v2\/posts\/449457\/revisions\/449458"}],"wp:featuredmedia":[{"embeddable":true,"href":"https:\/\/www.carmelitaniscalzi.com\/de\/wp-json\/wp\/v2\/media\/449288"}],"wp:attachment":[{"href":"https:\/\/www.carmelitaniscalzi.com\/de\/wp-json\/wp\/v2\/media?parent=449457"}],"wp:term":[{"taxonomy":"category","embeddable":true,"href":"https:\/\/www.carmelitaniscalzi.com\/de\/wp-json\/wp\/v2\/categories?post=449457"},{"taxonomy":"post_tag","embeddable":true,"href":"https:\/\/www.carmelitaniscalzi.com\/de\/wp-json\/wp\/v2\/tags?post=449457"}],"curies":[{"name":"wp","href":"https:\/\/api.w.org\/{rel}","templated":true}]}}