{"id":42387,"date":"2020-09-08T22:44:45","date_gmt":"2020-09-08T20:44:45","guid":{"rendered":"https:\/\/www.carmelitaniscalzi.com\/?p=42387"},"modified":"2020-09-08T22:44:45","modified_gmt":"2020-09-08T20:44:45","slug":"eine-aussergewoehnliche-frau-teresa-seit-50-jahren-kirchenlehrerin","status":"publish","type":"post","link":"https:\/\/www.carmelitaniscalzi.com\/de\/2020\/09\/08\/eine-aussergewoehnliche-frau-teresa-seit-50-jahren-kirchenlehrerin\/","title":{"rendered":"Eine au\u00dfergew\u00f6hnliche Frau: Teresa seit 50 Jahren Kirchenlehrerin"},"content":{"rendered":"<p>Am kommenden 27. September j\u00e4hrt sich zum 50. Mal die Ernennung Teresas von \u00c1vila zur Kirchenlehrerin. Aus diesem Grund haben die Di\u00f6zese \u00c1vila, der Teresianische Karmel und die Katholische Universit\u00e4t von \u00c1vila in Zusammenarbeit mit der Katholischen Universit\u00e4t Eichst\u00e4tt-Ingolstadt einen internationalen Kongress organisiert, der den Titel hat: \u201eEine au\u00dfergew\u00f6hnliche Frau: Teresa seit 50 Jahren Kirchenlehrerin.\u201c Die erste Veranstaltung wird am kommenden 27. September stattfinden, w\u00e4hrend der Kongress selbst vom 12.-15. April 2021 veranstaltet wird.<\/p>\n<p>Unter anderen werden auf diesem Kongress zu Wort kommen: Kardinal Aquilino Bocos, P. Emilio Mart\u00ednez OCD und Silvano Giordano OCD vom Teresianum in Rom, R\u00f3mulo Cuartas Londo\u00f1o Ocd vom CITeS in \u00c1vila, sowie Dr. Marianne Schlosser, Dr. Beatriz de Ancos Morales, Dr. Burkard M. Zapff, Dr. Lothar Wehr und Kardinal Ricardo Bl\u00e1zquez Perez, die \u00fcber verschiedene Aspekte von Leben und Werk Teresas sprechen werden.<\/p>\n<p>Die Er\u00f6ffnung des Kongresses findet am Sonntag, den 27. September mit einem Vortrag in der Kathedrale von \u00c1vila statt, der \u00fcber Internet \u00fcbertragen wird.<\/p>\n<p>Das Programm f\u00fcr diesen Tag ist folgendes (CEST):<\/p>\n<p>16.30 Er\u00f6ffnung des Kongresses<\/p>\n<p>17.00 Vortrag von Dr. Juan Antonio Marcos OCD zum Thema: \u201eTeresa von Jesus \u2013 ein unregelm\u00e4\u00dfiges Verb. Warum sie uns immer noch in ihren Bann schl\u00e4gt.<\/p>\n<p>18.00 Gottesdienst in der Kathedrale von \u00c1vila<\/p>\n<p>Mehr Information \u00fcber <a href=\"http:\/\/congresosantateresadoctora.es\/\">http:\/\/congresosantateresadoctora.es\/<\/a><\/p>\n<p>&nbsp;<\/p>\n<div class=\"wpmf-gallerys wpmf-gallerys-life \" ><div id=\"gallery-1\" class=\"gallery gallery_life wpmf_gallery_default gallery_default  gallery-columns-4 gallery-size-thumbnail gallery-link-post wpmf-has-border-radius-0 wpmf-gutterwidth-5 no_ratio\"><figure class=\"wpmf-gallery-item\" data-index=\"0\"><div class=\"wpmf-gallery-icon\"><div class=\"square_thumbnail\"><div class=\"img_centered\"><a class=\" not_video noLightbox\" data-lightbox=\"0\" data-href=\"https:\/\/www.carmelitaniscalzi.com\/wp-content\/uploads\/2020\/09\/03.jpg\" title=\"03\" target=\"_self\" data-index=\"0\"><img decoding=\"async\" class=\"wpmf_img\" alt=\"03\" src=\"https:\/\/www.carmelitaniscalzi.com\/wp-content\/uploads\/2020\/09\/03-150x150.jpg\" data-type=\"wpmfgalleryimg\" data-lazy-src=\"https:\/\/www.carmelitaniscalzi.com\/wp-content\/uploads\/2020\/09\/03-150x150.jpg\"><\/a><\/div><\/div><\/div><\/figure><figure class=\"wpmf-gallery-item\" data-index=\"1\"><div class=\"wpmf-gallery-icon\"><div class=\"square_thumbnail\"><div class=\"img_centered\"><a class=\" not_video noLightbox\" data-lightbox=\"0\" data-href=\"https:\/\/www.carmelitaniscalzi.com\/wp-content\/uploads\/2020\/09\/02.jpg\" title=\"02\" target=\"_self\" data-index=\"1\"><img decoding=\"async\" class=\"wpmf_img\" alt=\"02\" src=\"https:\/\/www.carmelitaniscalzi.com\/wp-content\/uploads\/2020\/09\/02-150x150.jpg\" data-type=\"wpmfgalleryimg\" data-lazy-src=\"https:\/\/www.carmelitaniscalzi.com\/wp-content\/uploads\/2020\/09\/02-150x150.jpg\"><\/a><\/div><\/div><\/div><\/figure><figure class=\"wpmf-gallery-item\" data-index=\"2\"><div class=\"wpmf-gallery-icon\"><div class=\"square_thumbnail\"><div class=\"img_centered\"><a class=\" not_video noLightbox\" data-lightbox=\"0\" data-href=\"https:\/\/www.carmelitaniscalzi.com\/wp-content\/uploads\/2020\/09\/01-1.png\" title=\"01\" target=\"_self\" data-index=\"2\"><img decoding=\"async\" class=\"wpmf_img\" alt=\"01\" src=\"https:\/\/www.carmelitaniscalzi.com\/wp-content\/uploads\/2020\/09\/01-1-150x150.png\" data-type=\"wpmfgalleryimg\" data-lazy-src=\"https:\/\/www.carmelitaniscalzi.com\/wp-content\/uploads\/2020\/09\/01-1-150x150.png\"><\/a><\/div><\/div><\/div><\/figure><figure class=\"wpmf-gallery-item\" data-index=\"3\"><div class=\"wpmf-gallery-icon\"><div class=\"square_thumbnail\"><div class=\"img_centered\"><a class=\" not_video noLightbox\" data-lightbox=\"0\" data-href=\"https:\/\/www.carmelitaniscalzi.com\/wp-content\/uploads\/2020\/09\/00-1.png\" title=\"00\" target=\"_self\" data-index=\"3\"><img decoding=\"async\" class=\"wpmf_img\" alt=\"00\" src=\"https:\/\/www.carmelitaniscalzi.com\/wp-content\/uploads\/2020\/09\/00-1-150x150.png\" data-type=\"wpmfgalleryimg\" data-lazy-src=\"https:\/\/www.carmelitaniscalzi.com\/wp-content\/uploads\/2020\/09\/00-1-150x150.png\"><\/a><\/div><\/div><\/div><\/figure><\/div><\/div>\n","protected":false},"excerpt":{"rendered":"<p>Am kommenden 27. September j\u00e4hrt sich zum 50. Mal die Ernennung Teresas von \u00c1vila zur Kirchenlehrerin. Aus diesem Grund haben die Di\u00f6zese \u00c1vila, der Teresianische Karmel und die Katholische Universit\u00e4t von \u00c1vila in Zusammenarbeit mit der Katholischen Universit\u00e4t Eichst\u00e4tt-Ingolstadt einen internationalen Kongress organisiert, der den Titel hat: \u201eEine au\u00dfergew\u00f6hnliche Frau: Teresa seit 50 Jahren Kirchenlehrerin.\u201c [&hellip;]<\/p>\n","protected":false},"author":7,"featured_media":42366,"comment_status":"closed","ping_status":"closed","sticky":false,"template":"","format":"standard","meta":{"_acf_changed":false,"footnotes":""},"categories":[214,218,371],"tags":[],"class_list":["post-42387","post","type-post","status-publish","format-standard","has-post-thumbnail","hentry","category-nachrichten-ueber-schwestern","category-nachrichten-ueber-brueder","category-nachrichten"],"acf":[],"yoast_head":"<!-- This site is optimized with the Yoast SEO plugin v26.3 - https:\/\/yoast.com\/wordpress\/plugins\/seo\/ -->\n<title>Eine au\u00dfergew\u00f6hnliche Frau: Teresa seit 50 Jahren Kirchenlehrerin - UNBESCHUHTE KARMELITEN<\/title>\n<meta name=\"robots\" content=\"index, follow, max-snippet:-1, max-image-preview:large, max-video-preview:-1\" \/>\n<link rel=\"canonical\" href=\"https:\/\/www.carmelitaniscalzi.com\/de\/2020\/09\/08\/eine-aussergewoehnliche-frau-teresa-seit-50-jahren-kirchenlehrerin\/\" \/>\n<meta property=\"og:locale\" content=\"de_DE\" \/>\n<meta property=\"og:type\" content=\"article\" \/>\n<meta property=\"og:title\" content=\"Eine au\u00dfergew\u00f6hnliche Frau: Teresa seit 50 Jahren Kirchenlehrerin - UNBESCHUHTE KARMELITEN\" \/>\n<meta property=\"og:description\" content=\"Am kommenden 27. September j\u00e4hrt sich zum 50. Mal die Ernennung Teresas von \u00c1vila zur Kirchenlehrerin. Aus diesem Grund haben die Di\u00f6zese \u00c1vila, der Teresianische Karmel und die Katholische Universit\u00e4t von \u00c1vila in Zusammenarbeit mit der Katholischen Universit\u00e4t Eichst\u00e4tt-Ingolstadt einen internationalen Kongress organisiert, der den Titel hat: \u201eEine au\u00dfergew\u00f6hnliche Frau: Teresa seit 50 Jahren Kirchenlehrerin.\u201c [&hellip;]\" \/>\n<meta property=\"og:url\" content=\"https:\/\/www.carmelitaniscalzi.com\/de\/2020\/09\/08\/eine-aussergewoehnliche-frau-teresa-seit-50-jahren-kirchenlehrerin\/\" \/>\n<meta property=\"og:site_name\" content=\"UNBESCHUHTE KARMELITEN\" \/>\n<meta property=\"article:publisher\" content=\"https:\/\/www.facebook.com\/Curia-Generalizia-Carmelitani-Scalzi-658766940887784\/\" \/>\n<meta property=\"article:published_time\" content=\"2020-09-08T20:44:45+00:00\" \/>\n<meta property=\"og:image\" content=\"https:\/\/www.carmelitaniscalzi.com\/wp-content\/uploads\/2020\/09\/04.png\" \/>\n\t<meta property=\"og:image:width\" content=\"1240\" \/>\n\t<meta property=\"og:image:height\" content=\"573\" \/>\n\t<meta property=\"og:image:type\" content=\"image\/png\" \/>\n<meta name=\"author\" content=\"ocd web master\" \/>\n<meta name=\"twitter:card\" content=\"summary_large_image\" \/>\n<meta name=\"twitter:creator\" content=\"@ocdcuria\" \/>\n<meta name=\"twitter:site\" content=\"@ocdcuria\" \/>\n<meta name=\"twitter:label1\" content=\"Verfasst von\" \/>\n\t<meta name=\"twitter:data1\" content=\"ocd web master\" \/>\n\t<meta name=\"twitter:label2\" content=\"Gesch\u00e4tzte Lesezeit\" \/>\n\t<meta name=\"twitter:data2\" content=\"1\u00a0Minute\" \/>\n<script type=\"application\/ld+json\" class=\"yoast-schema-graph\">{\"@context\":\"https:\/\/schema.org\",\"@graph\":[{\"@type\":\"Article\",\"@id\":\"https:\/\/www.carmelitaniscalzi.com\/de\/2020\/09\/08\/eine-aussergewoehnliche-frau-teresa-seit-50-jahren-kirchenlehrerin\/#article\",\"isPartOf\":{\"@id\":\"https:\/\/www.carmelitaniscalzi.com\/de\/2020\/09\/08\/eine-aussergewoehnliche-frau-teresa-seit-50-jahren-kirchenlehrerin\/\"},\"author\":{\"name\":\"ocd web master\",\"@id\":\"https:\/\/www.carmelitaniscalzi.com\/#\/schema\/person\/6d1c0d9bea7b6625c437246a5d6da409\"},\"headline\":\"Eine au\u00dfergew\u00f6hnliche Frau: Teresa seit 50 Jahren Kirchenlehrerin\",\"datePublished\":\"2020-09-08T20:44:45+00:00\",\"mainEntityOfPage\":{\"@id\":\"https:\/\/www.carmelitaniscalzi.com\/de\/2020\/09\/08\/eine-aussergewoehnliche-frau-teresa-seit-50-jahren-kirchenlehrerin\/\"},\"wordCount\":236,\"publisher\":{\"@id\":\"https:\/\/www.carmelitaniscalzi.com\/#organization\"},\"image\":{\"@id\":\"https:\/\/www.carmelitaniscalzi.com\/de\/2020\/09\/08\/eine-aussergewoehnliche-frau-teresa-seit-50-jahren-kirchenlehrerin\/#primaryimage\"},\"thumbnailUrl\":\"https:\/\/www.carmelitaniscalzi.com\/wp-content\/uploads\/2020\/09\/04.png\",\"articleSection\":[\"Nachrichten \u00fcber Schwestern\",\"Nachrichten \u00fcber Br\u00fcder\",\"Nachrichten\"],\"inLanguage\":\"de\"},{\"@type\":\"WebPage\",\"@id\":\"https:\/\/www.carmelitaniscalzi.com\/de\/2020\/09\/08\/eine-aussergewoehnliche-frau-teresa-seit-50-jahren-kirchenlehrerin\/\",\"url\":\"https:\/\/www.carmelitaniscalzi.com\/de\/2020\/09\/08\/eine-aussergewoehnliche-frau-teresa-seit-50-jahren-kirchenlehrerin\/\",\"name\":\"Eine au\u00dfergew\u00f6hnliche Frau: Teresa seit 50 Jahren Kirchenlehrerin - UNBESCHUHTE KARMELITEN\",\"isPartOf\":{\"@id\":\"https:\/\/www.carmelitaniscalzi.com\/#website\"},\"primaryImageOfPage\":{\"@id\":\"https:\/\/www.carmelitaniscalzi.com\/de\/2020\/09\/08\/eine-aussergewoehnliche-frau-teresa-seit-50-jahren-kirchenlehrerin\/#primaryimage\"},\"image\":{\"@id\":\"https:\/\/www.carmelitaniscalzi.com\/de\/2020\/09\/08\/eine-aussergewoehnliche-frau-teresa-seit-50-jahren-kirchenlehrerin\/#primaryimage\"},\"thumbnailUrl\":\"https:\/\/www.carmelitaniscalzi.com\/wp-content\/uploads\/2020\/09\/04.png\",\"datePublished\":\"2020-09-08T20:44:45+00:00\",\"breadcrumb\":{\"@id\":\"https:\/\/www.carmelitaniscalzi.com\/de\/2020\/09\/08\/eine-aussergewoehnliche-frau-teresa-seit-50-jahren-kirchenlehrerin\/#breadcrumb\"},\"inLanguage\":\"de\",\"potentialAction\":[{\"@type\":\"ReadAction\",\"target\":[\"https:\/\/www.carmelitaniscalzi.com\/de\/2020\/09\/08\/eine-aussergewoehnliche-frau-teresa-seit-50-jahren-kirchenlehrerin\/\"]}]},{\"@type\":\"ImageObject\",\"inLanguage\":\"de\",\"@id\":\"https:\/\/www.carmelitaniscalzi.com\/de\/2020\/09\/08\/eine-aussergewoehnliche-frau-teresa-seit-50-jahren-kirchenlehrerin\/#primaryimage\",\"url\":\"https:\/\/www.carmelitaniscalzi.com\/wp-content\/uploads\/2020\/09\/04.png\",\"contentUrl\":\"https:\/\/www.carmelitaniscalzi.com\/wp-content\/uploads\/2020\/09\/04.png\",\"width\":1240,\"height\":573},{\"@type\":\"BreadcrumbList\",\"@id\":\"https:\/\/www.carmelitaniscalzi.com\/de\/2020\/09\/08\/eine-aussergewoehnliche-frau-teresa-seit-50-jahren-kirchenlehrerin\/#breadcrumb\",\"itemListElement\":[{\"@type\":\"ListItem\",\"position\":1,\"name\":\"Home\",\"item\":\"https:\/\/www.carmelitaniscalzi.com\/de\/\"},{\"@type\":\"ListItem\",\"position\":2,\"name\":\"Eine au\u00dfergew\u00f6hnliche Frau: Teresa seit 50 Jahren Kirchenlehrerin\"}]},{\"@type\":\"WebSite\",\"@id\":\"https:\/\/www.carmelitaniscalzi.com\/#website\",\"url\":\"https:\/\/www.carmelitaniscalzi.com\/\",\"name\":\"CARMELITANI SCALZI - Curia Generale del Carmelo Teresiano\",\"description\":\"Generalkurie des Teresianischen Karmel\",\"publisher\":{\"@id\":\"https:\/\/www.carmelitaniscalzi.com\/#organization\"},\"alternateName\":\"CARMELITANI SCALZI\",\"potentialAction\":[{\"@type\":\"SearchAction\",\"target\":{\"@type\":\"EntryPoint\",\"urlTemplate\":\"https:\/\/www.carmelitaniscalzi.com\/?s={search_term_string}\"},\"query-input\":{\"@type\":\"PropertyValueSpecification\",\"valueRequired\":true,\"valueName\":\"search_term_string\"}}],\"inLanguage\":\"de\"},{\"@type\":\"Organization\",\"@id\":\"https:\/\/www.carmelitaniscalzi.com\/#organization\",\"name\":\"CARMELITANI SCALZI - Curia Generale del Carmelo Teresiano\",\"url\":\"https:\/\/www.carmelitaniscalzi.com\/\",\"logo\":{\"@type\":\"ImageObject\",\"inLanguage\":\"de\",\"@id\":\"https:\/\/www.carmelitaniscalzi.com\/#\/schema\/logo\/image\/\",\"url\":\"https:\/\/www.carmelitaniscalzi.com\/wp-content\/uploads\/2025\/11\/login-logo.png\",\"contentUrl\":\"https:\/\/www.carmelitaniscalzi.com\/wp-content\/uploads\/2025\/11\/login-logo.png\",\"width\":256,\"height\":256,\"caption\":\"CARMELITANI SCALZI - Curia Generale del Carmelo Teresiano\"},\"image\":{\"@id\":\"https:\/\/www.carmelitaniscalzi.com\/#\/schema\/logo\/image\/\"},\"sameAs\":[\"https:\/\/www.facebook.com\/Curia-Generalizia-Carmelitani-Scalzi-658766940887784\/\",\"https:\/\/x.com\/ocdcuria\",\"https:\/\/www.youtube.com\/channel\/UC2J5ZL0ycOY0qBSTCLX_NGQ\/videos\",\"https:\/\/www.instagram.com\/ocdinform\/\"]},{\"@type\":\"Person\",\"@id\":\"https:\/\/www.carmelitaniscalzi.com\/#\/schema\/person\/6d1c0d9bea7b6625c437246a5d6da409\",\"name\":\"ocd web master\",\"image\":{\"@type\":\"ImageObject\",\"inLanguage\":\"de\",\"@id\":\"https:\/\/www.carmelitaniscalzi.com\/#\/schema\/person\/image\/\",\"url\":\"https:\/\/secure.gravatar.com\/avatar\/41fbc5f82bad909fbaf2984c43fa50d8519ac5853e25b454d022b6868f80d0e7?s=96&d=mm&r=g\",\"contentUrl\":\"https:\/\/secure.gravatar.com\/avatar\/41fbc5f82bad909fbaf2984c43fa50d8519ac5853e25b454d022b6868f80d0e7?s=96&d=mm&r=g\",\"caption\":\"ocd web master\"},\"url\":\"https:\/\/www.carmelitaniscalzi.com\/de\/author\/ocdwebmaster\/\"}]}<\/script>\n<!-- \/ Yoast SEO plugin. -->","yoast_head_json":{"title":"Eine au\u00dfergew\u00f6hnliche Frau: Teresa seit 50 Jahren Kirchenlehrerin - UNBESCHUHTE KARMELITEN","robots":{"index":"index","follow":"follow","max-snippet":"max-snippet:-1","max-image-preview":"max-image-preview:large","max-video-preview":"max-video-preview:-1"},"canonical":"https:\/\/www.carmelitaniscalzi.com\/de\/2020\/09\/08\/eine-aussergewoehnliche-frau-teresa-seit-50-jahren-kirchenlehrerin\/","og_locale":"de_DE","og_type":"article","og_title":"Eine au\u00dfergew\u00f6hnliche Frau: Teresa seit 50 Jahren Kirchenlehrerin - UNBESCHUHTE KARMELITEN","og_description":"Am kommenden 27. September j\u00e4hrt sich zum 50. Mal die Ernennung Teresas von \u00c1vila zur Kirchenlehrerin. Aus diesem Grund haben die Di\u00f6zese \u00c1vila, der Teresianische Karmel und die Katholische Universit\u00e4t von \u00c1vila in Zusammenarbeit mit der Katholischen Universit\u00e4t Eichst\u00e4tt-Ingolstadt einen internationalen Kongress organisiert, der den Titel hat: \u201eEine au\u00dfergew\u00f6hnliche Frau: Teresa seit 50 Jahren Kirchenlehrerin.\u201c [&hellip;]","og_url":"https:\/\/www.carmelitaniscalzi.com\/de\/2020\/09\/08\/eine-aussergewoehnliche-frau-teresa-seit-50-jahren-kirchenlehrerin\/","og_site_name":"UNBESCHUHTE KARMELITEN","article_publisher":"https:\/\/www.facebook.com\/Curia-Generalizia-Carmelitani-Scalzi-658766940887784\/","article_published_time":"2020-09-08T20:44:45+00:00","og_image":[{"width":1240,"height":573,"url":"https:\/\/www.carmelitaniscalzi.com\/wp-content\/uploads\/2020\/09\/04.png","type":"image\/png"}],"author":"ocd web master","twitter_card":"summary_large_image","twitter_creator":"@ocdcuria","twitter_site":"@ocdcuria","twitter_misc":{"Verfasst von":"ocd web master","Gesch\u00e4tzte Lesezeit":"1\u00a0Minute"},"schema":{"@context":"https:\/\/schema.org","@graph":[{"@type":"Article","@id":"https:\/\/www.carmelitaniscalzi.com\/de\/2020\/09\/08\/eine-aussergewoehnliche-frau-teresa-seit-50-jahren-kirchenlehrerin\/#article","isPartOf":{"@id":"https:\/\/www.carmelitaniscalzi.com\/de\/2020\/09\/08\/eine-aussergewoehnliche-frau-teresa-seit-50-jahren-kirchenlehrerin\/"},"author":{"name":"ocd web master","@id":"https:\/\/www.carmelitaniscalzi.com\/#\/schema\/person\/6d1c0d9bea7b6625c437246a5d6da409"},"headline":"Eine au\u00dfergew\u00f6hnliche Frau: Teresa seit 50 Jahren Kirchenlehrerin","datePublished":"2020-09-08T20:44:45+00:00","mainEntityOfPage":{"@id":"https:\/\/www.carmelitaniscalzi.com\/de\/2020\/09\/08\/eine-aussergewoehnliche-frau-teresa-seit-50-jahren-kirchenlehrerin\/"},"wordCount":236,"publisher":{"@id":"https:\/\/www.carmelitaniscalzi.com\/#organization"},"image":{"@id":"https:\/\/www.carmelitaniscalzi.com\/de\/2020\/09\/08\/eine-aussergewoehnliche-frau-teresa-seit-50-jahren-kirchenlehrerin\/#primaryimage"},"thumbnailUrl":"https:\/\/www.carmelitaniscalzi.com\/wp-content\/uploads\/2020\/09\/04.png","articleSection":["Nachrichten \u00fcber Schwestern","Nachrichten \u00fcber Br\u00fcder","Nachrichten"],"inLanguage":"de"},{"@type":"WebPage","@id":"https:\/\/www.carmelitaniscalzi.com\/de\/2020\/09\/08\/eine-aussergewoehnliche-frau-teresa-seit-50-jahren-kirchenlehrerin\/","url":"https:\/\/www.carmelitaniscalzi.com\/de\/2020\/09\/08\/eine-aussergewoehnliche-frau-teresa-seit-50-jahren-kirchenlehrerin\/","name":"Eine au\u00dfergew\u00f6hnliche Frau: Teresa seit 50 Jahren Kirchenlehrerin - UNBESCHUHTE KARMELITEN","isPartOf":{"@id":"https:\/\/www.carmelitaniscalzi.com\/#website"},"primaryImageOfPage":{"@id":"https:\/\/www.carmelitaniscalzi.com\/de\/2020\/09\/08\/eine-aussergewoehnliche-frau-teresa-seit-50-jahren-kirchenlehrerin\/#primaryimage"},"image":{"@id":"https:\/\/www.carmelitaniscalzi.com\/de\/2020\/09\/08\/eine-aussergewoehnliche-frau-teresa-seit-50-jahren-kirchenlehrerin\/#primaryimage"},"thumbnailUrl":"https:\/\/www.carmelitaniscalzi.com\/wp-content\/uploads\/2020\/09\/04.png","datePublished":"2020-09-08T20:44:45+00:00","breadcrumb":{"@id":"https:\/\/www.carmelitaniscalzi.com\/de\/2020\/09\/08\/eine-aussergewoehnliche-frau-teresa-seit-50-jahren-kirchenlehrerin\/#breadcrumb"},"inLanguage":"de","potentialAction":[{"@type":"ReadAction","target":["https:\/\/www.carmelitaniscalzi.com\/de\/2020\/09\/08\/eine-aussergewoehnliche-frau-teresa-seit-50-jahren-kirchenlehrerin\/"]}]},{"@type":"ImageObject","inLanguage":"de","@id":"https:\/\/www.carmelitaniscalzi.com\/de\/2020\/09\/08\/eine-aussergewoehnliche-frau-teresa-seit-50-jahren-kirchenlehrerin\/#primaryimage","url":"https:\/\/www.carmelitaniscalzi.com\/wp-content\/uploads\/2020\/09\/04.png","contentUrl":"https:\/\/www.carmelitaniscalzi.com\/wp-content\/uploads\/2020\/09\/04.png","width":1240,"height":573},{"@type":"BreadcrumbList","@id":"https:\/\/www.carmelitaniscalzi.com\/de\/2020\/09\/08\/eine-aussergewoehnliche-frau-teresa-seit-50-jahren-kirchenlehrerin\/#breadcrumb","itemListElement":[{"@type":"ListItem","position":1,"name":"Home","item":"https:\/\/www.carmelitaniscalzi.com\/de\/"},{"@type":"ListItem","position":2,"name":"Eine au\u00dfergew\u00f6hnliche Frau: Teresa seit 50 Jahren Kirchenlehrerin"}]},{"@type":"WebSite","@id":"https:\/\/www.carmelitaniscalzi.com\/#website","url":"https:\/\/www.carmelitaniscalzi.com\/","name":"CARMELITANI SCALZI - Curia Generale del Carmelo Teresiano","description":"Generalkurie des Teresianischen Karmel","publisher":{"@id":"https:\/\/www.carmelitaniscalzi.com\/#organization"},"alternateName":"CARMELITANI SCALZI","potentialAction":[{"@type":"SearchAction","target":{"@type":"EntryPoint","urlTemplate":"https:\/\/www.carmelitaniscalzi.com\/?s={search_term_string}"},"query-input":{"@type":"PropertyValueSpecification","valueRequired":true,"valueName":"search_term_string"}}],"inLanguage":"de"},{"@type":"Organization","@id":"https:\/\/www.carmelitaniscalzi.com\/#organization","name":"CARMELITANI SCALZI - Curia Generale del Carmelo Teresiano","url":"https:\/\/www.carmelitaniscalzi.com\/","logo":{"@type":"ImageObject","inLanguage":"de","@id":"https:\/\/www.carmelitaniscalzi.com\/#\/schema\/logo\/image\/","url":"https:\/\/www.carmelitaniscalzi.com\/wp-content\/uploads\/2025\/11\/login-logo.png","contentUrl":"https:\/\/www.carmelitaniscalzi.com\/wp-content\/uploads\/2025\/11\/login-logo.png","width":256,"height":256,"caption":"CARMELITANI SCALZI - Curia Generale del Carmelo Teresiano"},"image":{"@id":"https:\/\/www.carmelitaniscalzi.com\/#\/schema\/logo\/image\/"},"sameAs":["https:\/\/www.facebook.com\/Curia-Generalizia-Carmelitani-Scalzi-658766940887784\/","https:\/\/x.com\/ocdcuria","https:\/\/www.youtube.com\/channel\/UC2J5ZL0ycOY0qBSTCLX_NGQ\/videos","https:\/\/www.instagram.com\/ocdinform\/"]},{"@type":"Person","@id":"https:\/\/www.carmelitaniscalzi.com\/#\/schema\/person\/6d1c0d9bea7b6625c437246a5d6da409","name":"ocd web master","image":{"@type":"ImageObject","inLanguage":"de","@id":"https:\/\/www.carmelitaniscalzi.com\/#\/schema\/person\/image\/","url":"https:\/\/secure.gravatar.com\/avatar\/41fbc5f82bad909fbaf2984c43fa50d8519ac5853e25b454d022b6868f80d0e7?s=96&d=mm&r=g","contentUrl":"https:\/\/secure.gravatar.com\/avatar\/41fbc5f82bad909fbaf2984c43fa50d8519ac5853e25b454d022b6868f80d0e7?s=96&d=mm&r=g","caption":"ocd web master"},"url":"https:\/\/www.carmelitaniscalzi.com\/de\/author\/ocdwebmaster\/"}]}},"_links":{"self":[{"href":"https:\/\/www.carmelitaniscalzi.com\/de\/wp-json\/wp\/v2\/posts\/42387","targetHints":{"allow":["GET"]}}],"collection":[{"href":"https:\/\/www.carmelitaniscalzi.com\/de\/wp-json\/wp\/v2\/posts"}],"about":[{"href":"https:\/\/www.carmelitaniscalzi.com\/de\/wp-json\/wp\/v2\/types\/post"}],"author":[{"embeddable":true,"href":"https:\/\/www.carmelitaniscalzi.com\/de\/wp-json\/wp\/v2\/users\/7"}],"replies":[{"embeddable":true,"href":"https:\/\/www.carmelitaniscalzi.com\/de\/wp-json\/wp\/v2\/comments?post=42387"}],"version-history":[{"count":0,"href":"https:\/\/www.carmelitaniscalzi.com\/de\/wp-json\/wp\/v2\/posts\/42387\/revisions"}],"wp:featuredmedia":[{"embeddable":true,"href":"https:\/\/www.carmelitaniscalzi.com\/de\/wp-json\/wp\/v2\/media\/42366"}],"wp:attachment":[{"href":"https:\/\/www.carmelitaniscalzi.com\/de\/wp-json\/wp\/v2\/media?parent=42387"}],"wp:term":[{"taxonomy":"category","embeddable":true,"href":"https:\/\/www.carmelitaniscalzi.com\/de\/wp-json\/wp\/v2\/categories?post=42387"},{"taxonomy":"post_tag","embeddable":true,"href":"https:\/\/www.carmelitaniscalzi.com\/de\/wp-json\/wp\/v2\/tags?post=42387"}],"curies":[{"name":"wp","href":"https:\/\/api.w.org\/{rel}","templated":true}]}}