{"id":41918,"date":"2020-07-27T05:00:11","date_gmt":"2020-07-27T03:00:11","guid":{"rendered":"https:\/\/www.carmelitaniscalzi.com\/?p=41918"},"modified":"2020-07-22T00:56:11","modified_gmt":"2020-07-21T22:56:11","slug":"andenken-an-p-jeronimo-gracian","status":"publish","type":"post","link":"https:\/\/www.carmelitaniscalzi.com\/de\/2020\/07\/27\/andenken-an-p-jeronimo-gracian\/","title":{"rendered":"Andenken an P. Jer\u00f3nimo Graci\u00e1n"},"content":{"rendered":"<p>Die Real Academia de la Historia Espa\u00f1ola erinnerte im Juni an den 475. Geburtstag von P Jer\u00f3nimo Graci\u00e1n, geb. am 6.6.1545, indem sie in ihrem Internet-Portal den Artikel von P. Jos\u00e9 Vicente Rodr\u00edguez OCD \u00fcber ihn ver\u00f6ffentlichte.<\/p>\n<p><a href=\"http:\/\/dbe.rah.es\/biografias\/18443\/jeronimo-gracian-dantisco?fbclid=IwAR18saZvq8-FGHOYr_BY432n2upL0z7vhH9AIDtYNy6n3gG7YKe70P3pePo\">http:\/\/dbe.rah.es\/biografias\/18443\/jeronimo-gracian-dantisco<\/a><\/p>\n<p>Dieses Lexikon enth\u00e4lt viele Eintr\u00e4ge, die sich auf den Teresianischen Karmel beziehen, angefangen bei Teresa. Sie wurden bereits vor zwei Jahren vom Blog \u201eDe la Rueca a la Pluma\u201c\u00a0 der Karmelitinnen von Pu\u00e7ol, Valencia, Spanien, \u00fcbernommen, und k\u00f6nnen unter folgendem Link eingesehen werden:<\/p>\n<p><a href=\"https:\/\/delaruecaalapluma.wordpress.com\/2018\/05\/14\/diccionario-biografico-espanol\/\">https:\/\/delaruecaalapluma.wordpress.com\/2018\/05\/14\/diccionario-biografico-espanol\/<\/a><\/p>\n<p>&nbsp;<\/p>\n<p><a href=\"https:\/\/www.carmelitaniscalzi.com\/wp-content\/uploads\/2020\/07\/00-2.jpg\"><img loading=\"lazy\" decoding=\"async\" class=\"alignnone size-full wp-image-41867\" src=\"https:\/\/www.carmelitaniscalzi.com\/wp-content\/uploads\/2020\/07\/00-2.jpg\" alt=\"\" width=\"940\" height=\"627\" srcset=\"https:\/\/www.carmelitaniscalzi.com\/wp-content\/uploads\/2020\/07\/00-2.jpg 940w, https:\/\/www.carmelitaniscalzi.com\/wp-content\/uploads\/2020\/07\/00-2-300x200.jpg 300w, https:\/\/www.carmelitaniscalzi.com\/wp-content\/uploads\/2020\/07\/00-2-768x512.jpg 768w, https:\/\/www.carmelitaniscalzi.com\/wp-content\/uploads\/2020\/07\/00-2-82x55.jpg 82w, https:\/\/www.carmelitaniscalzi.com\/wp-content\/uploads\/2020\/07\/00-2-800x534.jpg 800w, https:\/\/www.carmelitaniscalzi.com\/wp-content\/uploads\/2020\/07\/00-2-580x387.jpg 580w\" sizes=\"auto, (max-width: 940px) 100vw, 940px\" \/><\/a><\/p>\n<p>&nbsp;<\/p>\n","protected":false},"excerpt":{"rendered":"<p>Die Real Academia de la Historia Espa\u00f1ola erinnerte im Juni an den 475. Geburtstag von P Jer\u00f3nimo Graci\u00e1n, geb. am 6.6.1545, indem sie in ihrem Internet-Portal den Artikel von P. Jos\u00e9 Vicente Rodr\u00edguez OCD \u00fcber ihn ver\u00f6ffentlichte. http:\/\/dbe.rah.es\/biografias\/18443\/jeronimo-gracian-dantisco Dieses Lexikon enth\u00e4lt viele Eintr\u00e4ge, die sich auf den Teresianischen Karmel beziehen, angefangen bei Teresa. Sie wurden [&hellip;]<\/p>\n","protected":false},"author":7,"featured_media":41902,"comment_status":"closed","ping_status":"closed","sticky":false,"template":"","format":"standard","meta":{"_acf_changed":false,"footnotes":""},"categories":[218,371],"tags":[],"class_list":["post-41918","post","type-post","status-publish","format-standard","has-post-thumbnail","hentry","category-nachrichten-ueber-brueder","category-nachrichten"],"acf":[],"yoast_head":"<!-- This site is optimized with the Yoast SEO plugin v26.3 - https:\/\/yoast.com\/wordpress\/plugins\/seo\/ -->\n<title>Andenken an P. Jer\u00f3nimo Graci\u00e1n - UNBESCHUHTE KARMELITEN<\/title>\n<meta name=\"robots\" content=\"index, follow, max-snippet:-1, max-image-preview:large, max-video-preview:-1\" \/>\n<link rel=\"canonical\" href=\"https:\/\/www.carmelitaniscalzi.com\/de\/2020\/07\/27\/andenken-an-p-jeronimo-gracian\/\" \/>\n<meta property=\"og:locale\" content=\"de_DE\" \/>\n<meta property=\"og:type\" content=\"article\" \/>\n<meta property=\"og:title\" content=\"Andenken an P. Jer\u00f3nimo Graci\u00e1n - UNBESCHUHTE KARMELITEN\" \/>\n<meta property=\"og:description\" content=\"Die Real Academia de la Historia Espa\u00f1ola erinnerte im Juni an den 475. Geburtstag von P Jer\u00f3nimo Graci\u00e1n, geb. am 6.6.1545, indem sie in ihrem Internet-Portal den Artikel von P. Jos\u00e9 Vicente Rodr\u00edguez OCD \u00fcber ihn ver\u00f6ffentlichte. http:\/\/dbe.rah.es\/biografias\/18443\/jeronimo-gracian-dantisco Dieses Lexikon enth\u00e4lt viele Eintr\u00e4ge, die sich auf den Teresianischen Karmel beziehen, angefangen bei Teresa. Sie wurden [&hellip;]\" \/>\n<meta property=\"og:url\" content=\"https:\/\/www.carmelitaniscalzi.com\/de\/2020\/07\/27\/andenken-an-p-jeronimo-gracian\/\" \/>\n<meta property=\"og:site_name\" content=\"UNBESCHUHTE KARMELITEN\" \/>\n<meta property=\"article:publisher\" content=\"https:\/\/www.facebook.com\/Curia-Generalizia-Carmelitani-Scalzi-658766940887784\/\" \/>\n<meta property=\"article:published_time\" content=\"2020-07-27T03:00:11+00:00\" \/>\n<meta property=\"og:image\" content=\"https:\/\/www.carmelitaniscalzi.com\/wp-content\/uploads\/2020\/07\/01-3.jpg\" \/>\n\t<meta property=\"og:image:width\" content=\"940\" \/>\n\t<meta property=\"og:image:height\" content=\"500\" \/>\n\t<meta property=\"og:image:type\" content=\"image\/jpeg\" \/>\n<meta name=\"author\" content=\"ocd web master\" \/>\n<meta name=\"twitter:card\" content=\"summary_large_image\" \/>\n<meta name=\"twitter:creator\" content=\"@ocdcuria\" \/>\n<meta name=\"twitter:site\" content=\"@ocdcuria\" \/>\n<meta name=\"twitter:label1\" content=\"Verfasst von\" \/>\n\t<meta name=\"twitter:data1\" content=\"ocd web master\" \/>\n\t<meta name=\"twitter:label2\" content=\"Gesch\u00e4tzte Lesezeit\" \/>\n\t<meta name=\"twitter:data2\" content=\"1\u00a0Minute\" \/>\n<script type=\"application\/ld+json\" class=\"yoast-schema-graph\">{\"@context\":\"https:\/\/schema.org\",\"@graph\":[{\"@type\":\"Article\",\"@id\":\"https:\/\/www.carmelitaniscalzi.com\/de\/2020\/07\/27\/andenken-an-p-jeronimo-gracian\/#article\",\"isPartOf\":{\"@id\":\"https:\/\/www.carmelitaniscalzi.com\/de\/2020\/07\/27\/andenken-an-p-jeronimo-gracian\/\"},\"author\":{\"name\":\"ocd web master\",\"@id\":\"https:\/\/www.carmelitaniscalzi.com\/#\/schema\/person\/6d1c0d9bea7b6625c437246a5d6da409\"},\"headline\":\"Andenken an P. Jer\u00f3nimo Graci\u00e1n\",\"datePublished\":\"2020-07-27T03:00:11+00:00\",\"mainEntityOfPage\":{\"@id\":\"https:\/\/www.carmelitaniscalzi.com\/de\/2020\/07\/27\/andenken-an-p-jeronimo-gracian\/\"},\"wordCount\":107,\"publisher\":{\"@id\":\"https:\/\/www.carmelitaniscalzi.com\/#organization\"},\"image\":{\"@id\":\"https:\/\/www.carmelitaniscalzi.com\/de\/2020\/07\/27\/andenken-an-p-jeronimo-gracian\/#primaryimage\"},\"thumbnailUrl\":\"https:\/\/www.carmelitaniscalzi.com\/wp-content\/uploads\/2020\/07\/01-3.jpg\",\"articleSection\":[\"Nachrichten \u00fcber Br\u00fcder\",\"Nachrichten\"],\"inLanguage\":\"de\"},{\"@type\":\"WebPage\",\"@id\":\"https:\/\/www.carmelitaniscalzi.com\/de\/2020\/07\/27\/andenken-an-p-jeronimo-gracian\/\",\"url\":\"https:\/\/www.carmelitaniscalzi.com\/de\/2020\/07\/27\/andenken-an-p-jeronimo-gracian\/\",\"name\":\"Andenken an P. Jer\u00f3nimo Graci\u00e1n - UNBESCHUHTE KARMELITEN\",\"isPartOf\":{\"@id\":\"https:\/\/www.carmelitaniscalzi.com\/#website\"},\"primaryImageOfPage\":{\"@id\":\"https:\/\/www.carmelitaniscalzi.com\/de\/2020\/07\/27\/andenken-an-p-jeronimo-gracian\/#primaryimage\"},\"image\":{\"@id\":\"https:\/\/www.carmelitaniscalzi.com\/de\/2020\/07\/27\/andenken-an-p-jeronimo-gracian\/#primaryimage\"},\"thumbnailUrl\":\"https:\/\/www.carmelitaniscalzi.com\/wp-content\/uploads\/2020\/07\/01-3.jpg\",\"datePublished\":\"2020-07-27T03:00:11+00:00\",\"breadcrumb\":{\"@id\":\"https:\/\/www.carmelitaniscalzi.com\/de\/2020\/07\/27\/andenken-an-p-jeronimo-gracian\/#breadcrumb\"},\"inLanguage\":\"de\",\"potentialAction\":[{\"@type\":\"ReadAction\",\"target\":[\"https:\/\/www.carmelitaniscalzi.com\/de\/2020\/07\/27\/andenken-an-p-jeronimo-gracian\/\"]}]},{\"@type\":\"ImageObject\",\"inLanguage\":\"de\",\"@id\":\"https:\/\/www.carmelitaniscalzi.com\/de\/2020\/07\/27\/andenken-an-p-jeronimo-gracian\/#primaryimage\",\"url\":\"https:\/\/www.carmelitaniscalzi.com\/wp-content\/uploads\/2020\/07\/01-3.jpg\",\"contentUrl\":\"https:\/\/www.carmelitaniscalzi.com\/wp-content\/uploads\/2020\/07\/01-3.jpg\",\"width\":940,\"height\":500},{\"@type\":\"BreadcrumbList\",\"@id\":\"https:\/\/www.carmelitaniscalzi.com\/de\/2020\/07\/27\/andenken-an-p-jeronimo-gracian\/#breadcrumb\",\"itemListElement\":[{\"@type\":\"ListItem\",\"position\":1,\"name\":\"Home\",\"item\":\"https:\/\/www.carmelitaniscalzi.com\/de\/\"},{\"@type\":\"ListItem\",\"position\":2,\"name\":\"Andenken an P. Jer\u00f3nimo Graci\u00e1n\"}]},{\"@type\":\"WebSite\",\"@id\":\"https:\/\/www.carmelitaniscalzi.com\/#website\",\"url\":\"https:\/\/www.carmelitaniscalzi.com\/\",\"name\":\"CARMELITANI SCALZI - Curia Generale del Carmelo Teresiano\",\"description\":\"Generalkurie des Teresianischen Karmel\",\"publisher\":{\"@id\":\"https:\/\/www.carmelitaniscalzi.com\/#organization\"},\"alternateName\":\"CARMELITANI SCALZI\",\"potentialAction\":[{\"@type\":\"SearchAction\",\"target\":{\"@type\":\"EntryPoint\",\"urlTemplate\":\"https:\/\/www.carmelitaniscalzi.com\/?s={search_term_string}\"},\"query-input\":{\"@type\":\"PropertyValueSpecification\",\"valueRequired\":true,\"valueName\":\"search_term_string\"}}],\"inLanguage\":\"de\"},{\"@type\":\"Organization\",\"@id\":\"https:\/\/www.carmelitaniscalzi.com\/#organization\",\"name\":\"CARMELITANI SCALZI - Curia Generale del Carmelo Teresiano\",\"url\":\"https:\/\/www.carmelitaniscalzi.com\/\",\"logo\":{\"@type\":\"ImageObject\",\"inLanguage\":\"de\",\"@id\":\"https:\/\/www.carmelitaniscalzi.com\/#\/schema\/logo\/image\/\",\"url\":\"https:\/\/www.carmelitaniscalzi.com\/wp-content\/uploads\/2025\/11\/login-logo.png\",\"contentUrl\":\"https:\/\/www.carmelitaniscalzi.com\/wp-content\/uploads\/2025\/11\/login-logo.png\",\"width\":256,\"height\":256,\"caption\":\"CARMELITANI SCALZI - Curia Generale del Carmelo Teresiano\"},\"image\":{\"@id\":\"https:\/\/www.carmelitaniscalzi.com\/#\/schema\/logo\/image\/\"},\"sameAs\":[\"https:\/\/www.facebook.com\/Curia-Generalizia-Carmelitani-Scalzi-658766940887784\/\",\"https:\/\/x.com\/ocdcuria\",\"https:\/\/www.youtube.com\/channel\/UC2J5ZL0ycOY0qBSTCLX_NGQ\/videos\",\"https:\/\/www.instagram.com\/ocdinform\/\"]},{\"@type\":\"Person\",\"@id\":\"https:\/\/www.carmelitaniscalzi.com\/#\/schema\/person\/6d1c0d9bea7b6625c437246a5d6da409\",\"name\":\"ocd web master\",\"image\":{\"@type\":\"ImageObject\",\"inLanguage\":\"de\",\"@id\":\"https:\/\/www.carmelitaniscalzi.com\/#\/schema\/person\/image\/\",\"url\":\"https:\/\/secure.gravatar.com\/avatar\/41fbc5f82bad909fbaf2984c43fa50d8519ac5853e25b454d022b6868f80d0e7?s=96&d=mm&r=g\",\"contentUrl\":\"https:\/\/secure.gravatar.com\/avatar\/41fbc5f82bad909fbaf2984c43fa50d8519ac5853e25b454d022b6868f80d0e7?s=96&d=mm&r=g\",\"caption\":\"ocd web master\"},\"url\":\"https:\/\/www.carmelitaniscalzi.com\/de\/author\/ocdwebmaster\/\"}]}<\/script>\n<!-- \/ Yoast SEO plugin. -->","yoast_head_json":{"title":"Andenken an P. Jer\u00f3nimo Graci\u00e1n - UNBESCHUHTE KARMELITEN","robots":{"index":"index","follow":"follow","max-snippet":"max-snippet:-1","max-image-preview":"max-image-preview:large","max-video-preview":"max-video-preview:-1"},"canonical":"https:\/\/www.carmelitaniscalzi.com\/de\/2020\/07\/27\/andenken-an-p-jeronimo-gracian\/","og_locale":"de_DE","og_type":"article","og_title":"Andenken an P. Jer\u00f3nimo Graci\u00e1n - UNBESCHUHTE KARMELITEN","og_description":"Die Real Academia de la Historia Espa\u00f1ola erinnerte im Juni an den 475. Geburtstag von P Jer\u00f3nimo Graci\u00e1n, geb. am 6.6.1545, indem sie in ihrem Internet-Portal den Artikel von P. Jos\u00e9 Vicente Rodr\u00edguez OCD \u00fcber ihn ver\u00f6ffentlichte. http:\/\/dbe.rah.es\/biografias\/18443\/jeronimo-gracian-dantisco Dieses Lexikon enth\u00e4lt viele Eintr\u00e4ge, die sich auf den Teresianischen Karmel beziehen, angefangen bei Teresa. Sie wurden [&hellip;]","og_url":"https:\/\/www.carmelitaniscalzi.com\/de\/2020\/07\/27\/andenken-an-p-jeronimo-gracian\/","og_site_name":"UNBESCHUHTE KARMELITEN","article_publisher":"https:\/\/www.facebook.com\/Curia-Generalizia-Carmelitani-Scalzi-658766940887784\/","article_published_time":"2020-07-27T03:00:11+00:00","og_image":[{"width":940,"height":500,"url":"https:\/\/www.carmelitaniscalzi.com\/wp-content\/uploads\/2020\/07\/01-3.jpg","type":"image\/jpeg"}],"author":"ocd web master","twitter_card":"summary_large_image","twitter_creator":"@ocdcuria","twitter_site":"@ocdcuria","twitter_misc":{"Verfasst von":"ocd web master","Gesch\u00e4tzte Lesezeit":"1\u00a0Minute"},"schema":{"@context":"https:\/\/schema.org","@graph":[{"@type":"Article","@id":"https:\/\/www.carmelitaniscalzi.com\/de\/2020\/07\/27\/andenken-an-p-jeronimo-gracian\/#article","isPartOf":{"@id":"https:\/\/www.carmelitaniscalzi.com\/de\/2020\/07\/27\/andenken-an-p-jeronimo-gracian\/"},"author":{"name":"ocd web master","@id":"https:\/\/www.carmelitaniscalzi.com\/#\/schema\/person\/6d1c0d9bea7b6625c437246a5d6da409"},"headline":"Andenken an P. Jer\u00f3nimo Graci\u00e1n","datePublished":"2020-07-27T03:00:11+00:00","mainEntityOfPage":{"@id":"https:\/\/www.carmelitaniscalzi.com\/de\/2020\/07\/27\/andenken-an-p-jeronimo-gracian\/"},"wordCount":107,"publisher":{"@id":"https:\/\/www.carmelitaniscalzi.com\/#organization"},"image":{"@id":"https:\/\/www.carmelitaniscalzi.com\/de\/2020\/07\/27\/andenken-an-p-jeronimo-gracian\/#primaryimage"},"thumbnailUrl":"https:\/\/www.carmelitaniscalzi.com\/wp-content\/uploads\/2020\/07\/01-3.jpg","articleSection":["Nachrichten \u00fcber Br\u00fcder","Nachrichten"],"inLanguage":"de"},{"@type":"WebPage","@id":"https:\/\/www.carmelitaniscalzi.com\/de\/2020\/07\/27\/andenken-an-p-jeronimo-gracian\/","url":"https:\/\/www.carmelitaniscalzi.com\/de\/2020\/07\/27\/andenken-an-p-jeronimo-gracian\/","name":"Andenken an P. Jer\u00f3nimo Graci\u00e1n - UNBESCHUHTE KARMELITEN","isPartOf":{"@id":"https:\/\/www.carmelitaniscalzi.com\/#website"},"primaryImageOfPage":{"@id":"https:\/\/www.carmelitaniscalzi.com\/de\/2020\/07\/27\/andenken-an-p-jeronimo-gracian\/#primaryimage"},"image":{"@id":"https:\/\/www.carmelitaniscalzi.com\/de\/2020\/07\/27\/andenken-an-p-jeronimo-gracian\/#primaryimage"},"thumbnailUrl":"https:\/\/www.carmelitaniscalzi.com\/wp-content\/uploads\/2020\/07\/01-3.jpg","datePublished":"2020-07-27T03:00:11+00:00","breadcrumb":{"@id":"https:\/\/www.carmelitaniscalzi.com\/de\/2020\/07\/27\/andenken-an-p-jeronimo-gracian\/#breadcrumb"},"inLanguage":"de","potentialAction":[{"@type":"ReadAction","target":["https:\/\/www.carmelitaniscalzi.com\/de\/2020\/07\/27\/andenken-an-p-jeronimo-gracian\/"]}]},{"@type":"ImageObject","inLanguage":"de","@id":"https:\/\/www.carmelitaniscalzi.com\/de\/2020\/07\/27\/andenken-an-p-jeronimo-gracian\/#primaryimage","url":"https:\/\/www.carmelitaniscalzi.com\/wp-content\/uploads\/2020\/07\/01-3.jpg","contentUrl":"https:\/\/www.carmelitaniscalzi.com\/wp-content\/uploads\/2020\/07\/01-3.jpg","width":940,"height":500},{"@type":"BreadcrumbList","@id":"https:\/\/www.carmelitaniscalzi.com\/de\/2020\/07\/27\/andenken-an-p-jeronimo-gracian\/#breadcrumb","itemListElement":[{"@type":"ListItem","position":1,"name":"Home","item":"https:\/\/www.carmelitaniscalzi.com\/de\/"},{"@type":"ListItem","position":2,"name":"Andenken an P. Jer\u00f3nimo Graci\u00e1n"}]},{"@type":"WebSite","@id":"https:\/\/www.carmelitaniscalzi.com\/#website","url":"https:\/\/www.carmelitaniscalzi.com\/","name":"CARMELITANI SCALZI - Curia Generale del Carmelo Teresiano","description":"Generalkurie des Teresianischen Karmel","publisher":{"@id":"https:\/\/www.carmelitaniscalzi.com\/#organization"},"alternateName":"CARMELITANI SCALZI","potentialAction":[{"@type":"SearchAction","target":{"@type":"EntryPoint","urlTemplate":"https:\/\/www.carmelitaniscalzi.com\/?s={search_term_string}"},"query-input":{"@type":"PropertyValueSpecification","valueRequired":true,"valueName":"search_term_string"}}],"inLanguage":"de"},{"@type":"Organization","@id":"https:\/\/www.carmelitaniscalzi.com\/#organization","name":"CARMELITANI SCALZI - Curia Generale del Carmelo Teresiano","url":"https:\/\/www.carmelitaniscalzi.com\/","logo":{"@type":"ImageObject","inLanguage":"de","@id":"https:\/\/www.carmelitaniscalzi.com\/#\/schema\/logo\/image\/","url":"https:\/\/www.carmelitaniscalzi.com\/wp-content\/uploads\/2025\/11\/login-logo.png","contentUrl":"https:\/\/www.carmelitaniscalzi.com\/wp-content\/uploads\/2025\/11\/login-logo.png","width":256,"height":256,"caption":"CARMELITANI SCALZI - Curia Generale del Carmelo Teresiano"},"image":{"@id":"https:\/\/www.carmelitaniscalzi.com\/#\/schema\/logo\/image\/"},"sameAs":["https:\/\/www.facebook.com\/Curia-Generalizia-Carmelitani-Scalzi-658766940887784\/","https:\/\/x.com\/ocdcuria","https:\/\/www.youtube.com\/channel\/UC2J5ZL0ycOY0qBSTCLX_NGQ\/videos","https:\/\/www.instagram.com\/ocdinform\/"]},{"@type":"Person","@id":"https:\/\/www.carmelitaniscalzi.com\/#\/schema\/person\/6d1c0d9bea7b6625c437246a5d6da409","name":"ocd web master","image":{"@type":"ImageObject","inLanguage":"de","@id":"https:\/\/www.carmelitaniscalzi.com\/#\/schema\/person\/image\/","url":"https:\/\/secure.gravatar.com\/avatar\/41fbc5f82bad909fbaf2984c43fa50d8519ac5853e25b454d022b6868f80d0e7?s=96&d=mm&r=g","contentUrl":"https:\/\/secure.gravatar.com\/avatar\/41fbc5f82bad909fbaf2984c43fa50d8519ac5853e25b454d022b6868f80d0e7?s=96&d=mm&r=g","caption":"ocd web master"},"url":"https:\/\/www.carmelitaniscalzi.com\/de\/author\/ocdwebmaster\/"}]}},"_links":{"self":[{"href":"https:\/\/www.carmelitaniscalzi.com\/de\/wp-json\/wp\/v2\/posts\/41918","targetHints":{"allow":["GET"]}}],"collection":[{"href":"https:\/\/www.carmelitaniscalzi.com\/de\/wp-json\/wp\/v2\/posts"}],"about":[{"href":"https:\/\/www.carmelitaniscalzi.com\/de\/wp-json\/wp\/v2\/types\/post"}],"author":[{"embeddable":true,"href":"https:\/\/www.carmelitaniscalzi.com\/de\/wp-json\/wp\/v2\/users\/7"}],"replies":[{"embeddable":true,"href":"https:\/\/www.carmelitaniscalzi.com\/de\/wp-json\/wp\/v2\/comments?post=41918"}],"version-history":[{"count":0,"href":"https:\/\/www.carmelitaniscalzi.com\/de\/wp-json\/wp\/v2\/posts\/41918\/revisions"}],"wp:featuredmedia":[{"embeddable":true,"href":"https:\/\/www.carmelitaniscalzi.com\/de\/wp-json\/wp\/v2\/media\/41902"}],"wp:attachment":[{"href":"https:\/\/www.carmelitaniscalzi.com\/de\/wp-json\/wp\/v2\/media?parent=41918"}],"wp:term":[{"taxonomy":"category","embeddable":true,"href":"https:\/\/www.carmelitaniscalzi.com\/de\/wp-json\/wp\/v2\/categories?post=41918"},{"taxonomy":"post_tag","embeddable":true,"href":"https:\/\/www.carmelitaniscalzi.com\/de\/wp-json\/wp\/v2\/tags?post=41918"}],"curies":[{"name":"wp","href":"https:\/\/api.w.org\/{rel}","templated":true}]}}