{"id":394280,"date":"2024-10-15T00:30:48","date_gmt":"2024-10-14T22:30:48","guid":{"rendered":"https:\/\/www.carmelitaniscalzi.com\/?p=394280"},"modified":"2024-10-12T03:58:25","modified_gmt":"2024-10-12T01:58:25","slug":"frankreich-treffen-der-studenten-ocd-europas-in-lisieux","status":"publish","type":"post","link":"https:\/\/www.carmelitaniscalzi.com\/de\/2024\/10\/15\/frankreich-treffen-der-studenten-ocd-europas-in-lisieux\/","title":{"rendered":"Frankreich: Treffen der Studenten OCD Europas in Lisieux"},"content":{"rendered":"<p>Das Treffen unserer Mitbr\u00fcder in Ausbildung Europas fand vom 19. bis 24. August 2024 in Lisieux statt und brachte mehr als 80 Teilnehmer (einschlie\u00dflich Ausbilder) zusammen.<\/p>\n<p>Das Thema des Treffens war: die drei S\u00e4ulen des karmelitanischen Lebens gem\u00e4\u00df der Erkl\u00e4rung \u00fcber das Charisma und die heilige Therese vom Kinde Jesus. Die Vortr\u00e4ge an den ersten drei Vormittagen konzentrierten sich auf jeweils einen dieser Pfeiler: Gebet, Gemeinschaftsleben und Mission. Die Zeit f\u00fcr den Austausch in Sprachgruppen erm\u00f6glichte es uns, verschiedene Erfahrungen des karmelitanischen Lebens zu entdecken. Am Freitagmorgen sprach unser P. General \u00fcber die Einheit von Br\u00fcdern, Schwestern und den OCDS, dann hatten wir einen Austausch mit Pater General und dem Definitor Pater Christophe-Marie.<\/p>\n<p>Am Nachmittag besuchten wir die Orte Thereses in Lisieux: Les Buissonnets, die Kathedrale, die Basilika und in einem Halbtagesausflug Alen\u00e7on. Am letzten Abend gab es bei einer festlichen Rekreation eine Vielzahl von Aktivit\u00e4ten. Es war die Kr\u00f6nung dieser br\u00fcderlichen, anregenden und von Begegnungen gepr\u00e4gten Tage.<\/p>\n<p>&nbsp;<\/p>\n<div class=\"wpmf-gallerys wpmf-gallerys-life \" ><div id=\"gallery-1\"\n data-gutter-width=\"5\"\n  data-wpmfcolumns=\"5\" class=\"wpmf-gallery gallery-link-file gallery_life gallery-masonry gallery-columns-5 gallery-size-thumbnail wpmf-gallery-bottomspace-default wpmf-gallery-clear wpmf-has-border-radius-0 wpmf-gutterwidth-5\"><div class=\"wpmf-gallery-item\n     wpmf-gallery-item-position-0 wpmf-gallery-item-attachment-394231\" data-index=\"0\"><div class=\"wpmf-gallery-icon\"><a class=\" not_video noLightbox\" data-lightbox=\"1\" data-href=\"https:\/\/www.carmelitaniscalzi.com\/wp-content\/uploads\/2024\/10\/Lisieux-1-1024x370.jpg\" title=\"Lisieux 1\" target=\"_self\" data-index=\"0\"><img decoding=\"async\" class=\"wpmf_img\" alt=\"Lisieux 1\" src=\"https:\/\/www.carmelitaniscalzi.com\/wp-content\/uploads\/2024\/10\/Lisieux-1-150x150.jpg\" data-type=\"wpmfgalleryimg\" data-lazy-src=\"https:\/\/www.carmelitaniscalzi.com\/wp-content\/uploads\/2024\/10\/Lisieux-1-150x150.jpg\"><\/a><\/div><\/div><div class=\"wpmf-gallery-item\n     wpmf-gallery-item-position-1 wpmf-gallery-item-attachment-394237\" data-index=\"1\"><div class=\"wpmf-gallery-icon\"><a class=\" not_video noLightbox\" data-lightbox=\"1\" data-href=\"https:\/\/www.carmelitaniscalzi.com\/wp-content\/uploads\/2024\/10\/Lisieux-2-1024x683.jpg\" title=\"Lisieux 2\" target=\"_self\" data-index=\"1\"><img decoding=\"async\" class=\"wpmf_img\" alt=\"Lisieux 2\" src=\"https:\/\/www.carmelitaniscalzi.com\/wp-content\/uploads\/2024\/10\/Lisieux-2-150x150.jpg\" data-type=\"wpmfgalleryimg\" data-lazy-src=\"https:\/\/www.carmelitaniscalzi.com\/wp-content\/uploads\/2024\/10\/Lisieux-2-150x150.jpg\"><\/a><\/div><\/div><div class=\"wpmf-gallery-item\n     wpmf-gallery-item-position-2 wpmf-gallery-item-attachment-394243\" data-index=\"2\"><div class=\"wpmf-gallery-icon\"><a class=\" not_video noLightbox\" data-lightbox=\"1\" data-href=\"https:\/\/www.carmelitaniscalzi.com\/wp-content\/uploads\/2024\/10\/Lisieux-3-1024x683.jpg\" title=\"Lisieux 3\" target=\"_self\" data-index=\"2\"><img decoding=\"async\" class=\"wpmf_img\" alt=\"Lisieux 3\" src=\"https:\/\/www.carmelitaniscalzi.com\/wp-content\/uploads\/2024\/10\/Lisieux-3-150x150.jpg\" data-type=\"wpmfgalleryimg\" data-lazy-src=\"https:\/\/www.carmelitaniscalzi.com\/wp-content\/uploads\/2024\/10\/Lisieux-3-150x150.jpg\"><\/a><\/div><\/div><div class=\"wpmf-gallery-item\n     wpmf-gallery-item-position-3 wpmf-gallery-item-attachment-394249\" data-index=\"3\"><div class=\"wpmf-gallery-icon\"><a class=\" not_video noLightbox\" data-lightbox=\"1\" data-href=\"https:\/\/www.carmelitaniscalzi.com\/wp-content\/uploads\/2024\/10\/Lisieux-4-1024x683.jpg\" title=\"Lisieux 4\" target=\"_self\" data-index=\"3\"><img decoding=\"async\" class=\"wpmf_img\" alt=\"Lisieux 4\" src=\"https:\/\/www.carmelitaniscalzi.com\/wp-content\/uploads\/2024\/10\/Lisieux-4-150x150.jpg\" data-type=\"wpmfgalleryimg\" data-lazy-src=\"https:\/\/www.carmelitaniscalzi.com\/wp-content\/uploads\/2024\/10\/Lisieux-4-150x150.jpg\"><\/a><\/div><\/div><div class=\"wpmf-gallery-item\n     wpmf-gallery-item-position-4 wpmf-gallery-item-attachment-394255\" data-index=\"4\"><div class=\"wpmf-gallery-icon\"><a class=\" not_video noLightbox\" data-lightbox=\"1\" data-href=\"https:\/\/www.carmelitaniscalzi.com\/wp-content\/uploads\/2024\/10\/Lisieux-5-683x1024.jpg\" title=\"Lisieux 5\" target=\"_self\" data-index=\"4\"><img decoding=\"async\" class=\"wpmf_img\" alt=\"Lisieux 5\" src=\"https:\/\/www.carmelitaniscalzi.com\/wp-content\/uploads\/2024\/10\/Lisieux-5-150x150.jpg\" data-type=\"wpmfgalleryimg\" data-lazy-src=\"https:\/\/www.carmelitaniscalzi.com\/wp-content\/uploads\/2024\/10\/Lisieux-5-150x150.jpg\"><\/a><\/div><\/div><\/div><\/div>\n\n","protected":false},"excerpt":{"rendered":"<p>Das Treffen unserer Mitbr\u00fcder in Ausbildung Europas fand vom 19. bis 24. August 2024 in Lisieux statt und brachte mehr als 80 Teilnehmer (einschlie\u00dflich Ausbilder) zusammen. Das Thema des Treffens war: die drei S\u00e4ulen des karmelitanischen Lebens gem\u00e4\u00df der Erkl\u00e4rung \u00fcber das Charisma und die heilige Therese vom Kinde Jesus. Die Vortr\u00e4ge an den ersten [&hellip;]<\/p>\n","protected":false},"author":7,"featured_media":394225,"comment_status":"closed","ping_status":"open","sticky":false,"template":"","format":"standard","meta":{"_acf_changed":false,"footnotes":""},"categories":[213,216,217,218],"tags":[],"class_list":["post-394280","post","type-post","status-publish","format-standard","has-post-thumbnail","hentry","category-nachrichten-von-p-general","category-nachrichten-von-den-definitoren","category-nachrichten-aus-den-missionen","category-nachrichten-ueber-brueder"],"acf":[],"yoast_head":"<!-- This site is optimized with the Yoast SEO plugin v26.3 - https:\/\/yoast.com\/wordpress\/plugins\/seo\/ -->\n<title>Frankreich: Treffen der Studenten OCD Europas in Lisieux - UNBESCHUHTE KARMELITEN<\/title>\n<meta name=\"robots\" content=\"index, follow, max-snippet:-1, max-image-preview:large, max-video-preview:-1\" \/>\n<link rel=\"canonical\" href=\"https:\/\/www.carmelitaniscalzi.com\/de\/2024\/10\/15\/frankreich-treffen-der-studenten-ocd-europas-in-lisieux\/\" \/>\n<meta property=\"og:locale\" content=\"de_DE\" \/>\n<meta property=\"og:type\" content=\"article\" \/>\n<meta property=\"og:title\" content=\"Frankreich: Treffen der Studenten OCD Europas in Lisieux - UNBESCHUHTE KARMELITEN\" \/>\n<meta property=\"og:description\" content=\"Das Treffen unserer Mitbr\u00fcder in Ausbildung Europas fand vom 19. bis 24. August 2024 in Lisieux statt und brachte mehr als 80 Teilnehmer (einschlie\u00dflich Ausbilder) zusammen. Das Thema des Treffens war: die drei S\u00e4ulen des karmelitanischen Lebens gem\u00e4\u00df der Erkl\u00e4rung \u00fcber das Charisma und die heilige Therese vom Kinde Jesus. Die Vortr\u00e4ge an den ersten [&hellip;]\" \/>\n<meta property=\"og:url\" content=\"https:\/\/www.carmelitaniscalzi.com\/de\/2024\/10\/15\/frankreich-treffen-der-studenten-ocd-europas-in-lisieux\/\" \/>\n<meta property=\"og:site_name\" content=\"UNBESCHUHTE KARMELITEN\" \/>\n<meta property=\"article:publisher\" content=\"https:\/\/www.facebook.com\/Curia-Generalizia-Carmelitani-Scalzi-658766940887784\/\" \/>\n<meta property=\"article:published_time\" content=\"2024-10-14T22:30:48+00:00\" \/>\n<meta property=\"og:image\" content=\"https:\/\/www.carmelitaniscalzi.com\/wp-content\/uploads\/2024\/10\/cover_lisieux_09.2024.jpg\" \/>\n\t<meta property=\"og:image:width\" content=\"1200\" \/>\n\t<meta property=\"og:image:height\" content=\"800\" \/>\n\t<meta property=\"og:image:type\" content=\"image\/jpeg\" \/>\n<meta name=\"author\" content=\"ocd web master\" \/>\n<meta name=\"twitter:card\" content=\"summary_large_image\" \/>\n<meta name=\"twitter:creator\" content=\"@ocdcuria\" \/>\n<meta name=\"twitter:site\" content=\"@ocdcuria\" \/>\n<meta name=\"twitter:label1\" content=\"Verfasst von\" \/>\n\t<meta name=\"twitter:data1\" content=\"ocd web master\" \/>\n\t<meta name=\"twitter:label2\" content=\"Gesch\u00e4tzte Lesezeit\" \/>\n\t<meta name=\"twitter:data2\" content=\"1\u00a0Minute\" \/>\n<script type=\"application\/ld+json\" class=\"yoast-schema-graph\">{\"@context\":\"https:\/\/schema.org\",\"@graph\":[{\"@type\":\"Article\",\"@id\":\"https:\/\/www.carmelitaniscalzi.com\/de\/2024\/10\/15\/frankreich-treffen-der-studenten-ocd-europas-in-lisieux\/#article\",\"isPartOf\":{\"@id\":\"https:\/\/www.carmelitaniscalzi.com\/de\/2024\/10\/15\/frankreich-treffen-der-studenten-ocd-europas-in-lisieux\/\"},\"author\":{\"name\":\"ocd web master\",\"@id\":\"https:\/\/www.carmelitaniscalzi.com\/#\/schema\/person\/6d1c0d9bea7b6625c437246a5d6da409\"},\"headline\":\"Frankreich: Treffen der Studenten OCD Europas in Lisieux\",\"datePublished\":\"2024-10-14T22:30:48+00:00\",\"mainEntityOfPage\":{\"@id\":\"https:\/\/www.carmelitaniscalzi.com\/de\/2024\/10\/15\/frankreich-treffen-der-studenten-ocd-europas-in-lisieux\/\"},\"wordCount\":186,\"publisher\":{\"@id\":\"https:\/\/www.carmelitaniscalzi.com\/#organization\"},\"image\":{\"@id\":\"https:\/\/www.carmelitaniscalzi.com\/de\/2024\/10\/15\/frankreich-treffen-der-studenten-ocd-europas-in-lisieux\/#primaryimage\"},\"thumbnailUrl\":\"https:\/\/www.carmelitaniscalzi.com\/wp-content\/uploads\/2024\/10\/cover_lisieux_09.2024.jpg\",\"articleSection\":[\"Nachrichten von P. General\",\"Nachrichten von den Definitoren\",\"Nachrichten zur Ausbildung\",\"Nachrichten \u00fcber Br\u00fcder\"],\"inLanguage\":\"de\"},{\"@type\":\"WebPage\",\"@id\":\"https:\/\/www.carmelitaniscalzi.com\/de\/2024\/10\/15\/frankreich-treffen-der-studenten-ocd-europas-in-lisieux\/\",\"url\":\"https:\/\/www.carmelitaniscalzi.com\/de\/2024\/10\/15\/frankreich-treffen-der-studenten-ocd-europas-in-lisieux\/\",\"name\":\"Frankreich: Treffen der Studenten OCD Europas in Lisieux - UNBESCHUHTE KARMELITEN\",\"isPartOf\":{\"@id\":\"https:\/\/www.carmelitaniscalzi.com\/#website\"},\"primaryImageOfPage\":{\"@id\":\"https:\/\/www.carmelitaniscalzi.com\/de\/2024\/10\/15\/frankreich-treffen-der-studenten-ocd-europas-in-lisieux\/#primaryimage\"},\"image\":{\"@id\":\"https:\/\/www.carmelitaniscalzi.com\/de\/2024\/10\/15\/frankreich-treffen-der-studenten-ocd-europas-in-lisieux\/#primaryimage\"},\"thumbnailUrl\":\"https:\/\/www.carmelitaniscalzi.com\/wp-content\/uploads\/2024\/10\/cover_lisieux_09.2024.jpg\",\"datePublished\":\"2024-10-14T22:30:48+00:00\",\"breadcrumb\":{\"@id\":\"https:\/\/www.carmelitaniscalzi.com\/de\/2024\/10\/15\/frankreich-treffen-der-studenten-ocd-europas-in-lisieux\/#breadcrumb\"},\"inLanguage\":\"de\",\"potentialAction\":[{\"@type\":\"ReadAction\",\"target\":[\"https:\/\/www.carmelitaniscalzi.com\/de\/2024\/10\/15\/frankreich-treffen-der-studenten-ocd-europas-in-lisieux\/\"]}]},{\"@type\":\"ImageObject\",\"inLanguage\":\"de\",\"@id\":\"https:\/\/www.carmelitaniscalzi.com\/de\/2024\/10\/15\/frankreich-treffen-der-studenten-ocd-europas-in-lisieux\/#primaryimage\",\"url\":\"https:\/\/www.carmelitaniscalzi.com\/wp-content\/uploads\/2024\/10\/cover_lisieux_09.2024.jpg\",\"contentUrl\":\"https:\/\/www.carmelitaniscalzi.com\/wp-content\/uploads\/2024\/10\/cover_lisieux_09.2024.jpg\",\"width\":1200,\"height\":800},{\"@type\":\"BreadcrumbList\",\"@id\":\"https:\/\/www.carmelitaniscalzi.com\/de\/2024\/10\/15\/frankreich-treffen-der-studenten-ocd-europas-in-lisieux\/#breadcrumb\",\"itemListElement\":[{\"@type\":\"ListItem\",\"position\":1,\"name\":\"Home\",\"item\":\"https:\/\/www.carmelitaniscalzi.com\/de\/\"},{\"@type\":\"ListItem\",\"position\":2,\"name\":\"Frankreich: Treffen der Studenten OCD Europas in Lisieux\"}]},{\"@type\":\"WebSite\",\"@id\":\"https:\/\/www.carmelitaniscalzi.com\/#website\",\"url\":\"https:\/\/www.carmelitaniscalzi.com\/\",\"name\":\"CARMELITANI SCALZI - Curia Generale del Carmelo Teresiano\",\"description\":\"Generalkurie des Teresianischen Karmel\",\"publisher\":{\"@id\":\"https:\/\/www.carmelitaniscalzi.com\/#organization\"},\"alternateName\":\"CARMELITANI SCALZI\",\"potentialAction\":[{\"@type\":\"SearchAction\",\"target\":{\"@type\":\"EntryPoint\",\"urlTemplate\":\"https:\/\/www.carmelitaniscalzi.com\/?s={search_term_string}\"},\"query-input\":{\"@type\":\"PropertyValueSpecification\",\"valueRequired\":true,\"valueName\":\"search_term_string\"}}],\"inLanguage\":\"de\"},{\"@type\":\"Organization\",\"@id\":\"https:\/\/www.carmelitaniscalzi.com\/#organization\",\"name\":\"CARMELITANI SCALZI - Curia Generale del Carmelo Teresiano\",\"url\":\"https:\/\/www.carmelitaniscalzi.com\/\",\"logo\":{\"@type\":\"ImageObject\",\"inLanguage\":\"de\",\"@id\":\"https:\/\/www.carmelitaniscalzi.com\/#\/schema\/logo\/image\/\",\"url\":\"https:\/\/www.carmelitaniscalzi.com\/wp-content\/uploads\/2025\/11\/login-logo.png\",\"contentUrl\":\"https:\/\/www.carmelitaniscalzi.com\/wp-content\/uploads\/2025\/11\/login-logo.png\",\"width\":256,\"height\":256,\"caption\":\"CARMELITANI SCALZI - Curia Generale del Carmelo Teresiano\"},\"image\":{\"@id\":\"https:\/\/www.carmelitaniscalzi.com\/#\/schema\/logo\/image\/\"},\"sameAs\":[\"https:\/\/www.facebook.com\/Curia-Generalizia-Carmelitani-Scalzi-658766940887784\/\",\"https:\/\/x.com\/ocdcuria\",\"https:\/\/www.youtube.com\/channel\/UC2J5ZL0ycOY0qBSTCLX_NGQ\/videos\",\"https:\/\/www.instagram.com\/ocdinform\/\"]},{\"@type\":\"Person\",\"@id\":\"https:\/\/www.carmelitaniscalzi.com\/#\/schema\/person\/6d1c0d9bea7b6625c437246a5d6da409\",\"name\":\"ocd web master\",\"image\":{\"@type\":\"ImageObject\",\"inLanguage\":\"de\",\"@id\":\"https:\/\/www.carmelitaniscalzi.com\/#\/schema\/person\/image\/\",\"url\":\"https:\/\/secure.gravatar.com\/avatar\/41fbc5f82bad909fbaf2984c43fa50d8519ac5853e25b454d022b6868f80d0e7?s=96&d=mm&r=g\",\"contentUrl\":\"https:\/\/secure.gravatar.com\/avatar\/41fbc5f82bad909fbaf2984c43fa50d8519ac5853e25b454d022b6868f80d0e7?s=96&d=mm&r=g\",\"caption\":\"ocd web master\"},\"url\":\"https:\/\/www.carmelitaniscalzi.com\/de\/author\/ocdwebmaster\/\"}]}<\/script>\n<!-- \/ Yoast SEO plugin. -->","yoast_head_json":{"title":"Frankreich: Treffen der Studenten OCD Europas in Lisieux - UNBESCHUHTE KARMELITEN","robots":{"index":"index","follow":"follow","max-snippet":"max-snippet:-1","max-image-preview":"max-image-preview:large","max-video-preview":"max-video-preview:-1"},"canonical":"https:\/\/www.carmelitaniscalzi.com\/de\/2024\/10\/15\/frankreich-treffen-der-studenten-ocd-europas-in-lisieux\/","og_locale":"de_DE","og_type":"article","og_title":"Frankreich: Treffen der Studenten OCD Europas in Lisieux - UNBESCHUHTE KARMELITEN","og_description":"Das Treffen unserer Mitbr\u00fcder in Ausbildung Europas fand vom 19. bis 24. August 2024 in Lisieux statt und brachte mehr als 80 Teilnehmer (einschlie\u00dflich Ausbilder) zusammen. Das Thema des Treffens war: die drei S\u00e4ulen des karmelitanischen Lebens gem\u00e4\u00df der Erkl\u00e4rung \u00fcber das Charisma und die heilige Therese vom Kinde Jesus. Die Vortr\u00e4ge an den ersten [&hellip;]","og_url":"https:\/\/www.carmelitaniscalzi.com\/de\/2024\/10\/15\/frankreich-treffen-der-studenten-ocd-europas-in-lisieux\/","og_site_name":"UNBESCHUHTE KARMELITEN","article_publisher":"https:\/\/www.facebook.com\/Curia-Generalizia-Carmelitani-Scalzi-658766940887784\/","article_published_time":"2024-10-14T22:30:48+00:00","og_image":[{"width":1200,"height":800,"url":"https:\/\/www.carmelitaniscalzi.com\/wp-content\/uploads\/2024\/10\/cover_lisieux_09.2024.jpg","type":"image\/jpeg"}],"author":"ocd web master","twitter_card":"summary_large_image","twitter_creator":"@ocdcuria","twitter_site":"@ocdcuria","twitter_misc":{"Verfasst von":"ocd web master","Gesch\u00e4tzte Lesezeit":"1\u00a0Minute"},"schema":{"@context":"https:\/\/schema.org","@graph":[{"@type":"Article","@id":"https:\/\/www.carmelitaniscalzi.com\/de\/2024\/10\/15\/frankreich-treffen-der-studenten-ocd-europas-in-lisieux\/#article","isPartOf":{"@id":"https:\/\/www.carmelitaniscalzi.com\/de\/2024\/10\/15\/frankreich-treffen-der-studenten-ocd-europas-in-lisieux\/"},"author":{"name":"ocd web master","@id":"https:\/\/www.carmelitaniscalzi.com\/#\/schema\/person\/6d1c0d9bea7b6625c437246a5d6da409"},"headline":"Frankreich: Treffen der Studenten OCD Europas in Lisieux","datePublished":"2024-10-14T22:30:48+00:00","mainEntityOfPage":{"@id":"https:\/\/www.carmelitaniscalzi.com\/de\/2024\/10\/15\/frankreich-treffen-der-studenten-ocd-europas-in-lisieux\/"},"wordCount":186,"publisher":{"@id":"https:\/\/www.carmelitaniscalzi.com\/#organization"},"image":{"@id":"https:\/\/www.carmelitaniscalzi.com\/de\/2024\/10\/15\/frankreich-treffen-der-studenten-ocd-europas-in-lisieux\/#primaryimage"},"thumbnailUrl":"https:\/\/www.carmelitaniscalzi.com\/wp-content\/uploads\/2024\/10\/cover_lisieux_09.2024.jpg","articleSection":["Nachrichten von P. General","Nachrichten von den Definitoren","Nachrichten zur Ausbildung","Nachrichten \u00fcber Br\u00fcder"],"inLanguage":"de"},{"@type":"WebPage","@id":"https:\/\/www.carmelitaniscalzi.com\/de\/2024\/10\/15\/frankreich-treffen-der-studenten-ocd-europas-in-lisieux\/","url":"https:\/\/www.carmelitaniscalzi.com\/de\/2024\/10\/15\/frankreich-treffen-der-studenten-ocd-europas-in-lisieux\/","name":"Frankreich: Treffen der Studenten OCD Europas in Lisieux - UNBESCHUHTE KARMELITEN","isPartOf":{"@id":"https:\/\/www.carmelitaniscalzi.com\/#website"},"primaryImageOfPage":{"@id":"https:\/\/www.carmelitaniscalzi.com\/de\/2024\/10\/15\/frankreich-treffen-der-studenten-ocd-europas-in-lisieux\/#primaryimage"},"image":{"@id":"https:\/\/www.carmelitaniscalzi.com\/de\/2024\/10\/15\/frankreich-treffen-der-studenten-ocd-europas-in-lisieux\/#primaryimage"},"thumbnailUrl":"https:\/\/www.carmelitaniscalzi.com\/wp-content\/uploads\/2024\/10\/cover_lisieux_09.2024.jpg","datePublished":"2024-10-14T22:30:48+00:00","breadcrumb":{"@id":"https:\/\/www.carmelitaniscalzi.com\/de\/2024\/10\/15\/frankreich-treffen-der-studenten-ocd-europas-in-lisieux\/#breadcrumb"},"inLanguage":"de","potentialAction":[{"@type":"ReadAction","target":["https:\/\/www.carmelitaniscalzi.com\/de\/2024\/10\/15\/frankreich-treffen-der-studenten-ocd-europas-in-lisieux\/"]}]},{"@type":"ImageObject","inLanguage":"de","@id":"https:\/\/www.carmelitaniscalzi.com\/de\/2024\/10\/15\/frankreich-treffen-der-studenten-ocd-europas-in-lisieux\/#primaryimage","url":"https:\/\/www.carmelitaniscalzi.com\/wp-content\/uploads\/2024\/10\/cover_lisieux_09.2024.jpg","contentUrl":"https:\/\/www.carmelitaniscalzi.com\/wp-content\/uploads\/2024\/10\/cover_lisieux_09.2024.jpg","width":1200,"height":800},{"@type":"BreadcrumbList","@id":"https:\/\/www.carmelitaniscalzi.com\/de\/2024\/10\/15\/frankreich-treffen-der-studenten-ocd-europas-in-lisieux\/#breadcrumb","itemListElement":[{"@type":"ListItem","position":1,"name":"Home","item":"https:\/\/www.carmelitaniscalzi.com\/de\/"},{"@type":"ListItem","position":2,"name":"Frankreich: Treffen der Studenten OCD Europas in Lisieux"}]},{"@type":"WebSite","@id":"https:\/\/www.carmelitaniscalzi.com\/#website","url":"https:\/\/www.carmelitaniscalzi.com\/","name":"CARMELITANI SCALZI - Curia Generale del Carmelo Teresiano","description":"Generalkurie des Teresianischen Karmel","publisher":{"@id":"https:\/\/www.carmelitaniscalzi.com\/#organization"},"alternateName":"CARMELITANI SCALZI","potentialAction":[{"@type":"SearchAction","target":{"@type":"EntryPoint","urlTemplate":"https:\/\/www.carmelitaniscalzi.com\/?s={search_term_string}"},"query-input":{"@type":"PropertyValueSpecification","valueRequired":true,"valueName":"search_term_string"}}],"inLanguage":"de"},{"@type":"Organization","@id":"https:\/\/www.carmelitaniscalzi.com\/#organization","name":"CARMELITANI SCALZI - Curia Generale del Carmelo Teresiano","url":"https:\/\/www.carmelitaniscalzi.com\/","logo":{"@type":"ImageObject","inLanguage":"de","@id":"https:\/\/www.carmelitaniscalzi.com\/#\/schema\/logo\/image\/","url":"https:\/\/www.carmelitaniscalzi.com\/wp-content\/uploads\/2025\/11\/login-logo.png","contentUrl":"https:\/\/www.carmelitaniscalzi.com\/wp-content\/uploads\/2025\/11\/login-logo.png","width":256,"height":256,"caption":"CARMELITANI SCALZI - Curia Generale del Carmelo Teresiano"},"image":{"@id":"https:\/\/www.carmelitaniscalzi.com\/#\/schema\/logo\/image\/"},"sameAs":["https:\/\/www.facebook.com\/Curia-Generalizia-Carmelitani-Scalzi-658766940887784\/","https:\/\/x.com\/ocdcuria","https:\/\/www.youtube.com\/channel\/UC2J5ZL0ycOY0qBSTCLX_NGQ\/videos","https:\/\/www.instagram.com\/ocdinform\/"]},{"@type":"Person","@id":"https:\/\/www.carmelitaniscalzi.com\/#\/schema\/person\/6d1c0d9bea7b6625c437246a5d6da409","name":"ocd web master","image":{"@type":"ImageObject","inLanguage":"de","@id":"https:\/\/www.carmelitaniscalzi.com\/#\/schema\/person\/image\/","url":"https:\/\/secure.gravatar.com\/avatar\/41fbc5f82bad909fbaf2984c43fa50d8519ac5853e25b454d022b6868f80d0e7?s=96&d=mm&r=g","contentUrl":"https:\/\/secure.gravatar.com\/avatar\/41fbc5f82bad909fbaf2984c43fa50d8519ac5853e25b454d022b6868f80d0e7?s=96&d=mm&r=g","caption":"ocd web master"},"url":"https:\/\/www.carmelitaniscalzi.com\/de\/author\/ocdwebmaster\/"}]}},"_links":{"self":[{"href":"https:\/\/www.carmelitaniscalzi.com\/de\/wp-json\/wp\/v2\/posts\/394280","targetHints":{"allow":["GET"]}}],"collection":[{"href":"https:\/\/www.carmelitaniscalzi.com\/de\/wp-json\/wp\/v2\/posts"}],"about":[{"href":"https:\/\/www.carmelitaniscalzi.com\/de\/wp-json\/wp\/v2\/types\/post"}],"author":[{"embeddable":true,"href":"https:\/\/www.carmelitaniscalzi.com\/de\/wp-json\/wp\/v2\/users\/7"}],"replies":[{"embeddable":true,"href":"https:\/\/www.carmelitaniscalzi.com\/de\/wp-json\/wp\/v2\/comments?post=394280"}],"version-history":[{"count":1,"href":"https:\/\/www.carmelitaniscalzi.com\/de\/wp-json\/wp\/v2\/posts\/394280\/revisions"}],"predecessor-version":[{"id":394281,"href":"https:\/\/www.carmelitaniscalzi.com\/de\/wp-json\/wp\/v2\/posts\/394280\/revisions\/394281"}],"wp:featuredmedia":[{"embeddable":true,"href":"https:\/\/www.carmelitaniscalzi.com\/de\/wp-json\/wp\/v2\/media\/394225"}],"wp:attachment":[{"href":"https:\/\/www.carmelitaniscalzi.com\/de\/wp-json\/wp\/v2\/media?parent=394280"}],"wp:term":[{"taxonomy":"category","embeddable":true,"href":"https:\/\/www.carmelitaniscalzi.com\/de\/wp-json\/wp\/v2\/categories?post=394280"},{"taxonomy":"post_tag","embeddable":true,"href":"https:\/\/www.carmelitaniscalzi.com\/de\/wp-json\/wp\/v2\/tags?post=394280"}],"curies":[{"name":"wp","href":"https:\/\/api.w.org\/{rel}","templated":true}]}}