{"id":373610,"date":"2024-07-06T16:08:08","date_gmt":"2024-07-06T14:08:08","guid":{"rendered":"https:\/\/www.carmelitaniscalzi.com\/?p=373610"},"modified":"2024-07-06T16:08:08","modified_gmt":"2024-07-06T14:08:08","slug":"seligsprechung-der-anna-von-jesus","status":"publish","type":"post","link":"https:\/\/www.carmelitaniscalzi.com\/de\/2024\/07\/06\/seligsprechung-der-anna-von-jesus\/","title":{"rendered":"Seligsprechung der Anna von Jesus"},"content":{"rendered":"<p>Mit gro\u00dfer Freude teilen wir Euch mit, dass am Sonntag, 29. September, in der Erzdi\u00f6zese Mechelen-Br\u00fcssel die Seligsprechung der Dienerin Gottes Anna von Jesus (Ana de Jes\u00fas Lobera) stattfindet; Papst Franziskus wird selbst der Feier vorstehen.<\/p>\n<p>Anna von Jesus wurde am 25. Nov. 1545 in Medina del Campo (Spanien) geboren; sie starb am 4. M\u00e4rz 1621 in Br\u00fcssel (heute Belgien). Sie ist einer der Grundpfeiler, auf denen Teresas Gr\u00fcndungswerk aufruht. Mit ihren76 Lebensjahren ist sie eine der allerwichtigsten Gestalten f\u00fcr die Weitergabe des teresianischen Charismas an die nachfolgenden Generationen gewesen. Charakteristisch f\u00fcr ihre ersten Jahre war ihre N\u00e4he zur Madre w\u00e4hrend der letzten zw\u00f6lf Jahre der Lebenszeit Teresas, also w\u00e4hrend der entscheidenden Jahre der Festigung des Geistes und der Identit\u00e4t des neuen Ordens. Ihre zweite Lebensh\u00e4lfte war von mutigen Entscheidungen zugunsten einer gro\u00dfen Expansion und Bl\u00fcte von Teresas Gr\u00fcndungswerk in Frankreich und Flandern gepr\u00e4gt.<\/p>\n<div class=\"wpmf-gallerys wpmf-gallerys-life \" ><div id=\"gallery-1\"\n data-gutter-width=\"5\"\n  data-wpmfcolumns=\"2\" class=\"wpmf-gallery gallery-link-file gallery_life gallery-masonry gallery-columns-2 gallery-size-thumbnail wpmf-gallery-bottomspace-default wpmf-gallery-clear wpmf-has-border-radius-0 wpmf-gutterwidth-5\"><div class=\"wpmf-gallery-item\n     wpmf-gallery-item-position-0 wpmf-gallery-item-attachment-373362\" data-index=\"0\"><div class=\"wpmf-gallery-icon\"><a class=\" not_video noLightbox\" data-lightbox=\"1\" data-href=\"https:\/\/www.carmelitaniscalzi.com\/wp-content\/uploads\/2024\/07\/ana-de-jesus-pape.jpg\" title=\"ana-de-jesus pape\" target=\"_self\" data-index=\"0\"><img decoding=\"async\" class=\"wpmf_img\" alt=\"ana-de-jesus pape\" src=\"https:\/\/www.carmelitaniscalzi.com\/wp-content\/uploads\/2024\/07\/ana-de-jesus-pape-150x150.jpg\" data-type=\"wpmfgalleryimg\" data-lazy-src=\"https:\/\/www.carmelitaniscalzi.com\/wp-content\/uploads\/2024\/07\/ana-de-jesus-pape-150x150.jpg\"><\/a><\/div><\/div><div class=\"wpmf-gallery-item\n     wpmf-gallery-item-position-1 wpmf-gallery-item-attachment-373368\" data-index=\"1\"><div class=\"wpmf-gallery-icon\"><a class=\" not_video noLightbox\" data-lightbox=\"1\" data-href=\"https:\/\/www.carmelitaniscalzi.com\/wp-content\/uploads\/2024\/07\/ana-de-jesus-836x1024.jpg\" title=\"ana-de-jesus\" target=\"_self\" data-index=\"1\"><img decoding=\"async\" class=\"wpmf_img\" alt=\"ana-de-jesus\" src=\"https:\/\/www.carmelitaniscalzi.com\/wp-content\/uploads\/2024\/07\/ana-de-jesus-150x150.jpg\" data-type=\"wpmfgalleryimg\" data-lazy-src=\"https:\/\/www.carmelitaniscalzi.com\/wp-content\/uploads\/2024\/07\/ana-de-jesus-150x150.jpg\"><\/a><\/div><\/div><\/div><\/div>\n\n","protected":false},"excerpt":{"rendered":"<p>Mit gro\u00dfer Freude teilen wir Euch mit, dass am Sonntag, 29. September, in der Erzdi\u00f6zese Mechelen-Br\u00fcssel die Seligsprechung der Dienerin Gottes Anna von Jesus (Ana de Jes\u00fas Lobera) stattfindet; Papst Franziskus wird selbst der Feier vorstehen. Anna von Jesus wurde am 25. Nov. 1545 in Medina del Campo (Spanien) geboren; sie starb am 4. M\u00e4rz [&hellip;]<\/p>\n","protected":false},"author":7,"featured_media":373374,"comment_status":"closed","ping_status":"open","sticky":false,"template":"","format":"standard","meta":{"_acf_changed":false,"footnotes":""},"categories":[214,218,371],"tags":[],"class_list":["post-373610","post","type-post","status-publish","format-standard","has-post-thumbnail","hentry","category-nachrichten-ueber-schwestern","category-nachrichten-ueber-brueder","category-nachrichten"],"acf":[],"yoast_head":"<!-- This site is optimized with the Yoast SEO plugin v26.3 - https:\/\/yoast.com\/wordpress\/plugins\/seo\/ -->\n<title>Seligsprechung der Anna von Jesus - UNBESCHUHTE KARMELITEN<\/title>\n<meta name=\"robots\" content=\"index, follow, max-snippet:-1, max-image-preview:large, max-video-preview:-1\" \/>\n<link rel=\"canonical\" href=\"https:\/\/www.carmelitaniscalzi.com\/de\/2024\/07\/06\/seligsprechung-der-anna-von-jesus\/\" \/>\n<meta property=\"og:locale\" content=\"de_DE\" \/>\n<meta property=\"og:type\" content=\"article\" \/>\n<meta property=\"og:title\" content=\"Seligsprechung der Anna von Jesus - UNBESCHUHTE KARMELITEN\" \/>\n<meta property=\"og:description\" content=\"Mit gro\u00dfer Freude teilen wir Euch mit, dass am Sonntag, 29. September, in der Erzdi\u00f6zese Mechelen-Br\u00fcssel die Seligsprechung der Dienerin Gottes Anna von Jesus (Ana de Jes\u00fas Lobera) stattfindet; Papst Franziskus wird selbst der Feier vorstehen. Anna von Jesus wurde am 25. Nov. 1545 in Medina del Campo (Spanien) geboren; sie starb am 4. M\u00e4rz [&hellip;]\" \/>\n<meta property=\"og:url\" content=\"https:\/\/www.carmelitaniscalzi.com\/de\/2024\/07\/06\/seligsprechung-der-anna-von-jesus\/\" \/>\n<meta property=\"og:site_name\" content=\"UNBESCHUHTE KARMELITEN\" \/>\n<meta property=\"article:publisher\" content=\"https:\/\/www.facebook.com\/Curia-Generalizia-Carmelitani-Scalzi-658766940887784\/\" \/>\n<meta property=\"article:published_time\" content=\"2024-07-06T14:08:08+00:00\" \/>\n<meta property=\"og:image\" content=\"https:\/\/www.carmelitaniscalzi.com\/wp-content\/uploads\/2024\/07\/cover_anadejesus_06.2024.jpg\" \/>\n\t<meta property=\"og:image:width\" content=\"1200\" \/>\n\t<meta property=\"og:image:height\" content=\"800\" \/>\n\t<meta property=\"og:image:type\" content=\"image\/jpeg\" \/>\n<meta name=\"author\" content=\"ocd web master\" \/>\n<meta name=\"twitter:card\" content=\"summary_large_image\" \/>\n<meta name=\"twitter:creator\" content=\"@ocdcuria\" \/>\n<meta name=\"twitter:site\" content=\"@ocdcuria\" \/>\n<meta name=\"twitter:label1\" content=\"Verfasst von\" \/>\n\t<meta name=\"twitter:data1\" content=\"ocd web master\" \/>\n\t<meta name=\"twitter:label2\" content=\"Gesch\u00e4tzte Lesezeit\" \/>\n\t<meta name=\"twitter:data2\" content=\"1\u00a0Minute\" \/>\n<script type=\"application\/ld+json\" class=\"yoast-schema-graph\">{\"@context\":\"https:\/\/schema.org\",\"@graph\":[{\"@type\":\"Article\",\"@id\":\"https:\/\/www.carmelitaniscalzi.com\/de\/2024\/07\/06\/seligsprechung-der-anna-von-jesus\/#article\",\"isPartOf\":{\"@id\":\"https:\/\/www.carmelitaniscalzi.com\/de\/2024\/07\/06\/seligsprechung-der-anna-von-jesus\/\"},\"author\":{\"name\":\"ocd web master\",\"@id\":\"https:\/\/www.carmelitaniscalzi.com\/#\/schema\/person\/6d1c0d9bea7b6625c437246a5d6da409\"},\"headline\":\"Seligsprechung der Anna von Jesus\",\"datePublished\":\"2024-07-06T14:08:08+00:00\",\"mainEntityOfPage\":{\"@id\":\"https:\/\/www.carmelitaniscalzi.com\/de\/2024\/07\/06\/seligsprechung-der-anna-von-jesus\/\"},\"wordCount\":173,\"publisher\":{\"@id\":\"https:\/\/www.carmelitaniscalzi.com\/#organization\"},\"image\":{\"@id\":\"https:\/\/www.carmelitaniscalzi.com\/de\/2024\/07\/06\/seligsprechung-der-anna-von-jesus\/#primaryimage\"},\"thumbnailUrl\":\"https:\/\/www.carmelitaniscalzi.com\/wp-content\/uploads\/2024\/07\/cover_anadejesus_06.2024.jpg\",\"articleSection\":[\"Nachrichten \u00fcber Schwestern\",\"Nachrichten \u00fcber Br\u00fcder\",\"Nachrichten\"],\"inLanguage\":\"de\"},{\"@type\":\"WebPage\",\"@id\":\"https:\/\/www.carmelitaniscalzi.com\/de\/2024\/07\/06\/seligsprechung-der-anna-von-jesus\/\",\"url\":\"https:\/\/www.carmelitaniscalzi.com\/de\/2024\/07\/06\/seligsprechung-der-anna-von-jesus\/\",\"name\":\"Seligsprechung der Anna von Jesus - UNBESCHUHTE KARMELITEN\",\"isPartOf\":{\"@id\":\"https:\/\/www.carmelitaniscalzi.com\/#website\"},\"primaryImageOfPage\":{\"@id\":\"https:\/\/www.carmelitaniscalzi.com\/de\/2024\/07\/06\/seligsprechung-der-anna-von-jesus\/#primaryimage\"},\"image\":{\"@id\":\"https:\/\/www.carmelitaniscalzi.com\/de\/2024\/07\/06\/seligsprechung-der-anna-von-jesus\/#primaryimage\"},\"thumbnailUrl\":\"https:\/\/www.carmelitaniscalzi.com\/wp-content\/uploads\/2024\/07\/cover_anadejesus_06.2024.jpg\",\"datePublished\":\"2024-07-06T14:08:08+00:00\",\"breadcrumb\":{\"@id\":\"https:\/\/www.carmelitaniscalzi.com\/de\/2024\/07\/06\/seligsprechung-der-anna-von-jesus\/#breadcrumb\"},\"inLanguage\":\"de\",\"potentialAction\":[{\"@type\":\"ReadAction\",\"target\":[\"https:\/\/www.carmelitaniscalzi.com\/de\/2024\/07\/06\/seligsprechung-der-anna-von-jesus\/\"]}]},{\"@type\":\"ImageObject\",\"inLanguage\":\"de\",\"@id\":\"https:\/\/www.carmelitaniscalzi.com\/de\/2024\/07\/06\/seligsprechung-der-anna-von-jesus\/#primaryimage\",\"url\":\"https:\/\/www.carmelitaniscalzi.com\/wp-content\/uploads\/2024\/07\/cover_anadejesus_06.2024.jpg\",\"contentUrl\":\"https:\/\/www.carmelitaniscalzi.com\/wp-content\/uploads\/2024\/07\/cover_anadejesus_06.2024.jpg\",\"width\":1200,\"height\":800},{\"@type\":\"BreadcrumbList\",\"@id\":\"https:\/\/www.carmelitaniscalzi.com\/de\/2024\/07\/06\/seligsprechung-der-anna-von-jesus\/#breadcrumb\",\"itemListElement\":[{\"@type\":\"ListItem\",\"position\":1,\"name\":\"Home\",\"item\":\"https:\/\/www.carmelitaniscalzi.com\/de\/\"},{\"@type\":\"ListItem\",\"position\":2,\"name\":\"Seligsprechung der Anna von Jesus\"}]},{\"@type\":\"WebSite\",\"@id\":\"https:\/\/www.carmelitaniscalzi.com\/#website\",\"url\":\"https:\/\/www.carmelitaniscalzi.com\/\",\"name\":\"CARMELITANI SCALZI - Curia Generale del Carmelo Teresiano\",\"description\":\"Generalkurie des Teresianischen Karmel\",\"publisher\":{\"@id\":\"https:\/\/www.carmelitaniscalzi.com\/#organization\"},\"alternateName\":\"CARMELITANI SCALZI\",\"potentialAction\":[{\"@type\":\"SearchAction\",\"target\":{\"@type\":\"EntryPoint\",\"urlTemplate\":\"https:\/\/www.carmelitaniscalzi.com\/?s={search_term_string}\"},\"query-input\":{\"@type\":\"PropertyValueSpecification\",\"valueRequired\":true,\"valueName\":\"search_term_string\"}}],\"inLanguage\":\"de\"},{\"@type\":\"Organization\",\"@id\":\"https:\/\/www.carmelitaniscalzi.com\/#organization\",\"name\":\"CARMELITANI SCALZI - Curia Generale del Carmelo Teresiano\",\"url\":\"https:\/\/www.carmelitaniscalzi.com\/\",\"logo\":{\"@type\":\"ImageObject\",\"inLanguage\":\"de\",\"@id\":\"https:\/\/www.carmelitaniscalzi.com\/#\/schema\/logo\/image\/\",\"url\":\"https:\/\/www.carmelitaniscalzi.com\/wp-content\/uploads\/2025\/11\/login-logo.png\",\"contentUrl\":\"https:\/\/www.carmelitaniscalzi.com\/wp-content\/uploads\/2025\/11\/login-logo.png\",\"width\":256,\"height\":256,\"caption\":\"CARMELITANI SCALZI - Curia Generale del Carmelo Teresiano\"},\"image\":{\"@id\":\"https:\/\/www.carmelitaniscalzi.com\/#\/schema\/logo\/image\/\"},\"sameAs\":[\"https:\/\/www.facebook.com\/Curia-Generalizia-Carmelitani-Scalzi-658766940887784\/\",\"https:\/\/x.com\/ocdcuria\",\"https:\/\/www.youtube.com\/channel\/UC2J5ZL0ycOY0qBSTCLX_NGQ\/videos\",\"https:\/\/www.instagram.com\/ocdinform\/\"]},{\"@type\":\"Person\",\"@id\":\"https:\/\/www.carmelitaniscalzi.com\/#\/schema\/person\/6d1c0d9bea7b6625c437246a5d6da409\",\"name\":\"ocd web master\",\"image\":{\"@type\":\"ImageObject\",\"inLanguage\":\"de\",\"@id\":\"https:\/\/www.carmelitaniscalzi.com\/#\/schema\/person\/image\/\",\"url\":\"https:\/\/secure.gravatar.com\/avatar\/41fbc5f82bad909fbaf2984c43fa50d8519ac5853e25b454d022b6868f80d0e7?s=96&d=mm&r=g\",\"contentUrl\":\"https:\/\/secure.gravatar.com\/avatar\/41fbc5f82bad909fbaf2984c43fa50d8519ac5853e25b454d022b6868f80d0e7?s=96&d=mm&r=g\",\"caption\":\"ocd web master\"},\"url\":\"https:\/\/www.carmelitaniscalzi.com\/de\/author\/ocdwebmaster\/\"}]}<\/script>\n<!-- \/ Yoast SEO plugin. -->","yoast_head_json":{"title":"Seligsprechung der Anna von Jesus - UNBESCHUHTE KARMELITEN","robots":{"index":"index","follow":"follow","max-snippet":"max-snippet:-1","max-image-preview":"max-image-preview:large","max-video-preview":"max-video-preview:-1"},"canonical":"https:\/\/www.carmelitaniscalzi.com\/de\/2024\/07\/06\/seligsprechung-der-anna-von-jesus\/","og_locale":"de_DE","og_type":"article","og_title":"Seligsprechung der Anna von Jesus - UNBESCHUHTE KARMELITEN","og_description":"Mit gro\u00dfer Freude teilen wir Euch mit, dass am Sonntag, 29. September, in der Erzdi\u00f6zese Mechelen-Br\u00fcssel die Seligsprechung der Dienerin Gottes Anna von Jesus (Ana de Jes\u00fas Lobera) stattfindet; Papst Franziskus wird selbst der Feier vorstehen. Anna von Jesus wurde am 25. Nov. 1545 in Medina del Campo (Spanien) geboren; sie starb am 4. M\u00e4rz [&hellip;]","og_url":"https:\/\/www.carmelitaniscalzi.com\/de\/2024\/07\/06\/seligsprechung-der-anna-von-jesus\/","og_site_name":"UNBESCHUHTE KARMELITEN","article_publisher":"https:\/\/www.facebook.com\/Curia-Generalizia-Carmelitani-Scalzi-658766940887784\/","article_published_time":"2024-07-06T14:08:08+00:00","og_image":[{"width":1200,"height":800,"url":"https:\/\/www.carmelitaniscalzi.com\/wp-content\/uploads\/2024\/07\/cover_anadejesus_06.2024.jpg","type":"image\/jpeg"}],"author":"ocd web master","twitter_card":"summary_large_image","twitter_creator":"@ocdcuria","twitter_site":"@ocdcuria","twitter_misc":{"Verfasst von":"ocd web master","Gesch\u00e4tzte Lesezeit":"1\u00a0Minute"},"schema":{"@context":"https:\/\/schema.org","@graph":[{"@type":"Article","@id":"https:\/\/www.carmelitaniscalzi.com\/de\/2024\/07\/06\/seligsprechung-der-anna-von-jesus\/#article","isPartOf":{"@id":"https:\/\/www.carmelitaniscalzi.com\/de\/2024\/07\/06\/seligsprechung-der-anna-von-jesus\/"},"author":{"name":"ocd web master","@id":"https:\/\/www.carmelitaniscalzi.com\/#\/schema\/person\/6d1c0d9bea7b6625c437246a5d6da409"},"headline":"Seligsprechung der Anna von Jesus","datePublished":"2024-07-06T14:08:08+00:00","mainEntityOfPage":{"@id":"https:\/\/www.carmelitaniscalzi.com\/de\/2024\/07\/06\/seligsprechung-der-anna-von-jesus\/"},"wordCount":173,"publisher":{"@id":"https:\/\/www.carmelitaniscalzi.com\/#organization"},"image":{"@id":"https:\/\/www.carmelitaniscalzi.com\/de\/2024\/07\/06\/seligsprechung-der-anna-von-jesus\/#primaryimage"},"thumbnailUrl":"https:\/\/www.carmelitaniscalzi.com\/wp-content\/uploads\/2024\/07\/cover_anadejesus_06.2024.jpg","articleSection":["Nachrichten \u00fcber Schwestern","Nachrichten \u00fcber Br\u00fcder","Nachrichten"],"inLanguage":"de"},{"@type":"WebPage","@id":"https:\/\/www.carmelitaniscalzi.com\/de\/2024\/07\/06\/seligsprechung-der-anna-von-jesus\/","url":"https:\/\/www.carmelitaniscalzi.com\/de\/2024\/07\/06\/seligsprechung-der-anna-von-jesus\/","name":"Seligsprechung der Anna von Jesus - UNBESCHUHTE KARMELITEN","isPartOf":{"@id":"https:\/\/www.carmelitaniscalzi.com\/#website"},"primaryImageOfPage":{"@id":"https:\/\/www.carmelitaniscalzi.com\/de\/2024\/07\/06\/seligsprechung-der-anna-von-jesus\/#primaryimage"},"image":{"@id":"https:\/\/www.carmelitaniscalzi.com\/de\/2024\/07\/06\/seligsprechung-der-anna-von-jesus\/#primaryimage"},"thumbnailUrl":"https:\/\/www.carmelitaniscalzi.com\/wp-content\/uploads\/2024\/07\/cover_anadejesus_06.2024.jpg","datePublished":"2024-07-06T14:08:08+00:00","breadcrumb":{"@id":"https:\/\/www.carmelitaniscalzi.com\/de\/2024\/07\/06\/seligsprechung-der-anna-von-jesus\/#breadcrumb"},"inLanguage":"de","potentialAction":[{"@type":"ReadAction","target":["https:\/\/www.carmelitaniscalzi.com\/de\/2024\/07\/06\/seligsprechung-der-anna-von-jesus\/"]}]},{"@type":"ImageObject","inLanguage":"de","@id":"https:\/\/www.carmelitaniscalzi.com\/de\/2024\/07\/06\/seligsprechung-der-anna-von-jesus\/#primaryimage","url":"https:\/\/www.carmelitaniscalzi.com\/wp-content\/uploads\/2024\/07\/cover_anadejesus_06.2024.jpg","contentUrl":"https:\/\/www.carmelitaniscalzi.com\/wp-content\/uploads\/2024\/07\/cover_anadejesus_06.2024.jpg","width":1200,"height":800},{"@type":"BreadcrumbList","@id":"https:\/\/www.carmelitaniscalzi.com\/de\/2024\/07\/06\/seligsprechung-der-anna-von-jesus\/#breadcrumb","itemListElement":[{"@type":"ListItem","position":1,"name":"Home","item":"https:\/\/www.carmelitaniscalzi.com\/de\/"},{"@type":"ListItem","position":2,"name":"Seligsprechung der Anna von Jesus"}]},{"@type":"WebSite","@id":"https:\/\/www.carmelitaniscalzi.com\/#website","url":"https:\/\/www.carmelitaniscalzi.com\/","name":"CARMELITANI SCALZI - Curia Generale del Carmelo Teresiano","description":"Generalkurie des Teresianischen Karmel","publisher":{"@id":"https:\/\/www.carmelitaniscalzi.com\/#organization"},"alternateName":"CARMELITANI SCALZI","potentialAction":[{"@type":"SearchAction","target":{"@type":"EntryPoint","urlTemplate":"https:\/\/www.carmelitaniscalzi.com\/?s={search_term_string}"},"query-input":{"@type":"PropertyValueSpecification","valueRequired":true,"valueName":"search_term_string"}}],"inLanguage":"de"},{"@type":"Organization","@id":"https:\/\/www.carmelitaniscalzi.com\/#organization","name":"CARMELITANI SCALZI - Curia Generale del Carmelo Teresiano","url":"https:\/\/www.carmelitaniscalzi.com\/","logo":{"@type":"ImageObject","inLanguage":"de","@id":"https:\/\/www.carmelitaniscalzi.com\/#\/schema\/logo\/image\/","url":"https:\/\/www.carmelitaniscalzi.com\/wp-content\/uploads\/2025\/11\/login-logo.png","contentUrl":"https:\/\/www.carmelitaniscalzi.com\/wp-content\/uploads\/2025\/11\/login-logo.png","width":256,"height":256,"caption":"CARMELITANI SCALZI - Curia Generale del Carmelo Teresiano"},"image":{"@id":"https:\/\/www.carmelitaniscalzi.com\/#\/schema\/logo\/image\/"},"sameAs":["https:\/\/www.facebook.com\/Curia-Generalizia-Carmelitani-Scalzi-658766940887784\/","https:\/\/x.com\/ocdcuria","https:\/\/www.youtube.com\/channel\/UC2J5ZL0ycOY0qBSTCLX_NGQ\/videos","https:\/\/www.instagram.com\/ocdinform\/"]},{"@type":"Person","@id":"https:\/\/www.carmelitaniscalzi.com\/#\/schema\/person\/6d1c0d9bea7b6625c437246a5d6da409","name":"ocd web master","image":{"@type":"ImageObject","inLanguage":"de","@id":"https:\/\/www.carmelitaniscalzi.com\/#\/schema\/person\/image\/","url":"https:\/\/secure.gravatar.com\/avatar\/41fbc5f82bad909fbaf2984c43fa50d8519ac5853e25b454d022b6868f80d0e7?s=96&d=mm&r=g","contentUrl":"https:\/\/secure.gravatar.com\/avatar\/41fbc5f82bad909fbaf2984c43fa50d8519ac5853e25b454d022b6868f80d0e7?s=96&d=mm&r=g","caption":"ocd web master"},"url":"https:\/\/www.carmelitaniscalzi.com\/de\/author\/ocdwebmaster\/"}]}},"_links":{"self":[{"href":"https:\/\/www.carmelitaniscalzi.com\/de\/wp-json\/wp\/v2\/posts\/373610","targetHints":{"allow":["GET"]}}],"collection":[{"href":"https:\/\/www.carmelitaniscalzi.com\/de\/wp-json\/wp\/v2\/posts"}],"about":[{"href":"https:\/\/www.carmelitaniscalzi.com\/de\/wp-json\/wp\/v2\/types\/post"}],"author":[{"embeddable":true,"href":"https:\/\/www.carmelitaniscalzi.com\/de\/wp-json\/wp\/v2\/users\/7"}],"replies":[{"embeddable":true,"href":"https:\/\/www.carmelitaniscalzi.com\/de\/wp-json\/wp\/v2\/comments?post=373610"}],"version-history":[{"count":1,"href":"https:\/\/www.carmelitaniscalzi.com\/de\/wp-json\/wp\/v2\/posts\/373610\/revisions"}],"predecessor-version":[{"id":373611,"href":"https:\/\/www.carmelitaniscalzi.com\/de\/wp-json\/wp\/v2\/posts\/373610\/revisions\/373611"}],"wp:featuredmedia":[{"embeddable":true,"href":"https:\/\/www.carmelitaniscalzi.com\/de\/wp-json\/wp\/v2\/media\/373374"}],"wp:attachment":[{"href":"https:\/\/www.carmelitaniscalzi.com\/de\/wp-json\/wp\/v2\/media?parent=373610"}],"wp:term":[{"taxonomy":"category","embeddable":true,"href":"https:\/\/www.carmelitaniscalzi.com\/de\/wp-json\/wp\/v2\/categories?post=373610"},{"taxonomy":"post_tag","embeddable":true,"href":"https:\/\/www.carmelitaniscalzi.com\/de\/wp-json\/wp\/v2\/tags?post=373610"}],"curies":[{"name":"wp","href":"https:\/\/api.w.org\/{rel}","templated":true}]}}