{"id":363383,"date":"2024-06-02T01:32:20","date_gmt":"2024-06-01T23:32:20","guid":{"rendered":"https:\/\/www.carmelitaniscalzi.com\/?p=363383"},"modified":"2024-06-02T01:32:20","modified_gmt":"2024-06-01T23:32:20","slug":"spanien-oeffnung-und-untersuchung-des-grabes-der-heiligen-teresa-von-jesus","status":"publish","type":"post","link":"https:\/\/www.carmelitaniscalzi.com\/de\/2024\/06\/02\/spanien-oeffnung-und-untersuchung-des-grabes-der-heiligen-teresa-von-jesus\/","title":{"rendered":"Spanien: \u00d6ffnung und Untersuchung des Grabes der heiligen Teresa von Jesus"},"content":{"rendered":"<p>Seit August 2022 pr\u00fcft und plant unser Orden die \u00d6ffnung des Grabes der heiligen Teresa von Jesus in Alba de Tormes, um eine wissenschaftliche Untersuchung des Leibes und der wichtigsten Reliquien Teresas seit der letzten \u00d6ffnung im Jahr 1914 durchzuf\u00fchren.<\/p>\n<p>Die Generalkurie unseres Ordens hat diesem Vorschlag zugestimmt, da sie die Wichtigkeit und Notwendigkeit der Durchf\u00fchrung dieses Projekts anerkennt. Die Verantwortlichen f\u00fcr das Projekt sind \u00c4rzte und Wissenschaftler, die mit dem vatikanischen Dikasterium f\u00fcr die Selig- und Heiligsprechungsprozesse zusammenarbeiten. Der Orden seinerseits studiert alle in seinen Archiven aufbewahrten Unterlagen, insbesondere die des Klosters der Karmelitinnen von Alba de Tormes, die das Grab und die Reliquien unserer heiligen Mutter Teresa von Jesus betreffen.<\/p>\n<p>M\u00f6gliche Termine werden abh\u00e4ngig von der Verf\u00fcgbarkeit des wissenschaftlichen Teams und der beteiligten Personen nach dem Sommer 2024 festgelegt. Das geplante Projekt umfasst mehrere kanonische Etappen und wird die Verehrung des Grabes von Teresa von Avila im Jahr 2025 erm\u00f6glichen.<\/p>\n<p>&nbsp;<\/p>\n<div class=\"wpmf-gallerys wpmf-gallerys-life \" ><div id=\"gallery-1\"\n data-gutter-width=\"5\"\n  data-wpmfcolumns=\"4\" class=\"wpmf-gallery gallery-link-file gallery_life gallery-masonry gallery-columns-4 gallery-size-thumbnail wpmf-gallery-bottomspace-default wpmf-gallery-clear wpmf-has-border-radius-0 wpmf-gutterwidth-5\"><div class=\"wpmf-gallery-item\n     wpmf-gallery-item-position-0 wpmf-gallery-item-attachment-363214\" data-index=\"0\"><div class=\"wpmf-gallery-icon\"><a class=\" not_video noLightbox\" data-lightbox=\"1\" data-href=\"https:\/\/www.carmelitaniscalzi.com\/wp-content\/uploads\/2024\/06\/Spagna-1-1024x680.jpg\" title=\"Spagna 1\" target=\"_self\" data-index=\"0\"><img decoding=\"async\" class=\"wpmf_img\" alt=\"Spagna 1\" src=\"https:\/\/www.carmelitaniscalzi.com\/wp-content\/uploads\/2024\/06\/Spagna-1-150x150.jpg\" data-type=\"wpmfgalleryimg\" data-lazy-src=\"https:\/\/www.carmelitaniscalzi.com\/wp-content\/uploads\/2024\/06\/Spagna-1-150x150.jpg\"><\/a><\/div><\/div><div class=\"wpmf-gallery-item\n     wpmf-gallery-item-position-1 wpmf-gallery-item-attachment-363220\" data-index=\"1\"><div class=\"wpmf-gallery-icon\"><a class=\" not_video noLightbox\" data-lightbox=\"1\" data-href=\"https:\/\/www.carmelitaniscalzi.com\/wp-content\/uploads\/2024\/06\/Spagna-2-1024x683.jpg\" title=\"Spagna 2\" target=\"_self\" data-index=\"1\"><img decoding=\"async\" class=\"wpmf_img\" alt=\"Spagna 2\" src=\"https:\/\/www.carmelitaniscalzi.com\/wp-content\/uploads\/2024\/06\/Spagna-2-150x150.jpg\" data-type=\"wpmfgalleryimg\" data-lazy-src=\"https:\/\/www.carmelitaniscalzi.com\/wp-content\/uploads\/2024\/06\/Spagna-2-150x150.jpg\"><\/a><\/div><\/div><div class=\"wpmf-gallery-item\n     wpmf-gallery-item-position-2 wpmf-gallery-item-attachment-363226\" data-index=\"2\"><div class=\"wpmf-gallery-icon\"><a class=\" not_video noLightbox\" data-lightbox=\"1\" data-href=\"https:\/\/www.carmelitaniscalzi.com\/wp-content\/uploads\/2024\/06\/Spagna-3-623x1024.jpg\" title=\"Spagna 3\" target=\"_self\" data-index=\"2\"><img decoding=\"async\" class=\"wpmf_img\" alt=\"Spagna 3\" src=\"https:\/\/www.carmelitaniscalzi.com\/wp-content\/uploads\/2024\/06\/Spagna-3-150x150.jpg\" data-type=\"wpmfgalleryimg\" data-lazy-src=\"https:\/\/www.carmelitaniscalzi.com\/wp-content\/uploads\/2024\/06\/Spagna-3-150x150.jpg\"><\/a><\/div><\/div><div class=\"wpmf-gallery-item\n     wpmf-gallery-item-position-3 wpmf-gallery-item-attachment-363232\" data-index=\"3\"><div class=\"wpmf-gallery-icon\"><a class=\" not_video noLightbox\" data-lightbox=\"1\" data-href=\"https:\/\/www.carmelitaniscalzi.com\/wp-content\/uploads\/2024\/06\/Spagna-4-1024x683.jpg\" title=\"Spagna 4\" target=\"_self\" data-index=\"3\"><img decoding=\"async\" class=\"wpmf_img\" alt=\"Spagna 4\" src=\"https:\/\/www.carmelitaniscalzi.com\/wp-content\/uploads\/2024\/06\/Spagna-4-150x150.jpg\" data-type=\"wpmfgalleryimg\" data-lazy-src=\"https:\/\/www.carmelitaniscalzi.com\/wp-content\/uploads\/2024\/06\/Spagna-4-150x150.jpg\"><\/a><\/div><\/div><\/div><\/div>\n\n","protected":false},"excerpt":{"rendered":"<p>Seit August 2022 pr\u00fcft und plant unser Orden die \u00d6ffnung des Grabes der heiligen Teresa von Jesus in Alba de Tormes, um eine wissenschaftliche Untersuchung des Leibes und der wichtigsten Reliquien Teresas seit der letzten \u00d6ffnung im Jahr 1914 durchzuf\u00fchren. Die Generalkurie unseres Ordens hat diesem Vorschlag zugestimmt, da sie die Wichtigkeit und Notwendigkeit der [&hellip;]<\/p>\n","protected":false},"author":7,"featured_media":363208,"comment_status":"closed","ping_status":"open","sticky":false,"template":"","format":"standard","meta":{"_acf_changed":false,"footnotes":""},"categories":[213,214,216,218],"tags":[],"class_list":["post-363383","post","type-post","status-publish","format-standard","has-post-thumbnail","hentry","category-nachrichten-von-p-general","category-nachrichten-ueber-schwestern","category-nachrichten-von-den-definitoren","category-nachrichten-ueber-brueder"],"acf":[],"yoast_head":"<!-- This site is optimized with the Yoast SEO plugin v26.3 - https:\/\/yoast.com\/wordpress\/plugins\/seo\/ -->\n<title>Spanien: \u00d6ffnung und Untersuchung des Grabes der heiligen Teresa von Jesus - UNBESCHUHTE KARMELITEN<\/title>\n<meta name=\"robots\" content=\"index, follow, max-snippet:-1, max-image-preview:large, max-video-preview:-1\" \/>\n<link rel=\"canonical\" href=\"https:\/\/www.carmelitaniscalzi.com\/de\/2024\/06\/02\/spanien-oeffnung-und-untersuchung-des-grabes-der-heiligen-teresa-von-jesus\/\" \/>\n<meta property=\"og:locale\" content=\"de_DE\" \/>\n<meta property=\"og:type\" content=\"article\" \/>\n<meta property=\"og:title\" content=\"Spanien: \u00d6ffnung und Untersuchung des Grabes der heiligen Teresa von Jesus - UNBESCHUHTE KARMELITEN\" \/>\n<meta property=\"og:description\" content=\"Seit August 2022 pr\u00fcft und plant unser Orden die \u00d6ffnung des Grabes der heiligen Teresa von Jesus in Alba de Tormes, um eine wissenschaftliche Untersuchung des Leibes und der wichtigsten Reliquien Teresas seit der letzten \u00d6ffnung im Jahr 1914 durchzuf\u00fchren. Die Generalkurie unseres Ordens hat diesem Vorschlag zugestimmt, da sie die Wichtigkeit und Notwendigkeit der [&hellip;]\" \/>\n<meta property=\"og:url\" content=\"https:\/\/www.carmelitaniscalzi.com\/de\/2024\/06\/02\/spanien-oeffnung-und-untersuchung-des-grabes-der-heiligen-teresa-von-jesus\/\" \/>\n<meta property=\"og:site_name\" content=\"UNBESCHUHTE KARMELITEN\" \/>\n<meta property=\"article:publisher\" content=\"https:\/\/www.facebook.com\/Curia-Generalizia-Carmelitani-Scalzi-658766940887784\/\" \/>\n<meta property=\"article:published_time\" content=\"2024-06-01T23:32:20+00:00\" \/>\n<meta property=\"og:image\" content=\"https:\/\/www.carmelitaniscalzi.com\/wp-content\/uploads\/2024\/06\/cover_spagna_05.2024.jpg\" \/>\n\t<meta property=\"og:image:width\" content=\"1200\" \/>\n\t<meta property=\"og:image:height\" content=\"800\" \/>\n\t<meta property=\"og:image:type\" content=\"image\/jpeg\" \/>\n<meta name=\"author\" content=\"ocd web master\" \/>\n<meta name=\"twitter:card\" content=\"summary_large_image\" \/>\n<meta name=\"twitter:creator\" content=\"@ocdcuria\" \/>\n<meta name=\"twitter:site\" content=\"@ocdcuria\" \/>\n<meta name=\"twitter:label1\" content=\"Verfasst von\" \/>\n\t<meta name=\"twitter:data1\" content=\"ocd web master\" \/>\n\t<meta name=\"twitter:label2\" content=\"Gesch\u00e4tzte Lesezeit\" \/>\n\t<meta name=\"twitter:data2\" content=\"1\u00a0Minute\" \/>\n<script type=\"application\/ld+json\" class=\"yoast-schema-graph\">{\"@context\":\"https:\/\/schema.org\",\"@graph\":[{\"@type\":\"Article\",\"@id\":\"https:\/\/www.carmelitaniscalzi.com\/de\/2024\/06\/02\/spanien-oeffnung-und-untersuchung-des-grabes-der-heiligen-teresa-von-jesus\/#article\",\"isPartOf\":{\"@id\":\"https:\/\/www.carmelitaniscalzi.com\/de\/2024\/06\/02\/spanien-oeffnung-und-untersuchung-des-grabes-der-heiligen-teresa-von-jesus\/\"},\"author\":{\"name\":\"ocd web master\",\"@id\":\"https:\/\/www.carmelitaniscalzi.com\/#\/schema\/person\/6d1c0d9bea7b6625c437246a5d6da409\"},\"headline\":\"Spanien: \u00d6ffnung und Untersuchung des Grabes der heiligen Teresa von Jesus\",\"datePublished\":\"2024-06-01T23:32:20+00:00\",\"mainEntityOfPage\":{\"@id\":\"https:\/\/www.carmelitaniscalzi.com\/de\/2024\/06\/02\/spanien-oeffnung-und-untersuchung-des-grabes-der-heiligen-teresa-von-jesus\/\"},\"wordCount\":179,\"publisher\":{\"@id\":\"https:\/\/www.carmelitaniscalzi.com\/#organization\"},\"image\":{\"@id\":\"https:\/\/www.carmelitaniscalzi.com\/de\/2024\/06\/02\/spanien-oeffnung-und-untersuchung-des-grabes-der-heiligen-teresa-von-jesus\/#primaryimage\"},\"thumbnailUrl\":\"https:\/\/www.carmelitaniscalzi.com\/wp-content\/uploads\/2024\/06\/cover_spagna_05.2024.jpg\",\"articleSection\":[\"Nachrichten von P. General\",\"Nachrichten \u00fcber Schwestern\",\"Nachrichten von den Definitoren\",\"Nachrichten \u00fcber Br\u00fcder\"],\"inLanguage\":\"de\"},{\"@type\":\"WebPage\",\"@id\":\"https:\/\/www.carmelitaniscalzi.com\/de\/2024\/06\/02\/spanien-oeffnung-und-untersuchung-des-grabes-der-heiligen-teresa-von-jesus\/\",\"url\":\"https:\/\/www.carmelitaniscalzi.com\/de\/2024\/06\/02\/spanien-oeffnung-und-untersuchung-des-grabes-der-heiligen-teresa-von-jesus\/\",\"name\":\"Spanien: \u00d6ffnung und Untersuchung des Grabes der heiligen Teresa von Jesus - UNBESCHUHTE KARMELITEN\",\"isPartOf\":{\"@id\":\"https:\/\/www.carmelitaniscalzi.com\/#website\"},\"primaryImageOfPage\":{\"@id\":\"https:\/\/www.carmelitaniscalzi.com\/de\/2024\/06\/02\/spanien-oeffnung-und-untersuchung-des-grabes-der-heiligen-teresa-von-jesus\/#primaryimage\"},\"image\":{\"@id\":\"https:\/\/www.carmelitaniscalzi.com\/de\/2024\/06\/02\/spanien-oeffnung-und-untersuchung-des-grabes-der-heiligen-teresa-von-jesus\/#primaryimage\"},\"thumbnailUrl\":\"https:\/\/www.carmelitaniscalzi.com\/wp-content\/uploads\/2024\/06\/cover_spagna_05.2024.jpg\",\"datePublished\":\"2024-06-01T23:32:20+00:00\",\"breadcrumb\":{\"@id\":\"https:\/\/www.carmelitaniscalzi.com\/de\/2024\/06\/02\/spanien-oeffnung-und-untersuchung-des-grabes-der-heiligen-teresa-von-jesus\/#breadcrumb\"},\"inLanguage\":\"de\",\"potentialAction\":[{\"@type\":\"ReadAction\",\"target\":[\"https:\/\/www.carmelitaniscalzi.com\/de\/2024\/06\/02\/spanien-oeffnung-und-untersuchung-des-grabes-der-heiligen-teresa-von-jesus\/\"]}]},{\"@type\":\"ImageObject\",\"inLanguage\":\"de\",\"@id\":\"https:\/\/www.carmelitaniscalzi.com\/de\/2024\/06\/02\/spanien-oeffnung-und-untersuchung-des-grabes-der-heiligen-teresa-von-jesus\/#primaryimage\",\"url\":\"https:\/\/www.carmelitaniscalzi.com\/wp-content\/uploads\/2024\/06\/cover_spagna_05.2024.jpg\",\"contentUrl\":\"https:\/\/www.carmelitaniscalzi.com\/wp-content\/uploads\/2024\/06\/cover_spagna_05.2024.jpg\",\"width\":1200,\"height\":800},{\"@type\":\"BreadcrumbList\",\"@id\":\"https:\/\/www.carmelitaniscalzi.com\/de\/2024\/06\/02\/spanien-oeffnung-und-untersuchung-des-grabes-der-heiligen-teresa-von-jesus\/#breadcrumb\",\"itemListElement\":[{\"@type\":\"ListItem\",\"position\":1,\"name\":\"Home\",\"item\":\"https:\/\/www.carmelitaniscalzi.com\/de\/\"},{\"@type\":\"ListItem\",\"position\":2,\"name\":\"Spanien: \u00d6ffnung und Untersuchung des Grabes der heiligen Teresa von Jesus\"}]},{\"@type\":\"WebSite\",\"@id\":\"https:\/\/www.carmelitaniscalzi.com\/#website\",\"url\":\"https:\/\/www.carmelitaniscalzi.com\/\",\"name\":\"CARMELITANI SCALZI - Curia Generale del Carmelo Teresiano\",\"description\":\"Generalkurie des Teresianischen Karmel\",\"publisher\":{\"@id\":\"https:\/\/www.carmelitaniscalzi.com\/#organization\"},\"alternateName\":\"CARMELITANI SCALZI\",\"potentialAction\":[{\"@type\":\"SearchAction\",\"target\":{\"@type\":\"EntryPoint\",\"urlTemplate\":\"https:\/\/www.carmelitaniscalzi.com\/?s={search_term_string}\"},\"query-input\":{\"@type\":\"PropertyValueSpecification\",\"valueRequired\":true,\"valueName\":\"search_term_string\"}}],\"inLanguage\":\"de\"},{\"@type\":\"Organization\",\"@id\":\"https:\/\/www.carmelitaniscalzi.com\/#organization\",\"name\":\"CARMELITANI SCALZI - Curia Generale del Carmelo Teresiano\",\"url\":\"https:\/\/www.carmelitaniscalzi.com\/\",\"logo\":{\"@type\":\"ImageObject\",\"inLanguage\":\"de\",\"@id\":\"https:\/\/www.carmelitaniscalzi.com\/#\/schema\/logo\/image\/\",\"url\":\"https:\/\/www.carmelitaniscalzi.com\/wp-content\/uploads\/2025\/11\/login-logo.png\",\"contentUrl\":\"https:\/\/www.carmelitaniscalzi.com\/wp-content\/uploads\/2025\/11\/login-logo.png\",\"width\":256,\"height\":256,\"caption\":\"CARMELITANI SCALZI - Curia Generale del Carmelo Teresiano\"},\"image\":{\"@id\":\"https:\/\/www.carmelitaniscalzi.com\/#\/schema\/logo\/image\/\"},\"sameAs\":[\"https:\/\/www.facebook.com\/Curia-Generalizia-Carmelitani-Scalzi-658766940887784\/\",\"https:\/\/x.com\/ocdcuria\",\"https:\/\/www.youtube.com\/channel\/UC2J5ZL0ycOY0qBSTCLX_NGQ\/videos\",\"https:\/\/www.instagram.com\/ocdinform\/\"]},{\"@type\":\"Person\",\"@id\":\"https:\/\/www.carmelitaniscalzi.com\/#\/schema\/person\/6d1c0d9bea7b6625c437246a5d6da409\",\"name\":\"ocd web master\",\"image\":{\"@type\":\"ImageObject\",\"inLanguage\":\"de\",\"@id\":\"https:\/\/www.carmelitaniscalzi.com\/#\/schema\/person\/image\/\",\"url\":\"https:\/\/secure.gravatar.com\/avatar\/41fbc5f82bad909fbaf2984c43fa50d8519ac5853e25b454d022b6868f80d0e7?s=96&d=mm&r=g\",\"contentUrl\":\"https:\/\/secure.gravatar.com\/avatar\/41fbc5f82bad909fbaf2984c43fa50d8519ac5853e25b454d022b6868f80d0e7?s=96&d=mm&r=g\",\"caption\":\"ocd web master\"},\"url\":\"https:\/\/www.carmelitaniscalzi.com\/de\/author\/ocdwebmaster\/\"}]}<\/script>\n<!-- \/ Yoast SEO plugin. -->","yoast_head_json":{"title":"Spanien: \u00d6ffnung und Untersuchung des Grabes der heiligen Teresa von Jesus - UNBESCHUHTE KARMELITEN","robots":{"index":"index","follow":"follow","max-snippet":"max-snippet:-1","max-image-preview":"max-image-preview:large","max-video-preview":"max-video-preview:-1"},"canonical":"https:\/\/www.carmelitaniscalzi.com\/de\/2024\/06\/02\/spanien-oeffnung-und-untersuchung-des-grabes-der-heiligen-teresa-von-jesus\/","og_locale":"de_DE","og_type":"article","og_title":"Spanien: \u00d6ffnung und Untersuchung des Grabes der heiligen Teresa von Jesus - UNBESCHUHTE KARMELITEN","og_description":"Seit August 2022 pr\u00fcft und plant unser Orden die \u00d6ffnung des Grabes der heiligen Teresa von Jesus in Alba de Tormes, um eine wissenschaftliche Untersuchung des Leibes und der wichtigsten Reliquien Teresas seit der letzten \u00d6ffnung im Jahr 1914 durchzuf\u00fchren. Die Generalkurie unseres Ordens hat diesem Vorschlag zugestimmt, da sie die Wichtigkeit und Notwendigkeit der [&hellip;]","og_url":"https:\/\/www.carmelitaniscalzi.com\/de\/2024\/06\/02\/spanien-oeffnung-und-untersuchung-des-grabes-der-heiligen-teresa-von-jesus\/","og_site_name":"UNBESCHUHTE KARMELITEN","article_publisher":"https:\/\/www.facebook.com\/Curia-Generalizia-Carmelitani-Scalzi-658766940887784\/","article_published_time":"2024-06-01T23:32:20+00:00","og_image":[{"width":1200,"height":800,"url":"https:\/\/www.carmelitaniscalzi.com\/wp-content\/uploads\/2024\/06\/cover_spagna_05.2024.jpg","type":"image\/jpeg"}],"author":"ocd web master","twitter_card":"summary_large_image","twitter_creator":"@ocdcuria","twitter_site":"@ocdcuria","twitter_misc":{"Verfasst von":"ocd web master","Gesch\u00e4tzte Lesezeit":"1\u00a0Minute"},"schema":{"@context":"https:\/\/schema.org","@graph":[{"@type":"Article","@id":"https:\/\/www.carmelitaniscalzi.com\/de\/2024\/06\/02\/spanien-oeffnung-und-untersuchung-des-grabes-der-heiligen-teresa-von-jesus\/#article","isPartOf":{"@id":"https:\/\/www.carmelitaniscalzi.com\/de\/2024\/06\/02\/spanien-oeffnung-und-untersuchung-des-grabes-der-heiligen-teresa-von-jesus\/"},"author":{"name":"ocd web master","@id":"https:\/\/www.carmelitaniscalzi.com\/#\/schema\/person\/6d1c0d9bea7b6625c437246a5d6da409"},"headline":"Spanien: \u00d6ffnung und Untersuchung des Grabes der heiligen Teresa von Jesus","datePublished":"2024-06-01T23:32:20+00:00","mainEntityOfPage":{"@id":"https:\/\/www.carmelitaniscalzi.com\/de\/2024\/06\/02\/spanien-oeffnung-und-untersuchung-des-grabes-der-heiligen-teresa-von-jesus\/"},"wordCount":179,"publisher":{"@id":"https:\/\/www.carmelitaniscalzi.com\/#organization"},"image":{"@id":"https:\/\/www.carmelitaniscalzi.com\/de\/2024\/06\/02\/spanien-oeffnung-und-untersuchung-des-grabes-der-heiligen-teresa-von-jesus\/#primaryimage"},"thumbnailUrl":"https:\/\/www.carmelitaniscalzi.com\/wp-content\/uploads\/2024\/06\/cover_spagna_05.2024.jpg","articleSection":["Nachrichten von P. General","Nachrichten \u00fcber Schwestern","Nachrichten von den Definitoren","Nachrichten \u00fcber Br\u00fcder"],"inLanguage":"de"},{"@type":"WebPage","@id":"https:\/\/www.carmelitaniscalzi.com\/de\/2024\/06\/02\/spanien-oeffnung-und-untersuchung-des-grabes-der-heiligen-teresa-von-jesus\/","url":"https:\/\/www.carmelitaniscalzi.com\/de\/2024\/06\/02\/spanien-oeffnung-und-untersuchung-des-grabes-der-heiligen-teresa-von-jesus\/","name":"Spanien: \u00d6ffnung und Untersuchung des Grabes der heiligen Teresa von Jesus - UNBESCHUHTE KARMELITEN","isPartOf":{"@id":"https:\/\/www.carmelitaniscalzi.com\/#website"},"primaryImageOfPage":{"@id":"https:\/\/www.carmelitaniscalzi.com\/de\/2024\/06\/02\/spanien-oeffnung-und-untersuchung-des-grabes-der-heiligen-teresa-von-jesus\/#primaryimage"},"image":{"@id":"https:\/\/www.carmelitaniscalzi.com\/de\/2024\/06\/02\/spanien-oeffnung-und-untersuchung-des-grabes-der-heiligen-teresa-von-jesus\/#primaryimage"},"thumbnailUrl":"https:\/\/www.carmelitaniscalzi.com\/wp-content\/uploads\/2024\/06\/cover_spagna_05.2024.jpg","datePublished":"2024-06-01T23:32:20+00:00","breadcrumb":{"@id":"https:\/\/www.carmelitaniscalzi.com\/de\/2024\/06\/02\/spanien-oeffnung-und-untersuchung-des-grabes-der-heiligen-teresa-von-jesus\/#breadcrumb"},"inLanguage":"de","potentialAction":[{"@type":"ReadAction","target":["https:\/\/www.carmelitaniscalzi.com\/de\/2024\/06\/02\/spanien-oeffnung-und-untersuchung-des-grabes-der-heiligen-teresa-von-jesus\/"]}]},{"@type":"ImageObject","inLanguage":"de","@id":"https:\/\/www.carmelitaniscalzi.com\/de\/2024\/06\/02\/spanien-oeffnung-und-untersuchung-des-grabes-der-heiligen-teresa-von-jesus\/#primaryimage","url":"https:\/\/www.carmelitaniscalzi.com\/wp-content\/uploads\/2024\/06\/cover_spagna_05.2024.jpg","contentUrl":"https:\/\/www.carmelitaniscalzi.com\/wp-content\/uploads\/2024\/06\/cover_spagna_05.2024.jpg","width":1200,"height":800},{"@type":"BreadcrumbList","@id":"https:\/\/www.carmelitaniscalzi.com\/de\/2024\/06\/02\/spanien-oeffnung-und-untersuchung-des-grabes-der-heiligen-teresa-von-jesus\/#breadcrumb","itemListElement":[{"@type":"ListItem","position":1,"name":"Home","item":"https:\/\/www.carmelitaniscalzi.com\/de\/"},{"@type":"ListItem","position":2,"name":"Spanien: \u00d6ffnung und Untersuchung des Grabes der heiligen Teresa von Jesus"}]},{"@type":"WebSite","@id":"https:\/\/www.carmelitaniscalzi.com\/#website","url":"https:\/\/www.carmelitaniscalzi.com\/","name":"CARMELITANI SCALZI - Curia Generale del Carmelo Teresiano","description":"Generalkurie des Teresianischen Karmel","publisher":{"@id":"https:\/\/www.carmelitaniscalzi.com\/#organization"},"alternateName":"CARMELITANI SCALZI","potentialAction":[{"@type":"SearchAction","target":{"@type":"EntryPoint","urlTemplate":"https:\/\/www.carmelitaniscalzi.com\/?s={search_term_string}"},"query-input":{"@type":"PropertyValueSpecification","valueRequired":true,"valueName":"search_term_string"}}],"inLanguage":"de"},{"@type":"Organization","@id":"https:\/\/www.carmelitaniscalzi.com\/#organization","name":"CARMELITANI SCALZI - Curia Generale del Carmelo Teresiano","url":"https:\/\/www.carmelitaniscalzi.com\/","logo":{"@type":"ImageObject","inLanguage":"de","@id":"https:\/\/www.carmelitaniscalzi.com\/#\/schema\/logo\/image\/","url":"https:\/\/www.carmelitaniscalzi.com\/wp-content\/uploads\/2025\/11\/login-logo.png","contentUrl":"https:\/\/www.carmelitaniscalzi.com\/wp-content\/uploads\/2025\/11\/login-logo.png","width":256,"height":256,"caption":"CARMELITANI SCALZI - Curia Generale del Carmelo Teresiano"},"image":{"@id":"https:\/\/www.carmelitaniscalzi.com\/#\/schema\/logo\/image\/"},"sameAs":["https:\/\/www.facebook.com\/Curia-Generalizia-Carmelitani-Scalzi-658766940887784\/","https:\/\/x.com\/ocdcuria","https:\/\/www.youtube.com\/channel\/UC2J5ZL0ycOY0qBSTCLX_NGQ\/videos","https:\/\/www.instagram.com\/ocdinform\/"]},{"@type":"Person","@id":"https:\/\/www.carmelitaniscalzi.com\/#\/schema\/person\/6d1c0d9bea7b6625c437246a5d6da409","name":"ocd web master","image":{"@type":"ImageObject","inLanguage":"de","@id":"https:\/\/www.carmelitaniscalzi.com\/#\/schema\/person\/image\/","url":"https:\/\/secure.gravatar.com\/avatar\/41fbc5f82bad909fbaf2984c43fa50d8519ac5853e25b454d022b6868f80d0e7?s=96&d=mm&r=g","contentUrl":"https:\/\/secure.gravatar.com\/avatar\/41fbc5f82bad909fbaf2984c43fa50d8519ac5853e25b454d022b6868f80d0e7?s=96&d=mm&r=g","caption":"ocd web master"},"url":"https:\/\/www.carmelitaniscalzi.com\/de\/author\/ocdwebmaster\/"}]}},"_links":{"self":[{"href":"https:\/\/www.carmelitaniscalzi.com\/de\/wp-json\/wp\/v2\/posts\/363383","targetHints":{"allow":["GET"]}}],"collection":[{"href":"https:\/\/www.carmelitaniscalzi.com\/de\/wp-json\/wp\/v2\/posts"}],"about":[{"href":"https:\/\/www.carmelitaniscalzi.com\/de\/wp-json\/wp\/v2\/types\/post"}],"author":[{"embeddable":true,"href":"https:\/\/www.carmelitaniscalzi.com\/de\/wp-json\/wp\/v2\/users\/7"}],"replies":[{"embeddable":true,"href":"https:\/\/www.carmelitaniscalzi.com\/de\/wp-json\/wp\/v2\/comments?post=363383"}],"version-history":[{"count":1,"href":"https:\/\/www.carmelitaniscalzi.com\/de\/wp-json\/wp\/v2\/posts\/363383\/revisions"}],"predecessor-version":[{"id":363384,"href":"https:\/\/www.carmelitaniscalzi.com\/de\/wp-json\/wp\/v2\/posts\/363383\/revisions\/363384"}],"wp:featuredmedia":[{"embeddable":true,"href":"https:\/\/www.carmelitaniscalzi.com\/de\/wp-json\/wp\/v2\/media\/363208"}],"wp:attachment":[{"href":"https:\/\/www.carmelitaniscalzi.com\/de\/wp-json\/wp\/v2\/media?parent=363383"}],"wp:term":[{"taxonomy":"category","embeddable":true,"href":"https:\/\/www.carmelitaniscalzi.com\/de\/wp-json\/wp\/v2\/categories?post=363383"},{"taxonomy":"post_tag","embeddable":true,"href":"https:\/\/www.carmelitaniscalzi.com\/de\/wp-json\/wp\/v2\/tags?post=363383"}],"curies":[{"name":"wp","href":"https:\/\/api.w.org\/{rel}","templated":true}]}}