{"id":339454,"date":"2024-04-23T00:30:19","date_gmt":"2024-04-22T22:30:19","guid":{"rendered":"https:\/\/www.carmelitaniscalzi.com\/?p=339454"},"modified":"2024-04-10T00:48:04","modified_gmt":"2024-04-09T22:48:04","slug":"nigeria-nationalversammlung-des-ocds","status":"publish","type":"post","link":"https:\/\/www.carmelitaniscalzi.com\/de\/2024\/04\/23\/nigeria-nationalversammlung-des-ocds\/","title":{"rendered":"Nigeria: Nationalversammlung des OCDS"},"content":{"rendered":"<p>Im vergangenen Februar versammelten sich Vertreter der Gemeindedn des OCDS in Nigeria in Benin City, um wichtige Aspekte ihres Lebens als Mitglieder des OCDS zu diskutieren. Der Generaldelegierte des OCDS und der Delegierte des OCDS f\u00fcr Nigeria und Ghana waren ebenfalls anwesend.<\/p>\n<p>Derzeit gibt es in den St\u00e4dten Abuja, Benin, Ekpoma, Enugu, Ibadan, Nsukka, Onitsha und Owerri Gemeinden des OCDS, die sich durch ihr Engagement f\u00fcr das Gebet und das Gemeinschaftsleben auszeichnen.<\/p>\n<p>W\u00e4hrend der Versammlung betonten die Teilnehmer, wie wichtig es ist, ihre eigenen Statuten zu verfassen, um f\u00fcr ihr Leben nach den Konstitutionen des OCDS einen Leitfaden zu haben. Zu diesem Zweck soll demn\u00e4chst eine Kommission gebildet werden. Es wurde auch die Notwendigkeit festgestellt, das Ausbildungsprogramm zu \u00fcberpr\u00fcfen.<\/p>\n<p>Der Herr hat Nigeria mit vielen Berufungen in den OCDS gesegnet, und immer mehr Menschen finden in dieser Berufung eine Mittel, um in ihrer Beziehung zu Gott und zu anderen weiter zu wachsen.<\/p>\n<p>&nbsp;<\/p>\n<div class=\"wpmf-gallerys wpmf-gallerys-life \" ><div id=\"gallery-1\"\n data-gutter-width=\"5\"\n  data-wpmfcolumns=\"5\" class=\"wpmf-gallery gallery-link-file gallery_life gallery-masonry gallery-columns-5 gallery-size-thumbnail wpmf-gallery-bottomspace-default wpmf-gallery-clear wpmf-has-border-radius-0 wpmf-gutterwidth-5\"><div class=\"wpmf-gallery-item\n     wpmf-gallery-item-position-0 wpmf-gallery-item-attachment-330304\" data-index=\"0\"><div class=\"wpmf-gallery-icon\"><a class=\" not_video noLightbox\" data-lightbox=\"1\" data-href=\"https:\/\/www.carmelitaniscalzi.com\/wp-content\/uploads\/2024\/04\/Nigeria-Nsukka-1024x812.jpg\" title=\"Nigeria - Nsukka\" target=\"_self\" data-index=\"0\"><img decoding=\"async\" class=\"wpmf_img\" alt=\"Nigeria - Nsukka\" src=\"https:\/\/www.carmelitaniscalzi.com\/wp-content\/uploads\/2024\/04\/Nigeria-Nsukka-150x150.jpg\" data-type=\"wpmfgalleryimg\" data-lazy-src=\"https:\/\/www.carmelitaniscalzi.com\/wp-content\/uploads\/2024\/04\/Nigeria-Nsukka-150x150.jpg\"><\/a><\/div><\/div><div class=\"wpmf-gallery-item\n     wpmf-gallery-item-position-1 wpmf-gallery-item-attachment-330310\" data-index=\"1\"><div class=\"wpmf-gallery-icon\"><a class=\" not_video noLightbox\" data-lightbox=\"1\" data-href=\"https:\/\/www.carmelitaniscalzi.com\/wp-content\/uploads\/2024\/04\/Nigeria-Benin-1024x834.jpg\" title=\"Nigeria - Benin\" target=\"_self\" data-index=\"1\"><img decoding=\"async\" class=\"wpmf_img\" alt=\"Nigeria - Benin\" src=\"https:\/\/www.carmelitaniscalzi.com\/wp-content\/uploads\/2024\/04\/Nigeria-Benin-150x150.jpg\" data-type=\"wpmfgalleryimg\" data-lazy-src=\"https:\/\/www.carmelitaniscalzi.com\/wp-content\/uploads\/2024\/04\/Nigeria-Benin-150x150.jpg\"><\/a><\/div><\/div><div class=\"wpmf-gallery-item\n     wpmf-gallery-item-position-2 wpmf-gallery-item-attachment-330316\" data-index=\"2\"><div class=\"wpmf-gallery-icon\"><a class=\" not_video noLightbox\" data-lightbox=\"1\" data-href=\"https:\/\/www.carmelitaniscalzi.com\/wp-content\/uploads\/2024\/04\/Nigeria-Owerri-1024x517.jpg\" title=\"Nigeria - Owerri\" target=\"_self\" data-index=\"2\"><img decoding=\"async\" class=\"wpmf_img\" alt=\"Nigeria - Owerri\" src=\"https:\/\/www.carmelitaniscalzi.com\/wp-content\/uploads\/2024\/04\/Nigeria-Owerri-150x150.jpg\" data-type=\"wpmfgalleryimg\" data-lazy-src=\"https:\/\/www.carmelitaniscalzi.com\/wp-content\/uploads\/2024\/04\/Nigeria-Owerri-150x150.jpg\"><\/a><\/div><\/div><div class=\"wpmf-gallery-item\n     wpmf-gallery-item-position-3 wpmf-gallery-item-attachment-330322\" data-index=\"3\"><div class=\"wpmf-gallery-icon\"><a class=\" not_video noLightbox\" data-lightbox=\"1\" data-href=\"https:\/\/www.carmelitaniscalzi.com\/wp-content\/uploads\/2024\/04\/Nigeria-1-1024x818.jpg\" title=\"Nigeria 1\" target=\"_self\" data-index=\"3\"><img decoding=\"async\" class=\"wpmf_img\" alt=\"Nigeria 1\" src=\"https:\/\/www.carmelitaniscalzi.com\/wp-content\/uploads\/2024\/04\/Nigeria-1-150x150.jpg\" data-type=\"wpmfgalleryimg\" data-lazy-src=\"https:\/\/www.carmelitaniscalzi.com\/wp-content\/uploads\/2024\/04\/Nigeria-1-150x150.jpg\"><\/a><\/div><\/div><div class=\"wpmf-gallery-item\n     wpmf-gallery-item-position-4 wpmf-gallery-item-attachment-330328\" data-index=\"4\"><div class=\"wpmf-gallery-icon\"><a class=\" not_video noLightbox\" data-lightbox=\"1\" data-href=\"https:\/\/www.carmelitaniscalzi.com\/wp-content\/uploads\/2024\/04\/Nigeria-2-1024x568.jpg\" title=\"Nigeria 2\" target=\"_self\" data-index=\"4\"><img decoding=\"async\" class=\"wpmf_img\" alt=\"Nigeria 2\" src=\"https:\/\/www.carmelitaniscalzi.com\/wp-content\/uploads\/2024\/04\/Nigeria-2-150x150.jpg\" data-type=\"wpmfgalleryimg\" data-lazy-src=\"https:\/\/www.carmelitaniscalzi.com\/wp-content\/uploads\/2024\/04\/Nigeria-2-150x150.jpg\"><\/a><\/div><\/div><\/div><\/div>\n\n<p>&nbsp;<\/p>\n","protected":false},"excerpt":{"rendered":"<p>Im vergangenen Februar versammelten sich Vertreter der Gemeindedn des OCDS in Nigeria in Benin City, um wichtige Aspekte ihres Lebens als Mitglieder des OCDS zu diskutieren. Der Generaldelegierte des OCDS und der Delegierte des OCDS f\u00fcr Nigeria und Ghana waren ebenfalls anwesend. Derzeit gibt es in den St\u00e4dten Abuja, Benin, Ekpoma, Enugu, Ibadan, Nsukka, Onitsha [&hellip;]<\/p>\n","protected":false},"author":7,"featured_media":330298,"comment_status":"closed","ping_status":"open","sticky":false,"template":"","format":"standard","meta":{"_acf_changed":false,"footnotes":""},"categories":[262,371],"tags":[],"class_list":["post-339454","post","type-post","status-publish","format-standard","has-post-thumbnail","hentry","category-nachrichten-ocds","category-nachrichten"],"acf":[],"yoast_head":"<!-- This site is optimized with the Yoast SEO plugin v26.3 - https:\/\/yoast.com\/wordpress\/plugins\/seo\/ -->\n<title>Nigeria: Nationalversammlung des OCDS - UNBESCHUHTE KARMELITEN<\/title>\n<meta name=\"robots\" content=\"index, follow, max-snippet:-1, max-image-preview:large, max-video-preview:-1\" \/>\n<link rel=\"canonical\" href=\"https:\/\/www.carmelitaniscalzi.com\/de\/2024\/04\/23\/nigeria-nationalversammlung-des-ocds\/\" \/>\n<meta property=\"og:locale\" content=\"de_DE\" \/>\n<meta property=\"og:type\" content=\"article\" \/>\n<meta property=\"og:title\" content=\"Nigeria: Nationalversammlung des OCDS - UNBESCHUHTE KARMELITEN\" \/>\n<meta property=\"og:description\" content=\"Im vergangenen Februar versammelten sich Vertreter der Gemeindedn des OCDS in Nigeria in Benin City, um wichtige Aspekte ihres Lebens als Mitglieder des OCDS zu diskutieren. Der Generaldelegierte des OCDS und der Delegierte des OCDS f\u00fcr Nigeria und Ghana waren ebenfalls anwesend. Derzeit gibt es in den St\u00e4dten Abuja, Benin, Ekpoma, Enugu, Ibadan, Nsukka, Onitsha [&hellip;]\" \/>\n<meta property=\"og:url\" content=\"https:\/\/www.carmelitaniscalzi.com\/de\/2024\/04\/23\/nigeria-nationalversammlung-des-ocds\/\" \/>\n<meta property=\"og:site_name\" content=\"UNBESCHUHTE KARMELITEN\" \/>\n<meta property=\"article:publisher\" content=\"https:\/\/www.facebook.com\/Curia-Generalizia-Carmelitani-Scalzi-658766940887784\/\" \/>\n<meta property=\"article:published_time\" content=\"2024-04-22T22:30:19+00:00\" \/>\n<meta property=\"og:image\" content=\"https:\/\/www.carmelitaniscalzi.com\/wp-content\/uploads\/2024\/04\/cover_nigeria_03.2024.jpg\" \/>\n\t<meta property=\"og:image:width\" content=\"1200\" \/>\n\t<meta property=\"og:image:height\" content=\"800\" \/>\n\t<meta property=\"og:image:type\" content=\"image\/jpeg\" \/>\n<meta name=\"author\" content=\"ocd web master\" \/>\n<meta name=\"twitter:card\" content=\"summary_large_image\" \/>\n<meta name=\"twitter:creator\" content=\"@ocdcuria\" \/>\n<meta name=\"twitter:site\" content=\"@ocdcuria\" \/>\n<meta name=\"twitter:label1\" content=\"Verfasst von\" \/>\n\t<meta name=\"twitter:data1\" content=\"ocd web master\" \/>\n\t<meta name=\"twitter:label2\" content=\"Gesch\u00e4tzte Lesezeit\" \/>\n\t<meta name=\"twitter:data2\" content=\"1\u00a0Minute\" \/>\n<script type=\"application\/ld+json\" class=\"yoast-schema-graph\">{\"@context\":\"https:\/\/schema.org\",\"@graph\":[{\"@type\":\"Article\",\"@id\":\"https:\/\/www.carmelitaniscalzi.com\/de\/2024\/04\/23\/nigeria-nationalversammlung-des-ocds\/#article\",\"isPartOf\":{\"@id\":\"https:\/\/www.carmelitaniscalzi.com\/de\/2024\/04\/23\/nigeria-nationalversammlung-des-ocds\/\"},\"author\":{\"name\":\"ocd web master\",\"@id\":\"https:\/\/www.carmelitaniscalzi.com\/#\/schema\/person\/6d1c0d9bea7b6625c437246a5d6da409\"},\"headline\":\"Nigeria: Nationalversammlung des OCDS\",\"datePublished\":\"2024-04-22T22:30:19+00:00\",\"mainEntityOfPage\":{\"@id\":\"https:\/\/www.carmelitaniscalzi.com\/de\/2024\/04\/23\/nigeria-nationalversammlung-des-ocds\/\"},\"wordCount\":175,\"publisher\":{\"@id\":\"https:\/\/www.carmelitaniscalzi.com\/#organization\"},\"image\":{\"@id\":\"https:\/\/www.carmelitaniscalzi.com\/de\/2024\/04\/23\/nigeria-nationalversammlung-des-ocds\/#primaryimage\"},\"thumbnailUrl\":\"https:\/\/www.carmelitaniscalzi.com\/wp-content\/uploads\/2024\/04\/cover_nigeria_03.2024.jpg\",\"articleSection\":[\"Nachrichten OCDS\",\"Nachrichten\"],\"inLanguage\":\"de\"},{\"@type\":\"WebPage\",\"@id\":\"https:\/\/www.carmelitaniscalzi.com\/de\/2024\/04\/23\/nigeria-nationalversammlung-des-ocds\/\",\"url\":\"https:\/\/www.carmelitaniscalzi.com\/de\/2024\/04\/23\/nigeria-nationalversammlung-des-ocds\/\",\"name\":\"Nigeria: Nationalversammlung des OCDS - UNBESCHUHTE KARMELITEN\",\"isPartOf\":{\"@id\":\"https:\/\/www.carmelitaniscalzi.com\/#website\"},\"primaryImageOfPage\":{\"@id\":\"https:\/\/www.carmelitaniscalzi.com\/de\/2024\/04\/23\/nigeria-nationalversammlung-des-ocds\/#primaryimage\"},\"image\":{\"@id\":\"https:\/\/www.carmelitaniscalzi.com\/de\/2024\/04\/23\/nigeria-nationalversammlung-des-ocds\/#primaryimage\"},\"thumbnailUrl\":\"https:\/\/www.carmelitaniscalzi.com\/wp-content\/uploads\/2024\/04\/cover_nigeria_03.2024.jpg\",\"datePublished\":\"2024-04-22T22:30:19+00:00\",\"breadcrumb\":{\"@id\":\"https:\/\/www.carmelitaniscalzi.com\/de\/2024\/04\/23\/nigeria-nationalversammlung-des-ocds\/#breadcrumb\"},\"inLanguage\":\"de\",\"potentialAction\":[{\"@type\":\"ReadAction\",\"target\":[\"https:\/\/www.carmelitaniscalzi.com\/de\/2024\/04\/23\/nigeria-nationalversammlung-des-ocds\/\"]}]},{\"@type\":\"ImageObject\",\"inLanguage\":\"de\",\"@id\":\"https:\/\/www.carmelitaniscalzi.com\/de\/2024\/04\/23\/nigeria-nationalversammlung-des-ocds\/#primaryimage\",\"url\":\"https:\/\/www.carmelitaniscalzi.com\/wp-content\/uploads\/2024\/04\/cover_nigeria_03.2024.jpg\",\"contentUrl\":\"https:\/\/www.carmelitaniscalzi.com\/wp-content\/uploads\/2024\/04\/cover_nigeria_03.2024.jpg\",\"width\":1200,\"height\":800},{\"@type\":\"BreadcrumbList\",\"@id\":\"https:\/\/www.carmelitaniscalzi.com\/de\/2024\/04\/23\/nigeria-nationalversammlung-des-ocds\/#breadcrumb\",\"itemListElement\":[{\"@type\":\"ListItem\",\"position\":1,\"name\":\"Home\",\"item\":\"https:\/\/www.carmelitaniscalzi.com\/de\/\"},{\"@type\":\"ListItem\",\"position\":2,\"name\":\"Nigeria: Nationalversammlung des OCDS\"}]},{\"@type\":\"WebSite\",\"@id\":\"https:\/\/www.carmelitaniscalzi.com\/#website\",\"url\":\"https:\/\/www.carmelitaniscalzi.com\/\",\"name\":\"CARMELITANI SCALZI - Curia Generale del Carmelo Teresiano\",\"description\":\"Generalkurie des Teresianischen Karmel\",\"publisher\":{\"@id\":\"https:\/\/www.carmelitaniscalzi.com\/#organization\"},\"alternateName\":\"CARMELITANI SCALZI\",\"potentialAction\":[{\"@type\":\"SearchAction\",\"target\":{\"@type\":\"EntryPoint\",\"urlTemplate\":\"https:\/\/www.carmelitaniscalzi.com\/?s={search_term_string}\"},\"query-input\":{\"@type\":\"PropertyValueSpecification\",\"valueRequired\":true,\"valueName\":\"search_term_string\"}}],\"inLanguage\":\"de\"},{\"@type\":\"Organization\",\"@id\":\"https:\/\/www.carmelitaniscalzi.com\/#organization\",\"name\":\"CARMELITANI SCALZI - Curia Generale del Carmelo Teresiano\",\"url\":\"https:\/\/www.carmelitaniscalzi.com\/\",\"logo\":{\"@type\":\"ImageObject\",\"inLanguage\":\"de\",\"@id\":\"https:\/\/www.carmelitaniscalzi.com\/#\/schema\/logo\/image\/\",\"url\":\"https:\/\/www.carmelitaniscalzi.com\/wp-content\/uploads\/2025\/11\/login-logo.png\",\"contentUrl\":\"https:\/\/www.carmelitaniscalzi.com\/wp-content\/uploads\/2025\/11\/login-logo.png\",\"width\":256,\"height\":256,\"caption\":\"CARMELITANI SCALZI - Curia Generale del Carmelo Teresiano\"},\"image\":{\"@id\":\"https:\/\/www.carmelitaniscalzi.com\/#\/schema\/logo\/image\/\"},\"sameAs\":[\"https:\/\/www.facebook.com\/Curia-Generalizia-Carmelitani-Scalzi-658766940887784\/\",\"https:\/\/x.com\/ocdcuria\",\"https:\/\/www.youtube.com\/channel\/UC2J5ZL0ycOY0qBSTCLX_NGQ\/videos\",\"https:\/\/www.instagram.com\/ocdinform\/\"]},{\"@type\":\"Person\",\"@id\":\"https:\/\/www.carmelitaniscalzi.com\/#\/schema\/person\/6d1c0d9bea7b6625c437246a5d6da409\",\"name\":\"ocd web master\",\"image\":{\"@type\":\"ImageObject\",\"inLanguage\":\"de\",\"@id\":\"https:\/\/www.carmelitaniscalzi.com\/#\/schema\/person\/image\/\",\"url\":\"https:\/\/secure.gravatar.com\/avatar\/41fbc5f82bad909fbaf2984c43fa50d8519ac5853e25b454d022b6868f80d0e7?s=96&d=mm&r=g\",\"contentUrl\":\"https:\/\/secure.gravatar.com\/avatar\/41fbc5f82bad909fbaf2984c43fa50d8519ac5853e25b454d022b6868f80d0e7?s=96&d=mm&r=g\",\"caption\":\"ocd web master\"},\"url\":\"https:\/\/www.carmelitaniscalzi.com\/de\/author\/ocdwebmaster\/\"}]}<\/script>\n<!-- \/ Yoast SEO plugin. -->","yoast_head_json":{"title":"Nigeria: Nationalversammlung des OCDS - UNBESCHUHTE KARMELITEN","robots":{"index":"index","follow":"follow","max-snippet":"max-snippet:-1","max-image-preview":"max-image-preview:large","max-video-preview":"max-video-preview:-1"},"canonical":"https:\/\/www.carmelitaniscalzi.com\/de\/2024\/04\/23\/nigeria-nationalversammlung-des-ocds\/","og_locale":"de_DE","og_type":"article","og_title":"Nigeria: Nationalversammlung des OCDS - UNBESCHUHTE KARMELITEN","og_description":"Im vergangenen Februar versammelten sich Vertreter der Gemeindedn des OCDS in Nigeria in Benin City, um wichtige Aspekte ihres Lebens als Mitglieder des OCDS zu diskutieren. Der Generaldelegierte des OCDS und der Delegierte des OCDS f\u00fcr Nigeria und Ghana waren ebenfalls anwesend. Derzeit gibt es in den St\u00e4dten Abuja, Benin, Ekpoma, Enugu, Ibadan, Nsukka, Onitsha [&hellip;]","og_url":"https:\/\/www.carmelitaniscalzi.com\/de\/2024\/04\/23\/nigeria-nationalversammlung-des-ocds\/","og_site_name":"UNBESCHUHTE KARMELITEN","article_publisher":"https:\/\/www.facebook.com\/Curia-Generalizia-Carmelitani-Scalzi-658766940887784\/","article_published_time":"2024-04-22T22:30:19+00:00","og_image":[{"width":1200,"height":800,"url":"https:\/\/www.carmelitaniscalzi.com\/wp-content\/uploads\/2024\/04\/cover_nigeria_03.2024.jpg","type":"image\/jpeg"}],"author":"ocd web master","twitter_card":"summary_large_image","twitter_creator":"@ocdcuria","twitter_site":"@ocdcuria","twitter_misc":{"Verfasst von":"ocd web master","Gesch\u00e4tzte Lesezeit":"1\u00a0Minute"},"schema":{"@context":"https:\/\/schema.org","@graph":[{"@type":"Article","@id":"https:\/\/www.carmelitaniscalzi.com\/de\/2024\/04\/23\/nigeria-nationalversammlung-des-ocds\/#article","isPartOf":{"@id":"https:\/\/www.carmelitaniscalzi.com\/de\/2024\/04\/23\/nigeria-nationalversammlung-des-ocds\/"},"author":{"name":"ocd web master","@id":"https:\/\/www.carmelitaniscalzi.com\/#\/schema\/person\/6d1c0d9bea7b6625c437246a5d6da409"},"headline":"Nigeria: Nationalversammlung des OCDS","datePublished":"2024-04-22T22:30:19+00:00","mainEntityOfPage":{"@id":"https:\/\/www.carmelitaniscalzi.com\/de\/2024\/04\/23\/nigeria-nationalversammlung-des-ocds\/"},"wordCount":175,"publisher":{"@id":"https:\/\/www.carmelitaniscalzi.com\/#organization"},"image":{"@id":"https:\/\/www.carmelitaniscalzi.com\/de\/2024\/04\/23\/nigeria-nationalversammlung-des-ocds\/#primaryimage"},"thumbnailUrl":"https:\/\/www.carmelitaniscalzi.com\/wp-content\/uploads\/2024\/04\/cover_nigeria_03.2024.jpg","articleSection":["Nachrichten OCDS","Nachrichten"],"inLanguage":"de"},{"@type":"WebPage","@id":"https:\/\/www.carmelitaniscalzi.com\/de\/2024\/04\/23\/nigeria-nationalversammlung-des-ocds\/","url":"https:\/\/www.carmelitaniscalzi.com\/de\/2024\/04\/23\/nigeria-nationalversammlung-des-ocds\/","name":"Nigeria: Nationalversammlung des OCDS - UNBESCHUHTE KARMELITEN","isPartOf":{"@id":"https:\/\/www.carmelitaniscalzi.com\/#website"},"primaryImageOfPage":{"@id":"https:\/\/www.carmelitaniscalzi.com\/de\/2024\/04\/23\/nigeria-nationalversammlung-des-ocds\/#primaryimage"},"image":{"@id":"https:\/\/www.carmelitaniscalzi.com\/de\/2024\/04\/23\/nigeria-nationalversammlung-des-ocds\/#primaryimage"},"thumbnailUrl":"https:\/\/www.carmelitaniscalzi.com\/wp-content\/uploads\/2024\/04\/cover_nigeria_03.2024.jpg","datePublished":"2024-04-22T22:30:19+00:00","breadcrumb":{"@id":"https:\/\/www.carmelitaniscalzi.com\/de\/2024\/04\/23\/nigeria-nationalversammlung-des-ocds\/#breadcrumb"},"inLanguage":"de","potentialAction":[{"@type":"ReadAction","target":["https:\/\/www.carmelitaniscalzi.com\/de\/2024\/04\/23\/nigeria-nationalversammlung-des-ocds\/"]}]},{"@type":"ImageObject","inLanguage":"de","@id":"https:\/\/www.carmelitaniscalzi.com\/de\/2024\/04\/23\/nigeria-nationalversammlung-des-ocds\/#primaryimage","url":"https:\/\/www.carmelitaniscalzi.com\/wp-content\/uploads\/2024\/04\/cover_nigeria_03.2024.jpg","contentUrl":"https:\/\/www.carmelitaniscalzi.com\/wp-content\/uploads\/2024\/04\/cover_nigeria_03.2024.jpg","width":1200,"height":800},{"@type":"BreadcrumbList","@id":"https:\/\/www.carmelitaniscalzi.com\/de\/2024\/04\/23\/nigeria-nationalversammlung-des-ocds\/#breadcrumb","itemListElement":[{"@type":"ListItem","position":1,"name":"Home","item":"https:\/\/www.carmelitaniscalzi.com\/de\/"},{"@type":"ListItem","position":2,"name":"Nigeria: Nationalversammlung des OCDS"}]},{"@type":"WebSite","@id":"https:\/\/www.carmelitaniscalzi.com\/#website","url":"https:\/\/www.carmelitaniscalzi.com\/","name":"CARMELITANI SCALZI - Curia Generale del Carmelo Teresiano","description":"Generalkurie des Teresianischen Karmel","publisher":{"@id":"https:\/\/www.carmelitaniscalzi.com\/#organization"},"alternateName":"CARMELITANI SCALZI","potentialAction":[{"@type":"SearchAction","target":{"@type":"EntryPoint","urlTemplate":"https:\/\/www.carmelitaniscalzi.com\/?s={search_term_string}"},"query-input":{"@type":"PropertyValueSpecification","valueRequired":true,"valueName":"search_term_string"}}],"inLanguage":"de"},{"@type":"Organization","@id":"https:\/\/www.carmelitaniscalzi.com\/#organization","name":"CARMELITANI SCALZI - Curia Generale del Carmelo Teresiano","url":"https:\/\/www.carmelitaniscalzi.com\/","logo":{"@type":"ImageObject","inLanguage":"de","@id":"https:\/\/www.carmelitaniscalzi.com\/#\/schema\/logo\/image\/","url":"https:\/\/www.carmelitaniscalzi.com\/wp-content\/uploads\/2025\/11\/login-logo.png","contentUrl":"https:\/\/www.carmelitaniscalzi.com\/wp-content\/uploads\/2025\/11\/login-logo.png","width":256,"height":256,"caption":"CARMELITANI SCALZI - Curia Generale del Carmelo Teresiano"},"image":{"@id":"https:\/\/www.carmelitaniscalzi.com\/#\/schema\/logo\/image\/"},"sameAs":["https:\/\/www.facebook.com\/Curia-Generalizia-Carmelitani-Scalzi-658766940887784\/","https:\/\/x.com\/ocdcuria","https:\/\/www.youtube.com\/channel\/UC2J5ZL0ycOY0qBSTCLX_NGQ\/videos","https:\/\/www.instagram.com\/ocdinform\/"]},{"@type":"Person","@id":"https:\/\/www.carmelitaniscalzi.com\/#\/schema\/person\/6d1c0d9bea7b6625c437246a5d6da409","name":"ocd web master","image":{"@type":"ImageObject","inLanguage":"de","@id":"https:\/\/www.carmelitaniscalzi.com\/#\/schema\/person\/image\/","url":"https:\/\/secure.gravatar.com\/avatar\/41fbc5f82bad909fbaf2984c43fa50d8519ac5853e25b454d022b6868f80d0e7?s=96&d=mm&r=g","contentUrl":"https:\/\/secure.gravatar.com\/avatar\/41fbc5f82bad909fbaf2984c43fa50d8519ac5853e25b454d022b6868f80d0e7?s=96&d=mm&r=g","caption":"ocd web master"},"url":"https:\/\/www.carmelitaniscalzi.com\/de\/author\/ocdwebmaster\/"}]}},"_links":{"self":[{"href":"https:\/\/www.carmelitaniscalzi.com\/de\/wp-json\/wp\/v2\/posts\/339454","targetHints":{"allow":["GET"]}}],"collection":[{"href":"https:\/\/www.carmelitaniscalzi.com\/de\/wp-json\/wp\/v2\/posts"}],"about":[{"href":"https:\/\/www.carmelitaniscalzi.com\/de\/wp-json\/wp\/v2\/types\/post"}],"author":[{"embeddable":true,"href":"https:\/\/www.carmelitaniscalzi.com\/de\/wp-json\/wp\/v2\/users\/7"}],"replies":[{"embeddable":true,"href":"https:\/\/www.carmelitaniscalzi.com\/de\/wp-json\/wp\/v2\/comments?post=339454"}],"version-history":[{"count":1,"href":"https:\/\/www.carmelitaniscalzi.com\/de\/wp-json\/wp\/v2\/posts\/339454\/revisions"}],"predecessor-version":[{"id":339455,"href":"https:\/\/www.carmelitaniscalzi.com\/de\/wp-json\/wp\/v2\/posts\/339454\/revisions\/339455"}],"wp:featuredmedia":[{"embeddable":true,"href":"https:\/\/www.carmelitaniscalzi.com\/de\/wp-json\/wp\/v2\/media\/330298"}],"wp:attachment":[{"href":"https:\/\/www.carmelitaniscalzi.com\/de\/wp-json\/wp\/v2\/media?parent=339454"}],"wp:term":[{"taxonomy":"category","embeddable":true,"href":"https:\/\/www.carmelitaniscalzi.com\/de\/wp-json\/wp\/v2\/categories?post=339454"},{"taxonomy":"post_tag","embeddable":true,"href":"https:\/\/www.carmelitaniscalzi.com\/de\/wp-json\/wp\/v2\/tags?post=339454"}],"curies":[{"name":"wp","href":"https:\/\/api.w.org\/{rel}","templated":true}]}}