{"id":300211,"date":"2023-12-26T00:30:49","date_gmt":"2023-12-25T23:30:49","guid":{"rendered":"https:\/\/www.carmelitaniscalzi.com\/?p=300211"},"modified":"2023-12-12T23:33:23","modified_gmt":"2023-12-12T22:33:23","slug":"nachrichten-aus-dem-kommissariat-san-jose-in-der-karibik","status":"publish","type":"post","link":"https:\/\/www.carmelitaniscalzi.com\/de\/2023\/12\/26\/nachrichten-aus-dem-kommissariat-san-jose-in-der-karibik\/","title":{"rendered":"Nachrichten aus dem Kommissariat San Jos\u00e9 in der Karibik"},"content":{"rendered":"<ol>\n<li>Die CICLA von Lateinamerika hat unser Kommissariat gebeten, das Zweite Noviziat 2023 in der Ausbildungsgemeinschaft San Jos\u00e9 de las Americas zu veranstalten. Wir haben 9 Studenten aus der CICLA und zwei Studenten aus der Provinz Washington zur Verbesserung der spanischen Sprache aufgenommen.<\/li>\n<li>Die Pfarreien Santiago de los Caballeros, Santa Teresa, San Juan de la Cruz und Las Mercedes beendeten den Monat Juli, den Monat Unserer Lieben Frau vom Berge Karmel, mit einer Wallfahrt zum Kloster der Karmelitinnen in Bani.<\/li>\n<li>Vom 31. Juli bis 4. August 2023 versammelten wir uns in der Casa de la Altagracia en las Am\u00e9ricas zu unseren \u00fcblichen Exerzitien. Begleitet wurden wir von P. Victor Manuel Henao aus der Provinz Kolumbien.<\/li>\n<li>Am Samstag, dem 5. August, feierten wir zusammen mit P. Victor Manuel Henao aus der Provinz Kolumbien das Treffen der Karmelitischen Familie in der Pfarrei St. Judas Thadd\u00e4us, wo wir des hundertsten Geburtstags der heiligen Therese vom Kinde Jesus gedachten.<\/li>\n<li>Treffen der Mitbr\u00fcder des Ausbildungskonventes in Las Americas und Etappe des zweiten Noviziats mit unseren Schwestern in Bani.<\/li>\n<\/ol>\n<p>&nbsp;<\/p>\n<div class=\"wpmf-gallerys wpmf-gallerys-life \" ><div id=\"gallery-1\"\n data-gutter-width=\"5\"\n  data-wpmfcolumns=\"6\" class=\"wpmf-gallery gallery-link-file gallery_life gallery-masonry gallery-columns-6 gallery-size-thumbnail wpmf-gallery-bottomspace-default wpmf-gallery-clear wpmf-has-border-radius-0 wpmf-gutterwidth-5\"><div class=\"wpmf-gallery-item\n     wpmf-gallery-item-position-0 wpmf-gallery-item-attachment-300026\" data-index=\"0\"><div class=\"wpmf-gallery-icon\"><a class=\" not_video noLightbox\" data-lightbox=\"1\" data-href=\"https:\/\/www.carmelitaniscalzi.com\/wp-content\/uploads\/2023\/12\/Caribe-1-1024x727.png\" title=\"Caribe 1\" target=\"_self\" data-index=\"0\"><img decoding=\"async\" class=\"wpmf_img\" alt=\"Caribe 1\" src=\"https:\/\/www.carmelitaniscalzi.com\/wp-content\/uploads\/2023\/12\/Caribe-1-150x150.png\" data-type=\"wpmfgalleryimg\" data-lazy-src=\"https:\/\/www.carmelitaniscalzi.com\/wp-content\/uploads\/2023\/12\/Caribe-1-150x150.png\"><\/a><\/div><\/div><div class=\"wpmf-gallery-item\n     wpmf-gallery-item-position-1 wpmf-gallery-item-attachment-300080\" data-index=\"1\"><div class=\"wpmf-gallery-icon\"><a class=\" not_video noLightbox\" data-lightbox=\"1\" data-href=\"https:\/\/www.carmelitaniscalzi.com\/wp-content\/uploads\/2023\/12\/Caribe-10-1024x615.jpg\" title=\"Caribe 10\" target=\"_self\" data-index=\"1\"><img decoding=\"async\" class=\"wpmf_img\" alt=\"Caribe 10\" src=\"https:\/\/www.carmelitaniscalzi.com\/wp-content\/uploads\/2023\/12\/Caribe-10-150x150.jpg\" data-type=\"wpmfgalleryimg\" data-lazy-src=\"https:\/\/www.carmelitaniscalzi.com\/wp-content\/uploads\/2023\/12\/Caribe-10-150x150.jpg\"><\/a><\/div><\/div><div class=\"wpmf-gallery-item\n     wpmf-gallery-item-position-2 wpmf-gallery-item-attachment-300074\" data-index=\"2\"><div class=\"wpmf-gallery-icon\"><a class=\" not_video noLightbox\" data-lightbox=\"1\" data-href=\"https:\/\/www.carmelitaniscalzi.com\/wp-content\/uploads\/2023\/12\/Caribe-9-1024x531.jpg\" title=\"Caribe 9\" target=\"_self\" data-index=\"2\"><img decoding=\"async\" class=\"wpmf_img\" alt=\"Caribe 9\" src=\"https:\/\/www.carmelitaniscalzi.com\/wp-content\/uploads\/2023\/12\/Caribe-9-150x150.jpg\" data-type=\"wpmfgalleryimg\" data-lazy-src=\"https:\/\/www.carmelitaniscalzi.com\/wp-content\/uploads\/2023\/12\/Caribe-9-150x150.jpg\"><\/a><\/div><\/div><div class=\"wpmf-gallery-item\n     wpmf-gallery-item-position-3 wpmf-gallery-item-attachment-300068\" data-index=\"3\"><div class=\"wpmf-gallery-icon\"><a class=\" not_video noLightbox\" data-lightbox=\"1\" data-href=\"https:\/\/www.carmelitaniscalzi.com\/wp-content\/uploads\/2023\/12\/Caribe-8-1024x532.jpg\" title=\"Caribe 8\" target=\"_self\" data-index=\"3\"><img decoding=\"async\" class=\"wpmf_img\" alt=\"Caribe 8\" src=\"https:\/\/www.carmelitaniscalzi.com\/wp-content\/uploads\/2023\/12\/Caribe-8-150x150.jpg\" data-type=\"wpmfgalleryimg\" data-lazy-src=\"https:\/\/www.carmelitaniscalzi.com\/wp-content\/uploads\/2023\/12\/Caribe-8-150x150.jpg\"><\/a><\/div><\/div><div class=\"wpmf-gallery-item\n     wpmf-gallery-item-position-4 wpmf-gallery-item-attachment-300062\" data-index=\"4\"><div class=\"wpmf-gallery-icon\"><a class=\" not_video noLightbox\" data-lightbox=\"1\" data-href=\"https:\/\/www.carmelitaniscalzi.com\/wp-content\/uploads\/2023\/12\/Caribe-7.jpg\" title=\"Caribe 7\" target=\"_self\" data-index=\"4\"><img decoding=\"async\" class=\"wpmf_img\" alt=\"Caribe 7\" src=\"https:\/\/www.carmelitaniscalzi.com\/wp-content\/uploads\/2023\/12\/Caribe-7-150x150.jpg\" data-type=\"wpmfgalleryimg\" data-lazy-src=\"https:\/\/www.carmelitaniscalzi.com\/wp-content\/uploads\/2023\/12\/Caribe-7-150x150.jpg\"><\/a><\/div><\/div><div class=\"wpmf-gallery-item\n     wpmf-gallery-item-position-5 wpmf-gallery-item-attachment-300056\" data-index=\"5\"><div class=\"wpmf-gallery-icon\"><a class=\" not_video noLightbox\" data-lightbox=\"1\" data-href=\"https:\/\/www.carmelitaniscalzi.com\/wp-content\/uploads\/2023\/12\/Caribe-6-1024x486.jpg\" title=\"Caribe 6\" target=\"_self\" data-index=\"5\"><img decoding=\"async\" class=\"wpmf_img\" alt=\"Caribe 6\" src=\"https:\/\/www.carmelitaniscalzi.com\/wp-content\/uploads\/2023\/12\/Caribe-6-150x150.jpg\" data-type=\"wpmfgalleryimg\" data-lazy-src=\"https:\/\/www.carmelitaniscalzi.com\/wp-content\/uploads\/2023\/12\/Caribe-6-150x150.jpg\"><\/a><\/div><\/div><div class=\"wpmf-gallery-item\n     wpmf-gallery-item-position-6 wpmf-gallery-item-attachment-300050\" data-index=\"6\"><div class=\"wpmf-gallery-icon\"><a class=\" not_video noLightbox\" data-lightbox=\"1\" data-href=\"https:\/\/www.carmelitaniscalzi.com\/wp-content\/uploads\/2023\/12\/Caribe-5-850x1024.jpg\" title=\"Caribe 5\" target=\"_self\" data-index=\"6\"><img decoding=\"async\" class=\"wpmf_img\" alt=\"Caribe 5\" src=\"https:\/\/www.carmelitaniscalzi.com\/wp-content\/uploads\/2023\/12\/Caribe-5-150x150.jpg\" data-type=\"wpmfgalleryimg\" data-lazy-src=\"https:\/\/www.carmelitaniscalzi.com\/wp-content\/uploads\/2023\/12\/Caribe-5-150x150.jpg\"><\/a><\/div><\/div><div class=\"wpmf-gallery-item\n     wpmf-gallery-item-position-7 wpmf-gallery-item-attachment-300044\" data-index=\"7\"><div class=\"wpmf-gallery-icon\"><a class=\" not_video noLightbox\" data-lightbox=\"1\" data-href=\"https:\/\/www.carmelitaniscalzi.com\/wp-content\/uploads\/2023\/12\/Caribe-4-1024x536.jpg\" title=\"Caribe 4\" target=\"_self\" data-index=\"7\"><img decoding=\"async\" class=\"wpmf_img\" alt=\"Caribe 4\" src=\"https:\/\/www.carmelitaniscalzi.com\/wp-content\/uploads\/2023\/12\/Caribe-4-150x150.jpg\" data-type=\"wpmfgalleryimg\" data-lazy-src=\"https:\/\/www.carmelitaniscalzi.com\/wp-content\/uploads\/2023\/12\/Caribe-4-150x150.jpg\"><\/a><\/div><\/div><div class=\"wpmf-gallery-item\n     wpmf-gallery-item-position-8 wpmf-gallery-item-attachment-300038\" data-index=\"8\"><div class=\"wpmf-gallery-icon\"><a class=\" not_video noLightbox\" data-lightbox=\"1\" data-href=\"https:\/\/www.carmelitaniscalzi.com\/wp-content\/uploads\/2023\/12\/Caribe-3-1024x760.jpg\" title=\"Caribe 3\" target=\"_self\" data-index=\"8\"><img decoding=\"async\" class=\"wpmf_img\" alt=\"Caribe 3\" src=\"https:\/\/www.carmelitaniscalzi.com\/wp-content\/uploads\/2023\/12\/Caribe-3-150x150.jpg\" data-type=\"wpmfgalleryimg\" data-lazy-src=\"https:\/\/www.carmelitaniscalzi.com\/wp-content\/uploads\/2023\/12\/Caribe-3-150x150.jpg\"><\/a><\/div><\/div><div class=\"wpmf-gallery-item\n     wpmf-gallery-item-position-9 wpmf-gallery-item-attachment-300032\" data-index=\"9\"><div class=\"wpmf-gallery-icon\"><a class=\" not_video noLightbox\" data-lightbox=\"1\" data-href=\"https:\/\/www.carmelitaniscalzi.com\/wp-content\/uploads\/2023\/12\/Caribe-2-1024x757.jpg\" title=\"Caribe 2\" target=\"_self\" data-index=\"9\"><img decoding=\"async\" class=\"wpmf_img\" alt=\"Caribe 2\" src=\"https:\/\/www.carmelitaniscalzi.com\/wp-content\/uploads\/2023\/12\/Caribe-2-150x150.jpg\" data-type=\"wpmfgalleryimg\" data-lazy-src=\"https:\/\/www.carmelitaniscalzi.com\/wp-content\/uploads\/2023\/12\/Caribe-2-150x150.jpg\"><\/a><\/div><\/div><div class=\"wpmf-gallery-item\n     wpmf-gallery-item-position-10 wpmf-gallery-item-attachment-300086\" data-index=\"10\"><div class=\"wpmf-gallery-icon\"><a class=\" not_video noLightbox\" data-lightbox=\"1\" data-href=\"https:\/\/www.carmelitaniscalzi.com\/wp-content\/uploads\/2023\/12\/Caribe-11-1024x566.jpg\" title=\"Caribe 11\" target=\"_self\" data-index=\"10\"><img decoding=\"async\" class=\"wpmf_img\" alt=\"Caribe 11\" src=\"https:\/\/www.carmelitaniscalzi.com\/wp-content\/uploads\/2023\/12\/Caribe-11-150x150.jpg\" data-type=\"wpmfgalleryimg\" data-lazy-src=\"https:\/\/www.carmelitaniscalzi.com\/wp-content\/uploads\/2023\/12\/Caribe-11-150x150.jpg\"><\/a><\/div><\/div><\/div><\/div>\n\n<p>&nbsp;<\/p>\n","protected":false},"excerpt":{"rendered":"<p>Die CICLA von Lateinamerika hat unser Kommissariat gebeten, das Zweite Noviziat 2023 in der Ausbildungsgemeinschaft San Jos\u00e9 de las Americas zu veranstalten. Wir haben 9 Studenten aus der CICLA und zwei Studenten aus der Provinz Washington zur Verbesserung der spanischen Sprache aufgenommen. Die Pfarreien Santiago de los Caballeros, Santa Teresa, San Juan de la Cruz [&hellip;]<\/p>\n","protected":false},"author":7,"featured_media":300092,"comment_status":"closed","ping_status":"open","sticky":false,"template":"","format":"standard","meta":{"_acf_changed":false,"footnotes":""},"categories":[214,218,371],"tags":[],"class_list":["post-300211","post","type-post","status-publish","format-standard","has-post-thumbnail","hentry","category-nachrichten-ueber-schwestern","category-nachrichten-ueber-brueder","category-nachrichten"],"acf":[],"yoast_head":"<!-- This site is optimized with the Yoast SEO plugin v26.3 - https:\/\/yoast.com\/wordpress\/plugins\/seo\/ -->\n<title>Nachrichten aus dem Kommissariat San Jos\u00e9 in der Karibik - UNBESCHUHTE KARMELITEN<\/title>\n<meta name=\"robots\" content=\"index, follow, max-snippet:-1, max-image-preview:large, max-video-preview:-1\" \/>\n<link rel=\"canonical\" href=\"https:\/\/www.carmelitaniscalzi.com\/de\/2023\/12\/26\/nachrichten-aus-dem-kommissariat-san-jose-in-der-karibik\/\" \/>\n<meta property=\"og:locale\" content=\"de_DE\" \/>\n<meta property=\"og:type\" content=\"article\" \/>\n<meta property=\"og:title\" content=\"Nachrichten aus dem Kommissariat San Jos\u00e9 in der Karibik - UNBESCHUHTE KARMELITEN\" \/>\n<meta property=\"og:description\" content=\"Die CICLA von Lateinamerika hat unser Kommissariat gebeten, das Zweite Noviziat 2023 in der Ausbildungsgemeinschaft San Jos\u00e9 de las Americas zu veranstalten. Wir haben 9 Studenten aus der CICLA und zwei Studenten aus der Provinz Washington zur Verbesserung der spanischen Sprache aufgenommen. Die Pfarreien Santiago de los Caballeros, Santa Teresa, San Juan de la Cruz [&hellip;]\" \/>\n<meta property=\"og:url\" content=\"https:\/\/www.carmelitaniscalzi.com\/de\/2023\/12\/26\/nachrichten-aus-dem-kommissariat-san-jose-in-der-karibik\/\" \/>\n<meta property=\"og:site_name\" content=\"UNBESCHUHTE KARMELITEN\" \/>\n<meta property=\"article:publisher\" content=\"https:\/\/www.facebook.com\/Curia-Generalizia-Carmelitani-Scalzi-658766940887784\/\" \/>\n<meta property=\"article:published_time\" content=\"2023-12-25T23:30:49+00:00\" \/>\n<meta property=\"og:image\" content=\"https:\/\/www.carmelitaniscalzi.com\/wp-content\/uploads\/2023\/12\/cover_caribe_12.2023.jpg\" \/>\n\t<meta property=\"og:image:width\" content=\"1200\" \/>\n\t<meta property=\"og:image:height\" content=\"800\" \/>\n\t<meta property=\"og:image:type\" content=\"image\/jpeg\" \/>\n<meta name=\"author\" content=\"ocd web master\" \/>\n<meta name=\"twitter:card\" content=\"summary_large_image\" \/>\n<meta name=\"twitter:creator\" content=\"@ocdcuria\" \/>\n<meta name=\"twitter:site\" content=\"@ocdcuria\" \/>\n<meta name=\"twitter:label1\" content=\"Verfasst von\" \/>\n\t<meta name=\"twitter:data1\" content=\"ocd web master\" \/>\n\t<meta name=\"twitter:label2\" content=\"Gesch\u00e4tzte Lesezeit\" \/>\n\t<meta name=\"twitter:data2\" content=\"1\u00a0Minute\" \/>\n<script type=\"application\/ld+json\" class=\"yoast-schema-graph\">{\"@context\":\"https:\/\/schema.org\",\"@graph\":[{\"@type\":\"Article\",\"@id\":\"https:\/\/www.carmelitaniscalzi.com\/de\/2023\/12\/26\/nachrichten-aus-dem-kommissariat-san-jose-in-der-karibik\/#article\",\"isPartOf\":{\"@id\":\"https:\/\/www.carmelitaniscalzi.com\/de\/2023\/12\/26\/nachrichten-aus-dem-kommissariat-san-jose-in-der-karibik\/\"},\"author\":{\"name\":\"ocd web master\",\"@id\":\"https:\/\/www.carmelitaniscalzi.com\/#\/schema\/person\/6d1c0d9bea7b6625c437246a5d6da409\"},\"headline\":\"Nachrichten aus dem Kommissariat San Jos\u00e9 in der Karibik\",\"datePublished\":\"2023-12-25T23:30:49+00:00\",\"mainEntityOfPage\":{\"@id\":\"https:\/\/www.carmelitaniscalzi.com\/de\/2023\/12\/26\/nachrichten-aus-dem-kommissariat-san-jose-in-der-karibik\/\"},\"wordCount\":190,\"publisher\":{\"@id\":\"https:\/\/www.carmelitaniscalzi.com\/#organization\"},\"image\":{\"@id\":\"https:\/\/www.carmelitaniscalzi.com\/de\/2023\/12\/26\/nachrichten-aus-dem-kommissariat-san-jose-in-der-karibik\/#primaryimage\"},\"thumbnailUrl\":\"https:\/\/www.carmelitaniscalzi.com\/wp-content\/uploads\/2023\/12\/cover_caribe_12.2023.jpg\",\"articleSection\":[\"Nachrichten \u00fcber Schwestern\",\"Nachrichten \u00fcber Br\u00fcder\",\"Nachrichten\"],\"inLanguage\":\"de\"},{\"@type\":\"WebPage\",\"@id\":\"https:\/\/www.carmelitaniscalzi.com\/de\/2023\/12\/26\/nachrichten-aus-dem-kommissariat-san-jose-in-der-karibik\/\",\"url\":\"https:\/\/www.carmelitaniscalzi.com\/de\/2023\/12\/26\/nachrichten-aus-dem-kommissariat-san-jose-in-der-karibik\/\",\"name\":\"Nachrichten aus dem Kommissariat San Jos\u00e9 in der Karibik - UNBESCHUHTE KARMELITEN\",\"isPartOf\":{\"@id\":\"https:\/\/www.carmelitaniscalzi.com\/#website\"},\"primaryImageOfPage\":{\"@id\":\"https:\/\/www.carmelitaniscalzi.com\/de\/2023\/12\/26\/nachrichten-aus-dem-kommissariat-san-jose-in-der-karibik\/#primaryimage\"},\"image\":{\"@id\":\"https:\/\/www.carmelitaniscalzi.com\/de\/2023\/12\/26\/nachrichten-aus-dem-kommissariat-san-jose-in-der-karibik\/#primaryimage\"},\"thumbnailUrl\":\"https:\/\/www.carmelitaniscalzi.com\/wp-content\/uploads\/2023\/12\/cover_caribe_12.2023.jpg\",\"datePublished\":\"2023-12-25T23:30:49+00:00\",\"breadcrumb\":{\"@id\":\"https:\/\/www.carmelitaniscalzi.com\/de\/2023\/12\/26\/nachrichten-aus-dem-kommissariat-san-jose-in-der-karibik\/#breadcrumb\"},\"inLanguage\":\"de\",\"potentialAction\":[{\"@type\":\"ReadAction\",\"target\":[\"https:\/\/www.carmelitaniscalzi.com\/de\/2023\/12\/26\/nachrichten-aus-dem-kommissariat-san-jose-in-der-karibik\/\"]}]},{\"@type\":\"ImageObject\",\"inLanguage\":\"de\",\"@id\":\"https:\/\/www.carmelitaniscalzi.com\/de\/2023\/12\/26\/nachrichten-aus-dem-kommissariat-san-jose-in-der-karibik\/#primaryimage\",\"url\":\"https:\/\/www.carmelitaniscalzi.com\/wp-content\/uploads\/2023\/12\/cover_caribe_12.2023.jpg\",\"contentUrl\":\"https:\/\/www.carmelitaniscalzi.com\/wp-content\/uploads\/2023\/12\/cover_caribe_12.2023.jpg\",\"width\":1200,\"height\":800},{\"@type\":\"BreadcrumbList\",\"@id\":\"https:\/\/www.carmelitaniscalzi.com\/de\/2023\/12\/26\/nachrichten-aus-dem-kommissariat-san-jose-in-der-karibik\/#breadcrumb\",\"itemListElement\":[{\"@type\":\"ListItem\",\"position\":1,\"name\":\"Home\",\"item\":\"https:\/\/www.carmelitaniscalzi.com\/de\/\"},{\"@type\":\"ListItem\",\"position\":2,\"name\":\"Nachrichten aus dem Kommissariat San Jos\u00e9 in der Karibik\"}]},{\"@type\":\"WebSite\",\"@id\":\"https:\/\/www.carmelitaniscalzi.com\/#website\",\"url\":\"https:\/\/www.carmelitaniscalzi.com\/\",\"name\":\"CARMELITANI SCALZI - Curia Generale del Carmelo Teresiano\",\"description\":\"Generalkurie des Teresianischen Karmel\",\"publisher\":{\"@id\":\"https:\/\/www.carmelitaniscalzi.com\/#organization\"},\"alternateName\":\"CARMELITANI SCALZI\",\"potentialAction\":[{\"@type\":\"SearchAction\",\"target\":{\"@type\":\"EntryPoint\",\"urlTemplate\":\"https:\/\/www.carmelitaniscalzi.com\/?s={search_term_string}\"},\"query-input\":{\"@type\":\"PropertyValueSpecification\",\"valueRequired\":true,\"valueName\":\"search_term_string\"}}],\"inLanguage\":\"de\"},{\"@type\":\"Organization\",\"@id\":\"https:\/\/www.carmelitaniscalzi.com\/#organization\",\"name\":\"CARMELITANI SCALZI - Curia Generale del Carmelo Teresiano\",\"url\":\"https:\/\/www.carmelitaniscalzi.com\/\",\"logo\":{\"@type\":\"ImageObject\",\"inLanguage\":\"de\",\"@id\":\"https:\/\/www.carmelitaniscalzi.com\/#\/schema\/logo\/image\/\",\"url\":\"https:\/\/www.carmelitaniscalzi.com\/wp-content\/uploads\/2025\/11\/login-logo.png\",\"contentUrl\":\"https:\/\/www.carmelitaniscalzi.com\/wp-content\/uploads\/2025\/11\/login-logo.png\",\"width\":256,\"height\":256,\"caption\":\"CARMELITANI SCALZI - Curia Generale del Carmelo Teresiano\"},\"image\":{\"@id\":\"https:\/\/www.carmelitaniscalzi.com\/#\/schema\/logo\/image\/\"},\"sameAs\":[\"https:\/\/www.facebook.com\/Curia-Generalizia-Carmelitani-Scalzi-658766940887784\/\",\"https:\/\/x.com\/ocdcuria\",\"https:\/\/www.youtube.com\/channel\/UC2J5ZL0ycOY0qBSTCLX_NGQ\/videos\",\"https:\/\/www.instagram.com\/ocdinform\/\"]},{\"@type\":\"Person\",\"@id\":\"https:\/\/www.carmelitaniscalzi.com\/#\/schema\/person\/6d1c0d9bea7b6625c437246a5d6da409\",\"name\":\"ocd web master\",\"image\":{\"@type\":\"ImageObject\",\"inLanguage\":\"de\",\"@id\":\"https:\/\/www.carmelitaniscalzi.com\/#\/schema\/person\/image\/\",\"url\":\"https:\/\/secure.gravatar.com\/avatar\/41fbc5f82bad909fbaf2984c43fa50d8519ac5853e25b454d022b6868f80d0e7?s=96&d=mm&r=g\",\"contentUrl\":\"https:\/\/secure.gravatar.com\/avatar\/41fbc5f82bad909fbaf2984c43fa50d8519ac5853e25b454d022b6868f80d0e7?s=96&d=mm&r=g\",\"caption\":\"ocd web master\"},\"url\":\"https:\/\/www.carmelitaniscalzi.com\/de\/author\/ocdwebmaster\/\"}]}<\/script>\n<!-- \/ Yoast SEO plugin. -->","yoast_head_json":{"title":"Nachrichten aus dem Kommissariat San Jos\u00e9 in der Karibik - UNBESCHUHTE KARMELITEN","robots":{"index":"index","follow":"follow","max-snippet":"max-snippet:-1","max-image-preview":"max-image-preview:large","max-video-preview":"max-video-preview:-1"},"canonical":"https:\/\/www.carmelitaniscalzi.com\/de\/2023\/12\/26\/nachrichten-aus-dem-kommissariat-san-jose-in-der-karibik\/","og_locale":"de_DE","og_type":"article","og_title":"Nachrichten aus dem Kommissariat San Jos\u00e9 in der Karibik - UNBESCHUHTE KARMELITEN","og_description":"Die CICLA von Lateinamerika hat unser Kommissariat gebeten, das Zweite Noviziat 2023 in der Ausbildungsgemeinschaft San Jos\u00e9 de las Americas zu veranstalten. Wir haben 9 Studenten aus der CICLA und zwei Studenten aus der Provinz Washington zur Verbesserung der spanischen Sprache aufgenommen. Die Pfarreien Santiago de los Caballeros, Santa Teresa, San Juan de la Cruz [&hellip;]","og_url":"https:\/\/www.carmelitaniscalzi.com\/de\/2023\/12\/26\/nachrichten-aus-dem-kommissariat-san-jose-in-der-karibik\/","og_site_name":"UNBESCHUHTE KARMELITEN","article_publisher":"https:\/\/www.facebook.com\/Curia-Generalizia-Carmelitani-Scalzi-658766940887784\/","article_published_time":"2023-12-25T23:30:49+00:00","og_image":[{"width":1200,"height":800,"url":"https:\/\/www.carmelitaniscalzi.com\/wp-content\/uploads\/2023\/12\/cover_caribe_12.2023.jpg","type":"image\/jpeg"}],"author":"ocd web master","twitter_card":"summary_large_image","twitter_creator":"@ocdcuria","twitter_site":"@ocdcuria","twitter_misc":{"Verfasst von":"ocd web master","Gesch\u00e4tzte Lesezeit":"1\u00a0Minute"},"schema":{"@context":"https:\/\/schema.org","@graph":[{"@type":"Article","@id":"https:\/\/www.carmelitaniscalzi.com\/de\/2023\/12\/26\/nachrichten-aus-dem-kommissariat-san-jose-in-der-karibik\/#article","isPartOf":{"@id":"https:\/\/www.carmelitaniscalzi.com\/de\/2023\/12\/26\/nachrichten-aus-dem-kommissariat-san-jose-in-der-karibik\/"},"author":{"name":"ocd web master","@id":"https:\/\/www.carmelitaniscalzi.com\/#\/schema\/person\/6d1c0d9bea7b6625c437246a5d6da409"},"headline":"Nachrichten aus dem Kommissariat San Jos\u00e9 in der Karibik","datePublished":"2023-12-25T23:30:49+00:00","mainEntityOfPage":{"@id":"https:\/\/www.carmelitaniscalzi.com\/de\/2023\/12\/26\/nachrichten-aus-dem-kommissariat-san-jose-in-der-karibik\/"},"wordCount":190,"publisher":{"@id":"https:\/\/www.carmelitaniscalzi.com\/#organization"},"image":{"@id":"https:\/\/www.carmelitaniscalzi.com\/de\/2023\/12\/26\/nachrichten-aus-dem-kommissariat-san-jose-in-der-karibik\/#primaryimage"},"thumbnailUrl":"https:\/\/www.carmelitaniscalzi.com\/wp-content\/uploads\/2023\/12\/cover_caribe_12.2023.jpg","articleSection":["Nachrichten \u00fcber Schwestern","Nachrichten \u00fcber Br\u00fcder","Nachrichten"],"inLanguage":"de"},{"@type":"WebPage","@id":"https:\/\/www.carmelitaniscalzi.com\/de\/2023\/12\/26\/nachrichten-aus-dem-kommissariat-san-jose-in-der-karibik\/","url":"https:\/\/www.carmelitaniscalzi.com\/de\/2023\/12\/26\/nachrichten-aus-dem-kommissariat-san-jose-in-der-karibik\/","name":"Nachrichten aus dem Kommissariat San Jos\u00e9 in der Karibik - UNBESCHUHTE KARMELITEN","isPartOf":{"@id":"https:\/\/www.carmelitaniscalzi.com\/#website"},"primaryImageOfPage":{"@id":"https:\/\/www.carmelitaniscalzi.com\/de\/2023\/12\/26\/nachrichten-aus-dem-kommissariat-san-jose-in-der-karibik\/#primaryimage"},"image":{"@id":"https:\/\/www.carmelitaniscalzi.com\/de\/2023\/12\/26\/nachrichten-aus-dem-kommissariat-san-jose-in-der-karibik\/#primaryimage"},"thumbnailUrl":"https:\/\/www.carmelitaniscalzi.com\/wp-content\/uploads\/2023\/12\/cover_caribe_12.2023.jpg","datePublished":"2023-12-25T23:30:49+00:00","breadcrumb":{"@id":"https:\/\/www.carmelitaniscalzi.com\/de\/2023\/12\/26\/nachrichten-aus-dem-kommissariat-san-jose-in-der-karibik\/#breadcrumb"},"inLanguage":"de","potentialAction":[{"@type":"ReadAction","target":["https:\/\/www.carmelitaniscalzi.com\/de\/2023\/12\/26\/nachrichten-aus-dem-kommissariat-san-jose-in-der-karibik\/"]}]},{"@type":"ImageObject","inLanguage":"de","@id":"https:\/\/www.carmelitaniscalzi.com\/de\/2023\/12\/26\/nachrichten-aus-dem-kommissariat-san-jose-in-der-karibik\/#primaryimage","url":"https:\/\/www.carmelitaniscalzi.com\/wp-content\/uploads\/2023\/12\/cover_caribe_12.2023.jpg","contentUrl":"https:\/\/www.carmelitaniscalzi.com\/wp-content\/uploads\/2023\/12\/cover_caribe_12.2023.jpg","width":1200,"height":800},{"@type":"BreadcrumbList","@id":"https:\/\/www.carmelitaniscalzi.com\/de\/2023\/12\/26\/nachrichten-aus-dem-kommissariat-san-jose-in-der-karibik\/#breadcrumb","itemListElement":[{"@type":"ListItem","position":1,"name":"Home","item":"https:\/\/www.carmelitaniscalzi.com\/de\/"},{"@type":"ListItem","position":2,"name":"Nachrichten aus dem Kommissariat San Jos\u00e9 in der Karibik"}]},{"@type":"WebSite","@id":"https:\/\/www.carmelitaniscalzi.com\/#website","url":"https:\/\/www.carmelitaniscalzi.com\/","name":"CARMELITANI SCALZI - Curia Generale del Carmelo Teresiano","description":"Generalkurie des Teresianischen Karmel","publisher":{"@id":"https:\/\/www.carmelitaniscalzi.com\/#organization"},"alternateName":"CARMELITANI SCALZI","potentialAction":[{"@type":"SearchAction","target":{"@type":"EntryPoint","urlTemplate":"https:\/\/www.carmelitaniscalzi.com\/?s={search_term_string}"},"query-input":{"@type":"PropertyValueSpecification","valueRequired":true,"valueName":"search_term_string"}}],"inLanguage":"de"},{"@type":"Organization","@id":"https:\/\/www.carmelitaniscalzi.com\/#organization","name":"CARMELITANI SCALZI - Curia Generale del Carmelo Teresiano","url":"https:\/\/www.carmelitaniscalzi.com\/","logo":{"@type":"ImageObject","inLanguage":"de","@id":"https:\/\/www.carmelitaniscalzi.com\/#\/schema\/logo\/image\/","url":"https:\/\/www.carmelitaniscalzi.com\/wp-content\/uploads\/2025\/11\/login-logo.png","contentUrl":"https:\/\/www.carmelitaniscalzi.com\/wp-content\/uploads\/2025\/11\/login-logo.png","width":256,"height":256,"caption":"CARMELITANI SCALZI - Curia Generale del Carmelo Teresiano"},"image":{"@id":"https:\/\/www.carmelitaniscalzi.com\/#\/schema\/logo\/image\/"},"sameAs":["https:\/\/www.facebook.com\/Curia-Generalizia-Carmelitani-Scalzi-658766940887784\/","https:\/\/x.com\/ocdcuria","https:\/\/www.youtube.com\/channel\/UC2J5ZL0ycOY0qBSTCLX_NGQ\/videos","https:\/\/www.instagram.com\/ocdinform\/"]},{"@type":"Person","@id":"https:\/\/www.carmelitaniscalzi.com\/#\/schema\/person\/6d1c0d9bea7b6625c437246a5d6da409","name":"ocd web master","image":{"@type":"ImageObject","inLanguage":"de","@id":"https:\/\/www.carmelitaniscalzi.com\/#\/schema\/person\/image\/","url":"https:\/\/secure.gravatar.com\/avatar\/41fbc5f82bad909fbaf2984c43fa50d8519ac5853e25b454d022b6868f80d0e7?s=96&d=mm&r=g","contentUrl":"https:\/\/secure.gravatar.com\/avatar\/41fbc5f82bad909fbaf2984c43fa50d8519ac5853e25b454d022b6868f80d0e7?s=96&d=mm&r=g","caption":"ocd web master"},"url":"https:\/\/www.carmelitaniscalzi.com\/de\/author\/ocdwebmaster\/"}]}},"_links":{"self":[{"href":"https:\/\/www.carmelitaniscalzi.com\/de\/wp-json\/wp\/v2\/posts\/300211","targetHints":{"allow":["GET"]}}],"collection":[{"href":"https:\/\/www.carmelitaniscalzi.com\/de\/wp-json\/wp\/v2\/posts"}],"about":[{"href":"https:\/\/www.carmelitaniscalzi.com\/de\/wp-json\/wp\/v2\/types\/post"}],"author":[{"embeddable":true,"href":"https:\/\/www.carmelitaniscalzi.com\/de\/wp-json\/wp\/v2\/users\/7"}],"replies":[{"embeddable":true,"href":"https:\/\/www.carmelitaniscalzi.com\/de\/wp-json\/wp\/v2\/comments?post=300211"}],"version-history":[{"count":1,"href":"https:\/\/www.carmelitaniscalzi.com\/de\/wp-json\/wp\/v2\/posts\/300211\/revisions"}],"predecessor-version":[{"id":300212,"href":"https:\/\/www.carmelitaniscalzi.com\/de\/wp-json\/wp\/v2\/posts\/300211\/revisions\/300212"}],"wp:featuredmedia":[{"embeddable":true,"href":"https:\/\/www.carmelitaniscalzi.com\/de\/wp-json\/wp\/v2\/media\/300092"}],"wp:attachment":[{"href":"https:\/\/www.carmelitaniscalzi.com\/de\/wp-json\/wp\/v2\/media?parent=300211"}],"wp:term":[{"taxonomy":"category","embeddable":true,"href":"https:\/\/www.carmelitaniscalzi.com\/de\/wp-json\/wp\/v2\/categories?post=300211"},{"taxonomy":"post_tag","embeddable":true,"href":"https:\/\/www.carmelitaniscalzi.com\/de\/wp-json\/wp\/v2\/tags?post=300211"}],"curies":[{"name":"wp","href":"https:\/\/api.w.org\/{rel}","templated":true}]}}